{"id":5461,"date":"2026-01-06T09:52:40","date_gmt":"2026-01-06T12:52:40","guid":{"rendered":"https:\/\/sudoesteacontece.com.br\/?p=5461"},"modified":"2026-01-06T09:52:42","modified_gmt":"2026-01-06T12:52:42","slug":"educacao-define-calendario-de-matriculas-da-rede-municipal-de-brumado-para-2026","status":"publish","type":"post","link":"https:\/\/sudoesteacontece.com.br\/?p=5461","title":{"rendered":"Educa\u00e7\u00e3o define calend\u00e1rio de matr\u00edculas da rede municipal de Brumado para 2026"},"content":{"rendered":"<div class=\"wp-block-image\">\n<figure class=\"aligncenter size-full\"><img fetchpriority=\"high\" decoding=\"async\" width=\"900\" height=\"600\" src=\"http:\/\/sudoesteacontece.com.br\/wp-content\/uploads\/2026\/01\/Educacao-define-calendario-de-matriculas-da-rede-municipal-de-Brumado-para-2026-sudoeste-acontece.jpg\" alt=\"\" class=\"wp-image-5484\" srcset=\"https:\/\/sudoesteacontece.com.br\/wp-content\/uploads\/2026\/01\/Educacao-define-calendario-de-matriculas-da-rede-municipal-de-Brumado-para-2026-sudoeste-acontece.jpg 900w, https:\/\/sudoesteacontece.com.br\/wp-content\/uploads\/2026\/01\/Educacao-define-calendario-de-matriculas-da-rede-municipal-de-Brumado-para-2026-sudoeste-acontece-300x200.jpg 300w, https:\/\/sudoesteacontece.com.br\/wp-content\/uploads\/2026\/01\/Educacao-define-calendario-de-matriculas-da-rede-municipal-de-Brumado-para-2026-sudoeste-acontece-768x512.jpg 768w\" sizes=\"(max-width: 900px) 100vw, 900px\" \/><\/figure>\n<\/div>\n\n\n<p>Prefeitura de Brumado divulgou o calend\u00e1rio oficial de matr\u00edculas da rede municipal para o ano letivo de 2026. A Secretaria Municipal de Educa\u00e7\u00e3o informou que o cronograma contempla escolas da sede e da zona rural, com etapas de renova\u00e7\u00e3o, balan\u00e7o de vagas, inscri\u00e7\u00f5es, sorteio eletr\u00f4nico e in\u00edcio das matr\u00edculas para novos alunos.<\/p>\n\n\n\n<p>Conforme o cronograma, a renova\u00e7\u00e3o de matr\u00edcula ocorre nos dias 12 e 13 de janeiro, tanto na sede quanto na zona rural. Na sequ\u00eancia, a Secretaria realiza, no dia 14, o balan\u00e7o de vagas por turma e por unidade escolar, com divulga\u00e7\u00e3o imediata do n\u00famero de vagas dispon\u00edveis para o pr\u00f3ximo ano letivo.<\/p>\n\n\n\n<p>Na sede do munic\u00edpio, as inscri\u00e7\u00f5es para o sorteio eletr\u00f4nico est\u00e3o marcadas para os dias 15, 16 e 21 de janeiro. J\u00e1 na zona rural, a Secretaria divulga o card informativo com as vagas no dia 15, enquanto o in\u00edcio das matr\u00edculas presenciais est\u00e1 previsto para o dia 16 de janeiro.<\/p>\n\n\n\n<p>Sorteio eletr\u00f4nico presencial ser\u00e1 realizado no dia 22 de janeiro, no turno da manh\u00e3, por turma. Ap\u00f3s o procedimento, as escolas imprimir\u00e3o as listas de alunos sorteados e n\u00e3o sorteados. O in\u00edcio das matr\u00edculas dos alunos contemplados no sorteio acontece entre os dias 23 e 26 de janeiro.<\/p>\n\n\n\n<p>Caso o aluno n\u00e3o seja sorteado ou perca o prazo, o respons\u00e1vel dever\u00e1 comparecer no dia 23 de janeiro, pela manh\u00e3, ao audit\u00f3rio da Escola Clarice Morais. No local, a SEMED far\u00e1 o encaminhamento para vagas remanescentes. O atendimento nas unidades escolares ocorre das 8h \u00e0s 14h.<\/p>\n\n\n\n<p>Secretaria alerta que alunos que n\u00e3o renovarem a matr\u00edcula dentro do prazo ser\u00e3o automaticamente inclu\u00eddos no sorteio eletr\u00f4nico da pr\u00f3pria escola. Para participar, \u00e9 obrigat\u00f3ria a apresenta\u00e7\u00e3o do documento do aluno, RG do respons\u00e1vel e declara\u00e7\u00e3o da escola anterior com identifica\u00e7\u00e3o da turma.<\/p>\n\n\n\n<p>Por fim, a distribui\u00e7\u00e3o de fardamento para estudantes que renovaram matr\u00edcula come\u00e7a ap\u00f3s o dia 19, seguindo cronograma interno de cada escola. Alunos novatos receber\u00e3o o uniforme em data posterior, a ser definida ap\u00f3s a realiza\u00e7\u00e3o do sorteio eletr\u00f4nico.<\/p>\n","protected":false},"excerpt":{"rendered":"<p>Prefeitura de Brumado divulgou o calend\u00e1rio oficial de matr\u00edculas da rede municipal para o ano letivo de 2026. A Secretaria Municipal de Educa\u00e7\u00e3o informou que o cronograma contempla escolas da sede e da zona rural, com etapas de renova\u00e7\u00e3o, balan\u00e7o de vagas, inscri\u00e7\u00f5es, sorteio eletr\u00f4nico e in\u00edcio das matr\u00edculas para novos alunos. Conforme o cronograma, a renova\u00e7\u00e3o de matr\u00edcula ocorre nos dias 12 e 13 de janeiro, tanto na sede quanto na zona rural. Na sequ\u00eancia, a Secretaria realiza, no dia 14, o balan\u00e7o de vagas por turma e por unidade escolar, com divulga\u00e7\u00e3o imediata do n\u00famero de vagas dispon\u00edveis para o pr\u00f3ximo ano letivo. Na sede do munic\u00edpio, as inscri\u00e7\u00f5es para o sorteio eletr\u00f4nico est\u00e3o marcadas para os dias 15, 16 e 21 de janeiro. J\u00e1 na zona rural, a Secretaria divulga o card informativo com as vagas no dia 15, enquanto o in\u00edcio das matr\u00edculas presenciais est\u00e1 previsto para o dia 16 de janeiro. Sorteio eletr\u00f4nico presencial ser\u00e1 realizado no dia 22 de janeiro, no turno da manh\u00e3, por turma. Ap\u00f3s o procedimento, as escolas imprimir\u00e3o as listas de alunos sorteados e n\u00e3o sorteados. O in\u00edcio das matr\u00edculas dos alunos contemplados no sorteio acontece entre os dias 23 e 26 de janeiro. Caso o aluno n\u00e3o seja sorteado ou perca o prazo, o respons\u00e1vel dever\u00e1 comparecer no dia 23 de janeiro, pela manh\u00e3, ao audit\u00f3rio da Escola Clarice Morais. No local, a SEMED far\u00e1 o encaminhamento para vagas remanescentes. O atendimento nas unidades escolares ocorre das 8h \u00e0s 14h. Secretaria alerta que alunos que n\u00e3o renovarem a matr\u00edcula dentro do prazo ser\u00e3o automaticamente inclu\u00eddos no sorteio eletr\u00f4nico da pr\u00f3pria escola. Para participar, \u00e9 obrigat\u00f3ria a apresenta\u00e7\u00e3o do documento do aluno, RG do respons\u00e1vel e declara\u00e7\u00e3o da escola anterior com identifica\u00e7\u00e3o da turma. Por fim, a distribui\u00e7\u00e3o de fardamento para estudantes que renovaram matr\u00edcula come\u00e7a ap\u00f3s o dia 19, seguindo cronograma interno de cada escola. Alunos novatos receber\u00e3o o uniforme em data posterior, a ser definida ap\u00f3s a realiza\u00e7\u00e3o do sorteio eletr\u00f4nico.<\/p>\n","protected":false},"author":4,"featured_media":5484,"comment_status":"open","ping_status":"open","sticky":false,"template":"","format":"standard","meta":{"footnotes":""},"categories":[10,43,6],"tags":[],"class_list":["post-5461","post","type-post","status-publish","format-standard","has-post-thumbnail","hentry","category-brumado","category-educacao","category-politica"],"yoast_head":"<!-- This site is optimized with the Yoast SEO plugin v26.5 - https:\/\/yoast.com\/wordpress\/plugins\/seo\/ -->\n<title>Educa\u00e7\u00e3o define calend\u00e1rio de matr\u00edculas da rede municipal de Brumado para 2026 - Sudoesteacontece<\/title>\n<meta name=\"robots\" content=\"index, follow, max-snippet:-1, max-image-preview:large, max-video-preview:-1\" \/>\n<link rel=\"canonical\" href=\"https:\/\/sudoesteacontece.com.br\/?p=5461\" \/>\n<meta property=\"og:locale\" content=\"pt_BR\" \/>\n<meta property=\"og:type\" content=\"article\" \/>\n<meta property=\"og:title\" content=\"Educa\u00e7\u00e3o define calend\u00e1rio de matr\u00edculas da rede municipal de Brumado para 2026 - Sudoesteacontece\" \/>\n<meta property=\"og:description\" content=\"Prefeitura de Brumado divulgou o calend\u00e1rio oficial de matr\u00edculas da rede municipal para o ano letivo de 2026. A Secretaria Municipal de Educa\u00e7\u00e3o informou que o cronograma contempla escolas da sede e da zona rural, com etapas de renova\u00e7\u00e3o, balan\u00e7o de vagas, inscri\u00e7\u00f5es, sorteio eletr\u00f4nico e in\u00edcio das matr\u00edculas para novos alunos. Conforme o cronograma, a renova\u00e7\u00e3o de matr\u00edcula ocorre nos dias 12 e 13 de janeiro, tanto na sede quanto na zona rural. Na sequ\u00eancia, a Secretaria realiza, no dia 14, o balan\u00e7o de vagas por turma e por unidade escolar, com divulga\u00e7\u00e3o imediata do n\u00famero de vagas dispon\u00edveis para o pr\u00f3ximo ano letivo. Na sede do munic\u00edpio, as inscri\u00e7\u00f5es para o sorteio eletr\u00f4nico est\u00e3o marcadas para os dias 15, 16 e 21 de janeiro. J\u00e1 na zona rural, a Secretaria divulga o card informativo com as vagas no dia 15, enquanto o in\u00edcio das matr\u00edculas presenciais est\u00e1 previsto para o dia 16 de janeiro. Sorteio eletr\u00f4nico presencial ser\u00e1 realizado no dia 22 de janeiro, no turno da manh\u00e3, por turma. Ap\u00f3s o procedimento, as escolas imprimir\u00e3o as listas de alunos sorteados e n\u00e3o sorteados. O in\u00edcio das matr\u00edculas dos alunos contemplados no sorteio acontece entre os dias 23 e 26 de janeiro. Caso o aluno n\u00e3o seja sorteado ou perca o prazo, o respons\u00e1vel dever\u00e1 comparecer no dia 23 de janeiro, pela manh\u00e3, ao audit\u00f3rio da Escola Clarice Morais. No local, a SEMED far\u00e1 o encaminhamento para vagas remanescentes. O atendimento nas unidades escolares ocorre das 8h \u00e0s 14h. Secretaria alerta que alunos que n\u00e3o renovarem a matr\u00edcula dentro do prazo ser\u00e3o automaticamente inclu\u00eddos no sorteio eletr\u00f4nico da pr\u00f3pria escola. Para participar, \u00e9 obrigat\u00f3ria a apresenta\u00e7\u00e3o do documento do aluno, RG do respons\u00e1vel e declara\u00e7\u00e3o da escola anterior com identifica\u00e7\u00e3o da turma. Por fim, a distribui\u00e7\u00e3o de fardamento para estudantes que renovaram matr\u00edcula come\u00e7a ap\u00f3s o dia 19, seguindo cronograma interno de cada escola. Alunos novatos receber\u00e3o o uniforme em data posterior, a ser definida ap\u00f3s a realiza\u00e7\u00e3o do sorteio eletr\u00f4nico.\" \/>\n<meta property=\"og:url\" content=\"https:\/\/sudoesteacontece.com.br\/?p=5461\" \/>\n<meta property=\"og:site_name\" content=\"Sudoesteacontece\" \/>\n<meta property=\"article:publisher\" content=\"https:\/\/www.facebook.com\/sudoesteacontece\/?locale=pt_BR\" \/>\n<meta property=\"article:published_time\" content=\"2026-01-06T12:52:40+00:00\" \/>\n<meta property=\"article:modified_time\" content=\"2026-01-06T12:52:42+00:00\" \/>\n<meta property=\"og:image\" content=\"https:\/\/sudoesteacontece.com.br\/wp-content\/uploads\/2026\/01\/Educacao-define-calendario-de-matriculas-da-rede-municipal-de-Brumado-para-2026-sudoeste-acontece.jpg\" \/>\n\t<meta property=\"og:image:width\" content=\"900\" \/>\n\t<meta property=\"og:image:height\" content=\"600\" \/>\n\t<meta property=\"og:image:type\" content=\"image\/jpeg\" \/>\n<meta name=\"author\" content=\"Reda\u00e7\u00e3o\" \/>\n<meta name=\"twitter:card\" content=\"summary_large_image\" \/>\n<meta name=\"twitter:label1\" content=\"Escrito por\" \/>\n\t<meta name=\"twitter:data1\" content=\"Reda\u00e7\u00e3o\" \/>\n\t<meta name=\"twitter:label2\" content=\"Est. tempo de leitura\" \/>\n\t<meta name=\"twitter:data2\" content=\"3 minutos\" \/>\n<script type=\"application\/ld+json\" class=\"yoast-schema-graph\">{\"@context\":\"https:\/\/schema.org\",\"@graph\":[{\"@type\":\"Article\",\"@id\":\"https:\/\/sudoesteacontece.com.br\/?p=5461#article\",\"isPartOf\":{\"@id\":\"https:\/\/sudoesteacontece.com.br\/?p=5461\"},\"author\":{\"name\":\"Reda\u00e7\u00e3o\",\"@id\":\"https:\/\/sudoesteacontece.com.br\/#\/schema\/person\/a4f22429c1d0923ef8f7d43343f8dc38\"},\"headline\":\"Educa\u00e7\u00e3o define calend\u00e1rio de matr\u00edculas da rede municipal de Brumado para 2026\",\"datePublished\":\"2026-01-06T12:52:40+00:00\",\"dateModified\":\"2026-01-06T12:52:42+00:00\",\"mainEntityOfPage\":{\"@id\":\"https:\/\/sudoesteacontece.com.br\/?p=5461\"},\"wordCount\":383,\"commentCount\":0,\"publisher\":{\"@id\":\"https:\/\/sudoesteacontece.com.br\/#organization\"},\"image\":{\"@id\":\"https:\/\/sudoesteacontece.com.br\/?p=5461#primaryimage\"},\"thumbnailUrl\":\"https:\/\/sudoesteacontece.com.br\/wp-content\/uploads\/2026\/01\/Educacao-define-calendario-de-matriculas-da-rede-municipal-de-Brumado-para-2026-sudoeste-acontece.jpg\",\"articleSection\":[\"Brumado\",\"Educa\u00e7\u00e3o\",\"Pol\u00edtica\"],\"inLanguage\":\"pt-BR\",\"potentialAction\":[{\"@type\":\"CommentAction\",\"name\":\"Comment\",\"target\":[\"https:\/\/sudoesteacontece.com.br\/?p=5461#respond\"]}]},{\"@type\":\"WebPage\",\"@id\":\"https:\/\/sudoesteacontece.com.br\/?p=5461\",\"url\":\"https:\/\/sudoesteacontece.com.br\/?p=5461\",\"name\":\"Educa\u00e7\u00e3o define calend\u00e1rio de matr\u00edculas da rede municipal de Brumado para 2026 - Sudoesteacontece\",\"isPartOf\":{\"@id\":\"https:\/\/sudoesteacontece.com.br\/#website\"},\"primaryImageOfPage\":{\"@id\":\"https:\/\/sudoesteacontece.com.br\/?p=5461#primaryimage\"},\"image\":{\"@id\":\"https:\/\/sudoesteacontece.com.br\/?p=5461#primaryimage\"},\"thumbnailUrl\":\"https:\/\/sudoesteacontece.com.br\/wp-content\/uploads\/2026\/01\/Educacao-define-calendario-de-matriculas-da-rede-municipal-de-Brumado-para-2026-sudoeste-acontece.jpg\",\"datePublished\":\"2026-01-06T12:52:40+00:00\",\"dateModified\":\"2026-01-06T12:52:42+00:00\",\"breadcrumb\":{\"@id\":\"https:\/\/sudoesteacontece.com.br\/?p=5461#breadcrumb\"},\"inLanguage\":\"pt-BR\",\"potentialAction\":[{\"@type\":\"ReadAction\",\"target\":[\"https:\/\/sudoesteacontece.com.br\/?p=5461\"]}]},{\"@type\":\"ImageObject\",\"inLanguage\":\"pt-BR\",\"@id\":\"https:\/\/sudoesteacontece.com.br\/?p=5461#primaryimage\",\"url\":\"https:\/\/sudoesteacontece.com.br\/wp-content\/uploads\/2026\/01\/Educacao-define-calendario-de-matriculas-da-rede-municipal-de-Brumado-para-2026-sudoeste-acontece.jpg\",\"contentUrl\":\"https:\/\/sudoesteacontece.com.br\/wp-content\/uploads\/2026\/01\/Educacao-define-calendario-de-matriculas-da-rede-municipal-de-Brumado-para-2026-sudoeste-acontece.jpg\",\"width\":900,\"height\":600},{\"@type\":\"BreadcrumbList\",\"@id\":\"https:\/\/sudoesteacontece.com.br\/?p=5461#breadcrumb\",\"itemListElement\":[{\"@type\":\"ListItem\",\"position\":1,\"name\":\"In\u00edcio\",\"item\":\"https:\/\/sudoesteacontece.com.br\/\"},{\"@type\":\"ListItem\",\"position\":2,\"name\":\"Educa\u00e7\u00e3o define calend\u00e1rio de matr\u00edculas da rede municipal de Brumado para 2026\"}]},{\"@type\":\"WebSite\",\"@id\":\"https:\/\/sudoesteacontece.com.br\/#website\",\"url\":\"https:\/\/sudoesteacontece.com.br\/\",\"name\":\"Sudoesteacontece\",\"description\":\"\",\"publisher\":{\"@id\":\"https:\/\/sudoesteacontece.com.br\/#organization\"},\"potentialAction\":[{\"@type\":\"SearchAction\",\"target\":{\"@type\":\"EntryPoint\",\"urlTemplate\":\"https:\/\/sudoesteacontece.com.br\/?s={search_term_string}\"},\"query-input\":{\"@type\":\"PropertyValueSpecification\",\"valueRequired\":true,\"valueName\":\"search_term_string\"}}],\"inLanguage\":\"pt-BR\"},{\"@type\":\"Organization\",\"@id\":\"https:\/\/sudoesteacontece.com.br\/#organization\",\"name\":\"Sudoesteacontece\",\"url\":\"https:\/\/sudoesteacontece.com.br\/\",\"logo\":{\"@type\":\"ImageObject\",\"inLanguage\":\"pt-BR\",\"@id\":\"https:\/\/sudoesteacontece.com.br\/#\/schema\/logo\/image\/\",\"url\":\"https:\/\/sudoesteacontece.com.br\/wp-content\/uploads\/2025\/12\/cropped-logo-2-180x180-1.png\",\"contentUrl\":\"https:\/\/sudoesteacontece.com.br\/wp-content\/uploads\/2025\/12\/cropped-logo-2-180x180-1.png\",\"width\":180,\"height\":180,\"caption\":\"Sudoesteacontece\"},\"image\":{\"@id\":\"https:\/\/sudoesteacontece.com.br\/#\/schema\/logo\/image\/\"},\"sameAs\":[\"https:\/\/www.facebook.com\/sudoesteacontece\/?locale=pt_BR\"]},{\"@type\":\"Person\",\"@id\":\"https:\/\/sudoesteacontece.com.br\/#\/schema\/person\/a4f22429c1d0923ef8f7d43343f8dc38\",\"name\":\"Reda\u00e7\u00e3o\",\"image\":{\"@type\":\"ImageObject\",\"inLanguage\":\"pt-BR\",\"@id\":\"https:\/\/sudoesteacontece.com.br\/#\/schema\/person\/image\/\",\"url\":\"https:\/\/secure.gravatar.com\/avatar\/c3a5b3c93f268a709c25a2df414c629a96fb3b1b4bf97a94fb3f72e54ae76903?s=96&d=mm&r=g\",\"contentUrl\":\"https:\/\/secure.gravatar.com\/avatar\/c3a5b3c93f268a709c25a2df414c629a96fb3b1b4bf97a94fb3f72e54ae76903?s=96&d=mm&r=g\",\"caption\":\"Reda\u00e7\u00e3o\"},\"url\":\"https:\/\/sudoesteacontece.com.br\/?author=4\"}]}<\/script>\n<!-- \/ Yoast SEO plugin. -->","yoast_head_json":{"title":"Educa\u00e7\u00e3o define calend\u00e1rio de matr\u00edculas da rede municipal de Brumado para 2026 - Sudoesteacontece","robots":{"index":"index","follow":"follow","max-snippet":"max-snippet:-1","max-image-preview":"max-image-preview:large","max-video-preview":"max-video-preview:-1"},"canonical":"https:\/\/sudoesteacontece.com.br\/?p=5461","og_locale":"pt_BR","og_type":"article","og_title":"Educa\u00e7\u00e3o define calend\u00e1rio de matr\u00edculas da rede municipal de Brumado para 2026 - Sudoesteacontece","og_description":"Prefeitura de Brumado divulgou o calend\u00e1rio oficial de matr\u00edculas da rede municipal para o ano letivo de 2026. A Secretaria Municipal de Educa\u00e7\u00e3o informou que o cronograma contempla escolas da sede e da zona rural, com etapas de renova\u00e7\u00e3o, balan\u00e7o de vagas, inscri\u00e7\u00f5es, sorteio eletr\u00f4nico e in\u00edcio das matr\u00edculas para novos alunos. Conforme o cronograma, a renova\u00e7\u00e3o de matr\u00edcula ocorre nos dias 12 e 13 de janeiro, tanto na sede quanto na zona rural. Na sequ\u00eancia, a Secretaria realiza, no dia 14, o balan\u00e7o de vagas por turma e por unidade escolar, com divulga\u00e7\u00e3o imediata do n\u00famero de vagas dispon\u00edveis para o pr\u00f3ximo ano letivo. Na sede do munic\u00edpio, as inscri\u00e7\u00f5es para o sorteio eletr\u00f4nico est\u00e3o marcadas para os dias 15, 16 e 21 de janeiro. J\u00e1 na zona rural, a Secretaria divulga o card informativo com as vagas no dia 15, enquanto o in\u00edcio das matr\u00edculas presenciais est\u00e1 previsto para o dia 16 de janeiro. Sorteio eletr\u00f4nico presencial ser\u00e1 realizado no dia 22 de janeiro, no turno da manh\u00e3, por turma. Ap\u00f3s o procedimento, as escolas imprimir\u00e3o as listas de alunos sorteados e n\u00e3o sorteados. O in\u00edcio das matr\u00edculas dos alunos contemplados no sorteio acontece entre os dias 23 e 26 de janeiro. Caso o aluno n\u00e3o seja sorteado ou perca o prazo, o respons\u00e1vel dever\u00e1 comparecer no dia 23 de janeiro, pela manh\u00e3, ao audit\u00f3rio da Escola Clarice Morais. No local, a SEMED far\u00e1 o encaminhamento para vagas remanescentes. O atendimento nas unidades escolares ocorre das 8h \u00e0s 14h. Secretaria alerta que alunos que n\u00e3o renovarem a matr\u00edcula dentro do prazo ser\u00e3o automaticamente inclu\u00eddos no sorteio eletr\u00f4nico da pr\u00f3pria escola. Para participar, \u00e9 obrigat\u00f3ria a apresenta\u00e7\u00e3o do documento do aluno, RG do respons\u00e1vel e declara\u00e7\u00e3o da escola anterior com identifica\u00e7\u00e3o da turma. Por fim, a distribui\u00e7\u00e3o de fardamento para estudantes que renovaram matr\u00edcula come\u00e7a ap\u00f3s o dia 19, seguindo cronograma interno de cada escola. Alunos novatos receber\u00e3o o uniforme em data posterior, a ser definida ap\u00f3s a realiza\u00e7\u00e3o do sorteio eletr\u00f4nico.","og_url":"https:\/\/sudoesteacontece.com.br\/?p=5461","og_site_name":"Sudoesteacontece","article_publisher":"https:\/\/www.facebook.com\/sudoesteacontece\/?locale=pt_BR","article_published_time":"2026-01-06T12:52:40+00:00","article_modified_time":"2026-01-06T12:52:42+00:00","og_image":[{"width":900,"height":600,"url":"https:\/\/sudoesteacontece.com.br\/wp-content\/uploads\/2026\/01\/Educacao-define-calendario-de-matriculas-da-rede-municipal-de-Brumado-para-2026-sudoeste-acontece.jpg","type":"image\/jpeg"}],"author":"Reda\u00e7\u00e3o","twitter_card":"summary_large_image","twitter_misc":{"Escrito por":"Reda\u00e7\u00e3o","Est. tempo de leitura":"3 minutos"},"schema":{"@context":"https:\/\/schema.org","@graph":[{"@type":"Article","@id":"https:\/\/sudoesteacontece.com.br\/?p=5461#article","isPartOf":{"@id":"https:\/\/sudoesteacontece.com.br\/?p=5461"},"author":{"name":"Reda\u00e7\u00e3o","@id":"https:\/\/sudoesteacontece.com.br\/#\/schema\/person\/a4f22429c1d0923ef8f7d43343f8dc38"},"headline":"Educa\u00e7\u00e3o define calend\u00e1rio de matr\u00edculas da rede municipal de Brumado para 2026","datePublished":"2026-01-06T12:52:40+00:00","dateModified":"2026-01-06T12:52:42+00:00","mainEntityOfPage":{"@id":"https:\/\/sudoesteacontece.com.br\/?p=5461"},"wordCount":383,"commentCount":0,"publisher":{"@id":"https:\/\/sudoesteacontece.com.br\/#organization"},"image":{"@id":"https:\/\/sudoesteacontece.com.br\/?p=5461#primaryimage"},"thumbnailUrl":"https:\/\/sudoesteacontece.com.br\/wp-content\/uploads\/2026\/01\/Educacao-define-calendario-de-matriculas-da-rede-municipal-de-Brumado-para-2026-sudoeste-acontece.jpg","articleSection":["Brumado","Educa\u00e7\u00e3o","Pol\u00edtica"],"inLanguage":"pt-BR","potentialAction":[{"@type":"CommentAction","name":"Comment","target":["https:\/\/sudoesteacontece.com.br\/?p=5461#respond"]}]},{"@type":"WebPage","@id":"https:\/\/sudoesteacontece.com.br\/?p=5461","url":"https:\/\/sudoesteacontece.com.br\/?p=5461","name":"Educa\u00e7\u00e3o define calend\u00e1rio de matr\u00edculas da rede municipal de Brumado para 2026 - Sudoesteacontece","isPartOf":{"@id":"https:\/\/sudoesteacontece.com.br\/#website"},"primaryImageOfPage":{"@id":"https:\/\/sudoesteacontece.com.br\/?p=5461#primaryimage"},"image":{"@id":"https:\/\/sudoesteacontece.com.br\/?p=5461#primaryimage"},"thumbnailUrl":"https:\/\/sudoesteacontece.com.br\/wp-content\/uploads\/2026\/01\/Educacao-define-calendario-de-matriculas-da-rede-municipal-de-Brumado-para-2026-sudoeste-acontece.jpg","datePublished":"2026-01-06T12:52:40+00:00","dateModified":"2026-01-06T12:52:42+00:00","breadcrumb":{"@id":"https:\/\/sudoesteacontece.com.br\/?p=5461#breadcrumb"},"inLanguage":"pt-BR","potentialAction":[{"@type":"ReadAction","target":["https:\/\/sudoesteacontece.com.br\/?p=5461"]}]},{"@type":"ImageObject","inLanguage":"pt-BR","@id":"https:\/\/sudoesteacontece.com.br\/?p=5461#primaryimage","url":"https:\/\/sudoesteacontece.com.br\/wp-content\/uploads\/2026\/01\/Educacao-define-calendario-de-matriculas-da-rede-municipal-de-Brumado-para-2026-sudoeste-acontece.jpg","contentUrl":"https:\/\/sudoesteacontece.com.br\/wp-content\/uploads\/2026\/01\/Educacao-define-calendario-de-matriculas-da-rede-municipal-de-Brumado-para-2026-sudoeste-acontece.jpg","width":900,"height":600},{"@type":"BreadcrumbList","@id":"https:\/\/sudoesteacontece.com.br\/?p=5461#breadcrumb","itemListElement":[{"@type":"ListItem","position":1,"name":"In\u00edcio","item":"https:\/\/sudoesteacontece.com.br\/"},{"@type":"ListItem","position":2,"name":"Educa\u00e7\u00e3o define calend\u00e1rio de matr\u00edculas da rede municipal de Brumado para 2026"}]},{"@type":"WebSite","@id":"https:\/\/sudoesteacontece.com.br\/#website","url":"https:\/\/sudoesteacontece.com.br\/","name":"Sudoesteacontece","description":"","publisher":{"@id":"https:\/\/sudoesteacontece.com.br\/#organization"},"potentialAction":[{"@type":"SearchAction","target":{"@type":"EntryPoint","urlTemplate":"https:\/\/sudoesteacontece.com.br\/?s={search_term_string}"},"query-input":{"@type":"PropertyValueSpecification","valueRequired":true,"valueName":"search_term_string"}}],"inLanguage":"pt-BR"},{"@type":"Organization","@id":"https:\/\/sudoesteacontece.com.br\/#organization","name":"Sudoesteacontece","url":"https:\/\/sudoesteacontece.com.br\/","logo":{"@type":"ImageObject","inLanguage":"pt-BR","@id":"https:\/\/sudoesteacontece.com.br\/#\/schema\/logo\/image\/","url":"https:\/\/sudoesteacontece.com.br\/wp-content\/uploads\/2025\/12\/cropped-logo-2-180x180-1.png","contentUrl":"https:\/\/sudoesteacontece.com.br\/wp-content\/uploads\/2025\/12\/cropped-logo-2-180x180-1.png","width":180,"height":180,"caption":"Sudoesteacontece"},"image":{"@id":"https:\/\/sudoesteacontece.com.br\/#\/schema\/logo\/image\/"},"sameAs":["https:\/\/www.facebook.com\/sudoesteacontece\/?locale=pt_BR"]},{"@type":"Person","@id":"https:\/\/sudoesteacontece.com.br\/#\/schema\/person\/a4f22429c1d0923ef8f7d43343f8dc38","name":"Reda\u00e7\u00e3o","image":{"@type":"ImageObject","inLanguage":"pt-BR","@id":"https:\/\/sudoesteacontece.com.br\/#\/schema\/person\/image\/","url":"https:\/\/secure.gravatar.com\/avatar\/c3a5b3c93f268a709c25a2df414c629a96fb3b1b4bf97a94fb3f72e54ae76903?s=96&d=mm&r=g","contentUrl":"https:\/\/secure.gravatar.com\/avatar\/c3a5b3c93f268a709c25a2df414c629a96fb3b1b4bf97a94fb3f72e54ae76903?s=96&d=mm&r=g","caption":"Reda\u00e7\u00e3o"},"url":"https:\/\/sudoesteacontece.com.br\/?author=4"}]}},"_links":{"self":[{"href":"https:\/\/sudoesteacontece.com.br\/index.php?rest_route=\/wp\/v2\/posts\/5461","targetHints":{"allow":["GET"]}}],"collection":[{"href":"https:\/\/sudoesteacontece.com.br\/index.php?rest_route=\/wp\/v2\/posts"}],"about":[{"href":"https:\/\/sudoesteacontece.com.br\/index.php?rest_route=\/wp\/v2\/types\/post"}],"author":[{"embeddable":true,"href":"https:\/\/sudoesteacontece.com.br\/index.php?rest_route=\/wp\/v2\/users\/4"}],"replies":[{"embeddable":true,"href":"https:\/\/sudoesteacontece.com.br\/index.php?rest_route=%2Fwp%2Fv2%2Fcomments&post=5461"}],"version-history":[{"count":0,"href":"https:\/\/sudoesteacontece.com.br\/index.php?rest_route=\/wp\/v2\/posts\/5461\/revisions"}],"wp:featuredmedia":[{"embeddable":true,"href":"https:\/\/sudoesteacontece.com.br\/index.php?rest_route=\/wp\/v2\/media\/5484"}],"wp:attachment":[{"href":"https:\/\/sudoesteacontece.com.br\/index.php?rest_route=%2Fwp%2Fv2%2Fmedia&parent=5461"}],"wp:term":[{"taxonomy":"category","embeddable":true,"href":"https:\/\/sudoesteacontece.com.br\/index.php?rest_route=%2Fwp%2Fv2%2Fcategories&post=5461"},{"taxonomy":"post_tag","embeddable":true,"href":"https:\/\/sudoesteacontece.com.br\/index.php?rest_route=%2Fwp%2Fv2%2Ftags&post=5461"}],"curies":[{"name":"wp","href":"https:\/\/api.w.org\/{rel}","templated":true}]}}