{"id":5472,"date":"2026-01-06T10:42:13","date_gmt":"2026-01-06T13:42:13","guid":{"rendered":"https:\/\/sudoesteacontece.com.br\/?p=5472"},"modified":"2026-01-06T10:42:16","modified_gmt":"2026-01-06T13:42:16","slug":"chuvas-de-verao-recuperam-aguadas-em-brumado-mas-causam-transtornos-na-zona-rural","status":"publish","type":"post","link":"https:\/\/sudoesteacontece.com.br\/?p=5472","title":{"rendered":"Chuvas de ver\u00e3o recuperam aguadas em Brumado, mas causam transtornos na zona rural"},"content":{"rendered":"<div class=\"wp-block-image\">\n<figure class=\"aligncenter size-large\"><img fetchpriority=\"high\" decoding=\"async\" width=\"1024\" height=\"658\" src=\"http:\/\/sudoesteacontece.com.br\/wp-content\/uploads\/2025\/11\/Disputa-historica-CDL-de-Brumado-tera-eleicao-com-duas-chapas-pela-primeira-vez-em-50-anos-sudoeste-acontece-1024x658.jpg\" alt=\"\" class=\"wp-image-1547\" srcset=\"https:\/\/sudoesteacontece.com.br\/wp-content\/uploads\/2025\/11\/Disputa-historica-CDL-de-Brumado-tera-eleicao-com-duas-chapas-pela-primeira-vez-em-50-anos-sudoeste-acontece-1024x658.jpg 1024w, https:\/\/sudoesteacontece.com.br\/wp-content\/uploads\/2025\/11\/Disputa-historica-CDL-de-Brumado-tera-eleicao-com-duas-chapas-pela-primeira-vez-em-50-anos-sudoeste-acontece-300x193.jpg 300w, https:\/\/sudoesteacontece.com.br\/wp-content\/uploads\/2025\/11\/Disputa-historica-CDL-de-Brumado-tera-eleicao-com-duas-chapas-pela-primeira-vez-em-50-anos-sudoeste-acontece-768x493.jpg 768w, https:\/\/sudoesteacontece.com.br\/wp-content\/uploads\/2025\/11\/Disputa-historica-CDL-de-Brumado-tera-eleicao-com-duas-chapas-pela-primeira-vez-em-50-anos-sudoeste-acontece-1536x986.jpg 1536w, https:\/\/sudoesteacontece.com.br\/wp-content\/uploads\/2025\/11\/Disputa-historica-CDL-de-Brumado-tera-eleicao-com-duas-chapas-pela-primeira-vez-em-50-anos-sudoeste-acontece.jpg 1800w\" sizes=\"(max-width: 1024px) 100vw, 1024px\" \/><figcaption class=\"wp-element-caption\">Foto Washington Tiago Sudoeste Acontece<\/figcaption><\/figure>\n<\/div>\n\n\n<p>Chuvas intensas voltaram a cair em Brumado nos \u00faltimos dias e come\u00e7am a recuperar aguadas na zona rural ap\u00f3s um longo per\u00edodo de estiagem. O volume trouxe al\u00edvio para comunidades afetadas pela seca, mas tamb\u00e9m provocou alagamentos e transtornos pontuais, segundo a Diretoria Municipal de Recursos H\u00eddricos.<\/p>\n\n\n\n<p>De acordo com o diretor Sim\u00e3o Dutra, na sede do munic\u00edpio a chuva ocorreu de forma mais regular. Em algumas localidades rurais, por\u00e9m, a precipita\u00e7\u00e3o foi concentrada e acima da m\u00e9dia, o que gerou problemas para moradores, especialmente durante a madrugada do domingo (4).<\/p>\n\n\n\n<p>Na Vila Presidente Vargas, o \u00edndice pluviom\u00e9trico chegou a cerca de 150 mil\u00edmetros em poucas horas. Nove casas ficaram alagadas e uma fam\u00edlia precisou ser desalojada por risco de desabamento. A prefeitura prestou assist\u00eancia imediata, realizou vistorias e iniciou a retirada de entulhos com apoio de m\u00e1quinas.<\/p>\n\n\n\n<p>J\u00e1 na comunidade de Lagoa do Fac\u00e3o, a aguada requalificada recentemente voltou a encher ap\u00f3s registrar 137 mil\u00edmetros de chuva. O mesmo cen\u00e1rio foi observado em Lagoa do Mour\u00e3o, no distrito de Itaquara\u00ed, e na regi\u00e3o do Mucambo, onde moradores comemoraram o ac\u00famulo de \u00e1gua.<\/p>\n\n\n\n<p>Na \u00e1rea urbana, os efeitos tamb\u00e9m foram sentidos. Pontos cr\u00edticos, como as avenidas Centen\u00e1rio e Coronel Santos, registraram alagamentos. O volume variou entre os bairros, com 75 mil\u00edmetros no Santa Tereza e cerca de 80 mil\u00edmetros no Centro da cidade.<\/p>\n\n\n\n<p>Apesar do avan\u00e7o na recupera\u00e7\u00e3o h\u00eddrica, Sim\u00e3o Dutra destacou que as chuvas foram mal distribu\u00eddas em Brumado. A previs\u00e3o indica continuidade do per\u00edodo chuvoso nos pr\u00f3ximos dias, o que mant\u00e9m a expectativa de melhora gradual das aguadas e aten\u00e7\u00e3o redobrada para novas ocorr\u00eancias.<\/p>\n","protected":false},"excerpt":{"rendered":"<p>Chuvas intensas voltaram a cair em Brumado nos \u00faltimos dias e come\u00e7am a recuperar aguadas na zona rural ap\u00f3s um longo per\u00edodo de estiagem. O volume trouxe al\u00edvio para comunidades afetadas pela seca, mas tamb\u00e9m provocou alagamentos e transtornos pontuais, segundo a Diretoria Municipal de Recursos H\u00eddricos. De acordo com o diretor Sim\u00e3o Dutra, na sede do munic\u00edpio a chuva ocorreu de forma mais regular. Em algumas localidades rurais, por\u00e9m, a precipita\u00e7\u00e3o foi concentrada e acima da m\u00e9dia, o que gerou problemas para moradores, especialmente durante a madrugada do domingo (4). Na Vila Presidente Vargas, o \u00edndice pluviom\u00e9trico chegou a cerca de 150 mil\u00edmetros em poucas horas. Nove casas ficaram alagadas e uma fam\u00edlia precisou ser desalojada por risco de desabamento. A prefeitura prestou assist\u00eancia imediata, realizou vistorias e iniciou a retirada de entulhos com apoio de m\u00e1quinas. J\u00e1 na comunidade de Lagoa do Fac\u00e3o, a aguada requalificada recentemente voltou a encher ap\u00f3s registrar 137 mil\u00edmetros de chuva. O mesmo cen\u00e1rio foi observado em Lagoa do Mour\u00e3o, no distrito de Itaquara\u00ed, e na regi\u00e3o do Mucambo, onde moradores comemoraram o ac\u00famulo de \u00e1gua. Na \u00e1rea urbana, os efeitos tamb\u00e9m foram sentidos. Pontos cr\u00edticos, como as avenidas Centen\u00e1rio e Coronel Santos, registraram alagamentos. O volume variou entre os bairros, com 75 mil\u00edmetros no Santa Tereza e cerca de 80 mil\u00edmetros no Centro da cidade. Apesar do avan\u00e7o na recupera\u00e7\u00e3o h\u00eddrica, Sim\u00e3o Dutra destacou que as chuvas foram mal distribu\u00eddas em Brumado. A previs\u00e3o indica continuidade do per\u00edodo chuvoso nos pr\u00f3ximos dias, o que mant\u00e9m a expectativa de melhora gradual das aguadas e aten\u00e7\u00e3o redobrada para novas ocorr\u00eancias.<\/p>\n","protected":false},"author":4,"featured_media":1547,"comment_status":"open","ping_status":"open","sticky":false,"template":"","format":"standard","meta":{"footnotes":""},"categories":[10,4,6],"tags":[],"class_list":["post-5472","post","type-post","status-publish","format-standard","has-post-thumbnail","hentry","category-brumado","category-cidades","category-politica"],"yoast_head":"<!-- This site is optimized with the Yoast SEO plugin v26.5 - https:\/\/yoast.com\/wordpress\/plugins\/seo\/ -->\n<title>Chuvas de ver\u00e3o recuperam aguadas em Brumado, mas causam transtornos na zona rural - Sudoesteacontece<\/title>\n<meta name=\"robots\" content=\"index, follow, max-snippet:-1, max-image-preview:large, max-video-preview:-1\" \/>\n<link rel=\"canonical\" href=\"https:\/\/sudoesteacontece.com.br\/?p=5472\" \/>\n<meta property=\"og:locale\" content=\"pt_BR\" \/>\n<meta property=\"og:type\" content=\"article\" \/>\n<meta property=\"og:title\" content=\"Chuvas de ver\u00e3o recuperam aguadas em Brumado, mas causam transtornos na zona rural - Sudoesteacontece\" \/>\n<meta property=\"og:description\" content=\"Chuvas intensas voltaram a cair em Brumado nos \u00faltimos dias e come\u00e7am a recuperar aguadas na zona rural ap\u00f3s um longo per\u00edodo de estiagem. O volume trouxe al\u00edvio para comunidades afetadas pela seca, mas tamb\u00e9m provocou alagamentos e transtornos pontuais, segundo a Diretoria Municipal de Recursos H\u00eddricos. De acordo com o diretor Sim\u00e3o Dutra, na sede do munic\u00edpio a chuva ocorreu de forma mais regular. Em algumas localidades rurais, por\u00e9m, a precipita\u00e7\u00e3o foi concentrada e acima da m\u00e9dia, o que gerou problemas para moradores, especialmente durante a madrugada do domingo (4). Na Vila Presidente Vargas, o \u00edndice pluviom\u00e9trico chegou a cerca de 150 mil\u00edmetros em poucas horas. Nove casas ficaram alagadas e uma fam\u00edlia precisou ser desalojada por risco de desabamento. A prefeitura prestou assist\u00eancia imediata, realizou vistorias e iniciou a retirada de entulhos com apoio de m\u00e1quinas. J\u00e1 na comunidade de Lagoa do Fac\u00e3o, a aguada requalificada recentemente voltou a encher ap\u00f3s registrar 137 mil\u00edmetros de chuva. O mesmo cen\u00e1rio foi observado em Lagoa do Mour\u00e3o, no distrito de Itaquara\u00ed, e na regi\u00e3o do Mucambo, onde moradores comemoraram o ac\u00famulo de \u00e1gua. Na \u00e1rea urbana, os efeitos tamb\u00e9m foram sentidos. Pontos cr\u00edticos, como as avenidas Centen\u00e1rio e Coronel Santos, registraram alagamentos. O volume variou entre os bairros, com 75 mil\u00edmetros no Santa Tereza e cerca de 80 mil\u00edmetros no Centro da cidade. Apesar do avan\u00e7o na recupera\u00e7\u00e3o h\u00eddrica, Sim\u00e3o Dutra destacou que as chuvas foram mal distribu\u00eddas em Brumado. A previs\u00e3o indica continuidade do per\u00edodo chuvoso nos pr\u00f3ximos dias, o que mant\u00e9m a expectativa de melhora gradual das aguadas e aten\u00e7\u00e3o redobrada para novas ocorr\u00eancias.\" \/>\n<meta property=\"og:url\" content=\"https:\/\/sudoesteacontece.com.br\/?p=5472\" \/>\n<meta property=\"og:site_name\" content=\"Sudoesteacontece\" \/>\n<meta property=\"article:publisher\" content=\"https:\/\/www.facebook.com\/sudoesteacontece\/?locale=pt_BR\" \/>\n<meta property=\"article:published_time\" content=\"2026-01-06T13:42:13+00:00\" \/>\n<meta property=\"article:modified_time\" content=\"2026-01-06T13:42:16+00:00\" \/>\n<meta property=\"og:image\" content=\"https:\/\/sudoesteacontece.com.br\/wp-content\/uploads\/2025\/11\/Disputa-historica-CDL-de-Brumado-tera-eleicao-com-duas-chapas-pela-primeira-vez-em-50-anos-sudoeste-acontece.jpg\" \/>\n\t<meta property=\"og:image:width\" content=\"1800\" \/>\n\t<meta property=\"og:image:height\" content=\"1156\" \/>\n\t<meta property=\"og:image:type\" content=\"image\/jpeg\" \/>\n<meta name=\"author\" content=\"Reda\u00e7\u00e3o\" \/>\n<meta name=\"twitter:card\" content=\"summary_large_image\" \/>\n<meta name=\"twitter:label1\" content=\"Escrito por\" \/>\n\t<meta name=\"twitter:data1\" content=\"Reda\u00e7\u00e3o\" \/>\n\t<meta name=\"twitter:label2\" content=\"Est. tempo de leitura\" \/>\n\t<meta name=\"twitter:data2\" content=\"2 minutos\" \/>\n<script type=\"application\/ld+json\" class=\"yoast-schema-graph\">{\"@context\":\"https:\/\/schema.org\",\"@graph\":[{\"@type\":\"Article\",\"@id\":\"https:\/\/sudoesteacontece.com.br\/?p=5472#article\",\"isPartOf\":{\"@id\":\"https:\/\/sudoesteacontece.com.br\/?p=5472\"},\"author\":{\"name\":\"Reda\u00e7\u00e3o\",\"@id\":\"https:\/\/sudoesteacontece.com.br\/#\/schema\/person\/a4f22429c1d0923ef8f7d43343f8dc38\"},\"headline\":\"Chuvas de ver\u00e3o recuperam aguadas em Brumado, mas causam transtornos na zona rural\",\"datePublished\":\"2026-01-06T13:42:13+00:00\",\"dateModified\":\"2026-01-06T13:42:16+00:00\",\"mainEntityOfPage\":{\"@id\":\"https:\/\/sudoesteacontece.com.br\/?p=5472\"},\"wordCount\":319,\"commentCount\":0,\"publisher\":{\"@id\":\"https:\/\/sudoesteacontece.com.br\/#organization\"},\"image\":{\"@id\":\"https:\/\/sudoesteacontece.com.br\/?p=5472#primaryimage\"},\"thumbnailUrl\":\"https:\/\/sudoesteacontece.com.br\/wp-content\/uploads\/2025\/11\/Disputa-historica-CDL-de-Brumado-tera-eleicao-com-duas-chapas-pela-primeira-vez-em-50-anos-sudoeste-acontece.jpg\",\"articleSection\":[\"Brumado\",\"Cidades\",\"Pol\u00edtica\"],\"inLanguage\":\"pt-BR\",\"potentialAction\":[{\"@type\":\"CommentAction\",\"name\":\"Comment\",\"target\":[\"https:\/\/sudoesteacontece.com.br\/?p=5472#respond\"]}]},{\"@type\":\"WebPage\",\"@id\":\"https:\/\/sudoesteacontece.com.br\/?p=5472\",\"url\":\"https:\/\/sudoesteacontece.com.br\/?p=5472\",\"name\":\"Chuvas de ver\u00e3o recuperam aguadas em Brumado, mas causam transtornos na zona rural - Sudoesteacontece\",\"isPartOf\":{\"@id\":\"https:\/\/sudoesteacontece.com.br\/#website\"},\"primaryImageOfPage\":{\"@id\":\"https:\/\/sudoesteacontece.com.br\/?p=5472#primaryimage\"},\"image\":{\"@id\":\"https:\/\/sudoesteacontece.com.br\/?p=5472#primaryimage\"},\"thumbnailUrl\":\"https:\/\/sudoesteacontece.com.br\/wp-content\/uploads\/2025\/11\/Disputa-historica-CDL-de-Brumado-tera-eleicao-com-duas-chapas-pela-primeira-vez-em-50-anos-sudoeste-acontece.jpg\",\"datePublished\":\"2026-01-06T13:42:13+00:00\",\"dateModified\":\"2026-01-06T13:42:16+00:00\",\"breadcrumb\":{\"@id\":\"https:\/\/sudoesteacontece.com.br\/?p=5472#breadcrumb\"},\"inLanguage\":\"pt-BR\",\"potentialAction\":[{\"@type\":\"ReadAction\",\"target\":[\"https:\/\/sudoesteacontece.com.br\/?p=5472\"]}]},{\"@type\":\"ImageObject\",\"inLanguage\":\"pt-BR\",\"@id\":\"https:\/\/sudoesteacontece.com.br\/?p=5472#primaryimage\",\"url\":\"https:\/\/sudoesteacontece.com.br\/wp-content\/uploads\/2025\/11\/Disputa-historica-CDL-de-Brumado-tera-eleicao-com-duas-chapas-pela-primeira-vez-em-50-anos-sudoeste-acontece.jpg\",\"contentUrl\":\"https:\/\/sudoesteacontece.com.br\/wp-content\/uploads\/2025\/11\/Disputa-historica-CDL-de-Brumado-tera-eleicao-com-duas-chapas-pela-primeira-vez-em-50-anos-sudoeste-acontece.jpg\",\"width\":1800,\"height\":1156,\"caption\":\"Foto Washington Tiago Sudoeste Acontece\"},{\"@type\":\"BreadcrumbList\",\"@id\":\"https:\/\/sudoesteacontece.com.br\/?p=5472#breadcrumb\",\"itemListElement\":[{\"@type\":\"ListItem\",\"position\":1,\"name\":\"In\u00edcio\",\"item\":\"https:\/\/sudoesteacontece.com.br\/\"},{\"@type\":\"ListItem\",\"position\":2,\"name\":\"Chuvas de ver\u00e3o recuperam aguadas em Brumado, mas causam transtornos na zona rural\"}]},{\"@type\":\"WebSite\",\"@id\":\"https:\/\/sudoesteacontece.com.br\/#website\",\"url\":\"https:\/\/sudoesteacontece.com.br\/\",\"name\":\"Sudoesteacontece\",\"description\":\"\",\"publisher\":{\"@id\":\"https:\/\/sudoesteacontece.com.br\/#organization\"},\"potentialAction\":[{\"@type\":\"SearchAction\",\"target\":{\"@type\":\"EntryPoint\",\"urlTemplate\":\"https:\/\/sudoesteacontece.com.br\/?s={search_term_string}\"},\"query-input\":{\"@type\":\"PropertyValueSpecification\",\"valueRequired\":true,\"valueName\":\"search_term_string\"}}],\"inLanguage\":\"pt-BR\"},{\"@type\":\"Organization\",\"@id\":\"https:\/\/sudoesteacontece.com.br\/#organization\",\"name\":\"Sudoesteacontece\",\"url\":\"https:\/\/sudoesteacontece.com.br\/\",\"logo\":{\"@type\":\"ImageObject\",\"inLanguage\":\"pt-BR\",\"@id\":\"https:\/\/sudoesteacontece.com.br\/#\/schema\/logo\/image\/\",\"url\":\"https:\/\/sudoesteacontece.com.br\/wp-content\/uploads\/2025\/12\/cropped-logo-2-180x180-1.png\",\"contentUrl\":\"https:\/\/sudoesteacontece.com.br\/wp-content\/uploads\/2025\/12\/cropped-logo-2-180x180-1.png\",\"width\":180,\"height\":180,\"caption\":\"Sudoesteacontece\"},\"image\":{\"@id\":\"https:\/\/sudoesteacontece.com.br\/#\/schema\/logo\/image\/\"},\"sameAs\":[\"https:\/\/www.facebook.com\/sudoesteacontece\/?locale=pt_BR\"]},{\"@type\":\"Person\",\"@id\":\"https:\/\/sudoesteacontece.com.br\/#\/schema\/person\/a4f22429c1d0923ef8f7d43343f8dc38\",\"name\":\"Reda\u00e7\u00e3o\",\"image\":{\"@type\":\"ImageObject\",\"inLanguage\":\"pt-BR\",\"@id\":\"https:\/\/sudoesteacontece.com.br\/#\/schema\/person\/image\/\",\"url\":\"https:\/\/secure.gravatar.com\/avatar\/c3a5b3c93f268a709c25a2df414c629a96fb3b1b4bf97a94fb3f72e54ae76903?s=96&d=mm&r=g\",\"contentUrl\":\"https:\/\/secure.gravatar.com\/avatar\/c3a5b3c93f268a709c25a2df414c629a96fb3b1b4bf97a94fb3f72e54ae76903?s=96&d=mm&r=g\",\"caption\":\"Reda\u00e7\u00e3o\"},\"url\":\"https:\/\/sudoesteacontece.com.br\/?author=4\"}]}<\/script>\n<!-- \/ Yoast SEO plugin. -->","yoast_head_json":{"title":"Chuvas de ver\u00e3o recuperam aguadas em Brumado, mas causam transtornos na zona rural - Sudoesteacontece","robots":{"index":"index","follow":"follow","max-snippet":"max-snippet:-1","max-image-preview":"max-image-preview:large","max-video-preview":"max-video-preview:-1"},"canonical":"https:\/\/sudoesteacontece.com.br\/?p=5472","og_locale":"pt_BR","og_type":"article","og_title":"Chuvas de ver\u00e3o recuperam aguadas em Brumado, mas causam transtornos na zona rural - Sudoesteacontece","og_description":"Chuvas intensas voltaram a cair em Brumado nos \u00faltimos dias e come\u00e7am a recuperar aguadas na zona rural ap\u00f3s um longo per\u00edodo de estiagem. O volume trouxe al\u00edvio para comunidades afetadas pela seca, mas tamb\u00e9m provocou alagamentos e transtornos pontuais, segundo a Diretoria Municipal de Recursos H\u00eddricos. De acordo com o diretor Sim\u00e3o Dutra, na sede do munic\u00edpio a chuva ocorreu de forma mais regular. Em algumas localidades rurais, por\u00e9m, a precipita\u00e7\u00e3o foi concentrada e acima da m\u00e9dia, o que gerou problemas para moradores, especialmente durante a madrugada do domingo (4). Na Vila Presidente Vargas, o \u00edndice pluviom\u00e9trico chegou a cerca de 150 mil\u00edmetros em poucas horas. Nove casas ficaram alagadas e uma fam\u00edlia precisou ser desalojada por risco de desabamento. A prefeitura prestou assist\u00eancia imediata, realizou vistorias e iniciou a retirada de entulhos com apoio de m\u00e1quinas. J\u00e1 na comunidade de Lagoa do Fac\u00e3o, a aguada requalificada recentemente voltou a encher ap\u00f3s registrar 137 mil\u00edmetros de chuva. O mesmo cen\u00e1rio foi observado em Lagoa do Mour\u00e3o, no distrito de Itaquara\u00ed, e na regi\u00e3o do Mucambo, onde moradores comemoraram o ac\u00famulo de \u00e1gua. Na \u00e1rea urbana, os efeitos tamb\u00e9m foram sentidos. Pontos cr\u00edticos, como as avenidas Centen\u00e1rio e Coronel Santos, registraram alagamentos. O volume variou entre os bairros, com 75 mil\u00edmetros no Santa Tereza e cerca de 80 mil\u00edmetros no Centro da cidade. Apesar do avan\u00e7o na recupera\u00e7\u00e3o h\u00eddrica, Sim\u00e3o Dutra destacou que as chuvas foram mal distribu\u00eddas em Brumado. A previs\u00e3o indica continuidade do per\u00edodo chuvoso nos pr\u00f3ximos dias, o que mant\u00e9m a expectativa de melhora gradual das aguadas e aten\u00e7\u00e3o redobrada para novas ocorr\u00eancias.","og_url":"https:\/\/sudoesteacontece.com.br\/?p=5472","og_site_name":"Sudoesteacontece","article_publisher":"https:\/\/www.facebook.com\/sudoesteacontece\/?locale=pt_BR","article_published_time":"2026-01-06T13:42:13+00:00","article_modified_time":"2026-01-06T13:42:16+00:00","og_image":[{"width":1800,"height":1156,"url":"https:\/\/sudoesteacontece.com.br\/wp-content\/uploads\/2025\/11\/Disputa-historica-CDL-de-Brumado-tera-eleicao-com-duas-chapas-pela-primeira-vez-em-50-anos-sudoeste-acontece.jpg","type":"image\/jpeg"}],"author":"Reda\u00e7\u00e3o","twitter_card":"summary_large_image","twitter_misc":{"Escrito por":"Reda\u00e7\u00e3o","Est. tempo de leitura":"2 minutos"},"schema":{"@context":"https:\/\/schema.org","@graph":[{"@type":"Article","@id":"https:\/\/sudoesteacontece.com.br\/?p=5472#article","isPartOf":{"@id":"https:\/\/sudoesteacontece.com.br\/?p=5472"},"author":{"name":"Reda\u00e7\u00e3o","@id":"https:\/\/sudoesteacontece.com.br\/#\/schema\/person\/a4f22429c1d0923ef8f7d43343f8dc38"},"headline":"Chuvas de ver\u00e3o recuperam aguadas em Brumado, mas causam transtornos na zona rural","datePublished":"2026-01-06T13:42:13+00:00","dateModified":"2026-01-06T13:42:16+00:00","mainEntityOfPage":{"@id":"https:\/\/sudoesteacontece.com.br\/?p=5472"},"wordCount":319,"commentCount":0,"publisher":{"@id":"https:\/\/sudoesteacontece.com.br\/#organization"},"image":{"@id":"https:\/\/sudoesteacontece.com.br\/?p=5472#primaryimage"},"thumbnailUrl":"https:\/\/sudoesteacontece.com.br\/wp-content\/uploads\/2025\/11\/Disputa-historica-CDL-de-Brumado-tera-eleicao-com-duas-chapas-pela-primeira-vez-em-50-anos-sudoeste-acontece.jpg","articleSection":["Brumado","Cidades","Pol\u00edtica"],"inLanguage":"pt-BR","potentialAction":[{"@type":"CommentAction","name":"Comment","target":["https:\/\/sudoesteacontece.com.br\/?p=5472#respond"]}]},{"@type":"WebPage","@id":"https:\/\/sudoesteacontece.com.br\/?p=5472","url":"https:\/\/sudoesteacontece.com.br\/?p=5472","name":"Chuvas de ver\u00e3o recuperam aguadas em Brumado, mas causam transtornos na zona rural - Sudoesteacontece","isPartOf":{"@id":"https:\/\/sudoesteacontece.com.br\/#website"},"primaryImageOfPage":{"@id":"https:\/\/sudoesteacontece.com.br\/?p=5472#primaryimage"},"image":{"@id":"https:\/\/sudoesteacontece.com.br\/?p=5472#primaryimage"},"thumbnailUrl":"https:\/\/sudoesteacontece.com.br\/wp-content\/uploads\/2025\/11\/Disputa-historica-CDL-de-Brumado-tera-eleicao-com-duas-chapas-pela-primeira-vez-em-50-anos-sudoeste-acontece.jpg","datePublished":"2026-01-06T13:42:13+00:00","dateModified":"2026-01-06T13:42:16+00:00","breadcrumb":{"@id":"https:\/\/sudoesteacontece.com.br\/?p=5472#breadcrumb"},"inLanguage":"pt-BR","potentialAction":[{"@type":"ReadAction","target":["https:\/\/sudoesteacontece.com.br\/?p=5472"]}]},{"@type":"ImageObject","inLanguage":"pt-BR","@id":"https:\/\/sudoesteacontece.com.br\/?p=5472#primaryimage","url":"https:\/\/sudoesteacontece.com.br\/wp-content\/uploads\/2025\/11\/Disputa-historica-CDL-de-Brumado-tera-eleicao-com-duas-chapas-pela-primeira-vez-em-50-anos-sudoeste-acontece.jpg","contentUrl":"https:\/\/sudoesteacontece.com.br\/wp-content\/uploads\/2025\/11\/Disputa-historica-CDL-de-Brumado-tera-eleicao-com-duas-chapas-pela-primeira-vez-em-50-anos-sudoeste-acontece.jpg","width":1800,"height":1156,"caption":"Foto Washington Tiago Sudoeste Acontece"},{"@type":"BreadcrumbList","@id":"https:\/\/sudoesteacontece.com.br\/?p=5472#breadcrumb","itemListElement":[{"@type":"ListItem","position":1,"name":"In\u00edcio","item":"https:\/\/sudoesteacontece.com.br\/"},{"@type":"ListItem","position":2,"name":"Chuvas de ver\u00e3o recuperam aguadas em Brumado, mas causam transtornos na zona rural"}]},{"@type":"WebSite","@id":"https:\/\/sudoesteacontece.com.br\/#website","url":"https:\/\/sudoesteacontece.com.br\/","name":"Sudoesteacontece","description":"","publisher":{"@id":"https:\/\/sudoesteacontece.com.br\/#organization"},"potentialAction":[{"@type":"SearchAction","target":{"@type":"EntryPoint","urlTemplate":"https:\/\/sudoesteacontece.com.br\/?s={search_term_string}"},"query-input":{"@type":"PropertyValueSpecification","valueRequired":true,"valueName":"search_term_string"}}],"inLanguage":"pt-BR"},{"@type":"Organization","@id":"https:\/\/sudoesteacontece.com.br\/#organization","name":"Sudoesteacontece","url":"https:\/\/sudoesteacontece.com.br\/","logo":{"@type":"ImageObject","inLanguage":"pt-BR","@id":"https:\/\/sudoesteacontece.com.br\/#\/schema\/logo\/image\/","url":"https:\/\/sudoesteacontece.com.br\/wp-content\/uploads\/2025\/12\/cropped-logo-2-180x180-1.png","contentUrl":"https:\/\/sudoesteacontece.com.br\/wp-content\/uploads\/2025\/12\/cropped-logo-2-180x180-1.png","width":180,"height":180,"caption":"Sudoesteacontece"},"image":{"@id":"https:\/\/sudoesteacontece.com.br\/#\/schema\/logo\/image\/"},"sameAs":["https:\/\/www.facebook.com\/sudoesteacontece\/?locale=pt_BR"]},{"@type":"Person","@id":"https:\/\/sudoesteacontece.com.br\/#\/schema\/person\/a4f22429c1d0923ef8f7d43343f8dc38","name":"Reda\u00e7\u00e3o","image":{"@type":"ImageObject","inLanguage":"pt-BR","@id":"https:\/\/sudoesteacontece.com.br\/#\/schema\/person\/image\/","url":"https:\/\/secure.gravatar.com\/avatar\/c3a5b3c93f268a709c25a2df414c629a96fb3b1b4bf97a94fb3f72e54ae76903?s=96&d=mm&r=g","contentUrl":"https:\/\/secure.gravatar.com\/avatar\/c3a5b3c93f268a709c25a2df414c629a96fb3b1b4bf97a94fb3f72e54ae76903?s=96&d=mm&r=g","caption":"Reda\u00e7\u00e3o"},"url":"https:\/\/sudoesteacontece.com.br\/?author=4"}]}},"_links":{"self":[{"href":"https:\/\/sudoesteacontece.com.br\/index.php?rest_route=\/wp\/v2\/posts\/5472","targetHints":{"allow":["GET"]}}],"collection":[{"href":"https:\/\/sudoesteacontece.com.br\/index.php?rest_route=\/wp\/v2\/posts"}],"about":[{"href":"https:\/\/sudoesteacontece.com.br\/index.php?rest_route=\/wp\/v2\/types\/post"}],"author":[{"embeddable":true,"href":"https:\/\/sudoesteacontece.com.br\/index.php?rest_route=\/wp\/v2\/users\/4"}],"replies":[{"embeddable":true,"href":"https:\/\/sudoesteacontece.com.br\/index.php?rest_route=%2Fwp%2Fv2%2Fcomments&post=5472"}],"version-history":[{"count":0,"href":"https:\/\/sudoesteacontece.com.br\/index.php?rest_route=\/wp\/v2\/posts\/5472\/revisions"}],"wp:featuredmedia":[{"embeddable":true,"href":"https:\/\/sudoesteacontece.com.br\/index.php?rest_route=\/wp\/v2\/media\/1547"}],"wp:attachment":[{"href":"https:\/\/sudoesteacontece.com.br\/index.php?rest_route=%2Fwp%2Fv2%2Fmedia&parent=5472"}],"wp:term":[{"taxonomy":"category","embeddable":true,"href":"https:\/\/sudoesteacontece.com.br\/index.php?rest_route=%2Fwp%2Fv2%2Fcategories&post=5472"},{"taxonomy":"post_tag","embeddable":true,"href":"https:\/\/sudoesteacontece.com.br\/index.php?rest_route=%2Fwp%2Fv2%2Ftags&post=5472"}],"curies":[{"name":"wp","href":"https:\/\/api.w.org\/{rel}","templated":true}]}}