{"id":5505,"date":"2026-01-06T16:47:40","date_gmt":"2026-01-06T19:47:40","guid":{"rendered":"https:\/\/sudoesteacontece.com.br\/?p=5505"},"modified":"2026-01-06T16:47:42","modified_gmt":"2026-01-06T19:47:42","slug":"pastora-baleada-na-engomadeira-morre-apos-seis-meses-internada-em-salvador","status":"publish","type":"post","link":"https:\/\/sudoesteacontece.com.br\/?p=5505","title":{"rendered":"Pastora baleada na Engomadeira morre ap\u00f3s seis meses internada em Salvador"},"content":{"rendered":"<div class=\"wp-block-image\">\n<figure class=\"aligncenter size-full\"><img fetchpriority=\"high\" decoding=\"async\" width=\"900\" height=\"600\" src=\"http:\/\/sudoesteacontece.com.br\/wp-content\/uploads\/2026\/01\/Pastora-baleada-na-Engomadeira-morre-apos-seis-meses-internada-em-Salvador.jpg\" alt=\"\" class=\"wp-image-5519\" srcset=\"https:\/\/sudoesteacontece.com.br\/wp-content\/uploads\/2026\/01\/Pastora-baleada-na-Engomadeira-morre-apos-seis-meses-internada-em-Salvador.jpg 900w, https:\/\/sudoesteacontece.com.br\/wp-content\/uploads\/2026\/01\/Pastora-baleada-na-Engomadeira-morre-apos-seis-meses-internada-em-Salvador-300x200.jpg 300w, https:\/\/sudoesteacontece.com.br\/wp-content\/uploads\/2026\/01\/Pastora-baleada-na-Engomadeira-morre-apos-seis-meses-internada-em-Salvador-768x512.jpg 768w\" sizes=\"(max-width: 900px) 100vw, 900px\" \/><\/figure>\n<\/div>\n\n\n<p>Seis meses ap\u00f3s ser baleada na cabe\u00e7a durante um ataque a tiros, a pastora Carine Carvalho morreu nesta ter\u00e7a-feira (6), em Salvador. Ela estava internada desde julho do ano passado, passou por cirurgia e seguia em tratamento m\u00e9dico. At\u00e9 o momento, nenhum suspeito pelo crime foi preso.<\/p>\n\n\n\n<p>O ataque ocorreu no dia 5 de julho, no bairro da Engomadeira, quando Carine estava com o marido, o tamb\u00e9m pastor Manoel Carvalho, e os filhos. A fam\u00edlia retornava de um evento gospel e seguia para deixar um amigo em casa quando foi surpreendida por homens armados na localidade.<\/p>\n\n\n\n<p>Segundo relato do marido, ao perceber a presen\u00e7a dos suspeitos, ele se identificou como pastor e mostrou a b\u00edblia. Inicialmente, o grupo teria permitido a passagem do ve\u00edculo. No entanto, ap\u00f3s deixar o morador no local, o carro da fam\u00edlia foi alvo de diversos disparos.<\/p>\n\n\n\n<p>A pastora foi socorrida e levada ao Hospital Geral Roberto Santos, onde passou por uma cirurgia de cerca de quatro horas para retirada do proj\u00e9til. Na \u00e9poca, a equipe m\u00e9dica informou que o estado de sa\u00fade dela era est\u00e1vel, embora exigisse cuidados cont\u00ednuos e acompanhamento especializado.<\/p>\n\n\n\n<p>Posteriormente, Carine foi transferida para o Hospital de Cuidados Paliativos, no bairro de Monte Serrat, onde permaneceu internada durante todo o per\u00edodo de recupera\u00e7\u00e3o. Apesar dos esfor\u00e7os m\u00e9dicos, o quadro cl\u00ednico evoluiu de forma desfavor\u00e1vel, resultando na morte da l\u00edder religiosa.<\/p>\n\n\n\n<p>Conforme informa\u00e7\u00f5es divulgadas pela TV Bahia, a fam\u00edlia informou que j\u00e1 providencia os tr\u00e2mites legais para o sepultamento. O enterro deve ocorrer no Cemit\u00e9rio Bosque da Paz, no bairro de Nova Bras\u00edlia, enquanto o caso segue sem esclarecimento policial.<\/p>\n","protected":false},"excerpt":{"rendered":"<p>Seis meses ap\u00f3s ser baleada na cabe\u00e7a durante um ataque a tiros, a pastora Carine Carvalho morreu nesta ter\u00e7a-feira (6), em Salvador. Ela estava internada desde julho do ano passado, passou por cirurgia e seguia em tratamento m\u00e9dico. At\u00e9 o momento, nenhum suspeito pelo crime foi preso. O ataque ocorreu no dia 5 de julho, no bairro da Engomadeira, quando Carine estava com o marido, o tamb\u00e9m pastor Manoel Carvalho, e os filhos. A fam\u00edlia retornava de um evento gospel e seguia para deixar um amigo em casa quando foi surpreendida por homens armados na localidade. Segundo relato do marido, ao perceber a presen\u00e7a dos suspeitos, ele se identificou como pastor e mostrou a b\u00edblia. Inicialmente, o grupo teria permitido a passagem do ve\u00edculo. No entanto, ap\u00f3s deixar o morador no local, o carro da fam\u00edlia foi alvo de diversos disparos. A pastora foi socorrida e levada ao Hospital Geral Roberto Santos, onde passou por uma cirurgia de cerca de quatro horas para retirada do proj\u00e9til. Na \u00e9poca, a equipe m\u00e9dica informou que o estado de sa\u00fade dela era est\u00e1vel, embora exigisse cuidados cont\u00ednuos e acompanhamento especializado. Posteriormente, Carine foi transferida para o Hospital de Cuidados Paliativos, no bairro de Monte Serrat, onde permaneceu internada durante todo o per\u00edodo de recupera\u00e7\u00e3o. Apesar dos esfor\u00e7os m\u00e9dicos, o quadro cl\u00ednico evoluiu de forma desfavor\u00e1vel, resultando na morte da l\u00edder religiosa. Conforme informa\u00e7\u00f5es divulgadas pela TV Bahia, a fam\u00edlia informou que j\u00e1 providencia os tr\u00e2mites legais para o sepultamento. O enterro deve ocorrer no Cemit\u00e9rio Bosque da Paz, no bairro de Nova Bras\u00edlia, enquanto o caso segue sem esclarecimento policial.<\/p>\n","protected":false},"author":4,"featured_media":5519,"comment_status":"open","ping_status":"open","sticky":false,"template":"","format":"standard","meta":{"footnotes":""},"categories":[7,3,61],"tags":[],"class_list":["post-5505","post","type-post","status-publish","format-standard","has-post-thumbnail","hentry","category-bahia","category-policia","category-religiao"],"yoast_head":"<!-- This site is optimized with the Yoast SEO plugin v26.5 - https:\/\/yoast.com\/wordpress\/plugins\/seo\/ -->\n<title>Pastora baleada na Engomadeira morre ap\u00f3s seis meses internada em Salvador - Sudoesteacontece<\/title>\n<meta name=\"robots\" content=\"index, follow, max-snippet:-1, max-image-preview:large, max-video-preview:-1\" \/>\n<link rel=\"canonical\" href=\"https:\/\/sudoesteacontece.com.br\/?p=5505\" \/>\n<meta property=\"og:locale\" content=\"pt_BR\" \/>\n<meta property=\"og:type\" content=\"article\" \/>\n<meta property=\"og:title\" content=\"Pastora baleada na Engomadeira morre ap\u00f3s seis meses internada em Salvador - Sudoesteacontece\" \/>\n<meta property=\"og:description\" content=\"Seis meses ap\u00f3s ser baleada na cabe\u00e7a durante um ataque a tiros, a pastora Carine Carvalho morreu nesta ter\u00e7a-feira (6), em Salvador. Ela estava internada desde julho do ano passado, passou por cirurgia e seguia em tratamento m\u00e9dico. At\u00e9 o momento, nenhum suspeito pelo crime foi preso. O ataque ocorreu no dia 5 de julho, no bairro da Engomadeira, quando Carine estava com o marido, o tamb\u00e9m pastor Manoel Carvalho, e os filhos. A fam\u00edlia retornava de um evento gospel e seguia para deixar um amigo em casa quando foi surpreendida por homens armados na localidade. Segundo relato do marido, ao perceber a presen\u00e7a dos suspeitos, ele se identificou como pastor e mostrou a b\u00edblia. Inicialmente, o grupo teria permitido a passagem do ve\u00edculo. No entanto, ap\u00f3s deixar o morador no local, o carro da fam\u00edlia foi alvo de diversos disparos. A pastora foi socorrida e levada ao Hospital Geral Roberto Santos, onde passou por uma cirurgia de cerca de quatro horas para retirada do proj\u00e9til. Na \u00e9poca, a equipe m\u00e9dica informou que o estado de sa\u00fade dela era est\u00e1vel, embora exigisse cuidados cont\u00ednuos e acompanhamento especializado. Posteriormente, Carine foi transferida para o Hospital de Cuidados Paliativos, no bairro de Monte Serrat, onde permaneceu internada durante todo o per\u00edodo de recupera\u00e7\u00e3o. Apesar dos esfor\u00e7os m\u00e9dicos, o quadro cl\u00ednico evoluiu de forma desfavor\u00e1vel, resultando na morte da l\u00edder religiosa. Conforme informa\u00e7\u00f5es divulgadas pela TV Bahia, a fam\u00edlia informou que j\u00e1 providencia os tr\u00e2mites legais para o sepultamento. O enterro deve ocorrer no Cemit\u00e9rio Bosque da Paz, no bairro de Nova Bras\u00edlia, enquanto o caso segue sem esclarecimento policial.\" \/>\n<meta property=\"og:url\" content=\"https:\/\/sudoesteacontece.com.br\/?p=5505\" \/>\n<meta property=\"og:site_name\" content=\"Sudoesteacontece\" \/>\n<meta property=\"article:publisher\" content=\"https:\/\/www.facebook.com\/sudoesteacontece\/?locale=pt_BR\" \/>\n<meta property=\"article:published_time\" content=\"2026-01-06T19:47:40+00:00\" \/>\n<meta property=\"article:modified_time\" content=\"2026-01-06T19:47:42+00:00\" \/>\n<meta property=\"og:image\" content=\"https:\/\/sudoesteacontece.com.br\/wp-content\/uploads\/2026\/01\/Pastora-baleada-na-Engomadeira-morre-apos-seis-meses-internada-em-Salvador.jpg\" \/>\n\t<meta property=\"og:image:width\" content=\"900\" \/>\n\t<meta property=\"og:image:height\" content=\"600\" \/>\n\t<meta property=\"og:image:type\" content=\"image\/jpeg\" \/>\n<meta name=\"author\" content=\"Reda\u00e7\u00e3o\" \/>\n<meta name=\"twitter:card\" content=\"summary_large_image\" \/>\n<meta name=\"twitter:label1\" content=\"Escrito por\" \/>\n\t<meta name=\"twitter:data1\" content=\"Reda\u00e7\u00e3o\" \/>\n\t<meta name=\"twitter:label2\" content=\"Est. tempo de leitura\" \/>\n\t<meta name=\"twitter:data2\" content=\"2 minutos\" \/>\n<script type=\"application\/ld+json\" class=\"yoast-schema-graph\">{\"@context\":\"https:\/\/schema.org\",\"@graph\":[{\"@type\":\"Article\",\"@id\":\"https:\/\/sudoesteacontece.com.br\/?p=5505#article\",\"isPartOf\":{\"@id\":\"https:\/\/sudoesteacontece.com.br\/?p=5505\"},\"author\":{\"name\":\"Reda\u00e7\u00e3o\",\"@id\":\"https:\/\/sudoesteacontece.com.br\/#\/schema\/person\/a4f22429c1d0923ef8f7d43343f8dc38\"},\"headline\":\"Pastora baleada na Engomadeira morre ap\u00f3s seis meses internada em Salvador\",\"datePublished\":\"2026-01-06T19:47:40+00:00\",\"dateModified\":\"2026-01-06T19:47:42+00:00\",\"mainEntityOfPage\":{\"@id\":\"https:\/\/sudoesteacontece.com.br\/?p=5505\"},\"wordCount\":305,\"commentCount\":0,\"publisher\":{\"@id\":\"https:\/\/sudoesteacontece.com.br\/#organization\"},\"image\":{\"@id\":\"https:\/\/sudoesteacontece.com.br\/?p=5505#primaryimage\"},\"thumbnailUrl\":\"https:\/\/sudoesteacontece.com.br\/wp-content\/uploads\/2026\/01\/Pastora-baleada-na-Engomadeira-morre-apos-seis-meses-internada-em-Salvador.jpg\",\"articleSection\":[\"Bahia\",\"Pol\u00edcia\",\"Religi\u00e3o\"],\"inLanguage\":\"pt-BR\",\"potentialAction\":[{\"@type\":\"CommentAction\",\"name\":\"Comment\",\"target\":[\"https:\/\/sudoesteacontece.com.br\/?p=5505#respond\"]}]},{\"@type\":\"WebPage\",\"@id\":\"https:\/\/sudoesteacontece.com.br\/?p=5505\",\"url\":\"https:\/\/sudoesteacontece.com.br\/?p=5505\",\"name\":\"Pastora baleada na Engomadeira morre ap\u00f3s seis meses internada em Salvador - Sudoesteacontece\",\"isPartOf\":{\"@id\":\"https:\/\/sudoesteacontece.com.br\/#website\"},\"primaryImageOfPage\":{\"@id\":\"https:\/\/sudoesteacontece.com.br\/?p=5505#primaryimage\"},\"image\":{\"@id\":\"https:\/\/sudoesteacontece.com.br\/?p=5505#primaryimage\"},\"thumbnailUrl\":\"https:\/\/sudoesteacontece.com.br\/wp-content\/uploads\/2026\/01\/Pastora-baleada-na-Engomadeira-morre-apos-seis-meses-internada-em-Salvador.jpg\",\"datePublished\":\"2026-01-06T19:47:40+00:00\",\"dateModified\":\"2026-01-06T19:47:42+00:00\",\"breadcrumb\":{\"@id\":\"https:\/\/sudoesteacontece.com.br\/?p=5505#breadcrumb\"},\"inLanguage\":\"pt-BR\",\"potentialAction\":[{\"@type\":\"ReadAction\",\"target\":[\"https:\/\/sudoesteacontece.com.br\/?p=5505\"]}]},{\"@type\":\"ImageObject\",\"inLanguage\":\"pt-BR\",\"@id\":\"https:\/\/sudoesteacontece.com.br\/?p=5505#primaryimage\",\"url\":\"https:\/\/sudoesteacontece.com.br\/wp-content\/uploads\/2026\/01\/Pastora-baleada-na-Engomadeira-morre-apos-seis-meses-internada-em-Salvador.jpg\",\"contentUrl\":\"https:\/\/sudoesteacontece.com.br\/wp-content\/uploads\/2026\/01\/Pastora-baleada-na-Engomadeira-morre-apos-seis-meses-internada-em-Salvador.jpg\",\"width\":900,\"height\":600},{\"@type\":\"BreadcrumbList\",\"@id\":\"https:\/\/sudoesteacontece.com.br\/?p=5505#breadcrumb\",\"itemListElement\":[{\"@type\":\"ListItem\",\"position\":1,\"name\":\"In\u00edcio\",\"item\":\"https:\/\/sudoesteacontece.com.br\/\"},{\"@type\":\"ListItem\",\"position\":2,\"name\":\"Pastora baleada na Engomadeira morre ap\u00f3s seis meses internada em Salvador\"}]},{\"@type\":\"WebSite\",\"@id\":\"https:\/\/sudoesteacontece.com.br\/#website\",\"url\":\"https:\/\/sudoesteacontece.com.br\/\",\"name\":\"Sudoesteacontece\",\"description\":\"\",\"publisher\":{\"@id\":\"https:\/\/sudoesteacontece.com.br\/#organization\"},\"potentialAction\":[{\"@type\":\"SearchAction\",\"target\":{\"@type\":\"EntryPoint\",\"urlTemplate\":\"https:\/\/sudoesteacontece.com.br\/?s={search_term_string}\"},\"query-input\":{\"@type\":\"PropertyValueSpecification\",\"valueRequired\":true,\"valueName\":\"search_term_string\"}}],\"inLanguage\":\"pt-BR\"},{\"@type\":\"Organization\",\"@id\":\"https:\/\/sudoesteacontece.com.br\/#organization\",\"name\":\"Sudoesteacontece\",\"url\":\"https:\/\/sudoesteacontece.com.br\/\",\"logo\":{\"@type\":\"ImageObject\",\"inLanguage\":\"pt-BR\",\"@id\":\"https:\/\/sudoesteacontece.com.br\/#\/schema\/logo\/image\/\",\"url\":\"https:\/\/sudoesteacontece.com.br\/wp-content\/uploads\/2025\/12\/cropped-logo-2-180x180-1.png\",\"contentUrl\":\"https:\/\/sudoesteacontece.com.br\/wp-content\/uploads\/2025\/12\/cropped-logo-2-180x180-1.png\",\"width\":180,\"height\":180,\"caption\":\"Sudoesteacontece\"},\"image\":{\"@id\":\"https:\/\/sudoesteacontece.com.br\/#\/schema\/logo\/image\/\"},\"sameAs\":[\"https:\/\/www.facebook.com\/sudoesteacontece\/?locale=pt_BR\"]},{\"@type\":\"Person\",\"@id\":\"https:\/\/sudoesteacontece.com.br\/#\/schema\/person\/a4f22429c1d0923ef8f7d43343f8dc38\",\"name\":\"Reda\u00e7\u00e3o\",\"image\":{\"@type\":\"ImageObject\",\"inLanguage\":\"pt-BR\",\"@id\":\"https:\/\/sudoesteacontece.com.br\/#\/schema\/person\/image\/\",\"url\":\"https:\/\/secure.gravatar.com\/avatar\/c3a5b3c93f268a709c25a2df414c629a96fb3b1b4bf97a94fb3f72e54ae76903?s=96&d=mm&r=g\",\"contentUrl\":\"https:\/\/secure.gravatar.com\/avatar\/c3a5b3c93f268a709c25a2df414c629a96fb3b1b4bf97a94fb3f72e54ae76903?s=96&d=mm&r=g\",\"caption\":\"Reda\u00e7\u00e3o\"},\"url\":\"https:\/\/sudoesteacontece.com.br\/?author=4\"}]}<\/script>\n<!-- \/ Yoast SEO plugin. -->","yoast_head_json":{"title":"Pastora baleada na Engomadeira morre ap\u00f3s seis meses internada em Salvador - Sudoesteacontece","robots":{"index":"index","follow":"follow","max-snippet":"max-snippet:-1","max-image-preview":"max-image-preview:large","max-video-preview":"max-video-preview:-1"},"canonical":"https:\/\/sudoesteacontece.com.br\/?p=5505","og_locale":"pt_BR","og_type":"article","og_title":"Pastora baleada na Engomadeira morre ap\u00f3s seis meses internada em Salvador - Sudoesteacontece","og_description":"Seis meses ap\u00f3s ser baleada na cabe\u00e7a durante um ataque a tiros, a pastora Carine Carvalho morreu nesta ter\u00e7a-feira (6), em Salvador. Ela estava internada desde julho do ano passado, passou por cirurgia e seguia em tratamento m\u00e9dico. At\u00e9 o momento, nenhum suspeito pelo crime foi preso. O ataque ocorreu no dia 5 de julho, no bairro da Engomadeira, quando Carine estava com o marido, o tamb\u00e9m pastor Manoel Carvalho, e os filhos. A fam\u00edlia retornava de um evento gospel e seguia para deixar um amigo em casa quando foi surpreendida por homens armados na localidade. Segundo relato do marido, ao perceber a presen\u00e7a dos suspeitos, ele se identificou como pastor e mostrou a b\u00edblia. Inicialmente, o grupo teria permitido a passagem do ve\u00edculo. No entanto, ap\u00f3s deixar o morador no local, o carro da fam\u00edlia foi alvo de diversos disparos. A pastora foi socorrida e levada ao Hospital Geral Roberto Santos, onde passou por uma cirurgia de cerca de quatro horas para retirada do proj\u00e9til. Na \u00e9poca, a equipe m\u00e9dica informou que o estado de sa\u00fade dela era est\u00e1vel, embora exigisse cuidados cont\u00ednuos e acompanhamento especializado. Posteriormente, Carine foi transferida para o Hospital de Cuidados Paliativos, no bairro de Monte Serrat, onde permaneceu internada durante todo o per\u00edodo de recupera\u00e7\u00e3o. Apesar dos esfor\u00e7os m\u00e9dicos, o quadro cl\u00ednico evoluiu de forma desfavor\u00e1vel, resultando na morte da l\u00edder religiosa. Conforme informa\u00e7\u00f5es divulgadas pela TV Bahia, a fam\u00edlia informou que j\u00e1 providencia os tr\u00e2mites legais para o sepultamento. O enterro deve ocorrer no Cemit\u00e9rio Bosque da Paz, no bairro de Nova Bras\u00edlia, enquanto o caso segue sem esclarecimento policial.","og_url":"https:\/\/sudoesteacontece.com.br\/?p=5505","og_site_name":"Sudoesteacontece","article_publisher":"https:\/\/www.facebook.com\/sudoesteacontece\/?locale=pt_BR","article_published_time":"2026-01-06T19:47:40+00:00","article_modified_time":"2026-01-06T19:47:42+00:00","og_image":[{"width":900,"height":600,"url":"https:\/\/sudoesteacontece.com.br\/wp-content\/uploads\/2026\/01\/Pastora-baleada-na-Engomadeira-morre-apos-seis-meses-internada-em-Salvador.jpg","type":"image\/jpeg"}],"author":"Reda\u00e7\u00e3o","twitter_card":"summary_large_image","twitter_misc":{"Escrito por":"Reda\u00e7\u00e3o","Est. tempo de leitura":"2 minutos"},"schema":{"@context":"https:\/\/schema.org","@graph":[{"@type":"Article","@id":"https:\/\/sudoesteacontece.com.br\/?p=5505#article","isPartOf":{"@id":"https:\/\/sudoesteacontece.com.br\/?p=5505"},"author":{"name":"Reda\u00e7\u00e3o","@id":"https:\/\/sudoesteacontece.com.br\/#\/schema\/person\/a4f22429c1d0923ef8f7d43343f8dc38"},"headline":"Pastora baleada na Engomadeira morre ap\u00f3s seis meses internada em Salvador","datePublished":"2026-01-06T19:47:40+00:00","dateModified":"2026-01-06T19:47:42+00:00","mainEntityOfPage":{"@id":"https:\/\/sudoesteacontece.com.br\/?p=5505"},"wordCount":305,"commentCount":0,"publisher":{"@id":"https:\/\/sudoesteacontece.com.br\/#organization"},"image":{"@id":"https:\/\/sudoesteacontece.com.br\/?p=5505#primaryimage"},"thumbnailUrl":"https:\/\/sudoesteacontece.com.br\/wp-content\/uploads\/2026\/01\/Pastora-baleada-na-Engomadeira-morre-apos-seis-meses-internada-em-Salvador.jpg","articleSection":["Bahia","Pol\u00edcia","Religi\u00e3o"],"inLanguage":"pt-BR","potentialAction":[{"@type":"CommentAction","name":"Comment","target":["https:\/\/sudoesteacontece.com.br\/?p=5505#respond"]}]},{"@type":"WebPage","@id":"https:\/\/sudoesteacontece.com.br\/?p=5505","url":"https:\/\/sudoesteacontece.com.br\/?p=5505","name":"Pastora baleada na Engomadeira morre ap\u00f3s seis meses internada em Salvador - Sudoesteacontece","isPartOf":{"@id":"https:\/\/sudoesteacontece.com.br\/#website"},"primaryImageOfPage":{"@id":"https:\/\/sudoesteacontece.com.br\/?p=5505#primaryimage"},"image":{"@id":"https:\/\/sudoesteacontece.com.br\/?p=5505#primaryimage"},"thumbnailUrl":"https:\/\/sudoesteacontece.com.br\/wp-content\/uploads\/2026\/01\/Pastora-baleada-na-Engomadeira-morre-apos-seis-meses-internada-em-Salvador.jpg","datePublished":"2026-01-06T19:47:40+00:00","dateModified":"2026-01-06T19:47:42+00:00","breadcrumb":{"@id":"https:\/\/sudoesteacontece.com.br\/?p=5505#breadcrumb"},"inLanguage":"pt-BR","potentialAction":[{"@type":"ReadAction","target":["https:\/\/sudoesteacontece.com.br\/?p=5505"]}]},{"@type":"ImageObject","inLanguage":"pt-BR","@id":"https:\/\/sudoesteacontece.com.br\/?p=5505#primaryimage","url":"https:\/\/sudoesteacontece.com.br\/wp-content\/uploads\/2026\/01\/Pastora-baleada-na-Engomadeira-morre-apos-seis-meses-internada-em-Salvador.jpg","contentUrl":"https:\/\/sudoesteacontece.com.br\/wp-content\/uploads\/2026\/01\/Pastora-baleada-na-Engomadeira-morre-apos-seis-meses-internada-em-Salvador.jpg","width":900,"height":600},{"@type":"BreadcrumbList","@id":"https:\/\/sudoesteacontece.com.br\/?p=5505#breadcrumb","itemListElement":[{"@type":"ListItem","position":1,"name":"In\u00edcio","item":"https:\/\/sudoesteacontece.com.br\/"},{"@type":"ListItem","position":2,"name":"Pastora baleada na Engomadeira morre ap\u00f3s seis meses internada em Salvador"}]},{"@type":"WebSite","@id":"https:\/\/sudoesteacontece.com.br\/#website","url":"https:\/\/sudoesteacontece.com.br\/","name":"Sudoesteacontece","description":"","publisher":{"@id":"https:\/\/sudoesteacontece.com.br\/#organization"},"potentialAction":[{"@type":"SearchAction","target":{"@type":"EntryPoint","urlTemplate":"https:\/\/sudoesteacontece.com.br\/?s={search_term_string}"},"query-input":{"@type":"PropertyValueSpecification","valueRequired":true,"valueName":"search_term_string"}}],"inLanguage":"pt-BR"},{"@type":"Organization","@id":"https:\/\/sudoesteacontece.com.br\/#organization","name":"Sudoesteacontece","url":"https:\/\/sudoesteacontece.com.br\/","logo":{"@type":"ImageObject","inLanguage":"pt-BR","@id":"https:\/\/sudoesteacontece.com.br\/#\/schema\/logo\/image\/","url":"https:\/\/sudoesteacontece.com.br\/wp-content\/uploads\/2025\/12\/cropped-logo-2-180x180-1.png","contentUrl":"https:\/\/sudoesteacontece.com.br\/wp-content\/uploads\/2025\/12\/cropped-logo-2-180x180-1.png","width":180,"height":180,"caption":"Sudoesteacontece"},"image":{"@id":"https:\/\/sudoesteacontece.com.br\/#\/schema\/logo\/image\/"},"sameAs":["https:\/\/www.facebook.com\/sudoesteacontece\/?locale=pt_BR"]},{"@type":"Person","@id":"https:\/\/sudoesteacontece.com.br\/#\/schema\/person\/a4f22429c1d0923ef8f7d43343f8dc38","name":"Reda\u00e7\u00e3o","image":{"@type":"ImageObject","inLanguage":"pt-BR","@id":"https:\/\/sudoesteacontece.com.br\/#\/schema\/person\/image\/","url":"https:\/\/secure.gravatar.com\/avatar\/c3a5b3c93f268a709c25a2df414c629a96fb3b1b4bf97a94fb3f72e54ae76903?s=96&d=mm&r=g","contentUrl":"https:\/\/secure.gravatar.com\/avatar\/c3a5b3c93f268a709c25a2df414c629a96fb3b1b4bf97a94fb3f72e54ae76903?s=96&d=mm&r=g","caption":"Reda\u00e7\u00e3o"},"url":"https:\/\/sudoesteacontece.com.br\/?author=4"}]}},"_links":{"self":[{"href":"https:\/\/sudoesteacontece.com.br\/index.php?rest_route=\/wp\/v2\/posts\/5505","targetHints":{"allow":["GET"]}}],"collection":[{"href":"https:\/\/sudoesteacontece.com.br\/index.php?rest_route=\/wp\/v2\/posts"}],"about":[{"href":"https:\/\/sudoesteacontece.com.br\/index.php?rest_route=\/wp\/v2\/types\/post"}],"author":[{"embeddable":true,"href":"https:\/\/sudoesteacontece.com.br\/index.php?rest_route=\/wp\/v2\/users\/4"}],"replies":[{"embeddable":true,"href":"https:\/\/sudoesteacontece.com.br\/index.php?rest_route=%2Fwp%2Fv2%2Fcomments&post=5505"}],"version-history":[{"count":0,"href":"https:\/\/sudoesteacontece.com.br\/index.php?rest_route=\/wp\/v2\/posts\/5505\/revisions"}],"wp:featuredmedia":[{"embeddable":true,"href":"https:\/\/sudoesteacontece.com.br\/index.php?rest_route=\/wp\/v2\/media\/5519"}],"wp:attachment":[{"href":"https:\/\/sudoesteacontece.com.br\/index.php?rest_route=%2Fwp%2Fv2%2Fmedia&parent=5505"}],"wp:term":[{"taxonomy":"category","embeddable":true,"href":"https:\/\/sudoesteacontece.com.br\/index.php?rest_route=%2Fwp%2Fv2%2Fcategories&post=5505"},{"taxonomy":"post_tag","embeddable":true,"href":"https:\/\/sudoesteacontece.com.br\/index.php?rest_route=%2Fwp%2Fv2%2Ftags&post=5505"}],"curies":[{"name":"wp","href":"https:\/\/api.w.org\/{rel}","templated":true}]}}