{"id":5518,"date":"2026-01-06T17:05:18","date_gmt":"2026-01-06T20:05:18","guid":{"rendered":"https:\/\/sudoesteacontece.com.br\/?p=5518"},"modified":"2026-01-06T17:05:20","modified_gmt":"2026-01-06T20:05:20","slug":"homem-denuncia-agressao-e-injuria-no-centro-de-palmas-de-monte-alto","status":"publish","type":"post","link":"https:\/\/sudoesteacontece.com.br\/?p=5518","title":{"rendered":"Homem denuncia agress\u00e3o e inj\u00faria no centro de Palmas de Monte Alto"},"content":{"rendered":"<div class=\"wp-block-image\">\n<figure class=\"aligncenter size-full\"><img fetchpriority=\"high\" decoding=\"async\" width=\"900\" height=\"600\" src=\"http:\/\/sudoesteacontece.com.br\/wp-content\/uploads\/2026\/01\/Homem-denuncia-agressao-e-injuria-no-centro-de-Palmas-de-Monte-Alto-sudoeste-acontece.jpg\" alt=\"\" class=\"wp-image-5535\" srcset=\"https:\/\/sudoesteacontece.com.br\/wp-content\/uploads\/2026\/01\/Homem-denuncia-agressao-e-injuria-no-centro-de-Palmas-de-Monte-Alto-sudoeste-acontece.jpg 900w, https:\/\/sudoesteacontece.com.br\/wp-content\/uploads\/2026\/01\/Homem-denuncia-agressao-e-injuria-no-centro-de-Palmas-de-Monte-Alto-sudoeste-acontece-300x200.jpg 300w, https:\/\/sudoesteacontece.com.br\/wp-content\/uploads\/2026\/01\/Homem-denuncia-agressao-e-injuria-no-centro-de-Palmas-de-Monte-Alto-sudoeste-acontece-768x512.jpg 768w\" sizes=\"(max-width: 900px) 100vw, 900px\" \/><\/figure>\n<\/div>\n\n\n<p>Viol\u00eancia marcou a tarde de domingo (4) no centro de Palmas de Monte Alto, no sudoeste da Bahia. Um homem de 40 anos denunciou ter sido v\u00edtima de agress\u00e3o f\u00edsica e inj\u00faria enquanto caminhava pela Travessa Bar\u00e3o do Rio Branco, por volta das 16h. O caso gerou revolta e mobilizou a Pol\u00edcia Civil, que abriu investiga\u00e7\u00e3o para apurar as circunst\u00e2ncias do ocorrido.<\/p>\n\n\n\n<p>Segundo o relato registrado na delegacia, a v\u00edtima seguia pela via p\u00fablica acompanhada de um amigo quando foi surpreendida por uma mulher. Ela teria iniciado as agress\u00f5es de forma repentina, utilizando um objeto contundente. Os golpes atingiram principalmente o bra\u00e7o esquerdo e a regi\u00e3o das costelas, causando dores intensas e ferimentos vis\u00edveis.<\/p>\n\n\n\n<p>Durante as agress\u00f5es, o homem tamb\u00e9m teria sido alvo de ofensas verbais consideradas graves e sem qualquer fundamento. As inj\u00farias, segundo a den\u00fancia, ocorreram em meio aos ataques f\u00edsicos, aumentando o constrangimento e a tens\u00e3o no local. A situa\u00e7\u00e3o s\u00f3 foi interrompida ap\u00f3s a interven\u00e7\u00e3o de uma terceira pessoa que presenciou a cena.<\/p>\n\n\n\n<p>Ap\u00f3s o epis\u00f3dio, a v\u00edtima apresentou hematomas e les\u00f5es pelo corpo e decidiu procurar a delegacia para formalizar a queixa. Conforme informado, a motiva\u00e7\u00e3o da agress\u00e3o estaria relacionada a desentendimentos anteriores entre as partes, embora os detalhes ainda n\u00e3o tenham sido esclarecidos oficialmente.<\/p>\n\n\n\n<p>Agora, o caso segue sob apura\u00e7\u00e3o das autoridades competentes. A Pol\u00edcia Civil vai ouvir envolvidos e testemunhas para esclarecer os fatos e definir eventuais responsabilidades. At\u00e9 o momento, n\u00e3o h\u00e1 informa\u00e7\u00e3o sobre pris\u00e3o ou outras medidas adotadas contra a suspeita.<\/p>\n","protected":false},"excerpt":{"rendered":"<p>Viol\u00eancia marcou a tarde de domingo (4) no centro de Palmas de Monte Alto, no sudoeste da Bahia. Um homem de 40 anos denunciou ter sido v\u00edtima de agress\u00e3o f\u00edsica e inj\u00faria enquanto caminhava pela Travessa Bar\u00e3o do Rio Branco, por volta das 16h. O caso gerou revolta e mobilizou a Pol\u00edcia Civil, que abriu investiga\u00e7\u00e3o para apurar as circunst\u00e2ncias do ocorrido. Segundo o relato registrado na delegacia, a v\u00edtima seguia pela via p\u00fablica acompanhada de um amigo quando foi surpreendida por uma mulher. Ela teria iniciado as agress\u00f5es de forma repentina, utilizando um objeto contundente. Os golpes atingiram principalmente o bra\u00e7o esquerdo e a regi\u00e3o das costelas, causando dores intensas e ferimentos vis\u00edveis. Durante as agress\u00f5es, o homem tamb\u00e9m teria sido alvo de ofensas verbais consideradas graves e sem qualquer fundamento. As inj\u00farias, segundo a den\u00fancia, ocorreram em meio aos ataques f\u00edsicos, aumentando o constrangimento e a tens\u00e3o no local. A situa\u00e7\u00e3o s\u00f3 foi interrompida ap\u00f3s a interven\u00e7\u00e3o de uma terceira pessoa que presenciou a cena. Ap\u00f3s o epis\u00f3dio, a v\u00edtima apresentou hematomas e les\u00f5es pelo corpo e decidiu procurar a delegacia para formalizar a queixa. Conforme informado, a motiva\u00e7\u00e3o da agress\u00e3o estaria relacionada a desentendimentos anteriores entre as partes, embora os detalhes ainda n\u00e3o tenham sido esclarecidos oficialmente. Agora, o caso segue sob apura\u00e7\u00e3o das autoridades competentes. A Pol\u00edcia Civil vai ouvir envolvidos e testemunhas para esclarecer os fatos e definir eventuais responsabilidades. At\u00e9 o momento, n\u00e3o h\u00e1 informa\u00e7\u00e3o sobre pris\u00e3o ou outras medidas adotadas contra a suspeita.<\/p>\n","protected":false},"author":4,"featured_media":5535,"comment_status":"open","ping_status":"open","sticky":false,"template":"","format":"standard","meta":{"footnotes":""},"categories":[48,3],"tags":[],"class_list":["post-5518","post","type-post","status-publish","format-standard","has-post-thumbnail","hentry","category-palmas-de-monte-alto","category-policia"],"yoast_head":"<!-- This site is optimized with the Yoast SEO plugin v26.5 - https:\/\/yoast.com\/wordpress\/plugins\/seo\/ -->\n<title>Homem denuncia agress\u00e3o e inj\u00faria no centro de Palmas de Monte Alto - Sudoesteacontece<\/title>\n<meta name=\"robots\" content=\"index, follow, max-snippet:-1, max-image-preview:large, max-video-preview:-1\" \/>\n<link rel=\"canonical\" href=\"https:\/\/sudoesteacontece.com.br\/?p=5518\" \/>\n<meta property=\"og:locale\" content=\"pt_BR\" \/>\n<meta property=\"og:type\" content=\"article\" \/>\n<meta property=\"og:title\" content=\"Homem denuncia agress\u00e3o e inj\u00faria no centro de Palmas de Monte Alto - Sudoesteacontece\" \/>\n<meta property=\"og:description\" content=\"Viol\u00eancia marcou a tarde de domingo (4) no centro de Palmas de Monte Alto, no sudoeste da Bahia. Um homem de 40 anos denunciou ter sido v\u00edtima de agress\u00e3o f\u00edsica e inj\u00faria enquanto caminhava pela Travessa Bar\u00e3o do Rio Branco, por volta das 16h. O caso gerou revolta e mobilizou a Pol\u00edcia Civil, que abriu investiga\u00e7\u00e3o para apurar as circunst\u00e2ncias do ocorrido. Segundo o relato registrado na delegacia, a v\u00edtima seguia pela via p\u00fablica acompanhada de um amigo quando foi surpreendida por uma mulher. Ela teria iniciado as agress\u00f5es de forma repentina, utilizando um objeto contundente. Os golpes atingiram principalmente o bra\u00e7o esquerdo e a regi\u00e3o das costelas, causando dores intensas e ferimentos vis\u00edveis. Durante as agress\u00f5es, o homem tamb\u00e9m teria sido alvo de ofensas verbais consideradas graves e sem qualquer fundamento. As inj\u00farias, segundo a den\u00fancia, ocorreram em meio aos ataques f\u00edsicos, aumentando o constrangimento e a tens\u00e3o no local. A situa\u00e7\u00e3o s\u00f3 foi interrompida ap\u00f3s a interven\u00e7\u00e3o de uma terceira pessoa que presenciou a cena. Ap\u00f3s o epis\u00f3dio, a v\u00edtima apresentou hematomas e les\u00f5es pelo corpo e decidiu procurar a delegacia para formalizar a queixa. Conforme informado, a motiva\u00e7\u00e3o da agress\u00e3o estaria relacionada a desentendimentos anteriores entre as partes, embora os detalhes ainda n\u00e3o tenham sido esclarecidos oficialmente. Agora, o caso segue sob apura\u00e7\u00e3o das autoridades competentes. A Pol\u00edcia Civil vai ouvir envolvidos e testemunhas para esclarecer os fatos e definir eventuais responsabilidades. At\u00e9 o momento, n\u00e3o h\u00e1 informa\u00e7\u00e3o sobre pris\u00e3o ou outras medidas adotadas contra a suspeita.\" \/>\n<meta property=\"og:url\" content=\"https:\/\/sudoesteacontece.com.br\/?p=5518\" \/>\n<meta property=\"og:site_name\" content=\"Sudoesteacontece\" \/>\n<meta property=\"article:publisher\" content=\"https:\/\/www.facebook.com\/sudoesteacontece\/?locale=pt_BR\" \/>\n<meta property=\"article:published_time\" content=\"2026-01-06T20:05:18+00:00\" \/>\n<meta property=\"article:modified_time\" content=\"2026-01-06T20:05:20+00:00\" \/>\n<meta property=\"og:image\" content=\"https:\/\/sudoesteacontece.com.br\/wp-content\/uploads\/2026\/01\/Homem-denuncia-agressao-e-injuria-no-centro-de-Palmas-de-Monte-Alto-sudoeste-acontece.jpg\" \/>\n\t<meta property=\"og:image:width\" content=\"900\" \/>\n\t<meta property=\"og:image:height\" content=\"600\" \/>\n\t<meta property=\"og:image:type\" content=\"image\/jpeg\" \/>\n<meta name=\"author\" content=\"Reda\u00e7\u00e3o\" \/>\n<meta name=\"twitter:card\" content=\"summary_large_image\" \/>\n<meta name=\"twitter:label1\" content=\"Escrito por\" \/>\n\t<meta name=\"twitter:data1\" content=\"Reda\u00e7\u00e3o\" \/>\n\t<meta name=\"twitter:label2\" content=\"Est. tempo de leitura\" \/>\n\t<meta name=\"twitter:data2\" content=\"2 minutos\" \/>\n<script type=\"application\/ld+json\" class=\"yoast-schema-graph\">{\"@context\":\"https:\/\/schema.org\",\"@graph\":[{\"@type\":\"Article\",\"@id\":\"https:\/\/sudoesteacontece.com.br\/?p=5518#article\",\"isPartOf\":{\"@id\":\"https:\/\/sudoesteacontece.com.br\/?p=5518\"},\"author\":{\"name\":\"Reda\u00e7\u00e3o\",\"@id\":\"https:\/\/sudoesteacontece.com.br\/#\/schema\/person\/a4f22429c1d0923ef8f7d43343f8dc38\"},\"headline\":\"Homem denuncia agress\u00e3o e inj\u00faria no centro de Palmas de Monte Alto\",\"datePublished\":\"2026-01-06T20:05:18+00:00\",\"dateModified\":\"2026-01-06T20:05:20+00:00\",\"mainEntityOfPage\":{\"@id\":\"https:\/\/sudoesteacontece.com.br\/?p=5518\"},\"wordCount\":298,\"commentCount\":0,\"publisher\":{\"@id\":\"https:\/\/sudoesteacontece.com.br\/#organization\"},\"image\":{\"@id\":\"https:\/\/sudoesteacontece.com.br\/?p=5518#primaryimage\"},\"thumbnailUrl\":\"https:\/\/sudoesteacontece.com.br\/wp-content\/uploads\/2026\/01\/Homem-denuncia-agressao-e-injuria-no-centro-de-Palmas-de-Monte-Alto-sudoeste-acontece.jpg\",\"articleSection\":[\"Palmas de Monte Alto\",\"Pol\u00edcia\"],\"inLanguage\":\"pt-BR\",\"potentialAction\":[{\"@type\":\"CommentAction\",\"name\":\"Comment\",\"target\":[\"https:\/\/sudoesteacontece.com.br\/?p=5518#respond\"]}]},{\"@type\":\"WebPage\",\"@id\":\"https:\/\/sudoesteacontece.com.br\/?p=5518\",\"url\":\"https:\/\/sudoesteacontece.com.br\/?p=5518\",\"name\":\"Homem denuncia agress\u00e3o e inj\u00faria no centro de Palmas de Monte Alto - Sudoesteacontece\",\"isPartOf\":{\"@id\":\"https:\/\/sudoesteacontece.com.br\/#website\"},\"primaryImageOfPage\":{\"@id\":\"https:\/\/sudoesteacontece.com.br\/?p=5518#primaryimage\"},\"image\":{\"@id\":\"https:\/\/sudoesteacontece.com.br\/?p=5518#primaryimage\"},\"thumbnailUrl\":\"https:\/\/sudoesteacontece.com.br\/wp-content\/uploads\/2026\/01\/Homem-denuncia-agressao-e-injuria-no-centro-de-Palmas-de-Monte-Alto-sudoeste-acontece.jpg\",\"datePublished\":\"2026-01-06T20:05:18+00:00\",\"dateModified\":\"2026-01-06T20:05:20+00:00\",\"breadcrumb\":{\"@id\":\"https:\/\/sudoesteacontece.com.br\/?p=5518#breadcrumb\"},\"inLanguage\":\"pt-BR\",\"potentialAction\":[{\"@type\":\"ReadAction\",\"target\":[\"https:\/\/sudoesteacontece.com.br\/?p=5518\"]}]},{\"@type\":\"ImageObject\",\"inLanguage\":\"pt-BR\",\"@id\":\"https:\/\/sudoesteacontece.com.br\/?p=5518#primaryimage\",\"url\":\"https:\/\/sudoesteacontece.com.br\/wp-content\/uploads\/2026\/01\/Homem-denuncia-agressao-e-injuria-no-centro-de-Palmas-de-Monte-Alto-sudoeste-acontece.jpg\",\"contentUrl\":\"https:\/\/sudoesteacontece.com.br\/wp-content\/uploads\/2026\/01\/Homem-denuncia-agressao-e-injuria-no-centro-de-Palmas-de-Monte-Alto-sudoeste-acontece.jpg\",\"width\":900,\"height\":600},{\"@type\":\"BreadcrumbList\",\"@id\":\"https:\/\/sudoesteacontece.com.br\/?p=5518#breadcrumb\",\"itemListElement\":[{\"@type\":\"ListItem\",\"position\":1,\"name\":\"In\u00edcio\",\"item\":\"https:\/\/sudoesteacontece.com.br\/\"},{\"@type\":\"ListItem\",\"position\":2,\"name\":\"Homem denuncia agress\u00e3o e inj\u00faria no centro de Palmas de Monte Alto\"}]},{\"@type\":\"WebSite\",\"@id\":\"https:\/\/sudoesteacontece.com.br\/#website\",\"url\":\"https:\/\/sudoesteacontece.com.br\/\",\"name\":\"Sudoesteacontece\",\"description\":\"\",\"publisher\":{\"@id\":\"https:\/\/sudoesteacontece.com.br\/#organization\"},\"potentialAction\":[{\"@type\":\"SearchAction\",\"target\":{\"@type\":\"EntryPoint\",\"urlTemplate\":\"https:\/\/sudoesteacontece.com.br\/?s={search_term_string}\"},\"query-input\":{\"@type\":\"PropertyValueSpecification\",\"valueRequired\":true,\"valueName\":\"search_term_string\"}}],\"inLanguage\":\"pt-BR\"},{\"@type\":\"Organization\",\"@id\":\"https:\/\/sudoesteacontece.com.br\/#organization\",\"name\":\"Sudoesteacontece\",\"url\":\"https:\/\/sudoesteacontece.com.br\/\",\"logo\":{\"@type\":\"ImageObject\",\"inLanguage\":\"pt-BR\",\"@id\":\"https:\/\/sudoesteacontece.com.br\/#\/schema\/logo\/image\/\",\"url\":\"https:\/\/sudoesteacontece.com.br\/wp-content\/uploads\/2025\/12\/cropped-logo-2-180x180-1.png\",\"contentUrl\":\"https:\/\/sudoesteacontece.com.br\/wp-content\/uploads\/2025\/12\/cropped-logo-2-180x180-1.png\",\"width\":180,\"height\":180,\"caption\":\"Sudoesteacontece\"},\"image\":{\"@id\":\"https:\/\/sudoesteacontece.com.br\/#\/schema\/logo\/image\/\"},\"sameAs\":[\"https:\/\/www.facebook.com\/sudoesteacontece\/?locale=pt_BR\"]},{\"@type\":\"Person\",\"@id\":\"https:\/\/sudoesteacontece.com.br\/#\/schema\/person\/a4f22429c1d0923ef8f7d43343f8dc38\",\"name\":\"Reda\u00e7\u00e3o\",\"image\":{\"@type\":\"ImageObject\",\"inLanguage\":\"pt-BR\",\"@id\":\"https:\/\/sudoesteacontece.com.br\/#\/schema\/person\/image\/\",\"url\":\"https:\/\/secure.gravatar.com\/avatar\/c3a5b3c93f268a709c25a2df414c629a96fb3b1b4bf97a94fb3f72e54ae76903?s=96&d=mm&r=g\",\"contentUrl\":\"https:\/\/secure.gravatar.com\/avatar\/c3a5b3c93f268a709c25a2df414c629a96fb3b1b4bf97a94fb3f72e54ae76903?s=96&d=mm&r=g\",\"caption\":\"Reda\u00e7\u00e3o\"},\"url\":\"https:\/\/sudoesteacontece.com.br\/?author=4\"}]}<\/script>\n<!-- \/ Yoast SEO plugin. -->","yoast_head_json":{"title":"Homem denuncia agress\u00e3o e inj\u00faria no centro de Palmas de Monte Alto - Sudoesteacontece","robots":{"index":"index","follow":"follow","max-snippet":"max-snippet:-1","max-image-preview":"max-image-preview:large","max-video-preview":"max-video-preview:-1"},"canonical":"https:\/\/sudoesteacontece.com.br\/?p=5518","og_locale":"pt_BR","og_type":"article","og_title":"Homem denuncia agress\u00e3o e inj\u00faria no centro de Palmas de Monte Alto - Sudoesteacontece","og_description":"Viol\u00eancia marcou a tarde de domingo (4) no centro de Palmas de Monte Alto, no sudoeste da Bahia. Um homem de 40 anos denunciou ter sido v\u00edtima de agress\u00e3o f\u00edsica e inj\u00faria enquanto caminhava pela Travessa Bar\u00e3o do Rio Branco, por volta das 16h. O caso gerou revolta e mobilizou a Pol\u00edcia Civil, que abriu investiga\u00e7\u00e3o para apurar as circunst\u00e2ncias do ocorrido. Segundo o relato registrado na delegacia, a v\u00edtima seguia pela via p\u00fablica acompanhada de um amigo quando foi surpreendida por uma mulher. Ela teria iniciado as agress\u00f5es de forma repentina, utilizando um objeto contundente. Os golpes atingiram principalmente o bra\u00e7o esquerdo e a regi\u00e3o das costelas, causando dores intensas e ferimentos vis\u00edveis. Durante as agress\u00f5es, o homem tamb\u00e9m teria sido alvo de ofensas verbais consideradas graves e sem qualquer fundamento. As inj\u00farias, segundo a den\u00fancia, ocorreram em meio aos ataques f\u00edsicos, aumentando o constrangimento e a tens\u00e3o no local. A situa\u00e7\u00e3o s\u00f3 foi interrompida ap\u00f3s a interven\u00e7\u00e3o de uma terceira pessoa que presenciou a cena. Ap\u00f3s o epis\u00f3dio, a v\u00edtima apresentou hematomas e les\u00f5es pelo corpo e decidiu procurar a delegacia para formalizar a queixa. Conforme informado, a motiva\u00e7\u00e3o da agress\u00e3o estaria relacionada a desentendimentos anteriores entre as partes, embora os detalhes ainda n\u00e3o tenham sido esclarecidos oficialmente. Agora, o caso segue sob apura\u00e7\u00e3o das autoridades competentes. A Pol\u00edcia Civil vai ouvir envolvidos e testemunhas para esclarecer os fatos e definir eventuais responsabilidades. At\u00e9 o momento, n\u00e3o h\u00e1 informa\u00e7\u00e3o sobre pris\u00e3o ou outras medidas adotadas contra a suspeita.","og_url":"https:\/\/sudoesteacontece.com.br\/?p=5518","og_site_name":"Sudoesteacontece","article_publisher":"https:\/\/www.facebook.com\/sudoesteacontece\/?locale=pt_BR","article_published_time":"2026-01-06T20:05:18+00:00","article_modified_time":"2026-01-06T20:05:20+00:00","og_image":[{"width":900,"height":600,"url":"https:\/\/sudoesteacontece.com.br\/wp-content\/uploads\/2026\/01\/Homem-denuncia-agressao-e-injuria-no-centro-de-Palmas-de-Monte-Alto-sudoeste-acontece.jpg","type":"image\/jpeg"}],"author":"Reda\u00e7\u00e3o","twitter_card":"summary_large_image","twitter_misc":{"Escrito por":"Reda\u00e7\u00e3o","Est. tempo de leitura":"2 minutos"},"schema":{"@context":"https:\/\/schema.org","@graph":[{"@type":"Article","@id":"https:\/\/sudoesteacontece.com.br\/?p=5518#article","isPartOf":{"@id":"https:\/\/sudoesteacontece.com.br\/?p=5518"},"author":{"name":"Reda\u00e7\u00e3o","@id":"https:\/\/sudoesteacontece.com.br\/#\/schema\/person\/a4f22429c1d0923ef8f7d43343f8dc38"},"headline":"Homem denuncia agress\u00e3o e inj\u00faria no centro de Palmas de Monte Alto","datePublished":"2026-01-06T20:05:18+00:00","dateModified":"2026-01-06T20:05:20+00:00","mainEntityOfPage":{"@id":"https:\/\/sudoesteacontece.com.br\/?p=5518"},"wordCount":298,"commentCount":0,"publisher":{"@id":"https:\/\/sudoesteacontece.com.br\/#organization"},"image":{"@id":"https:\/\/sudoesteacontece.com.br\/?p=5518#primaryimage"},"thumbnailUrl":"https:\/\/sudoesteacontece.com.br\/wp-content\/uploads\/2026\/01\/Homem-denuncia-agressao-e-injuria-no-centro-de-Palmas-de-Monte-Alto-sudoeste-acontece.jpg","articleSection":["Palmas de Monte Alto","Pol\u00edcia"],"inLanguage":"pt-BR","potentialAction":[{"@type":"CommentAction","name":"Comment","target":["https:\/\/sudoesteacontece.com.br\/?p=5518#respond"]}]},{"@type":"WebPage","@id":"https:\/\/sudoesteacontece.com.br\/?p=5518","url":"https:\/\/sudoesteacontece.com.br\/?p=5518","name":"Homem denuncia agress\u00e3o e inj\u00faria no centro de Palmas de Monte Alto - Sudoesteacontece","isPartOf":{"@id":"https:\/\/sudoesteacontece.com.br\/#website"},"primaryImageOfPage":{"@id":"https:\/\/sudoesteacontece.com.br\/?p=5518#primaryimage"},"image":{"@id":"https:\/\/sudoesteacontece.com.br\/?p=5518#primaryimage"},"thumbnailUrl":"https:\/\/sudoesteacontece.com.br\/wp-content\/uploads\/2026\/01\/Homem-denuncia-agressao-e-injuria-no-centro-de-Palmas-de-Monte-Alto-sudoeste-acontece.jpg","datePublished":"2026-01-06T20:05:18+00:00","dateModified":"2026-01-06T20:05:20+00:00","breadcrumb":{"@id":"https:\/\/sudoesteacontece.com.br\/?p=5518#breadcrumb"},"inLanguage":"pt-BR","potentialAction":[{"@type":"ReadAction","target":["https:\/\/sudoesteacontece.com.br\/?p=5518"]}]},{"@type":"ImageObject","inLanguage":"pt-BR","@id":"https:\/\/sudoesteacontece.com.br\/?p=5518#primaryimage","url":"https:\/\/sudoesteacontece.com.br\/wp-content\/uploads\/2026\/01\/Homem-denuncia-agressao-e-injuria-no-centro-de-Palmas-de-Monte-Alto-sudoeste-acontece.jpg","contentUrl":"https:\/\/sudoesteacontece.com.br\/wp-content\/uploads\/2026\/01\/Homem-denuncia-agressao-e-injuria-no-centro-de-Palmas-de-Monte-Alto-sudoeste-acontece.jpg","width":900,"height":600},{"@type":"BreadcrumbList","@id":"https:\/\/sudoesteacontece.com.br\/?p=5518#breadcrumb","itemListElement":[{"@type":"ListItem","position":1,"name":"In\u00edcio","item":"https:\/\/sudoesteacontece.com.br\/"},{"@type":"ListItem","position":2,"name":"Homem denuncia agress\u00e3o e inj\u00faria no centro de Palmas de Monte Alto"}]},{"@type":"WebSite","@id":"https:\/\/sudoesteacontece.com.br\/#website","url":"https:\/\/sudoesteacontece.com.br\/","name":"Sudoesteacontece","description":"","publisher":{"@id":"https:\/\/sudoesteacontece.com.br\/#organization"},"potentialAction":[{"@type":"SearchAction","target":{"@type":"EntryPoint","urlTemplate":"https:\/\/sudoesteacontece.com.br\/?s={search_term_string}"},"query-input":{"@type":"PropertyValueSpecification","valueRequired":true,"valueName":"search_term_string"}}],"inLanguage":"pt-BR"},{"@type":"Organization","@id":"https:\/\/sudoesteacontece.com.br\/#organization","name":"Sudoesteacontece","url":"https:\/\/sudoesteacontece.com.br\/","logo":{"@type":"ImageObject","inLanguage":"pt-BR","@id":"https:\/\/sudoesteacontece.com.br\/#\/schema\/logo\/image\/","url":"https:\/\/sudoesteacontece.com.br\/wp-content\/uploads\/2025\/12\/cropped-logo-2-180x180-1.png","contentUrl":"https:\/\/sudoesteacontece.com.br\/wp-content\/uploads\/2025\/12\/cropped-logo-2-180x180-1.png","width":180,"height":180,"caption":"Sudoesteacontece"},"image":{"@id":"https:\/\/sudoesteacontece.com.br\/#\/schema\/logo\/image\/"},"sameAs":["https:\/\/www.facebook.com\/sudoesteacontece\/?locale=pt_BR"]},{"@type":"Person","@id":"https:\/\/sudoesteacontece.com.br\/#\/schema\/person\/a4f22429c1d0923ef8f7d43343f8dc38","name":"Reda\u00e7\u00e3o","image":{"@type":"ImageObject","inLanguage":"pt-BR","@id":"https:\/\/sudoesteacontece.com.br\/#\/schema\/person\/image\/","url":"https:\/\/secure.gravatar.com\/avatar\/c3a5b3c93f268a709c25a2df414c629a96fb3b1b4bf97a94fb3f72e54ae76903?s=96&d=mm&r=g","contentUrl":"https:\/\/secure.gravatar.com\/avatar\/c3a5b3c93f268a709c25a2df414c629a96fb3b1b4bf97a94fb3f72e54ae76903?s=96&d=mm&r=g","caption":"Reda\u00e7\u00e3o"},"url":"https:\/\/sudoesteacontece.com.br\/?author=4"}]}},"_links":{"self":[{"href":"https:\/\/sudoesteacontece.com.br\/index.php?rest_route=\/wp\/v2\/posts\/5518","targetHints":{"allow":["GET"]}}],"collection":[{"href":"https:\/\/sudoesteacontece.com.br\/index.php?rest_route=\/wp\/v2\/posts"}],"about":[{"href":"https:\/\/sudoesteacontece.com.br\/index.php?rest_route=\/wp\/v2\/types\/post"}],"author":[{"embeddable":true,"href":"https:\/\/sudoesteacontece.com.br\/index.php?rest_route=\/wp\/v2\/users\/4"}],"replies":[{"embeddable":true,"href":"https:\/\/sudoesteacontece.com.br\/index.php?rest_route=%2Fwp%2Fv2%2Fcomments&post=5518"}],"version-history":[{"count":0,"href":"https:\/\/sudoesteacontece.com.br\/index.php?rest_route=\/wp\/v2\/posts\/5518\/revisions"}],"wp:featuredmedia":[{"embeddable":true,"href":"https:\/\/sudoesteacontece.com.br\/index.php?rest_route=\/wp\/v2\/media\/5535"}],"wp:attachment":[{"href":"https:\/\/sudoesteacontece.com.br\/index.php?rest_route=%2Fwp%2Fv2%2Fmedia&parent=5518"}],"wp:term":[{"taxonomy":"category","embeddable":true,"href":"https:\/\/sudoesteacontece.com.br\/index.php?rest_route=%2Fwp%2Fv2%2Fcategories&post=5518"},{"taxonomy":"post_tag","embeddable":true,"href":"https:\/\/sudoesteacontece.com.br\/index.php?rest_route=%2Fwp%2Fv2%2Ftags&post=5518"}],"curies":[{"name":"wp","href":"https:\/\/api.w.org\/{rel}","templated":true}]}}