{"id":5540,"date":"2026-01-07T10:00:14","date_gmt":"2026-01-07T13:00:14","guid":{"rendered":"https:\/\/sudoesteacontece.com.br\/?p=5540"},"modified":"2026-01-07T10:00:16","modified_gmt":"2026-01-07T13:00:16","slug":"onibus-de-turismo-capota-apos-reveillon-em-salvador-mata-cinco-pessoas-e-deixa-47-feridos","status":"publish","type":"post","link":"https:\/\/sudoesteacontece.com.br\/?p=5540","title":{"rendered":"\u00d4nibus de turismo capota ap\u00f3s R\u00e9veillon em Salvador, mata cinco pessoas e deixa 47 feridos"},"content":{"rendered":"<div class=\"wp-block-image\">\n<figure class=\"aligncenter size-full\"><img fetchpriority=\"high\" decoding=\"async\" width=\"900\" height=\"600\" src=\"http:\/\/sudoesteacontece.com.br\/wp-content\/uploads\/2026\/01\/Onibus-de-turismo-capota-apos-Reveillon-em-Salvador-mata-cinco-pessoas-e-deixa-47-feridos-em-Minas-Gerais-sudoeste-acontece.jpg\" alt=\"\" class=\"wp-image-5573\" srcset=\"https:\/\/sudoesteacontece.com.br\/wp-content\/uploads\/2026\/01\/Onibus-de-turismo-capota-apos-Reveillon-em-Salvador-mata-cinco-pessoas-e-deixa-47-feridos-em-Minas-Gerais-sudoeste-acontece.jpg 900w, https:\/\/sudoesteacontece.com.br\/wp-content\/uploads\/2026\/01\/Onibus-de-turismo-capota-apos-Reveillon-em-Salvador-mata-cinco-pessoas-e-deixa-47-feridos-em-Minas-Gerais-sudoeste-acontece-300x200.jpg 300w, https:\/\/sudoesteacontece.com.br\/wp-content\/uploads\/2026\/01\/Onibus-de-turismo-capota-apos-Reveillon-em-Salvador-mata-cinco-pessoas-e-deixa-47-feridos-em-Minas-Gerais-sudoeste-acontece-768x512.jpg 768w\" sizes=\"(max-width: 900px) 100vw, 900px\" \/><\/figure>\n<\/div>\n\n\n<p>Trag\u00e9dia marcou o retorno de uma excurs\u00e3o que saiu de Salvador ap\u00f3s as festas de R\u00e9veillon. Um \u00f4nibus de turismo tombou na BR-365, em Patos de Minas, na ter\u00e7a-feira (6), deixando cinco pessoas mortas e outras 47 feridas. O grupo havia viajado de Uberl\u00e2ndia para passar a virada do ano na capital baiana e seguia de volta para casa quando o acidente ocorreu.<\/p>\n\n\n\n<p>Segundo relatos de familiares, a viagem come\u00e7ou em 27 de dezembro e foi organizada por uma excurs\u00e3o tur\u00edstica. Durante o retorno, iniciado no s\u00e1bado (3), o \u00f4nibus apresentou problemas mec\u00e2nicos e precisou ser substitu\u00eddo j\u00e1 em territ\u00f3rio mineiro. Mesmo ap\u00f3s a troca do ve\u00edculo, a viagem seguiu sob chuva intensa, o que aumentou os riscos na rodovia.<\/p>\n\n\n\n<p>Informa\u00e7\u00f5es da Pol\u00edcia Rodovi\u00e1ria Federal indicam que o \u00f4nibus derrapou na pista molhada, saiu da via e capotou pr\u00f3ximo ao acostamento. Em seguida, o ve\u00edculo atingiu eucaliptos \u00e0s margens da rodovia. O impacto foi violento e mobilizou equipes de resgate, incluindo o Corpo de Bombeiros, Samu e a pr\u00f3pria PRF.<\/p>\n\n\n\n<p>Ao todo, 28 passageiros sofreram ferimentos leves, entre eles dois motoristas e quatro crian\u00e7as. Al\u00e9m disso, 19 v\u00edtimas tiveram les\u00f5es mais graves e foram socorridas para o Hospital Regional Ant\u00f4nio Dias, em Patos de Minas. O estado de sa\u00fade dos feridos n\u00e3o foi detalhado at\u00e9 a \u00faltima atualiza\u00e7\u00e3o das autoridades.<\/p>\n\n\n\n<p>Em nota oficial, a Ag\u00eancia Nacional de Transportes Terrestres informou que o \u00f4nibus estava devidamente cadastrado e habilitado para o transporte interestadual de passageiros. A ANTT destacou ainda que a empresa respons\u00e1vel possu\u00eda autoriza\u00e7\u00e3o v\u00e1lida para operar viagens de fretamento no pa\u00eds.<\/p>\n\n\n\n<p>Enquanto isso, a Pol\u00edcia Rodovi\u00e1ria Federal segue apurando as causas do acidente. A combina\u00e7\u00e3o de pista molhada, condi\u00e7\u00f5es do ve\u00edculo e din\u00e2mica da viagem ser\u00e1 analisada para esclarecer as circunst\u00e2ncias da trag\u00e9dia que interrompeu de forma abrupta o retorno de um grupo que celebrava o in\u00edcio de 2026.<\/p>\n","protected":false},"excerpt":{"rendered":"<p>Trag\u00e9dia marcou o retorno de uma excurs\u00e3o que saiu de Salvador ap\u00f3s as festas de R\u00e9veillon. Um \u00f4nibus de turismo tombou na BR-365, em Patos de Minas, na ter\u00e7a-feira (6), deixando cinco pessoas mortas e outras 47 feridas. O grupo havia viajado de Uberl\u00e2ndia para passar a virada do ano na capital baiana e seguia de volta para casa quando o acidente ocorreu. Segundo relatos de familiares, a viagem come\u00e7ou em 27 de dezembro e foi organizada por uma excurs\u00e3o tur\u00edstica. Durante o retorno, iniciado no s\u00e1bado (3), o \u00f4nibus apresentou problemas mec\u00e2nicos e precisou ser substitu\u00eddo j\u00e1 em territ\u00f3rio mineiro. Mesmo ap\u00f3s a troca do ve\u00edculo, a viagem seguiu sob chuva intensa, o que aumentou os riscos na rodovia. Informa\u00e7\u00f5es da Pol\u00edcia Rodovi\u00e1ria Federal indicam que o \u00f4nibus derrapou na pista molhada, saiu da via e capotou pr\u00f3ximo ao acostamento. Em seguida, o ve\u00edculo atingiu eucaliptos \u00e0s margens da rodovia. O impacto foi violento e mobilizou equipes de resgate, incluindo o Corpo de Bombeiros, Samu e a pr\u00f3pria PRF. Ao todo, 28 passageiros sofreram ferimentos leves, entre eles dois motoristas e quatro crian\u00e7as. Al\u00e9m disso, 19 v\u00edtimas tiveram les\u00f5es mais graves e foram socorridas para o Hospital Regional Ant\u00f4nio Dias, em Patos de Minas. O estado de sa\u00fade dos feridos n\u00e3o foi detalhado at\u00e9 a \u00faltima atualiza\u00e7\u00e3o das autoridades. Em nota oficial, a Ag\u00eancia Nacional de Transportes Terrestres informou que o \u00f4nibus estava devidamente cadastrado e habilitado para o transporte interestadual de passageiros. A ANTT destacou ainda que a empresa respons\u00e1vel possu\u00eda autoriza\u00e7\u00e3o v\u00e1lida para operar viagens de fretamento no pa\u00eds. Enquanto isso, a Pol\u00edcia Rodovi\u00e1ria Federal segue apurando as causas do acidente. A combina\u00e7\u00e3o de pista molhada, condi\u00e7\u00f5es do ve\u00edculo e din\u00e2mica da viagem ser\u00e1 analisada para esclarecer as circunst\u00e2ncias da trag\u00e9dia que interrompeu de forma abrupta o retorno de um grupo que celebrava o in\u00edcio de 2026.<\/p>\n","protected":false},"author":4,"featured_media":5573,"comment_status":"open","ping_status":"open","sticky":false,"template":"","format":"standard","meta":{"footnotes":""},"categories":[5],"tags":[],"class_list":["post-5540","post","type-post","status-publish","format-standard","has-post-thumbnail","hentry","category-acidente"],"yoast_head":"<!-- This site is optimized with the Yoast SEO plugin v26.5 - https:\/\/yoast.com\/wordpress\/plugins\/seo\/ -->\n<title>\u00d4nibus de turismo capota ap\u00f3s R\u00e9veillon em Salvador, mata cinco pessoas e deixa 47 feridos - Sudoesteacontece<\/title>\n<meta name=\"robots\" content=\"index, follow, max-snippet:-1, max-image-preview:large, max-video-preview:-1\" \/>\n<link rel=\"canonical\" href=\"https:\/\/sudoesteacontece.com.br\/?p=5540\" \/>\n<meta property=\"og:locale\" content=\"pt_BR\" \/>\n<meta property=\"og:type\" content=\"article\" \/>\n<meta property=\"og:title\" content=\"\u00d4nibus de turismo capota ap\u00f3s R\u00e9veillon em Salvador, mata cinco pessoas e deixa 47 feridos - Sudoesteacontece\" \/>\n<meta property=\"og:description\" content=\"Trag\u00e9dia marcou o retorno de uma excurs\u00e3o que saiu de Salvador ap\u00f3s as festas de R\u00e9veillon. Um \u00f4nibus de turismo tombou na BR-365, em Patos de Minas, na ter\u00e7a-feira (6), deixando cinco pessoas mortas e outras 47 feridas. O grupo havia viajado de Uberl\u00e2ndia para passar a virada do ano na capital baiana e seguia de volta para casa quando o acidente ocorreu. Segundo relatos de familiares, a viagem come\u00e7ou em 27 de dezembro e foi organizada por uma excurs\u00e3o tur\u00edstica. Durante o retorno, iniciado no s\u00e1bado (3), o \u00f4nibus apresentou problemas mec\u00e2nicos e precisou ser substitu\u00eddo j\u00e1 em territ\u00f3rio mineiro. Mesmo ap\u00f3s a troca do ve\u00edculo, a viagem seguiu sob chuva intensa, o que aumentou os riscos na rodovia. Informa\u00e7\u00f5es da Pol\u00edcia Rodovi\u00e1ria Federal indicam que o \u00f4nibus derrapou na pista molhada, saiu da via e capotou pr\u00f3ximo ao acostamento. Em seguida, o ve\u00edculo atingiu eucaliptos \u00e0s margens da rodovia. O impacto foi violento e mobilizou equipes de resgate, incluindo o Corpo de Bombeiros, Samu e a pr\u00f3pria PRF. Ao todo, 28 passageiros sofreram ferimentos leves, entre eles dois motoristas e quatro crian\u00e7as. Al\u00e9m disso, 19 v\u00edtimas tiveram les\u00f5es mais graves e foram socorridas para o Hospital Regional Ant\u00f4nio Dias, em Patos de Minas. O estado de sa\u00fade dos feridos n\u00e3o foi detalhado at\u00e9 a \u00faltima atualiza\u00e7\u00e3o das autoridades. Em nota oficial, a Ag\u00eancia Nacional de Transportes Terrestres informou que o \u00f4nibus estava devidamente cadastrado e habilitado para o transporte interestadual de passageiros. A ANTT destacou ainda que a empresa respons\u00e1vel possu\u00eda autoriza\u00e7\u00e3o v\u00e1lida para operar viagens de fretamento no pa\u00eds. Enquanto isso, a Pol\u00edcia Rodovi\u00e1ria Federal segue apurando as causas do acidente. A combina\u00e7\u00e3o de pista molhada, condi\u00e7\u00f5es do ve\u00edculo e din\u00e2mica da viagem ser\u00e1 analisada para esclarecer as circunst\u00e2ncias da trag\u00e9dia que interrompeu de forma abrupta o retorno de um grupo que celebrava o in\u00edcio de 2026.\" \/>\n<meta property=\"og:url\" content=\"https:\/\/sudoesteacontece.com.br\/?p=5540\" \/>\n<meta property=\"og:site_name\" content=\"Sudoesteacontece\" \/>\n<meta property=\"article:publisher\" content=\"https:\/\/www.facebook.com\/sudoesteacontece\/?locale=pt_BR\" \/>\n<meta property=\"article:published_time\" content=\"2026-01-07T13:00:14+00:00\" \/>\n<meta property=\"article:modified_time\" content=\"2026-01-07T13:00:16+00:00\" \/>\n<meta property=\"og:image\" content=\"https:\/\/sudoesteacontece.com.br\/wp-content\/uploads\/2026\/01\/Onibus-de-turismo-capota-apos-Reveillon-em-Salvador-mata-cinco-pessoas-e-deixa-47-feridos-em-Minas-Gerais-sudoeste-acontece.jpg\" \/>\n\t<meta property=\"og:image:width\" content=\"900\" \/>\n\t<meta property=\"og:image:height\" content=\"600\" \/>\n\t<meta property=\"og:image:type\" content=\"image\/jpeg\" \/>\n<meta name=\"author\" content=\"Reda\u00e7\u00e3o\" \/>\n<meta name=\"twitter:card\" content=\"summary_large_image\" \/>\n<meta name=\"twitter:label1\" content=\"Escrito por\" \/>\n\t<meta name=\"twitter:data1\" content=\"Reda\u00e7\u00e3o\" \/>\n\t<meta name=\"twitter:label2\" content=\"Est. tempo de leitura\" \/>\n\t<meta name=\"twitter:data2\" content=\"3 minutos\" \/>\n<script type=\"application\/ld+json\" class=\"yoast-schema-graph\">{\"@context\":\"https:\/\/schema.org\",\"@graph\":[{\"@type\":\"Article\",\"@id\":\"https:\/\/sudoesteacontece.com.br\/?p=5540#article\",\"isPartOf\":{\"@id\":\"https:\/\/sudoesteacontece.com.br\/?p=5540\"},\"author\":{\"name\":\"Reda\u00e7\u00e3o\",\"@id\":\"https:\/\/sudoesteacontece.com.br\/#\/schema\/person\/a4f22429c1d0923ef8f7d43343f8dc38\"},\"headline\":\"\u00d4nibus de turismo capota ap\u00f3s R\u00e9veillon em Salvador, mata cinco pessoas e deixa 47 feridos\",\"datePublished\":\"2026-01-07T13:00:14+00:00\",\"dateModified\":\"2026-01-07T13:00:16+00:00\",\"mainEntityOfPage\":{\"@id\":\"https:\/\/sudoesteacontece.com.br\/?p=5540\"},\"wordCount\":363,\"commentCount\":0,\"publisher\":{\"@id\":\"https:\/\/sudoesteacontece.com.br\/#organization\"},\"image\":{\"@id\":\"https:\/\/sudoesteacontece.com.br\/?p=5540#primaryimage\"},\"thumbnailUrl\":\"https:\/\/sudoesteacontece.com.br\/wp-content\/uploads\/2026\/01\/Onibus-de-turismo-capota-apos-Reveillon-em-Salvador-mata-cinco-pessoas-e-deixa-47-feridos-em-Minas-Gerais-sudoeste-acontece.jpg\",\"articleSection\":[\"Acidente\"],\"inLanguage\":\"pt-BR\",\"potentialAction\":[{\"@type\":\"CommentAction\",\"name\":\"Comment\",\"target\":[\"https:\/\/sudoesteacontece.com.br\/?p=5540#respond\"]}]},{\"@type\":\"WebPage\",\"@id\":\"https:\/\/sudoesteacontece.com.br\/?p=5540\",\"url\":\"https:\/\/sudoesteacontece.com.br\/?p=5540\",\"name\":\"\u00d4nibus de turismo capota ap\u00f3s R\u00e9veillon em Salvador, mata cinco pessoas e deixa 47 feridos - Sudoesteacontece\",\"isPartOf\":{\"@id\":\"https:\/\/sudoesteacontece.com.br\/#website\"},\"primaryImageOfPage\":{\"@id\":\"https:\/\/sudoesteacontece.com.br\/?p=5540#primaryimage\"},\"image\":{\"@id\":\"https:\/\/sudoesteacontece.com.br\/?p=5540#primaryimage\"},\"thumbnailUrl\":\"https:\/\/sudoesteacontece.com.br\/wp-content\/uploads\/2026\/01\/Onibus-de-turismo-capota-apos-Reveillon-em-Salvador-mata-cinco-pessoas-e-deixa-47-feridos-em-Minas-Gerais-sudoeste-acontece.jpg\",\"datePublished\":\"2026-01-07T13:00:14+00:00\",\"dateModified\":\"2026-01-07T13:00:16+00:00\",\"breadcrumb\":{\"@id\":\"https:\/\/sudoesteacontece.com.br\/?p=5540#breadcrumb\"},\"inLanguage\":\"pt-BR\",\"potentialAction\":[{\"@type\":\"ReadAction\",\"target\":[\"https:\/\/sudoesteacontece.com.br\/?p=5540\"]}]},{\"@type\":\"ImageObject\",\"inLanguage\":\"pt-BR\",\"@id\":\"https:\/\/sudoesteacontece.com.br\/?p=5540#primaryimage\",\"url\":\"https:\/\/sudoesteacontece.com.br\/wp-content\/uploads\/2026\/01\/Onibus-de-turismo-capota-apos-Reveillon-em-Salvador-mata-cinco-pessoas-e-deixa-47-feridos-em-Minas-Gerais-sudoeste-acontece.jpg\",\"contentUrl\":\"https:\/\/sudoesteacontece.com.br\/wp-content\/uploads\/2026\/01\/Onibus-de-turismo-capota-apos-Reveillon-em-Salvador-mata-cinco-pessoas-e-deixa-47-feridos-em-Minas-Gerais-sudoeste-acontece.jpg\",\"width\":900,\"height\":600},{\"@type\":\"BreadcrumbList\",\"@id\":\"https:\/\/sudoesteacontece.com.br\/?p=5540#breadcrumb\",\"itemListElement\":[{\"@type\":\"ListItem\",\"position\":1,\"name\":\"In\u00edcio\",\"item\":\"https:\/\/sudoesteacontece.com.br\/\"},{\"@type\":\"ListItem\",\"position\":2,\"name\":\"\u00d4nibus de turismo capota ap\u00f3s R\u00e9veillon em Salvador, mata cinco pessoas e deixa 47 feridos\"}]},{\"@type\":\"WebSite\",\"@id\":\"https:\/\/sudoesteacontece.com.br\/#website\",\"url\":\"https:\/\/sudoesteacontece.com.br\/\",\"name\":\"Sudoesteacontece\",\"description\":\"\",\"publisher\":{\"@id\":\"https:\/\/sudoesteacontece.com.br\/#organization\"},\"potentialAction\":[{\"@type\":\"SearchAction\",\"target\":{\"@type\":\"EntryPoint\",\"urlTemplate\":\"https:\/\/sudoesteacontece.com.br\/?s={search_term_string}\"},\"query-input\":{\"@type\":\"PropertyValueSpecification\",\"valueRequired\":true,\"valueName\":\"search_term_string\"}}],\"inLanguage\":\"pt-BR\"},{\"@type\":\"Organization\",\"@id\":\"https:\/\/sudoesteacontece.com.br\/#organization\",\"name\":\"Sudoesteacontece\",\"url\":\"https:\/\/sudoesteacontece.com.br\/\",\"logo\":{\"@type\":\"ImageObject\",\"inLanguage\":\"pt-BR\",\"@id\":\"https:\/\/sudoesteacontece.com.br\/#\/schema\/logo\/image\/\",\"url\":\"https:\/\/sudoesteacontece.com.br\/wp-content\/uploads\/2025\/12\/cropped-logo-2-180x180-1.png\",\"contentUrl\":\"https:\/\/sudoesteacontece.com.br\/wp-content\/uploads\/2025\/12\/cropped-logo-2-180x180-1.png\",\"width\":180,\"height\":180,\"caption\":\"Sudoesteacontece\"},\"image\":{\"@id\":\"https:\/\/sudoesteacontece.com.br\/#\/schema\/logo\/image\/\"},\"sameAs\":[\"https:\/\/www.facebook.com\/sudoesteacontece\/?locale=pt_BR\"]},{\"@type\":\"Person\",\"@id\":\"https:\/\/sudoesteacontece.com.br\/#\/schema\/person\/a4f22429c1d0923ef8f7d43343f8dc38\",\"name\":\"Reda\u00e7\u00e3o\",\"image\":{\"@type\":\"ImageObject\",\"inLanguage\":\"pt-BR\",\"@id\":\"https:\/\/sudoesteacontece.com.br\/#\/schema\/person\/image\/\",\"url\":\"https:\/\/secure.gravatar.com\/avatar\/c3a5b3c93f268a709c25a2df414c629a96fb3b1b4bf97a94fb3f72e54ae76903?s=96&d=mm&r=g\",\"contentUrl\":\"https:\/\/secure.gravatar.com\/avatar\/c3a5b3c93f268a709c25a2df414c629a96fb3b1b4bf97a94fb3f72e54ae76903?s=96&d=mm&r=g\",\"caption\":\"Reda\u00e7\u00e3o\"},\"url\":\"https:\/\/sudoesteacontece.com.br\/?author=4\"}]}<\/script>\n<!-- \/ Yoast SEO plugin. -->","yoast_head_json":{"title":"\u00d4nibus de turismo capota ap\u00f3s R\u00e9veillon em Salvador, mata cinco pessoas e deixa 47 feridos - Sudoesteacontece","robots":{"index":"index","follow":"follow","max-snippet":"max-snippet:-1","max-image-preview":"max-image-preview:large","max-video-preview":"max-video-preview:-1"},"canonical":"https:\/\/sudoesteacontece.com.br\/?p=5540","og_locale":"pt_BR","og_type":"article","og_title":"\u00d4nibus de turismo capota ap\u00f3s R\u00e9veillon em Salvador, mata cinco pessoas e deixa 47 feridos - Sudoesteacontece","og_description":"Trag\u00e9dia marcou o retorno de uma excurs\u00e3o que saiu de Salvador ap\u00f3s as festas de R\u00e9veillon. Um \u00f4nibus de turismo tombou na BR-365, em Patos de Minas, na ter\u00e7a-feira (6), deixando cinco pessoas mortas e outras 47 feridas. O grupo havia viajado de Uberl\u00e2ndia para passar a virada do ano na capital baiana e seguia de volta para casa quando o acidente ocorreu. Segundo relatos de familiares, a viagem come\u00e7ou em 27 de dezembro e foi organizada por uma excurs\u00e3o tur\u00edstica. Durante o retorno, iniciado no s\u00e1bado (3), o \u00f4nibus apresentou problemas mec\u00e2nicos e precisou ser substitu\u00eddo j\u00e1 em territ\u00f3rio mineiro. Mesmo ap\u00f3s a troca do ve\u00edculo, a viagem seguiu sob chuva intensa, o que aumentou os riscos na rodovia. Informa\u00e7\u00f5es da Pol\u00edcia Rodovi\u00e1ria Federal indicam que o \u00f4nibus derrapou na pista molhada, saiu da via e capotou pr\u00f3ximo ao acostamento. Em seguida, o ve\u00edculo atingiu eucaliptos \u00e0s margens da rodovia. O impacto foi violento e mobilizou equipes de resgate, incluindo o Corpo de Bombeiros, Samu e a pr\u00f3pria PRF. Ao todo, 28 passageiros sofreram ferimentos leves, entre eles dois motoristas e quatro crian\u00e7as. Al\u00e9m disso, 19 v\u00edtimas tiveram les\u00f5es mais graves e foram socorridas para o Hospital Regional Ant\u00f4nio Dias, em Patos de Minas. O estado de sa\u00fade dos feridos n\u00e3o foi detalhado at\u00e9 a \u00faltima atualiza\u00e7\u00e3o das autoridades. Em nota oficial, a Ag\u00eancia Nacional de Transportes Terrestres informou que o \u00f4nibus estava devidamente cadastrado e habilitado para o transporte interestadual de passageiros. A ANTT destacou ainda que a empresa respons\u00e1vel possu\u00eda autoriza\u00e7\u00e3o v\u00e1lida para operar viagens de fretamento no pa\u00eds. Enquanto isso, a Pol\u00edcia Rodovi\u00e1ria Federal segue apurando as causas do acidente. A combina\u00e7\u00e3o de pista molhada, condi\u00e7\u00f5es do ve\u00edculo e din\u00e2mica da viagem ser\u00e1 analisada para esclarecer as circunst\u00e2ncias da trag\u00e9dia que interrompeu de forma abrupta o retorno de um grupo que celebrava o in\u00edcio de 2026.","og_url":"https:\/\/sudoesteacontece.com.br\/?p=5540","og_site_name":"Sudoesteacontece","article_publisher":"https:\/\/www.facebook.com\/sudoesteacontece\/?locale=pt_BR","article_published_time":"2026-01-07T13:00:14+00:00","article_modified_time":"2026-01-07T13:00:16+00:00","og_image":[{"width":900,"height":600,"url":"https:\/\/sudoesteacontece.com.br\/wp-content\/uploads\/2026\/01\/Onibus-de-turismo-capota-apos-Reveillon-em-Salvador-mata-cinco-pessoas-e-deixa-47-feridos-em-Minas-Gerais-sudoeste-acontece.jpg","type":"image\/jpeg"}],"author":"Reda\u00e7\u00e3o","twitter_card":"summary_large_image","twitter_misc":{"Escrito por":"Reda\u00e7\u00e3o","Est. tempo de leitura":"3 minutos"},"schema":{"@context":"https:\/\/schema.org","@graph":[{"@type":"Article","@id":"https:\/\/sudoesteacontece.com.br\/?p=5540#article","isPartOf":{"@id":"https:\/\/sudoesteacontece.com.br\/?p=5540"},"author":{"name":"Reda\u00e7\u00e3o","@id":"https:\/\/sudoesteacontece.com.br\/#\/schema\/person\/a4f22429c1d0923ef8f7d43343f8dc38"},"headline":"\u00d4nibus de turismo capota ap\u00f3s R\u00e9veillon em Salvador, mata cinco pessoas e deixa 47 feridos","datePublished":"2026-01-07T13:00:14+00:00","dateModified":"2026-01-07T13:00:16+00:00","mainEntityOfPage":{"@id":"https:\/\/sudoesteacontece.com.br\/?p=5540"},"wordCount":363,"commentCount":0,"publisher":{"@id":"https:\/\/sudoesteacontece.com.br\/#organization"},"image":{"@id":"https:\/\/sudoesteacontece.com.br\/?p=5540#primaryimage"},"thumbnailUrl":"https:\/\/sudoesteacontece.com.br\/wp-content\/uploads\/2026\/01\/Onibus-de-turismo-capota-apos-Reveillon-em-Salvador-mata-cinco-pessoas-e-deixa-47-feridos-em-Minas-Gerais-sudoeste-acontece.jpg","articleSection":["Acidente"],"inLanguage":"pt-BR","potentialAction":[{"@type":"CommentAction","name":"Comment","target":["https:\/\/sudoesteacontece.com.br\/?p=5540#respond"]}]},{"@type":"WebPage","@id":"https:\/\/sudoesteacontece.com.br\/?p=5540","url":"https:\/\/sudoesteacontece.com.br\/?p=5540","name":"\u00d4nibus de turismo capota ap\u00f3s R\u00e9veillon em Salvador, mata cinco pessoas e deixa 47 feridos - Sudoesteacontece","isPartOf":{"@id":"https:\/\/sudoesteacontece.com.br\/#website"},"primaryImageOfPage":{"@id":"https:\/\/sudoesteacontece.com.br\/?p=5540#primaryimage"},"image":{"@id":"https:\/\/sudoesteacontece.com.br\/?p=5540#primaryimage"},"thumbnailUrl":"https:\/\/sudoesteacontece.com.br\/wp-content\/uploads\/2026\/01\/Onibus-de-turismo-capota-apos-Reveillon-em-Salvador-mata-cinco-pessoas-e-deixa-47-feridos-em-Minas-Gerais-sudoeste-acontece.jpg","datePublished":"2026-01-07T13:00:14+00:00","dateModified":"2026-01-07T13:00:16+00:00","breadcrumb":{"@id":"https:\/\/sudoesteacontece.com.br\/?p=5540#breadcrumb"},"inLanguage":"pt-BR","potentialAction":[{"@type":"ReadAction","target":["https:\/\/sudoesteacontece.com.br\/?p=5540"]}]},{"@type":"ImageObject","inLanguage":"pt-BR","@id":"https:\/\/sudoesteacontece.com.br\/?p=5540#primaryimage","url":"https:\/\/sudoesteacontece.com.br\/wp-content\/uploads\/2026\/01\/Onibus-de-turismo-capota-apos-Reveillon-em-Salvador-mata-cinco-pessoas-e-deixa-47-feridos-em-Minas-Gerais-sudoeste-acontece.jpg","contentUrl":"https:\/\/sudoesteacontece.com.br\/wp-content\/uploads\/2026\/01\/Onibus-de-turismo-capota-apos-Reveillon-em-Salvador-mata-cinco-pessoas-e-deixa-47-feridos-em-Minas-Gerais-sudoeste-acontece.jpg","width":900,"height":600},{"@type":"BreadcrumbList","@id":"https:\/\/sudoesteacontece.com.br\/?p=5540#breadcrumb","itemListElement":[{"@type":"ListItem","position":1,"name":"In\u00edcio","item":"https:\/\/sudoesteacontece.com.br\/"},{"@type":"ListItem","position":2,"name":"\u00d4nibus de turismo capota ap\u00f3s R\u00e9veillon em Salvador, mata cinco pessoas e deixa 47 feridos"}]},{"@type":"WebSite","@id":"https:\/\/sudoesteacontece.com.br\/#website","url":"https:\/\/sudoesteacontece.com.br\/","name":"Sudoesteacontece","description":"","publisher":{"@id":"https:\/\/sudoesteacontece.com.br\/#organization"},"potentialAction":[{"@type":"SearchAction","target":{"@type":"EntryPoint","urlTemplate":"https:\/\/sudoesteacontece.com.br\/?s={search_term_string}"},"query-input":{"@type":"PropertyValueSpecification","valueRequired":true,"valueName":"search_term_string"}}],"inLanguage":"pt-BR"},{"@type":"Organization","@id":"https:\/\/sudoesteacontece.com.br\/#organization","name":"Sudoesteacontece","url":"https:\/\/sudoesteacontece.com.br\/","logo":{"@type":"ImageObject","inLanguage":"pt-BR","@id":"https:\/\/sudoesteacontece.com.br\/#\/schema\/logo\/image\/","url":"https:\/\/sudoesteacontece.com.br\/wp-content\/uploads\/2025\/12\/cropped-logo-2-180x180-1.png","contentUrl":"https:\/\/sudoesteacontece.com.br\/wp-content\/uploads\/2025\/12\/cropped-logo-2-180x180-1.png","width":180,"height":180,"caption":"Sudoesteacontece"},"image":{"@id":"https:\/\/sudoesteacontece.com.br\/#\/schema\/logo\/image\/"},"sameAs":["https:\/\/www.facebook.com\/sudoesteacontece\/?locale=pt_BR"]},{"@type":"Person","@id":"https:\/\/sudoesteacontece.com.br\/#\/schema\/person\/a4f22429c1d0923ef8f7d43343f8dc38","name":"Reda\u00e7\u00e3o","image":{"@type":"ImageObject","inLanguage":"pt-BR","@id":"https:\/\/sudoesteacontece.com.br\/#\/schema\/person\/image\/","url":"https:\/\/secure.gravatar.com\/avatar\/c3a5b3c93f268a709c25a2df414c629a96fb3b1b4bf97a94fb3f72e54ae76903?s=96&d=mm&r=g","contentUrl":"https:\/\/secure.gravatar.com\/avatar\/c3a5b3c93f268a709c25a2df414c629a96fb3b1b4bf97a94fb3f72e54ae76903?s=96&d=mm&r=g","caption":"Reda\u00e7\u00e3o"},"url":"https:\/\/sudoesteacontece.com.br\/?author=4"}]}},"_links":{"self":[{"href":"https:\/\/sudoesteacontece.com.br\/index.php?rest_route=\/wp\/v2\/posts\/5540","targetHints":{"allow":["GET"]}}],"collection":[{"href":"https:\/\/sudoesteacontece.com.br\/index.php?rest_route=\/wp\/v2\/posts"}],"about":[{"href":"https:\/\/sudoesteacontece.com.br\/index.php?rest_route=\/wp\/v2\/types\/post"}],"author":[{"embeddable":true,"href":"https:\/\/sudoesteacontece.com.br\/index.php?rest_route=\/wp\/v2\/users\/4"}],"replies":[{"embeddable":true,"href":"https:\/\/sudoesteacontece.com.br\/index.php?rest_route=%2Fwp%2Fv2%2Fcomments&post=5540"}],"version-history":[{"count":0,"href":"https:\/\/sudoesteacontece.com.br\/index.php?rest_route=\/wp\/v2\/posts\/5540\/revisions"}],"wp:featuredmedia":[{"embeddable":true,"href":"https:\/\/sudoesteacontece.com.br\/index.php?rest_route=\/wp\/v2\/media\/5573"}],"wp:attachment":[{"href":"https:\/\/sudoesteacontece.com.br\/index.php?rest_route=%2Fwp%2Fv2%2Fmedia&parent=5540"}],"wp:term":[{"taxonomy":"category","embeddable":true,"href":"https:\/\/sudoesteacontece.com.br\/index.php?rest_route=%2Fwp%2Fv2%2Fcategories&post=5540"},{"taxonomy":"post_tag","embeddable":true,"href":"https:\/\/sudoesteacontece.com.br\/index.php?rest_route=%2Fwp%2Fv2%2Ftags&post=5540"}],"curies":[{"name":"wp","href":"https:\/\/api.w.org\/{rel}","templated":true}]}}