{"id":5541,"date":"2026-01-07T09:57:34","date_gmt":"2026-01-07T12:57:34","guid":{"rendered":"https:\/\/sudoesteacontece.com.br\/?p=5541"},"modified":"2026-01-07T09:57:37","modified_gmt":"2026-01-07T12:57:37","slug":"motociclista-morre-apos-dias-internada-por-acidente-grave-em-porto-seguro","status":"publish","type":"post","link":"https:\/\/sudoesteacontece.com.br\/?p=5541","title":{"rendered":"Motociclista morre ap\u00f3s dias internada por acidente grave em Porto Seguro"},"content":{"rendered":"<div class=\"wp-block-image\">\n<figure class=\"aligncenter size-full\"><img fetchpriority=\"high\" decoding=\"async\" width=\"900\" height=\"600\" src=\"http:\/\/sudoesteacontece.com.br\/wp-content\/uploads\/2026\/01\/Motociclista-morre-apos-dias-internada-por-acidente-grave-em-Porto-Seguro-sudoeste-acontece.jpg\" alt=\"\" class=\"wp-image-5571\" srcset=\"https:\/\/sudoesteacontece.com.br\/wp-content\/uploads\/2026\/01\/Motociclista-morre-apos-dias-internada-por-acidente-grave-em-Porto-Seguro-sudoeste-acontece.jpg 900w, https:\/\/sudoesteacontece.com.br\/wp-content\/uploads\/2026\/01\/Motociclista-morre-apos-dias-internada-por-acidente-grave-em-Porto-Seguro-sudoeste-acontece-300x200.jpg 300w, https:\/\/sudoesteacontece.com.br\/wp-content\/uploads\/2026\/01\/Motociclista-morre-apos-dias-internada-por-acidente-grave-em-Porto-Seguro-sudoeste-acontece-768x512.jpg 768w\" sizes=\"(max-width: 900px) 100vw, 900px\" \/><\/figure>\n<\/div>\n\n\n<p>Luto marcou Porto Seguro nesta ter\u00e7a-feira (6) com a morte de Ver\u00f4nica Firmino. A v\u00edtima n\u00e3o resistiu \u00e0s complica\u00e7\u00f5es de um grave acidente de moto registrado na \u00faltima sexta-feira. Ela estava internada em estado cr\u00edtico no Hospital Lu\u00eds Eduardo Magalh\u00e3es, onde equipes m\u00e9dicas tentaram reverter o quadro, mas a evolu\u00e7\u00e3o cl\u00ednica foi desfavor\u00e1vel.<\/p>\n\n\n\n<p>Desde o acidente, Ver\u00f4nica mobilizou familiares, amigos e moradores da comunidade. A jovem permaneceu hospitalizada por v\u00e1rios dias, enquanto correntes de ora\u00e7\u00e3o e mensagens de apoio se espalhavam pelas redes sociais. A situa\u00e7\u00e3o gerou forte como\u00e7\u00e3o na cidade, especialmente entre pessoas pr\u00f3ximas \u00e0 v\u00edtima.<\/p>\n\n\n\n<p>Informa\u00e7\u00f5es preliminares indicam que o acidente envolveu duas motocicletas. A colis\u00e3o ocorreu nas imedia\u00e7\u00f5es da Vila Parracho, uma das \u00e1reas mais movimentadas de Porto Seguro. As circunst\u00e2ncias do impacto ainda n\u00e3o foram detalhadas oficialmente pelas autoridades respons\u00e1veis pela investiga\u00e7\u00e3o.<\/p>\n\n\n\n<p>Diante da gravidade dos ferimentos, amigos e parentes organizaram uma mobiliza\u00e7\u00e3o para doa\u00e7\u00e3o de sangue. A iniciativa buscou refor\u00e7ar o tratamento hospitalar e dar suporte \u00e0s interven\u00e7\u00f5es m\u00e9dicas necess\u00e1rias durante o per\u00edodo de interna\u00e7\u00e3o da paciente.<\/p>\n\n\n\n<p>Apesar dos esfor\u00e7os conjuntos e da mobiliza\u00e7\u00e3o solid\u00e1ria, Ver\u00f4nica n\u00e3o resistiu. A morte provocou como\u00e7\u00e3o generalizada e mensagens de pesar se multiplicaram ao longo do dia, destacando lembran\u00e7as, homenagens e pedidos de conforto \u00e0 fam\u00edlia enlutada.<\/p>\n\n\n\n<p><\/p>\n","protected":false},"excerpt":{"rendered":"<p>Luto marcou Porto Seguro nesta ter\u00e7a-feira (6) com a morte de Ver\u00f4nica Firmino. A v\u00edtima n\u00e3o resistiu \u00e0s complica\u00e7\u00f5es de um grave acidente de moto registrado na \u00faltima sexta-feira. Ela estava internada em estado cr\u00edtico no Hospital Lu\u00eds Eduardo Magalh\u00e3es, onde equipes m\u00e9dicas tentaram reverter o quadro, mas a evolu\u00e7\u00e3o cl\u00ednica foi desfavor\u00e1vel. Desde o acidente, Ver\u00f4nica mobilizou familiares, amigos e moradores da comunidade. A jovem permaneceu hospitalizada por v\u00e1rios dias, enquanto correntes de ora\u00e7\u00e3o e mensagens de apoio se espalhavam pelas redes sociais. A situa\u00e7\u00e3o gerou forte como\u00e7\u00e3o na cidade, especialmente entre pessoas pr\u00f3ximas \u00e0 v\u00edtima. Informa\u00e7\u00f5es preliminares indicam que o acidente envolveu duas motocicletas. A colis\u00e3o ocorreu nas imedia\u00e7\u00f5es da Vila Parracho, uma das \u00e1reas mais movimentadas de Porto Seguro. As circunst\u00e2ncias do impacto ainda n\u00e3o foram detalhadas oficialmente pelas autoridades respons\u00e1veis pela investiga\u00e7\u00e3o. Diante da gravidade dos ferimentos, amigos e parentes organizaram uma mobiliza\u00e7\u00e3o para doa\u00e7\u00e3o de sangue. A iniciativa buscou refor\u00e7ar o tratamento hospitalar e dar suporte \u00e0s interven\u00e7\u00f5es m\u00e9dicas necess\u00e1rias durante o per\u00edodo de interna\u00e7\u00e3o da paciente. Apesar dos esfor\u00e7os conjuntos e da mobiliza\u00e7\u00e3o solid\u00e1ria, Ver\u00f4nica n\u00e3o resistiu. A morte provocou como\u00e7\u00e3o generalizada e mensagens de pesar se multiplicaram ao longo do dia, destacando lembran\u00e7as, homenagens e pedidos de conforto \u00e0 fam\u00edlia enlutada.<\/p>\n","protected":false},"author":4,"featured_media":5571,"comment_status":"open","ping_status":"open","sticky":false,"template":"","format":"standard","meta":{"footnotes":""},"categories":[5],"tags":[],"class_list":["post-5541","post","type-post","status-publish","format-standard","has-post-thumbnail","hentry","category-acidente"],"yoast_head":"<!-- This site is optimized with the Yoast SEO plugin v26.5 - https:\/\/yoast.com\/wordpress\/plugins\/seo\/ -->\n<title>Motociclista morre ap\u00f3s dias internada por acidente grave em Porto Seguro - Sudoesteacontece<\/title>\n<meta name=\"robots\" content=\"index, follow, max-snippet:-1, max-image-preview:large, max-video-preview:-1\" \/>\n<link rel=\"canonical\" href=\"https:\/\/sudoesteacontece.com.br\/?p=5541\" \/>\n<meta property=\"og:locale\" content=\"pt_BR\" \/>\n<meta property=\"og:type\" content=\"article\" \/>\n<meta property=\"og:title\" content=\"Motociclista morre ap\u00f3s dias internada por acidente grave em Porto Seguro - Sudoesteacontece\" \/>\n<meta property=\"og:description\" content=\"Luto marcou Porto Seguro nesta ter\u00e7a-feira (6) com a morte de Ver\u00f4nica Firmino. A v\u00edtima n\u00e3o resistiu \u00e0s complica\u00e7\u00f5es de um grave acidente de moto registrado na \u00faltima sexta-feira. Ela estava internada em estado cr\u00edtico no Hospital Lu\u00eds Eduardo Magalh\u00e3es, onde equipes m\u00e9dicas tentaram reverter o quadro, mas a evolu\u00e7\u00e3o cl\u00ednica foi desfavor\u00e1vel. Desde o acidente, Ver\u00f4nica mobilizou familiares, amigos e moradores da comunidade. A jovem permaneceu hospitalizada por v\u00e1rios dias, enquanto correntes de ora\u00e7\u00e3o e mensagens de apoio se espalhavam pelas redes sociais. A situa\u00e7\u00e3o gerou forte como\u00e7\u00e3o na cidade, especialmente entre pessoas pr\u00f3ximas \u00e0 v\u00edtima. Informa\u00e7\u00f5es preliminares indicam que o acidente envolveu duas motocicletas. A colis\u00e3o ocorreu nas imedia\u00e7\u00f5es da Vila Parracho, uma das \u00e1reas mais movimentadas de Porto Seguro. As circunst\u00e2ncias do impacto ainda n\u00e3o foram detalhadas oficialmente pelas autoridades respons\u00e1veis pela investiga\u00e7\u00e3o. Diante da gravidade dos ferimentos, amigos e parentes organizaram uma mobiliza\u00e7\u00e3o para doa\u00e7\u00e3o de sangue. A iniciativa buscou refor\u00e7ar o tratamento hospitalar e dar suporte \u00e0s interven\u00e7\u00f5es m\u00e9dicas necess\u00e1rias durante o per\u00edodo de interna\u00e7\u00e3o da paciente. Apesar dos esfor\u00e7os conjuntos e da mobiliza\u00e7\u00e3o solid\u00e1ria, Ver\u00f4nica n\u00e3o resistiu. A morte provocou como\u00e7\u00e3o generalizada e mensagens de pesar se multiplicaram ao longo do dia, destacando lembran\u00e7as, homenagens e pedidos de conforto \u00e0 fam\u00edlia enlutada.\" \/>\n<meta property=\"og:url\" content=\"https:\/\/sudoesteacontece.com.br\/?p=5541\" \/>\n<meta property=\"og:site_name\" content=\"Sudoesteacontece\" \/>\n<meta property=\"article:publisher\" content=\"https:\/\/www.facebook.com\/sudoesteacontece\/?locale=pt_BR\" \/>\n<meta property=\"article:published_time\" content=\"2026-01-07T12:57:34+00:00\" \/>\n<meta property=\"article:modified_time\" content=\"2026-01-07T12:57:37+00:00\" \/>\n<meta property=\"og:image\" content=\"https:\/\/sudoesteacontece.com.br\/wp-content\/uploads\/2026\/01\/Motociclista-morre-apos-dias-internada-por-acidente-grave-em-Porto-Seguro-sudoeste-acontece.jpg\" \/>\n\t<meta property=\"og:image:width\" content=\"900\" \/>\n\t<meta property=\"og:image:height\" content=\"600\" \/>\n\t<meta property=\"og:image:type\" content=\"image\/jpeg\" \/>\n<meta name=\"author\" content=\"Reda\u00e7\u00e3o\" \/>\n<meta name=\"twitter:card\" content=\"summary_large_image\" \/>\n<meta name=\"twitter:label1\" content=\"Escrito por\" \/>\n\t<meta name=\"twitter:data1\" content=\"Reda\u00e7\u00e3o\" \/>\n\t<meta name=\"twitter:label2\" content=\"Est. tempo de leitura\" \/>\n\t<meta name=\"twitter:data2\" content=\"2 minutos\" \/>\n<script type=\"application\/ld+json\" class=\"yoast-schema-graph\">{\"@context\":\"https:\/\/schema.org\",\"@graph\":[{\"@type\":\"Article\",\"@id\":\"https:\/\/sudoesteacontece.com.br\/?p=5541#article\",\"isPartOf\":{\"@id\":\"https:\/\/sudoesteacontece.com.br\/?p=5541\"},\"author\":{\"name\":\"Reda\u00e7\u00e3o\",\"@id\":\"https:\/\/sudoesteacontece.com.br\/#\/schema\/person\/a4f22429c1d0923ef8f7d43343f8dc38\"},\"headline\":\"Motociclista morre ap\u00f3s dias internada por acidente grave em Porto Seguro\",\"datePublished\":\"2026-01-07T12:57:34+00:00\",\"dateModified\":\"2026-01-07T12:57:37+00:00\",\"mainEntityOfPage\":{\"@id\":\"https:\/\/sudoesteacontece.com.br\/?p=5541\"},\"wordCount\":259,\"commentCount\":0,\"publisher\":{\"@id\":\"https:\/\/sudoesteacontece.com.br\/#organization\"},\"image\":{\"@id\":\"https:\/\/sudoesteacontece.com.br\/?p=5541#primaryimage\"},\"thumbnailUrl\":\"https:\/\/sudoesteacontece.com.br\/wp-content\/uploads\/2026\/01\/Motociclista-morre-apos-dias-internada-por-acidente-grave-em-Porto-Seguro-sudoeste-acontece.jpg\",\"articleSection\":[\"Acidente\"],\"inLanguage\":\"pt-BR\",\"potentialAction\":[{\"@type\":\"CommentAction\",\"name\":\"Comment\",\"target\":[\"https:\/\/sudoesteacontece.com.br\/?p=5541#respond\"]}]},{\"@type\":\"WebPage\",\"@id\":\"https:\/\/sudoesteacontece.com.br\/?p=5541\",\"url\":\"https:\/\/sudoesteacontece.com.br\/?p=5541\",\"name\":\"Motociclista morre ap\u00f3s dias internada por acidente grave em Porto Seguro - Sudoesteacontece\",\"isPartOf\":{\"@id\":\"https:\/\/sudoesteacontece.com.br\/#website\"},\"primaryImageOfPage\":{\"@id\":\"https:\/\/sudoesteacontece.com.br\/?p=5541#primaryimage\"},\"image\":{\"@id\":\"https:\/\/sudoesteacontece.com.br\/?p=5541#primaryimage\"},\"thumbnailUrl\":\"https:\/\/sudoesteacontece.com.br\/wp-content\/uploads\/2026\/01\/Motociclista-morre-apos-dias-internada-por-acidente-grave-em-Porto-Seguro-sudoeste-acontece.jpg\",\"datePublished\":\"2026-01-07T12:57:34+00:00\",\"dateModified\":\"2026-01-07T12:57:37+00:00\",\"breadcrumb\":{\"@id\":\"https:\/\/sudoesteacontece.com.br\/?p=5541#breadcrumb\"},\"inLanguage\":\"pt-BR\",\"potentialAction\":[{\"@type\":\"ReadAction\",\"target\":[\"https:\/\/sudoesteacontece.com.br\/?p=5541\"]}]},{\"@type\":\"ImageObject\",\"inLanguage\":\"pt-BR\",\"@id\":\"https:\/\/sudoesteacontece.com.br\/?p=5541#primaryimage\",\"url\":\"https:\/\/sudoesteacontece.com.br\/wp-content\/uploads\/2026\/01\/Motociclista-morre-apos-dias-internada-por-acidente-grave-em-Porto-Seguro-sudoeste-acontece.jpg\",\"contentUrl\":\"https:\/\/sudoesteacontece.com.br\/wp-content\/uploads\/2026\/01\/Motociclista-morre-apos-dias-internada-por-acidente-grave-em-Porto-Seguro-sudoeste-acontece.jpg\",\"width\":900,\"height\":600},{\"@type\":\"BreadcrumbList\",\"@id\":\"https:\/\/sudoesteacontece.com.br\/?p=5541#breadcrumb\",\"itemListElement\":[{\"@type\":\"ListItem\",\"position\":1,\"name\":\"In\u00edcio\",\"item\":\"https:\/\/sudoesteacontece.com.br\/\"},{\"@type\":\"ListItem\",\"position\":2,\"name\":\"Motociclista morre ap\u00f3s dias internada por acidente grave em Porto Seguro\"}]},{\"@type\":\"WebSite\",\"@id\":\"https:\/\/sudoesteacontece.com.br\/#website\",\"url\":\"https:\/\/sudoesteacontece.com.br\/\",\"name\":\"Sudoesteacontece\",\"description\":\"\",\"publisher\":{\"@id\":\"https:\/\/sudoesteacontece.com.br\/#organization\"},\"potentialAction\":[{\"@type\":\"SearchAction\",\"target\":{\"@type\":\"EntryPoint\",\"urlTemplate\":\"https:\/\/sudoesteacontece.com.br\/?s={search_term_string}\"},\"query-input\":{\"@type\":\"PropertyValueSpecification\",\"valueRequired\":true,\"valueName\":\"search_term_string\"}}],\"inLanguage\":\"pt-BR\"},{\"@type\":\"Organization\",\"@id\":\"https:\/\/sudoesteacontece.com.br\/#organization\",\"name\":\"Sudoesteacontece\",\"url\":\"https:\/\/sudoesteacontece.com.br\/\",\"logo\":{\"@type\":\"ImageObject\",\"inLanguage\":\"pt-BR\",\"@id\":\"https:\/\/sudoesteacontece.com.br\/#\/schema\/logo\/image\/\",\"url\":\"https:\/\/sudoesteacontece.com.br\/wp-content\/uploads\/2025\/12\/cropped-logo-2-180x180-1.png\",\"contentUrl\":\"https:\/\/sudoesteacontece.com.br\/wp-content\/uploads\/2025\/12\/cropped-logo-2-180x180-1.png\",\"width\":180,\"height\":180,\"caption\":\"Sudoesteacontece\"},\"image\":{\"@id\":\"https:\/\/sudoesteacontece.com.br\/#\/schema\/logo\/image\/\"},\"sameAs\":[\"https:\/\/www.facebook.com\/sudoesteacontece\/?locale=pt_BR\"]},{\"@type\":\"Person\",\"@id\":\"https:\/\/sudoesteacontece.com.br\/#\/schema\/person\/a4f22429c1d0923ef8f7d43343f8dc38\",\"name\":\"Reda\u00e7\u00e3o\",\"image\":{\"@type\":\"ImageObject\",\"inLanguage\":\"pt-BR\",\"@id\":\"https:\/\/sudoesteacontece.com.br\/#\/schema\/person\/image\/\",\"url\":\"https:\/\/secure.gravatar.com\/avatar\/c3a5b3c93f268a709c25a2df414c629a96fb3b1b4bf97a94fb3f72e54ae76903?s=96&d=mm&r=g\",\"contentUrl\":\"https:\/\/secure.gravatar.com\/avatar\/c3a5b3c93f268a709c25a2df414c629a96fb3b1b4bf97a94fb3f72e54ae76903?s=96&d=mm&r=g\",\"caption\":\"Reda\u00e7\u00e3o\"},\"url\":\"https:\/\/sudoesteacontece.com.br\/?author=4\"}]}<\/script>\n<!-- \/ Yoast SEO plugin. -->","yoast_head_json":{"title":"Motociclista morre ap\u00f3s dias internada por acidente grave em Porto Seguro - Sudoesteacontece","robots":{"index":"index","follow":"follow","max-snippet":"max-snippet:-1","max-image-preview":"max-image-preview:large","max-video-preview":"max-video-preview:-1"},"canonical":"https:\/\/sudoesteacontece.com.br\/?p=5541","og_locale":"pt_BR","og_type":"article","og_title":"Motociclista morre ap\u00f3s dias internada por acidente grave em Porto Seguro - Sudoesteacontece","og_description":"Luto marcou Porto Seguro nesta ter\u00e7a-feira (6) com a morte de Ver\u00f4nica Firmino. A v\u00edtima n\u00e3o resistiu \u00e0s complica\u00e7\u00f5es de um grave acidente de moto registrado na \u00faltima sexta-feira. Ela estava internada em estado cr\u00edtico no Hospital Lu\u00eds Eduardo Magalh\u00e3es, onde equipes m\u00e9dicas tentaram reverter o quadro, mas a evolu\u00e7\u00e3o cl\u00ednica foi desfavor\u00e1vel. Desde o acidente, Ver\u00f4nica mobilizou familiares, amigos e moradores da comunidade. A jovem permaneceu hospitalizada por v\u00e1rios dias, enquanto correntes de ora\u00e7\u00e3o e mensagens de apoio se espalhavam pelas redes sociais. A situa\u00e7\u00e3o gerou forte como\u00e7\u00e3o na cidade, especialmente entre pessoas pr\u00f3ximas \u00e0 v\u00edtima. Informa\u00e7\u00f5es preliminares indicam que o acidente envolveu duas motocicletas. A colis\u00e3o ocorreu nas imedia\u00e7\u00f5es da Vila Parracho, uma das \u00e1reas mais movimentadas de Porto Seguro. As circunst\u00e2ncias do impacto ainda n\u00e3o foram detalhadas oficialmente pelas autoridades respons\u00e1veis pela investiga\u00e7\u00e3o. Diante da gravidade dos ferimentos, amigos e parentes organizaram uma mobiliza\u00e7\u00e3o para doa\u00e7\u00e3o de sangue. A iniciativa buscou refor\u00e7ar o tratamento hospitalar e dar suporte \u00e0s interven\u00e7\u00f5es m\u00e9dicas necess\u00e1rias durante o per\u00edodo de interna\u00e7\u00e3o da paciente. Apesar dos esfor\u00e7os conjuntos e da mobiliza\u00e7\u00e3o solid\u00e1ria, Ver\u00f4nica n\u00e3o resistiu. A morte provocou como\u00e7\u00e3o generalizada e mensagens de pesar se multiplicaram ao longo do dia, destacando lembran\u00e7as, homenagens e pedidos de conforto \u00e0 fam\u00edlia enlutada.","og_url":"https:\/\/sudoesteacontece.com.br\/?p=5541","og_site_name":"Sudoesteacontece","article_publisher":"https:\/\/www.facebook.com\/sudoesteacontece\/?locale=pt_BR","article_published_time":"2026-01-07T12:57:34+00:00","article_modified_time":"2026-01-07T12:57:37+00:00","og_image":[{"width":900,"height":600,"url":"https:\/\/sudoesteacontece.com.br\/wp-content\/uploads\/2026\/01\/Motociclista-morre-apos-dias-internada-por-acidente-grave-em-Porto-Seguro-sudoeste-acontece.jpg","type":"image\/jpeg"}],"author":"Reda\u00e7\u00e3o","twitter_card":"summary_large_image","twitter_misc":{"Escrito por":"Reda\u00e7\u00e3o","Est. tempo de leitura":"2 minutos"},"schema":{"@context":"https:\/\/schema.org","@graph":[{"@type":"Article","@id":"https:\/\/sudoesteacontece.com.br\/?p=5541#article","isPartOf":{"@id":"https:\/\/sudoesteacontece.com.br\/?p=5541"},"author":{"name":"Reda\u00e7\u00e3o","@id":"https:\/\/sudoesteacontece.com.br\/#\/schema\/person\/a4f22429c1d0923ef8f7d43343f8dc38"},"headline":"Motociclista morre ap\u00f3s dias internada por acidente grave em Porto Seguro","datePublished":"2026-01-07T12:57:34+00:00","dateModified":"2026-01-07T12:57:37+00:00","mainEntityOfPage":{"@id":"https:\/\/sudoesteacontece.com.br\/?p=5541"},"wordCount":259,"commentCount":0,"publisher":{"@id":"https:\/\/sudoesteacontece.com.br\/#organization"},"image":{"@id":"https:\/\/sudoesteacontece.com.br\/?p=5541#primaryimage"},"thumbnailUrl":"https:\/\/sudoesteacontece.com.br\/wp-content\/uploads\/2026\/01\/Motociclista-morre-apos-dias-internada-por-acidente-grave-em-Porto-Seguro-sudoeste-acontece.jpg","articleSection":["Acidente"],"inLanguage":"pt-BR","potentialAction":[{"@type":"CommentAction","name":"Comment","target":["https:\/\/sudoesteacontece.com.br\/?p=5541#respond"]}]},{"@type":"WebPage","@id":"https:\/\/sudoesteacontece.com.br\/?p=5541","url":"https:\/\/sudoesteacontece.com.br\/?p=5541","name":"Motociclista morre ap\u00f3s dias internada por acidente grave em Porto Seguro - Sudoesteacontece","isPartOf":{"@id":"https:\/\/sudoesteacontece.com.br\/#website"},"primaryImageOfPage":{"@id":"https:\/\/sudoesteacontece.com.br\/?p=5541#primaryimage"},"image":{"@id":"https:\/\/sudoesteacontece.com.br\/?p=5541#primaryimage"},"thumbnailUrl":"https:\/\/sudoesteacontece.com.br\/wp-content\/uploads\/2026\/01\/Motociclista-morre-apos-dias-internada-por-acidente-grave-em-Porto-Seguro-sudoeste-acontece.jpg","datePublished":"2026-01-07T12:57:34+00:00","dateModified":"2026-01-07T12:57:37+00:00","breadcrumb":{"@id":"https:\/\/sudoesteacontece.com.br\/?p=5541#breadcrumb"},"inLanguage":"pt-BR","potentialAction":[{"@type":"ReadAction","target":["https:\/\/sudoesteacontece.com.br\/?p=5541"]}]},{"@type":"ImageObject","inLanguage":"pt-BR","@id":"https:\/\/sudoesteacontece.com.br\/?p=5541#primaryimage","url":"https:\/\/sudoesteacontece.com.br\/wp-content\/uploads\/2026\/01\/Motociclista-morre-apos-dias-internada-por-acidente-grave-em-Porto-Seguro-sudoeste-acontece.jpg","contentUrl":"https:\/\/sudoesteacontece.com.br\/wp-content\/uploads\/2026\/01\/Motociclista-morre-apos-dias-internada-por-acidente-grave-em-Porto-Seguro-sudoeste-acontece.jpg","width":900,"height":600},{"@type":"BreadcrumbList","@id":"https:\/\/sudoesteacontece.com.br\/?p=5541#breadcrumb","itemListElement":[{"@type":"ListItem","position":1,"name":"In\u00edcio","item":"https:\/\/sudoesteacontece.com.br\/"},{"@type":"ListItem","position":2,"name":"Motociclista morre ap\u00f3s dias internada por acidente grave em Porto Seguro"}]},{"@type":"WebSite","@id":"https:\/\/sudoesteacontece.com.br\/#website","url":"https:\/\/sudoesteacontece.com.br\/","name":"Sudoesteacontece","description":"","publisher":{"@id":"https:\/\/sudoesteacontece.com.br\/#organization"},"potentialAction":[{"@type":"SearchAction","target":{"@type":"EntryPoint","urlTemplate":"https:\/\/sudoesteacontece.com.br\/?s={search_term_string}"},"query-input":{"@type":"PropertyValueSpecification","valueRequired":true,"valueName":"search_term_string"}}],"inLanguage":"pt-BR"},{"@type":"Organization","@id":"https:\/\/sudoesteacontece.com.br\/#organization","name":"Sudoesteacontece","url":"https:\/\/sudoesteacontece.com.br\/","logo":{"@type":"ImageObject","inLanguage":"pt-BR","@id":"https:\/\/sudoesteacontece.com.br\/#\/schema\/logo\/image\/","url":"https:\/\/sudoesteacontece.com.br\/wp-content\/uploads\/2025\/12\/cropped-logo-2-180x180-1.png","contentUrl":"https:\/\/sudoesteacontece.com.br\/wp-content\/uploads\/2025\/12\/cropped-logo-2-180x180-1.png","width":180,"height":180,"caption":"Sudoesteacontece"},"image":{"@id":"https:\/\/sudoesteacontece.com.br\/#\/schema\/logo\/image\/"},"sameAs":["https:\/\/www.facebook.com\/sudoesteacontece\/?locale=pt_BR"]},{"@type":"Person","@id":"https:\/\/sudoesteacontece.com.br\/#\/schema\/person\/a4f22429c1d0923ef8f7d43343f8dc38","name":"Reda\u00e7\u00e3o","image":{"@type":"ImageObject","inLanguage":"pt-BR","@id":"https:\/\/sudoesteacontece.com.br\/#\/schema\/person\/image\/","url":"https:\/\/secure.gravatar.com\/avatar\/c3a5b3c93f268a709c25a2df414c629a96fb3b1b4bf97a94fb3f72e54ae76903?s=96&d=mm&r=g","contentUrl":"https:\/\/secure.gravatar.com\/avatar\/c3a5b3c93f268a709c25a2df414c629a96fb3b1b4bf97a94fb3f72e54ae76903?s=96&d=mm&r=g","caption":"Reda\u00e7\u00e3o"},"url":"https:\/\/sudoesteacontece.com.br\/?author=4"}]}},"_links":{"self":[{"href":"https:\/\/sudoesteacontece.com.br\/index.php?rest_route=\/wp\/v2\/posts\/5541","targetHints":{"allow":["GET"]}}],"collection":[{"href":"https:\/\/sudoesteacontece.com.br\/index.php?rest_route=\/wp\/v2\/posts"}],"about":[{"href":"https:\/\/sudoesteacontece.com.br\/index.php?rest_route=\/wp\/v2\/types\/post"}],"author":[{"embeddable":true,"href":"https:\/\/sudoesteacontece.com.br\/index.php?rest_route=\/wp\/v2\/users\/4"}],"replies":[{"embeddable":true,"href":"https:\/\/sudoesteacontece.com.br\/index.php?rest_route=%2Fwp%2Fv2%2Fcomments&post=5541"}],"version-history":[{"count":0,"href":"https:\/\/sudoesteacontece.com.br\/index.php?rest_route=\/wp\/v2\/posts\/5541\/revisions"}],"wp:featuredmedia":[{"embeddable":true,"href":"https:\/\/sudoesteacontece.com.br\/index.php?rest_route=\/wp\/v2\/media\/5571"}],"wp:attachment":[{"href":"https:\/\/sudoesteacontece.com.br\/index.php?rest_route=%2Fwp%2Fv2%2Fmedia&parent=5541"}],"wp:term":[{"taxonomy":"category","embeddable":true,"href":"https:\/\/sudoesteacontece.com.br\/index.php?rest_route=%2Fwp%2Fv2%2Fcategories&post=5541"},{"taxonomy":"post_tag","embeddable":true,"href":"https:\/\/sudoesteacontece.com.br\/index.php?rest_route=%2Fwp%2Fv2%2Ftags&post=5541"}],"curies":[{"name":"wp","href":"https:\/\/api.w.org\/{rel}","templated":true}]}}