{"id":5547,"date":"2026-01-07T10:02:25","date_gmt":"2026-01-07T13:02:25","guid":{"rendered":"https:\/\/sudoesteacontece.com.br\/?p=5547"},"modified":"2026-01-07T10:02:27","modified_gmt":"2026-01-07T13:02:27","slug":"vandalismo-destroi-ponte-em-nilo-pecanha-e-compromete-ligacao-com-itubera","status":"publish","type":"post","link":"https:\/\/sudoesteacontece.com.br\/?p=5547","title":{"rendered":"Vandalismo destr\u00f3i ponte em Nilo Pe\u00e7anha e compromete liga\u00e7\u00e3o com Ituber\u00e1"},"content":{"rendered":"\n<figure class=\"wp-block-image size-full\"><img fetchpriority=\"high\" decoding=\"async\" width=\"900\" height=\"600\" src=\"http:\/\/sudoesteacontece.com.br\/wp-content\/uploads\/2026\/01\/Vandalismo-destroi-ponte-em-Nilo-Pecanha-e-compromete-ligacao-com-Itubera-sudoeste-acontece.jpg\" alt=\"\" class=\"wp-image-5575\" srcset=\"https:\/\/sudoesteacontece.com.br\/wp-content\/uploads\/2026\/01\/Vandalismo-destroi-ponte-em-Nilo-Pecanha-e-compromete-ligacao-com-Itubera-sudoeste-acontece.jpg 900w, https:\/\/sudoesteacontece.com.br\/wp-content\/uploads\/2026\/01\/Vandalismo-destroi-ponte-em-Nilo-Pecanha-e-compromete-ligacao-com-Itubera-sudoeste-acontece-300x200.jpg 300w, https:\/\/sudoesteacontece.com.br\/wp-content\/uploads\/2026\/01\/Vandalismo-destroi-ponte-em-Nilo-Pecanha-e-compromete-ligacao-com-Itubera-sudoeste-acontece-768x512.jpg 768w\" sizes=\"(max-width: 900px) 100vw, 900px\" \/><\/figure>\n\n\n\n<p>Nesta ter\u00e7a-feira (6), um ato de vandalismo destruiu parte de uma ponte na regi\u00e3o da Maranata, em Nilo Pe\u00e7anha, no baixo sul da Bahia. A estrutura liga o munic\u00edpio a Ituber\u00e1 e teve a madeira serrada por dois homens ainda n\u00e3o identificados, segundo relatos iniciais divulgados nas redes sociais.<\/p>\n\n\n\n<p>Imagens publicadas pelo portal Al\u00f4 Valen\u00e7a mostram o n\u00edvel da destrui\u00e7\u00e3o e revelam o risco imposto a quem depende da ponte. A passagem ficou comprometida, dificultando o deslocamento de moradores, o transporte de mercadorias e o acesso a servi\u00e7os essenciais na regi\u00e3o.<\/p>\n\n\n\n<p>Diante da repercuss\u00e3o, as fotos foram encaminhadas \u00e0s autoridades locais para apura\u00e7\u00e3o do caso. A prefeitura informou que o epis\u00f3dio ser\u00e1 investigado e refor\u00e7ou que a depreda\u00e7\u00e3o de patrim\u00f4nio p\u00fablico configura crime grave, com preju\u00edzos diretos \u00e0 coletividade.<\/p>\n\n\n\n<p>Em nota, a gest\u00e3o municipal lamentou o ocorrido e afirmou que trabalha para restabelecer a seguran\u00e7a e normalizar o transporte no trecho afetado. Segundo o comunicado, medidas emergenciais devem ser adotadas para reduzir os impactos na rotina da popula\u00e7\u00e3o.<\/p>\n","protected":false},"excerpt":{"rendered":"<p>Nesta ter\u00e7a-feira (6), um ato de vandalismo destruiu parte de uma ponte na regi\u00e3o da Maranata, em Nilo Pe\u00e7anha, no baixo sul da Bahia. A estrutura liga o munic\u00edpio a Ituber\u00e1 e teve a madeira serrada por dois homens ainda n\u00e3o identificados, segundo relatos iniciais divulgados nas redes sociais. Imagens publicadas pelo portal Al\u00f4 Valen\u00e7a mostram o n\u00edvel da destrui\u00e7\u00e3o e revelam o risco imposto a quem depende da ponte. A passagem ficou comprometida, dificultando o deslocamento de moradores, o transporte de mercadorias e o acesso a servi\u00e7os essenciais na regi\u00e3o. Diante da repercuss\u00e3o, as fotos foram encaminhadas \u00e0s autoridades locais para apura\u00e7\u00e3o do caso. A prefeitura informou que o epis\u00f3dio ser\u00e1 investigado e refor\u00e7ou que a depreda\u00e7\u00e3o de patrim\u00f4nio p\u00fablico configura crime grave, com preju\u00edzos diretos \u00e0 coletividade. Em nota, a gest\u00e3o municipal lamentou o ocorrido e afirmou que trabalha para restabelecer a seguran\u00e7a e normalizar o transporte no trecho afetado. Segundo o comunicado, medidas emergenciais devem ser adotadas para reduzir os impactos na rotina da popula\u00e7\u00e3o.<\/p>\n","protected":false},"author":4,"featured_media":5575,"comment_status":"open","ping_status":"open","sticky":false,"template":"","format":"standard","meta":{"footnotes":""},"categories":[7,4],"tags":[],"class_list":["post-5547","post","type-post","status-publish","format-standard","has-post-thumbnail","hentry","category-bahia","category-cidades"],"yoast_head":"<!-- This site is optimized with the Yoast SEO plugin v26.5 - https:\/\/yoast.com\/wordpress\/plugins\/seo\/ -->\n<title>Vandalismo destr\u00f3i ponte em Nilo Pe\u00e7anha e compromete liga\u00e7\u00e3o com Ituber\u00e1 - Sudoesteacontece<\/title>\n<meta name=\"robots\" content=\"index, follow, max-snippet:-1, max-image-preview:large, max-video-preview:-1\" \/>\n<link rel=\"canonical\" href=\"https:\/\/sudoesteacontece.com.br\/?p=5547\" \/>\n<meta property=\"og:locale\" content=\"pt_BR\" \/>\n<meta property=\"og:type\" content=\"article\" \/>\n<meta property=\"og:title\" content=\"Vandalismo destr\u00f3i ponte em Nilo Pe\u00e7anha e compromete liga\u00e7\u00e3o com Ituber\u00e1 - Sudoesteacontece\" \/>\n<meta property=\"og:description\" content=\"Nesta ter\u00e7a-feira (6), um ato de vandalismo destruiu parte de uma ponte na regi\u00e3o da Maranata, em Nilo Pe\u00e7anha, no baixo sul da Bahia. A estrutura liga o munic\u00edpio a Ituber\u00e1 e teve a madeira serrada por dois homens ainda n\u00e3o identificados, segundo relatos iniciais divulgados nas redes sociais. Imagens publicadas pelo portal Al\u00f4 Valen\u00e7a mostram o n\u00edvel da destrui\u00e7\u00e3o e revelam o risco imposto a quem depende da ponte. A passagem ficou comprometida, dificultando o deslocamento de moradores, o transporte de mercadorias e o acesso a servi\u00e7os essenciais na regi\u00e3o. Diante da repercuss\u00e3o, as fotos foram encaminhadas \u00e0s autoridades locais para apura\u00e7\u00e3o do caso. A prefeitura informou que o epis\u00f3dio ser\u00e1 investigado e refor\u00e7ou que a depreda\u00e7\u00e3o de patrim\u00f4nio p\u00fablico configura crime grave, com preju\u00edzos diretos \u00e0 coletividade. Em nota, a gest\u00e3o municipal lamentou o ocorrido e afirmou que trabalha para restabelecer a seguran\u00e7a e normalizar o transporte no trecho afetado. Segundo o comunicado, medidas emergenciais devem ser adotadas para reduzir os impactos na rotina da popula\u00e7\u00e3o.\" \/>\n<meta property=\"og:url\" content=\"https:\/\/sudoesteacontece.com.br\/?p=5547\" \/>\n<meta property=\"og:site_name\" content=\"Sudoesteacontece\" \/>\n<meta property=\"article:publisher\" content=\"https:\/\/www.facebook.com\/sudoesteacontece\/?locale=pt_BR\" \/>\n<meta property=\"article:published_time\" content=\"2026-01-07T13:02:25+00:00\" \/>\n<meta property=\"article:modified_time\" content=\"2026-01-07T13:02:27+00:00\" \/>\n<meta property=\"og:image\" content=\"https:\/\/sudoesteacontece.com.br\/wp-content\/uploads\/2026\/01\/Vandalismo-destroi-ponte-em-Nilo-Pecanha-e-compromete-ligacao-com-Itubera-sudoeste-acontece.jpg\" \/>\n\t<meta property=\"og:image:width\" content=\"900\" \/>\n\t<meta property=\"og:image:height\" content=\"600\" \/>\n\t<meta property=\"og:image:type\" content=\"image\/jpeg\" \/>\n<meta name=\"author\" content=\"Reda\u00e7\u00e3o\" \/>\n<meta name=\"twitter:card\" content=\"summary_large_image\" \/>\n<meta name=\"twitter:label1\" content=\"Escrito por\" \/>\n\t<meta name=\"twitter:data1\" content=\"Reda\u00e7\u00e3o\" \/>\n\t<meta name=\"twitter:label2\" content=\"Est. tempo de leitura\" \/>\n\t<meta name=\"twitter:data2\" content=\"2 minutos\" \/>\n<script type=\"application\/ld+json\" class=\"yoast-schema-graph\">{\"@context\":\"https:\/\/schema.org\",\"@graph\":[{\"@type\":\"Article\",\"@id\":\"https:\/\/sudoesteacontece.com.br\/?p=5547#article\",\"isPartOf\":{\"@id\":\"https:\/\/sudoesteacontece.com.br\/?p=5547\"},\"author\":{\"name\":\"Reda\u00e7\u00e3o\",\"@id\":\"https:\/\/sudoesteacontece.com.br\/#\/schema\/person\/a4f22429c1d0923ef8f7d43343f8dc38\"},\"headline\":\"Vandalismo destr\u00f3i ponte em Nilo Pe\u00e7anha e compromete liga\u00e7\u00e3o com Ituber\u00e1\",\"datePublished\":\"2026-01-07T13:02:25+00:00\",\"dateModified\":\"2026-01-07T13:02:27+00:00\",\"mainEntityOfPage\":{\"@id\":\"https:\/\/sudoesteacontece.com.br\/?p=5547\"},\"wordCount\":201,\"commentCount\":0,\"publisher\":{\"@id\":\"https:\/\/sudoesteacontece.com.br\/#organization\"},\"image\":{\"@id\":\"https:\/\/sudoesteacontece.com.br\/?p=5547#primaryimage\"},\"thumbnailUrl\":\"https:\/\/sudoesteacontece.com.br\/wp-content\/uploads\/2026\/01\/Vandalismo-destroi-ponte-em-Nilo-Pecanha-e-compromete-ligacao-com-Itubera-sudoeste-acontece.jpg\",\"articleSection\":[\"Bahia\",\"Cidades\"],\"inLanguage\":\"pt-BR\",\"potentialAction\":[{\"@type\":\"CommentAction\",\"name\":\"Comment\",\"target\":[\"https:\/\/sudoesteacontece.com.br\/?p=5547#respond\"]}]},{\"@type\":\"WebPage\",\"@id\":\"https:\/\/sudoesteacontece.com.br\/?p=5547\",\"url\":\"https:\/\/sudoesteacontece.com.br\/?p=5547\",\"name\":\"Vandalismo destr\u00f3i ponte em Nilo Pe\u00e7anha e compromete liga\u00e7\u00e3o com Ituber\u00e1 - Sudoesteacontece\",\"isPartOf\":{\"@id\":\"https:\/\/sudoesteacontece.com.br\/#website\"},\"primaryImageOfPage\":{\"@id\":\"https:\/\/sudoesteacontece.com.br\/?p=5547#primaryimage\"},\"image\":{\"@id\":\"https:\/\/sudoesteacontece.com.br\/?p=5547#primaryimage\"},\"thumbnailUrl\":\"https:\/\/sudoesteacontece.com.br\/wp-content\/uploads\/2026\/01\/Vandalismo-destroi-ponte-em-Nilo-Pecanha-e-compromete-ligacao-com-Itubera-sudoeste-acontece.jpg\",\"datePublished\":\"2026-01-07T13:02:25+00:00\",\"dateModified\":\"2026-01-07T13:02:27+00:00\",\"breadcrumb\":{\"@id\":\"https:\/\/sudoesteacontece.com.br\/?p=5547#breadcrumb\"},\"inLanguage\":\"pt-BR\",\"potentialAction\":[{\"@type\":\"ReadAction\",\"target\":[\"https:\/\/sudoesteacontece.com.br\/?p=5547\"]}]},{\"@type\":\"ImageObject\",\"inLanguage\":\"pt-BR\",\"@id\":\"https:\/\/sudoesteacontece.com.br\/?p=5547#primaryimage\",\"url\":\"https:\/\/sudoesteacontece.com.br\/wp-content\/uploads\/2026\/01\/Vandalismo-destroi-ponte-em-Nilo-Pecanha-e-compromete-ligacao-com-Itubera-sudoeste-acontece.jpg\",\"contentUrl\":\"https:\/\/sudoesteacontece.com.br\/wp-content\/uploads\/2026\/01\/Vandalismo-destroi-ponte-em-Nilo-Pecanha-e-compromete-ligacao-com-Itubera-sudoeste-acontece.jpg\",\"width\":900,\"height\":600},{\"@type\":\"BreadcrumbList\",\"@id\":\"https:\/\/sudoesteacontece.com.br\/?p=5547#breadcrumb\",\"itemListElement\":[{\"@type\":\"ListItem\",\"position\":1,\"name\":\"In\u00edcio\",\"item\":\"https:\/\/sudoesteacontece.com.br\/\"},{\"@type\":\"ListItem\",\"position\":2,\"name\":\"Vandalismo destr\u00f3i ponte em Nilo Pe\u00e7anha e compromete liga\u00e7\u00e3o com Ituber\u00e1\"}]},{\"@type\":\"WebSite\",\"@id\":\"https:\/\/sudoesteacontece.com.br\/#website\",\"url\":\"https:\/\/sudoesteacontece.com.br\/\",\"name\":\"Sudoesteacontece\",\"description\":\"\",\"publisher\":{\"@id\":\"https:\/\/sudoesteacontece.com.br\/#organization\"},\"potentialAction\":[{\"@type\":\"SearchAction\",\"target\":{\"@type\":\"EntryPoint\",\"urlTemplate\":\"https:\/\/sudoesteacontece.com.br\/?s={search_term_string}\"},\"query-input\":{\"@type\":\"PropertyValueSpecification\",\"valueRequired\":true,\"valueName\":\"search_term_string\"}}],\"inLanguage\":\"pt-BR\"},{\"@type\":\"Organization\",\"@id\":\"https:\/\/sudoesteacontece.com.br\/#organization\",\"name\":\"Sudoesteacontece\",\"url\":\"https:\/\/sudoesteacontece.com.br\/\",\"logo\":{\"@type\":\"ImageObject\",\"inLanguage\":\"pt-BR\",\"@id\":\"https:\/\/sudoesteacontece.com.br\/#\/schema\/logo\/image\/\",\"url\":\"https:\/\/sudoesteacontece.com.br\/wp-content\/uploads\/2025\/12\/cropped-logo-2-180x180-1.png\",\"contentUrl\":\"https:\/\/sudoesteacontece.com.br\/wp-content\/uploads\/2025\/12\/cropped-logo-2-180x180-1.png\",\"width\":180,\"height\":180,\"caption\":\"Sudoesteacontece\"},\"image\":{\"@id\":\"https:\/\/sudoesteacontece.com.br\/#\/schema\/logo\/image\/\"},\"sameAs\":[\"https:\/\/www.facebook.com\/sudoesteacontece\/?locale=pt_BR\"]},{\"@type\":\"Person\",\"@id\":\"https:\/\/sudoesteacontece.com.br\/#\/schema\/person\/a4f22429c1d0923ef8f7d43343f8dc38\",\"name\":\"Reda\u00e7\u00e3o\",\"image\":{\"@type\":\"ImageObject\",\"inLanguage\":\"pt-BR\",\"@id\":\"https:\/\/sudoesteacontece.com.br\/#\/schema\/person\/image\/\",\"url\":\"https:\/\/secure.gravatar.com\/avatar\/c3a5b3c93f268a709c25a2df414c629a96fb3b1b4bf97a94fb3f72e54ae76903?s=96&d=mm&r=g\",\"contentUrl\":\"https:\/\/secure.gravatar.com\/avatar\/c3a5b3c93f268a709c25a2df414c629a96fb3b1b4bf97a94fb3f72e54ae76903?s=96&d=mm&r=g\",\"caption\":\"Reda\u00e7\u00e3o\"},\"url\":\"https:\/\/sudoesteacontece.com.br\/?author=4\"}]}<\/script>\n<!-- \/ Yoast SEO plugin. -->","yoast_head_json":{"title":"Vandalismo destr\u00f3i ponte em Nilo Pe\u00e7anha e compromete liga\u00e7\u00e3o com Ituber\u00e1 - Sudoesteacontece","robots":{"index":"index","follow":"follow","max-snippet":"max-snippet:-1","max-image-preview":"max-image-preview:large","max-video-preview":"max-video-preview:-1"},"canonical":"https:\/\/sudoesteacontece.com.br\/?p=5547","og_locale":"pt_BR","og_type":"article","og_title":"Vandalismo destr\u00f3i ponte em Nilo Pe\u00e7anha e compromete liga\u00e7\u00e3o com Ituber\u00e1 - Sudoesteacontece","og_description":"Nesta ter\u00e7a-feira (6), um ato de vandalismo destruiu parte de uma ponte na regi\u00e3o da Maranata, em Nilo Pe\u00e7anha, no baixo sul da Bahia. A estrutura liga o munic\u00edpio a Ituber\u00e1 e teve a madeira serrada por dois homens ainda n\u00e3o identificados, segundo relatos iniciais divulgados nas redes sociais. Imagens publicadas pelo portal Al\u00f4 Valen\u00e7a mostram o n\u00edvel da destrui\u00e7\u00e3o e revelam o risco imposto a quem depende da ponte. A passagem ficou comprometida, dificultando o deslocamento de moradores, o transporte de mercadorias e o acesso a servi\u00e7os essenciais na regi\u00e3o. Diante da repercuss\u00e3o, as fotos foram encaminhadas \u00e0s autoridades locais para apura\u00e7\u00e3o do caso. A prefeitura informou que o epis\u00f3dio ser\u00e1 investigado e refor\u00e7ou que a depreda\u00e7\u00e3o de patrim\u00f4nio p\u00fablico configura crime grave, com preju\u00edzos diretos \u00e0 coletividade. Em nota, a gest\u00e3o municipal lamentou o ocorrido e afirmou que trabalha para restabelecer a seguran\u00e7a e normalizar o transporte no trecho afetado. Segundo o comunicado, medidas emergenciais devem ser adotadas para reduzir os impactos na rotina da popula\u00e7\u00e3o.","og_url":"https:\/\/sudoesteacontece.com.br\/?p=5547","og_site_name":"Sudoesteacontece","article_publisher":"https:\/\/www.facebook.com\/sudoesteacontece\/?locale=pt_BR","article_published_time":"2026-01-07T13:02:25+00:00","article_modified_time":"2026-01-07T13:02:27+00:00","og_image":[{"width":900,"height":600,"url":"https:\/\/sudoesteacontece.com.br\/wp-content\/uploads\/2026\/01\/Vandalismo-destroi-ponte-em-Nilo-Pecanha-e-compromete-ligacao-com-Itubera-sudoeste-acontece.jpg","type":"image\/jpeg"}],"author":"Reda\u00e7\u00e3o","twitter_card":"summary_large_image","twitter_misc":{"Escrito por":"Reda\u00e7\u00e3o","Est. tempo de leitura":"2 minutos"},"schema":{"@context":"https:\/\/schema.org","@graph":[{"@type":"Article","@id":"https:\/\/sudoesteacontece.com.br\/?p=5547#article","isPartOf":{"@id":"https:\/\/sudoesteacontece.com.br\/?p=5547"},"author":{"name":"Reda\u00e7\u00e3o","@id":"https:\/\/sudoesteacontece.com.br\/#\/schema\/person\/a4f22429c1d0923ef8f7d43343f8dc38"},"headline":"Vandalismo destr\u00f3i ponte em Nilo Pe\u00e7anha e compromete liga\u00e7\u00e3o com Ituber\u00e1","datePublished":"2026-01-07T13:02:25+00:00","dateModified":"2026-01-07T13:02:27+00:00","mainEntityOfPage":{"@id":"https:\/\/sudoesteacontece.com.br\/?p=5547"},"wordCount":201,"commentCount":0,"publisher":{"@id":"https:\/\/sudoesteacontece.com.br\/#organization"},"image":{"@id":"https:\/\/sudoesteacontece.com.br\/?p=5547#primaryimage"},"thumbnailUrl":"https:\/\/sudoesteacontece.com.br\/wp-content\/uploads\/2026\/01\/Vandalismo-destroi-ponte-em-Nilo-Pecanha-e-compromete-ligacao-com-Itubera-sudoeste-acontece.jpg","articleSection":["Bahia","Cidades"],"inLanguage":"pt-BR","potentialAction":[{"@type":"CommentAction","name":"Comment","target":["https:\/\/sudoesteacontece.com.br\/?p=5547#respond"]}]},{"@type":"WebPage","@id":"https:\/\/sudoesteacontece.com.br\/?p=5547","url":"https:\/\/sudoesteacontece.com.br\/?p=5547","name":"Vandalismo destr\u00f3i ponte em Nilo Pe\u00e7anha e compromete liga\u00e7\u00e3o com Ituber\u00e1 - Sudoesteacontece","isPartOf":{"@id":"https:\/\/sudoesteacontece.com.br\/#website"},"primaryImageOfPage":{"@id":"https:\/\/sudoesteacontece.com.br\/?p=5547#primaryimage"},"image":{"@id":"https:\/\/sudoesteacontece.com.br\/?p=5547#primaryimage"},"thumbnailUrl":"https:\/\/sudoesteacontece.com.br\/wp-content\/uploads\/2026\/01\/Vandalismo-destroi-ponte-em-Nilo-Pecanha-e-compromete-ligacao-com-Itubera-sudoeste-acontece.jpg","datePublished":"2026-01-07T13:02:25+00:00","dateModified":"2026-01-07T13:02:27+00:00","breadcrumb":{"@id":"https:\/\/sudoesteacontece.com.br\/?p=5547#breadcrumb"},"inLanguage":"pt-BR","potentialAction":[{"@type":"ReadAction","target":["https:\/\/sudoesteacontece.com.br\/?p=5547"]}]},{"@type":"ImageObject","inLanguage":"pt-BR","@id":"https:\/\/sudoesteacontece.com.br\/?p=5547#primaryimage","url":"https:\/\/sudoesteacontece.com.br\/wp-content\/uploads\/2026\/01\/Vandalismo-destroi-ponte-em-Nilo-Pecanha-e-compromete-ligacao-com-Itubera-sudoeste-acontece.jpg","contentUrl":"https:\/\/sudoesteacontece.com.br\/wp-content\/uploads\/2026\/01\/Vandalismo-destroi-ponte-em-Nilo-Pecanha-e-compromete-ligacao-com-Itubera-sudoeste-acontece.jpg","width":900,"height":600},{"@type":"BreadcrumbList","@id":"https:\/\/sudoesteacontece.com.br\/?p=5547#breadcrumb","itemListElement":[{"@type":"ListItem","position":1,"name":"In\u00edcio","item":"https:\/\/sudoesteacontece.com.br\/"},{"@type":"ListItem","position":2,"name":"Vandalismo destr\u00f3i ponte em Nilo Pe\u00e7anha e compromete liga\u00e7\u00e3o com Ituber\u00e1"}]},{"@type":"WebSite","@id":"https:\/\/sudoesteacontece.com.br\/#website","url":"https:\/\/sudoesteacontece.com.br\/","name":"Sudoesteacontece","description":"","publisher":{"@id":"https:\/\/sudoesteacontece.com.br\/#organization"},"potentialAction":[{"@type":"SearchAction","target":{"@type":"EntryPoint","urlTemplate":"https:\/\/sudoesteacontece.com.br\/?s={search_term_string}"},"query-input":{"@type":"PropertyValueSpecification","valueRequired":true,"valueName":"search_term_string"}}],"inLanguage":"pt-BR"},{"@type":"Organization","@id":"https:\/\/sudoesteacontece.com.br\/#organization","name":"Sudoesteacontece","url":"https:\/\/sudoesteacontece.com.br\/","logo":{"@type":"ImageObject","inLanguage":"pt-BR","@id":"https:\/\/sudoesteacontece.com.br\/#\/schema\/logo\/image\/","url":"https:\/\/sudoesteacontece.com.br\/wp-content\/uploads\/2025\/12\/cropped-logo-2-180x180-1.png","contentUrl":"https:\/\/sudoesteacontece.com.br\/wp-content\/uploads\/2025\/12\/cropped-logo-2-180x180-1.png","width":180,"height":180,"caption":"Sudoesteacontece"},"image":{"@id":"https:\/\/sudoesteacontece.com.br\/#\/schema\/logo\/image\/"},"sameAs":["https:\/\/www.facebook.com\/sudoesteacontece\/?locale=pt_BR"]},{"@type":"Person","@id":"https:\/\/sudoesteacontece.com.br\/#\/schema\/person\/a4f22429c1d0923ef8f7d43343f8dc38","name":"Reda\u00e7\u00e3o","image":{"@type":"ImageObject","inLanguage":"pt-BR","@id":"https:\/\/sudoesteacontece.com.br\/#\/schema\/person\/image\/","url":"https:\/\/secure.gravatar.com\/avatar\/c3a5b3c93f268a709c25a2df414c629a96fb3b1b4bf97a94fb3f72e54ae76903?s=96&d=mm&r=g","contentUrl":"https:\/\/secure.gravatar.com\/avatar\/c3a5b3c93f268a709c25a2df414c629a96fb3b1b4bf97a94fb3f72e54ae76903?s=96&d=mm&r=g","caption":"Reda\u00e7\u00e3o"},"url":"https:\/\/sudoesteacontece.com.br\/?author=4"}]}},"_links":{"self":[{"href":"https:\/\/sudoesteacontece.com.br\/index.php?rest_route=\/wp\/v2\/posts\/5547","targetHints":{"allow":["GET"]}}],"collection":[{"href":"https:\/\/sudoesteacontece.com.br\/index.php?rest_route=\/wp\/v2\/posts"}],"about":[{"href":"https:\/\/sudoesteacontece.com.br\/index.php?rest_route=\/wp\/v2\/types\/post"}],"author":[{"embeddable":true,"href":"https:\/\/sudoesteacontece.com.br\/index.php?rest_route=\/wp\/v2\/users\/4"}],"replies":[{"embeddable":true,"href":"https:\/\/sudoesteacontece.com.br\/index.php?rest_route=%2Fwp%2Fv2%2Fcomments&post=5547"}],"version-history":[{"count":0,"href":"https:\/\/sudoesteacontece.com.br\/index.php?rest_route=\/wp\/v2\/posts\/5547\/revisions"}],"wp:featuredmedia":[{"embeddable":true,"href":"https:\/\/sudoesteacontece.com.br\/index.php?rest_route=\/wp\/v2\/media\/5575"}],"wp:attachment":[{"href":"https:\/\/sudoesteacontece.com.br\/index.php?rest_route=%2Fwp%2Fv2%2Fmedia&parent=5547"}],"wp:term":[{"taxonomy":"category","embeddable":true,"href":"https:\/\/sudoesteacontece.com.br\/index.php?rest_route=%2Fwp%2Fv2%2Fcategories&post=5547"},{"taxonomy":"post_tag","embeddable":true,"href":"https:\/\/sudoesteacontece.com.br\/index.php?rest_route=%2Fwp%2Fv2%2Ftags&post=5547"}],"curies":[{"name":"wp","href":"https:\/\/api.w.org\/{rel}","templated":true}]}}