{"id":5549,"date":"2026-01-07T10:08:31","date_gmt":"2026-01-07T13:08:31","guid":{"rendered":"https:\/\/sudoesteacontece.com.br\/?p=5549"},"modified":"2026-01-07T10:08:33","modified_gmt":"2026-01-07T13:08:33","slug":"pt-cobrando-pt-deputado-da-base-cobra-jeronimo-nas-redes-por-atraso-salarial-em-hospital-de-jequie","status":"publish","type":"post","link":"https:\/\/sudoesteacontece.com.br\/?p=5549","title":{"rendered":"PT cobrando PT: Deputado da base cobra Jer\u00f4nimo nas redes por atraso salarial em hospital de Jequi\u00e9"},"content":{"rendered":"<div class=\"wp-block-image\">\n<figure class=\"aligncenter size-full\"><img fetchpriority=\"high\" decoding=\"async\" width=\"900\" height=\"600\" src=\"http:\/\/sudoesteacontece.com.br\/wp-content\/uploads\/2026\/01\/Fogo-no-parquinho-Deputado-da-base-cobra-Jeronimo-nas-redes-por-atraso-salarial-em-hospital-de-Jequie-sudoeste-acontece.jpg\" alt=\"\" class=\"wp-image-5577\" srcset=\"https:\/\/sudoesteacontece.com.br\/wp-content\/uploads\/2026\/01\/Fogo-no-parquinho-Deputado-da-base-cobra-Jeronimo-nas-redes-por-atraso-salarial-em-hospital-de-Jequie-sudoeste-acontece.jpg 900w, https:\/\/sudoesteacontece.com.br\/wp-content\/uploads\/2026\/01\/Fogo-no-parquinho-Deputado-da-base-cobra-Jeronimo-nas-redes-por-atraso-salarial-em-hospital-de-Jequie-sudoeste-acontece-300x200.jpg 300w, https:\/\/sudoesteacontece.com.br\/wp-content\/uploads\/2026\/01\/Fogo-no-parquinho-Deputado-da-base-cobra-Jeronimo-nas-redes-por-atraso-salarial-em-hospital-de-Jequie-sudoeste-acontece-768x512.jpg 768w\" sizes=\"(max-width: 900px) 100vw, 900px\" \/><\/figure>\n<\/div>\n\n\n<p>Aliado do governo na Assembleia Legislativa da Bahia (ALBA), o deputado estadual Euclides Fernandes (PT) usou as redes sociais para cobrar o governador Jer\u00f4nimo Rodrigues (PT) pelo atraso no pagamento dos sal\u00e1rios dos funcion\u00e1rios do Hospital Geral Prado Valadares, em Jequi\u00e9. A cidade \u00e9 o principal reduto eleitoral do parlamentar, que exp\u00f4s publicamente a insatisfa\u00e7\u00e3o.<\/p>\n\n\n\n<p>Segundo o deputado, os trabalhadores enfrentam atraso de cerca de dois meses nos vencimentos. A situa\u00e7\u00e3o, de acordo com ele, afeta principalmente funcion\u00e1rios terceirizados da unidade hospitalar, refer\u00eancia em sa\u00fade para Jequi\u00e9 e munic\u00edpios vizinhos, o que amplia a preocupa\u00e7\u00e3o com impactos diretos no atendimento \u00e0 popula\u00e7\u00e3o.<\/p>\n\n\n\n<p>Na publica\u00e7\u00e3o, Euclides afirmou que tem buscado di\u00e1logo direto com o governador para resolver o problema. O parlamentar destacou que acompanha de perto a situa\u00e7\u00e3o e defendeu uma solu\u00e7\u00e3o urgente. \u201cNosso mandato busca di\u00e1logo para garantir o pagamento dos terceirizados\u201d, escreveu ao mencionar Jer\u00f4nimo Rodrigues.<\/p>\n\n\n\n<p>Al\u00e9m da cobran\u00e7a direta, o deputado marcou o perfil oficial do governador como colaborador da postagem. Apesar disso, o conte\u00fado n\u00e3o apareceu no feed do Instagram de Jer\u00f4nimo, o que chamou aten\u00e7\u00e3o nos bastidores pol\u00edticos e refor\u00e7ou o car\u00e1ter p\u00fablico da cobran\u00e7a feita por um integrante da base aliada.<\/p>\n\n\n\n<p>Enquanto isso, funcion\u00e1rios do hospital aguardam uma defini\u00e7\u00e3o sobre os sal\u00e1rios atrasados. O caso exp\u00f5e desconforto dentro do pr\u00f3prio grupo governista e amplia a press\u00e3o sobre o Pal\u00e1cio de Ondina em um tema sens\u00edvel, que envolve servi\u00e7os essenciais e a rotina de um dos principais hospitais do interior baiano.<\/p>\n","protected":false},"excerpt":{"rendered":"<p>Aliado do governo na Assembleia Legislativa da Bahia (ALBA), o deputado estadual Euclides Fernandes (PT) usou as redes sociais para cobrar o governador Jer\u00f4nimo Rodrigues (PT) pelo atraso no pagamento dos sal\u00e1rios dos funcion\u00e1rios do Hospital Geral Prado Valadares, em Jequi\u00e9. A cidade \u00e9 o principal reduto eleitoral do parlamentar, que exp\u00f4s publicamente a insatisfa\u00e7\u00e3o. Segundo o deputado, os trabalhadores enfrentam atraso de cerca de dois meses nos vencimentos. A situa\u00e7\u00e3o, de acordo com ele, afeta principalmente funcion\u00e1rios terceirizados da unidade hospitalar, refer\u00eancia em sa\u00fade para Jequi\u00e9 e munic\u00edpios vizinhos, o que amplia a preocupa\u00e7\u00e3o com impactos diretos no atendimento \u00e0 popula\u00e7\u00e3o. Na publica\u00e7\u00e3o, Euclides afirmou que tem buscado di\u00e1logo direto com o governador para resolver o problema. O parlamentar destacou que acompanha de perto a situa\u00e7\u00e3o e defendeu uma solu\u00e7\u00e3o urgente. \u201cNosso mandato busca di\u00e1logo para garantir o pagamento dos terceirizados\u201d, escreveu ao mencionar Jer\u00f4nimo Rodrigues. Al\u00e9m da cobran\u00e7a direta, o deputado marcou o perfil oficial do governador como colaborador da postagem. Apesar disso, o conte\u00fado n\u00e3o apareceu no feed do Instagram de Jer\u00f4nimo, o que chamou aten\u00e7\u00e3o nos bastidores pol\u00edticos e refor\u00e7ou o car\u00e1ter p\u00fablico da cobran\u00e7a feita por um integrante da base aliada. Enquanto isso, funcion\u00e1rios do hospital aguardam uma defini\u00e7\u00e3o sobre os sal\u00e1rios atrasados. O caso exp\u00f5e desconforto dentro do pr\u00f3prio grupo governista e amplia a press\u00e3o sobre o Pal\u00e1cio de Ondina em um tema sens\u00edvel, que envolve servi\u00e7os essenciais e a rotina de um dos principais hospitais do interior baiano.<\/p>\n","protected":false},"author":4,"featured_media":5577,"comment_status":"open","ping_status":"open","sticky":false,"template":"","format":"standard","meta":{"footnotes":""},"categories":[7,4,43,6,45],"tags":[],"class_list":["post-5549","post","type-post","status-publish","format-standard","has-post-thumbnail","hentry","category-bahia","category-cidades","category-educacao","category-politica","category-saude"],"yoast_head":"<!-- This site is optimized with the Yoast SEO plugin v26.5 - https:\/\/yoast.com\/wordpress\/plugins\/seo\/ -->\n<title>PT cobrando PT: Deputado da base cobra Jer\u00f4nimo nas redes por atraso salarial em hospital de Jequi\u00e9 - Sudoesteacontece<\/title>\n<meta name=\"robots\" content=\"index, follow, max-snippet:-1, max-image-preview:large, max-video-preview:-1\" \/>\n<link rel=\"canonical\" href=\"https:\/\/sudoesteacontece.com.br\/?p=5549\" \/>\n<meta property=\"og:locale\" content=\"pt_BR\" \/>\n<meta property=\"og:type\" content=\"article\" \/>\n<meta property=\"og:title\" content=\"PT cobrando PT: Deputado da base cobra Jer\u00f4nimo nas redes por atraso salarial em hospital de Jequi\u00e9 - Sudoesteacontece\" \/>\n<meta property=\"og:description\" content=\"Aliado do governo na Assembleia Legislativa da Bahia (ALBA), o deputado estadual Euclides Fernandes (PT) usou as redes sociais para cobrar o governador Jer\u00f4nimo Rodrigues (PT) pelo atraso no pagamento dos sal\u00e1rios dos funcion\u00e1rios do Hospital Geral Prado Valadares, em Jequi\u00e9. A cidade \u00e9 o principal reduto eleitoral do parlamentar, que exp\u00f4s publicamente a insatisfa\u00e7\u00e3o. Segundo o deputado, os trabalhadores enfrentam atraso de cerca de dois meses nos vencimentos. A situa\u00e7\u00e3o, de acordo com ele, afeta principalmente funcion\u00e1rios terceirizados da unidade hospitalar, refer\u00eancia em sa\u00fade para Jequi\u00e9 e munic\u00edpios vizinhos, o que amplia a preocupa\u00e7\u00e3o com impactos diretos no atendimento \u00e0 popula\u00e7\u00e3o. Na publica\u00e7\u00e3o, Euclides afirmou que tem buscado di\u00e1logo direto com o governador para resolver o problema. O parlamentar destacou que acompanha de perto a situa\u00e7\u00e3o e defendeu uma solu\u00e7\u00e3o urgente. \u201cNosso mandato busca di\u00e1logo para garantir o pagamento dos terceirizados\u201d, escreveu ao mencionar Jer\u00f4nimo Rodrigues. Al\u00e9m da cobran\u00e7a direta, o deputado marcou o perfil oficial do governador como colaborador da postagem. Apesar disso, o conte\u00fado n\u00e3o apareceu no feed do Instagram de Jer\u00f4nimo, o que chamou aten\u00e7\u00e3o nos bastidores pol\u00edticos e refor\u00e7ou o car\u00e1ter p\u00fablico da cobran\u00e7a feita por um integrante da base aliada. Enquanto isso, funcion\u00e1rios do hospital aguardam uma defini\u00e7\u00e3o sobre os sal\u00e1rios atrasados. O caso exp\u00f5e desconforto dentro do pr\u00f3prio grupo governista e amplia a press\u00e3o sobre o Pal\u00e1cio de Ondina em um tema sens\u00edvel, que envolve servi\u00e7os essenciais e a rotina de um dos principais hospitais do interior baiano.\" \/>\n<meta property=\"og:url\" content=\"https:\/\/sudoesteacontece.com.br\/?p=5549\" \/>\n<meta property=\"og:site_name\" content=\"Sudoesteacontece\" \/>\n<meta property=\"article:publisher\" content=\"https:\/\/www.facebook.com\/sudoesteacontece\/?locale=pt_BR\" \/>\n<meta property=\"article:published_time\" content=\"2026-01-07T13:08:31+00:00\" \/>\n<meta property=\"article:modified_time\" content=\"2026-01-07T13:08:33+00:00\" \/>\n<meta property=\"og:image\" content=\"https:\/\/sudoesteacontece.com.br\/wp-content\/uploads\/2026\/01\/Fogo-no-parquinho-Deputado-da-base-cobra-Jeronimo-nas-redes-por-atraso-salarial-em-hospital-de-Jequie-sudoeste-acontece.jpg\" \/>\n\t<meta property=\"og:image:width\" content=\"900\" \/>\n\t<meta property=\"og:image:height\" content=\"600\" \/>\n\t<meta property=\"og:image:type\" content=\"image\/jpeg\" \/>\n<meta name=\"author\" content=\"Reda\u00e7\u00e3o\" \/>\n<meta name=\"twitter:card\" content=\"summary_large_image\" \/>\n<meta name=\"twitter:label1\" content=\"Escrito por\" \/>\n\t<meta name=\"twitter:data1\" content=\"Reda\u00e7\u00e3o\" \/>\n\t<meta name=\"twitter:label2\" content=\"Est. tempo de leitura\" \/>\n\t<meta name=\"twitter:data2\" content=\"2 minutos\" \/>\n<script type=\"application\/ld+json\" class=\"yoast-schema-graph\">{\"@context\":\"https:\/\/schema.org\",\"@graph\":[{\"@type\":\"Article\",\"@id\":\"https:\/\/sudoesteacontece.com.br\/?p=5549#article\",\"isPartOf\":{\"@id\":\"https:\/\/sudoesteacontece.com.br\/?p=5549\"},\"author\":{\"name\":\"Reda\u00e7\u00e3o\",\"@id\":\"https:\/\/sudoesteacontece.com.br\/#\/schema\/person\/a4f22429c1d0923ef8f7d43343f8dc38\"},\"headline\":\"PT cobrando PT: Deputado da base cobra Jer\u00f4nimo nas redes por atraso salarial em hospital de Jequi\u00e9\",\"datePublished\":\"2026-01-07T13:08:31+00:00\",\"dateModified\":\"2026-01-07T13:08:33+00:00\",\"mainEntityOfPage\":{\"@id\":\"https:\/\/sudoesteacontece.com.br\/?p=5549\"},\"wordCount\":299,\"commentCount\":0,\"publisher\":{\"@id\":\"https:\/\/sudoesteacontece.com.br\/#organization\"},\"image\":{\"@id\":\"https:\/\/sudoesteacontece.com.br\/?p=5549#primaryimage\"},\"thumbnailUrl\":\"https:\/\/sudoesteacontece.com.br\/wp-content\/uploads\/2026\/01\/Fogo-no-parquinho-Deputado-da-base-cobra-Jeronimo-nas-redes-por-atraso-salarial-em-hospital-de-Jequie-sudoeste-acontece.jpg\",\"articleSection\":[\"Bahia\",\"Cidades\",\"Educa\u00e7\u00e3o\",\"Pol\u00edtica\",\"Sa\u00fade\"],\"inLanguage\":\"pt-BR\",\"potentialAction\":[{\"@type\":\"CommentAction\",\"name\":\"Comment\",\"target\":[\"https:\/\/sudoesteacontece.com.br\/?p=5549#respond\"]}]},{\"@type\":\"WebPage\",\"@id\":\"https:\/\/sudoesteacontece.com.br\/?p=5549\",\"url\":\"https:\/\/sudoesteacontece.com.br\/?p=5549\",\"name\":\"PT cobrando PT: Deputado da base cobra Jer\u00f4nimo nas redes por atraso salarial em hospital de Jequi\u00e9 - Sudoesteacontece\",\"isPartOf\":{\"@id\":\"https:\/\/sudoesteacontece.com.br\/#website\"},\"primaryImageOfPage\":{\"@id\":\"https:\/\/sudoesteacontece.com.br\/?p=5549#primaryimage\"},\"image\":{\"@id\":\"https:\/\/sudoesteacontece.com.br\/?p=5549#primaryimage\"},\"thumbnailUrl\":\"https:\/\/sudoesteacontece.com.br\/wp-content\/uploads\/2026\/01\/Fogo-no-parquinho-Deputado-da-base-cobra-Jeronimo-nas-redes-por-atraso-salarial-em-hospital-de-Jequie-sudoeste-acontece.jpg\",\"datePublished\":\"2026-01-07T13:08:31+00:00\",\"dateModified\":\"2026-01-07T13:08:33+00:00\",\"breadcrumb\":{\"@id\":\"https:\/\/sudoesteacontece.com.br\/?p=5549#breadcrumb\"},\"inLanguage\":\"pt-BR\",\"potentialAction\":[{\"@type\":\"ReadAction\",\"target\":[\"https:\/\/sudoesteacontece.com.br\/?p=5549\"]}]},{\"@type\":\"ImageObject\",\"inLanguage\":\"pt-BR\",\"@id\":\"https:\/\/sudoesteacontece.com.br\/?p=5549#primaryimage\",\"url\":\"https:\/\/sudoesteacontece.com.br\/wp-content\/uploads\/2026\/01\/Fogo-no-parquinho-Deputado-da-base-cobra-Jeronimo-nas-redes-por-atraso-salarial-em-hospital-de-Jequie-sudoeste-acontece.jpg\",\"contentUrl\":\"https:\/\/sudoesteacontece.com.br\/wp-content\/uploads\/2026\/01\/Fogo-no-parquinho-Deputado-da-base-cobra-Jeronimo-nas-redes-por-atraso-salarial-em-hospital-de-Jequie-sudoeste-acontece.jpg\",\"width\":900,\"height\":600},{\"@type\":\"BreadcrumbList\",\"@id\":\"https:\/\/sudoesteacontece.com.br\/?p=5549#breadcrumb\",\"itemListElement\":[{\"@type\":\"ListItem\",\"position\":1,\"name\":\"In\u00edcio\",\"item\":\"https:\/\/sudoesteacontece.com.br\/\"},{\"@type\":\"ListItem\",\"position\":2,\"name\":\"PT cobrando PT: Deputado da base cobra Jer\u00f4nimo nas redes por atraso salarial em hospital de Jequi\u00e9\"}]},{\"@type\":\"WebSite\",\"@id\":\"https:\/\/sudoesteacontece.com.br\/#website\",\"url\":\"https:\/\/sudoesteacontece.com.br\/\",\"name\":\"Sudoesteacontece\",\"description\":\"\",\"publisher\":{\"@id\":\"https:\/\/sudoesteacontece.com.br\/#organization\"},\"potentialAction\":[{\"@type\":\"SearchAction\",\"target\":{\"@type\":\"EntryPoint\",\"urlTemplate\":\"https:\/\/sudoesteacontece.com.br\/?s={search_term_string}\"},\"query-input\":{\"@type\":\"PropertyValueSpecification\",\"valueRequired\":true,\"valueName\":\"search_term_string\"}}],\"inLanguage\":\"pt-BR\"},{\"@type\":\"Organization\",\"@id\":\"https:\/\/sudoesteacontece.com.br\/#organization\",\"name\":\"Sudoesteacontece\",\"url\":\"https:\/\/sudoesteacontece.com.br\/\",\"logo\":{\"@type\":\"ImageObject\",\"inLanguage\":\"pt-BR\",\"@id\":\"https:\/\/sudoesteacontece.com.br\/#\/schema\/logo\/image\/\",\"url\":\"https:\/\/sudoesteacontece.com.br\/wp-content\/uploads\/2025\/12\/cropped-logo-2-180x180-1.png\",\"contentUrl\":\"https:\/\/sudoesteacontece.com.br\/wp-content\/uploads\/2025\/12\/cropped-logo-2-180x180-1.png\",\"width\":180,\"height\":180,\"caption\":\"Sudoesteacontece\"},\"image\":{\"@id\":\"https:\/\/sudoesteacontece.com.br\/#\/schema\/logo\/image\/\"},\"sameAs\":[\"https:\/\/www.facebook.com\/sudoesteacontece\/?locale=pt_BR\"]},{\"@type\":\"Person\",\"@id\":\"https:\/\/sudoesteacontece.com.br\/#\/schema\/person\/a4f22429c1d0923ef8f7d43343f8dc38\",\"name\":\"Reda\u00e7\u00e3o\",\"image\":{\"@type\":\"ImageObject\",\"inLanguage\":\"pt-BR\",\"@id\":\"https:\/\/sudoesteacontece.com.br\/#\/schema\/person\/image\/\",\"url\":\"https:\/\/secure.gravatar.com\/avatar\/c3a5b3c93f268a709c25a2df414c629a96fb3b1b4bf97a94fb3f72e54ae76903?s=96&d=mm&r=g\",\"contentUrl\":\"https:\/\/secure.gravatar.com\/avatar\/c3a5b3c93f268a709c25a2df414c629a96fb3b1b4bf97a94fb3f72e54ae76903?s=96&d=mm&r=g\",\"caption\":\"Reda\u00e7\u00e3o\"},\"url\":\"https:\/\/sudoesteacontece.com.br\/?author=4\"}]}<\/script>\n<!-- \/ Yoast SEO plugin. -->","yoast_head_json":{"title":"PT cobrando PT: Deputado da base cobra Jer\u00f4nimo nas redes por atraso salarial em hospital de Jequi\u00e9 - Sudoesteacontece","robots":{"index":"index","follow":"follow","max-snippet":"max-snippet:-1","max-image-preview":"max-image-preview:large","max-video-preview":"max-video-preview:-1"},"canonical":"https:\/\/sudoesteacontece.com.br\/?p=5549","og_locale":"pt_BR","og_type":"article","og_title":"PT cobrando PT: Deputado da base cobra Jer\u00f4nimo nas redes por atraso salarial em hospital de Jequi\u00e9 - Sudoesteacontece","og_description":"Aliado do governo na Assembleia Legislativa da Bahia (ALBA), o deputado estadual Euclides Fernandes (PT) usou as redes sociais para cobrar o governador Jer\u00f4nimo Rodrigues (PT) pelo atraso no pagamento dos sal\u00e1rios dos funcion\u00e1rios do Hospital Geral Prado Valadares, em Jequi\u00e9. A cidade \u00e9 o principal reduto eleitoral do parlamentar, que exp\u00f4s publicamente a insatisfa\u00e7\u00e3o. Segundo o deputado, os trabalhadores enfrentam atraso de cerca de dois meses nos vencimentos. A situa\u00e7\u00e3o, de acordo com ele, afeta principalmente funcion\u00e1rios terceirizados da unidade hospitalar, refer\u00eancia em sa\u00fade para Jequi\u00e9 e munic\u00edpios vizinhos, o que amplia a preocupa\u00e7\u00e3o com impactos diretos no atendimento \u00e0 popula\u00e7\u00e3o. Na publica\u00e7\u00e3o, Euclides afirmou que tem buscado di\u00e1logo direto com o governador para resolver o problema. O parlamentar destacou que acompanha de perto a situa\u00e7\u00e3o e defendeu uma solu\u00e7\u00e3o urgente. \u201cNosso mandato busca di\u00e1logo para garantir o pagamento dos terceirizados\u201d, escreveu ao mencionar Jer\u00f4nimo Rodrigues. Al\u00e9m da cobran\u00e7a direta, o deputado marcou o perfil oficial do governador como colaborador da postagem. Apesar disso, o conte\u00fado n\u00e3o apareceu no feed do Instagram de Jer\u00f4nimo, o que chamou aten\u00e7\u00e3o nos bastidores pol\u00edticos e refor\u00e7ou o car\u00e1ter p\u00fablico da cobran\u00e7a feita por um integrante da base aliada. Enquanto isso, funcion\u00e1rios do hospital aguardam uma defini\u00e7\u00e3o sobre os sal\u00e1rios atrasados. O caso exp\u00f5e desconforto dentro do pr\u00f3prio grupo governista e amplia a press\u00e3o sobre o Pal\u00e1cio de Ondina em um tema sens\u00edvel, que envolve servi\u00e7os essenciais e a rotina de um dos principais hospitais do interior baiano.","og_url":"https:\/\/sudoesteacontece.com.br\/?p=5549","og_site_name":"Sudoesteacontece","article_publisher":"https:\/\/www.facebook.com\/sudoesteacontece\/?locale=pt_BR","article_published_time":"2026-01-07T13:08:31+00:00","article_modified_time":"2026-01-07T13:08:33+00:00","og_image":[{"width":900,"height":600,"url":"https:\/\/sudoesteacontece.com.br\/wp-content\/uploads\/2026\/01\/Fogo-no-parquinho-Deputado-da-base-cobra-Jeronimo-nas-redes-por-atraso-salarial-em-hospital-de-Jequie-sudoeste-acontece.jpg","type":"image\/jpeg"}],"author":"Reda\u00e7\u00e3o","twitter_card":"summary_large_image","twitter_misc":{"Escrito por":"Reda\u00e7\u00e3o","Est. tempo de leitura":"2 minutos"},"schema":{"@context":"https:\/\/schema.org","@graph":[{"@type":"Article","@id":"https:\/\/sudoesteacontece.com.br\/?p=5549#article","isPartOf":{"@id":"https:\/\/sudoesteacontece.com.br\/?p=5549"},"author":{"name":"Reda\u00e7\u00e3o","@id":"https:\/\/sudoesteacontece.com.br\/#\/schema\/person\/a4f22429c1d0923ef8f7d43343f8dc38"},"headline":"PT cobrando PT: Deputado da base cobra Jer\u00f4nimo nas redes por atraso salarial em hospital de Jequi\u00e9","datePublished":"2026-01-07T13:08:31+00:00","dateModified":"2026-01-07T13:08:33+00:00","mainEntityOfPage":{"@id":"https:\/\/sudoesteacontece.com.br\/?p=5549"},"wordCount":299,"commentCount":0,"publisher":{"@id":"https:\/\/sudoesteacontece.com.br\/#organization"},"image":{"@id":"https:\/\/sudoesteacontece.com.br\/?p=5549#primaryimage"},"thumbnailUrl":"https:\/\/sudoesteacontece.com.br\/wp-content\/uploads\/2026\/01\/Fogo-no-parquinho-Deputado-da-base-cobra-Jeronimo-nas-redes-por-atraso-salarial-em-hospital-de-Jequie-sudoeste-acontece.jpg","articleSection":["Bahia","Cidades","Educa\u00e7\u00e3o","Pol\u00edtica","Sa\u00fade"],"inLanguage":"pt-BR","potentialAction":[{"@type":"CommentAction","name":"Comment","target":["https:\/\/sudoesteacontece.com.br\/?p=5549#respond"]}]},{"@type":"WebPage","@id":"https:\/\/sudoesteacontece.com.br\/?p=5549","url":"https:\/\/sudoesteacontece.com.br\/?p=5549","name":"PT cobrando PT: Deputado da base cobra Jer\u00f4nimo nas redes por atraso salarial em hospital de Jequi\u00e9 - Sudoesteacontece","isPartOf":{"@id":"https:\/\/sudoesteacontece.com.br\/#website"},"primaryImageOfPage":{"@id":"https:\/\/sudoesteacontece.com.br\/?p=5549#primaryimage"},"image":{"@id":"https:\/\/sudoesteacontece.com.br\/?p=5549#primaryimage"},"thumbnailUrl":"https:\/\/sudoesteacontece.com.br\/wp-content\/uploads\/2026\/01\/Fogo-no-parquinho-Deputado-da-base-cobra-Jeronimo-nas-redes-por-atraso-salarial-em-hospital-de-Jequie-sudoeste-acontece.jpg","datePublished":"2026-01-07T13:08:31+00:00","dateModified":"2026-01-07T13:08:33+00:00","breadcrumb":{"@id":"https:\/\/sudoesteacontece.com.br\/?p=5549#breadcrumb"},"inLanguage":"pt-BR","potentialAction":[{"@type":"ReadAction","target":["https:\/\/sudoesteacontece.com.br\/?p=5549"]}]},{"@type":"ImageObject","inLanguage":"pt-BR","@id":"https:\/\/sudoesteacontece.com.br\/?p=5549#primaryimage","url":"https:\/\/sudoesteacontece.com.br\/wp-content\/uploads\/2026\/01\/Fogo-no-parquinho-Deputado-da-base-cobra-Jeronimo-nas-redes-por-atraso-salarial-em-hospital-de-Jequie-sudoeste-acontece.jpg","contentUrl":"https:\/\/sudoesteacontece.com.br\/wp-content\/uploads\/2026\/01\/Fogo-no-parquinho-Deputado-da-base-cobra-Jeronimo-nas-redes-por-atraso-salarial-em-hospital-de-Jequie-sudoeste-acontece.jpg","width":900,"height":600},{"@type":"BreadcrumbList","@id":"https:\/\/sudoesteacontece.com.br\/?p=5549#breadcrumb","itemListElement":[{"@type":"ListItem","position":1,"name":"In\u00edcio","item":"https:\/\/sudoesteacontece.com.br\/"},{"@type":"ListItem","position":2,"name":"PT cobrando PT: Deputado da base cobra Jer\u00f4nimo nas redes por atraso salarial em hospital de Jequi\u00e9"}]},{"@type":"WebSite","@id":"https:\/\/sudoesteacontece.com.br\/#website","url":"https:\/\/sudoesteacontece.com.br\/","name":"Sudoesteacontece","description":"","publisher":{"@id":"https:\/\/sudoesteacontece.com.br\/#organization"},"potentialAction":[{"@type":"SearchAction","target":{"@type":"EntryPoint","urlTemplate":"https:\/\/sudoesteacontece.com.br\/?s={search_term_string}"},"query-input":{"@type":"PropertyValueSpecification","valueRequired":true,"valueName":"search_term_string"}}],"inLanguage":"pt-BR"},{"@type":"Organization","@id":"https:\/\/sudoesteacontece.com.br\/#organization","name":"Sudoesteacontece","url":"https:\/\/sudoesteacontece.com.br\/","logo":{"@type":"ImageObject","inLanguage":"pt-BR","@id":"https:\/\/sudoesteacontece.com.br\/#\/schema\/logo\/image\/","url":"https:\/\/sudoesteacontece.com.br\/wp-content\/uploads\/2025\/12\/cropped-logo-2-180x180-1.png","contentUrl":"https:\/\/sudoesteacontece.com.br\/wp-content\/uploads\/2025\/12\/cropped-logo-2-180x180-1.png","width":180,"height":180,"caption":"Sudoesteacontece"},"image":{"@id":"https:\/\/sudoesteacontece.com.br\/#\/schema\/logo\/image\/"},"sameAs":["https:\/\/www.facebook.com\/sudoesteacontece\/?locale=pt_BR"]},{"@type":"Person","@id":"https:\/\/sudoesteacontece.com.br\/#\/schema\/person\/a4f22429c1d0923ef8f7d43343f8dc38","name":"Reda\u00e7\u00e3o","image":{"@type":"ImageObject","inLanguage":"pt-BR","@id":"https:\/\/sudoesteacontece.com.br\/#\/schema\/person\/image\/","url":"https:\/\/secure.gravatar.com\/avatar\/c3a5b3c93f268a709c25a2df414c629a96fb3b1b4bf97a94fb3f72e54ae76903?s=96&d=mm&r=g","contentUrl":"https:\/\/secure.gravatar.com\/avatar\/c3a5b3c93f268a709c25a2df414c629a96fb3b1b4bf97a94fb3f72e54ae76903?s=96&d=mm&r=g","caption":"Reda\u00e7\u00e3o"},"url":"https:\/\/sudoesteacontece.com.br\/?author=4"}]}},"_links":{"self":[{"href":"https:\/\/sudoesteacontece.com.br\/index.php?rest_route=\/wp\/v2\/posts\/5549","targetHints":{"allow":["GET"]}}],"collection":[{"href":"https:\/\/sudoesteacontece.com.br\/index.php?rest_route=\/wp\/v2\/posts"}],"about":[{"href":"https:\/\/sudoesteacontece.com.br\/index.php?rest_route=\/wp\/v2\/types\/post"}],"author":[{"embeddable":true,"href":"https:\/\/sudoesteacontece.com.br\/index.php?rest_route=\/wp\/v2\/users\/4"}],"replies":[{"embeddable":true,"href":"https:\/\/sudoesteacontece.com.br\/index.php?rest_route=%2Fwp%2Fv2%2Fcomments&post=5549"}],"version-history":[{"count":0,"href":"https:\/\/sudoesteacontece.com.br\/index.php?rest_route=\/wp\/v2\/posts\/5549\/revisions"}],"wp:featuredmedia":[{"embeddable":true,"href":"https:\/\/sudoesteacontece.com.br\/index.php?rest_route=\/wp\/v2\/media\/5577"}],"wp:attachment":[{"href":"https:\/\/sudoesteacontece.com.br\/index.php?rest_route=%2Fwp%2Fv2%2Fmedia&parent=5549"}],"wp:term":[{"taxonomy":"category","embeddable":true,"href":"https:\/\/sudoesteacontece.com.br\/index.php?rest_route=%2Fwp%2Fv2%2Fcategories&post=5549"},{"taxonomy":"post_tag","embeddable":true,"href":"https:\/\/sudoesteacontece.com.br\/index.php?rest_route=%2Fwp%2Fv2%2Ftags&post=5549"}],"curies":[{"name":"wp","href":"https:\/\/api.w.org\/{rel}","templated":true}]}}