{"id":5558,"date":"2026-01-07T10:24:40","date_gmt":"2026-01-07T13:24:40","guid":{"rendered":"https:\/\/sudoesteacontece.com.br\/?p=5558"},"modified":"2026-01-07T10:24:42","modified_gmt":"2026-01-07T13:24:42","slug":"bacelar-lidera-gastos-e-e-o-deputado-baiano-que-mais-usou-cota-parlamentar-em-2025","status":"publish","type":"post","link":"https:\/\/sudoesteacontece.com.br\/?p=5558","title":{"rendered":"Bacelar lidera gastos e \u00e9 o deputado baiano que mais usou cota parlamentar em 2025"},"content":{"rendered":"<div class=\"wp-block-image\">\n<figure class=\"aligncenter size-full\"><img fetchpriority=\"high\" decoding=\"async\" width=\"900\" height=\"600\" src=\"http:\/\/sudoesteacontece.com.br\/wp-content\/uploads\/2026\/01\/Bacelar-lidera-gastos-e-e-o-deputado-baiano-que-mais-usou-cota-parlamentar-em-2025-sudoeste-acontece.jpg\" alt=\"\" class=\"wp-image-5583\" srcset=\"https:\/\/sudoesteacontece.com.br\/wp-content\/uploads\/2026\/01\/Bacelar-lidera-gastos-e-e-o-deputado-baiano-que-mais-usou-cota-parlamentar-em-2025-sudoeste-acontece.jpg 900w, https:\/\/sudoesteacontece.com.br\/wp-content\/uploads\/2026\/01\/Bacelar-lidera-gastos-e-e-o-deputado-baiano-que-mais-usou-cota-parlamentar-em-2025-sudoeste-acontece-300x200.jpg 300w, https:\/\/sudoesteacontece.com.br\/wp-content\/uploads\/2026\/01\/Bacelar-lidera-gastos-e-e-o-deputado-baiano-que-mais-usou-cota-parlamentar-em-2025-sudoeste-acontece-768x512.jpg 768w\" sizes=\"(max-width: 900px) 100vw, 900px\" \/><\/figure>\n<\/div>\n\n\n<p>L\u00edder, o deputado federal Bacelar (PV) foi o parlamentar baiano que mais utilizou a cota parlamentar em 2025. Dados do Portal da Transpar\u00eancia da C\u00e2mara mostram que ele gastou R$ 538,7 mil ao longo do ano, superando os outros 38 deputados do estado e assumindo a posi\u00e7\u00e3o de maior gastador.<\/p>\n\n\n\n<p>Ao todo, os deputados da Bahia consumiram R$ 17,43 milh\u00f5es da Cota para o Exerc\u00edcio da Atividade Parlamentar. O valor cobre despesas com passagens a\u00e9reas, manuten\u00e7\u00e3o de escrit\u00f3rios, consultorias, alimenta\u00e7\u00e3o, transporte e divulga\u00e7\u00e3o do mandato, dentro das regras estabelecidas pela C\u00e2mara.<\/p>\n\n\n\n<p>Atualmente, cada deputado baiano pode usar at\u00e9 R$ 44,8 mil por m\u00eas, com possibilidade de ac\u00famulo ao longo do ano. Mesmo assim, Bacelar se destacou por usar quase todo o limite dispon\u00edvel, ficando bem acima da m\u00e9dia estadual, que foi de R$ 447,1 mil por parlamentar.<\/p>\n\n\n\n<p>Na sequ\u00eancia do ranking aparecem Joseildo Ramos e Roberta Roma. J\u00e1 entre os que menos gastaram est\u00e3o Jos\u00e9 Rocha, Pastor Sargento Isid\u00f3rio e S\u00e9rgio Brito. Os n\u00fameros mostram grande varia\u00e7\u00e3o entre os deputados e refor\u00e7am o perfil de Bacelar como o mais gast\u00e3o da bancada baiana.<\/p>\n\n\n\n<p>Criada em 2009, a cota parlamentar unificou verbas antes separadas e permite reembolso ou d\u00e9bito direto. Deputados t\u00eam at\u00e9 90 dias para prestar contas, o que pode inflar n\u00fameros posteriores. Mesmo assim, os dados oficiais colocam Bacelar no topo absoluto dos gastos em 2025.<\/p>\n","protected":false},"excerpt":{"rendered":"<p>L\u00edder, o deputado federal Bacelar (PV) foi o parlamentar baiano que mais utilizou a cota parlamentar em 2025. Dados do Portal da Transpar\u00eancia da C\u00e2mara mostram que ele gastou R$ 538,7 mil ao longo do ano, superando os outros 38 deputados do estado e assumindo a posi\u00e7\u00e3o de maior gastador. Ao todo, os deputados da Bahia consumiram R$ 17,43 milh\u00f5es da Cota para o Exerc\u00edcio da Atividade Parlamentar. O valor cobre despesas com passagens a\u00e9reas, manuten\u00e7\u00e3o de escrit\u00f3rios, consultorias, alimenta\u00e7\u00e3o, transporte e divulga\u00e7\u00e3o do mandato, dentro das regras estabelecidas pela C\u00e2mara. Atualmente, cada deputado baiano pode usar at\u00e9 R$ 44,8 mil por m\u00eas, com possibilidade de ac\u00famulo ao longo do ano. Mesmo assim, Bacelar se destacou por usar quase todo o limite dispon\u00edvel, ficando bem acima da m\u00e9dia estadual, que foi de R$ 447,1 mil por parlamentar. Na sequ\u00eancia do ranking aparecem Joseildo Ramos e Roberta Roma. J\u00e1 entre os que menos gastaram est\u00e3o Jos\u00e9 Rocha, Pastor Sargento Isid\u00f3rio e S\u00e9rgio Brito. Os n\u00fameros mostram grande varia\u00e7\u00e3o entre os deputados e refor\u00e7am o perfil de Bacelar como o mais gast\u00e3o da bancada baiana. Criada em 2009, a cota parlamentar unificou verbas antes separadas e permite reembolso ou d\u00e9bito direto. Deputados t\u00eam at\u00e9 90 dias para prestar contas, o que pode inflar n\u00fameros posteriores. Mesmo assim, os dados oficiais colocam Bacelar no topo absoluto dos gastos em 2025.<\/p>\n","protected":false},"author":4,"featured_media":5583,"comment_status":"open","ping_status":"open","sticky":false,"template":"","format":"standard","meta":{"footnotes":""},"categories":[7,6],"tags":[],"class_list":["post-5558","post","type-post","status-publish","format-standard","has-post-thumbnail","hentry","category-bahia","category-politica"],"yoast_head":"<!-- This site is optimized with the Yoast SEO plugin v26.5 - https:\/\/yoast.com\/wordpress\/plugins\/seo\/ -->\n<title>Bacelar lidera gastos e \u00e9 o deputado baiano que mais usou cota parlamentar em 2025 - Sudoesteacontece<\/title>\n<meta name=\"robots\" content=\"index, follow, max-snippet:-1, max-image-preview:large, max-video-preview:-1\" \/>\n<link rel=\"canonical\" href=\"https:\/\/sudoesteacontece.com.br\/?p=5558\" \/>\n<meta property=\"og:locale\" content=\"pt_BR\" \/>\n<meta property=\"og:type\" content=\"article\" \/>\n<meta property=\"og:title\" content=\"Bacelar lidera gastos e \u00e9 o deputado baiano que mais usou cota parlamentar em 2025 - Sudoesteacontece\" \/>\n<meta property=\"og:description\" content=\"L\u00edder, o deputado federal Bacelar (PV) foi o parlamentar baiano que mais utilizou a cota parlamentar em 2025. Dados do Portal da Transpar\u00eancia da C\u00e2mara mostram que ele gastou R$ 538,7 mil ao longo do ano, superando os outros 38 deputados do estado e assumindo a posi\u00e7\u00e3o de maior gastador. Ao todo, os deputados da Bahia consumiram R$ 17,43 milh\u00f5es da Cota para o Exerc\u00edcio da Atividade Parlamentar. O valor cobre despesas com passagens a\u00e9reas, manuten\u00e7\u00e3o de escrit\u00f3rios, consultorias, alimenta\u00e7\u00e3o, transporte e divulga\u00e7\u00e3o do mandato, dentro das regras estabelecidas pela C\u00e2mara. Atualmente, cada deputado baiano pode usar at\u00e9 R$ 44,8 mil por m\u00eas, com possibilidade de ac\u00famulo ao longo do ano. Mesmo assim, Bacelar se destacou por usar quase todo o limite dispon\u00edvel, ficando bem acima da m\u00e9dia estadual, que foi de R$ 447,1 mil por parlamentar. Na sequ\u00eancia do ranking aparecem Joseildo Ramos e Roberta Roma. J\u00e1 entre os que menos gastaram est\u00e3o Jos\u00e9 Rocha, Pastor Sargento Isid\u00f3rio e S\u00e9rgio Brito. Os n\u00fameros mostram grande varia\u00e7\u00e3o entre os deputados e refor\u00e7am o perfil de Bacelar como o mais gast\u00e3o da bancada baiana. Criada em 2009, a cota parlamentar unificou verbas antes separadas e permite reembolso ou d\u00e9bito direto. Deputados t\u00eam at\u00e9 90 dias para prestar contas, o que pode inflar n\u00fameros posteriores. Mesmo assim, os dados oficiais colocam Bacelar no topo absoluto dos gastos em 2025.\" \/>\n<meta property=\"og:url\" content=\"https:\/\/sudoesteacontece.com.br\/?p=5558\" \/>\n<meta property=\"og:site_name\" content=\"Sudoesteacontece\" \/>\n<meta property=\"article:publisher\" content=\"https:\/\/www.facebook.com\/sudoesteacontece\/?locale=pt_BR\" \/>\n<meta property=\"article:published_time\" content=\"2026-01-07T13:24:40+00:00\" \/>\n<meta property=\"article:modified_time\" content=\"2026-01-07T13:24:42+00:00\" \/>\n<meta property=\"og:image\" content=\"https:\/\/sudoesteacontece.com.br\/wp-content\/uploads\/2026\/01\/Bacelar-lidera-gastos-e-e-o-deputado-baiano-que-mais-usou-cota-parlamentar-em-2025-sudoeste-acontece.jpg\" \/>\n\t<meta property=\"og:image:width\" content=\"900\" \/>\n\t<meta property=\"og:image:height\" content=\"600\" \/>\n\t<meta property=\"og:image:type\" content=\"image\/jpeg\" \/>\n<meta name=\"author\" content=\"Reda\u00e7\u00e3o\" \/>\n<meta name=\"twitter:card\" content=\"summary_large_image\" \/>\n<meta name=\"twitter:label1\" content=\"Escrito por\" \/>\n\t<meta name=\"twitter:data1\" content=\"Reda\u00e7\u00e3o\" \/>\n\t<meta name=\"twitter:label2\" content=\"Est. tempo de leitura\" \/>\n\t<meta name=\"twitter:data2\" content=\"2 minutos\" \/>\n<script type=\"application\/ld+json\" class=\"yoast-schema-graph\">{\"@context\":\"https:\/\/schema.org\",\"@graph\":[{\"@type\":\"Article\",\"@id\":\"https:\/\/sudoesteacontece.com.br\/?p=5558#article\",\"isPartOf\":{\"@id\":\"https:\/\/sudoesteacontece.com.br\/?p=5558\"},\"author\":{\"name\":\"Reda\u00e7\u00e3o\",\"@id\":\"https:\/\/sudoesteacontece.com.br\/#\/schema\/person\/a4f22429c1d0923ef8f7d43343f8dc38\"},\"headline\":\"Bacelar lidera gastos e \u00e9 o deputado baiano que mais usou cota parlamentar em 2025\",\"datePublished\":\"2026-01-07T13:24:40+00:00\",\"dateModified\":\"2026-01-07T13:24:42+00:00\",\"mainEntityOfPage\":{\"@id\":\"https:\/\/sudoesteacontece.com.br\/?p=5558\"},\"wordCount\":258,\"commentCount\":0,\"publisher\":{\"@id\":\"https:\/\/sudoesteacontece.com.br\/#organization\"},\"image\":{\"@id\":\"https:\/\/sudoesteacontece.com.br\/?p=5558#primaryimage\"},\"thumbnailUrl\":\"https:\/\/sudoesteacontece.com.br\/wp-content\/uploads\/2026\/01\/Bacelar-lidera-gastos-e-e-o-deputado-baiano-que-mais-usou-cota-parlamentar-em-2025-sudoeste-acontece.jpg\",\"articleSection\":[\"Bahia\",\"Pol\u00edtica\"],\"inLanguage\":\"pt-BR\",\"potentialAction\":[{\"@type\":\"CommentAction\",\"name\":\"Comment\",\"target\":[\"https:\/\/sudoesteacontece.com.br\/?p=5558#respond\"]}]},{\"@type\":\"WebPage\",\"@id\":\"https:\/\/sudoesteacontece.com.br\/?p=5558\",\"url\":\"https:\/\/sudoesteacontece.com.br\/?p=5558\",\"name\":\"Bacelar lidera gastos e \u00e9 o deputado baiano que mais usou cota parlamentar em 2025 - Sudoesteacontece\",\"isPartOf\":{\"@id\":\"https:\/\/sudoesteacontece.com.br\/#website\"},\"primaryImageOfPage\":{\"@id\":\"https:\/\/sudoesteacontece.com.br\/?p=5558#primaryimage\"},\"image\":{\"@id\":\"https:\/\/sudoesteacontece.com.br\/?p=5558#primaryimage\"},\"thumbnailUrl\":\"https:\/\/sudoesteacontece.com.br\/wp-content\/uploads\/2026\/01\/Bacelar-lidera-gastos-e-e-o-deputado-baiano-que-mais-usou-cota-parlamentar-em-2025-sudoeste-acontece.jpg\",\"datePublished\":\"2026-01-07T13:24:40+00:00\",\"dateModified\":\"2026-01-07T13:24:42+00:00\",\"breadcrumb\":{\"@id\":\"https:\/\/sudoesteacontece.com.br\/?p=5558#breadcrumb\"},\"inLanguage\":\"pt-BR\",\"potentialAction\":[{\"@type\":\"ReadAction\",\"target\":[\"https:\/\/sudoesteacontece.com.br\/?p=5558\"]}]},{\"@type\":\"ImageObject\",\"inLanguage\":\"pt-BR\",\"@id\":\"https:\/\/sudoesteacontece.com.br\/?p=5558#primaryimage\",\"url\":\"https:\/\/sudoesteacontece.com.br\/wp-content\/uploads\/2026\/01\/Bacelar-lidera-gastos-e-e-o-deputado-baiano-que-mais-usou-cota-parlamentar-em-2025-sudoeste-acontece.jpg\",\"contentUrl\":\"https:\/\/sudoesteacontece.com.br\/wp-content\/uploads\/2026\/01\/Bacelar-lidera-gastos-e-e-o-deputado-baiano-que-mais-usou-cota-parlamentar-em-2025-sudoeste-acontece.jpg\",\"width\":900,\"height\":600},{\"@type\":\"BreadcrumbList\",\"@id\":\"https:\/\/sudoesteacontece.com.br\/?p=5558#breadcrumb\",\"itemListElement\":[{\"@type\":\"ListItem\",\"position\":1,\"name\":\"In\u00edcio\",\"item\":\"https:\/\/sudoesteacontece.com.br\/\"},{\"@type\":\"ListItem\",\"position\":2,\"name\":\"Bacelar lidera gastos e \u00e9 o deputado baiano que mais usou cota parlamentar em 2025\"}]},{\"@type\":\"WebSite\",\"@id\":\"https:\/\/sudoesteacontece.com.br\/#website\",\"url\":\"https:\/\/sudoesteacontece.com.br\/\",\"name\":\"Sudoesteacontece\",\"description\":\"\",\"publisher\":{\"@id\":\"https:\/\/sudoesteacontece.com.br\/#organization\"},\"potentialAction\":[{\"@type\":\"SearchAction\",\"target\":{\"@type\":\"EntryPoint\",\"urlTemplate\":\"https:\/\/sudoesteacontece.com.br\/?s={search_term_string}\"},\"query-input\":{\"@type\":\"PropertyValueSpecification\",\"valueRequired\":true,\"valueName\":\"search_term_string\"}}],\"inLanguage\":\"pt-BR\"},{\"@type\":\"Organization\",\"@id\":\"https:\/\/sudoesteacontece.com.br\/#organization\",\"name\":\"Sudoesteacontece\",\"url\":\"https:\/\/sudoesteacontece.com.br\/\",\"logo\":{\"@type\":\"ImageObject\",\"inLanguage\":\"pt-BR\",\"@id\":\"https:\/\/sudoesteacontece.com.br\/#\/schema\/logo\/image\/\",\"url\":\"https:\/\/sudoesteacontece.com.br\/wp-content\/uploads\/2025\/12\/cropped-logo-2-180x180-1.png\",\"contentUrl\":\"https:\/\/sudoesteacontece.com.br\/wp-content\/uploads\/2025\/12\/cropped-logo-2-180x180-1.png\",\"width\":180,\"height\":180,\"caption\":\"Sudoesteacontece\"},\"image\":{\"@id\":\"https:\/\/sudoesteacontece.com.br\/#\/schema\/logo\/image\/\"},\"sameAs\":[\"https:\/\/www.facebook.com\/sudoesteacontece\/?locale=pt_BR\"]},{\"@type\":\"Person\",\"@id\":\"https:\/\/sudoesteacontece.com.br\/#\/schema\/person\/a4f22429c1d0923ef8f7d43343f8dc38\",\"name\":\"Reda\u00e7\u00e3o\",\"image\":{\"@type\":\"ImageObject\",\"inLanguage\":\"pt-BR\",\"@id\":\"https:\/\/sudoesteacontece.com.br\/#\/schema\/person\/image\/\",\"url\":\"https:\/\/secure.gravatar.com\/avatar\/c3a5b3c93f268a709c25a2df414c629a96fb3b1b4bf97a94fb3f72e54ae76903?s=96&d=mm&r=g\",\"contentUrl\":\"https:\/\/secure.gravatar.com\/avatar\/c3a5b3c93f268a709c25a2df414c629a96fb3b1b4bf97a94fb3f72e54ae76903?s=96&d=mm&r=g\",\"caption\":\"Reda\u00e7\u00e3o\"},\"url\":\"https:\/\/sudoesteacontece.com.br\/?author=4\"}]}<\/script>\n<!-- \/ Yoast SEO plugin. -->","yoast_head_json":{"title":"Bacelar lidera gastos e \u00e9 o deputado baiano que mais usou cota parlamentar em 2025 - Sudoesteacontece","robots":{"index":"index","follow":"follow","max-snippet":"max-snippet:-1","max-image-preview":"max-image-preview:large","max-video-preview":"max-video-preview:-1"},"canonical":"https:\/\/sudoesteacontece.com.br\/?p=5558","og_locale":"pt_BR","og_type":"article","og_title":"Bacelar lidera gastos e \u00e9 o deputado baiano que mais usou cota parlamentar em 2025 - Sudoesteacontece","og_description":"L\u00edder, o deputado federal Bacelar (PV) foi o parlamentar baiano que mais utilizou a cota parlamentar em 2025. Dados do Portal da Transpar\u00eancia da C\u00e2mara mostram que ele gastou R$ 538,7 mil ao longo do ano, superando os outros 38 deputados do estado e assumindo a posi\u00e7\u00e3o de maior gastador. Ao todo, os deputados da Bahia consumiram R$ 17,43 milh\u00f5es da Cota para o Exerc\u00edcio da Atividade Parlamentar. O valor cobre despesas com passagens a\u00e9reas, manuten\u00e7\u00e3o de escrit\u00f3rios, consultorias, alimenta\u00e7\u00e3o, transporte e divulga\u00e7\u00e3o do mandato, dentro das regras estabelecidas pela C\u00e2mara. Atualmente, cada deputado baiano pode usar at\u00e9 R$ 44,8 mil por m\u00eas, com possibilidade de ac\u00famulo ao longo do ano. Mesmo assim, Bacelar se destacou por usar quase todo o limite dispon\u00edvel, ficando bem acima da m\u00e9dia estadual, que foi de R$ 447,1 mil por parlamentar. Na sequ\u00eancia do ranking aparecem Joseildo Ramos e Roberta Roma. J\u00e1 entre os que menos gastaram est\u00e3o Jos\u00e9 Rocha, Pastor Sargento Isid\u00f3rio e S\u00e9rgio Brito. Os n\u00fameros mostram grande varia\u00e7\u00e3o entre os deputados e refor\u00e7am o perfil de Bacelar como o mais gast\u00e3o da bancada baiana. Criada em 2009, a cota parlamentar unificou verbas antes separadas e permite reembolso ou d\u00e9bito direto. Deputados t\u00eam at\u00e9 90 dias para prestar contas, o que pode inflar n\u00fameros posteriores. Mesmo assim, os dados oficiais colocam Bacelar no topo absoluto dos gastos em 2025.","og_url":"https:\/\/sudoesteacontece.com.br\/?p=5558","og_site_name":"Sudoesteacontece","article_publisher":"https:\/\/www.facebook.com\/sudoesteacontece\/?locale=pt_BR","article_published_time":"2026-01-07T13:24:40+00:00","article_modified_time":"2026-01-07T13:24:42+00:00","og_image":[{"width":900,"height":600,"url":"https:\/\/sudoesteacontece.com.br\/wp-content\/uploads\/2026\/01\/Bacelar-lidera-gastos-e-e-o-deputado-baiano-que-mais-usou-cota-parlamentar-em-2025-sudoeste-acontece.jpg","type":"image\/jpeg"}],"author":"Reda\u00e7\u00e3o","twitter_card":"summary_large_image","twitter_misc":{"Escrito por":"Reda\u00e7\u00e3o","Est. tempo de leitura":"2 minutos"},"schema":{"@context":"https:\/\/schema.org","@graph":[{"@type":"Article","@id":"https:\/\/sudoesteacontece.com.br\/?p=5558#article","isPartOf":{"@id":"https:\/\/sudoesteacontece.com.br\/?p=5558"},"author":{"name":"Reda\u00e7\u00e3o","@id":"https:\/\/sudoesteacontece.com.br\/#\/schema\/person\/a4f22429c1d0923ef8f7d43343f8dc38"},"headline":"Bacelar lidera gastos e \u00e9 o deputado baiano que mais usou cota parlamentar em 2025","datePublished":"2026-01-07T13:24:40+00:00","dateModified":"2026-01-07T13:24:42+00:00","mainEntityOfPage":{"@id":"https:\/\/sudoesteacontece.com.br\/?p=5558"},"wordCount":258,"commentCount":0,"publisher":{"@id":"https:\/\/sudoesteacontece.com.br\/#organization"},"image":{"@id":"https:\/\/sudoesteacontece.com.br\/?p=5558#primaryimage"},"thumbnailUrl":"https:\/\/sudoesteacontece.com.br\/wp-content\/uploads\/2026\/01\/Bacelar-lidera-gastos-e-e-o-deputado-baiano-que-mais-usou-cota-parlamentar-em-2025-sudoeste-acontece.jpg","articleSection":["Bahia","Pol\u00edtica"],"inLanguage":"pt-BR","potentialAction":[{"@type":"CommentAction","name":"Comment","target":["https:\/\/sudoesteacontece.com.br\/?p=5558#respond"]}]},{"@type":"WebPage","@id":"https:\/\/sudoesteacontece.com.br\/?p=5558","url":"https:\/\/sudoesteacontece.com.br\/?p=5558","name":"Bacelar lidera gastos e \u00e9 o deputado baiano que mais usou cota parlamentar em 2025 - Sudoesteacontece","isPartOf":{"@id":"https:\/\/sudoesteacontece.com.br\/#website"},"primaryImageOfPage":{"@id":"https:\/\/sudoesteacontece.com.br\/?p=5558#primaryimage"},"image":{"@id":"https:\/\/sudoesteacontece.com.br\/?p=5558#primaryimage"},"thumbnailUrl":"https:\/\/sudoesteacontece.com.br\/wp-content\/uploads\/2026\/01\/Bacelar-lidera-gastos-e-e-o-deputado-baiano-que-mais-usou-cota-parlamentar-em-2025-sudoeste-acontece.jpg","datePublished":"2026-01-07T13:24:40+00:00","dateModified":"2026-01-07T13:24:42+00:00","breadcrumb":{"@id":"https:\/\/sudoesteacontece.com.br\/?p=5558#breadcrumb"},"inLanguage":"pt-BR","potentialAction":[{"@type":"ReadAction","target":["https:\/\/sudoesteacontece.com.br\/?p=5558"]}]},{"@type":"ImageObject","inLanguage":"pt-BR","@id":"https:\/\/sudoesteacontece.com.br\/?p=5558#primaryimage","url":"https:\/\/sudoesteacontece.com.br\/wp-content\/uploads\/2026\/01\/Bacelar-lidera-gastos-e-e-o-deputado-baiano-que-mais-usou-cota-parlamentar-em-2025-sudoeste-acontece.jpg","contentUrl":"https:\/\/sudoesteacontece.com.br\/wp-content\/uploads\/2026\/01\/Bacelar-lidera-gastos-e-e-o-deputado-baiano-que-mais-usou-cota-parlamentar-em-2025-sudoeste-acontece.jpg","width":900,"height":600},{"@type":"BreadcrumbList","@id":"https:\/\/sudoesteacontece.com.br\/?p=5558#breadcrumb","itemListElement":[{"@type":"ListItem","position":1,"name":"In\u00edcio","item":"https:\/\/sudoesteacontece.com.br\/"},{"@type":"ListItem","position":2,"name":"Bacelar lidera gastos e \u00e9 o deputado baiano que mais usou cota parlamentar em 2025"}]},{"@type":"WebSite","@id":"https:\/\/sudoesteacontece.com.br\/#website","url":"https:\/\/sudoesteacontece.com.br\/","name":"Sudoesteacontece","description":"","publisher":{"@id":"https:\/\/sudoesteacontece.com.br\/#organization"},"potentialAction":[{"@type":"SearchAction","target":{"@type":"EntryPoint","urlTemplate":"https:\/\/sudoesteacontece.com.br\/?s={search_term_string}"},"query-input":{"@type":"PropertyValueSpecification","valueRequired":true,"valueName":"search_term_string"}}],"inLanguage":"pt-BR"},{"@type":"Organization","@id":"https:\/\/sudoesteacontece.com.br\/#organization","name":"Sudoesteacontece","url":"https:\/\/sudoesteacontece.com.br\/","logo":{"@type":"ImageObject","inLanguage":"pt-BR","@id":"https:\/\/sudoesteacontece.com.br\/#\/schema\/logo\/image\/","url":"https:\/\/sudoesteacontece.com.br\/wp-content\/uploads\/2025\/12\/cropped-logo-2-180x180-1.png","contentUrl":"https:\/\/sudoesteacontece.com.br\/wp-content\/uploads\/2025\/12\/cropped-logo-2-180x180-1.png","width":180,"height":180,"caption":"Sudoesteacontece"},"image":{"@id":"https:\/\/sudoesteacontece.com.br\/#\/schema\/logo\/image\/"},"sameAs":["https:\/\/www.facebook.com\/sudoesteacontece\/?locale=pt_BR"]},{"@type":"Person","@id":"https:\/\/sudoesteacontece.com.br\/#\/schema\/person\/a4f22429c1d0923ef8f7d43343f8dc38","name":"Reda\u00e7\u00e3o","image":{"@type":"ImageObject","inLanguage":"pt-BR","@id":"https:\/\/sudoesteacontece.com.br\/#\/schema\/person\/image\/","url":"https:\/\/secure.gravatar.com\/avatar\/c3a5b3c93f268a709c25a2df414c629a96fb3b1b4bf97a94fb3f72e54ae76903?s=96&d=mm&r=g","contentUrl":"https:\/\/secure.gravatar.com\/avatar\/c3a5b3c93f268a709c25a2df414c629a96fb3b1b4bf97a94fb3f72e54ae76903?s=96&d=mm&r=g","caption":"Reda\u00e7\u00e3o"},"url":"https:\/\/sudoesteacontece.com.br\/?author=4"}]}},"_links":{"self":[{"href":"https:\/\/sudoesteacontece.com.br\/index.php?rest_route=\/wp\/v2\/posts\/5558","targetHints":{"allow":["GET"]}}],"collection":[{"href":"https:\/\/sudoesteacontece.com.br\/index.php?rest_route=\/wp\/v2\/posts"}],"about":[{"href":"https:\/\/sudoesteacontece.com.br\/index.php?rest_route=\/wp\/v2\/types\/post"}],"author":[{"embeddable":true,"href":"https:\/\/sudoesteacontece.com.br\/index.php?rest_route=\/wp\/v2\/users\/4"}],"replies":[{"embeddable":true,"href":"https:\/\/sudoesteacontece.com.br\/index.php?rest_route=%2Fwp%2Fv2%2Fcomments&post=5558"}],"version-history":[{"count":0,"href":"https:\/\/sudoesteacontece.com.br\/index.php?rest_route=\/wp\/v2\/posts\/5558\/revisions"}],"wp:featuredmedia":[{"embeddable":true,"href":"https:\/\/sudoesteacontece.com.br\/index.php?rest_route=\/wp\/v2\/media\/5583"}],"wp:attachment":[{"href":"https:\/\/sudoesteacontece.com.br\/index.php?rest_route=%2Fwp%2Fv2%2Fmedia&parent=5558"}],"wp:term":[{"taxonomy":"category","embeddable":true,"href":"https:\/\/sudoesteacontece.com.br\/index.php?rest_route=%2Fwp%2Fv2%2Fcategories&post=5558"},{"taxonomy":"post_tag","embeddable":true,"href":"https:\/\/sudoesteacontece.com.br\/index.php?rest_route=%2Fwp%2Fv2%2Ftags&post=5558"}],"curies":[{"name":"wp","href":"https:\/\/api.w.org\/{rel}","templated":true}]}}