{"id":5561,"date":"2026-01-07T10:36:21","date_gmt":"2026-01-07T13:36:21","guid":{"rendered":"https:\/\/sudoesteacontece.com.br\/?p=5561"},"modified":"2026-01-07T10:36:23","modified_gmt":"2026-01-07T13:36:23","slug":"rodizio-do-calote-na-saude-critica-alan-sanches-apos-atraso-de-salarios-em-hospital-de-jequie","status":"publish","type":"post","link":"https:\/\/sudoesteacontece.com.br\/?p=5561","title":{"rendered":"\u2018Rod\u00edzio do calote na sa\u00fade\u2019, critica Alan Sanches ap\u00f3s atraso de sal\u00e1rios em hospital de Jequi\u00e9"},"content":{"rendered":"<div class=\"wp-block-image\">\n<figure class=\"aligncenter size-full\"><img fetchpriority=\"high\" decoding=\"async\" width=\"900\" height=\"600\" src=\"http:\/\/sudoesteacontece.com.br\/wp-content\/uploads\/2026\/01\/\u2018Rodizio-do-calote-na-saude-critica-Alan-Sanches-apos-atraso-de-salarios-em-hospital-de-Jequie-sudoeste-acontece.jpg\" alt=\"\" class=\"wp-image-5590\" srcset=\"https:\/\/sudoesteacontece.com.br\/wp-content\/uploads\/2026\/01\/\u2018Rodizio-do-calote-na-saude-critica-Alan-Sanches-apos-atraso-de-salarios-em-hospital-de-Jequie-sudoeste-acontece.jpg 900w, https:\/\/sudoesteacontece.com.br\/wp-content\/uploads\/2026\/01\/\u2018Rodizio-do-calote-na-saude-critica-Alan-Sanches-apos-atraso-de-salarios-em-hospital-de-Jequie-sudoeste-acontece-300x200.jpg 300w, https:\/\/sudoesteacontece.com.br\/wp-content\/uploads\/2026\/01\/\u2018Rodizio-do-calote-na-saude-critica-Alan-Sanches-apos-atraso-de-salarios-em-hospital-de-Jequie-sudoeste-acontece-768x512.jpg 768w\" sizes=\"(max-width: 900px) 100vw, 900px\" \/><\/figure>\n<\/div>\n\n\n<p>Cr\u00edticas ao governo estadual ganharam for\u00e7a ap\u00f3s den\u00fancias de atrasos salariais no Hospital Regional Prado Valadares, em Jequi\u00e9. O deputado estadual Alan Sanches (Uni\u00e3o Brasil), vice-l\u00edder da oposi\u00e7\u00e3o na AL-BA, afirmou que profissionais da unidade enfrentam cerca de dois meses sem receber, repetindo um cen\u00e1rio j\u00e1 visto em outras cidades baianas.<\/p>\n\n\n\n<p>Segundo o parlamentar, o problema deixou de ser pontual e passou a se repetir em diversas unidades de sa\u00fade do estado. Sanches citou hospitais em Juazeiro, Porto Seguro, Salvador e outras regi\u00f5es, classificando a situa\u00e7\u00e3o como um \u201crod\u00edzio do calote\u201d que atinge trabalhadores respons\u00e1veis pelo atendimento direto \u00e0 popula\u00e7\u00e3o.<\/p>\n\n\n\n<p>Durante o pronunciamento, o deputado ressaltou que sal\u00e1rio \u00e9 um direito b\u00e1sico e essencial. M\u00e9dico de forma\u00e7\u00e3o, ele afirmou que profissionais da sa\u00fade exercem uma miss\u00e3o de cuidado com a vida e n\u00e3o podem ser penalizados por falhas administrativas, cobrando uma solu\u00e7\u00e3o imediata por parte do governo estadual.<\/p>\n\n\n\n<p>Al\u00e9m das cr\u00edticas aos atrasos, Alan Sanches lembrou que o Estado j\u00e1 solicitou cerca de R$ 27 bilh\u00f5es em empr\u00e9stimos. Para ele, o problema n\u00e3o estaria na falta de recursos, mas na gest\u00e3o. O parlamentar afirmou ter votado contra novas opera\u00e7\u00f5es de cr\u00e9dito por considerar que o governo n\u00e3o administra bem os valores dispon\u00edveis.<\/p>\n\n\n\n<p>A repercuss\u00e3o do caso aumentou ap\u00f3s cobran\u00e7as feitas pelo deputado Euclides Fernandes (PT), aliado do governador Jer\u00f4nimo Rodrigues. Mesmo integrando a base governista, ele tamb\u00e9m usou as redes sociais para pedir o pagamento dos sal\u00e1rios em atraso no hospital de Jequi\u00e9, ampliando a press\u00e3o pol\u00edtica sobre o Executivo.<\/p>\n","protected":false},"excerpt":{"rendered":"<p>Cr\u00edticas ao governo estadual ganharam for\u00e7a ap\u00f3s den\u00fancias de atrasos salariais no Hospital Regional Prado Valadares, em Jequi\u00e9. O deputado estadual Alan Sanches (Uni\u00e3o Brasil), vice-l\u00edder da oposi\u00e7\u00e3o na AL-BA, afirmou que profissionais da unidade enfrentam cerca de dois meses sem receber, repetindo um cen\u00e1rio j\u00e1 visto em outras cidades baianas. Segundo o parlamentar, o problema deixou de ser pontual e passou a se repetir em diversas unidades de sa\u00fade do estado. Sanches citou hospitais em Juazeiro, Porto Seguro, Salvador e outras regi\u00f5es, classificando a situa\u00e7\u00e3o como um \u201crod\u00edzio do calote\u201d que atinge trabalhadores respons\u00e1veis pelo atendimento direto \u00e0 popula\u00e7\u00e3o. Durante o pronunciamento, o deputado ressaltou que sal\u00e1rio \u00e9 um direito b\u00e1sico e essencial. M\u00e9dico de forma\u00e7\u00e3o, ele afirmou que profissionais da sa\u00fade exercem uma miss\u00e3o de cuidado com a vida e n\u00e3o podem ser penalizados por falhas administrativas, cobrando uma solu\u00e7\u00e3o imediata por parte do governo estadual. Al\u00e9m das cr\u00edticas aos atrasos, Alan Sanches lembrou que o Estado j\u00e1 solicitou cerca de R$ 27 bilh\u00f5es em empr\u00e9stimos. Para ele, o problema n\u00e3o estaria na falta de recursos, mas na gest\u00e3o. O parlamentar afirmou ter votado contra novas opera\u00e7\u00f5es de cr\u00e9dito por considerar que o governo n\u00e3o administra bem os valores dispon\u00edveis. A repercuss\u00e3o do caso aumentou ap\u00f3s cobran\u00e7as feitas pelo deputado Euclides Fernandes (PT), aliado do governador Jer\u00f4nimo Rodrigues. Mesmo integrando a base governista, ele tamb\u00e9m usou as redes sociais para pedir o pagamento dos sal\u00e1rios em atraso no hospital de Jequi\u00e9, ampliando a press\u00e3o pol\u00edtica sobre o Executivo.<\/p>\n","protected":false},"author":4,"featured_media":5590,"comment_status":"open","ping_status":"open","sticky":false,"template":"","format":"standard","meta":{"footnotes":""},"categories":[7,58,81,6,45],"tags":[],"class_list":["post-5561","post","type-post","status-publish","format-standard","has-post-thumbnail","hentry","category-bahia","category-eleicoes-2026","category-jequie","category-politica","category-saude"],"yoast_head":"<!-- This site is optimized with the Yoast SEO plugin v26.5 - https:\/\/yoast.com\/wordpress\/plugins\/seo\/ -->\n<title>\u2018Rod\u00edzio do calote na sa\u00fade\u2019, critica Alan Sanches ap\u00f3s atraso de sal\u00e1rios em hospital de Jequi\u00e9 - Sudoesteacontece<\/title>\n<meta name=\"robots\" content=\"index, follow, max-snippet:-1, max-image-preview:large, max-video-preview:-1\" \/>\n<link rel=\"canonical\" href=\"https:\/\/sudoesteacontece.com.br\/?p=5561\" \/>\n<meta property=\"og:locale\" content=\"pt_BR\" \/>\n<meta property=\"og:type\" content=\"article\" \/>\n<meta property=\"og:title\" content=\"\u2018Rod\u00edzio do calote na sa\u00fade\u2019, critica Alan Sanches ap\u00f3s atraso de sal\u00e1rios em hospital de Jequi\u00e9 - Sudoesteacontece\" \/>\n<meta property=\"og:description\" content=\"Cr\u00edticas ao governo estadual ganharam for\u00e7a ap\u00f3s den\u00fancias de atrasos salariais no Hospital Regional Prado Valadares, em Jequi\u00e9. O deputado estadual Alan Sanches (Uni\u00e3o Brasil), vice-l\u00edder da oposi\u00e7\u00e3o na AL-BA, afirmou que profissionais da unidade enfrentam cerca de dois meses sem receber, repetindo um cen\u00e1rio j\u00e1 visto em outras cidades baianas. Segundo o parlamentar, o problema deixou de ser pontual e passou a se repetir em diversas unidades de sa\u00fade do estado. Sanches citou hospitais em Juazeiro, Porto Seguro, Salvador e outras regi\u00f5es, classificando a situa\u00e7\u00e3o como um \u201crod\u00edzio do calote\u201d que atinge trabalhadores respons\u00e1veis pelo atendimento direto \u00e0 popula\u00e7\u00e3o. Durante o pronunciamento, o deputado ressaltou que sal\u00e1rio \u00e9 um direito b\u00e1sico e essencial. M\u00e9dico de forma\u00e7\u00e3o, ele afirmou que profissionais da sa\u00fade exercem uma miss\u00e3o de cuidado com a vida e n\u00e3o podem ser penalizados por falhas administrativas, cobrando uma solu\u00e7\u00e3o imediata por parte do governo estadual. Al\u00e9m das cr\u00edticas aos atrasos, Alan Sanches lembrou que o Estado j\u00e1 solicitou cerca de R$ 27 bilh\u00f5es em empr\u00e9stimos. Para ele, o problema n\u00e3o estaria na falta de recursos, mas na gest\u00e3o. O parlamentar afirmou ter votado contra novas opera\u00e7\u00f5es de cr\u00e9dito por considerar que o governo n\u00e3o administra bem os valores dispon\u00edveis. A repercuss\u00e3o do caso aumentou ap\u00f3s cobran\u00e7as feitas pelo deputado Euclides Fernandes (PT), aliado do governador Jer\u00f4nimo Rodrigues. Mesmo integrando a base governista, ele tamb\u00e9m usou as redes sociais para pedir o pagamento dos sal\u00e1rios em atraso no hospital de Jequi\u00e9, ampliando a press\u00e3o pol\u00edtica sobre o Executivo.\" \/>\n<meta property=\"og:url\" content=\"https:\/\/sudoesteacontece.com.br\/?p=5561\" \/>\n<meta property=\"og:site_name\" content=\"Sudoesteacontece\" \/>\n<meta property=\"article:publisher\" content=\"https:\/\/www.facebook.com\/sudoesteacontece\/?locale=pt_BR\" \/>\n<meta property=\"article:published_time\" content=\"2026-01-07T13:36:21+00:00\" \/>\n<meta property=\"article:modified_time\" content=\"2026-01-07T13:36:23+00:00\" \/>\n<meta property=\"og:image\" content=\"https:\/\/sudoesteacontece.com.br\/wp-content\/uploads\/2026\/01\/\u2018Rodizio-do-calote-na-saude-critica-Alan-Sanches-apos-atraso-de-salarios-em-hospital-de-Jequie-sudoeste-acontece.jpg\" \/>\n\t<meta property=\"og:image:width\" content=\"900\" \/>\n\t<meta property=\"og:image:height\" content=\"600\" \/>\n\t<meta property=\"og:image:type\" content=\"image\/jpeg\" \/>\n<meta name=\"author\" content=\"Reda\u00e7\u00e3o\" \/>\n<meta name=\"twitter:card\" content=\"summary_large_image\" \/>\n<meta name=\"twitter:label1\" content=\"Escrito por\" \/>\n\t<meta name=\"twitter:data1\" content=\"Reda\u00e7\u00e3o\" \/>\n\t<meta name=\"twitter:label2\" content=\"Est. tempo de leitura\" \/>\n\t<meta name=\"twitter:data2\" content=\"2 minutos\" \/>\n<script type=\"application\/ld+json\" class=\"yoast-schema-graph\">{\"@context\":\"https:\/\/schema.org\",\"@graph\":[{\"@type\":\"Article\",\"@id\":\"https:\/\/sudoesteacontece.com.br\/?p=5561#article\",\"isPartOf\":{\"@id\":\"https:\/\/sudoesteacontece.com.br\/?p=5561\"},\"author\":{\"name\":\"Reda\u00e7\u00e3o\",\"@id\":\"https:\/\/sudoesteacontece.com.br\/#\/schema\/person\/a4f22429c1d0923ef8f7d43343f8dc38\"},\"headline\":\"\u2018Rod\u00edzio do calote na sa\u00fade\u2019, critica Alan Sanches ap\u00f3s atraso de sal\u00e1rios em hospital de Jequi\u00e9\",\"datePublished\":\"2026-01-07T13:36:21+00:00\",\"dateModified\":\"2026-01-07T13:36:23+00:00\",\"mainEntityOfPage\":{\"@id\":\"https:\/\/sudoesteacontece.com.br\/?p=5561\"},\"wordCount\":307,\"commentCount\":0,\"publisher\":{\"@id\":\"https:\/\/sudoesteacontece.com.br\/#organization\"},\"image\":{\"@id\":\"https:\/\/sudoesteacontece.com.br\/?p=5561#primaryimage\"},\"thumbnailUrl\":\"https:\/\/sudoesteacontece.com.br\/wp-content\/uploads\/2026\/01\/\u2018Rodizio-do-calote-na-saude-critica-Alan-Sanches-apos-atraso-de-salarios-em-hospital-de-Jequie-sudoeste-acontece.jpg\",\"articleSection\":[\"Bahia\",\"Elei\u00e7\u00f5es 2026\",\"Jequi\u00e9\",\"Pol\u00edtica\",\"Sa\u00fade\"],\"inLanguage\":\"pt-BR\",\"potentialAction\":[{\"@type\":\"CommentAction\",\"name\":\"Comment\",\"target\":[\"https:\/\/sudoesteacontece.com.br\/?p=5561#respond\"]}]},{\"@type\":\"WebPage\",\"@id\":\"https:\/\/sudoesteacontece.com.br\/?p=5561\",\"url\":\"https:\/\/sudoesteacontece.com.br\/?p=5561\",\"name\":\"\u2018Rod\u00edzio do calote na sa\u00fade\u2019, critica Alan Sanches ap\u00f3s atraso de sal\u00e1rios em hospital de Jequi\u00e9 - Sudoesteacontece\",\"isPartOf\":{\"@id\":\"https:\/\/sudoesteacontece.com.br\/#website\"},\"primaryImageOfPage\":{\"@id\":\"https:\/\/sudoesteacontece.com.br\/?p=5561#primaryimage\"},\"image\":{\"@id\":\"https:\/\/sudoesteacontece.com.br\/?p=5561#primaryimage\"},\"thumbnailUrl\":\"https:\/\/sudoesteacontece.com.br\/wp-content\/uploads\/2026\/01\/\u2018Rodizio-do-calote-na-saude-critica-Alan-Sanches-apos-atraso-de-salarios-em-hospital-de-Jequie-sudoeste-acontece.jpg\",\"datePublished\":\"2026-01-07T13:36:21+00:00\",\"dateModified\":\"2026-01-07T13:36:23+00:00\",\"breadcrumb\":{\"@id\":\"https:\/\/sudoesteacontece.com.br\/?p=5561#breadcrumb\"},\"inLanguage\":\"pt-BR\",\"potentialAction\":[{\"@type\":\"ReadAction\",\"target\":[\"https:\/\/sudoesteacontece.com.br\/?p=5561\"]}]},{\"@type\":\"ImageObject\",\"inLanguage\":\"pt-BR\",\"@id\":\"https:\/\/sudoesteacontece.com.br\/?p=5561#primaryimage\",\"url\":\"https:\/\/sudoesteacontece.com.br\/wp-content\/uploads\/2026\/01\/\u2018Rodizio-do-calote-na-saude-critica-Alan-Sanches-apos-atraso-de-salarios-em-hospital-de-Jequie-sudoeste-acontece.jpg\",\"contentUrl\":\"https:\/\/sudoesteacontece.com.br\/wp-content\/uploads\/2026\/01\/\u2018Rodizio-do-calote-na-saude-critica-Alan-Sanches-apos-atraso-de-salarios-em-hospital-de-Jequie-sudoeste-acontece.jpg\",\"width\":900,\"height\":600},{\"@type\":\"BreadcrumbList\",\"@id\":\"https:\/\/sudoesteacontece.com.br\/?p=5561#breadcrumb\",\"itemListElement\":[{\"@type\":\"ListItem\",\"position\":1,\"name\":\"In\u00edcio\",\"item\":\"https:\/\/sudoesteacontece.com.br\/\"},{\"@type\":\"ListItem\",\"position\":2,\"name\":\"\u2018Rod\u00edzio do calote na sa\u00fade\u2019, critica Alan Sanches ap\u00f3s atraso de sal\u00e1rios em hospital de Jequi\u00e9\"}]},{\"@type\":\"WebSite\",\"@id\":\"https:\/\/sudoesteacontece.com.br\/#website\",\"url\":\"https:\/\/sudoesteacontece.com.br\/\",\"name\":\"Sudoesteacontece\",\"description\":\"\",\"publisher\":{\"@id\":\"https:\/\/sudoesteacontece.com.br\/#organization\"},\"potentialAction\":[{\"@type\":\"SearchAction\",\"target\":{\"@type\":\"EntryPoint\",\"urlTemplate\":\"https:\/\/sudoesteacontece.com.br\/?s={search_term_string}\"},\"query-input\":{\"@type\":\"PropertyValueSpecification\",\"valueRequired\":true,\"valueName\":\"search_term_string\"}}],\"inLanguage\":\"pt-BR\"},{\"@type\":\"Organization\",\"@id\":\"https:\/\/sudoesteacontece.com.br\/#organization\",\"name\":\"Sudoesteacontece\",\"url\":\"https:\/\/sudoesteacontece.com.br\/\",\"logo\":{\"@type\":\"ImageObject\",\"inLanguage\":\"pt-BR\",\"@id\":\"https:\/\/sudoesteacontece.com.br\/#\/schema\/logo\/image\/\",\"url\":\"https:\/\/sudoesteacontece.com.br\/wp-content\/uploads\/2025\/12\/cropped-logo-2-180x180-1.png\",\"contentUrl\":\"https:\/\/sudoesteacontece.com.br\/wp-content\/uploads\/2025\/12\/cropped-logo-2-180x180-1.png\",\"width\":180,\"height\":180,\"caption\":\"Sudoesteacontece\"},\"image\":{\"@id\":\"https:\/\/sudoesteacontece.com.br\/#\/schema\/logo\/image\/\"},\"sameAs\":[\"https:\/\/www.facebook.com\/sudoesteacontece\/?locale=pt_BR\"]},{\"@type\":\"Person\",\"@id\":\"https:\/\/sudoesteacontece.com.br\/#\/schema\/person\/a4f22429c1d0923ef8f7d43343f8dc38\",\"name\":\"Reda\u00e7\u00e3o\",\"image\":{\"@type\":\"ImageObject\",\"inLanguage\":\"pt-BR\",\"@id\":\"https:\/\/sudoesteacontece.com.br\/#\/schema\/person\/image\/\",\"url\":\"https:\/\/secure.gravatar.com\/avatar\/c3a5b3c93f268a709c25a2df414c629a96fb3b1b4bf97a94fb3f72e54ae76903?s=96&d=mm&r=g\",\"contentUrl\":\"https:\/\/secure.gravatar.com\/avatar\/c3a5b3c93f268a709c25a2df414c629a96fb3b1b4bf97a94fb3f72e54ae76903?s=96&d=mm&r=g\",\"caption\":\"Reda\u00e7\u00e3o\"},\"url\":\"https:\/\/sudoesteacontece.com.br\/?author=4\"}]}<\/script>\n<!-- \/ Yoast SEO plugin. -->","yoast_head_json":{"title":"\u2018Rod\u00edzio do calote na sa\u00fade\u2019, critica Alan Sanches ap\u00f3s atraso de sal\u00e1rios em hospital de Jequi\u00e9 - Sudoesteacontece","robots":{"index":"index","follow":"follow","max-snippet":"max-snippet:-1","max-image-preview":"max-image-preview:large","max-video-preview":"max-video-preview:-1"},"canonical":"https:\/\/sudoesteacontece.com.br\/?p=5561","og_locale":"pt_BR","og_type":"article","og_title":"\u2018Rod\u00edzio do calote na sa\u00fade\u2019, critica Alan Sanches ap\u00f3s atraso de sal\u00e1rios em hospital de Jequi\u00e9 - Sudoesteacontece","og_description":"Cr\u00edticas ao governo estadual ganharam for\u00e7a ap\u00f3s den\u00fancias de atrasos salariais no Hospital Regional Prado Valadares, em Jequi\u00e9. O deputado estadual Alan Sanches (Uni\u00e3o Brasil), vice-l\u00edder da oposi\u00e7\u00e3o na AL-BA, afirmou que profissionais da unidade enfrentam cerca de dois meses sem receber, repetindo um cen\u00e1rio j\u00e1 visto em outras cidades baianas. Segundo o parlamentar, o problema deixou de ser pontual e passou a se repetir em diversas unidades de sa\u00fade do estado. Sanches citou hospitais em Juazeiro, Porto Seguro, Salvador e outras regi\u00f5es, classificando a situa\u00e7\u00e3o como um \u201crod\u00edzio do calote\u201d que atinge trabalhadores respons\u00e1veis pelo atendimento direto \u00e0 popula\u00e7\u00e3o. Durante o pronunciamento, o deputado ressaltou que sal\u00e1rio \u00e9 um direito b\u00e1sico e essencial. M\u00e9dico de forma\u00e7\u00e3o, ele afirmou que profissionais da sa\u00fade exercem uma miss\u00e3o de cuidado com a vida e n\u00e3o podem ser penalizados por falhas administrativas, cobrando uma solu\u00e7\u00e3o imediata por parte do governo estadual. Al\u00e9m das cr\u00edticas aos atrasos, Alan Sanches lembrou que o Estado j\u00e1 solicitou cerca de R$ 27 bilh\u00f5es em empr\u00e9stimos. Para ele, o problema n\u00e3o estaria na falta de recursos, mas na gest\u00e3o. O parlamentar afirmou ter votado contra novas opera\u00e7\u00f5es de cr\u00e9dito por considerar que o governo n\u00e3o administra bem os valores dispon\u00edveis. A repercuss\u00e3o do caso aumentou ap\u00f3s cobran\u00e7as feitas pelo deputado Euclides Fernandes (PT), aliado do governador Jer\u00f4nimo Rodrigues. Mesmo integrando a base governista, ele tamb\u00e9m usou as redes sociais para pedir o pagamento dos sal\u00e1rios em atraso no hospital de Jequi\u00e9, ampliando a press\u00e3o pol\u00edtica sobre o Executivo.","og_url":"https:\/\/sudoesteacontece.com.br\/?p=5561","og_site_name":"Sudoesteacontece","article_publisher":"https:\/\/www.facebook.com\/sudoesteacontece\/?locale=pt_BR","article_published_time":"2026-01-07T13:36:21+00:00","article_modified_time":"2026-01-07T13:36:23+00:00","og_image":[{"width":900,"height":600,"url":"https:\/\/sudoesteacontece.com.br\/wp-content\/uploads\/2026\/01\/\u2018Rodizio-do-calote-na-saude-critica-Alan-Sanches-apos-atraso-de-salarios-em-hospital-de-Jequie-sudoeste-acontece.jpg","type":"image\/jpeg"}],"author":"Reda\u00e7\u00e3o","twitter_card":"summary_large_image","twitter_misc":{"Escrito por":"Reda\u00e7\u00e3o","Est. tempo de leitura":"2 minutos"},"schema":{"@context":"https:\/\/schema.org","@graph":[{"@type":"Article","@id":"https:\/\/sudoesteacontece.com.br\/?p=5561#article","isPartOf":{"@id":"https:\/\/sudoesteacontece.com.br\/?p=5561"},"author":{"name":"Reda\u00e7\u00e3o","@id":"https:\/\/sudoesteacontece.com.br\/#\/schema\/person\/a4f22429c1d0923ef8f7d43343f8dc38"},"headline":"\u2018Rod\u00edzio do calote na sa\u00fade\u2019, critica Alan Sanches ap\u00f3s atraso de sal\u00e1rios em hospital de Jequi\u00e9","datePublished":"2026-01-07T13:36:21+00:00","dateModified":"2026-01-07T13:36:23+00:00","mainEntityOfPage":{"@id":"https:\/\/sudoesteacontece.com.br\/?p=5561"},"wordCount":307,"commentCount":0,"publisher":{"@id":"https:\/\/sudoesteacontece.com.br\/#organization"},"image":{"@id":"https:\/\/sudoesteacontece.com.br\/?p=5561#primaryimage"},"thumbnailUrl":"https:\/\/sudoesteacontece.com.br\/wp-content\/uploads\/2026\/01\/\u2018Rodizio-do-calote-na-saude-critica-Alan-Sanches-apos-atraso-de-salarios-em-hospital-de-Jequie-sudoeste-acontece.jpg","articleSection":["Bahia","Elei\u00e7\u00f5es 2026","Jequi\u00e9","Pol\u00edtica","Sa\u00fade"],"inLanguage":"pt-BR","potentialAction":[{"@type":"CommentAction","name":"Comment","target":["https:\/\/sudoesteacontece.com.br\/?p=5561#respond"]}]},{"@type":"WebPage","@id":"https:\/\/sudoesteacontece.com.br\/?p=5561","url":"https:\/\/sudoesteacontece.com.br\/?p=5561","name":"\u2018Rod\u00edzio do calote na sa\u00fade\u2019, critica Alan Sanches ap\u00f3s atraso de sal\u00e1rios em hospital de Jequi\u00e9 - Sudoesteacontece","isPartOf":{"@id":"https:\/\/sudoesteacontece.com.br\/#website"},"primaryImageOfPage":{"@id":"https:\/\/sudoesteacontece.com.br\/?p=5561#primaryimage"},"image":{"@id":"https:\/\/sudoesteacontece.com.br\/?p=5561#primaryimage"},"thumbnailUrl":"https:\/\/sudoesteacontece.com.br\/wp-content\/uploads\/2026\/01\/\u2018Rodizio-do-calote-na-saude-critica-Alan-Sanches-apos-atraso-de-salarios-em-hospital-de-Jequie-sudoeste-acontece.jpg","datePublished":"2026-01-07T13:36:21+00:00","dateModified":"2026-01-07T13:36:23+00:00","breadcrumb":{"@id":"https:\/\/sudoesteacontece.com.br\/?p=5561#breadcrumb"},"inLanguage":"pt-BR","potentialAction":[{"@type":"ReadAction","target":["https:\/\/sudoesteacontece.com.br\/?p=5561"]}]},{"@type":"ImageObject","inLanguage":"pt-BR","@id":"https:\/\/sudoesteacontece.com.br\/?p=5561#primaryimage","url":"https:\/\/sudoesteacontece.com.br\/wp-content\/uploads\/2026\/01\/\u2018Rodizio-do-calote-na-saude-critica-Alan-Sanches-apos-atraso-de-salarios-em-hospital-de-Jequie-sudoeste-acontece.jpg","contentUrl":"https:\/\/sudoesteacontece.com.br\/wp-content\/uploads\/2026\/01\/\u2018Rodizio-do-calote-na-saude-critica-Alan-Sanches-apos-atraso-de-salarios-em-hospital-de-Jequie-sudoeste-acontece.jpg","width":900,"height":600},{"@type":"BreadcrumbList","@id":"https:\/\/sudoesteacontece.com.br\/?p=5561#breadcrumb","itemListElement":[{"@type":"ListItem","position":1,"name":"In\u00edcio","item":"https:\/\/sudoesteacontece.com.br\/"},{"@type":"ListItem","position":2,"name":"\u2018Rod\u00edzio do calote na sa\u00fade\u2019, critica Alan Sanches ap\u00f3s atraso de sal\u00e1rios em hospital de Jequi\u00e9"}]},{"@type":"WebSite","@id":"https:\/\/sudoesteacontece.com.br\/#website","url":"https:\/\/sudoesteacontece.com.br\/","name":"Sudoesteacontece","description":"","publisher":{"@id":"https:\/\/sudoesteacontece.com.br\/#organization"},"potentialAction":[{"@type":"SearchAction","target":{"@type":"EntryPoint","urlTemplate":"https:\/\/sudoesteacontece.com.br\/?s={search_term_string}"},"query-input":{"@type":"PropertyValueSpecification","valueRequired":true,"valueName":"search_term_string"}}],"inLanguage":"pt-BR"},{"@type":"Organization","@id":"https:\/\/sudoesteacontece.com.br\/#organization","name":"Sudoesteacontece","url":"https:\/\/sudoesteacontece.com.br\/","logo":{"@type":"ImageObject","inLanguage":"pt-BR","@id":"https:\/\/sudoesteacontece.com.br\/#\/schema\/logo\/image\/","url":"https:\/\/sudoesteacontece.com.br\/wp-content\/uploads\/2025\/12\/cropped-logo-2-180x180-1.png","contentUrl":"https:\/\/sudoesteacontece.com.br\/wp-content\/uploads\/2025\/12\/cropped-logo-2-180x180-1.png","width":180,"height":180,"caption":"Sudoesteacontece"},"image":{"@id":"https:\/\/sudoesteacontece.com.br\/#\/schema\/logo\/image\/"},"sameAs":["https:\/\/www.facebook.com\/sudoesteacontece\/?locale=pt_BR"]},{"@type":"Person","@id":"https:\/\/sudoesteacontece.com.br\/#\/schema\/person\/a4f22429c1d0923ef8f7d43343f8dc38","name":"Reda\u00e7\u00e3o","image":{"@type":"ImageObject","inLanguage":"pt-BR","@id":"https:\/\/sudoesteacontece.com.br\/#\/schema\/person\/image\/","url":"https:\/\/secure.gravatar.com\/avatar\/c3a5b3c93f268a709c25a2df414c629a96fb3b1b4bf97a94fb3f72e54ae76903?s=96&d=mm&r=g","contentUrl":"https:\/\/secure.gravatar.com\/avatar\/c3a5b3c93f268a709c25a2df414c629a96fb3b1b4bf97a94fb3f72e54ae76903?s=96&d=mm&r=g","caption":"Reda\u00e7\u00e3o"},"url":"https:\/\/sudoesteacontece.com.br\/?author=4"}]}},"_links":{"self":[{"href":"https:\/\/sudoesteacontece.com.br\/index.php?rest_route=\/wp\/v2\/posts\/5561","targetHints":{"allow":["GET"]}}],"collection":[{"href":"https:\/\/sudoesteacontece.com.br\/index.php?rest_route=\/wp\/v2\/posts"}],"about":[{"href":"https:\/\/sudoesteacontece.com.br\/index.php?rest_route=\/wp\/v2\/types\/post"}],"author":[{"embeddable":true,"href":"https:\/\/sudoesteacontece.com.br\/index.php?rest_route=\/wp\/v2\/users\/4"}],"replies":[{"embeddable":true,"href":"https:\/\/sudoesteacontece.com.br\/index.php?rest_route=%2Fwp%2Fv2%2Fcomments&post=5561"}],"version-history":[{"count":0,"href":"https:\/\/sudoesteacontece.com.br\/index.php?rest_route=\/wp\/v2\/posts\/5561\/revisions"}],"wp:featuredmedia":[{"embeddable":true,"href":"https:\/\/sudoesteacontece.com.br\/index.php?rest_route=\/wp\/v2\/media\/5590"}],"wp:attachment":[{"href":"https:\/\/sudoesteacontece.com.br\/index.php?rest_route=%2Fwp%2Fv2%2Fmedia&parent=5561"}],"wp:term":[{"taxonomy":"category","embeddable":true,"href":"https:\/\/sudoesteacontece.com.br\/index.php?rest_route=%2Fwp%2Fv2%2Fcategories&post=5561"},{"taxonomy":"post_tag","embeddable":true,"href":"https:\/\/sudoesteacontece.com.br\/index.php?rest_route=%2Fwp%2Fv2%2Ftags&post=5561"}],"curies":[{"name":"wp","href":"https:\/\/api.w.org\/{rel}","templated":true}]}}