{"id":5564,"date":"2026-01-07T10:48:11","date_gmt":"2026-01-07T13:48:11","guid":{"rendered":"https:\/\/sudoesteacontece.com.br\/?p=5564"},"modified":"2026-01-07T10:48:13","modified_gmt":"2026-01-07T13:48:13","slug":"jeronimo-confirma-reeleicao-e-diz-que-definira-chapa-majoritaria-ate-marco","status":"publish","type":"post","link":"https:\/\/sudoesteacontece.com.br\/?p=5564","title":{"rendered":"Jer\u00f4nimo confirma reelei\u00e7\u00e3o e diz que definir\u00e1 chapa majorit\u00e1ria at\u00e9 mar\u00e7o"},"content":{"rendered":"<div class=\"wp-block-image\">\n<figure class=\"aligncenter size-full\"><img fetchpriority=\"high\" decoding=\"async\" width=\"852\" height=\"645\" src=\"http:\/\/sudoesteacontece.com.br\/wp-content\/uploads\/2025\/11\/Jeronimo-reune-MDB-apos-alerta-de-Geddel-e-tensao-cresce-na-base-aliada-sudoeste-acontece.jpg\" alt=\"\" class=\"wp-image-2460\" srcset=\"https:\/\/sudoesteacontece.com.br\/wp-content\/uploads\/2025\/11\/Jeronimo-reune-MDB-apos-alerta-de-Geddel-e-tensao-cresce-na-base-aliada-sudoeste-acontece.jpg 852w, https:\/\/sudoesteacontece.com.br\/wp-content\/uploads\/2025\/11\/Jeronimo-reune-MDB-apos-alerta-de-Geddel-e-tensao-cresce-na-base-aliada-sudoeste-acontece-300x227.jpg 300w, https:\/\/sudoesteacontece.com.br\/wp-content\/uploads\/2025\/11\/Jeronimo-reune-MDB-apos-alerta-de-Geddel-e-tensao-cresce-na-base-aliada-sudoeste-acontece-768x581.jpg 768w\" sizes=\"(max-width: 852px) 100vw, 852px\" \/><\/figure>\n<\/div>\n\n\n<p>Primeiramente, o governador Jer\u00f4nimo Rodrigues (PT) confirmou que ser\u00e1 candidato \u00e0 reelei\u00e7\u00e3o ao Pal\u00e1cio de Ondina nas elei\u00e7\u00f5es deste ano. A declara\u00e7\u00e3o foi feita nesta ter\u00e7a-feira (6), durante entrevista \u00e0 r\u00e1dio Metr\u00f3pole, quando ele afirmou n\u00e3o haver d\u00favidas sobre sua posi\u00e7\u00e3o como pr\u00e9-candidato e l\u00edder do grupo pol\u00edtico.<\/p>\n\n\n\n<p>Durante a entrevista, Jer\u00f4nimo ressaltou que comanda as decis\u00f5es da base aliada e deixou claro que a palavra final ser\u00e1 dele. Segundo o governador, apesar das rela\u00e7\u00f5es com lideran\u00e7as como Otto Alencar, L\u00eddice da Mata, Carletto e a fam\u00edlia Vieira Lima, a condu\u00e7\u00e3o do projeto pol\u00edtico cabe \u00e0 sua lideran\u00e7a.<\/p>\n\n\n\n<p>Em rela\u00e7\u00e3o \u00e0 composi\u00e7\u00e3o da chapa, o governador afirmou que ainda h\u00e1 pend\u00eancias envolvendo as duas vagas ao Senado e a escolha do vice. Ele disse que pretende dialogar com os aliados para construir consenso, mas estabeleceu mar\u00e7o como prazo para definir a forma\u00e7\u00e3o majorit\u00e1ria.<\/p>\n\n\n\n<p>Por fim, Jer\u00f4nimo adotou tom firme ao afirmar que, caso n\u00e3o haja acordo at\u00e9 o prazo estabelecido, tomar\u00e1 a decis\u00e3o. O governador refor\u00e7ou que lidera o grupo e garantiu que a chapa ser\u00e1 anunciada dentro do calend\u00e1rio que considera adequado.<\/p>\n","protected":false},"excerpt":{"rendered":"<p>Primeiramente, o governador Jer\u00f4nimo Rodrigues (PT) confirmou que ser\u00e1 candidato \u00e0 reelei\u00e7\u00e3o ao Pal\u00e1cio de Ondina nas elei\u00e7\u00f5es deste ano. A declara\u00e7\u00e3o foi feita nesta ter\u00e7a-feira (6), durante entrevista \u00e0 r\u00e1dio Metr\u00f3pole, quando ele afirmou n\u00e3o haver d\u00favidas sobre sua posi\u00e7\u00e3o como pr\u00e9-candidato e l\u00edder do grupo pol\u00edtico. Durante a entrevista, Jer\u00f4nimo ressaltou que comanda as decis\u00f5es da base aliada e deixou claro que a palavra final ser\u00e1 dele. Segundo o governador, apesar das rela\u00e7\u00f5es com lideran\u00e7as como Otto Alencar, L\u00eddice da Mata, Carletto e a fam\u00edlia Vieira Lima, a condu\u00e7\u00e3o do projeto pol\u00edtico cabe \u00e0 sua lideran\u00e7a. Em rela\u00e7\u00e3o \u00e0 composi\u00e7\u00e3o da chapa, o governador afirmou que ainda h\u00e1 pend\u00eancias envolvendo as duas vagas ao Senado e a escolha do vice. Ele disse que pretende dialogar com os aliados para construir consenso, mas estabeleceu mar\u00e7o como prazo para definir a forma\u00e7\u00e3o majorit\u00e1ria. Por fim, Jer\u00f4nimo adotou tom firme ao afirmar que, caso n\u00e3o haja acordo at\u00e9 o prazo estabelecido, tomar\u00e1 a decis\u00e3o. O governador refor\u00e7ou que lidera o grupo e garantiu que a chapa ser\u00e1 anunciada dentro do calend\u00e1rio que considera adequado.<\/p>\n","protected":false},"author":4,"featured_media":2460,"comment_status":"open","ping_status":"open","sticky":false,"template":"","format":"standard","meta":{"footnotes":""},"categories":[7,58,6],"tags":[],"class_list":["post-5564","post","type-post","status-publish","format-standard","has-post-thumbnail","hentry","category-bahia","category-eleicoes-2026","category-politica"],"yoast_head":"<!-- This site is optimized with the Yoast SEO plugin v26.5 - https:\/\/yoast.com\/wordpress\/plugins\/seo\/ -->\n<title>Jer\u00f4nimo confirma reelei\u00e7\u00e3o e diz que definir\u00e1 chapa majorit\u00e1ria at\u00e9 mar\u00e7o - Sudoesteacontece<\/title>\n<meta name=\"robots\" content=\"index, follow, max-snippet:-1, max-image-preview:large, max-video-preview:-1\" \/>\n<link rel=\"canonical\" href=\"https:\/\/sudoesteacontece.com.br\/?p=5564\" \/>\n<meta property=\"og:locale\" content=\"pt_BR\" \/>\n<meta property=\"og:type\" content=\"article\" \/>\n<meta property=\"og:title\" content=\"Jer\u00f4nimo confirma reelei\u00e7\u00e3o e diz que definir\u00e1 chapa majorit\u00e1ria at\u00e9 mar\u00e7o - Sudoesteacontece\" \/>\n<meta property=\"og:description\" content=\"Primeiramente, o governador Jer\u00f4nimo Rodrigues (PT) confirmou que ser\u00e1 candidato \u00e0 reelei\u00e7\u00e3o ao Pal\u00e1cio de Ondina nas elei\u00e7\u00f5es deste ano. A declara\u00e7\u00e3o foi feita nesta ter\u00e7a-feira (6), durante entrevista \u00e0 r\u00e1dio Metr\u00f3pole, quando ele afirmou n\u00e3o haver d\u00favidas sobre sua posi\u00e7\u00e3o como pr\u00e9-candidato e l\u00edder do grupo pol\u00edtico. Durante a entrevista, Jer\u00f4nimo ressaltou que comanda as decis\u00f5es da base aliada e deixou claro que a palavra final ser\u00e1 dele. Segundo o governador, apesar das rela\u00e7\u00f5es com lideran\u00e7as como Otto Alencar, L\u00eddice da Mata, Carletto e a fam\u00edlia Vieira Lima, a condu\u00e7\u00e3o do projeto pol\u00edtico cabe \u00e0 sua lideran\u00e7a. Em rela\u00e7\u00e3o \u00e0 composi\u00e7\u00e3o da chapa, o governador afirmou que ainda h\u00e1 pend\u00eancias envolvendo as duas vagas ao Senado e a escolha do vice. Ele disse que pretende dialogar com os aliados para construir consenso, mas estabeleceu mar\u00e7o como prazo para definir a forma\u00e7\u00e3o majorit\u00e1ria. Por fim, Jer\u00f4nimo adotou tom firme ao afirmar que, caso n\u00e3o haja acordo at\u00e9 o prazo estabelecido, tomar\u00e1 a decis\u00e3o. O governador refor\u00e7ou que lidera o grupo e garantiu que a chapa ser\u00e1 anunciada dentro do calend\u00e1rio que considera adequado.\" \/>\n<meta property=\"og:url\" content=\"https:\/\/sudoesteacontece.com.br\/?p=5564\" \/>\n<meta property=\"og:site_name\" content=\"Sudoesteacontece\" \/>\n<meta property=\"article:publisher\" content=\"https:\/\/www.facebook.com\/sudoesteacontece\/?locale=pt_BR\" \/>\n<meta property=\"article:published_time\" content=\"2026-01-07T13:48:11+00:00\" \/>\n<meta property=\"article:modified_time\" content=\"2026-01-07T13:48:13+00:00\" \/>\n<meta property=\"og:image\" content=\"https:\/\/sudoesteacontece.com.br\/wp-content\/uploads\/2025\/11\/Jeronimo-reune-MDB-apos-alerta-de-Geddel-e-tensao-cresce-na-base-aliada-sudoeste-acontece.jpg\" \/>\n\t<meta property=\"og:image:width\" content=\"852\" \/>\n\t<meta property=\"og:image:height\" content=\"645\" \/>\n\t<meta property=\"og:image:type\" content=\"image\/jpeg\" \/>\n<meta name=\"author\" content=\"Reda\u00e7\u00e3o\" \/>\n<meta name=\"twitter:card\" content=\"summary_large_image\" \/>\n<meta name=\"twitter:label1\" content=\"Escrito por\" \/>\n\t<meta name=\"twitter:data1\" content=\"Reda\u00e7\u00e3o\" \/>\n\t<meta name=\"twitter:label2\" content=\"Est. tempo de leitura\" \/>\n\t<meta name=\"twitter:data2\" content=\"2 minutos\" \/>\n<script type=\"application\/ld+json\" class=\"yoast-schema-graph\">{\"@context\":\"https:\/\/schema.org\",\"@graph\":[{\"@type\":\"Article\",\"@id\":\"https:\/\/sudoesteacontece.com.br\/?p=5564#article\",\"isPartOf\":{\"@id\":\"https:\/\/sudoesteacontece.com.br\/?p=5564\"},\"author\":{\"name\":\"Reda\u00e7\u00e3o\",\"@id\":\"https:\/\/sudoesteacontece.com.br\/#\/schema\/person\/a4f22429c1d0923ef8f7d43343f8dc38\"},\"headline\":\"Jer\u00f4nimo confirma reelei\u00e7\u00e3o e diz que definir\u00e1 chapa majorit\u00e1ria at\u00e9 mar\u00e7o\",\"datePublished\":\"2026-01-07T13:48:11+00:00\",\"dateModified\":\"2026-01-07T13:48:13+00:00\",\"mainEntityOfPage\":{\"@id\":\"https:\/\/sudoesteacontece.com.br\/?p=5564\"},\"wordCount\":227,\"commentCount\":0,\"publisher\":{\"@id\":\"https:\/\/sudoesteacontece.com.br\/#organization\"},\"image\":{\"@id\":\"https:\/\/sudoesteacontece.com.br\/?p=5564#primaryimage\"},\"thumbnailUrl\":\"https:\/\/sudoesteacontece.com.br\/wp-content\/uploads\/2025\/11\/Jeronimo-reune-MDB-apos-alerta-de-Geddel-e-tensao-cresce-na-base-aliada-sudoeste-acontece.jpg\",\"articleSection\":[\"Bahia\",\"Elei\u00e7\u00f5es 2026\",\"Pol\u00edtica\"],\"inLanguage\":\"pt-BR\",\"potentialAction\":[{\"@type\":\"CommentAction\",\"name\":\"Comment\",\"target\":[\"https:\/\/sudoesteacontece.com.br\/?p=5564#respond\"]}]},{\"@type\":\"WebPage\",\"@id\":\"https:\/\/sudoesteacontece.com.br\/?p=5564\",\"url\":\"https:\/\/sudoesteacontece.com.br\/?p=5564\",\"name\":\"Jer\u00f4nimo confirma reelei\u00e7\u00e3o e diz que definir\u00e1 chapa majorit\u00e1ria at\u00e9 mar\u00e7o - Sudoesteacontece\",\"isPartOf\":{\"@id\":\"https:\/\/sudoesteacontece.com.br\/#website\"},\"primaryImageOfPage\":{\"@id\":\"https:\/\/sudoesteacontece.com.br\/?p=5564#primaryimage\"},\"image\":{\"@id\":\"https:\/\/sudoesteacontece.com.br\/?p=5564#primaryimage\"},\"thumbnailUrl\":\"https:\/\/sudoesteacontece.com.br\/wp-content\/uploads\/2025\/11\/Jeronimo-reune-MDB-apos-alerta-de-Geddel-e-tensao-cresce-na-base-aliada-sudoeste-acontece.jpg\",\"datePublished\":\"2026-01-07T13:48:11+00:00\",\"dateModified\":\"2026-01-07T13:48:13+00:00\",\"breadcrumb\":{\"@id\":\"https:\/\/sudoesteacontece.com.br\/?p=5564#breadcrumb\"},\"inLanguage\":\"pt-BR\",\"potentialAction\":[{\"@type\":\"ReadAction\",\"target\":[\"https:\/\/sudoesteacontece.com.br\/?p=5564\"]}]},{\"@type\":\"ImageObject\",\"inLanguage\":\"pt-BR\",\"@id\":\"https:\/\/sudoesteacontece.com.br\/?p=5564#primaryimage\",\"url\":\"https:\/\/sudoesteacontece.com.br\/wp-content\/uploads\/2025\/11\/Jeronimo-reune-MDB-apos-alerta-de-Geddel-e-tensao-cresce-na-base-aliada-sudoeste-acontece.jpg\",\"contentUrl\":\"https:\/\/sudoesteacontece.com.br\/wp-content\/uploads\/2025\/11\/Jeronimo-reune-MDB-apos-alerta-de-Geddel-e-tensao-cresce-na-base-aliada-sudoeste-acontece.jpg\",\"width\":852,\"height\":645},{\"@type\":\"BreadcrumbList\",\"@id\":\"https:\/\/sudoesteacontece.com.br\/?p=5564#breadcrumb\",\"itemListElement\":[{\"@type\":\"ListItem\",\"position\":1,\"name\":\"In\u00edcio\",\"item\":\"https:\/\/sudoesteacontece.com.br\/\"},{\"@type\":\"ListItem\",\"position\":2,\"name\":\"Jer\u00f4nimo confirma reelei\u00e7\u00e3o e diz que definir\u00e1 chapa majorit\u00e1ria at\u00e9 mar\u00e7o\"}]},{\"@type\":\"WebSite\",\"@id\":\"https:\/\/sudoesteacontece.com.br\/#website\",\"url\":\"https:\/\/sudoesteacontece.com.br\/\",\"name\":\"Sudoesteacontece\",\"description\":\"\",\"publisher\":{\"@id\":\"https:\/\/sudoesteacontece.com.br\/#organization\"},\"potentialAction\":[{\"@type\":\"SearchAction\",\"target\":{\"@type\":\"EntryPoint\",\"urlTemplate\":\"https:\/\/sudoesteacontece.com.br\/?s={search_term_string}\"},\"query-input\":{\"@type\":\"PropertyValueSpecification\",\"valueRequired\":true,\"valueName\":\"search_term_string\"}}],\"inLanguage\":\"pt-BR\"},{\"@type\":\"Organization\",\"@id\":\"https:\/\/sudoesteacontece.com.br\/#organization\",\"name\":\"Sudoesteacontece\",\"url\":\"https:\/\/sudoesteacontece.com.br\/\",\"logo\":{\"@type\":\"ImageObject\",\"inLanguage\":\"pt-BR\",\"@id\":\"https:\/\/sudoesteacontece.com.br\/#\/schema\/logo\/image\/\",\"url\":\"https:\/\/sudoesteacontece.com.br\/wp-content\/uploads\/2025\/12\/cropped-logo-2-180x180-1.png\",\"contentUrl\":\"https:\/\/sudoesteacontece.com.br\/wp-content\/uploads\/2025\/12\/cropped-logo-2-180x180-1.png\",\"width\":180,\"height\":180,\"caption\":\"Sudoesteacontece\"},\"image\":{\"@id\":\"https:\/\/sudoesteacontece.com.br\/#\/schema\/logo\/image\/\"},\"sameAs\":[\"https:\/\/www.facebook.com\/sudoesteacontece\/?locale=pt_BR\"]},{\"@type\":\"Person\",\"@id\":\"https:\/\/sudoesteacontece.com.br\/#\/schema\/person\/a4f22429c1d0923ef8f7d43343f8dc38\",\"name\":\"Reda\u00e7\u00e3o\",\"image\":{\"@type\":\"ImageObject\",\"inLanguage\":\"pt-BR\",\"@id\":\"https:\/\/sudoesteacontece.com.br\/#\/schema\/person\/image\/\",\"url\":\"https:\/\/secure.gravatar.com\/avatar\/c3a5b3c93f268a709c25a2df414c629a96fb3b1b4bf97a94fb3f72e54ae76903?s=96&d=mm&r=g\",\"contentUrl\":\"https:\/\/secure.gravatar.com\/avatar\/c3a5b3c93f268a709c25a2df414c629a96fb3b1b4bf97a94fb3f72e54ae76903?s=96&d=mm&r=g\",\"caption\":\"Reda\u00e7\u00e3o\"},\"url\":\"https:\/\/sudoesteacontece.com.br\/?author=4\"}]}<\/script>\n<!-- \/ Yoast SEO plugin. -->","yoast_head_json":{"title":"Jer\u00f4nimo confirma reelei\u00e7\u00e3o e diz que definir\u00e1 chapa majorit\u00e1ria at\u00e9 mar\u00e7o - Sudoesteacontece","robots":{"index":"index","follow":"follow","max-snippet":"max-snippet:-1","max-image-preview":"max-image-preview:large","max-video-preview":"max-video-preview:-1"},"canonical":"https:\/\/sudoesteacontece.com.br\/?p=5564","og_locale":"pt_BR","og_type":"article","og_title":"Jer\u00f4nimo confirma reelei\u00e7\u00e3o e diz que definir\u00e1 chapa majorit\u00e1ria at\u00e9 mar\u00e7o - Sudoesteacontece","og_description":"Primeiramente, o governador Jer\u00f4nimo Rodrigues (PT) confirmou que ser\u00e1 candidato \u00e0 reelei\u00e7\u00e3o ao Pal\u00e1cio de Ondina nas elei\u00e7\u00f5es deste ano. A declara\u00e7\u00e3o foi feita nesta ter\u00e7a-feira (6), durante entrevista \u00e0 r\u00e1dio Metr\u00f3pole, quando ele afirmou n\u00e3o haver d\u00favidas sobre sua posi\u00e7\u00e3o como pr\u00e9-candidato e l\u00edder do grupo pol\u00edtico. Durante a entrevista, Jer\u00f4nimo ressaltou que comanda as decis\u00f5es da base aliada e deixou claro que a palavra final ser\u00e1 dele. Segundo o governador, apesar das rela\u00e7\u00f5es com lideran\u00e7as como Otto Alencar, L\u00eddice da Mata, Carletto e a fam\u00edlia Vieira Lima, a condu\u00e7\u00e3o do projeto pol\u00edtico cabe \u00e0 sua lideran\u00e7a. Em rela\u00e7\u00e3o \u00e0 composi\u00e7\u00e3o da chapa, o governador afirmou que ainda h\u00e1 pend\u00eancias envolvendo as duas vagas ao Senado e a escolha do vice. Ele disse que pretende dialogar com os aliados para construir consenso, mas estabeleceu mar\u00e7o como prazo para definir a forma\u00e7\u00e3o majorit\u00e1ria. Por fim, Jer\u00f4nimo adotou tom firme ao afirmar que, caso n\u00e3o haja acordo at\u00e9 o prazo estabelecido, tomar\u00e1 a decis\u00e3o. O governador refor\u00e7ou que lidera o grupo e garantiu que a chapa ser\u00e1 anunciada dentro do calend\u00e1rio que considera adequado.","og_url":"https:\/\/sudoesteacontece.com.br\/?p=5564","og_site_name":"Sudoesteacontece","article_publisher":"https:\/\/www.facebook.com\/sudoesteacontece\/?locale=pt_BR","article_published_time":"2026-01-07T13:48:11+00:00","article_modified_time":"2026-01-07T13:48:13+00:00","og_image":[{"width":852,"height":645,"url":"https:\/\/sudoesteacontece.com.br\/wp-content\/uploads\/2025\/11\/Jeronimo-reune-MDB-apos-alerta-de-Geddel-e-tensao-cresce-na-base-aliada-sudoeste-acontece.jpg","type":"image\/jpeg"}],"author":"Reda\u00e7\u00e3o","twitter_card":"summary_large_image","twitter_misc":{"Escrito por":"Reda\u00e7\u00e3o","Est. tempo de leitura":"2 minutos"},"schema":{"@context":"https:\/\/schema.org","@graph":[{"@type":"Article","@id":"https:\/\/sudoesteacontece.com.br\/?p=5564#article","isPartOf":{"@id":"https:\/\/sudoesteacontece.com.br\/?p=5564"},"author":{"name":"Reda\u00e7\u00e3o","@id":"https:\/\/sudoesteacontece.com.br\/#\/schema\/person\/a4f22429c1d0923ef8f7d43343f8dc38"},"headline":"Jer\u00f4nimo confirma reelei\u00e7\u00e3o e diz que definir\u00e1 chapa majorit\u00e1ria at\u00e9 mar\u00e7o","datePublished":"2026-01-07T13:48:11+00:00","dateModified":"2026-01-07T13:48:13+00:00","mainEntityOfPage":{"@id":"https:\/\/sudoesteacontece.com.br\/?p=5564"},"wordCount":227,"commentCount":0,"publisher":{"@id":"https:\/\/sudoesteacontece.com.br\/#organization"},"image":{"@id":"https:\/\/sudoesteacontece.com.br\/?p=5564#primaryimage"},"thumbnailUrl":"https:\/\/sudoesteacontece.com.br\/wp-content\/uploads\/2025\/11\/Jeronimo-reune-MDB-apos-alerta-de-Geddel-e-tensao-cresce-na-base-aliada-sudoeste-acontece.jpg","articleSection":["Bahia","Elei\u00e7\u00f5es 2026","Pol\u00edtica"],"inLanguage":"pt-BR","potentialAction":[{"@type":"CommentAction","name":"Comment","target":["https:\/\/sudoesteacontece.com.br\/?p=5564#respond"]}]},{"@type":"WebPage","@id":"https:\/\/sudoesteacontece.com.br\/?p=5564","url":"https:\/\/sudoesteacontece.com.br\/?p=5564","name":"Jer\u00f4nimo confirma reelei\u00e7\u00e3o e diz que definir\u00e1 chapa majorit\u00e1ria at\u00e9 mar\u00e7o - Sudoesteacontece","isPartOf":{"@id":"https:\/\/sudoesteacontece.com.br\/#website"},"primaryImageOfPage":{"@id":"https:\/\/sudoesteacontece.com.br\/?p=5564#primaryimage"},"image":{"@id":"https:\/\/sudoesteacontece.com.br\/?p=5564#primaryimage"},"thumbnailUrl":"https:\/\/sudoesteacontece.com.br\/wp-content\/uploads\/2025\/11\/Jeronimo-reune-MDB-apos-alerta-de-Geddel-e-tensao-cresce-na-base-aliada-sudoeste-acontece.jpg","datePublished":"2026-01-07T13:48:11+00:00","dateModified":"2026-01-07T13:48:13+00:00","breadcrumb":{"@id":"https:\/\/sudoesteacontece.com.br\/?p=5564#breadcrumb"},"inLanguage":"pt-BR","potentialAction":[{"@type":"ReadAction","target":["https:\/\/sudoesteacontece.com.br\/?p=5564"]}]},{"@type":"ImageObject","inLanguage":"pt-BR","@id":"https:\/\/sudoesteacontece.com.br\/?p=5564#primaryimage","url":"https:\/\/sudoesteacontece.com.br\/wp-content\/uploads\/2025\/11\/Jeronimo-reune-MDB-apos-alerta-de-Geddel-e-tensao-cresce-na-base-aliada-sudoeste-acontece.jpg","contentUrl":"https:\/\/sudoesteacontece.com.br\/wp-content\/uploads\/2025\/11\/Jeronimo-reune-MDB-apos-alerta-de-Geddel-e-tensao-cresce-na-base-aliada-sudoeste-acontece.jpg","width":852,"height":645},{"@type":"BreadcrumbList","@id":"https:\/\/sudoesteacontece.com.br\/?p=5564#breadcrumb","itemListElement":[{"@type":"ListItem","position":1,"name":"In\u00edcio","item":"https:\/\/sudoesteacontece.com.br\/"},{"@type":"ListItem","position":2,"name":"Jer\u00f4nimo confirma reelei\u00e7\u00e3o e diz que definir\u00e1 chapa majorit\u00e1ria at\u00e9 mar\u00e7o"}]},{"@type":"WebSite","@id":"https:\/\/sudoesteacontece.com.br\/#website","url":"https:\/\/sudoesteacontece.com.br\/","name":"Sudoesteacontece","description":"","publisher":{"@id":"https:\/\/sudoesteacontece.com.br\/#organization"},"potentialAction":[{"@type":"SearchAction","target":{"@type":"EntryPoint","urlTemplate":"https:\/\/sudoesteacontece.com.br\/?s={search_term_string}"},"query-input":{"@type":"PropertyValueSpecification","valueRequired":true,"valueName":"search_term_string"}}],"inLanguage":"pt-BR"},{"@type":"Organization","@id":"https:\/\/sudoesteacontece.com.br\/#organization","name":"Sudoesteacontece","url":"https:\/\/sudoesteacontece.com.br\/","logo":{"@type":"ImageObject","inLanguage":"pt-BR","@id":"https:\/\/sudoesteacontece.com.br\/#\/schema\/logo\/image\/","url":"https:\/\/sudoesteacontece.com.br\/wp-content\/uploads\/2025\/12\/cropped-logo-2-180x180-1.png","contentUrl":"https:\/\/sudoesteacontece.com.br\/wp-content\/uploads\/2025\/12\/cropped-logo-2-180x180-1.png","width":180,"height":180,"caption":"Sudoesteacontece"},"image":{"@id":"https:\/\/sudoesteacontece.com.br\/#\/schema\/logo\/image\/"},"sameAs":["https:\/\/www.facebook.com\/sudoesteacontece\/?locale=pt_BR"]},{"@type":"Person","@id":"https:\/\/sudoesteacontece.com.br\/#\/schema\/person\/a4f22429c1d0923ef8f7d43343f8dc38","name":"Reda\u00e7\u00e3o","image":{"@type":"ImageObject","inLanguage":"pt-BR","@id":"https:\/\/sudoesteacontece.com.br\/#\/schema\/person\/image\/","url":"https:\/\/secure.gravatar.com\/avatar\/c3a5b3c93f268a709c25a2df414c629a96fb3b1b4bf97a94fb3f72e54ae76903?s=96&d=mm&r=g","contentUrl":"https:\/\/secure.gravatar.com\/avatar\/c3a5b3c93f268a709c25a2df414c629a96fb3b1b4bf97a94fb3f72e54ae76903?s=96&d=mm&r=g","caption":"Reda\u00e7\u00e3o"},"url":"https:\/\/sudoesteacontece.com.br\/?author=4"}]}},"_links":{"self":[{"href":"https:\/\/sudoesteacontece.com.br\/index.php?rest_route=\/wp\/v2\/posts\/5564","targetHints":{"allow":["GET"]}}],"collection":[{"href":"https:\/\/sudoesteacontece.com.br\/index.php?rest_route=\/wp\/v2\/posts"}],"about":[{"href":"https:\/\/sudoesteacontece.com.br\/index.php?rest_route=\/wp\/v2\/types\/post"}],"author":[{"embeddable":true,"href":"https:\/\/sudoesteacontece.com.br\/index.php?rest_route=\/wp\/v2\/users\/4"}],"replies":[{"embeddable":true,"href":"https:\/\/sudoesteacontece.com.br\/index.php?rest_route=%2Fwp%2Fv2%2Fcomments&post=5564"}],"version-history":[{"count":0,"href":"https:\/\/sudoesteacontece.com.br\/index.php?rest_route=\/wp\/v2\/posts\/5564\/revisions"}],"wp:featuredmedia":[{"embeddable":true,"href":"https:\/\/sudoesteacontece.com.br\/index.php?rest_route=\/wp\/v2\/media\/2460"}],"wp:attachment":[{"href":"https:\/\/sudoesteacontece.com.br\/index.php?rest_route=%2Fwp%2Fv2%2Fmedia&parent=5564"}],"wp:term":[{"taxonomy":"category","embeddable":true,"href":"https:\/\/sudoesteacontece.com.br\/index.php?rest_route=%2Fwp%2Fv2%2Fcategories&post=5564"},{"taxonomy":"post_tag","embeddable":true,"href":"https:\/\/sudoesteacontece.com.br\/index.php?rest_route=%2Fwp%2Fv2%2Ftags&post=5564"}],"curies":[{"name":"wp","href":"https:\/\/api.w.org\/{rel}","templated":true}]}}