{"id":5565,"date":"2026-01-07T10:42:10","date_gmt":"2026-01-07T13:42:10","guid":{"rendered":"https:\/\/sudoesteacontece.com.br\/?p=5565"},"modified":"2026-01-07T10:42:11","modified_gmt":"2026-01-07T13:42:11","slug":"prefeitura-confirma-carnaval-2026-em-brumado-e-anuncia-data-oficial-da-folia","status":"publish","type":"post","link":"https:\/\/sudoesteacontece.com.br\/?p=5565","title":{"rendered":"Prefeitura confirma Carnaval 2026 em Brumado e anuncia data oficial da folia"},"content":{"rendered":"<div class=\"wp-block-image\">\n<figure class=\"aligncenter size-full\"><img fetchpriority=\"high\" decoding=\"async\" width=\"900\" height=\"600\" src=\"http:\/\/sudoesteacontece.com.br\/wp-content\/uploads\/2026\/01\/Prefeitura-confirma-Carnaval-2026-em-Brumado-e-anuncia-data-oficial-da-folia-sudoeste-acontece.jpg\" alt=\"\" class=\"wp-image-5592\" srcset=\"https:\/\/sudoesteacontece.com.br\/wp-content\/uploads\/2026\/01\/Prefeitura-confirma-Carnaval-2026-em-Brumado-e-anuncia-data-oficial-da-folia-sudoeste-acontece.jpg 900w, https:\/\/sudoesteacontece.com.br\/wp-content\/uploads\/2026\/01\/Prefeitura-confirma-Carnaval-2026-em-Brumado-e-anuncia-data-oficial-da-folia-sudoeste-acontece-300x200.jpg 300w, https:\/\/sudoesteacontece.com.br\/wp-content\/uploads\/2026\/01\/Prefeitura-confirma-Carnaval-2026-em-Brumado-e-anuncia-data-oficial-da-folia-sudoeste-acontece-768x512.jpg 768w\" sizes=\"(max-width: 900px) 100vw, 900px\" \/><\/figure>\n<\/div>\n\n\n<p>Confirma\u00e7\u00e3o do Carnaval 2026 em Brumado foi feita nesta ter\u00e7a-feira (6) pela prefeitura. A festa acontecer\u00e1 entre os dias 13 e 17 de fevereiro, dentro do calend\u00e1rio oficial da folia. O an\u00fancio marca o retorno do evento ao calend\u00e1rio cultural e simboliza a retomada de uma tradi\u00e7\u00e3o hist\u00f3rica da cidade.<\/p>\n\n\n\n<p>Segundo apura\u00e7\u00e3o da reportagem, o prefeito Fabr\u00edcio Abrantes vai realizar a volta oficial do Carnaval de Brumado, compromisso assumido ainda na campanha. A gest\u00e3o municipal trata a folia como prioridade e aposta no evento como instrumento de valoriza\u00e7\u00e3o cultural, lazer e fortalecimento da identidade local.<\/p>\n\n\n\n<p>Recursos para o Carnaval j\u00e1 come\u00e7aram a ser assegurados. O Governo da Bahia confirmou o repasse de R$ 700 mil, com expectativa de novos an\u00fancios por parte do governador Jer\u00f4nimo Rodrigues. O investimento deve garantir estrutura, atra\u00e7\u00f5es e seguran\u00e7a para receber um grande p\u00fablico.<\/p>\n\n\n\n<p>Enquanto isso, a prefeitura conclui o processo licitat\u00f3rio para contrata\u00e7\u00e3o de trios el\u00e9tricos e montagem da estrutura. A meta do prefeito \u00e9 clara: recolocar Brumado entre os melhores carnavais do interior da Bahia, impulsionando o turismo, movimentando a economia e devolvendo o protagonismo da festa \u00e0 capital do min\u00e9rio.<\/p>\n","protected":false},"excerpt":{"rendered":"<p>Confirma\u00e7\u00e3o do Carnaval 2026 em Brumado foi feita nesta ter\u00e7a-feira (6) pela prefeitura. A festa acontecer\u00e1 entre os dias 13 e 17 de fevereiro, dentro do calend\u00e1rio oficial da folia. O an\u00fancio marca o retorno do evento ao calend\u00e1rio cultural e simboliza a retomada de uma tradi\u00e7\u00e3o hist\u00f3rica da cidade. Segundo apura\u00e7\u00e3o da reportagem, o prefeito Fabr\u00edcio Abrantes vai realizar a volta oficial do Carnaval de Brumado, compromisso assumido ainda na campanha. A gest\u00e3o municipal trata a folia como prioridade e aposta no evento como instrumento de valoriza\u00e7\u00e3o cultural, lazer e fortalecimento da identidade local. Recursos para o Carnaval j\u00e1 come\u00e7aram a ser assegurados. O Governo da Bahia confirmou o repasse de R$ 700 mil, com expectativa de novos an\u00fancios por parte do governador Jer\u00f4nimo Rodrigues. O investimento deve garantir estrutura, atra\u00e7\u00f5es e seguran\u00e7a para receber um grande p\u00fablico. Enquanto isso, a prefeitura conclui o processo licitat\u00f3rio para contrata\u00e7\u00e3o de trios el\u00e9tricos e montagem da estrutura. A meta do prefeito \u00e9 clara: recolocar Brumado entre os melhores carnavais do interior da Bahia, impulsionando o turismo, movimentando a economia e devolvendo o protagonismo da festa \u00e0 capital do min\u00e9rio.<\/p>\n","protected":false},"author":4,"featured_media":5592,"comment_status":"open","ping_status":"open","sticky":false,"template":"","format":"standard","meta":{"footnotes":""},"categories":[10,4,6],"tags":[],"class_list":["post-5565","post","type-post","status-publish","format-standard","has-post-thumbnail","hentry","category-brumado","category-cidades","category-politica"],"yoast_head":"<!-- This site is optimized with the Yoast SEO plugin v26.5 - https:\/\/yoast.com\/wordpress\/plugins\/seo\/ -->\n<title>Prefeitura confirma Carnaval 2026 em Brumado e anuncia data oficial da folia - Sudoesteacontece<\/title>\n<meta name=\"robots\" content=\"index, follow, max-snippet:-1, max-image-preview:large, max-video-preview:-1\" \/>\n<link rel=\"canonical\" href=\"https:\/\/sudoesteacontece.com.br\/?p=5565\" \/>\n<meta property=\"og:locale\" content=\"pt_BR\" \/>\n<meta property=\"og:type\" content=\"article\" \/>\n<meta property=\"og:title\" content=\"Prefeitura confirma Carnaval 2026 em Brumado e anuncia data oficial da folia - Sudoesteacontece\" \/>\n<meta property=\"og:description\" content=\"Confirma\u00e7\u00e3o do Carnaval 2026 em Brumado foi feita nesta ter\u00e7a-feira (6) pela prefeitura. A festa acontecer\u00e1 entre os dias 13 e 17 de fevereiro, dentro do calend\u00e1rio oficial da folia. O an\u00fancio marca o retorno do evento ao calend\u00e1rio cultural e simboliza a retomada de uma tradi\u00e7\u00e3o hist\u00f3rica da cidade. Segundo apura\u00e7\u00e3o da reportagem, o prefeito Fabr\u00edcio Abrantes vai realizar a volta oficial do Carnaval de Brumado, compromisso assumido ainda na campanha. A gest\u00e3o municipal trata a folia como prioridade e aposta no evento como instrumento de valoriza\u00e7\u00e3o cultural, lazer e fortalecimento da identidade local. Recursos para o Carnaval j\u00e1 come\u00e7aram a ser assegurados. O Governo da Bahia confirmou o repasse de R$ 700 mil, com expectativa de novos an\u00fancios por parte do governador Jer\u00f4nimo Rodrigues. O investimento deve garantir estrutura, atra\u00e7\u00f5es e seguran\u00e7a para receber um grande p\u00fablico. Enquanto isso, a prefeitura conclui o processo licitat\u00f3rio para contrata\u00e7\u00e3o de trios el\u00e9tricos e montagem da estrutura. A meta do prefeito \u00e9 clara: recolocar Brumado entre os melhores carnavais do interior da Bahia, impulsionando o turismo, movimentando a economia e devolvendo o protagonismo da festa \u00e0 capital do min\u00e9rio.\" \/>\n<meta property=\"og:url\" content=\"https:\/\/sudoesteacontece.com.br\/?p=5565\" \/>\n<meta property=\"og:site_name\" content=\"Sudoesteacontece\" \/>\n<meta property=\"article:publisher\" content=\"https:\/\/www.facebook.com\/sudoesteacontece\/?locale=pt_BR\" \/>\n<meta property=\"article:published_time\" content=\"2026-01-07T13:42:10+00:00\" \/>\n<meta property=\"article:modified_time\" content=\"2026-01-07T13:42:11+00:00\" \/>\n<meta property=\"og:image\" content=\"https:\/\/sudoesteacontece.com.br\/wp-content\/uploads\/2026\/01\/Prefeitura-confirma-Carnaval-2026-em-Brumado-e-anuncia-data-oficial-da-folia-sudoeste-acontece.jpg\" \/>\n\t<meta property=\"og:image:width\" content=\"900\" \/>\n\t<meta property=\"og:image:height\" content=\"600\" \/>\n\t<meta property=\"og:image:type\" content=\"image\/jpeg\" \/>\n<meta name=\"author\" content=\"Reda\u00e7\u00e3o\" \/>\n<meta name=\"twitter:card\" content=\"summary_large_image\" \/>\n<meta name=\"twitter:label1\" content=\"Escrito por\" \/>\n\t<meta name=\"twitter:data1\" content=\"Reda\u00e7\u00e3o\" \/>\n\t<meta name=\"twitter:label2\" content=\"Est. tempo de leitura\" \/>\n\t<meta name=\"twitter:data2\" content=\"2 minutos\" \/>\n<script type=\"application\/ld+json\" class=\"yoast-schema-graph\">{\"@context\":\"https:\/\/schema.org\",\"@graph\":[{\"@type\":\"Article\",\"@id\":\"https:\/\/sudoesteacontece.com.br\/?p=5565#article\",\"isPartOf\":{\"@id\":\"https:\/\/sudoesteacontece.com.br\/?p=5565\"},\"author\":{\"name\":\"Reda\u00e7\u00e3o\",\"@id\":\"https:\/\/sudoesteacontece.com.br\/#\/schema\/person\/a4f22429c1d0923ef8f7d43343f8dc38\"},\"headline\":\"Prefeitura confirma Carnaval 2026 em Brumado e anuncia data oficial da folia\",\"datePublished\":\"2026-01-07T13:42:10+00:00\",\"dateModified\":\"2026-01-07T13:42:11+00:00\",\"mainEntityOfPage\":{\"@id\":\"https:\/\/sudoesteacontece.com.br\/?p=5565\"},\"wordCount\":213,\"commentCount\":0,\"publisher\":{\"@id\":\"https:\/\/sudoesteacontece.com.br\/#organization\"},\"image\":{\"@id\":\"https:\/\/sudoesteacontece.com.br\/?p=5565#primaryimage\"},\"thumbnailUrl\":\"https:\/\/sudoesteacontece.com.br\/wp-content\/uploads\/2026\/01\/Prefeitura-confirma-Carnaval-2026-em-Brumado-e-anuncia-data-oficial-da-folia-sudoeste-acontece.jpg\",\"articleSection\":[\"Brumado\",\"Cidades\",\"Pol\u00edtica\"],\"inLanguage\":\"pt-BR\",\"potentialAction\":[{\"@type\":\"CommentAction\",\"name\":\"Comment\",\"target\":[\"https:\/\/sudoesteacontece.com.br\/?p=5565#respond\"]}]},{\"@type\":\"WebPage\",\"@id\":\"https:\/\/sudoesteacontece.com.br\/?p=5565\",\"url\":\"https:\/\/sudoesteacontece.com.br\/?p=5565\",\"name\":\"Prefeitura confirma Carnaval 2026 em Brumado e anuncia data oficial da folia - Sudoesteacontece\",\"isPartOf\":{\"@id\":\"https:\/\/sudoesteacontece.com.br\/#website\"},\"primaryImageOfPage\":{\"@id\":\"https:\/\/sudoesteacontece.com.br\/?p=5565#primaryimage\"},\"image\":{\"@id\":\"https:\/\/sudoesteacontece.com.br\/?p=5565#primaryimage\"},\"thumbnailUrl\":\"https:\/\/sudoesteacontece.com.br\/wp-content\/uploads\/2026\/01\/Prefeitura-confirma-Carnaval-2026-em-Brumado-e-anuncia-data-oficial-da-folia-sudoeste-acontece.jpg\",\"datePublished\":\"2026-01-07T13:42:10+00:00\",\"dateModified\":\"2026-01-07T13:42:11+00:00\",\"breadcrumb\":{\"@id\":\"https:\/\/sudoesteacontece.com.br\/?p=5565#breadcrumb\"},\"inLanguage\":\"pt-BR\",\"potentialAction\":[{\"@type\":\"ReadAction\",\"target\":[\"https:\/\/sudoesteacontece.com.br\/?p=5565\"]}]},{\"@type\":\"ImageObject\",\"inLanguage\":\"pt-BR\",\"@id\":\"https:\/\/sudoesteacontece.com.br\/?p=5565#primaryimage\",\"url\":\"https:\/\/sudoesteacontece.com.br\/wp-content\/uploads\/2026\/01\/Prefeitura-confirma-Carnaval-2026-em-Brumado-e-anuncia-data-oficial-da-folia-sudoeste-acontece.jpg\",\"contentUrl\":\"https:\/\/sudoesteacontece.com.br\/wp-content\/uploads\/2026\/01\/Prefeitura-confirma-Carnaval-2026-em-Brumado-e-anuncia-data-oficial-da-folia-sudoeste-acontece.jpg\",\"width\":900,\"height\":600},{\"@type\":\"BreadcrumbList\",\"@id\":\"https:\/\/sudoesteacontece.com.br\/?p=5565#breadcrumb\",\"itemListElement\":[{\"@type\":\"ListItem\",\"position\":1,\"name\":\"In\u00edcio\",\"item\":\"https:\/\/sudoesteacontece.com.br\/\"},{\"@type\":\"ListItem\",\"position\":2,\"name\":\"Prefeitura confirma Carnaval 2026 em Brumado e anuncia data oficial da folia\"}]},{\"@type\":\"WebSite\",\"@id\":\"https:\/\/sudoesteacontece.com.br\/#website\",\"url\":\"https:\/\/sudoesteacontece.com.br\/\",\"name\":\"Sudoesteacontece\",\"description\":\"\",\"publisher\":{\"@id\":\"https:\/\/sudoesteacontece.com.br\/#organization\"},\"potentialAction\":[{\"@type\":\"SearchAction\",\"target\":{\"@type\":\"EntryPoint\",\"urlTemplate\":\"https:\/\/sudoesteacontece.com.br\/?s={search_term_string}\"},\"query-input\":{\"@type\":\"PropertyValueSpecification\",\"valueRequired\":true,\"valueName\":\"search_term_string\"}}],\"inLanguage\":\"pt-BR\"},{\"@type\":\"Organization\",\"@id\":\"https:\/\/sudoesteacontece.com.br\/#organization\",\"name\":\"Sudoesteacontece\",\"url\":\"https:\/\/sudoesteacontece.com.br\/\",\"logo\":{\"@type\":\"ImageObject\",\"inLanguage\":\"pt-BR\",\"@id\":\"https:\/\/sudoesteacontece.com.br\/#\/schema\/logo\/image\/\",\"url\":\"https:\/\/sudoesteacontece.com.br\/wp-content\/uploads\/2025\/12\/cropped-logo-2-180x180-1.png\",\"contentUrl\":\"https:\/\/sudoesteacontece.com.br\/wp-content\/uploads\/2025\/12\/cropped-logo-2-180x180-1.png\",\"width\":180,\"height\":180,\"caption\":\"Sudoesteacontece\"},\"image\":{\"@id\":\"https:\/\/sudoesteacontece.com.br\/#\/schema\/logo\/image\/\"},\"sameAs\":[\"https:\/\/www.facebook.com\/sudoesteacontece\/?locale=pt_BR\"]},{\"@type\":\"Person\",\"@id\":\"https:\/\/sudoesteacontece.com.br\/#\/schema\/person\/a4f22429c1d0923ef8f7d43343f8dc38\",\"name\":\"Reda\u00e7\u00e3o\",\"image\":{\"@type\":\"ImageObject\",\"inLanguage\":\"pt-BR\",\"@id\":\"https:\/\/sudoesteacontece.com.br\/#\/schema\/person\/image\/\",\"url\":\"https:\/\/secure.gravatar.com\/avatar\/c3a5b3c93f268a709c25a2df414c629a96fb3b1b4bf97a94fb3f72e54ae76903?s=96&d=mm&r=g\",\"contentUrl\":\"https:\/\/secure.gravatar.com\/avatar\/c3a5b3c93f268a709c25a2df414c629a96fb3b1b4bf97a94fb3f72e54ae76903?s=96&d=mm&r=g\",\"caption\":\"Reda\u00e7\u00e3o\"},\"url\":\"https:\/\/sudoesteacontece.com.br\/?author=4\"}]}<\/script>\n<!-- \/ Yoast SEO plugin. -->","yoast_head_json":{"title":"Prefeitura confirma Carnaval 2026 em Brumado e anuncia data oficial da folia - Sudoesteacontece","robots":{"index":"index","follow":"follow","max-snippet":"max-snippet:-1","max-image-preview":"max-image-preview:large","max-video-preview":"max-video-preview:-1"},"canonical":"https:\/\/sudoesteacontece.com.br\/?p=5565","og_locale":"pt_BR","og_type":"article","og_title":"Prefeitura confirma Carnaval 2026 em Brumado e anuncia data oficial da folia - Sudoesteacontece","og_description":"Confirma\u00e7\u00e3o do Carnaval 2026 em Brumado foi feita nesta ter\u00e7a-feira (6) pela prefeitura. A festa acontecer\u00e1 entre os dias 13 e 17 de fevereiro, dentro do calend\u00e1rio oficial da folia. O an\u00fancio marca o retorno do evento ao calend\u00e1rio cultural e simboliza a retomada de uma tradi\u00e7\u00e3o hist\u00f3rica da cidade. Segundo apura\u00e7\u00e3o da reportagem, o prefeito Fabr\u00edcio Abrantes vai realizar a volta oficial do Carnaval de Brumado, compromisso assumido ainda na campanha. A gest\u00e3o municipal trata a folia como prioridade e aposta no evento como instrumento de valoriza\u00e7\u00e3o cultural, lazer e fortalecimento da identidade local. Recursos para o Carnaval j\u00e1 come\u00e7aram a ser assegurados. O Governo da Bahia confirmou o repasse de R$ 700 mil, com expectativa de novos an\u00fancios por parte do governador Jer\u00f4nimo Rodrigues. O investimento deve garantir estrutura, atra\u00e7\u00f5es e seguran\u00e7a para receber um grande p\u00fablico. Enquanto isso, a prefeitura conclui o processo licitat\u00f3rio para contrata\u00e7\u00e3o de trios el\u00e9tricos e montagem da estrutura. A meta do prefeito \u00e9 clara: recolocar Brumado entre os melhores carnavais do interior da Bahia, impulsionando o turismo, movimentando a economia e devolvendo o protagonismo da festa \u00e0 capital do min\u00e9rio.","og_url":"https:\/\/sudoesteacontece.com.br\/?p=5565","og_site_name":"Sudoesteacontece","article_publisher":"https:\/\/www.facebook.com\/sudoesteacontece\/?locale=pt_BR","article_published_time":"2026-01-07T13:42:10+00:00","article_modified_time":"2026-01-07T13:42:11+00:00","og_image":[{"width":900,"height":600,"url":"https:\/\/sudoesteacontece.com.br\/wp-content\/uploads\/2026\/01\/Prefeitura-confirma-Carnaval-2026-em-Brumado-e-anuncia-data-oficial-da-folia-sudoeste-acontece.jpg","type":"image\/jpeg"}],"author":"Reda\u00e7\u00e3o","twitter_card":"summary_large_image","twitter_misc":{"Escrito por":"Reda\u00e7\u00e3o","Est. tempo de leitura":"2 minutos"},"schema":{"@context":"https:\/\/schema.org","@graph":[{"@type":"Article","@id":"https:\/\/sudoesteacontece.com.br\/?p=5565#article","isPartOf":{"@id":"https:\/\/sudoesteacontece.com.br\/?p=5565"},"author":{"name":"Reda\u00e7\u00e3o","@id":"https:\/\/sudoesteacontece.com.br\/#\/schema\/person\/a4f22429c1d0923ef8f7d43343f8dc38"},"headline":"Prefeitura confirma Carnaval 2026 em Brumado e anuncia data oficial da folia","datePublished":"2026-01-07T13:42:10+00:00","dateModified":"2026-01-07T13:42:11+00:00","mainEntityOfPage":{"@id":"https:\/\/sudoesteacontece.com.br\/?p=5565"},"wordCount":213,"commentCount":0,"publisher":{"@id":"https:\/\/sudoesteacontece.com.br\/#organization"},"image":{"@id":"https:\/\/sudoesteacontece.com.br\/?p=5565#primaryimage"},"thumbnailUrl":"https:\/\/sudoesteacontece.com.br\/wp-content\/uploads\/2026\/01\/Prefeitura-confirma-Carnaval-2026-em-Brumado-e-anuncia-data-oficial-da-folia-sudoeste-acontece.jpg","articleSection":["Brumado","Cidades","Pol\u00edtica"],"inLanguage":"pt-BR","potentialAction":[{"@type":"CommentAction","name":"Comment","target":["https:\/\/sudoesteacontece.com.br\/?p=5565#respond"]}]},{"@type":"WebPage","@id":"https:\/\/sudoesteacontece.com.br\/?p=5565","url":"https:\/\/sudoesteacontece.com.br\/?p=5565","name":"Prefeitura confirma Carnaval 2026 em Brumado e anuncia data oficial da folia - Sudoesteacontece","isPartOf":{"@id":"https:\/\/sudoesteacontece.com.br\/#website"},"primaryImageOfPage":{"@id":"https:\/\/sudoesteacontece.com.br\/?p=5565#primaryimage"},"image":{"@id":"https:\/\/sudoesteacontece.com.br\/?p=5565#primaryimage"},"thumbnailUrl":"https:\/\/sudoesteacontece.com.br\/wp-content\/uploads\/2026\/01\/Prefeitura-confirma-Carnaval-2026-em-Brumado-e-anuncia-data-oficial-da-folia-sudoeste-acontece.jpg","datePublished":"2026-01-07T13:42:10+00:00","dateModified":"2026-01-07T13:42:11+00:00","breadcrumb":{"@id":"https:\/\/sudoesteacontece.com.br\/?p=5565#breadcrumb"},"inLanguage":"pt-BR","potentialAction":[{"@type":"ReadAction","target":["https:\/\/sudoesteacontece.com.br\/?p=5565"]}]},{"@type":"ImageObject","inLanguage":"pt-BR","@id":"https:\/\/sudoesteacontece.com.br\/?p=5565#primaryimage","url":"https:\/\/sudoesteacontece.com.br\/wp-content\/uploads\/2026\/01\/Prefeitura-confirma-Carnaval-2026-em-Brumado-e-anuncia-data-oficial-da-folia-sudoeste-acontece.jpg","contentUrl":"https:\/\/sudoesteacontece.com.br\/wp-content\/uploads\/2026\/01\/Prefeitura-confirma-Carnaval-2026-em-Brumado-e-anuncia-data-oficial-da-folia-sudoeste-acontece.jpg","width":900,"height":600},{"@type":"BreadcrumbList","@id":"https:\/\/sudoesteacontece.com.br\/?p=5565#breadcrumb","itemListElement":[{"@type":"ListItem","position":1,"name":"In\u00edcio","item":"https:\/\/sudoesteacontece.com.br\/"},{"@type":"ListItem","position":2,"name":"Prefeitura confirma Carnaval 2026 em Brumado e anuncia data oficial da folia"}]},{"@type":"WebSite","@id":"https:\/\/sudoesteacontece.com.br\/#website","url":"https:\/\/sudoesteacontece.com.br\/","name":"Sudoesteacontece","description":"","publisher":{"@id":"https:\/\/sudoesteacontece.com.br\/#organization"},"potentialAction":[{"@type":"SearchAction","target":{"@type":"EntryPoint","urlTemplate":"https:\/\/sudoesteacontece.com.br\/?s={search_term_string}"},"query-input":{"@type":"PropertyValueSpecification","valueRequired":true,"valueName":"search_term_string"}}],"inLanguage":"pt-BR"},{"@type":"Organization","@id":"https:\/\/sudoesteacontece.com.br\/#organization","name":"Sudoesteacontece","url":"https:\/\/sudoesteacontece.com.br\/","logo":{"@type":"ImageObject","inLanguage":"pt-BR","@id":"https:\/\/sudoesteacontece.com.br\/#\/schema\/logo\/image\/","url":"https:\/\/sudoesteacontece.com.br\/wp-content\/uploads\/2025\/12\/cropped-logo-2-180x180-1.png","contentUrl":"https:\/\/sudoesteacontece.com.br\/wp-content\/uploads\/2025\/12\/cropped-logo-2-180x180-1.png","width":180,"height":180,"caption":"Sudoesteacontece"},"image":{"@id":"https:\/\/sudoesteacontece.com.br\/#\/schema\/logo\/image\/"},"sameAs":["https:\/\/www.facebook.com\/sudoesteacontece\/?locale=pt_BR"]},{"@type":"Person","@id":"https:\/\/sudoesteacontece.com.br\/#\/schema\/person\/a4f22429c1d0923ef8f7d43343f8dc38","name":"Reda\u00e7\u00e3o","image":{"@type":"ImageObject","inLanguage":"pt-BR","@id":"https:\/\/sudoesteacontece.com.br\/#\/schema\/person\/image\/","url":"https:\/\/secure.gravatar.com\/avatar\/c3a5b3c93f268a709c25a2df414c629a96fb3b1b4bf97a94fb3f72e54ae76903?s=96&d=mm&r=g","contentUrl":"https:\/\/secure.gravatar.com\/avatar\/c3a5b3c93f268a709c25a2df414c629a96fb3b1b4bf97a94fb3f72e54ae76903?s=96&d=mm&r=g","caption":"Reda\u00e7\u00e3o"},"url":"https:\/\/sudoesteacontece.com.br\/?author=4"}]}},"_links":{"self":[{"href":"https:\/\/sudoesteacontece.com.br\/index.php?rest_route=\/wp\/v2\/posts\/5565","targetHints":{"allow":["GET"]}}],"collection":[{"href":"https:\/\/sudoesteacontece.com.br\/index.php?rest_route=\/wp\/v2\/posts"}],"about":[{"href":"https:\/\/sudoesteacontece.com.br\/index.php?rest_route=\/wp\/v2\/types\/post"}],"author":[{"embeddable":true,"href":"https:\/\/sudoesteacontece.com.br\/index.php?rest_route=\/wp\/v2\/users\/4"}],"replies":[{"embeddable":true,"href":"https:\/\/sudoesteacontece.com.br\/index.php?rest_route=%2Fwp%2Fv2%2Fcomments&post=5565"}],"version-history":[{"count":0,"href":"https:\/\/sudoesteacontece.com.br\/index.php?rest_route=\/wp\/v2\/posts\/5565\/revisions"}],"wp:featuredmedia":[{"embeddable":true,"href":"https:\/\/sudoesteacontece.com.br\/index.php?rest_route=\/wp\/v2\/media\/5592"}],"wp:attachment":[{"href":"https:\/\/sudoesteacontece.com.br\/index.php?rest_route=%2Fwp%2Fv2%2Fmedia&parent=5565"}],"wp:term":[{"taxonomy":"category","embeddable":true,"href":"https:\/\/sudoesteacontece.com.br\/index.php?rest_route=%2Fwp%2Fv2%2Fcategories&post=5565"},{"taxonomy":"post_tag","embeddable":true,"href":"https:\/\/sudoesteacontece.com.br\/index.php?rest_route=%2Fwp%2Fv2%2Ftags&post=5565"}],"curies":[{"name":"wp","href":"https:\/\/api.w.org\/{rel}","templated":true}]}}