{"id":5649,"date":"2026-01-08T10:11:39","date_gmt":"2026-01-08T13:11:39","guid":{"rendered":"https:\/\/sudoesteacontece.com.br\/?p=5649"},"modified":"2026-01-08T10:11:41","modified_gmt":"2026-01-08T13:11:41","slug":"brumado-abre-matriculas-da-rede-municipal-e-secretaria-reforca-prazos-para-2026","status":"publish","type":"post","link":"https:\/\/sudoesteacontece.com.br\/?p=5649","title":{"rendered":"Brumado abre matr\u00edculas da rede municipal e secret\u00e1ria refor\u00e7a prazos para 2026"},"content":{"rendered":"<div class=\"wp-block-image\">\n<figure class=\"aligncenter size-full\"><img fetchpriority=\"high\" decoding=\"async\" width=\"900\" height=\"600\" src=\"http:\/\/sudoesteacontece.com.br\/wp-content\/uploads\/2026\/01\/secretaRIA-ANA-CRISTINA-EDUCACAO.jpg\" alt=\"\" class=\"wp-image-5670\" srcset=\"https:\/\/sudoesteacontece.com.br\/wp-content\/uploads\/2026\/01\/secretaRIA-ANA-CRISTINA-EDUCACAO.jpg 900w, https:\/\/sudoesteacontece.com.br\/wp-content\/uploads\/2026\/01\/secretaRIA-ANA-CRISTINA-EDUCACAO-300x200.jpg 300w, https:\/\/sudoesteacontece.com.br\/wp-content\/uploads\/2026\/01\/secretaRIA-ANA-CRISTINA-EDUCACAO-768x512.jpg 768w\" sizes=\"(max-width: 900px) 100vw, 900px\" \/><\/figure>\n<\/div>\n\n\n<p>Brumado divulgou o cronograma oficial de matr\u00edculas da rede municipal de ensino para 2026. A secret\u00e1ria Ana Cristina refor\u00e7ou o convite aos pais e respons\u00e1veis para ficarem atentos \u00e0s datas e n\u00e3o perderem os prazos. Segundo ela, acompanhar o calend\u00e1rio \u00e9 essencial para garantir a vaga dos alunos.<\/p>\n\n\n\n<p>Calend\u00e1rio inclui renova\u00e7\u00e3o de matr\u00edculas, balan\u00e7o de vagas, inscri\u00e7\u00f5es para o sorteio eletr\u00f4nico e in\u00edcio das matr\u00edculas para novos estudantes. Nos dias 12 e 13 de janeiro, a renova\u00e7\u00e3o ser\u00e1 feita nas escolas da sede e da zona rural, garantindo prioridade aos alunos veteranos da rede municipal de ensino.<\/p>\n\n\n\n<p>Balan\u00e7o de vagas ocorrer\u00e1 em 14 de janeiro, com divulga\u00e7\u00e3o imediata do quantitativo dispon\u00edvel por turma e unidade escolar. Na sede, inscri\u00e7\u00f5es para o sorteio eletr\u00f4nico ser\u00e3o nos dias 15, 16 e 21 de janeiro, enquanto na zona rural, as vagas ser\u00e3o divulgadas no dia 15, com in\u00edcio das matr\u00edculas no dia seguinte.<\/p>\n\n\n\n<p>Sorteio eletr\u00f4nico presencial acontece em 22 de janeiro, no turno da manh\u00e3, com impress\u00e3o das listas de alunos sorteados e n\u00e3o sorteados em cada escola. Matr\u00edculas dos alunos contemplados ser\u00e3o entre 23 e 26 de janeiro, garantindo organiza\u00e7\u00e3o e transpar\u00eancia no processo educacional do munic\u00edpio.<\/p>\n\n\n\n<p>Alunos que n\u00e3o forem sorteados ou perderem os prazos devem comparecer em 23 de janeiro, pela manh\u00e3, ao audit\u00f3rio da Escola Clarice Morais, para defini\u00e7\u00e3o de vaga junto \u00e0 Secretaria Municipal de Educa\u00e7\u00e3o. Atendimento nas unidades escolares ocorrer\u00e1 das 8h \u00e0s 14h, conforme o cronograma.<\/p>\n\n\n\n<p>Secret\u00e1ria Ana Cristina alertou que quem n\u00e3o renovar matr\u00edcula dentro do prazo ser\u00e1 inclu\u00eddo automaticamente no sorteio da pr\u00f3pria escola. Para participar, \u00e9 necess\u00e1rio apresentar documento do aluno, RG do respons\u00e1vel e declara\u00e7\u00e3o da escola anterior. Distribui\u00e7\u00e3o do fardamento seguir\u00e1 datas espec\u00edficas, separando veteranos e novatos.<\/p>\n","protected":false},"excerpt":{"rendered":"<p>Brumado divulgou o cronograma oficial de matr\u00edculas da rede municipal de ensino para 2026. A secret\u00e1ria Ana Cristina refor\u00e7ou o convite aos pais e respons\u00e1veis para ficarem atentos \u00e0s datas e n\u00e3o perderem os prazos. Segundo ela, acompanhar o calend\u00e1rio \u00e9 essencial para garantir a vaga dos alunos. Calend\u00e1rio inclui renova\u00e7\u00e3o de matr\u00edculas, balan\u00e7o de vagas, inscri\u00e7\u00f5es para o sorteio eletr\u00f4nico e in\u00edcio das matr\u00edculas para novos estudantes. Nos dias 12 e 13 de janeiro, a renova\u00e7\u00e3o ser\u00e1 feita nas escolas da sede e da zona rural, garantindo prioridade aos alunos veteranos da rede municipal de ensino. Balan\u00e7o de vagas ocorrer\u00e1 em 14 de janeiro, com divulga\u00e7\u00e3o imediata do quantitativo dispon\u00edvel por turma e unidade escolar. Na sede, inscri\u00e7\u00f5es para o sorteio eletr\u00f4nico ser\u00e3o nos dias 15, 16 e 21 de janeiro, enquanto na zona rural, as vagas ser\u00e3o divulgadas no dia 15, com in\u00edcio das matr\u00edculas no dia seguinte. Sorteio eletr\u00f4nico presencial acontece em 22 de janeiro, no turno da manh\u00e3, com impress\u00e3o das listas de alunos sorteados e n\u00e3o sorteados em cada escola. Matr\u00edculas dos alunos contemplados ser\u00e3o entre 23 e 26 de janeiro, garantindo organiza\u00e7\u00e3o e transpar\u00eancia no processo educacional do munic\u00edpio. Alunos que n\u00e3o forem sorteados ou perderem os prazos devem comparecer em 23 de janeiro, pela manh\u00e3, ao audit\u00f3rio da Escola Clarice Morais, para defini\u00e7\u00e3o de vaga junto \u00e0 Secretaria Municipal de Educa\u00e7\u00e3o. Atendimento nas unidades escolares ocorrer\u00e1 das 8h \u00e0s 14h, conforme o cronograma. Secret\u00e1ria Ana Cristina alertou que quem n\u00e3o renovar matr\u00edcula dentro do prazo ser\u00e1 inclu\u00eddo automaticamente no sorteio da pr\u00f3pria escola. Para participar, \u00e9 necess\u00e1rio apresentar documento do aluno, RG do respons\u00e1vel e declara\u00e7\u00e3o da escola anterior. Distribui\u00e7\u00e3o do fardamento seguir\u00e1 datas espec\u00edficas, separando veteranos e novatos.<\/p>\n","protected":false},"author":4,"featured_media":5670,"comment_status":"open","ping_status":"open","sticky":false,"template":"","format":"standard","meta":{"footnotes":""},"categories":[10,43,6],"tags":[],"class_list":["post-5649","post","type-post","status-publish","format-standard","has-post-thumbnail","hentry","category-brumado","category-educacao","category-politica"],"yoast_head":"<!-- This site is optimized with the Yoast SEO plugin v26.5 - https:\/\/yoast.com\/wordpress\/plugins\/seo\/ -->\n<title>Brumado abre matr\u00edculas da rede municipal e secret\u00e1ria refor\u00e7a prazos para 2026 - Sudoesteacontece<\/title>\n<meta name=\"robots\" content=\"index, follow, max-snippet:-1, max-image-preview:large, max-video-preview:-1\" \/>\n<link rel=\"canonical\" href=\"https:\/\/sudoesteacontece.com.br\/?p=5649\" \/>\n<meta property=\"og:locale\" content=\"pt_BR\" \/>\n<meta property=\"og:type\" content=\"article\" \/>\n<meta property=\"og:title\" content=\"Brumado abre matr\u00edculas da rede municipal e secret\u00e1ria refor\u00e7a prazos para 2026 - Sudoesteacontece\" \/>\n<meta property=\"og:description\" content=\"Brumado divulgou o cronograma oficial de matr\u00edculas da rede municipal de ensino para 2026. A secret\u00e1ria Ana Cristina refor\u00e7ou o convite aos pais e respons\u00e1veis para ficarem atentos \u00e0s datas e n\u00e3o perderem os prazos. Segundo ela, acompanhar o calend\u00e1rio \u00e9 essencial para garantir a vaga dos alunos. Calend\u00e1rio inclui renova\u00e7\u00e3o de matr\u00edculas, balan\u00e7o de vagas, inscri\u00e7\u00f5es para o sorteio eletr\u00f4nico e in\u00edcio das matr\u00edculas para novos estudantes. Nos dias 12 e 13 de janeiro, a renova\u00e7\u00e3o ser\u00e1 feita nas escolas da sede e da zona rural, garantindo prioridade aos alunos veteranos da rede municipal de ensino. Balan\u00e7o de vagas ocorrer\u00e1 em 14 de janeiro, com divulga\u00e7\u00e3o imediata do quantitativo dispon\u00edvel por turma e unidade escolar. Na sede, inscri\u00e7\u00f5es para o sorteio eletr\u00f4nico ser\u00e3o nos dias 15, 16 e 21 de janeiro, enquanto na zona rural, as vagas ser\u00e3o divulgadas no dia 15, com in\u00edcio das matr\u00edculas no dia seguinte. Sorteio eletr\u00f4nico presencial acontece em 22 de janeiro, no turno da manh\u00e3, com impress\u00e3o das listas de alunos sorteados e n\u00e3o sorteados em cada escola. Matr\u00edculas dos alunos contemplados ser\u00e3o entre 23 e 26 de janeiro, garantindo organiza\u00e7\u00e3o e transpar\u00eancia no processo educacional do munic\u00edpio. Alunos que n\u00e3o forem sorteados ou perderem os prazos devem comparecer em 23 de janeiro, pela manh\u00e3, ao audit\u00f3rio da Escola Clarice Morais, para defini\u00e7\u00e3o de vaga junto \u00e0 Secretaria Municipal de Educa\u00e7\u00e3o. Atendimento nas unidades escolares ocorrer\u00e1 das 8h \u00e0s 14h, conforme o cronograma. Secret\u00e1ria Ana Cristina alertou que quem n\u00e3o renovar matr\u00edcula dentro do prazo ser\u00e1 inclu\u00eddo automaticamente no sorteio da pr\u00f3pria escola. Para participar, \u00e9 necess\u00e1rio apresentar documento do aluno, RG do respons\u00e1vel e declara\u00e7\u00e3o da escola anterior. Distribui\u00e7\u00e3o do fardamento seguir\u00e1 datas espec\u00edficas, separando veteranos e novatos.\" \/>\n<meta property=\"og:url\" content=\"https:\/\/sudoesteacontece.com.br\/?p=5649\" \/>\n<meta property=\"og:site_name\" content=\"Sudoesteacontece\" \/>\n<meta property=\"article:publisher\" content=\"https:\/\/www.facebook.com\/sudoesteacontece\/?locale=pt_BR\" \/>\n<meta property=\"article:published_time\" content=\"2026-01-08T13:11:39+00:00\" \/>\n<meta property=\"article:modified_time\" content=\"2026-01-08T13:11:41+00:00\" \/>\n<meta property=\"og:image\" content=\"https:\/\/sudoesteacontece.com.br\/wp-content\/uploads\/2026\/01\/secretaRIA-ANA-CRISTINA-EDUCACAO.jpg\" \/>\n\t<meta property=\"og:image:width\" content=\"900\" \/>\n\t<meta property=\"og:image:height\" content=\"600\" \/>\n\t<meta property=\"og:image:type\" content=\"image\/jpeg\" \/>\n<meta name=\"author\" content=\"Reda\u00e7\u00e3o\" \/>\n<meta name=\"twitter:card\" content=\"summary_large_image\" \/>\n<meta name=\"twitter:label1\" content=\"Escrito por\" \/>\n\t<meta name=\"twitter:data1\" content=\"Reda\u00e7\u00e3o\" \/>\n\t<meta name=\"twitter:label2\" content=\"Est. tempo de leitura\" \/>\n\t<meta name=\"twitter:data2\" content=\"2 minutos\" \/>\n<script type=\"application\/ld+json\" class=\"yoast-schema-graph\">{\"@context\":\"https:\/\/schema.org\",\"@graph\":[{\"@type\":\"Article\",\"@id\":\"https:\/\/sudoesteacontece.com.br\/?p=5649#article\",\"isPartOf\":{\"@id\":\"https:\/\/sudoesteacontece.com.br\/?p=5649\"},\"author\":{\"name\":\"Reda\u00e7\u00e3o\",\"@id\":\"https:\/\/sudoesteacontece.com.br\/#\/schema\/person\/a4f22429c1d0923ef8f7d43343f8dc38\"},\"headline\":\"Brumado abre matr\u00edculas da rede municipal e secret\u00e1ria refor\u00e7a prazos para 2026\",\"datePublished\":\"2026-01-08T13:11:39+00:00\",\"dateModified\":\"2026-01-08T13:11:41+00:00\",\"mainEntityOfPage\":{\"@id\":\"https:\/\/sudoesteacontece.com.br\/?p=5649\"},\"wordCount\":331,\"commentCount\":0,\"publisher\":{\"@id\":\"https:\/\/sudoesteacontece.com.br\/#organization\"},\"image\":{\"@id\":\"https:\/\/sudoesteacontece.com.br\/?p=5649#primaryimage\"},\"thumbnailUrl\":\"https:\/\/sudoesteacontece.com.br\/wp-content\/uploads\/2026\/01\/secretaRIA-ANA-CRISTINA-EDUCACAO.jpg\",\"articleSection\":[\"Brumado\",\"Educa\u00e7\u00e3o\",\"Pol\u00edtica\"],\"inLanguage\":\"pt-BR\",\"potentialAction\":[{\"@type\":\"CommentAction\",\"name\":\"Comment\",\"target\":[\"https:\/\/sudoesteacontece.com.br\/?p=5649#respond\"]}]},{\"@type\":\"WebPage\",\"@id\":\"https:\/\/sudoesteacontece.com.br\/?p=5649\",\"url\":\"https:\/\/sudoesteacontece.com.br\/?p=5649\",\"name\":\"Brumado abre matr\u00edculas da rede municipal e secret\u00e1ria refor\u00e7a prazos para 2026 - Sudoesteacontece\",\"isPartOf\":{\"@id\":\"https:\/\/sudoesteacontece.com.br\/#website\"},\"primaryImageOfPage\":{\"@id\":\"https:\/\/sudoesteacontece.com.br\/?p=5649#primaryimage\"},\"image\":{\"@id\":\"https:\/\/sudoesteacontece.com.br\/?p=5649#primaryimage\"},\"thumbnailUrl\":\"https:\/\/sudoesteacontece.com.br\/wp-content\/uploads\/2026\/01\/secretaRIA-ANA-CRISTINA-EDUCACAO.jpg\",\"datePublished\":\"2026-01-08T13:11:39+00:00\",\"dateModified\":\"2026-01-08T13:11:41+00:00\",\"breadcrumb\":{\"@id\":\"https:\/\/sudoesteacontece.com.br\/?p=5649#breadcrumb\"},\"inLanguage\":\"pt-BR\",\"potentialAction\":[{\"@type\":\"ReadAction\",\"target\":[\"https:\/\/sudoesteacontece.com.br\/?p=5649\"]}]},{\"@type\":\"ImageObject\",\"inLanguage\":\"pt-BR\",\"@id\":\"https:\/\/sudoesteacontece.com.br\/?p=5649#primaryimage\",\"url\":\"https:\/\/sudoesteacontece.com.br\/wp-content\/uploads\/2026\/01\/secretaRIA-ANA-CRISTINA-EDUCACAO.jpg\",\"contentUrl\":\"https:\/\/sudoesteacontece.com.br\/wp-content\/uploads\/2026\/01\/secretaRIA-ANA-CRISTINA-EDUCACAO.jpg\",\"width\":900,\"height\":600},{\"@type\":\"BreadcrumbList\",\"@id\":\"https:\/\/sudoesteacontece.com.br\/?p=5649#breadcrumb\",\"itemListElement\":[{\"@type\":\"ListItem\",\"position\":1,\"name\":\"In\u00edcio\",\"item\":\"https:\/\/sudoesteacontece.com.br\/\"},{\"@type\":\"ListItem\",\"position\":2,\"name\":\"Brumado abre matr\u00edculas da rede municipal e secret\u00e1ria refor\u00e7a prazos para 2026\"}]},{\"@type\":\"WebSite\",\"@id\":\"https:\/\/sudoesteacontece.com.br\/#website\",\"url\":\"https:\/\/sudoesteacontece.com.br\/\",\"name\":\"Sudoesteacontece\",\"description\":\"\",\"publisher\":{\"@id\":\"https:\/\/sudoesteacontece.com.br\/#organization\"},\"potentialAction\":[{\"@type\":\"SearchAction\",\"target\":{\"@type\":\"EntryPoint\",\"urlTemplate\":\"https:\/\/sudoesteacontece.com.br\/?s={search_term_string}\"},\"query-input\":{\"@type\":\"PropertyValueSpecification\",\"valueRequired\":true,\"valueName\":\"search_term_string\"}}],\"inLanguage\":\"pt-BR\"},{\"@type\":\"Organization\",\"@id\":\"https:\/\/sudoesteacontece.com.br\/#organization\",\"name\":\"Sudoesteacontece\",\"url\":\"https:\/\/sudoesteacontece.com.br\/\",\"logo\":{\"@type\":\"ImageObject\",\"inLanguage\":\"pt-BR\",\"@id\":\"https:\/\/sudoesteacontece.com.br\/#\/schema\/logo\/image\/\",\"url\":\"https:\/\/sudoesteacontece.com.br\/wp-content\/uploads\/2025\/12\/cropped-logo-2-180x180-1.png\",\"contentUrl\":\"https:\/\/sudoesteacontece.com.br\/wp-content\/uploads\/2025\/12\/cropped-logo-2-180x180-1.png\",\"width\":180,\"height\":180,\"caption\":\"Sudoesteacontece\"},\"image\":{\"@id\":\"https:\/\/sudoesteacontece.com.br\/#\/schema\/logo\/image\/\"},\"sameAs\":[\"https:\/\/www.facebook.com\/sudoesteacontece\/?locale=pt_BR\"]},{\"@type\":\"Person\",\"@id\":\"https:\/\/sudoesteacontece.com.br\/#\/schema\/person\/a4f22429c1d0923ef8f7d43343f8dc38\",\"name\":\"Reda\u00e7\u00e3o\",\"image\":{\"@type\":\"ImageObject\",\"inLanguage\":\"pt-BR\",\"@id\":\"https:\/\/sudoesteacontece.com.br\/#\/schema\/person\/image\/\",\"url\":\"https:\/\/secure.gravatar.com\/avatar\/c3a5b3c93f268a709c25a2df414c629a96fb3b1b4bf97a94fb3f72e54ae76903?s=96&d=mm&r=g\",\"contentUrl\":\"https:\/\/secure.gravatar.com\/avatar\/c3a5b3c93f268a709c25a2df414c629a96fb3b1b4bf97a94fb3f72e54ae76903?s=96&d=mm&r=g\",\"caption\":\"Reda\u00e7\u00e3o\"},\"url\":\"https:\/\/sudoesteacontece.com.br\/?author=4\"}]}<\/script>\n<!-- \/ Yoast SEO plugin. -->","yoast_head_json":{"title":"Brumado abre matr\u00edculas da rede municipal e secret\u00e1ria refor\u00e7a prazos para 2026 - Sudoesteacontece","robots":{"index":"index","follow":"follow","max-snippet":"max-snippet:-1","max-image-preview":"max-image-preview:large","max-video-preview":"max-video-preview:-1"},"canonical":"https:\/\/sudoesteacontece.com.br\/?p=5649","og_locale":"pt_BR","og_type":"article","og_title":"Brumado abre matr\u00edculas da rede municipal e secret\u00e1ria refor\u00e7a prazos para 2026 - Sudoesteacontece","og_description":"Brumado divulgou o cronograma oficial de matr\u00edculas da rede municipal de ensino para 2026. A secret\u00e1ria Ana Cristina refor\u00e7ou o convite aos pais e respons\u00e1veis para ficarem atentos \u00e0s datas e n\u00e3o perderem os prazos. Segundo ela, acompanhar o calend\u00e1rio \u00e9 essencial para garantir a vaga dos alunos. Calend\u00e1rio inclui renova\u00e7\u00e3o de matr\u00edculas, balan\u00e7o de vagas, inscri\u00e7\u00f5es para o sorteio eletr\u00f4nico e in\u00edcio das matr\u00edculas para novos estudantes. Nos dias 12 e 13 de janeiro, a renova\u00e7\u00e3o ser\u00e1 feita nas escolas da sede e da zona rural, garantindo prioridade aos alunos veteranos da rede municipal de ensino. Balan\u00e7o de vagas ocorrer\u00e1 em 14 de janeiro, com divulga\u00e7\u00e3o imediata do quantitativo dispon\u00edvel por turma e unidade escolar. Na sede, inscri\u00e7\u00f5es para o sorteio eletr\u00f4nico ser\u00e3o nos dias 15, 16 e 21 de janeiro, enquanto na zona rural, as vagas ser\u00e3o divulgadas no dia 15, com in\u00edcio das matr\u00edculas no dia seguinte. Sorteio eletr\u00f4nico presencial acontece em 22 de janeiro, no turno da manh\u00e3, com impress\u00e3o das listas de alunos sorteados e n\u00e3o sorteados em cada escola. Matr\u00edculas dos alunos contemplados ser\u00e3o entre 23 e 26 de janeiro, garantindo organiza\u00e7\u00e3o e transpar\u00eancia no processo educacional do munic\u00edpio. Alunos que n\u00e3o forem sorteados ou perderem os prazos devem comparecer em 23 de janeiro, pela manh\u00e3, ao audit\u00f3rio da Escola Clarice Morais, para defini\u00e7\u00e3o de vaga junto \u00e0 Secretaria Municipal de Educa\u00e7\u00e3o. Atendimento nas unidades escolares ocorrer\u00e1 das 8h \u00e0s 14h, conforme o cronograma. Secret\u00e1ria Ana Cristina alertou que quem n\u00e3o renovar matr\u00edcula dentro do prazo ser\u00e1 inclu\u00eddo automaticamente no sorteio da pr\u00f3pria escola. Para participar, \u00e9 necess\u00e1rio apresentar documento do aluno, RG do respons\u00e1vel e declara\u00e7\u00e3o da escola anterior. Distribui\u00e7\u00e3o do fardamento seguir\u00e1 datas espec\u00edficas, separando veteranos e novatos.","og_url":"https:\/\/sudoesteacontece.com.br\/?p=5649","og_site_name":"Sudoesteacontece","article_publisher":"https:\/\/www.facebook.com\/sudoesteacontece\/?locale=pt_BR","article_published_time":"2026-01-08T13:11:39+00:00","article_modified_time":"2026-01-08T13:11:41+00:00","og_image":[{"width":900,"height":600,"url":"https:\/\/sudoesteacontece.com.br\/wp-content\/uploads\/2026\/01\/secretaRIA-ANA-CRISTINA-EDUCACAO.jpg","type":"image\/jpeg"}],"author":"Reda\u00e7\u00e3o","twitter_card":"summary_large_image","twitter_misc":{"Escrito por":"Reda\u00e7\u00e3o","Est. tempo de leitura":"2 minutos"},"schema":{"@context":"https:\/\/schema.org","@graph":[{"@type":"Article","@id":"https:\/\/sudoesteacontece.com.br\/?p=5649#article","isPartOf":{"@id":"https:\/\/sudoesteacontece.com.br\/?p=5649"},"author":{"name":"Reda\u00e7\u00e3o","@id":"https:\/\/sudoesteacontece.com.br\/#\/schema\/person\/a4f22429c1d0923ef8f7d43343f8dc38"},"headline":"Brumado abre matr\u00edculas da rede municipal e secret\u00e1ria refor\u00e7a prazos para 2026","datePublished":"2026-01-08T13:11:39+00:00","dateModified":"2026-01-08T13:11:41+00:00","mainEntityOfPage":{"@id":"https:\/\/sudoesteacontece.com.br\/?p=5649"},"wordCount":331,"commentCount":0,"publisher":{"@id":"https:\/\/sudoesteacontece.com.br\/#organization"},"image":{"@id":"https:\/\/sudoesteacontece.com.br\/?p=5649#primaryimage"},"thumbnailUrl":"https:\/\/sudoesteacontece.com.br\/wp-content\/uploads\/2026\/01\/secretaRIA-ANA-CRISTINA-EDUCACAO.jpg","articleSection":["Brumado","Educa\u00e7\u00e3o","Pol\u00edtica"],"inLanguage":"pt-BR","potentialAction":[{"@type":"CommentAction","name":"Comment","target":["https:\/\/sudoesteacontece.com.br\/?p=5649#respond"]}]},{"@type":"WebPage","@id":"https:\/\/sudoesteacontece.com.br\/?p=5649","url":"https:\/\/sudoesteacontece.com.br\/?p=5649","name":"Brumado abre matr\u00edculas da rede municipal e secret\u00e1ria refor\u00e7a prazos para 2026 - Sudoesteacontece","isPartOf":{"@id":"https:\/\/sudoesteacontece.com.br\/#website"},"primaryImageOfPage":{"@id":"https:\/\/sudoesteacontece.com.br\/?p=5649#primaryimage"},"image":{"@id":"https:\/\/sudoesteacontece.com.br\/?p=5649#primaryimage"},"thumbnailUrl":"https:\/\/sudoesteacontece.com.br\/wp-content\/uploads\/2026\/01\/secretaRIA-ANA-CRISTINA-EDUCACAO.jpg","datePublished":"2026-01-08T13:11:39+00:00","dateModified":"2026-01-08T13:11:41+00:00","breadcrumb":{"@id":"https:\/\/sudoesteacontece.com.br\/?p=5649#breadcrumb"},"inLanguage":"pt-BR","potentialAction":[{"@type":"ReadAction","target":["https:\/\/sudoesteacontece.com.br\/?p=5649"]}]},{"@type":"ImageObject","inLanguage":"pt-BR","@id":"https:\/\/sudoesteacontece.com.br\/?p=5649#primaryimage","url":"https:\/\/sudoesteacontece.com.br\/wp-content\/uploads\/2026\/01\/secretaRIA-ANA-CRISTINA-EDUCACAO.jpg","contentUrl":"https:\/\/sudoesteacontece.com.br\/wp-content\/uploads\/2026\/01\/secretaRIA-ANA-CRISTINA-EDUCACAO.jpg","width":900,"height":600},{"@type":"BreadcrumbList","@id":"https:\/\/sudoesteacontece.com.br\/?p=5649#breadcrumb","itemListElement":[{"@type":"ListItem","position":1,"name":"In\u00edcio","item":"https:\/\/sudoesteacontece.com.br\/"},{"@type":"ListItem","position":2,"name":"Brumado abre matr\u00edculas da rede municipal e secret\u00e1ria refor\u00e7a prazos para 2026"}]},{"@type":"WebSite","@id":"https:\/\/sudoesteacontece.com.br\/#website","url":"https:\/\/sudoesteacontece.com.br\/","name":"Sudoesteacontece","description":"","publisher":{"@id":"https:\/\/sudoesteacontece.com.br\/#organization"},"potentialAction":[{"@type":"SearchAction","target":{"@type":"EntryPoint","urlTemplate":"https:\/\/sudoesteacontece.com.br\/?s={search_term_string}"},"query-input":{"@type":"PropertyValueSpecification","valueRequired":true,"valueName":"search_term_string"}}],"inLanguage":"pt-BR"},{"@type":"Organization","@id":"https:\/\/sudoesteacontece.com.br\/#organization","name":"Sudoesteacontece","url":"https:\/\/sudoesteacontece.com.br\/","logo":{"@type":"ImageObject","inLanguage":"pt-BR","@id":"https:\/\/sudoesteacontece.com.br\/#\/schema\/logo\/image\/","url":"https:\/\/sudoesteacontece.com.br\/wp-content\/uploads\/2025\/12\/cropped-logo-2-180x180-1.png","contentUrl":"https:\/\/sudoesteacontece.com.br\/wp-content\/uploads\/2025\/12\/cropped-logo-2-180x180-1.png","width":180,"height":180,"caption":"Sudoesteacontece"},"image":{"@id":"https:\/\/sudoesteacontece.com.br\/#\/schema\/logo\/image\/"},"sameAs":["https:\/\/www.facebook.com\/sudoesteacontece\/?locale=pt_BR"]},{"@type":"Person","@id":"https:\/\/sudoesteacontece.com.br\/#\/schema\/person\/a4f22429c1d0923ef8f7d43343f8dc38","name":"Reda\u00e7\u00e3o","image":{"@type":"ImageObject","inLanguage":"pt-BR","@id":"https:\/\/sudoesteacontece.com.br\/#\/schema\/person\/image\/","url":"https:\/\/secure.gravatar.com\/avatar\/c3a5b3c93f268a709c25a2df414c629a96fb3b1b4bf97a94fb3f72e54ae76903?s=96&d=mm&r=g","contentUrl":"https:\/\/secure.gravatar.com\/avatar\/c3a5b3c93f268a709c25a2df414c629a96fb3b1b4bf97a94fb3f72e54ae76903?s=96&d=mm&r=g","caption":"Reda\u00e7\u00e3o"},"url":"https:\/\/sudoesteacontece.com.br\/?author=4"}]}},"_links":{"self":[{"href":"https:\/\/sudoesteacontece.com.br\/index.php?rest_route=\/wp\/v2\/posts\/5649","targetHints":{"allow":["GET"]}}],"collection":[{"href":"https:\/\/sudoesteacontece.com.br\/index.php?rest_route=\/wp\/v2\/posts"}],"about":[{"href":"https:\/\/sudoesteacontece.com.br\/index.php?rest_route=\/wp\/v2\/types\/post"}],"author":[{"embeddable":true,"href":"https:\/\/sudoesteacontece.com.br\/index.php?rest_route=\/wp\/v2\/users\/4"}],"replies":[{"embeddable":true,"href":"https:\/\/sudoesteacontece.com.br\/index.php?rest_route=%2Fwp%2Fv2%2Fcomments&post=5649"}],"version-history":[{"count":0,"href":"https:\/\/sudoesteacontece.com.br\/index.php?rest_route=\/wp\/v2\/posts\/5649\/revisions"}],"wp:featuredmedia":[{"embeddable":true,"href":"https:\/\/sudoesteacontece.com.br\/index.php?rest_route=\/wp\/v2\/media\/5670"}],"wp:attachment":[{"href":"https:\/\/sudoesteacontece.com.br\/index.php?rest_route=%2Fwp%2Fv2%2Fmedia&parent=5649"}],"wp:term":[{"taxonomy":"category","embeddable":true,"href":"https:\/\/sudoesteacontece.com.br\/index.php?rest_route=%2Fwp%2Fv2%2Fcategories&post=5649"},{"taxonomy":"post_tag","embeddable":true,"href":"https:\/\/sudoesteacontece.com.br\/index.php?rest_route=%2Fwp%2Fv2%2Ftags&post=5649"}],"curies":[{"name":"wp","href":"https:\/\/api.w.org\/{rel}","templated":true}]}}