{"id":5692,"date":"2026-01-08T11:16:28","date_gmt":"2026-01-08T14:16:28","guid":{"rendered":"https:\/\/sudoesteacontece.com.br\/?p=5692"},"modified":"2026-01-08T11:16:29","modified_gmt":"2026-01-08T14:16:29","slug":"baiano-ganha-forca-para-assumir-ministerio-da-justica-no-governo-lula","status":"publish","type":"post","link":"https:\/\/sudoesteacontece.com.br\/?p=5692","title":{"rendered":"Baiano ganha for\u00e7a para assumir Minist\u00e9rio da Justi\u00e7a no governo Lula"},"content":{"rendered":"<div class=\"wp-block-image\">\n<figure class=\"aligncenter size-full\"><img fetchpriority=\"high\" decoding=\"async\" width=\"900\" height=\"600\" src=\"http:\/\/sudoesteacontece.com.br\/wp-content\/uploads\/2026\/01\/Baiano-ganha-forca-para-assumir-Ministerio-da-Justica-no-governo-Lula-sudoeste-acontece.jpg\" alt=\"\" class=\"wp-image-5693\" srcset=\"https:\/\/sudoesteacontece.com.br\/wp-content\/uploads\/2026\/01\/Baiano-ganha-forca-para-assumir-Ministerio-da-Justica-no-governo-Lula-sudoeste-acontece.jpg 900w, https:\/\/sudoesteacontece.com.br\/wp-content\/uploads\/2026\/01\/Baiano-ganha-forca-para-assumir-Ministerio-da-Justica-no-governo-Lula-sudoeste-acontece-300x200.jpg 300w, https:\/\/sudoesteacontece.com.br\/wp-content\/uploads\/2026\/01\/Baiano-ganha-forca-para-assumir-Ministerio-da-Justica-no-governo-Lula-sudoeste-acontece-768x512.jpg 768w\" sizes=\"(max-width: 900px) 100vw, 900px\" \/><\/figure>\n<\/div>\n\n\n<p>Bras\u00edlia discute um novo nome para o comando do Minist\u00e9rio da Justi\u00e7a e Seguran\u00e7a P\u00fablica. O jurista baiano Wellington C\u00e9sar Lima e Silva passou a ser cotado para assumir a pasta no lugar de Ricardo Lewandowski. Segundo a CNN, ele tem bom tr\u00e2nsito com o presidente Lula e com a ala baiana do governo federal.<\/p>\n\n\n\n<p>Wellington j\u00e1 integrou a estrutura do governo federal e conhece os bastidores do Planalto. No in\u00edcio do terceiro mandato de Lula, ocupou o cargo de secret\u00e1rio de Assuntos Jur\u00eddicos da Casa Civil, fun\u00e7\u00e3o estrat\u00e9gica que mant\u00e9m contato direto com o presidente da Rep\u00fablica e participa das principais decis\u00f5es jur\u00eddicas do governo.<\/p>\n\n\n\n<p>Experi\u00eancia no comando do Minist\u00e9rio da Justi\u00e7a tamb\u00e9m pesa a favor do baiano. Em 2016, durante o governo Dilma Rousseff, ele chegou a assumir a pasta, mas permaneceu por pouco tempo. \u00c0 \u00e9poca, era procurador de Justi\u00e7a do Minist\u00e9rio P\u00fablico da Bahia, o que gerou questionamentos jur\u00eddicos.<\/p>\n\n\n\n<p>Indica\u00e7\u00e3o acabou barrada pelo Supremo Tribunal Federal, que entendeu que Wellington s\u00f3 poderia continuar no cargo caso pedisse exonera\u00e7\u00e3o do Minist\u00e9rio P\u00fablico. Ap\u00f3s 11 dias no posto, ele pediu demiss\u00e3o e foi substitu\u00eddo por Eug\u00eanio Arag\u00e3o, ent\u00e3o vice-procurador-geral eleitoral.<\/p>\n\n\n\n<p>Mais recentemente, o jurista deixou a Casa Civil em julho do ano passado ap\u00f3s ser indicado por Lula para assumir o cargo de advogado-geral da Petrobras. Agora, seu nome volta ao centro das articula\u00e7\u00f5es pol\u00edticas para uma das pastas mais estrat\u00e9gicas do governo federal.<\/p>\n","protected":false},"excerpt":{"rendered":"<p>Bras\u00edlia discute um novo nome para o comando do Minist\u00e9rio da Justi\u00e7a e Seguran\u00e7a P\u00fablica. O jurista baiano Wellington C\u00e9sar Lima e Silva passou a ser cotado para assumir a pasta no lugar de Ricardo Lewandowski. Segundo a CNN, ele tem bom tr\u00e2nsito com o presidente Lula e com a ala baiana do governo federal. Wellington j\u00e1 integrou a estrutura do governo federal e conhece os bastidores do Planalto. No in\u00edcio do terceiro mandato de Lula, ocupou o cargo de secret\u00e1rio de Assuntos Jur\u00eddicos da Casa Civil, fun\u00e7\u00e3o estrat\u00e9gica que mant\u00e9m contato direto com o presidente da Rep\u00fablica e participa das principais decis\u00f5es jur\u00eddicas do governo. Experi\u00eancia no comando do Minist\u00e9rio da Justi\u00e7a tamb\u00e9m pesa a favor do baiano. Em 2016, durante o governo Dilma Rousseff, ele chegou a assumir a pasta, mas permaneceu por pouco tempo. \u00c0 \u00e9poca, era procurador de Justi\u00e7a do Minist\u00e9rio P\u00fablico da Bahia, o que gerou questionamentos jur\u00eddicos. Indica\u00e7\u00e3o acabou barrada pelo Supremo Tribunal Federal, que entendeu que Wellington s\u00f3 poderia continuar no cargo caso pedisse exonera\u00e7\u00e3o do Minist\u00e9rio P\u00fablico. Ap\u00f3s 11 dias no posto, ele pediu demiss\u00e3o e foi substitu\u00eddo por Eug\u00eanio Arag\u00e3o, ent\u00e3o vice-procurador-geral eleitoral. Mais recentemente, o jurista deixou a Casa Civil em julho do ano passado ap\u00f3s ser indicado por Lula para assumir o cargo de advogado-geral da Petrobras. Agora, seu nome volta ao centro das articula\u00e7\u00f5es pol\u00edticas para uma das pastas mais estrat\u00e9gicas do governo federal.<\/p>\n","protected":false},"author":4,"featured_media":5693,"comment_status":"open","ping_status":"open","sticky":false,"template":"","format":"standard","meta":{"footnotes":""},"categories":[53,13,6],"tags":[],"class_list":["post-5692","post","type-post","status-publish","format-standard","has-post-thumbnail","hentry","category-brasil","category-justica","category-politica"],"yoast_head":"<!-- This site is optimized with the Yoast SEO plugin v26.5 - https:\/\/yoast.com\/wordpress\/plugins\/seo\/ -->\n<title>Baiano ganha for\u00e7a para assumir Minist\u00e9rio da Justi\u00e7a no governo Lula - Sudoesteacontece<\/title>\n<meta name=\"robots\" content=\"index, follow, max-snippet:-1, max-image-preview:large, max-video-preview:-1\" \/>\n<link rel=\"canonical\" href=\"https:\/\/sudoesteacontece.com.br\/?p=5692\" \/>\n<meta property=\"og:locale\" content=\"pt_BR\" \/>\n<meta property=\"og:type\" content=\"article\" \/>\n<meta property=\"og:title\" content=\"Baiano ganha for\u00e7a para assumir Minist\u00e9rio da Justi\u00e7a no governo Lula - Sudoesteacontece\" \/>\n<meta property=\"og:description\" content=\"Bras\u00edlia discute um novo nome para o comando do Minist\u00e9rio da Justi\u00e7a e Seguran\u00e7a P\u00fablica. O jurista baiano Wellington C\u00e9sar Lima e Silva passou a ser cotado para assumir a pasta no lugar de Ricardo Lewandowski. Segundo a CNN, ele tem bom tr\u00e2nsito com o presidente Lula e com a ala baiana do governo federal. Wellington j\u00e1 integrou a estrutura do governo federal e conhece os bastidores do Planalto. No in\u00edcio do terceiro mandato de Lula, ocupou o cargo de secret\u00e1rio de Assuntos Jur\u00eddicos da Casa Civil, fun\u00e7\u00e3o estrat\u00e9gica que mant\u00e9m contato direto com o presidente da Rep\u00fablica e participa das principais decis\u00f5es jur\u00eddicas do governo. Experi\u00eancia no comando do Minist\u00e9rio da Justi\u00e7a tamb\u00e9m pesa a favor do baiano. Em 2016, durante o governo Dilma Rousseff, ele chegou a assumir a pasta, mas permaneceu por pouco tempo. \u00c0 \u00e9poca, era procurador de Justi\u00e7a do Minist\u00e9rio P\u00fablico da Bahia, o que gerou questionamentos jur\u00eddicos. Indica\u00e7\u00e3o acabou barrada pelo Supremo Tribunal Federal, que entendeu que Wellington s\u00f3 poderia continuar no cargo caso pedisse exonera\u00e7\u00e3o do Minist\u00e9rio P\u00fablico. Ap\u00f3s 11 dias no posto, ele pediu demiss\u00e3o e foi substitu\u00eddo por Eug\u00eanio Arag\u00e3o, ent\u00e3o vice-procurador-geral eleitoral. Mais recentemente, o jurista deixou a Casa Civil em julho do ano passado ap\u00f3s ser indicado por Lula para assumir o cargo de advogado-geral da Petrobras. Agora, seu nome volta ao centro das articula\u00e7\u00f5es pol\u00edticas para uma das pastas mais estrat\u00e9gicas do governo federal.\" \/>\n<meta property=\"og:url\" content=\"https:\/\/sudoesteacontece.com.br\/?p=5692\" \/>\n<meta property=\"og:site_name\" content=\"Sudoesteacontece\" \/>\n<meta property=\"article:publisher\" content=\"https:\/\/www.facebook.com\/sudoesteacontece\/?locale=pt_BR\" \/>\n<meta property=\"article:published_time\" content=\"2026-01-08T14:16:28+00:00\" \/>\n<meta property=\"article:modified_time\" content=\"2026-01-08T14:16:29+00:00\" \/>\n<meta property=\"og:image\" content=\"https:\/\/sudoesteacontece.com.br\/wp-content\/uploads\/2026\/01\/Baiano-ganha-forca-para-assumir-Ministerio-da-Justica-no-governo-Lula-sudoeste-acontece.jpg\" \/>\n\t<meta property=\"og:image:width\" content=\"900\" \/>\n\t<meta property=\"og:image:height\" content=\"600\" \/>\n\t<meta property=\"og:image:type\" content=\"image\/jpeg\" \/>\n<meta name=\"author\" content=\"Reda\u00e7\u00e3o\" \/>\n<meta name=\"twitter:card\" content=\"summary_large_image\" \/>\n<meta name=\"twitter:label1\" content=\"Escrito por\" \/>\n\t<meta name=\"twitter:data1\" content=\"Reda\u00e7\u00e3o\" \/>\n\t<meta name=\"twitter:label2\" content=\"Est. tempo de leitura\" \/>\n\t<meta name=\"twitter:data2\" content=\"2 minutos\" \/>\n<script type=\"application\/ld+json\" class=\"yoast-schema-graph\">{\"@context\":\"https:\/\/schema.org\",\"@graph\":[{\"@type\":\"Article\",\"@id\":\"https:\/\/sudoesteacontece.com.br\/?p=5692#article\",\"isPartOf\":{\"@id\":\"https:\/\/sudoesteacontece.com.br\/?p=5692\"},\"author\":{\"name\":\"Reda\u00e7\u00e3o\",\"@id\":\"https:\/\/sudoesteacontece.com.br\/#\/schema\/person\/a4f22429c1d0923ef8f7d43343f8dc38\"},\"headline\":\"Baiano ganha for\u00e7a para assumir Minist\u00e9rio da Justi\u00e7a no governo Lula\",\"datePublished\":\"2026-01-08T14:16:28+00:00\",\"dateModified\":\"2026-01-08T14:16:29+00:00\",\"mainEntityOfPage\":{\"@id\":\"https:\/\/sudoesteacontece.com.br\/?p=5692\"},\"wordCount\":285,\"commentCount\":0,\"publisher\":{\"@id\":\"https:\/\/sudoesteacontece.com.br\/#organization\"},\"image\":{\"@id\":\"https:\/\/sudoesteacontece.com.br\/?p=5692#primaryimage\"},\"thumbnailUrl\":\"https:\/\/sudoesteacontece.com.br\/wp-content\/uploads\/2026\/01\/Baiano-ganha-forca-para-assumir-Ministerio-da-Justica-no-governo-Lula-sudoeste-acontece.jpg\",\"articleSection\":[\"Brasil\",\"Justi\u00e7a\",\"Pol\u00edtica\"],\"inLanguage\":\"pt-BR\",\"potentialAction\":[{\"@type\":\"CommentAction\",\"name\":\"Comment\",\"target\":[\"https:\/\/sudoesteacontece.com.br\/?p=5692#respond\"]}]},{\"@type\":\"WebPage\",\"@id\":\"https:\/\/sudoesteacontece.com.br\/?p=5692\",\"url\":\"https:\/\/sudoesteacontece.com.br\/?p=5692\",\"name\":\"Baiano ganha for\u00e7a para assumir Minist\u00e9rio da Justi\u00e7a no governo Lula - Sudoesteacontece\",\"isPartOf\":{\"@id\":\"https:\/\/sudoesteacontece.com.br\/#website\"},\"primaryImageOfPage\":{\"@id\":\"https:\/\/sudoesteacontece.com.br\/?p=5692#primaryimage\"},\"image\":{\"@id\":\"https:\/\/sudoesteacontece.com.br\/?p=5692#primaryimage\"},\"thumbnailUrl\":\"https:\/\/sudoesteacontece.com.br\/wp-content\/uploads\/2026\/01\/Baiano-ganha-forca-para-assumir-Ministerio-da-Justica-no-governo-Lula-sudoeste-acontece.jpg\",\"datePublished\":\"2026-01-08T14:16:28+00:00\",\"dateModified\":\"2026-01-08T14:16:29+00:00\",\"breadcrumb\":{\"@id\":\"https:\/\/sudoesteacontece.com.br\/?p=5692#breadcrumb\"},\"inLanguage\":\"pt-BR\",\"potentialAction\":[{\"@type\":\"ReadAction\",\"target\":[\"https:\/\/sudoesteacontece.com.br\/?p=5692\"]}]},{\"@type\":\"ImageObject\",\"inLanguage\":\"pt-BR\",\"@id\":\"https:\/\/sudoesteacontece.com.br\/?p=5692#primaryimage\",\"url\":\"https:\/\/sudoesteacontece.com.br\/wp-content\/uploads\/2026\/01\/Baiano-ganha-forca-para-assumir-Ministerio-da-Justica-no-governo-Lula-sudoeste-acontece.jpg\",\"contentUrl\":\"https:\/\/sudoesteacontece.com.br\/wp-content\/uploads\/2026\/01\/Baiano-ganha-forca-para-assumir-Ministerio-da-Justica-no-governo-Lula-sudoeste-acontece.jpg\",\"width\":900,\"height\":600},{\"@type\":\"BreadcrumbList\",\"@id\":\"https:\/\/sudoesteacontece.com.br\/?p=5692#breadcrumb\",\"itemListElement\":[{\"@type\":\"ListItem\",\"position\":1,\"name\":\"In\u00edcio\",\"item\":\"https:\/\/sudoesteacontece.com.br\/\"},{\"@type\":\"ListItem\",\"position\":2,\"name\":\"Baiano ganha for\u00e7a para assumir Minist\u00e9rio da Justi\u00e7a no governo Lula\"}]},{\"@type\":\"WebSite\",\"@id\":\"https:\/\/sudoesteacontece.com.br\/#website\",\"url\":\"https:\/\/sudoesteacontece.com.br\/\",\"name\":\"Sudoesteacontece\",\"description\":\"\",\"publisher\":{\"@id\":\"https:\/\/sudoesteacontece.com.br\/#organization\"},\"potentialAction\":[{\"@type\":\"SearchAction\",\"target\":{\"@type\":\"EntryPoint\",\"urlTemplate\":\"https:\/\/sudoesteacontece.com.br\/?s={search_term_string}\"},\"query-input\":{\"@type\":\"PropertyValueSpecification\",\"valueRequired\":true,\"valueName\":\"search_term_string\"}}],\"inLanguage\":\"pt-BR\"},{\"@type\":\"Organization\",\"@id\":\"https:\/\/sudoesteacontece.com.br\/#organization\",\"name\":\"Sudoesteacontece\",\"url\":\"https:\/\/sudoesteacontece.com.br\/\",\"logo\":{\"@type\":\"ImageObject\",\"inLanguage\":\"pt-BR\",\"@id\":\"https:\/\/sudoesteacontece.com.br\/#\/schema\/logo\/image\/\",\"url\":\"https:\/\/sudoesteacontece.com.br\/wp-content\/uploads\/2025\/12\/cropped-logo-2-180x180-1.png\",\"contentUrl\":\"https:\/\/sudoesteacontece.com.br\/wp-content\/uploads\/2025\/12\/cropped-logo-2-180x180-1.png\",\"width\":180,\"height\":180,\"caption\":\"Sudoesteacontece\"},\"image\":{\"@id\":\"https:\/\/sudoesteacontece.com.br\/#\/schema\/logo\/image\/\"},\"sameAs\":[\"https:\/\/www.facebook.com\/sudoesteacontece\/?locale=pt_BR\"]},{\"@type\":\"Person\",\"@id\":\"https:\/\/sudoesteacontece.com.br\/#\/schema\/person\/a4f22429c1d0923ef8f7d43343f8dc38\",\"name\":\"Reda\u00e7\u00e3o\",\"image\":{\"@type\":\"ImageObject\",\"inLanguage\":\"pt-BR\",\"@id\":\"https:\/\/sudoesteacontece.com.br\/#\/schema\/person\/image\/\",\"url\":\"https:\/\/secure.gravatar.com\/avatar\/c3a5b3c93f268a709c25a2df414c629a96fb3b1b4bf97a94fb3f72e54ae76903?s=96&d=mm&r=g\",\"contentUrl\":\"https:\/\/secure.gravatar.com\/avatar\/c3a5b3c93f268a709c25a2df414c629a96fb3b1b4bf97a94fb3f72e54ae76903?s=96&d=mm&r=g\",\"caption\":\"Reda\u00e7\u00e3o\"},\"url\":\"https:\/\/sudoesteacontece.com.br\/?author=4\"}]}<\/script>\n<!-- \/ Yoast SEO plugin. -->","yoast_head_json":{"title":"Baiano ganha for\u00e7a para assumir Minist\u00e9rio da Justi\u00e7a no governo Lula - Sudoesteacontece","robots":{"index":"index","follow":"follow","max-snippet":"max-snippet:-1","max-image-preview":"max-image-preview:large","max-video-preview":"max-video-preview:-1"},"canonical":"https:\/\/sudoesteacontece.com.br\/?p=5692","og_locale":"pt_BR","og_type":"article","og_title":"Baiano ganha for\u00e7a para assumir Minist\u00e9rio da Justi\u00e7a no governo Lula - Sudoesteacontece","og_description":"Bras\u00edlia discute um novo nome para o comando do Minist\u00e9rio da Justi\u00e7a e Seguran\u00e7a P\u00fablica. O jurista baiano Wellington C\u00e9sar Lima e Silva passou a ser cotado para assumir a pasta no lugar de Ricardo Lewandowski. Segundo a CNN, ele tem bom tr\u00e2nsito com o presidente Lula e com a ala baiana do governo federal. Wellington j\u00e1 integrou a estrutura do governo federal e conhece os bastidores do Planalto. No in\u00edcio do terceiro mandato de Lula, ocupou o cargo de secret\u00e1rio de Assuntos Jur\u00eddicos da Casa Civil, fun\u00e7\u00e3o estrat\u00e9gica que mant\u00e9m contato direto com o presidente da Rep\u00fablica e participa das principais decis\u00f5es jur\u00eddicas do governo. Experi\u00eancia no comando do Minist\u00e9rio da Justi\u00e7a tamb\u00e9m pesa a favor do baiano. Em 2016, durante o governo Dilma Rousseff, ele chegou a assumir a pasta, mas permaneceu por pouco tempo. \u00c0 \u00e9poca, era procurador de Justi\u00e7a do Minist\u00e9rio P\u00fablico da Bahia, o que gerou questionamentos jur\u00eddicos. Indica\u00e7\u00e3o acabou barrada pelo Supremo Tribunal Federal, que entendeu que Wellington s\u00f3 poderia continuar no cargo caso pedisse exonera\u00e7\u00e3o do Minist\u00e9rio P\u00fablico. Ap\u00f3s 11 dias no posto, ele pediu demiss\u00e3o e foi substitu\u00eddo por Eug\u00eanio Arag\u00e3o, ent\u00e3o vice-procurador-geral eleitoral. Mais recentemente, o jurista deixou a Casa Civil em julho do ano passado ap\u00f3s ser indicado por Lula para assumir o cargo de advogado-geral da Petrobras. Agora, seu nome volta ao centro das articula\u00e7\u00f5es pol\u00edticas para uma das pastas mais estrat\u00e9gicas do governo federal.","og_url":"https:\/\/sudoesteacontece.com.br\/?p=5692","og_site_name":"Sudoesteacontece","article_publisher":"https:\/\/www.facebook.com\/sudoesteacontece\/?locale=pt_BR","article_published_time":"2026-01-08T14:16:28+00:00","article_modified_time":"2026-01-08T14:16:29+00:00","og_image":[{"width":900,"height":600,"url":"https:\/\/sudoesteacontece.com.br\/wp-content\/uploads\/2026\/01\/Baiano-ganha-forca-para-assumir-Ministerio-da-Justica-no-governo-Lula-sudoeste-acontece.jpg","type":"image\/jpeg"}],"author":"Reda\u00e7\u00e3o","twitter_card":"summary_large_image","twitter_misc":{"Escrito por":"Reda\u00e7\u00e3o","Est. tempo de leitura":"2 minutos"},"schema":{"@context":"https:\/\/schema.org","@graph":[{"@type":"Article","@id":"https:\/\/sudoesteacontece.com.br\/?p=5692#article","isPartOf":{"@id":"https:\/\/sudoesteacontece.com.br\/?p=5692"},"author":{"name":"Reda\u00e7\u00e3o","@id":"https:\/\/sudoesteacontece.com.br\/#\/schema\/person\/a4f22429c1d0923ef8f7d43343f8dc38"},"headline":"Baiano ganha for\u00e7a para assumir Minist\u00e9rio da Justi\u00e7a no governo Lula","datePublished":"2026-01-08T14:16:28+00:00","dateModified":"2026-01-08T14:16:29+00:00","mainEntityOfPage":{"@id":"https:\/\/sudoesteacontece.com.br\/?p=5692"},"wordCount":285,"commentCount":0,"publisher":{"@id":"https:\/\/sudoesteacontece.com.br\/#organization"},"image":{"@id":"https:\/\/sudoesteacontece.com.br\/?p=5692#primaryimage"},"thumbnailUrl":"https:\/\/sudoesteacontece.com.br\/wp-content\/uploads\/2026\/01\/Baiano-ganha-forca-para-assumir-Ministerio-da-Justica-no-governo-Lula-sudoeste-acontece.jpg","articleSection":["Brasil","Justi\u00e7a","Pol\u00edtica"],"inLanguage":"pt-BR","potentialAction":[{"@type":"CommentAction","name":"Comment","target":["https:\/\/sudoesteacontece.com.br\/?p=5692#respond"]}]},{"@type":"WebPage","@id":"https:\/\/sudoesteacontece.com.br\/?p=5692","url":"https:\/\/sudoesteacontece.com.br\/?p=5692","name":"Baiano ganha for\u00e7a para assumir Minist\u00e9rio da Justi\u00e7a no governo Lula - Sudoesteacontece","isPartOf":{"@id":"https:\/\/sudoesteacontece.com.br\/#website"},"primaryImageOfPage":{"@id":"https:\/\/sudoesteacontece.com.br\/?p=5692#primaryimage"},"image":{"@id":"https:\/\/sudoesteacontece.com.br\/?p=5692#primaryimage"},"thumbnailUrl":"https:\/\/sudoesteacontece.com.br\/wp-content\/uploads\/2026\/01\/Baiano-ganha-forca-para-assumir-Ministerio-da-Justica-no-governo-Lula-sudoeste-acontece.jpg","datePublished":"2026-01-08T14:16:28+00:00","dateModified":"2026-01-08T14:16:29+00:00","breadcrumb":{"@id":"https:\/\/sudoesteacontece.com.br\/?p=5692#breadcrumb"},"inLanguage":"pt-BR","potentialAction":[{"@type":"ReadAction","target":["https:\/\/sudoesteacontece.com.br\/?p=5692"]}]},{"@type":"ImageObject","inLanguage":"pt-BR","@id":"https:\/\/sudoesteacontece.com.br\/?p=5692#primaryimage","url":"https:\/\/sudoesteacontece.com.br\/wp-content\/uploads\/2026\/01\/Baiano-ganha-forca-para-assumir-Ministerio-da-Justica-no-governo-Lula-sudoeste-acontece.jpg","contentUrl":"https:\/\/sudoesteacontece.com.br\/wp-content\/uploads\/2026\/01\/Baiano-ganha-forca-para-assumir-Ministerio-da-Justica-no-governo-Lula-sudoeste-acontece.jpg","width":900,"height":600},{"@type":"BreadcrumbList","@id":"https:\/\/sudoesteacontece.com.br\/?p=5692#breadcrumb","itemListElement":[{"@type":"ListItem","position":1,"name":"In\u00edcio","item":"https:\/\/sudoesteacontece.com.br\/"},{"@type":"ListItem","position":2,"name":"Baiano ganha for\u00e7a para assumir Minist\u00e9rio da Justi\u00e7a no governo Lula"}]},{"@type":"WebSite","@id":"https:\/\/sudoesteacontece.com.br\/#website","url":"https:\/\/sudoesteacontece.com.br\/","name":"Sudoesteacontece","description":"","publisher":{"@id":"https:\/\/sudoesteacontece.com.br\/#organization"},"potentialAction":[{"@type":"SearchAction","target":{"@type":"EntryPoint","urlTemplate":"https:\/\/sudoesteacontece.com.br\/?s={search_term_string}"},"query-input":{"@type":"PropertyValueSpecification","valueRequired":true,"valueName":"search_term_string"}}],"inLanguage":"pt-BR"},{"@type":"Organization","@id":"https:\/\/sudoesteacontece.com.br\/#organization","name":"Sudoesteacontece","url":"https:\/\/sudoesteacontece.com.br\/","logo":{"@type":"ImageObject","inLanguage":"pt-BR","@id":"https:\/\/sudoesteacontece.com.br\/#\/schema\/logo\/image\/","url":"https:\/\/sudoesteacontece.com.br\/wp-content\/uploads\/2025\/12\/cropped-logo-2-180x180-1.png","contentUrl":"https:\/\/sudoesteacontece.com.br\/wp-content\/uploads\/2025\/12\/cropped-logo-2-180x180-1.png","width":180,"height":180,"caption":"Sudoesteacontece"},"image":{"@id":"https:\/\/sudoesteacontece.com.br\/#\/schema\/logo\/image\/"},"sameAs":["https:\/\/www.facebook.com\/sudoesteacontece\/?locale=pt_BR"]},{"@type":"Person","@id":"https:\/\/sudoesteacontece.com.br\/#\/schema\/person\/a4f22429c1d0923ef8f7d43343f8dc38","name":"Reda\u00e7\u00e3o","image":{"@type":"ImageObject","inLanguage":"pt-BR","@id":"https:\/\/sudoesteacontece.com.br\/#\/schema\/person\/image\/","url":"https:\/\/secure.gravatar.com\/avatar\/c3a5b3c93f268a709c25a2df414c629a96fb3b1b4bf97a94fb3f72e54ae76903?s=96&d=mm&r=g","contentUrl":"https:\/\/secure.gravatar.com\/avatar\/c3a5b3c93f268a709c25a2df414c629a96fb3b1b4bf97a94fb3f72e54ae76903?s=96&d=mm&r=g","caption":"Reda\u00e7\u00e3o"},"url":"https:\/\/sudoesteacontece.com.br\/?author=4"}]}},"_links":{"self":[{"href":"https:\/\/sudoesteacontece.com.br\/index.php?rest_route=\/wp\/v2\/posts\/5692","targetHints":{"allow":["GET"]}}],"collection":[{"href":"https:\/\/sudoesteacontece.com.br\/index.php?rest_route=\/wp\/v2\/posts"}],"about":[{"href":"https:\/\/sudoesteacontece.com.br\/index.php?rest_route=\/wp\/v2\/types\/post"}],"author":[{"embeddable":true,"href":"https:\/\/sudoesteacontece.com.br\/index.php?rest_route=\/wp\/v2\/users\/4"}],"replies":[{"embeddable":true,"href":"https:\/\/sudoesteacontece.com.br\/index.php?rest_route=%2Fwp%2Fv2%2Fcomments&post=5692"}],"version-history":[{"count":0,"href":"https:\/\/sudoesteacontece.com.br\/index.php?rest_route=\/wp\/v2\/posts\/5692\/revisions"}],"wp:featuredmedia":[{"embeddable":true,"href":"https:\/\/sudoesteacontece.com.br\/index.php?rest_route=\/wp\/v2\/media\/5693"}],"wp:attachment":[{"href":"https:\/\/sudoesteacontece.com.br\/index.php?rest_route=%2Fwp%2Fv2%2Fmedia&parent=5692"}],"wp:term":[{"taxonomy":"category","embeddable":true,"href":"https:\/\/sudoesteacontece.com.br\/index.php?rest_route=%2Fwp%2Fv2%2Fcategories&post=5692"},{"taxonomy":"post_tag","embeddable":true,"href":"https:\/\/sudoesteacontece.com.br\/index.php?rest_route=%2Fwp%2Fv2%2Ftags&post=5692"}],"curies":[{"name":"wp","href":"https:\/\/api.w.org\/{rel}","templated":true}]}}