{"id":5699,"date":"2026-01-08T16:39:06","date_gmt":"2026-01-08T19:39:06","guid":{"rendered":"https:\/\/sudoesteacontece.com.br\/?p=5699"},"modified":"2026-01-08T16:39:08","modified_gmt":"2026-01-08T19:39:08","slug":"governo-venezuelano-anuncia-libertacao-de-presos-politicos-apos-prisao-de-maduro","status":"publish","type":"post","link":"https:\/\/sudoesteacontece.com.br\/?p=5699","title":{"rendered":"Governo venezuelano anuncia liberta\u00e7\u00e3o de presos pol\u00edticos ap\u00f3s pris\u00e3o de Maduro"},"content":{"rendered":"<div class=\"wp-block-image\">\n<figure class=\"aligncenter size-full\"><img fetchpriority=\"high\" decoding=\"async\" width=\"900\" height=\"600\" src=\"http:\/\/sudoesteacontece.com.br\/wp-content\/uploads\/2026\/01\/Governo-venezuelano-anuncia-libertacao-de-presos-politicos-apos-prisao-de-Maduro-sudoeste-acontece.jpg\" alt=\"\" class=\"wp-image-5715\" srcset=\"https:\/\/sudoesteacontece.com.br\/wp-content\/uploads\/2026\/01\/Governo-venezuelano-anuncia-libertacao-de-presos-politicos-apos-prisao-de-Maduro-sudoeste-acontece.jpg 900w, https:\/\/sudoesteacontece.com.br\/wp-content\/uploads\/2026\/01\/Governo-venezuelano-anuncia-libertacao-de-presos-politicos-apos-prisao-de-Maduro-sudoeste-acontece-300x200.jpg 300w, https:\/\/sudoesteacontece.com.br\/wp-content\/uploads\/2026\/01\/Governo-venezuelano-anuncia-libertacao-de-presos-politicos-apos-prisao-de-Maduro-sudoeste-acontece-768x512.jpg 768w\" sizes=\"(max-width: 900px) 100vw, 900px\" \/><\/figure>\n<\/div>\n\n\n<p>An\u00fancio feito nesta quinta-feira (8) pelo presidente da Assembleia Nacional da Venezuela, Jorge Rodr\u00edguez, informou que o governo bolivariano come\u00e7ou a libertar um \u201cn\u00famero significativo\u201d de detidos, incluindo presos pol\u00edticos venezuelanos e estrangeiros, em pris\u00f5es do pa\u00eds.<br>Rodr\u00edguez qualificou a medida como um gesto de paz por parte do Executivo e das institui\u00e7\u00f5es estatais, sem acordos pr\u00e9vios com outras partes.<br>Reuters<\/p>\n\n\n\n<p>Segundo o chefe do Legislativo e irm\u00e3o da presidente interina Delcy Rodr\u00edguez, o processo de liberta\u00e7\u00e3o j\u00e1 est\u00e1 em andamento e inclui detentos de diferentes nacionalidades, embora ele n\u00e3o tenha especificado quantos ser\u00e3o libertados nem quais nomes est\u00e3o na lista de soltura.<br>AP News<\/p>\n\n\n\n<p>Essa decis\u00e3o atende a uma das principais reivindica\u00e7\u00f5es da oposi\u00e7\u00e3o venezuelana, que vinha exigindo a liberta\u00e7\u00e3o de cr\u00edticos e l\u00edderes pol\u00edticos presos nos \u00faltimos anos. A medida ocorre em um momento de intensa press\u00e3o internacional e interna, ap\u00f3s a pris\u00e3o do ex-presidente Nicol\u00e1s Maduro por for\u00e7as dos Estados Unidos.<br>New York Post<\/p>\n\n\n\n<p>Movimento foi descrito pelo governo como iniciativa unilateral para buscar \u201cconviv\u00eancia pac\u00edfica\u201d. Grupos de direitos humanos apontam que centenas de pessoas podem ser eleg\u00edveis para soltura, mas ainda muitos detidos por motivos pol\u00edticos permanecem nas pris\u00f5es venezuelanas, segundo organiza\u00e7\u00f5es de acompanhamento.<br>CiberCuba<\/p>\n\n\n\n<p>Repercuss\u00f5es incluem rea\u00e7\u00f5es de l\u00edderes pol\u00edticos internacionais, que veem a liberta\u00e7\u00e3o como tentativa de diminuir a press\u00e3o global sobre o pa\u00eds diante de abordagens externas e a\u00e7\u00f5es diplom\u00e1ticas. A a\u00e7\u00e3o tamb\u00e9m ocorre em meio a relatos de tens\u00f5es e conflitos internos ap\u00f3s eventos pol\u00edticos de 2024 e 2025.<\/p>\n","protected":false},"excerpt":{"rendered":"<p>An\u00fancio feito nesta quinta-feira (8) pelo presidente da Assembleia Nacional da Venezuela, Jorge Rodr\u00edguez, informou que o governo bolivariano come\u00e7ou a libertar um \u201cn\u00famero significativo\u201d de detidos, incluindo presos pol\u00edticos venezuelanos e estrangeiros, em pris\u00f5es do pa\u00eds.Rodr\u00edguez qualificou a medida como um gesto de paz por parte do Executivo e das institui\u00e7\u00f5es estatais, sem acordos pr\u00e9vios com outras partes.Reuters Segundo o chefe do Legislativo e irm\u00e3o da presidente interina Delcy Rodr\u00edguez, o processo de liberta\u00e7\u00e3o j\u00e1 est\u00e1 em andamento e inclui detentos de diferentes nacionalidades, embora ele n\u00e3o tenha especificado quantos ser\u00e3o libertados nem quais nomes est\u00e3o na lista de soltura.AP News Essa decis\u00e3o atende a uma das principais reivindica\u00e7\u00f5es da oposi\u00e7\u00e3o venezuelana, que vinha exigindo a liberta\u00e7\u00e3o de cr\u00edticos e l\u00edderes pol\u00edticos presos nos \u00faltimos anos. A medida ocorre em um momento de intensa press\u00e3o internacional e interna, ap\u00f3s a pris\u00e3o do ex-presidente Nicol\u00e1s Maduro por for\u00e7as dos Estados Unidos.New York Post Movimento foi descrito pelo governo como iniciativa unilateral para buscar \u201cconviv\u00eancia pac\u00edfica\u201d. Grupos de direitos humanos apontam que centenas de pessoas podem ser eleg\u00edveis para soltura, mas ainda muitos detidos por motivos pol\u00edticos permanecem nas pris\u00f5es venezuelanas, segundo organiza\u00e7\u00f5es de acompanhamento.CiberCuba Repercuss\u00f5es incluem rea\u00e7\u00f5es de l\u00edderes pol\u00edticos internacionais, que veem a liberta\u00e7\u00e3o como tentativa de diminuir a press\u00e3o global sobre o pa\u00eds diante de abordagens externas e a\u00e7\u00f5es diplom\u00e1ticas. A a\u00e7\u00e3o tamb\u00e9m ocorre em meio a relatos de tens\u00f5es e conflitos internos ap\u00f3s eventos pol\u00edticos de 2024 e 2025.<\/p>\n","protected":false},"author":1,"featured_media":5715,"comment_status":"open","ping_status":"open","sticky":false,"template":"","format":"standard","meta":{"footnotes":""},"categories":[47,13,6],"tags":[],"class_list":["post-5699","post","type-post","status-publish","format-standard","has-post-thumbnail","hentry","category-internacional","category-justica","category-politica"],"yoast_head":"<!-- This site is optimized with the Yoast SEO plugin v26.5 - https:\/\/yoast.com\/wordpress\/plugins\/seo\/ -->\n<title>Governo venezuelano anuncia liberta\u00e7\u00e3o de presos pol\u00edticos ap\u00f3s pris\u00e3o de Maduro - Sudoesteacontece<\/title>\n<meta name=\"robots\" content=\"index, follow, max-snippet:-1, max-image-preview:large, max-video-preview:-1\" \/>\n<link rel=\"canonical\" href=\"https:\/\/sudoesteacontece.com.br\/?p=5699\" \/>\n<meta property=\"og:locale\" content=\"pt_BR\" \/>\n<meta property=\"og:type\" content=\"article\" \/>\n<meta property=\"og:title\" content=\"Governo venezuelano anuncia liberta\u00e7\u00e3o de presos pol\u00edticos ap\u00f3s pris\u00e3o de Maduro - Sudoesteacontece\" \/>\n<meta property=\"og:description\" content=\"An\u00fancio feito nesta quinta-feira (8) pelo presidente da Assembleia Nacional da Venezuela, Jorge Rodr\u00edguez, informou que o governo bolivariano come\u00e7ou a libertar um \u201cn\u00famero significativo\u201d de detidos, incluindo presos pol\u00edticos venezuelanos e estrangeiros, em pris\u00f5es do pa\u00eds.Rodr\u00edguez qualificou a medida como um gesto de paz por parte do Executivo e das institui\u00e7\u00f5es estatais, sem acordos pr\u00e9vios com outras partes.Reuters Segundo o chefe do Legislativo e irm\u00e3o da presidente interina Delcy Rodr\u00edguez, o processo de liberta\u00e7\u00e3o j\u00e1 est\u00e1 em andamento e inclui detentos de diferentes nacionalidades, embora ele n\u00e3o tenha especificado quantos ser\u00e3o libertados nem quais nomes est\u00e3o na lista de soltura.AP News Essa decis\u00e3o atende a uma das principais reivindica\u00e7\u00f5es da oposi\u00e7\u00e3o venezuelana, que vinha exigindo a liberta\u00e7\u00e3o de cr\u00edticos e l\u00edderes pol\u00edticos presos nos \u00faltimos anos. A medida ocorre em um momento de intensa press\u00e3o internacional e interna, ap\u00f3s a pris\u00e3o do ex-presidente Nicol\u00e1s Maduro por for\u00e7as dos Estados Unidos.New York Post Movimento foi descrito pelo governo como iniciativa unilateral para buscar \u201cconviv\u00eancia pac\u00edfica\u201d. Grupos de direitos humanos apontam que centenas de pessoas podem ser eleg\u00edveis para soltura, mas ainda muitos detidos por motivos pol\u00edticos permanecem nas pris\u00f5es venezuelanas, segundo organiza\u00e7\u00f5es de acompanhamento.CiberCuba Repercuss\u00f5es incluem rea\u00e7\u00f5es de l\u00edderes pol\u00edticos internacionais, que veem a liberta\u00e7\u00e3o como tentativa de diminuir a press\u00e3o global sobre o pa\u00eds diante de abordagens externas e a\u00e7\u00f5es diplom\u00e1ticas. A a\u00e7\u00e3o tamb\u00e9m ocorre em meio a relatos de tens\u00f5es e conflitos internos ap\u00f3s eventos pol\u00edticos de 2024 e 2025.\" \/>\n<meta property=\"og:url\" content=\"https:\/\/sudoesteacontece.com.br\/?p=5699\" \/>\n<meta property=\"og:site_name\" content=\"Sudoesteacontece\" \/>\n<meta property=\"article:publisher\" content=\"https:\/\/www.facebook.com\/sudoesteacontece\/?locale=pt_BR\" \/>\n<meta property=\"article:published_time\" content=\"2026-01-08T19:39:06+00:00\" \/>\n<meta property=\"article:modified_time\" content=\"2026-01-08T19:39:08+00:00\" \/>\n<meta property=\"og:image\" content=\"https:\/\/sudoesteacontece.com.br\/wp-content\/uploads\/2026\/01\/Governo-venezuelano-anuncia-libertacao-de-presos-politicos-apos-prisao-de-Maduro-sudoeste-acontece.jpg\" \/>\n\t<meta property=\"og:image:width\" content=\"900\" \/>\n\t<meta property=\"og:image:height\" content=\"600\" \/>\n\t<meta property=\"og:image:type\" content=\"image\/jpeg\" \/>\n<meta name=\"author\" content=\"sudoesteacontece\" \/>\n<meta name=\"twitter:card\" content=\"summary_large_image\" \/>\n<meta name=\"twitter:label1\" content=\"Escrito por\" \/>\n\t<meta name=\"twitter:data1\" content=\"sudoesteacontece\" \/>\n\t<meta name=\"twitter:label2\" content=\"Est. tempo de leitura\" \/>\n\t<meta name=\"twitter:data2\" content=\"2 minutos\" \/>\n<script type=\"application\/ld+json\" class=\"yoast-schema-graph\">{\"@context\":\"https:\/\/schema.org\",\"@graph\":[{\"@type\":\"Article\",\"@id\":\"https:\/\/sudoesteacontece.com.br\/?p=5699#article\",\"isPartOf\":{\"@id\":\"https:\/\/sudoesteacontece.com.br\/?p=5699\"},\"author\":{\"name\":\"sudoesteacontece\",\"@id\":\"https:\/\/sudoesteacontece.com.br\/#\/schema\/person\/f4b00cd0a26ac17646f19707cdceb2ce\"},\"headline\":\"Governo venezuelano anuncia liberta\u00e7\u00e3o de presos pol\u00edticos ap\u00f3s pris\u00e3o de Maduro\",\"datePublished\":\"2026-01-08T19:39:06+00:00\",\"dateModified\":\"2026-01-08T19:39:08+00:00\",\"mainEntityOfPage\":{\"@id\":\"https:\/\/sudoesteacontece.com.br\/?p=5699\"},\"wordCount\":307,\"commentCount\":0,\"publisher\":{\"@id\":\"https:\/\/sudoesteacontece.com.br\/#organization\"},\"image\":{\"@id\":\"https:\/\/sudoesteacontece.com.br\/?p=5699#primaryimage\"},\"thumbnailUrl\":\"https:\/\/sudoesteacontece.com.br\/wp-content\/uploads\/2026\/01\/Governo-venezuelano-anuncia-libertacao-de-presos-politicos-apos-prisao-de-Maduro-sudoeste-acontece.jpg\",\"articleSection\":[\"Internacional\",\"Justi\u00e7a\",\"Pol\u00edtica\"],\"inLanguage\":\"pt-BR\",\"potentialAction\":[{\"@type\":\"CommentAction\",\"name\":\"Comment\",\"target\":[\"https:\/\/sudoesteacontece.com.br\/?p=5699#respond\"]}]},{\"@type\":\"WebPage\",\"@id\":\"https:\/\/sudoesteacontece.com.br\/?p=5699\",\"url\":\"https:\/\/sudoesteacontece.com.br\/?p=5699\",\"name\":\"Governo venezuelano anuncia liberta\u00e7\u00e3o de presos pol\u00edticos ap\u00f3s pris\u00e3o de Maduro - Sudoesteacontece\",\"isPartOf\":{\"@id\":\"https:\/\/sudoesteacontece.com.br\/#website\"},\"primaryImageOfPage\":{\"@id\":\"https:\/\/sudoesteacontece.com.br\/?p=5699#primaryimage\"},\"image\":{\"@id\":\"https:\/\/sudoesteacontece.com.br\/?p=5699#primaryimage\"},\"thumbnailUrl\":\"https:\/\/sudoesteacontece.com.br\/wp-content\/uploads\/2026\/01\/Governo-venezuelano-anuncia-libertacao-de-presos-politicos-apos-prisao-de-Maduro-sudoeste-acontece.jpg\",\"datePublished\":\"2026-01-08T19:39:06+00:00\",\"dateModified\":\"2026-01-08T19:39:08+00:00\",\"breadcrumb\":{\"@id\":\"https:\/\/sudoesteacontece.com.br\/?p=5699#breadcrumb\"},\"inLanguage\":\"pt-BR\",\"potentialAction\":[{\"@type\":\"ReadAction\",\"target\":[\"https:\/\/sudoesteacontece.com.br\/?p=5699\"]}]},{\"@type\":\"ImageObject\",\"inLanguage\":\"pt-BR\",\"@id\":\"https:\/\/sudoesteacontece.com.br\/?p=5699#primaryimage\",\"url\":\"https:\/\/sudoesteacontece.com.br\/wp-content\/uploads\/2026\/01\/Governo-venezuelano-anuncia-libertacao-de-presos-politicos-apos-prisao-de-Maduro-sudoeste-acontece.jpg\",\"contentUrl\":\"https:\/\/sudoesteacontece.com.br\/wp-content\/uploads\/2026\/01\/Governo-venezuelano-anuncia-libertacao-de-presos-politicos-apos-prisao-de-Maduro-sudoeste-acontece.jpg\",\"width\":900,\"height\":600},{\"@type\":\"BreadcrumbList\",\"@id\":\"https:\/\/sudoesteacontece.com.br\/?p=5699#breadcrumb\",\"itemListElement\":[{\"@type\":\"ListItem\",\"position\":1,\"name\":\"In\u00edcio\",\"item\":\"https:\/\/sudoesteacontece.com.br\/\"},{\"@type\":\"ListItem\",\"position\":2,\"name\":\"Governo venezuelano anuncia liberta\u00e7\u00e3o de presos pol\u00edticos ap\u00f3s pris\u00e3o de Maduro\"}]},{\"@type\":\"WebSite\",\"@id\":\"https:\/\/sudoesteacontece.com.br\/#website\",\"url\":\"https:\/\/sudoesteacontece.com.br\/\",\"name\":\"Sudoesteacontece\",\"description\":\"\",\"publisher\":{\"@id\":\"https:\/\/sudoesteacontece.com.br\/#organization\"},\"potentialAction\":[{\"@type\":\"SearchAction\",\"target\":{\"@type\":\"EntryPoint\",\"urlTemplate\":\"https:\/\/sudoesteacontece.com.br\/?s={search_term_string}\"},\"query-input\":{\"@type\":\"PropertyValueSpecification\",\"valueRequired\":true,\"valueName\":\"search_term_string\"}}],\"inLanguage\":\"pt-BR\"},{\"@type\":\"Organization\",\"@id\":\"https:\/\/sudoesteacontece.com.br\/#organization\",\"name\":\"Sudoesteacontece\",\"url\":\"https:\/\/sudoesteacontece.com.br\/\",\"logo\":{\"@type\":\"ImageObject\",\"inLanguage\":\"pt-BR\",\"@id\":\"https:\/\/sudoesteacontece.com.br\/#\/schema\/logo\/image\/\",\"url\":\"https:\/\/sudoesteacontece.com.br\/wp-content\/uploads\/2025\/12\/cropped-logo-2-180x180-1.png\",\"contentUrl\":\"https:\/\/sudoesteacontece.com.br\/wp-content\/uploads\/2025\/12\/cropped-logo-2-180x180-1.png\",\"width\":180,\"height\":180,\"caption\":\"Sudoesteacontece\"},\"image\":{\"@id\":\"https:\/\/sudoesteacontece.com.br\/#\/schema\/logo\/image\/\"},\"sameAs\":[\"https:\/\/www.facebook.com\/sudoesteacontece\/?locale=pt_BR\"]},{\"@type\":\"Person\",\"@id\":\"https:\/\/sudoesteacontece.com.br\/#\/schema\/person\/f4b00cd0a26ac17646f19707cdceb2ce\",\"name\":\"sudoesteacontece\",\"image\":{\"@type\":\"ImageObject\",\"inLanguage\":\"pt-BR\",\"@id\":\"https:\/\/sudoesteacontece.com.br\/#\/schema\/person\/image\/\",\"url\":\"https:\/\/secure.gravatar.com\/avatar\/704557d1f79b454f041f9e5935f2b0e8393614e97e537fc508d1d628292cacfd?s=96&d=mm&r=g\",\"contentUrl\":\"https:\/\/secure.gravatar.com\/avatar\/704557d1f79b454f041f9e5935f2b0e8393614e97e537fc508d1d628292cacfd?s=96&d=mm&r=g\",\"caption\":\"sudoesteacontece\"},\"sameAs\":[\"http:\/\/sudoesteacontece.com.br\"],\"url\":\"https:\/\/sudoesteacontece.com.br\/?author=1\"}]}<\/script>\n<!-- \/ Yoast SEO plugin. -->","yoast_head_json":{"title":"Governo venezuelano anuncia liberta\u00e7\u00e3o de presos pol\u00edticos ap\u00f3s pris\u00e3o de Maduro - Sudoesteacontece","robots":{"index":"index","follow":"follow","max-snippet":"max-snippet:-1","max-image-preview":"max-image-preview:large","max-video-preview":"max-video-preview:-1"},"canonical":"https:\/\/sudoesteacontece.com.br\/?p=5699","og_locale":"pt_BR","og_type":"article","og_title":"Governo venezuelano anuncia liberta\u00e7\u00e3o de presos pol\u00edticos ap\u00f3s pris\u00e3o de Maduro - Sudoesteacontece","og_description":"An\u00fancio feito nesta quinta-feira (8) pelo presidente da Assembleia Nacional da Venezuela, Jorge Rodr\u00edguez, informou que o governo bolivariano come\u00e7ou a libertar um \u201cn\u00famero significativo\u201d de detidos, incluindo presos pol\u00edticos venezuelanos e estrangeiros, em pris\u00f5es do pa\u00eds.Rodr\u00edguez qualificou a medida como um gesto de paz por parte do Executivo e das institui\u00e7\u00f5es estatais, sem acordos pr\u00e9vios com outras partes.Reuters Segundo o chefe do Legislativo e irm\u00e3o da presidente interina Delcy Rodr\u00edguez, o processo de liberta\u00e7\u00e3o j\u00e1 est\u00e1 em andamento e inclui detentos de diferentes nacionalidades, embora ele n\u00e3o tenha especificado quantos ser\u00e3o libertados nem quais nomes est\u00e3o na lista de soltura.AP News Essa decis\u00e3o atende a uma das principais reivindica\u00e7\u00f5es da oposi\u00e7\u00e3o venezuelana, que vinha exigindo a liberta\u00e7\u00e3o de cr\u00edticos e l\u00edderes pol\u00edticos presos nos \u00faltimos anos. A medida ocorre em um momento de intensa press\u00e3o internacional e interna, ap\u00f3s a pris\u00e3o do ex-presidente Nicol\u00e1s Maduro por for\u00e7as dos Estados Unidos.New York Post Movimento foi descrito pelo governo como iniciativa unilateral para buscar \u201cconviv\u00eancia pac\u00edfica\u201d. Grupos de direitos humanos apontam que centenas de pessoas podem ser eleg\u00edveis para soltura, mas ainda muitos detidos por motivos pol\u00edticos permanecem nas pris\u00f5es venezuelanas, segundo organiza\u00e7\u00f5es de acompanhamento.CiberCuba Repercuss\u00f5es incluem rea\u00e7\u00f5es de l\u00edderes pol\u00edticos internacionais, que veem a liberta\u00e7\u00e3o como tentativa de diminuir a press\u00e3o global sobre o pa\u00eds diante de abordagens externas e a\u00e7\u00f5es diplom\u00e1ticas. A a\u00e7\u00e3o tamb\u00e9m ocorre em meio a relatos de tens\u00f5es e conflitos internos ap\u00f3s eventos pol\u00edticos de 2024 e 2025.","og_url":"https:\/\/sudoesteacontece.com.br\/?p=5699","og_site_name":"Sudoesteacontece","article_publisher":"https:\/\/www.facebook.com\/sudoesteacontece\/?locale=pt_BR","article_published_time":"2026-01-08T19:39:06+00:00","article_modified_time":"2026-01-08T19:39:08+00:00","og_image":[{"width":900,"height":600,"url":"https:\/\/sudoesteacontece.com.br\/wp-content\/uploads\/2026\/01\/Governo-venezuelano-anuncia-libertacao-de-presos-politicos-apos-prisao-de-Maduro-sudoeste-acontece.jpg","type":"image\/jpeg"}],"author":"sudoesteacontece","twitter_card":"summary_large_image","twitter_misc":{"Escrito por":"sudoesteacontece","Est. tempo de leitura":"2 minutos"},"schema":{"@context":"https:\/\/schema.org","@graph":[{"@type":"Article","@id":"https:\/\/sudoesteacontece.com.br\/?p=5699#article","isPartOf":{"@id":"https:\/\/sudoesteacontece.com.br\/?p=5699"},"author":{"name":"sudoesteacontece","@id":"https:\/\/sudoesteacontece.com.br\/#\/schema\/person\/f4b00cd0a26ac17646f19707cdceb2ce"},"headline":"Governo venezuelano anuncia liberta\u00e7\u00e3o de presos pol\u00edticos ap\u00f3s pris\u00e3o de Maduro","datePublished":"2026-01-08T19:39:06+00:00","dateModified":"2026-01-08T19:39:08+00:00","mainEntityOfPage":{"@id":"https:\/\/sudoesteacontece.com.br\/?p=5699"},"wordCount":307,"commentCount":0,"publisher":{"@id":"https:\/\/sudoesteacontece.com.br\/#organization"},"image":{"@id":"https:\/\/sudoesteacontece.com.br\/?p=5699#primaryimage"},"thumbnailUrl":"https:\/\/sudoesteacontece.com.br\/wp-content\/uploads\/2026\/01\/Governo-venezuelano-anuncia-libertacao-de-presos-politicos-apos-prisao-de-Maduro-sudoeste-acontece.jpg","articleSection":["Internacional","Justi\u00e7a","Pol\u00edtica"],"inLanguage":"pt-BR","potentialAction":[{"@type":"CommentAction","name":"Comment","target":["https:\/\/sudoesteacontece.com.br\/?p=5699#respond"]}]},{"@type":"WebPage","@id":"https:\/\/sudoesteacontece.com.br\/?p=5699","url":"https:\/\/sudoesteacontece.com.br\/?p=5699","name":"Governo venezuelano anuncia liberta\u00e7\u00e3o de presos pol\u00edticos ap\u00f3s pris\u00e3o de Maduro - Sudoesteacontece","isPartOf":{"@id":"https:\/\/sudoesteacontece.com.br\/#website"},"primaryImageOfPage":{"@id":"https:\/\/sudoesteacontece.com.br\/?p=5699#primaryimage"},"image":{"@id":"https:\/\/sudoesteacontece.com.br\/?p=5699#primaryimage"},"thumbnailUrl":"https:\/\/sudoesteacontece.com.br\/wp-content\/uploads\/2026\/01\/Governo-venezuelano-anuncia-libertacao-de-presos-politicos-apos-prisao-de-Maduro-sudoeste-acontece.jpg","datePublished":"2026-01-08T19:39:06+00:00","dateModified":"2026-01-08T19:39:08+00:00","breadcrumb":{"@id":"https:\/\/sudoesteacontece.com.br\/?p=5699#breadcrumb"},"inLanguage":"pt-BR","potentialAction":[{"@type":"ReadAction","target":["https:\/\/sudoesteacontece.com.br\/?p=5699"]}]},{"@type":"ImageObject","inLanguage":"pt-BR","@id":"https:\/\/sudoesteacontece.com.br\/?p=5699#primaryimage","url":"https:\/\/sudoesteacontece.com.br\/wp-content\/uploads\/2026\/01\/Governo-venezuelano-anuncia-libertacao-de-presos-politicos-apos-prisao-de-Maduro-sudoeste-acontece.jpg","contentUrl":"https:\/\/sudoesteacontece.com.br\/wp-content\/uploads\/2026\/01\/Governo-venezuelano-anuncia-libertacao-de-presos-politicos-apos-prisao-de-Maduro-sudoeste-acontece.jpg","width":900,"height":600},{"@type":"BreadcrumbList","@id":"https:\/\/sudoesteacontece.com.br\/?p=5699#breadcrumb","itemListElement":[{"@type":"ListItem","position":1,"name":"In\u00edcio","item":"https:\/\/sudoesteacontece.com.br\/"},{"@type":"ListItem","position":2,"name":"Governo venezuelano anuncia liberta\u00e7\u00e3o de presos pol\u00edticos ap\u00f3s pris\u00e3o de Maduro"}]},{"@type":"WebSite","@id":"https:\/\/sudoesteacontece.com.br\/#website","url":"https:\/\/sudoesteacontece.com.br\/","name":"Sudoesteacontece","description":"","publisher":{"@id":"https:\/\/sudoesteacontece.com.br\/#organization"},"potentialAction":[{"@type":"SearchAction","target":{"@type":"EntryPoint","urlTemplate":"https:\/\/sudoesteacontece.com.br\/?s={search_term_string}"},"query-input":{"@type":"PropertyValueSpecification","valueRequired":true,"valueName":"search_term_string"}}],"inLanguage":"pt-BR"},{"@type":"Organization","@id":"https:\/\/sudoesteacontece.com.br\/#organization","name":"Sudoesteacontece","url":"https:\/\/sudoesteacontece.com.br\/","logo":{"@type":"ImageObject","inLanguage":"pt-BR","@id":"https:\/\/sudoesteacontece.com.br\/#\/schema\/logo\/image\/","url":"https:\/\/sudoesteacontece.com.br\/wp-content\/uploads\/2025\/12\/cropped-logo-2-180x180-1.png","contentUrl":"https:\/\/sudoesteacontece.com.br\/wp-content\/uploads\/2025\/12\/cropped-logo-2-180x180-1.png","width":180,"height":180,"caption":"Sudoesteacontece"},"image":{"@id":"https:\/\/sudoesteacontece.com.br\/#\/schema\/logo\/image\/"},"sameAs":["https:\/\/www.facebook.com\/sudoesteacontece\/?locale=pt_BR"]},{"@type":"Person","@id":"https:\/\/sudoesteacontece.com.br\/#\/schema\/person\/f4b00cd0a26ac17646f19707cdceb2ce","name":"sudoesteacontece","image":{"@type":"ImageObject","inLanguage":"pt-BR","@id":"https:\/\/sudoesteacontece.com.br\/#\/schema\/person\/image\/","url":"https:\/\/secure.gravatar.com\/avatar\/704557d1f79b454f041f9e5935f2b0e8393614e97e537fc508d1d628292cacfd?s=96&d=mm&r=g","contentUrl":"https:\/\/secure.gravatar.com\/avatar\/704557d1f79b454f041f9e5935f2b0e8393614e97e537fc508d1d628292cacfd?s=96&d=mm&r=g","caption":"sudoesteacontece"},"sameAs":["http:\/\/sudoesteacontece.com.br"],"url":"https:\/\/sudoesteacontece.com.br\/?author=1"}]}},"_links":{"self":[{"href":"https:\/\/sudoesteacontece.com.br\/index.php?rest_route=\/wp\/v2\/posts\/5699","targetHints":{"allow":["GET"]}}],"collection":[{"href":"https:\/\/sudoesteacontece.com.br\/index.php?rest_route=\/wp\/v2\/posts"}],"about":[{"href":"https:\/\/sudoesteacontece.com.br\/index.php?rest_route=\/wp\/v2\/types\/post"}],"author":[{"embeddable":true,"href":"https:\/\/sudoesteacontece.com.br\/index.php?rest_route=\/wp\/v2\/users\/1"}],"replies":[{"embeddable":true,"href":"https:\/\/sudoesteacontece.com.br\/index.php?rest_route=%2Fwp%2Fv2%2Fcomments&post=5699"}],"version-history":[{"count":0,"href":"https:\/\/sudoesteacontece.com.br\/index.php?rest_route=\/wp\/v2\/posts\/5699\/revisions"}],"wp:featuredmedia":[{"embeddable":true,"href":"https:\/\/sudoesteacontece.com.br\/index.php?rest_route=\/wp\/v2\/media\/5715"}],"wp:attachment":[{"href":"https:\/\/sudoesteacontece.com.br\/index.php?rest_route=%2Fwp%2Fv2%2Fmedia&parent=5699"}],"wp:term":[{"taxonomy":"category","embeddable":true,"href":"https:\/\/sudoesteacontece.com.br\/index.php?rest_route=%2Fwp%2Fv2%2Fcategories&post=5699"},{"taxonomy":"post_tag","embeddable":true,"href":"https:\/\/sudoesteacontece.com.br\/index.php?rest_route=%2Fwp%2Fv2%2Ftags&post=5699"}],"curies":[{"name":"wp","href":"https:\/\/api.w.org\/{rel}","templated":true}]}}