{"id":5718,"date":"2026-01-08T21:44:51","date_gmt":"2026-01-09T00:44:51","guid":{"rendered":"https:\/\/sudoesteacontece.com.br\/?p=5718"},"modified":"2026-01-08T21:44:54","modified_gmt":"2026-01-09T00:44:54","slug":"coronel-lira-junior-morre-apos-grave-acidente-em-itapetinga","status":"publish","type":"post","link":"https:\/\/sudoesteacontece.com.br\/?p=5718","title":{"rendered":"Coronel Lira J\u00fanior morre ap\u00f3s grave acidente em Itapetinga"},"content":{"rendered":"<div class=\"wp-block-image\">\n<figure class=\"aligncenter size-full\"><img fetchpriority=\"high\" decoding=\"async\" width=\"900\" height=\"600\" src=\"http:\/\/sudoesteacontece.com.br\/wp-content\/uploads\/2026\/01\/Coronel-Lira-morre-apos-grave-acidente-em-Itapetinga-sudoeste-acontece.jpg\" alt=\"\" class=\"wp-image-5719\" srcset=\"https:\/\/sudoesteacontece.com.br\/wp-content\/uploads\/2026\/01\/Coronel-Lira-morre-apos-grave-acidente-em-Itapetinga-sudoeste-acontece.jpg 900w, https:\/\/sudoesteacontece.com.br\/wp-content\/uploads\/2026\/01\/Coronel-Lira-morre-apos-grave-acidente-em-Itapetinga-sudoeste-acontece-300x200.jpg 300w, https:\/\/sudoesteacontece.com.br\/wp-content\/uploads\/2026\/01\/Coronel-Lira-morre-apos-grave-acidente-em-Itapetinga-sudoeste-acontece-768x512.jpg 768w\" sizes=\"(max-width: 900px) 100vw, 900px\" \/><\/figure>\n<\/div>\n\n\n<p>Trag\u00e9dia marcou a noite desta quinta-feira (8) no sudoeste da Bahia. O coronel da Pol\u00edcia Militar In\u00e1cio Paz Lira J\u00fanior, de 64 anos, morreu ap\u00f3s um grave acidente automobil\u00edstico na BA-263, no trecho entre Itapetinga e Vit\u00f3ria da Conquista, pr\u00f3ximo ao munic\u00edpio de Itamb\u00e9.<\/p>\n\n\n\n<p>Socorro chegou a ser prestado ainda no local. O oficial foi encaminhado ao Hospital S\u00e3o Sebasti\u00e3o, em Itamb\u00e9, mas n\u00e3o resistiu \u00e0 gravidade dos ferimentos. Equipes do Departamento de Pol\u00edcia T\u00e9cnica foram acionadas para realizar os procedimentos legais e apurar as circunst\u00e2ncias do acidente.<\/p>\n\n\n\n<p>Reconhecimento marca a trajet\u00f3ria do coronel In\u00e1cio Lira na seguran\u00e7a p\u00fablica baiana. Ele foi o primeiro comandante do Comando de Policiamento da Regi\u00e3o Sudoeste (CPR-SO), cargo considerado fundamental para a organiza\u00e7\u00e3o e fortalecimento do policiamento em Vit\u00f3ria da Conquista e munic\u00edpios vizinhos.<\/p>\n\n\n\n<p>Legado ultrapassa a carreira militar. Conhecido pelo perfil humanista e pela dedica\u00e7\u00e3o ao servi\u00e7o p\u00fablico, o coronel residia atualmente em Guanambi, sua cidade natal, onde atuava como secret\u00e1rio municipal, mantendo forte v\u00ednculo com a gest\u00e3o p\u00fablica e a seguran\u00e7a.<\/p>\n\n\n\n<p>Como\u00e7\u00e3o tomou conta de policiais militares, autoridades e moradores da regi\u00e3o. Colegas de farda destacaram a lideran\u00e7a e o compromisso do oficial com a sociedade. Informa\u00e7\u00f5es sobre vel\u00f3rio e sepultamento dever\u00e3o ser divulgadas pela fam\u00edlia nas pr\u00f3ximas horas.<\/p>\n","protected":false},"excerpt":{"rendered":"<p>Trag\u00e9dia marcou a noite desta quinta-feira (8) no sudoeste da Bahia. O coronel da Pol\u00edcia Militar In\u00e1cio Paz Lira J\u00fanior, de 64 anos, morreu ap\u00f3s um grave acidente automobil\u00edstico na BA-263, no trecho entre Itapetinga e Vit\u00f3ria da Conquista, pr\u00f3ximo ao munic\u00edpio de Itamb\u00e9. Socorro chegou a ser prestado ainda no local. O oficial foi encaminhado ao Hospital S\u00e3o Sebasti\u00e3o, em Itamb\u00e9, mas n\u00e3o resistiu \u00e0 gravidade dos ferimentos. Equipes do Departamento de Pol\u00edcia T\u00e9cnica foram acionadas para realizar os procedimentos legais e apurar as circunst\u00e2ncias do acidente. Reconhecimento marca a trajet\u00f3ria do coronel In\u00e1cio Lira na seguran\u00e7a p\u00fablica baiana. Ele foi o primeiro comandante do Comando de Policiamento da Regi\u00e3o Sudoeste (CPR-SO), cargo considerado fundamental para a organiza\u00e7\u00e3o e fortalecimento do policiamento em Vit\u00f3ria da Conquista e munic\u00edpios vizinhos. Legado ultrapassa a carreira militar. Conhecido pelo perfil humanista e pela dedica\u00e7\u00e3o ao servi\u00e7o p\u00fablico, o coronel residia atualmente em Guanambi, sua cidade natal, onde atuava como secret\u00e1rio municipal, mantendo forte v\u00ednculo com a gest\u00e3o p\u00fablica e a seguran\u00e7a. Como\u00e7\u00e3o tomou conta de policiais militares, autoridades e moradores da regi\u00e3o. Colegas de farda destacaram a lideran\u00e7a e o compromisso do oficial com a sociedade. Informa\u00e7\u00f5es sobre vel\u00f3rio e sepultamento dever\u00e3o ser divulgadas pela fam\u00edlia nas pr\u00f3ximas horas.<\/p>\n","protected":false},"author":4,"featured_media":5719,"comment_status":"open","ping_status":"open","sticky":false,"template":"","format":"standard","meta":{"footnotes":""},"categories":[5,7,4,3],"tags":[],"class_list":["post-5718","post","type-post","status-publish","format-standard","has-post-thumbnail","hentry","category-acidente","category-bahia","category-cidades","category-policia"],"yoast_head":"<!-- This site is optimized with the Yoast SEO plugin v26.5 - https:\/\/yoast.com\/wordpress\/plugins\/seo\/ -->\n<title>Coronel Lira J\u00fanior morre ap\u00f3s grave acidente em Itapetinga - Sudoesteacontece<\/title>\n<meta name=\"robots\" content=\"index, follow, max-snippet:-1, max-image-preview:large, max-video-preview:-1\" \/>\n<link rel=\"canonical\" href=\"https:\/\/sudoesteacontece.com.br\/?p=5718\" \/>\n<meta property=\"og:locale\" content=\"pt_BR\" \/>\n<meta property=\"og:type\" content=\"article\" \/>\n<meta property=\"og:title\" content=\"Coronel Lira J\u00fanior morre ap\u00f3s grave acidente em Itapetinga - Sudoesteacontece\" \/>\n<meta property=\"og:description\" content=\"Trag\u00e9dia marcou a noite desta quinta-feira (8) no sudoeste da Bahia. O coronel da Pol\u00edcia Militar In\u00e1cio Paz Lira J\u00fanior, de 64 anos, morreu ap\u00f3s um grave acidente automobil\u00edstico na BA-263, no trecho entre Itapetinga e Vit\u00f3ria da Conquista, pr\u00f3ximo ao munic\u00edpio de Itamb\u00e9. Socorro chegou a ser prestado ainda no local. O oficial foi encaminhado ao Hospital S\u00e3o Sebasti\u00e3o, em Itamb\u00e9, mas n\u00e3o resistiu \u00e0 gravidade dos ferimentos. Equipes do Departamento de Pol\u00edcia T\u00e9cnica foram acionadas para realizar os procedimentos legais e apurar as circunst\u00e2ncias do acidente. Reconhecimento marca a trajet\u00f3ria do coronel In\u00e1cio Lira na seguran\u00e7a p\u00fablica baiana. Ele foi o primeiro comandante do Comando de Policiamento da Regi\u00e3o Sudoeste (CPR-SO), cargo considerado fundamental para a organiza\u00e7\u00e3o e fortalecimento do policiamento em Vit\u00f3ria da Conquista e munic\u00edpios vizinhos. Legado ultrapassa a carreira militar. Conhecido pelo perfil humanista e pela dedica\u00e7\u00e3o ao servi\u00e7o p\u00fablico, o coronel residia atualmente em Guanambi, sua cidade natal, onde atuava como secret\u00e1rio municipal, mantendo forte v\u00ednculo com a gest\u00e3o p\u00fablica e a seguran\u00e7a. Como\u00e7\u00e3o tomou conta de policiais militares, autoridades e moradores da regi\u00e3o. Colegas de farda destacaram a lideran\u00e7a e o compromisso do oficial com a sociedade. Informa\u00e7\u00f5es sobre vel\u00f3rio e sepultamento dever\u00e3o ser divulgadas pela fam\u00edlia nas pr\u00f3ximas horas.\" \/>\n<meta property=\"og:url\" content=\"https:\/\/sudoesteacontece.com.br\/?p=5718\" \/>\n<meta property=\"og:site_name\" content=\"Sudoesteacontece\" \/>\n<meta property=\"article:publisher\" content=\"https:\/\/www.facebook.com\/sudoesteacontece\/?locale=pt_BR\" \/>\n<meta property=\"article:published_time\" content=\"2026-01-09T00:44:51+00:00\" \/>\n<meta property=\"article:modified_time\" content=\"2026-01-09T00:44:54+00:00\" \/>\n<meta property=\"og:image\" content=\"https:\/\/sudoesteacontece.com.br\/wp-content\/uploads\/2026\/01\/Coronel-Lira-morre-apos-grave-acidente-em-Itapetinga-sudoeste-acontece.jpg\" \/>\n\t<meta property=\"og:image:width\" content=\"900\" \/>\n\t<meta property=\"og:image:height\" content=\"600\" \/>\n\t<meta property=\"og:image:type\" content=\"image\/jpeg\" \/>\n<meta name=\"author\" content=\"Reda\u00e7\u00e3o\" \/>\n<meta name=\"twitter:card\" content=\"summary_large_image\" \/>\n<meta name=\"twitter:label1\" content=\"Escrito por\" \/>\n\t<meta name=\"twitter:data1\" content=\"Reda\u00e7\u00e3o\" \/>\n\t<meta name=\"twitter:label2\" content=\"Est. tempo de leitura\" \/>\n\t<meta name=\"twitter:data2\" content=\"2 minutos\" \/>\n<script type=\"application\/ld+json\" class=\"yoast-schema-graph\">{\"@context\":\"https:\/\/schema.org\",\"@graph\":[{\"@type\":\"Article\",\"@id\":\"https:\/\/sudoesteacontece.com.br\/?p=5718#article\",\"isPartOf\":{\"@id\":\"https:\/\/sudoesteacontece.com.br\/?p=5718\"},\"author\":{\"name\":\"Reda\u00e7\u00e3o\",\"@id\":\"https:\/\/sudoesteacontece.com.br\/#\/schema\/person\/a4f22429c1d0923ef8f7d43343f8dc38\"},\"headline\":\"Coronel Lira J\u00fanior morre ap\u00f3s grave acidente em Itapetinga\",\"datePublished\":\"2026-01-09T00:44:51+00:00\",\"dateModified\":\"2026-01-09T00:44:54+00:00\",\"mainEntityOfPage\":{\"@id\":\"https:\/\/sudoesteacontece.com.br\/?p=5718\"},\"wordCount\":254,\"commentCount\":0,\"publisher\":{\"@id\":\"https:\/\/sudoesteacontece.com.br\/#organization\"},\"image\":{\"@id\":\"https:\/\/sudoesteacontece.com.br\/?p=5718#primaryimage\"},\"thumbnailUrl\":\"https:\/\/sudoesteacontece.com.br\/wp-content\/uploads\/2026\/01\/Coronel-Lira-morre-apos-grave-acidente-em-Itapetinga-sudoeste-acontece.jpg\",\"articleSection\":[\"Acidente\",\"Bahia\",\"Cidades\",\"Pol\u00edcia\"],\"inLanguage\":\"pt-BR\",\"potentialAction\":[{\"@type\":\"CommentAction\",\"name\":\"Comment\",\"target\":[\"https:\/\/sudoesteacontece.com.br\/?p=5718#respond\"]}]},{\"@type\":\"WebPage\",\"@id\":\"https:\/\/sudoesteacontece.com.br\/?p=5718\",\"url\":\"https:\/\/sudoesteacontece.com.br\/?p=5718\",\"name\":\"Coronel Lira J\u00fanior morre ap\u00f3s grave acidente em Itapetinga - Sudoesteacontece\",\"isPartOf\":{\"@id\":\"https:\/\/sudoesteacontece.com.br\/#website\"},\"primaryImageOfPage\":{\"@id\":\"https:\/\/sudoesteacontece.com.br\/?p=5718#primaryimage\"},\"image\":{\"@id\":\"https:\/\/sudoesteacontece.com.br\/?p=5718#primaryimage\"},\"thumbnailUrl\":\"https:\/\/sudoesteacontece.com.br\/wp-content\/uploads\/2026\/01\/Coronel-Lira-morre-apos-grave-acidente-em-Itapetinga-sudoeste-acontece.jpg\",\"datePublished\":\"2026-01-09T00:44:51+00:00\",\"dateModified\":\"2026-01-09T00:44:54+00:00\",\"breadcrumb\":{\"@id\":\"https:\/\/sudoesteacontece.com.br\/?p=5718#breadcrumb\"},\"inLanguage\":\"pt-BR\",\"potentialAction\":[{\"@type\":\"ReadAction\",\"target\":[\"https:\/\/sudoesteacontece.com.br\/?p=5718\"]}]},{\"@type\":\"ImageObject\",\"inLanguage\":\"pt-BR\",\"@id\":\"https:\/\/sudoesteacontece.com.br\/?p=5718#primaryimage\",\"url\":\"https:\/\/sudoesteacontece.com.br\/wp-content\/uploads\/2026\/01\/Coronel-Lira-morre-apos-grave-acidente-em-Itapetinga-sudoeste-acontece.jpg\",\"contentUrl\":\"https:\/\/sudoesteacontece.com.br\/wp-content\/uploads\/2026\/01\/Coronel-Lira-morre-apos-grave-acidente-em-Itapetinga-sudoeste-acontece.jpg\",\"width\":900,\"height\":600},{\"@type\":\"BreadcrumbList\",\"@id\":\"https:\/\/sudoesteacontece.com.br\/?p=5718#breadcrumb\",\"itemListElement\":[{\"@type\":\"ListItem\",\"position\":1,\"name\":\"In\u00edcio\",\"item\":\"https:\/\/sudoesteacontece.com.br\/\"},{\"@type\":\"ListItem\",\"position\":2,\"name\":\"Coronel Lira J\u00fanior morre ap\u00f3s grave acidente em Itapetinga\"}]},{\"@type\":\"WebSite\",\"@id\":\"https:\/\/sudoesteacontece.com.br\/#website\",\"url\":\"https:\/\/sudoesteacontece.com.br\/\",\"name\":\"Sudoesteacontece\",\"description\":\"\",\"publisher\":{\"@id\":\"https:\/\/sudoesteacontece.com.br\/#organization\"},\"potentialAction\":[{\"@type\":\"SearchAction\",\"target\":{\"@type\":\"EntryPoint\",\"urlTemplate\":\"https:\/\/sudoesteacontece.com.br\/?s={search_term_string}\"},\"query-input\":{\"@type\":\"PropertyValueSpecification\",\"valueRequired\":true,\"valueName\":\"search_term_string\"}}],\"inLanguage\":\"pt-BR\"},{\"@type\":\"Organization\",\"@id\":\"https:\/\/sudoesteacontece.com.br\/#organization\",\"name\":\"Sudoesteacontece\",\"url\":\"https:\/\/sudoesteacontece.com.br\/\",\"logo\":{\"@type\":\"ImageObject\",\"inLanguage\":\"pt-BR\",\"@id\":\"https:\/\/sudoesteacontece.com.br\/#\/schema\/logo\/image\/\",\"url\":\"https:\/\/sudoesteacontece.com.br\/wp-content\/uploads\/2025\/12\/cropped-logo-2-180x180-1.png\",\"contentUrl\":\"https:\/\/sudoesteacontece.com.br\/wp-content\/uploads\/2025\/12\/cropped-logo-2-180x180-1.png\",\"width\":180,\"height\":180,\"caption\":\"Sudoesteacontece\"},\"image\":{\"@id\":\"https:\/\/sudoesteacontece.com.br\/#\/schema\/logo\/image\/\"},\"sameAs\":[\"https:\/\/www.facebook.com\/sudoesteacontece\/?locale=pt_BR\"]},{\"@type\":\"Person\",\"@id\":\"https:\/\/sudoesteacontece.com.br\/#\/schema\/person\/a4f22429c1d0923ef8f7d43343f8dc38\",\"name\":\"Reda\u00e7\u00e3o\",\"image\":{\"@type\":\"ImageObject\",\"inLanguage\":\"pt-BR\",\"@id\":\"https:\/\/sudoesteacontece.com.br\/#\/schema\/person\/image\/\",\"url\":\"https:\/\/secure.gravatar.com\/avatar\/c3a5b3c93f268a709c25a2df414c629a96fb3b1b4bf97a94fb3f72e54ae76903?s=96&d=mm&r=g\",\"contentUrl\":\"https:\/\/secure.gravatar.com\/avatar\/c3a5b3c93f268a709c25a2df414c629a96fb3b1b4bf97a94fb3f72e54ae76903?s=96&d=mm&r=g\",\"caption\":\"Reda\u00e7\u00e3o\"},\"url\":\"https:\/\/sudoesteacontece.com.br\/?author=4\"}]}<\/script>\n<!-- \/ Yoast SEO plugin. -->","yoast_head_json":{"title":"Coronel Lira J\u00fanior morre ap\u00f3s grave acidente em Itapetinga - Sudoesteacontece","robots":{"index":"index","follow":"follow","max-snippet":"max-snippet:-1","max-image-preview":"max-image-preview:large","max-video-preview":"max-video-preview:-1"},"canonical":"https:\/\/sudoesteacontece.com.br\/?p=5718","og_locale":"pt_BR","og_type":"article","og_title":"Coronel Lira J\u00fanior morre ap\u00f3s grave acidente em Itapetinga - Sudoesteacontece","og_description":"Trag\u00e9dia marcou a noite desta quinta-feira (8) no sudoeste da Bahia. O coronel da Pol\u00edcia Militar In\u00e1cio Paz Lira J\u00fanior, de 64 anos, morreu ap\u00f3s um grave acidente automobil\u00edstico na BA-263, no trecho entre Itapetinga e Vit\u00f3ria da Conquista, pr\u00f3ximo ao munic\u00edpio de Itamb\u00e9. Socorro chegou a ser prestado ainda no local. O oficial foi encaminhado ao Hospital S\u00e3o Sebasti\u00e3o, em Itamb\u00e9, mas n\u00e3o resistiu \u00e0 gravidade dos ferimentos. Equipes do Departamento de Pol\u00edcia T\u00e9cnica foram acionadas para realizar os procedimentos legais e apurar as circunst\u00e2ncias do acidente. Reconhecimento marca a trajet\u00f3ria do coronel In\u00e1cio Lira na seguran\u00e7a p\u00fablica baiana. Ele foi o primeiro comandante do Comando de Policiamento da Regi\u00e3o Sudoeste (CPR-SO), cargo considerado fundamental para a organiza\u00e7\u00e3o e fortalecimento do policiamento em Vit\u00f3ria da Conquista e munic\u00edpios vizinhos. Legado ultrapassa a carreira militar. Conhecido pelo perfil humanista e pela dedica\u00e7\u00e3o ao servi\u00e7o p\u00fablico, o coronel residia atualmente em Guanambi, sua cidade natal, onde atuava como secret\u00e1rio municipal, mantendo forte v\u00ednculo com a gest\u00e3o p\u00fablica e a seguran\u00e7a. Como\u00e7\u00e3o tomou conta de policiais militares, autoridades e moradores da regi\u00e3o. Colegas de farda destacaram a lideran\u00e7a e o compromisso do oficial com a sociedade. Informa\u00e7\u00f5es sobre vel\u00f3rio e sepultamento dever\u00e3o ser divulgadas pela fam\u00edlia nas pr\u00f3ximas horas.","og_url":"https:\/\/sudoesteacontece.com.br\/?p=5718","og_site_name":"Sudoesteacontece","article_publisher":"https:\/\/www.facebook.com\/sudoesteacontece\/?locale=pt_BR","article_published_time":"2026-01-09T00:44:51+00:00","article_modified_time":"2026-01-09T00:44:54+00:00","og_image":[{"width":900,"height":600,"url":"https:\/\/sudoesteacontece.com.br\/wp-content\/uploads\/2026\/01\/Coronel-Lira-morre-apos-grave-acidente-em-Itapetinga-sudoeste-acontece.jpg","type":"image\/jpeg"}],"author":"Reda\u00e7\u00e3o","twitter_card":"summary_large_image","twitter_misc":{"Escrito por":"Reda\u00e7\u00e3o","Est. tempo de leitura":"2 minutos"},"schema":{"@context":"https:\/\/schema.org","@graph":[{"@type":"Article","@id":"https:\/\/sudoesteacontece.com.br\/?p=5718#article","isPartOf":{"@id":"https:\/\/sudoesteacontece.com.br\/?p=5718"},"author":{"name":"Reda\u00e7\u00e3o","@id":"https:\/\/sudoesteacontece.com.br\/#\/schema\/person\/a4f22429c1d0923ef8f7d43343f8dc38"},"headline":"Coronel Lira J\u00fanior morre ap\u00f3s grave acidente em Itapetinga","datePublished":"2026-01-09T00:44:51+00:00","dateModified":"2026-01-09T00:44:54+00:00","mainEntityOfPage":{"@id":"https:\/\/sudoesteacontece.com.br\/?p=5718"},"wordCount":254,"commentCount":0,"publisher":{"@id":"https:\/\/sudoesteacontece.com.br\/#organization"},"image":{"@id":"https:\/\/sudoesteacontece.com.br\/?p=5718#primaryimage"},"thumbnailUrl":"https:\/\/sudoesteacontece.com.br\/wp-content\/uploads\/2026\/01\/Coronel-Lira-morre-apos-grave-acidente-em-Itapetinga-sudoeste-acontece.jpg","articleSection":["Acidente","Bahia","Cidades","Pol\u00edcia"],"inLanguage":"pt-BR","potentialAction":[{"@type":"CommentAction","name":"Comment","target":["https:\/\/sudoesteacontece.com.br\/?p=5718#respond"]}]},{"@type":"WebPage","@id":"https:\/\/sudoesteacontece.com.br\/?p=5718","url":"https:\/\/sudoesteacontece.com.br\/?p=5718","name":"Coronel Lira J\u00fanior morre ap\u00f3s grave acidente em Itapetinga - Sudoesteacontece","isPartOf":{"@id":"https:\/\/sudoesteacontece.com.br\/#website"},"primaryImageOfPage":{"@id":"https:\/\/sudoesteacontece.com.br\/?p=5718#primaryimage"},"image":{"@id":"https:\/\/sudoesteacontece.com.br\/?p=5718#primaryimage"},"thumbnailUrl":"https:\/\/sudoesteacontece.com.br\/wp-content\/uploads\/2026\/01\/Coronel-Lira-morre-apos-grave-acidente-em-Itapetinga-sudoeste-acontece.jpg","datePublished":"2026-01-09T00:44:51+00:00","dateModified":"2026-01-09T00:44:54+00:00","breadcrumb":{"@id":"https:\/\/sudoesteacontece.com.br\/?p=5718#breadcrumb"},"inLanguage":"pt-BR","potentialAction":[{"@type":"ReadAction","target":["https:\/\/sudoesteacontece.com.br\/?p=5718"]}]},{"@type":"ImageObject","inLanguage":"pt-BR","@id":"https:\/\/sudoesteacontece.com.br\/?p=5718#primaryimage","url":"https:\/\/sudoesteacontece.com.br\/wp-content\/uploads\/2026\/01\/Coronel-Lira-morre-apos-grave-acidente-em-Itapetinga-sudoeste-acontece.jpg","contentUrl":"https:\/\/sudoesteacontece.com.br\/wp-content\/uploads\/2026\/01\/Coronel-Lira-morre-apos-grave-acidente-em-Itapetinga-sudoeste-acontece.jpg","width":900,"height":600},{"@type":"BreadcrumbList","@id":"https:\/\/sudoesteacontece.com.br\/?p=5718#breadcrumb","itemListElement":[{"@type":"ListItem","position":1,"name":"In\u00edcio","item":"https:\/\/sudoesteacontece.com.br\/"},{"@type":"ListItem","position":2,"name":"Coronel Lira J\u00fanior morre ap\u00f3s grave acidente em Itapetinga"}]},{"@type":"WebSite","@id":"https:\/\/sudoesteacontece.com.br\/#website","url":"https:\/\/sudoesteacontece.com.br\/","name":"Sudoesteacontece","description":"","publisher":{"@id":"https:\/\/sudoesteacontece.com.br\/#organization"},"potentialAction":[{"@type":"SearchAction","target":{"@type":"EntryPoint","urlTemplate":"https:\/\/sudoesteacontece.com.br\/?s={search_term_string}"},"query-input":{"@type":"PropertyValueSpecification","valueRequired":true,"valueName":"search_term_string"}}],"inLanguage":"pt-BR"},{"@type":"Organization","@id":"https:\/\/sudoesteacontece.com.br\/#organization","name":"Sudoesteacontece","url":"https:\/\/sudoesteacontece.com.br\/","logo":{"@type":"ImageObject","inLanguage":"pt-BR","@id":"https:\/\/sudoesteacontece.com.br\/#\/schema\/logo\/image\/","url":"https:\/\/sudoesteacontece.com.br\/wp-content\/uploads\/2025\/12\/cropped-logo-2-180x180-1.png","contentUrl":"https:\/\/sudoesteacontece.com.br\/wp-content\/uploads\/2025\/12\/cropped-logo-2-180x180-1.png","width":180,"height":180,"caption":"Sudoesteacontece"},"image":{"@id":"https:\/\/sudoesteacontece.com.br\/#\/schema\/logo\/image\/"},"sameAs":["https:\/\/www.facebook.com\/sudoesteacontece\/?locale=pt_BR"]},{"@type":"Person","@id":"https:\/\/sudoesteacontece.com.br\/#\/schema\/person\/a4f22429c1d0923ef8f7d43343f8dc38","name":"Reda\u00e7\u00e3o","image":{"@type":"ImageObject","inLanguage":"pt-BR","@id":"https:\/\/sudoesteacontece.com.br\/#\/schema\/person\/image\/","url":"https:\/\/secure.gravatar.com\/avatar\/c3a5b3c93f268a709c25a2df414c629a96fb3b1b4bf97a94fb3f72e54ae76903?s=96&d=mm&r=g","contentUrl":"https:\/\/secure.gravatar.com\/avatar\/c3a5b3c93f268a709c25a2df414c629a96fb3b1b4bf97a94fb3f72e54ae76903?s=96&d=mm&r=g","caption":"Reda\u00e7\u00e3o"},"url":"https:\/\/sudoesteacontece.com.br\/?author=4"}]}},"_links":{"self":[{"href":"https:\/\/sudoesteacontece.com.br\/index.php?rest_route=\/wp\/v2\/posts\/5718","targetHints":{"allow":["GET"]}}],"collection":[{"href":"https:\/\/sudoesteacontece.com.br\/index.php?rest_route=\/wp\/v2\/posts"}],"about":[{"href":"https:\/\/sudoesteacontece.com.br\/index.php?rest_route=\/wp\/v2\/types\/post"}],"author":[{"embeddable":true,"href":"https:\/\/sudoesteacontece.com.br\/index.php?rest_route=\/wp\/v2\/users\/4"}],"replies":[{"embeddable":true,"href":"https:\/\/sudoesteacontece.com.br\/index.php?rest_route=%2Fwp%2Fv2%2Fcomments&post=5718"}],"version-history":[{"count":0,"href":"https:\/\/sudoesteacontece.com.br\/index.php?rest_route=\/wp\/v2\/posts\/5718\/revisions"}],"wp:featuredmedia":[{"embeddable":true,"href":"https:\/\/sudoesteacontece.com.br\/index.php?rest_route=\/wp\/v2\/media\/5719"}],"wp:attachment":[{"href":"https:\/\/sudoesteacontece.com.br\/index.php?rest_route=%2Fwp%2Fv2%2Fmedia&parent=5718"}],"wp:term":[{"taxonomy":"category","embeddable":true,"href":"https:\/\/sudoesteacontece.com.br\/index.php?rest_route=%2Fwp%2Fv2%2Fcategories&post=5718"},{"taxonomy":"post_tag","embeddable":true,"href":"https:\/\/sudoesteacontece.com.br\/index.php?rest_route=%2Fwp%2Fv2%2Ftags&post=5718"}],"curies":[{"name":"wp","href":"https:\/\/api.w.org\/{rel}","templated":true}]}}