{"id":5747,"date":"2026-01-09T11:20:59","date_gmt":"2026-01-09T14:20:59","guid":{"rendered":"https:\/\/sudoesteacontece.com.br\/?p=5747"},"modified":"2026-01-09T11:21:00","modified_gmt":"2026-01-09T14:21:00","slug":"obras-do-minha-casa-minha-vida-avanca-em-brumado-e-inscricoes-terminam-nesta-sexta-feira","status":"publish","type":"post","link":"https:\/\/sudoesteacontece.com.br\/?p=5747","title":{"rendered":"Obras do Minha Casa, Minha Vida avan\u00e7a em Brumado e inscri\u00e7\u00f5es terminam nesta sexta-feira"},"content":{"rendered":"<div class=\"wp-block-image\">\n<figure class=\"aligncenter size-full\"><img fetchpriority=\"high\" decoding=\"async\" width=\"900\" height=\"600\" src=\"http:\/\/sudoesteacontece.com.br\/wp-content\/uploads\/2026\/01\/Obras-do-Minha-Casa-Minha-Vida-avanca-em-Brumado-e-inscricoes-terminam-nesta-sexta-feira-sudoeste-acontece.jpg\" alt=\"\" class=\"wp-image-5768\" srcset=\"https:\/\/sudoesteacontece.com.br\/wp-content\/uploads\/2026\/01\/Obras-do-Minha-Casa-Minha-Vida-avanca-em-Brumado-e-inscricoes-terminam-nesta-sexta-feira-sudoeste-acontece.jpg 900w, https:\/\/sudoesteacontece.com.br\/wp-content\/uploads\/2026\/01\/Obras-do-Minha-Casa-Minha-Vida-avanca-em-Brumado-e-inscricoes-terminam-nesta-sexta-feira-sudoeste-acontece-300x200.jpg 300w, https:\/\/sudoesteacontece.com.br\/wp-content\/uploads\/2026\/01\/Obras-do-Minha-Casa-Minha-Vida-avanca-em-Brumado-e-inscricoes-terminam-nesta-sexta-feira-sudoeste-acontece-768x512.jpg 768w\" sizes=\"(max-width: 900px) 100vw, 900px\" \/><\/figure>\n<\/div>\n\n\n<p>Brumado registra avan\u00e7o significativo nas obras do Residencial S\u00e3o Sebasti\u00e3o I, que integra o Programa Minha Casa, Minha Vida, do Governo Federal. O empreendimento j\u00e1 apresenta v\u00e1rios pr\u00e9dios em est\u00e1gio adiantado e contempla a constru\u00e7\u00e3o de 144 unidades habitacionais destinadas a fam\u00edlias em situa\u00e7\u00e3o de vulnerabilidade social no munic\u00edpio.<\/p>\n\n\n\n<p>Segundo a secret\u00e1ria municipal de Assist\u00eancia Social, Magaly Rodrigues, o ritmo das obras refor\u00e7a a expectativa positiva da gest\u00e3o quanto \u00e0 entrega dos im\u00f3veis. A secret\u00e1ria destacou que o andamento dos servi\u00e7os segue dentro do cronograma e demonstrou otimismo com a conclus\u00e3o do residencial ainda este ano.<\/p>\n\n\n\n<p>Enquanto as obras avan\u00e7am, o prazo para inscri\u00e7\u00f5es no programa chega ao fim nesta sexta-feira (9). A prefeitura orienta as fam\u00edlias que ainda n\u00e3o se cadastraram a procurarem uma unidade do Centro de Refer\u00eancia de Assist\u00eancia Social (Cras) para garantir participa\u00e7\u00e3o no processo de sele\u00e7\u00e3o.<\/p>\n\n\n\n<p>Atualmente, mais de mil fam\u00edlias j\u00e1 realizaram o cadastro em Brumado. O atendimento nos Cras ocorre das 7h \u00e0s 12h e das 14h \u00e0s 17h, com foco na organiza\u00e7\u00e3o e atualiza\u00e7\u00e3o das informa\u00e7\u00f5es necess\u00e1rias para a an\u00e1lise dos perfis inscritos.<\/p>\n\n\n\n<p>O p\u00fablico priorit\u00e1rio inclui mulheres em situa\u00e7\u00e3o de viol\u00eancia dom\u00e9stica, idosos, pessoas com defici\u00eancia, fam\u00edlias em vulnerabilidade social e m\u00e3es solo com filhos. A sele\u00e7\u00e3o seguir\u00e1 os crit\u00e9rios estabelecidos pelo Governo Federal e pela pol\u00edtica habitacional do munic\u00edpio.<\/p>\n\n\n\n<p>A prefeitura prev\u00ea a entrega das unidades habitacionais no segundo semestre deste ano. Al\u00e9m disso, a gest\u00e3o municipal estuda a implanta\u00e7\u00e3o de novos empreendimentos, que podem receber os nomes de Residencial S\u00e3o Sebasti\u00e3o II e III, ampliando para 450 o total de moradias destinadas a Brumado pelo programa federal.<\/p>\n","protected":false},"excerpt":{"rendered":"<p>Brumado registra avan\u00e7o significativo nas obras do Residencial S\u00e3o Sebasti\u00e3o I, que integra o Programa Minha Casa, Minha Vida, do Governo Federal. O empreendimento j\u00e1 apresenta v\u00e1rios pr\u00e9dios em est\u00e1gio adiantado e contempla a constru\u00e7\u00e3o de 144 unidades habitacionais destinadas a fam\u00edlias em situa\u00e7\u00e3o de vulnerabilidade social no munic\u00edpio. Segundo a secret\u00e1ria municipal de Assist\u00eancia Social, Magaly Rodrigues, o ritmo das obras refor\u00e7a a expectativa positiva da gest\u00e3o quanto \u00e0 entrega dos im\u00f3veis. A secret\u00e1ria destacou que o andamento dos servi\u00e7os segue dentro do cronograma e demonstrou otimismo com a conclus\u00e3o do residencial ainda este ano. Enquanto as obras avan\u00e7am, o prazo para inscri\u00e7\u00f5es no programa chega ao fim nesta sexta-feira (9). A prefeitura orienta as fam\u00edlias que ainda n\u00e3o se cadastraram a procurarem uma unidade do Centro de Refer\u00eancia de Assist\u00eancia Social (Cras) para garantir participa\u00e7\u00e3o no processo de sele\u00e7\u00e3o. Atualmente, mais de mil fam\u00edlias j\u00e1 realizaram o cadastro em Brumado. O atendimento nos Cras ocorre das 7h \u00e0s 12h e das 14h \u00e0s 17h, com foco na organiza\u00e7\u00e3o e atualiza\u00e7\u00e3o das informa\u00e7\u00f5es necess\u00e1rias para a an\u00e1lise dos perfis inscritos. O p\u00fablico priorit\u00e1rio inclui mulheres em situa\u00e7\u00e3o de viol\u00eancia dom\u00e9stica, idosos, pessoas com defici\u00eancia, fam\u00edlias em vulnerabilidade social e m\u00e3es solo com filhos. A sele\u00e7\u00e3o seguir\u00e1 os crit\u00e9rios estabelecidos pelo Governo Federal e pela pol\u00edtica habitacional do munic\u00edpio. A prefeitura prev\u00ea a entrega das unidades habitacionais no segundo semestre deste ano. Al\u00e9m disso, a gest\u00e3o municipal estuda a implanta\u00e7\u00e3o de novos empreendimentos, que podem receber os nomes de Residencial S\u00e3o Sebasti\u00e3o II e III, ampliando para 450 o total de moradias destinadas a Brumado pelo programa federal.<\/p>\n","protected":false},"author":4,"featured_media":5768,"comment_status":"open","ping_status":"open","sticky":false,"template":"","format":"standard","meta":{"footnotes":""},"categories":[10,4,6],"tags":[],"class_list":["post-5747","post","type-post","status-publish","format-standard","has-post-thumbnail","hentry","category-brumado","category-cidades","category-politica"],"yoast_head":"<!-- This site is optimized with the Yoast SEO plugin v26.5 - https:\/\/yoast.com\/wordpress\/plugins\/seo\/ -->\n<title>Obras do Minha Casa, Minha Vida avan\u00e7a em Brumado e inscri\u00e7\u00f5es terminam nesta sexta-feira - Sudoesteacontece<\/title>\n<meta name=\"robots\" content=\"index, follow, max-snippet:-1, max-image-preview:large, max-video-preview:-1\" \/>\n<link rel=\"canonical\" href=\"https:\/\/sudoesteacontece.com.br\/?p=5747\" \/>\n<meta property=\"og:locale\" content=\"pt_BR\" \/>\n<meta property=\"og:type\" content=\"article\" \/>\n<meta property=\"og:title\" content=\"Obras do Minha Casa, Minha Vida avan\u00e7a em Brumado e inscri\u00e7\u00f5es terminam nesta sexta-feira - Sudoesteacontece\" \/>\n<meta property=\"og:description\" content=\"Brumado registra avan\u00e7o significativo nas obras do Residencial S\u00e3o Sebasti\u00e3o I, que integra o Programa Minha Casa, Minha Vida, do Governo Federal. O empreendimento j\u00e1 apresenta v\u00e1rios pr\u00e9dios em est\u00e1gio adiantado e contempla a constru\u00e7\u00e3o de 144 unidades habitacionais destinadas a fam\u00edlias em situa\u00e7\u00e3o de vulnerabilidade social no munic\u00edpio. Segundo a secret\u00e1ria municipal de Assist\u00eancia Social, Magaly Rodrigues, o ritmo das obras refor\u00e7a a expectativa positiva da gest\u00e3o quanto \u00e0 entrega dos im\u00f3veis. A secret\u00e1ria destacou que o andamento dos servi\u00e7os segue dentro do cronograma e demonstrou otimismo com a conclus\u00e3o do residencial ainda este ano. Enquanto as obras avan\u00e7am, o prazo para inscri\u00e7\u00f5es no programa chega ao fim nesta sexta-feira (9). A prefeitura orienta as fam\u00edlias que ainda n\u00e3o se cadastraram a procurarem uma unidade do Centro de Refer\u00eancia de Assist\u00eancia Social (Cras) para garantir participa\u00e7\u00e3o no processo de sele\u00e7\u00e3o. Atualmente, mais de mil fam\u00edlias j\u00e1 realizaram o cadastro em Brumado. O atendimento nos Cras ocorre das 7h \u00e0s 12h e das 14h \u00e0s 17h, com foco na organiza\u00e7\u00e3o e atualiza\u00e7\u00e3o das informa\u00e7\u00f5es necess\u00e1rias para a an\u00e1lise dos perfis inscritos. O p\u00fablico priorit\u00e1rio inclui mulheres em situa\u00e7\u00e3o de viol\u00eancia dom\u00e9stica, idosos, pessoas com defici\u00eancia, fam\u00edlias em vulnerabilidade social e m\u00e3es solo com filhos. A sele\u00e7\u00e3o seguir\u00e1 os crit\u00e9rios estabelecidos pelo Governo Federal e pela pol\u00edtica habitacional do munic\u00edpio. A prefeitura prev\u00ea a entrega das unidades habitacionais no segundo semestre deste ano. Al\u00e9m disso, a gest\u00e3o municipal estuda a implanta\u00e7\u00e3o de novos empreendimentos, que podem receber os nomes de Residencial S\u00e3o Sebasti\u00e3o II e III, ampliando para 450 o total de moradias destinadas a Brumado pelo programa federal.\" \/>\n<meta property=\"og:url\" content=\"https:\/\/sudoesteacontece.com.br\/?p=5747\" \/>\n<meta property=\"og:site_name\" content=\"Sudoesteacontece\" \/>\n<meta property=\"article:publisher\" content=\"https:\/\/www.facebook.com\/sudoesteacontece\/?locale=pt_BR\" \/>\n<meta property=\"article:published_time\" content=\"2026-01-09T14:20:59+00:00\" \/>\n<meta property=\"article:modified_time\" content=\"2026-01-09T14:21:00+00:00\" \/>\n<meta property=\"og:image\" content=\"https:\/\/sudoesteacontece.com.br\/wp-content\/uploads\/2026\/01\/Obras-do-Minha-Casa-Minha-Vida-avanca-em-Brumado-e-inscricoes-terminam-nesta-sexta-feira-sudoeste-acontece.jpg\" \/>\n\t<meta property=\"og:image:width\" content=\"900\" \/>\n\t<meta property=\"og:image:height\" content=\"600\" \/>\n\t<meta property=\"og:image:type\" content=\"image\/jpeg\" \/>\n<meta name=\"author\" content=\"Reda\u00e7\u00e3o\" \/>\n<meta name=\"twitter:card\" content=\"summary_large_image\" \/>\n<meta name=\"twitter:label1\" content=\"Escrito por\" \/>\n\t<meta name=\"twitter:data1\" content=\"Reda\u00e7\u00e3o\" \/>\n\t<meta name=\"twitter:label2\" content=\"Est. tempo de leitura\" \/>\n\t<meta name=\"twitter:data2\" content=\"2 minutos\" \/>\n<script type=\"application\/ld+json\" class=\"yoast-schema-graph\">{\"@context\":\"https:\/\/schema.org\",\"@graph\":[{\"@type\":\"Article\",\"@id\":\"https:\/\/sudoesteacontece.com.br\/?p=5747#article\",\"isPartOf\":{\"@id\":\"https:\/\/sudoesteacontece.com.br\/?p=5747\"},\"author\":{\"name\":\"Reda\u00e7\u00e3o\",\"@id\":\"https:\/\/sudoesteacontece.com.br\/#\/schema\/person\/a4f22429c1d0923ef8f7d43343f8dc38\"},\"headline\":\"Obras do Minha Casa, Minha Vida avan\u00e7a em Brumado e inscri\u00e7\u00f5es terminam nesta sexta-feira\",\"datePublished\":\"2026-01-09T14:20:59+00:00\",\"dateModified\":\"2026-01-09T14:21:00+00:00\",\"mainEntityOfPage\":{\"@id\":\"https:\/\/sudoesteacontece.com.br\/?p=5747\"},\"wordCount\":329,\"commentCount\":0,\"publisher\":{\"@id\":\"https:\/\/sudoesteacontece.com.br\/#organization\"},\"image\":{\"@id\":\"https:\/\/sudoesteacontece.com.br\/?p=5747#primaryimage\"},\"thumbnailUrl\":\"https:\/\/sudoesteacontece.com.br\/wp-content\/uploads\/2026\/01\/Obras-do-Minha-Casa-Minha-Vida-avanca-em-Brumado-e-inscricoes-terminam-nesta-sexta-feira-sudoeste-acontece.jpg\",\"articleSection\":[\"Brumado\",\"Cidades\",\"Pol\u00edtica\"],\"inLanguage\":\"pt-BR\",\"potentialAction\":[{\"@type\":\"CommentAction\",\"name\":\"Comment\",\"target\":[\"https:\/\/sudoesteacontece.com.br\/?p=5747#respond\"]}]},{\"@type\":\"WebPage\",\"@id\":\"https:\/\/sudoesteacontece.com.br\/?p=5747\",\"url\":\"https:\/\/sudoesteacontece.com.br\/?p=5747\",\"name\":\"Obras do Minha Casa, Minha Vida avan\u00e7a em Brumado e inscri\u00e7\u00f5es terminam nesta sexta-feira - Sudoesteacontece\",\"isPartOf\":{\"@id\":\"https:\/\/sudoesteacontece.com.br\/#website\"},\"primaryImageOfPage\":{\"@id\":\"https:\/\/sudoesteacontece.com.br\/?p=5747#primaryimage\"},\"image\":{\"@id\":\"https:\/\/sudoesteacontece.com.br\/?p=5747#primaryimage\"},\"thumbnailUrl\":\"https:\/\/sudoesteacontece.com.br\/wp-content\/uploads\/2026\/01\/Obras-do-Minha-Casa-Minha-Vida-avanca-em-Brumado-e-inscricoes-terminam-nesta-sexta-feira-sudoeste-acontece.jpg\",\"datePublished\":\"2026-01-09T14:20:59+00:00\",\"dateModified\":\"2026-01-09T14:21:00+00:00\",\"breadcrumb\":{\"@id\":\"https:\/\/sudoesteacontece.com.br\/?p=5747#breadcrumb\"},\"inLanguage\":\"pt-BR\",\"potentialAction\":[{\"@type\":\"ReadAction\",\"target\":[\"https:\/\/sudoesteacontece.com.br\/?p=5747\"]}]},{\"@type\":\"ImageObject\",\"inLanguage\":\"pt-BR\",\"@id\":\"https:\/\/sudoesteacontece.com.br\/?p=5747#primaryimage\",\"url\":\"https:\/\/sudoesteacontece.com.br\/wp-content\/uploads\/2026\/01\/Obras-do-Minha-Casa-Minha-Vida-avanca-em-Brumado-e-inscricoes-terminam-nesta-sexta-feira-sudoeste-acontece.jpg\",\"contentUrl\":\"https:\/\/sudoesteacontece.com.br\/wp-content\/uploads\/2026\/01\/Obras-do-Minha-Casa-Minha-Vida-avanca-em-Brumado-e-inscricoes-terminam-nesta-sexta-feira-sudoeste-acontece.jpg\",\"width\":900,\"height\":600},{\"@type\":\"BreadcrumbList\",\"@id\":\"https:\/\/sudoesteacontece.com.br\/?p=5747#breadcrumb\",\"itemListElement\":[{\"@type\":\"ListItem\",\"position\":1,\"name\":\"In\u00edcio\",\"item\":\"https:\/\/sudoesteacontece.com.br\/\"},{\"@type\":\"ListItem\",\"position\":2,\"name\":\"Obras do Minha Casa, Minha Vida avan\u00e7a em Brumado e inscri\u00e7\u00f5es terminam nesta sexta-feira\"}]},{\"@type\":\"WebSite\",\"@id\":\"https:\/\/sudoesteacontece.com.br\/#website\",\"url\":\"https:\/\/sudoesteacontece.com.br\/\",\"name\":\"Sudoesteacontece\",\"description\":\"\",\"publisher\":{\"@id\":\"https:\/\/sudoesteacontece.com.br\/#organization\"},\"potentialAction\":[{\"@type\":\"SearchAction\",\"target\":{\"@type\":\"EntryPoint\",\"urlTemplate\":\"https:\/\/sudoesteacontece.com.br\/?s={search_term_string}\"},\"query-input\":{\"@type\":\"PropertyValueSpecification\",\"valueRequired\":true,\"valueName\":\"search_term_string\"}}],\"inLanguage\":\"pt-BR\"},{\"@type\":\"Organization\",\"@id\":\"https:\/\/sudoesteacontece.com.br\/#organization\",\"name\":\"Sudoesteacontece\",\"url\":\"https:\/\/sudoesteacontece.com.br\/\",\"logo\":{\"@type\":\"ImageObject\",\"inLanguage\":\"pt-BR\",\"@id\":\"https:\/\/sudoesteacontece.com.br\/#\/schema\/logo\/image\/\",\"url\":\"https:\/\/sudoesteacontece.com.br\/wp-content\/uploads\/2025\/12\/cropped-logo-2-180x180-1.png\",\"contentUrl\":\"https:\/\/sudoesteacontece.com.br\/wp-content\/uploads\/2025\/12\/cropped-logo-2-180x180-1.png\",\"width\":180,\"height\":180,\"caption\":\"Sudoesteacontece\"},\"image\":{\"@id\":\"https:\/\/sudoesteacontece.com.br\/#\/schema\/logo\/image\/\"},\"sameAs\":[\"https:\/\/www.facebook.com\/sudoesteacontece\/?locale=pt_BR\"]},{\"@type\":\"Person\",\"@id\":\"https:\/\/sudoesteacontece.com.br\/#\/schema\/person\/a4f22429c1d0923ef8f7d43343f8dc38\",\"name\":\"Reda\u00e7\u00e3o\",\"image\":{\"@type\":\"ImageObject\",\"inLanguage\":\"pt-BR\",\"@id\":\"https:\/\/sudoesteacontece.com.br\/#\/schema\/person\/image\/\",\"url\":\"https:\/\/secure.gravatar.com\/avatar\/c3a5b3c93f268a709c25a2df414c629a96fb3b1b4bf97a94fb3f72e54ae76903?s=96&d=mm&r=g\",\"contentUrl\":\"https:\/\/secure.gravatar.com\/avatar\/c3a5b3c93f268a709c25a2df414c629a96fb3b1b4bf97a94fb3f72e54ae76903?s=96&d=mm&r=g\",\"caption\":\"Reda\u00e7\u00e3o\"},\"url\":\"https:\/\/sudoesteacontece.com.br\/?author=4\"}]}<\/script>\n<!-- \/ Yoast SEO plugin. -->","yoast_head_json":{"title":"Obras do Minha Casa, Minha Vida avan\u00e7a em Brumado e inscri\u00e7\u00f5es terminam nesta sexta-feira - Sudoesteacontece","robots":{"index":"index","follow":"follow","max-snippet":"max-snippet:-1","max-image-preview":"max-image-preview:large","max-video-preview":"max-video-preview:-1"},"canonical":"https:\/\/sudoesteacontece.com.br\/?p=5747","og_locale":"pt_BR","og_type":"article","og_title":"Obras do Minha Casa, Minha Vida avan\u00e7a em Brumado e inscri\u00e7\u00f5es terminam nesta sexta-feira - Sudoesteacontece","og_description":"Brumado registra avan\u00e7o significativo nas obras do Residencial S\u00e3o Sebasti\u00e3o I, que integra o Programa Minha Casa, Minha Vida, do Governo Federal. O empreendimento j\u00e1 apresenta v\u00e1rios pr\u00e9dios em est\u00e1gio adiantado e contempla a constru\u00e7\u00e3o de 144 unidades habitacionais destinadas a fam\u00edlias em situa\u00e7\u00e3o de vulnerabilidade social no munic\u00edpio. Segundo a secret\u00e1ria municipal de Assist\u00eancia Social, Magaly Rodrigues, o ritmo das obras refor\u00e7a a expectativa positiva da gest\u00e3o quanto \u00e0 entrega dos im\u00f3veis. A secret\u00e1ria destacou que o andamento dos servi\u00e7os segue dentro do cronograma e demonstrou otimismo com a conclus\u00e3o do residencial ainda este ano. Enquanto as obras avan\u00e7am, o prazo para inscri\u00e7\u00f5es no programa chega ao fim nesta sexta-feira (9). A prefeitura orienta as fam\u00edlias que ainda n\u00e3o se cadastraram a procurarem uma unidade do Centro de Refer\u00eancia de Assist\u00eancia Social (Cras) para garantir participa\u00e7\u00e3o no processo de sele\u00e7\u00e3o. Atualmente, mais de mil fam\u00edlias j\u00e1 realizaram o cadastro em Brumado. O atendimento nos Cras ocorre das 7h \u00e0s 12h e das 14h \u00e0s 17h, com foco na organiza\u00e7\u00e3o e atualiza\u00e7\u00e3o das informa\u00e7\u00f5es necess\u00e1rias para a an\u00e1lise dos perfis inscritos. O p\u00fablico priorit\u00e1rio inclui mulheres em situa\u00e7\u00e3o de viol\u00eancia dom\u00e9stica, idosos, pessoas com defici\u00eancia, fam\u00edlias em vulnerabilidade social e m\u00e3es solo com filhos. A sele\u00e7\u00e3o seguir\u00e1 os crit\u00e9rios estabelecidos pelo Governo Federal e pela pol\u00edtica habitacional do munic\u00edpio. A prefeitura prev\u00ea a entrega das unidades habitacionais no segundo semestre deste ano. Al\u00e9m disso, a gest\u00e3o municipal estuda a implanta\u00e7\u00e3o de novos empreendimentos, que podem receber os nomes de Residencial S\u00e3o Sebasti\u00e3o II e III, ampliando para 450 o total de moradias destinadas a Brumado pelo programa federal.","og_url":"https:\/\/sudoesteacontece.com.br\/?p=5747","og_site_name":"Sudoesteacontece","article_publisher":"https:\/\/www.facebook.com\/sudoesteacontece\/?locale=pt_BR","article_published_time":"2026-01-09T14:20:59+00:00","article_modified_time":"2026-01-09T14:21:00+00:00","og_image":[{"width":900,"height":600,"url":"https:\/\/sudoesteacontece.com.br\/wp-content\/uploads\/2026\/01\/Obras-do-Minha-Casa-Minha-Vida-avanca-em-Brumado-e-inscricoes-terminam-nesta-sexta-feira-sudoeste-acontece.jpg","type":"image\/jpeg"}],"author":"Reda\u00e7\u00e3o","twitter_card":"summary_large_image","twitter_misc":{"Escrito por":"Reda\u00e7\u00e3o","Est. tempo de leitura":"2 minutos"},"schema":{"@context":"https:\/\/schema.org","@graph":[{"@type":"Article","@id":"https:\/\/sudoesteacontece.com.br\/?p=5747#article","isPartOf":{"@id":"https:\/\/sudoesteacontece.com.br\/?p=5747"},"author":{"name":"Reda\u00e7\u00e3o","@id":"https:\/\/sudoesteacontece.com.br\/#\/schema\/person\/a4f22429c1d0923ef8f7d43343f8dc38"},"headline":"Obras do Minha Casa, Minha Vida avan\u00e7a em Brumado e inscri\u00e7\u00f5es terminam nesta sexta-feira","datePublished":"2026-01-09T14:20:59+00:00","dateModified":"2026-01-09T14:21:00+00:00","mainEntityOfPage":{"@id":"https:\/\/sudoesteacontece.com.br\/?p=5747"},"wordCount":329,"commentCount":0,"publisher":{"@id":"https:\/\/sudoesteacontece.com.br\/#organization"},"image":{"@id":"https:\/\/sudoesteacontece.com.br\/?p=5747#primaryimage"},"thumbnailUrl":"https:\/\/sudoesteacontece.com.br\/wp-content\/uploads\/2026\/01\/Obras-do-Minha-Casa-Minha-Vida-avanca-em-Brumado-e-inscricoes-terminam-nesta-sexta-feira-sudoeste-acontece.jpg","articleSection":["Brumado","Cidades","Pol\u00edtica"],"inLanguage":"pt-BR","potentialAction":[{"@type":"CommentAction","name":"Comment","target":["https:\/\/sudoesteacontece.com.br\/?p=5747#respond"]}]},{"@type":"WebPage","@id":"https:\/\/sudoesteacontece.com.br\/?p=5747","url":"https:\/\/sudoesteacontece.com.br\/?p=5747","name":"Obras do Minha Casa, Minha Vida avan\u00e7a em Brumado e inscri\u00e7\u00f5es terminam nesta sexta-feira - Sudoesteacontece","isPartOf":{"@id":"https:\/\/sudoesteacontece.com.br\/#website"},"primaryImageOfPage":{"@id":"https:\/\/sudoesteacontece.com.br\/?p=5747#primaryimage"},"image":{"@id":"https:\/\/sudoesteacontece.com.br\/?p=5747#primaryimage"},"thumbnailUrl":"https:\/\/sudoesteacontece.com.br\/wp-content\/uploads\/2026\/01\/Obras-do-Minha-Casa-Minha-Vida-avanca-em-Brumado-e-inscricoes-terminam-nesta-sexta-feira-sudoeste-acontece.jpg","datePublished":"2026-01-09T14:20:59+00:00","dateModified":"2026-01-09T14:21:00+00:00","breadcrumb":{"@id":"https:\/\/sudoesteacontece.com.br\/?p=5747#breadcrumb"},"inLanguage":"pt-BR","potentialAction":[{"@type":"ReadAction","target":["https:\/\/sudoesteacontece.com.br\/?p=5747"]}]},{"@type":"ImageObject","inLanguage":"pt-BR","@id":"https:\/\/sudoesteacontece.com.br\/?p=5747#primaryimage","url":"https:\/\/sudoesteacontece.com.br\/wp-content\/uploads\/2026\/01\/Obras-do-Minha-Casa-Minha-Vida-avanca-em-Brumado-e-inscricoes-terminam-nesta-sexta-feira-sudoeste-acontece.jpg","contentUrl":"https:\/\/sudoesteacontece.com.br\/wp-content\/uploads\/2026\/01\/Obras-do-Minha-Casa-Minha-Vida-avanca-em-Brumado-e-inscricoes-terminam-nesta-sexta-feira-sudoeste-acontece.jpg","width":900,"height":600},{"@type":"BreadcrumbList","@id":"https:\/\/sudoesteacontece.com.br\/?p=5747#breadcrumb","itemListElement":[{"@type":"ListItem","position":1,"name":"In\u00edcio","item":"https:\/\/sudoesteacontece.com.br\/"},{"@type":"ListItem","position":2,"name":"Obras do Minha Casa, Minha Vida avan\u00e7a em Brumado e inscri\u00e7\u00f5es terminam nesta sexta-feira"}]},{"@type":"WebSite","@id":"https:\/\/sudoesteacontece.com.br\/#website","url":"https:\/\/sudoesteacontece.com.br\/","name":"Sudoesteacontece","description":"","publisher":{"@id":"https:\/\/sudoesteacontece.com.br\/#organization"},"potentialAction":[{"@type":"SearchAction","target":{"@type":"EntryPoint","urlTemplate":"https:\/\/sudoesteacontece.com.br\/?s={search_term_string}"},"query-input":{"@type":"PropertyValueSpecification","valueRequired":true,"valueName":"search_term_string"}}],"inLanguage":"pt-BR"},{"@type":"Organization","@id":"https:\/\/sudoesteacontece.com.br\/#organization","name":"Sudoesteacontece","url":"https:\/\/sudoesteacontece.com.br\/","logo":{"@type":"ImageObject","inLanguage":"pt-BR","@id":"https:\/\/sudoesteacontece.com.br\/#\/schema\/logo\/image\/","url":"https:\/\/sudoesteacontece.com.br\/wp-content\/uploads\/2025\/12\/cropped-logo-2-180x180-1.png","contentUrl":"https:\/\/sudoesteacontece.com.br\/wp-content\/uploads\/2025\/12\/cropped-logo-2-180x180-1.png","width":180,"height":180,"caption":"Sudoesteacontece"},"image":{"@id":"https:\/\/sudoesteacontece.com.br\/#\/schema\/logo\/image\/"},"sameAs":["https:\/\/www.facebook.com\/sudoesteacontece\/?locale=pt_BR"]},{"@type":"Person","@id":"https:\/\/sudoesteacontece.com.br\/#\/schema\/person\/a4f22429c1d0923ef8f7d43343f8dc38","name":"Reda\u00e7\u00e3o","image":{"@type":"ImageObject","inLanguage":"pt-BR","@id":"https:\/\/sudoesteacontece.com.br\/#\/schema\/person\/image\/","url":"https:\/\/secure.gravatar.com\/avatar\/c3a5b3c93f268a709c25a2df414c629a96fb3b1b4bf97a94fb3f72e54ae76903?s=96&d=mm&r=g","contentUrl":"https:\/\/secure.gravatar.com\/avatar\/c3a5b3c93f268a709c25a2df414c629a96fb3b1b4bf97a94fb3f72e54ae76903?s=96&d=mm&r=g","caption":"Reda\u00e7\u00e3o"},"url":"https:\/\/sudoesteacontece.com.br\/?author=4"}]}},"_links":{"self":[{"href":"https:\/\/sudoesteacontece.com.br\/index.php?rest_route=\/wp\/v2\/posts\/5747","targetHints":{"allow":["GET"]}}],"collection":[{"href":"https:\/\/sudoesteacontece.com.br\/index.php?rest_route=\/wp\/v2\/posts"}],"about":[{"href":"https:\/\/sudoesteacontece.com.br\/index.php?rest_route=\/wp\/v2\/types\/post"}],"author":[{"embeddable":true,"href":"https:\/\/sudoesteacontece.com.br\/index.php?rest_route=\/wp\/v2\/users\/4"}],"replies":[{"embeddable":true,"href":"https:\/\/sudoesteacontece.com.br\/index.php?rest_route=%2Fwp%2Fv2%2Fcomments&post=5747"}],"version-history":[{"count":0,"href":"https:\/\/sudoesteacontece.com.br\/index.php?rest_route=\/wp\/v2\/posts\/5747\/revisions"}],"wp:featuredmedia":[{"embeddable":true,"href":"https:\/\/sudoesteacontece.com.br\/index.php?rest_route=\/wp\/v2\/media\/5768"}],"wp:attachment":[{"href":"https:\/\/sudoesteacontece.com.br\/index.php?rest_route=%2Fwp%2Fv2%2Fmedia&parent=5747"}],"wp:term":[{"taxonomy":"category","embeddable":true,"href":"https:\/\/sudoesteacontece.com.br\/index.php?rest_route=%2Fwp%2Fv2%2Fcategories&post=5747"},{"taxonomy":"post_tag","embeddable":true,"href":"https:\/\/sudoesteacontece.com.br\/index.php?rest_route=%2Fwp%2Fv2%2Ftags&post=5747"}],"curies":[{"name":"wp","href":"https:\/\/api.w.org\/{rel}","templated":true}]}}