{"id":5770,"date":"2026-01-09T11:28:27","date_gmt":"2026-01-09T14:28:27","guid":{"rendered":"https:\/\/sudoesteacontece.com.br\/?p=5770"},"modified":"2026-01-09T11:28:29","modified_gmt":"2026-01-09T14:28:29","slug":"fabricio-abrantes-cumpre-promessa-ignorada-por-anos-e-leva-asfalto-a-rua-ana-lidia-viana-cardoso","status":"publish","type":"post","link":"https:\/\/sudoesteacontece.com.br\/?p=5770","title":{"rendered":"Fabr\u00edcio Abrantes cumpre promessa ignorada por anos e leva asfalto \u00e0 Rua Ana L\u00eddia Viana Cardoso"},"content":{"rendered":"<div class=\"wp-block-image\">\n<figure class=\"aligncenter size-full\"><img fetchpriority=\"high\" decoding=\"async\" width=\"900\" height=\"600\" src=\"http:\/\/sudoesteacontece.com.br\/wp-content\/uploads\/2026\/01\/Fabricio-Abrantes-cumpre-promessa-ignorada-por-anos-e-leva-asfalto-a-Rua-Ana-Lidia-Viana-Cardoso-sudoeste-acontece.jpg\" alt=\"\" class=\"wp-image-5771\" srcset=\"https:\/\/sudoesteacontece.com.br\/wp-content\/uploads\/2026\/01\/Fabricio-Abrantes-cumpre-promessa-ignorada-por-anos-e-leva-asfalto-a-Rua-Ana-Lidia-Viana-Cardoso-sudoeste-acontece.jpg 900w, https:\/\/sudoesteacontece.com.br\/wp-content\/uploads\/2026\/01\/Fabricio-Abrantes-cumpre-promessa-ignorada-por-anos-e-leva-asfalto-a-Rua-Ana-Lidia-Viana-Cardoso-sudoeste-acontece-300x200.jpg 300w, https:\/\/sudoesteacontece.com.br\/wp-content\/uploads\/2026\/01\/Fabricio-Abrantes-cumpre-promessa-ignorada-por-anos-e-leva-asfalto-a-Rua-Ana-Lidia-Viana-Cardoso-sudoeste-acontece-768x512.jpg 768w\" sizes=\"(max-width: 900px) 100vw, 900px\" \/><\/figure>\n<\/div>\n\n\n<p>Depois de anos de cobran\u00e7as e promessas n\u00e3o cumpridas, a Rua Ana L\u00eddia Viana Cardoso come\u00e7a a viver uma nova realidade em Brumado. A Prefeitura iniciou nesta quinta-feira (8) a recupera\u00e7\u00e3o da via, a\u00e7\u00e3o autorizada pelo prefeito Fabr\u00edcio Abrantes (Avante) e apontada como mais uma promessa de campanha finalmente tirada do papel.<\/p>\n\n\n\n<p>Durante gest\u00f5es passadas, moradores relatam que pedidos de pavimenta\u00e7\u00e3o foram ignorados, enquanto outras \u00e1reas sem resid\u00eancias chegaram a receber asfalto. A situa\u00e7\u00e3o gerou revolta e sensa\u00e7\u00e3o de abandono. Agora, a atual administra\u00e7\u00e3o muda a l\u00f3gica, prioriza quem mora na rua e responde a uma demanda hist\u00f3rica da comunidade.<\/p>\n\n\n\n<p>Para os moradores, a obra vai al\u00e9m da melhoria urbana. Representa justi\u00e7a, respeito e reconhecimento ap\u00f3s anos de descaso do poder p\u00fablico. A chegada das m\u00e1quinas foi recebida com comemora\u00e7\u00e3o e simboliza o fim de um per\u00edodo marcado por poeira, buracos e dificuldades de acesso, sobretudo em dias de chuva.<\/p>\n\n\n\n<p>Segundo a prefeitura, os servi\u00e7os seguem em ritmo acelerado e integram um plano maior de requalifica\u00e7\u00e3o urbana. A gest\u00e3o afirma que a recupera\u00e7\u00e3o da via consolida o discurso adotado por Fabr\u00edcio Abrantes desde a campanha: governar com obras, cumprir promessas e corrigir distor\u00e7\u00f5es deixadas por administra\u00e7\u00f5es anteriores.<\/p>\n","protected":false},"excerpt":{"rendered":"<p>Depois de anos de cobran\u00e7as e promessas n\u00e3o cumpridas, a Rua Ana L\u00eddia Viana Cardoso come\u00e7a a viver uma nova realidade em Brumado. A Prefeitura iniciou nesta quinta-feira (8) a recupera\u00e7\u00e3o da via, a\u00e7\u00e3o autorizada pelo prefeito Fabr\u00edcio Abrantes (Avante) e apontada como mais uma promessa de campanha finalmente tirada do papel. Durante gest\u00f5es passadas, moradores relatam que pedidos de pavimenta\u00e7\u00e3o foram ignorados, enquanto outras \u00e1reas sem resid\u00eancias chegaram a receber asfalto. A situa\u00e7\u00e3o gerou revolta e sensa\u00e7\u00e3o de abandono. Agora, a atual administra\u00e7\u00e3o muda a l\u00f3gica, prioriza quem mora na rua e responde a uma demanda hist\u00f3rica da comunidade. Para os moradores, a obra vai al\u00e9m da melhoria urbana. Representa justi\u00e7a, respeito e reconhecimento ap\u00f3s anos de descaso do poder p\u00fablico. A chegada das m\u00e1quinas foi recebida com comemora\u00e7\u00e3o e simboliza o fim de um per\u00edodo marcado por poeira, buracos e dificuldades de acesso, sobretudo em dias de chuva. Segundo a prefeitura, os servi\u00e7os seguem em ritmo acelerado e integram um plano maior de requalifica\u00e7\u00e3o urbana. A gest\u00e3o afirma que a recupera\u00e7\u00e3o da via consolida o discurso adotado por Fabr\u00edcio Abrantes desde a campanha: governar com obras, cumprir promessas e corrigir distor\u00e7\u00f5es deixadas por administra\u00e7\u00f5es anteriores.<\/p>\n","protected":false},"author":4,"featured_media":5771,"comment_status":"open","ping_status":"open","sticky":false,"template":"","format":"standard","meta":{"footnotes":""},"categories":[10,4,6],"tags":[],"class_list":["post-5770","post","type-post","status-publish","format-standard","has-post-thumbnail","hentry","category-brumado","category-cidades","category-politica"],"yoast_head":"<!-- This site is optimized with the Yoast SEO plugin v26.5 - https:\/\/yoast.com\/wordpress\/plugins\/seo\/ -->\n<title>Fabr\u00edcio Abrantes cumpre promessa ignorada por anos e leva asfalto \u00e0 Rua Ana L\u00eddia Viana Cardoso - Sudoesteacontece<\/title>\n<meta name=\"robots\" content=\"index, follow, max-snippet:-1, max-image-preview:large, max-video-preview:-1\" \/>\n<link rel=\"canonical\" href=\"https:\/\/sudoesteacontece.com.br\/?p=5770\" \/>\n<meta property=\"og:locale\" content=\"pt_BR\" \/>\n<meta property=\"og:type\" content=\"article\" \/>\n<meta property=\"og:title\" content=\"Fabr\u00edcio Abrantes cumpre promessa ignorada por anos e leva asfalto \u00e0 Rua Ana L\u00eddia Viana Cardoso - Sudoesteacontece\" \/>\n<meta property=\"og:description\" content=\"Depois de anos de cobran\u00e7as e promessas n\u00e3o cumpridas, a Rua Ana L\u00eddia Viana Cardoso come\u00e7a a viver uma nova realidade em Brumado. A Prefeitura iniciou nesta quinta-feira (8) a recupera\u00e7\u00e3o da via, a\u00e7\u00e3o autorizada pelo prefeito Fabr\u00edcio Abrantes (Avante) e apontada como mais uma promessa de campanha finalmente tirada do papel. Durante gest\u00f5es passadas, moradores relatam que pedidos de pavimenta\u00e7\u00e3o foram ignorados, enquanto outras \u00e1reas sem resid\u00eancias chegaram a receber asfalto. A situa\u00e7\u00e3o gerou revolta e sensa\u00e7\u00e3o de abandono. Agora, a atual administra\u00e7\u00e3o muda a l\u00f3gica, prioriza quem mora na rua e responde a uma demanda hist\u00f3rica da comunidade. Para os moradores, a obra vai al\u00e9m da melhoria urbana. Representa justi\u00e7a, respeito e reconhecimento ap\u00f3s anos de descaso do poder p\u00fablico. A chegada das m\u00e1quinas foi recebida com comemora\u00e7\u00e3o e simboliza o fim de um per\u00edodo marcado por poeira, buracos e dificuldades de acesso, sobretudo em dias de chuva. Segundo a prefeitura, os servi\u00e7os seguem em ritmo acelerado e integram um plano maior de requalifica\u00e7\u00e3o urbana. A gest\u00e3o afirma que a recupera\u00e7\u00e3o da via consolida o discurso adotado por Fabr\u00edcio Abrantes desde a campanha: governar com obras, cumprir promessas e corrigir distor\u00e7\u00f5es deixadas por administra\u00e7\u00f5es anteriores.\" \/>\n<meta property=\"og:url\" content=\"https:\/\/sudoesteacontece.com.br\/?p=5770\" \/>\n<meta property=\"og:site_name\" content=\"Sudoesteacontece\" \/>\n<meta property=\"article:publisher\" content=\"https:\/\/www.facebook.com\/sudoesteacontece\/?locale=pt_BR\" \/>\n<meta property=\"article:published_time\" content=\"2026-01-09T14:28:27+00:00\" \/>\n<meta property=\"article:modified_time\" content=\"2026-01-09T14:28:29+00:00\" \/>\n<meta property=\"og:image\" content=\"https:\/\/sudoesteacontece.com.br\/wp-content\/uploads\/2026\/01\/Fabricio-Abrantes-cumpre-promessa-ignorada-por-anos-e-leva-asfalto-a-Rua-Ana-Lidia-Viana-Cardoso-sudoeste-acontece.jpg\" \/>\n\t<meta property=\"og:image:width\" content=\"900\" \/>\n\t<meta property=\"og:image:height\" content=\"600\" \/>\n\t<meta property=\"og:image:type\" content=\"image\/jpeg\" \/>\n<meta name=\"author\" content=\"Reda\u00e7\u00e3o\" \/>\n<meta name=\"twitter:card\" content=\"summary_large_image\" \/>\n<meta name=\"twitter:label1\" content=\"Escrito por\" \/>\n\t<meta name=\"twitter:data1\" content=\"Reda\u00e7\u00e3o\" \/>\n\t<meta name=\"twitter:label2\" content=\"Est. tempo de leitura\" \/>\n\t<meta name=\"twitter:data2\" content=\"2 minutos\" \/>\n<script type=\"application\/ld+json\" class=\"yoast-schema-graph\">{\"@context\":\"https:\/\/schema.org\",\"@graph\":[{\"@type\":\"Article\",\"@id\":\"https:\/\/sudoesteacontece.com.br\/?p=5770#article\",\"isPartOf\":{\"@id\":\"https:\/\/sudoesteacontece.com.br\/?p=5770\"},\"author\":{\"name\":\"Reda\u00e7\u00e3o\",\"@id\":\"https:\/\/sudoesteacontece.com.br\/#\/schema\/person\/a4f22429c1d0923ef8f7d43343f8dc38\"},\"headline\":\"Fabr\u00edcio Abrantes cumpre promessa ignorada por anos e leva asfalto \u00e0 Rua Ana L\u00eddia Viana Cardoso\",\"datePublished\":\"2026-01-09T14:28:27+00:00\",\"dateModified\":\"2026-01-09T14:28:29+00:00\",\"mainEntityOfPage\":{\"@id\":\"https:\/\/sudoesteacontece.com.br\/?p=5770\"},\"wordCount\":242,\"commentCount\":0,\"publisher\":{\"@id\":\"https:\/\/sudoesteacontece.com.br\/#organization\"},\"image\":{\"@id\":\"https:\/\/sudoesteacontece.com.br\/?p=5770#primaryimage\"},\"thumbnailUrl\":\"https:\/\/sudoesteacontece.com.br\/wp-content\/uploads\/2026\/01\/Fabricio-Abrantes-cumpre-promessa-ignorada-por-anos-e-leva-asfalto-a-Rua-Ana-Lidia-Viana-Cardoso-sudoeste-acontece.jpg\",\"articleSection\":[\"Brumado\",\"Cidades\",\"Pol\u00edtica\"],\"inLanguage\":\"pt-BR\",\"potentialAction\":[{\"@type\":\"CommentAction\",\"name\":\"Comment\",\"target\":[\"https:\/\/sudoesteacontece.com.br\/?p=5770#respond\"]}]},{\"@type\":\"WebPage\",\"@id\":\"https:\/\/sudoesteacontece.com.br\/?p=5770\",\"url\":\"https:\/\/sudoesteacontece.com.br\/?p=5770\",\"name\":\"Fabr\u00edcio Abrantes cumpre promessa ignorada por anos e leva asfalto \u00e0 Rua Ana L\u00eddia Viana Cardoso - Sudoesteacontece\",\"isPartOf\":{\"@id\":\"https:\/\/sudoesteacontece.com.br\/#website\"},\"primaryImageOfPage\":{\"@id\":\"https:\/\/sudoesteacontece.com.br\/?p=5770#primaryimage\"},\"image\":{\"@id\":\"https:\/\/sudoesteacontece.com.br\/?p=5770#primaryimage\"},\"thumbnailUrl\":\"https:\/\/sudoesteacontece.com.br\/wp-content\/uploads\/2026\/01\/Fabricio-Abrantes-cumpre-promessa-ignorada-por-anos-e-leva-asfalto-a-Rua-Ana-Lidia-Viana-Cardoso-sudoeste-acontece.jpg\",\"datePublished\":\"2026-01-09T14:28:27+00:00\",\"dateModified\":\"2026-01-09T14:28:29+00:00\",\"breadcrumb\":{\"@id\":\"https:\/\/sudoesteacontece.com.br\/?p=5770#breadcrumb\"},\"inLanguage\":\"pt-BR\",\"potentialAction\":[{\"@type\":\"ReadAction\",\"target\":[\"https:\/\/sudoesteacontece.com.br\/?p=5770\"]}]},{\"@type\":\"ImageObject\",\"inLanguage\":\"pt-BR\",\"@id\":\"https:\/\/sudoesteacontece.com.br\/?p=5770#primaryimage\",\"url\":\"https:\/\/sudoesteacontece.com.br\/wp-content\/uploads\/2026\/01\/Fabricio-Abrantes-cumpre-promessa-ignorada-por-anos-e-leva-asfalto-a-Rua-Ana-Lidia-Viana-Cardoso-sudoeste-acontece.jpg\",\"contentUrl\":\"https:\/\/sudoesteacontece.com.br\/wp-content\/uploads\/2026\/01\/Fabricio-Abrantes-cumpre-promessa-ignorada-por-anos-e-leva-asfalto-a-Rua-Ana-Lidia-Viana-Cardoso-sudoeste-acontece.jpg\",\"width\":900,\"height\":600},{\"@type\":\"BreadcrumbList\",\"@id\":\"https:\/\/sudoesteacontece.com.br\/?p=5770#breadcrumb\",\"itemListElement\":[{\"@type\":\"ListItem\",\"position\":1,\"name\":\"In\u00edcio\",\"item\":\"https:\/\/sudoesteacontece.com.br\/\"},{\"@type\":\"ListItem\",\"position\":2,\"name\":\"Fabr\u00edcio Abrantes cumpre promessa ignorada por anos e leva asfalto \u00e0 Rua Ana L\u00eddia Viana Cardoso\"}]},{\"@type\":\"WebSite\",\"@id\":\"https:\/\/sudoesteacontece.com.br\/#website\",\"url\":\"https:\/\/sudoesteacontece.com.br\/\",\"name\":\"Sudoesteacontece\",\"description\":\"\",\"publisher\":{\"@id\":\"https:\/\/sudoesteacontece.com.br\/#organization\"},\"potentialAction\":[{\"@type\":\"SearchAction\",\"target\":{\"@type\":\"EntryPoint\",\"urlTemplate\":\"https:\/\/sudoesteacontece.com.br\/?s={search_term_string}\"},\"query-input\":{\"@type\":\"PropertyValueSpecification\",\"valueRequired\":true,\"valueName\":\"search_term_string\"}}],\"inLanguage\":\"pt-BR\"},{\"@type\":\"Organization\",\"@id\":\"https:\/\/sudoesteacontece.com.br\/#organization\",\"name\":\"Sudoesteacontece\",\"url\":\"https:\/\/sudoesteacontece.com.br\/\",\"logo\":{\"@type\":\"ImageObject\",\"inLanguage\":\"pt-BR\",\"@id\":\"https:\/\/sudoesteacontece.com.br\/#\/schema\/logo\/image\/\",\"url\":\"https:\/\/sudoesteacontece.com.br\/wp-content\/uploads\/2025\/12\/cropped-logo-2-180x180-1.png\",\"contentUrl\":\"https:\/\/sudoesteacontece.com.br\/wp-content\/uploads\/2025\/12\/cropped-logo-2-180x180-1.png\",\"width\":180,\"height\":180,\"caption\":\"Sudoesteacontece\"},\"image\":{\"@id\":\"https:\/\/sudoesteacontece.com.br\/#\/schema\/logo\/image\/\"},\"sameAs\":[\"https:\/\/www.facebook.com\/sudoesteacontece\/?locale=pt_BR\"]},{\"@type\":\"Person\",\"@id\":\"https:\/\/sudoesteacontece.com.br\/#\/schema\/person\/a4f22429c1d0923ef8f7d43343f8dc38\",\"name\":\"Reda\u00e7\u00e3o\",\"image\":{\"@type\":\"ImageObject\",\"inLanguage\":\"pt-BR\",\"@id\":\"https:\/\/sudoesteacontece.com.br\/#\/schema\/person\/image\/\",\"url\":\"https:\/\/secure.gravatar.com\/avatar\/c3a5b3c93f268a709c25a2df414c629a96fb3b1b4bf97a94fb3f72e54ae76903?s=96&d=mm&r=g\",\"contentUrl\":\"https:\/\/secure.gravatar.com\/avatar\/c3a5b3c93f268a709c25a2df414c629a96fb3b1b4bf97a94fb3f72e54ae76903?s=96&d=mm&r=g\",\"caption\":\"Reda\u00e7\u00e3o\"},\"url\":\"https:\/\/sudoesteacontece.com.br\/?author=4\"}]}<\/script>\n<!-- \/ Yoast SEO plugin. -->","yoast_head_json":{"title":"Fabr\u00edcio Abrantes cumpre promessa ignorada por anos e leva asfalto \u00e0 Rua Ana L\u00eddia Viana Cardoso - Sudoesteacontece","robots":{"index":"index","follow":"follow","max-snippet":"max-snippet:-1","max-image-preview":"max-image-preview:large","max-video-preview":"max-video-preview:-1"},"canonical":"https:\/\/sudoesteacontece.com.br\/?p=5770","og_locale":"pt_BR","og_type":"article","og_title":"Fabr\u00edcio Abrantes cumpre promessa ignorada por anos e leva asfalto \u00e0 Rua Ana L\u00eddia Viana Cardoso - Sudoesteacontece","og_description":"Depois de anos de cobran\u00e7as e promessas n\u00e3o cumpridas, a Rua Ana L\u00eddia Viana Cardoso come\u00e7a a viver uma nova realidade em Brumado. A Prefeitura iniciou nesta quinta-feira (8) a recupera\u00e7\u00e3o da via, a\u00e7\u00e3o autorizada pelo prefeito Fabr\u00edcio Abrantes (Avante) e apontada como mais uma promessa de campanha finalmente tirada do papel. Durante gest\u00f5es passadas, moradores relatam que pedidos de pavimenta\u00e7\u00e3o foram ignorados, enquanto outras \u00e1reas sem resid\u00eancias chegaram a receber asfalto. A situa\u00e7\u00e3o gerou revolta e sensa\u00e7\u00e3o de abandono. Agora, a atual administra\u00e7\u00e3o muda a l\u00f3gica, prioriza quem mora na rua e responde a uma demanda hist\u00f3rica da comunidade. Para os moradores, a obra vai al\u00e9m da melhoria urbana. Representa justi\u00e7a, respeito e reconhecimento ap\u00f3s anos de descaso do poder p\u00fablico. A chegada das m\u00e1quinas foi recebida com comemora\u00e7\u00e3o e simboliza o fim de um per\u00edodo marcado por poeira, buracos e dificuldades de acesso, sobretudo em dias de chuva. Segundo a prefeitura, os servi\u00e7os seguem em ritmo acelerado e integram um plano maior de requalifica\u00e7\u00e3o urbana. A gest\u00e3o afirma que a recupera\u00e7\u00e3o da via consolida o discurso adotado por Fabr\u00edcio Abrantes desde a campanha: governar com obras, cumprir promessas e corrigir distor\u00e7\u00f5es deixadas por administra\u00e7\u00f5es anteriores.","og_url":"https:\/\/sudoesteacontece.com.br\/?p=5770","og_site_name":"Sudoesteacontece","article_publisher":"https:\/\/www.facebook.com\/sudoesteacontece\/?locale=pt_BR","article_published_time":"2026-01-09T14:28:27+00:00","article_modified_time":"2026-01-09T14:28:29+00:00","og_image":[{"width":900,"height":600,"url":"https:\/\/sudoesteacontece.com.br\/wp-content\/uploads\/2026\/01\/Fabricio-Abrantes-cumpre-promessa-ignorada-por-anos-e-leva-asfalto-a-Rua-Ana-Lidia-Viana-Cardoso-sudoeste-acontece.jpg","type":"image\/jpeg"}],"author":"Reda\u00e7\u00e3o","twitter_card":"summary_large_image","twitter_misc":{"Escrito por":"Reda\u00e7\u00e3o","Est. tempo de leitura":"2 minutos"},"schema":{"@context":"https:\/\/schema.org","@graph":[{"@type":"Article","@id":"https:\/\/sudoesteacontece.com.br\/?p=5770#article","isPartOf":{"@id":"https:\/\/sudoesteacontece.com.br\/?p=5770"},"author":{"name":"Reda\u00e7\u00e3o","@id":"https:\/\/sudoesteacontece.com.br\/#\/schema\/person\/a4f22429c1d0923ef8f7d43343f8dc38"},"headline":"Fabr\u00edcio Abrantes cumpre promessa ignorada por anos e leva asfalto \u00e0 Rua Ana L\u00eddia Viana Cardoso","datePublished":"2026-01-09T14:28:27+00:00","dateModified":"2026-01-09T14:28:29+00:00","mainEntityOfPage":{"@id":"https:\/\/sudoesteacontece.com.br\/?p=5770"},"wordCount":242,"commentCount":0,"publisher":{"@id":"https:\/\/sudoesteacontece.com.br\/#organization"},"image":{"@id":"https:\/\/sudoesteacontece.com.br\/?p=5770#primaryimage"},"thumbnailUrl":"https:\/\/sudoesteacontece.com.br\/wp-content\/uploads\/2026\/01\/Fabricio-Abrantes-cumpre-promessa-ignorada-por-anos-e-leva-asfalto-a-Rua-Ana-Lidia-Viana-Cardoso-sudoeste-acontece.jpg","articleSection":["Brumado","Cidades","Pol\u00edtica"],"inLanguage":"pt-BR","potentialAction":[{"@type":"CommentAction","name":"Comment","target":["https:\/\/sudoesteacontece.com.br\/?p=5770#respond"]}]},{"@type":"WebPage","@id":"https:\/\/sudoesteacontece.com.br\/?p=5770","url":"https:\/\/sudoesteacontece.com.br\/?p=5770","name":"Fabr\u00edcio Abrantes cumpre promessa ignorada por anos e leva asfalto \u00e0 Rua Ana L\u00eddia Viana Cardoso - Sudoesteacontece","isPartOf":{"@id":"https:\/\/sudoesteacontece.com.br\/#website"},"primaryImageOfPage":{"@id":"https:\/\/sudoesteacontece.com.br\/?p=5770#primaryimage"},"image":{"@id":"https:\/\/sudoesteacontece.com.br\/?p=5770#primaryimage"},"thumbnailUrl":"https:\/\/sudoesteacontece.com.br\/wp-content\/uploads\/2026\/01\/Fabricio-Abrantes-cumpre-promessa-ignorada-por-anos-e-leva-asfalto-a-Rua-Ana-Lidia-Viana-Cardoso-sudoeste-acontece.jpg","datePublished":"2026-01-09T14:28:27+00:00","dateModified":"2026-01-09T14:28:29+00:00","breadcrumb":{"@id":"https:\/\/sudoesteacontece.com.br\/?p=5770#breadcrumb"},"inLanguage":"pt-BR","potentialAction":[{"@type":"ReadAction","target":["https:\/\/sudoesteacontece.com.br\/?p=5770"]}]},{"@type":"ImageObject","inLanguage":"pt-BR","@id":"https:\/\/sudoesteacontece.com.br\/?p=5770#primaryimage","url":"https:\/\/sudoesteacontece.com.br\/wp-content\/uploads\/2026\/01\/Fabricio-Abrantes-cumpre-promessa-ignorada-por-anos-e-leva-asfalto-a-Rua-Ana-Lidia-Viana-Cardoso-sudoeste-acontece.jpg","contentUrl":"https:\/\/sudoesteacontece.com.br\/wp-content\/uploads\/2026\/01\/Fabricio-Abrantes-cumpre-promessa-ignorada-por-anos-e-leva-asfalto-a-Rua-Ana-Lidia-Viana-Cardoso-sudoeste-acontece.jpg","width":900,"height":600},{"@type":"BreadcrumbList","@id":"https:\/\/sudoesteacontece.com.br\/?p=5770#breadcrumb","itemListElement":[{"@type":"ListItem","position":1,"name":"In\u00edcio","item":"https:\/\/sudoesteacontece.com.br\/"},{"@type":"ListItem","position":2,"name":"Fabr\u00edcio Abrantes cumpre promessa ignorada por anos e leva asfalto \u00e0 Rua Ana L\u00eddia Viana Cardoso"}]},{"@type":"WebSite","@id":"https:\/\/sudoesteacontece.com.br\/#website","url":"https:\/\/sudoesteacontece.com.br\/","name":"Sudoesteacontece","description":"","publisher":{"@id":"https:\/\/sudoesteacontece.com.br\/#organization"},"potentialAction":[{"@type":"SearchAction","target":{"@type":"EntryPoint","urlTemplate":"https:\/\/sudoesteacontece.com.br\/?s={search_term_string}"},"query-input":{"@type":"PropertyValueSpecification","valueRequired":true,"valueName":"search_term_string"}}],"inLanguage":"pt-BR"},{"@type":"Organization","@id":"https:\/\/sudoesteacontece.com.br\/#organization","name":"Sudoesteacontece","url":"https:\/\/sudoesteacontece.com.br\/","logo":{"@type":"ImageObject","inLanguage":"pt-BR","@id":"https:\/\/sudoesteacontece.com.br\/#\/schema\/logo\/image\/","url":"https:\/\/sudoesteacontece.com.br\/wp-content\/uploads\/2025\/12\/cropped-logo-2-180x180-1.png","contentUrl":"https:\/\/sudoesteacontece.com.br\/wp-content\/uploads\/2025\/12\/cropped-logo-2-180x180-1.png","width":180,"height":180,"caption":"Sudoesteacontece"},"image":{"@id":"https:\/\/sudoesteacontece.com.br\/#\/schema\/logo\/image\/"},"sameAs":["https:\/\/www.facebook.com\/sudoesteacontece\/?locale=pt_BR"]},{"@type":"Person","@id":"https:\/\/sudoesteacontece.com.br\/#\/schema\/person\/a4f22429c1d0923ef8f7d43343f8dc38","name":"Reda\u00e7\u00e3o","image":{"@type":"ImageObject","inLanguage":"pt-BR","@id":"https:\/\/sudoesteacontece.com.br\/#\/schema\/person\/image\/","url":"https:\/\/secure.gravatar.com\/avatar\/c3a5b3c93f268a709c25a2df414c629a96fb3b1b4bf97a94fb3f72e54ae76903?s=96&d=mm&r=g","contentUrl":"https:\/\/secure.gravatar.com\/avatar\/c3a5b3c93f268a709c25a2df414c629a96fb3b1b4bf97a94fb3f72e54ae76903?s=96&d=mm&r=g","caption":"Reda\u00e7\u00e3o"},"url":"https:\/\/sudoesteacontece.com.br\/?author=4"}]}},"_links":{"self":[{"href":"https:\/\/sudoesteacontece.com.br\/index.php?rest_route=\/wp\/v2\/posts\/5770","targetHints":{"allow":["GET"]}}],"collection":[{"href":"https:\/\/sudoesteacontece.com.br\/index.php?rest_route=\/wp\/v2\/posts"}],"about":[{"href":"https:\/\/sudoesteacontece.com.br\/index.php?rest_route=\/wp\/v2\/types\/post"}],"author":[{"embeddable":true,"href":"https:\/\/sudoesteacontece.com.br\/index.php?rest_route=\/wp\/v2\/users\/4"}],"replies":[{"embeddable":true,"href":"https:\/\/sudoesteacontece.com.br\/index.php?rest_route=%2Fwp%2Fv2%2Fcomments&post=5770"}],"version-history":[{"count":0,"href":"https:\/\/sudoesteacontece.com.br\/index.php?rest_route=\/wp\/v2\/posts\/5770\/revisions"}],"wp:featuredmedia":[{"embeddable":true,"href":"https:\/\/sudoesteacontece.com.br\/index.php?rest_route=\/wp\/v2\/media\/5771"}],"wp:attachment":[{"href":"https:\/\/sudoesteacontece.com.br\/index.php?rest_route=%2Fwp%2Fv2%2Fmedia&parent=5770"}],"wp:term":[{"taxonomy":"category","embeddable":true,"href":"https:\/\/sudoesteacontece.com.br\/index.php?rest_route=%2Fwp%2Fv2%2Fcategories&post=5770"},{"taxonomy":"post_tag","embeddable":true,"href":"https:\/\/sudoesteacontece.com.br\/index.php?rest_route=%2Fwp%2Fv2%2Ftags&post=5770"}],"curies":[{"name":"wp","href":"https:\/\/api.w.org\/{rel}","templated":true}]}}