{"id":5788,"date":"2026-01-09T17:07:46","date_gmt":"2026-01-09T20:07:46","guid":{"rendered":"https:\/\/sudoesteacontece.com.br\/?p=5788"},"modified":"2026-01-09T17:07:49","modified_gmt":"2026-01-09T20:07:49","slug":"batida-entre-carro-forte-e-carro-de-passeio-mata-tres-pessoas-na-br-101-no-sul-da-bahia","status":"publish","type":"post","link":"https:\/\/sudoesteacontece.com.br\/?p=5788","title":{"rendered":"Batida entre carro-forte e carro de passeio mata tr\u00eas pessoas na BR-101, no sul da Bahia"},"content":{"rendered":"<div class=\"wp-block-image\">\n<figure class=\"aligncenter size-full\"><img fetchpriority=\"high\" decoding=\"async\" width=\"900\" height=\"600\" src=\"http:\/\/sudoesteacontece.com.br\/wp-content\/uploads\/2026\/01\/Batida-entre-carro-forte-e-carro-de-passeio-mata-tres-pessoas-na-BR-101-no-sul-da-Bahia-sudoeste-acontece.jpg\" alt=\"\" class=\"wp-image-5797\" srcset=\"https:\/\/sudoesteacontece.com.br\/wp-content\/uploads\/2026\/01\/Batida-entre-carro-forte-e-carro-de-passeio-mata-tres-pessoas-na-BR-101-no-sul-da-Bahia-sudoeste-acontece.jpg 900w, https:\/\/sudoesteacontece.com.br\/wp-content\/uploads\/2026\/01\/Batida-entre-carro-forte-e-carro-de-passeio-mata-tres-pessoas-na-BR-101-no-sul-da-Bahia-sudoeste-acontece-300x200.jpg 300w, https:\/\/sudoesteacontece.com.br\/wp-content\/uploads\/2026\/01\/Batida-entre-carro-forte-e-carro-de-passeio-mata-tres-pessoas-na-BR-101-no-sul-da-Bahia-sudoeste-acontece-768x512.jpg 768w\" sizes=\"(max-width: 900px) 100vw, 900px\" \/><\/figure>\n<\/div>\n\n\n<p>Um grave acidente entre um carro-forte e um ve\u00edculo de passeio deixou tr\u00eas pessoas mortas na manh\u00e3 desta sexta-feira (9), na BR-101. A colis\u00e3o ocorreu no km 446, em um trecho sinuoso de Aurelino Leal, conhecido como \u201ccurva do padre\u201d, \u00e1rea marcada por alto \u00edndice de acidentes.<\/p>\n\n\n\n<p>Segundo a Pol\u00edcia Rodovi\u00e1ria Federal, o impacto foi extremamente violento. Um dos ocupantes do carro de passeio foi arremessado para uma \u00e1rea de mata \u00e0s margens da rodovia e s\u00f3 foi localizado ap\u00f3s buscas realizadas pelas equipes de resgate, o que levou \u00e0 confirma\u00e7\u00e3o do terceiro \u00f3bito.<\/p>\n\n\n\n<p>Com a batida, o carro-forte ficou atravessado na pista, bloqueando parcialmente a rodovia. J\u00e1 o ve\u00edculo de passeio foi completamente destru\u00eddo e lan\u00e7ado para fora da via, evidenciando a for\u00e7a da colis\u00e3o registrada no local.<\/p>\n\n\n\n<p>Durante a manh\u00e3 e o in\u00edcio da tarde, o tr\u00e1fego seguiu lento no trecho, operando em meia pista para permitir o trabalho da per\u00edcia e a retirada dos ve\u00edculos. Equipes do Departamento de Pol\u00edcia T\u00e9cnica realizaram o levantamento cadav\u00e9rico e encaminharam os corpos ao Instituto M\u00e9dico Legal de Itabuna.<\/p>\n\n\n\n<p>As circunst\u00e2ncias do acidente seguem sob investiga\u00e7\u00e3o. A pol\u00edcia avalia fatores como a geometria da pista, as condi\u00e7\u00f5es do trecho e a din\u00e2mica da colis\u00e3o, j\u00e1 que a \u201ccurva do padre\u201d \u00e9 considerada uma das \u00e1reas mais perigosas da BR-101 na regi\u00e3o.<\/p>\n","protected":false},"excerpt":{"rendered":"<p>Um grave acidente entre um carro-forte e um ve\u00edculo de passeio deixou tr\u00eas pessoas mortas na manh\u00e3 desta sexta-feira (9), na BR-101. A colis\u00e3o ocorreu no km 446, em um trecho sinuoso de Aurelino Leal, conhecido como \u201ccurva do padre\u201d, \u00e1rea marcada por alto \u00edndice de acidentes. Segundo a Pol\u00edcia Rodovi\u00e1ria Federal, o impacto foi extremamente violento. Um dos ocupantes do carro de passeio foi arremessado para uma \u00e1rea de mata \u00e0s margens da rodovia e s\u00f3 foi localizado ap\u00f3s buscas realizadas pelas equipes de resgate, o que levou \u00e0 confirma\u00e7\u00e3o do terceiro \u00f3bito. Com a batida, o carro-forte ficou atravessado na pista, bloqueando parcialmente a rodovia. J\u00e1 o ve\u00edculo de passeio foi completamente destru\u00eddo e lan\u00e7ado para fora da via, evidenciando a for\u00e7a da colis\u00e3o registrada no local. Durante a manh\u00e3 e o in\u00edcio da tarde, o tr\u00e1fego seguiu lento no trecho, operando em meia pista para permitir o trabalho da per\u00edcia e a retirada dos ve\u00edculos. Equipes do Departamento de Pol\u00edcia T\u00e9cnica realizaram o levantamento cadav\u00e9rico e encaminharam os corpos ao Instituto M\u00e9dico Legal de Itabuna. As circunst\u00e2ncias do acidente seguem sob investiga\u00e7\u00e3o. A pol\u00edcia avalia fatores como a geometria da pista, as condi\u00e7\u00f5es do trecho e a din\u00e2mica da colis\u00e3o, j\u00e1 que a \u201ccurva do padre\u201d \u00e9 considerada uma das \u00e1reas mais perigosas da BR-101 na regi\u00e3o.<\/p>\n","protected":false},"author":4,"featured_media":5797,"comment_status":"open","ping_status":"open","sticky":false,"template":"","format":"standard","meta":{"footnotes":""},"categories":[5],"tags":[],"class_list":["post-5788","post","type-post","status-publish","format-standard","has-post-thumbnail","hentry","category-acidente"],"yoast_head":"<!-- This site is optimized with the Yoast SEO plugin v26.5 - https:\/\/yoast.com\/wordpress\/plugins\/seo\/ -->\n<title>Batida entre carro-forte e carro de passeio mata tr\u00eas pessoas na BR-101, no sul da Bahia - Sudoesteacontece<\/title>\n<meta name=\"robots\" content=\"index, follow, max-snippet:-1, max-image-preview:large, max-video-preview:-1\" \/>\n<link rel=\"canonical\" href=\"http:\/\/sudoesteacontece.com.br\/?p=5788\" \/>\n<meta property=\"og:locale\" content=\"pt_BR\" \/>\n<meta property=\"og:type\" content=\"article\" \/>\n<meta property=\"og:title\" content=\"Batida entre carro-forte e carro de passeio mata tr\u00eas pessoas na BR-101, no sul da Bahia - Sudoesteacontece\" \/>\n<meta property=\"og:description\" content=\"Um grave acidente entre um carro-forte e um ve\u00edculo de passeio deixou tr\u00eas pessoas mortas na manh\u00e3 desta sexta-feira (9), na BR-101. A colis\u00e3o ocorreu no km 446, em um trecho sinuoso de Aurelino Leal, conhecido como \u201ccurva do padre\u201d, \u00e1rea marcada por alto \u00edndice de acidentes. Segundo a Pol\u00edcia Rodovi\u00e1ria Federal, o impacto foi extremamente violento. Um dos ocupantes do carro de passeio foi arremessado para uma \u00e1rea de mata \u00e0s margens da rodovia e s\u00f3 foi localizado ap\u00f3s buscas realizadas pelas equipes de resgate, o que levou \u00e0 confirma\u00e7\u00e3o do terceiro \u00f3bito. Com a batida, o carro-forte ficou atravessado na pista, bloqueando parcialmente a rodovia. J\u00e1 o ve\u00edculo de passeio foi completamente destru\u00eddo e lan\u00e7ado para fora da via, evidenciando a for\u00e7a da colis\u00e3o registrada no local. Durante a manh\u00e3 e o in\u00edcio da tarde, o tr\u00e1fego seguiu lento no trecho, operando em meia pista para permitir o trabalho da per\u00edcia e a retirada dos ve\u00edculos. Equipes do Departamento de Pol\u00edcia T\u00e9cnica realizaram o levantamento cadav\u00e9rico e encaminharam os corpos ao Instituto M\u00e9dico Legal de Itabuna. As circunst\u00e2ncias do acidente seguem sob investiga\u00e7\u00e3o. A pol\u00edcia avalia fatores como a geometria da pista, as condi\u00e7\u00f5es do trecho e a din\u00e2mica da colis\u00e3o, j\u00e1 que a \u201ccurva do padre\u201d \u00e9 considerada uma das \u00e1reas mais perigosas da BR-101 na regi\u00e3o.\" \/>\n<meta property=\"og:url\" content=\"http:\/\/sudoesteacontece.com.br\/?p=5788\" \/>\n<meta property=\"og:site_name\" content=\"Sudoesteacontece\" \/>\n<meta property=\"article:publisher\" content=\"https:\/\/www.facebook.com\/sudoesteacontece\/?locale=pt_BR\" \/>\n<meta property=\"article:published_time\" content=\"2026-01-09T20:07:46+00:00\" \/>\n<meta property=\"article:modified_time\" content=\"2026-01-09T20:07:49+00:00\" \/>\n<meta property=\"og:image\" content=\"http:\/\/sudoesteacontece.com.br\/wp-content\/uploads\/2026\/01\/Batida-entre-carro-forte-e-carro-de-passeio-mata-tres-pessoas-na-BR-101-no-sul-da-Bahia-sudoeste-acontece.jpg\" \/>\n\t<meta property=\"og:image:width\" content=\"900\" \/>\n\t<meta property=\"og:image:height\" content=\"600\" \/>\n\t<meta property=\"og:image:type\" content=\"image\/jpeg\" \/>\n<meta name=\"author\" content=\"Reda\u00e7\u00e3o\" \/>\n<meta name=\"twitter:card\" content=\"summary_large_image\" \/>\n<meta name=\"twitter:label1\" content=\"Escrito por\" \/>\n\t<meta name=\"twitter:data1\" content=\"Reda\u00e7\u00e3o\" \/>\n\t<meta name=\"twitter:label2\" content=\"Est. tempo de leitura\" \/>\n\t<meta name=\"twitter:data2\" content=\"2 minutos\" \/>\n<script type=\"application\/ld+json\" class=\"yoast-schema-graph\">{\"@context\":\"https:\/\/schema.org\",\"@graph\":[{\"@type\":\"Article\",\"@id\":\"http:\/\/sudoesteacontece.com.br\/?p=5788#article\",\"isPartOf\":{\"@id\":\"http:\/\/sudoesteacontece.com.br\/?p=5788\"},\"author\":{\"name\":\"Reda\u00e7\u00e3o\",\"@id\":\"https:\/\/sudoesteacontece.com.br\/#\/schema\/person\/a4f22429c1d0923ef8f7d43343f8dc38\"},\"headline\":\"Batida entre carro-forte e carro de passeio mata tr\u00eas pessoas na BR-101, no sul da Bahia\",\"datePublished\":\"2026-01-09T20:07:46+00:00\",\"dateModified\":\"2026-01-09T20:07:49+00:00\",\"mainEntityOfPage\":{\"@id\":\"http:\/\/sudoesteacontece.com.br\/?p=5788\"},\"wordCount\":260,\"commentCount\":0,\"publisher\":{\"@id\":\"https:\/\/sudoesteacontece.com.br\/#organization\"},\"image\":{\"@id\":\"http:\/\/sudoesteacontece.com.br\/?p=5788#primaryimage\"},\"thumbnailUrl\":\"https:\/\/sudoesteacontece.com.br\/wp-content\/uploads\/2026\/01\/Batida-entre-carro-forte-e-carro-de-passeio-mata-tres-pessoas-na-BR-101-no-sul-da-Bahia-sudoeste-acontece.jpg\",\"articleSection\":[\"Acidente\"],\"inLanguage\":\"pt-BR\",\"potentialAction\":[{\"@type\":\"CommentAction\",\"name\":\"Comment\",\"target\":[\"http:\/\/sudoesteacontece.com.br\/?p=5788#respond\"]}]},{\"@type\":\"WebPage\",\"@id\":\"http:\/\/sudoesteacontece.com.br\/?p=5788\",\"url\":\"http:\/\/sudoesteacontece.com.br\/?p=5788\",\"name\":\"Batida entre carro-forte e carro de passeio mata tr\u00eas pessoas na BR-101, no sul da Bahia - Sudoesteacontece\",\"isPartOf\":{\"@id\":\"https:\/\/sudoesteacontece.com.br\/#website\"},\"primaryImageOfPage\":{\"@id\":\"http:\/\/sudoesteacontece.com.br\/?p=5788#primaryimage\"},\"image\":{\"@id\":\"http:\/\/sudoesteacontece.com.br\/?p=5788#primaryimage\"},\"thumbnailUrl\":\"https:\/\/sudoesteacontece.com.br\/wp-content\/uploads\/2026\/01\/Batida-entre-carro-forte-e-carro-de-passeio-mata-tres-pessoas-na-BR-101-no-sul-da-Bahia-sudoeste-acontece.jpg\",\"datePublished\":\"2026-01-09T20:07:46+00:00\",\"dateModified\":\"2026-01-09T20:07:49+00:00\",\"breadcrumb\":{\"@id\":\"http:\/\/sudoesteacontece.com.br\/?p=5788#breadcrumb\"},\"inLanguage\":\"pt-BR\",\"potentialAction\":[{\"@type\":\"ReadAction\",\"target\":[\"http:\/\/sudoesteacontece.com.br\/?p=5788\"]}]},{\"@type\":\"ImageObject\",\"inLanguage\":\"pt-BR\",\"@id\":\"http:\/\/sudoesteacontece.com.br\/?p=5788#primaryimage\",\"url\":\"https:\/\/sudoesteacontece.com.br\/wp-content\/uploads\/2026\/01\/Batida-entre-carro-forte-e-carro-de-passeio-mata-tres-pessoas-na-BR-101-no-sul-da-Bahia-sudoeste-acontece.jpg\",\"contentUrl\":\"https:\/\/sudoesteacontece.com.br\/wp-content\/uploads\/2026\/01\/Batida-entre-carro-forte-e-carro-de-passeio-mata-tres-pessoas-na-BR-101-no-sul-da-Bahia-sudoeste-acontece.jpg\",\"width\":900,\"height\":600},{\"@type\":\"BreadcrumbList\",\"@id\":\"http:\/\/sudoesteacontece.com.br\/?p=5788#breadcrumb\",\"itemListElement\":[{\"@type\":\"ListItem\",\"position\":1,\"name\":\"In\u00edcio\",\"item\":\"https:\/\/sudoesteacontece.com.br\/\"},{\"@type\":\"ListItem\",\"position\":2,\"name\":\"Batida entre carro-forte e carro de passeio mata tr\u00eas pessoas na BR-101, no sul da Bahia\"}]},{\"@type\":\"WebSite\",\"@id\":\"https:\/\/sudoesteacontece.com.br\/#website\",\"url\":\"https:\/\/sudoesteacontece.com.br\/\",\"name\":\"Sudoesteacontece\",\"description\":\"\",\"publisher\":{\"@id\":\"https:\/\/sudoesteacontece.com.br\/#organization\"},\"potentialAction\":[{\"@type\":\"SearchAction\",\"target\":{\"@type\":\"EntryPoint\",\"urlTemplate\":\"https:\/\/sudoesteacontece.com.br\/?s={search_term_string}\"},\"query-input\":{\"@type\":\"PropertyValueSpecification\",\"valueRequired\":true,\"valueName\":\"search_term_string\"}}],\"inLanguage\":\"pt-BR\"},{\"@type\":\"Organization\",\"@id\":\"https:\/\/sudoesteacontece.com.br\/#organization\",\"name\":\"Sudoesteacontece\",\"url\":\"https:\/\/sudoesteacontece.com.br\/\",\"logo\":{\"@type\":\"ImageObject\",\"inLanguage\":\"pt-BR\",\"@id\":\"https:\/\/sudoesteacontece.com.br\/#\/schema\/logo\/image\/\",\"url\":\"https:\/\/sudoesteacontece.com.br\/wp-content\/uploads\/2025\/12\/cropped-logo-2-180x180-1.png\",\"contentUrl\":\"https:\/\/sudoesteacontece.com.br\/wp-content\/uploads\/2025\/12\/cropped-logo-2-180x180-1.png\",\"width\":180,\"height\":180,\"caption\":\"Sudoesteacontece\"},\"image\":{\"@id\":\"https:\/\/sudoesteacontece.com.br\/#\/schema\/logo\/image\/\"},\"sameAs\":[\"https:\/\/www.facebook.com\/sudoesteacontece\/?locale=pt_BR\"]},{\"@type\":\"Person\",\"@id\":\"https:\/\/sudoesteacontece.com.br\/#\/schema\/person\/a4f22429c1d0923ef8f7d43343f8dc38\",\"name\":\"Reda\u00e7\u00e3o\",\"image\":{\"@type\":\"ImageObject\",\"inLanguage\":\"pt-BR\",\"@id\":\"https:\/\/sudoesteacontece.com.br\/#\/schema\/person\/image\/\",\"url\":\"https:\/\/secure.gravatar.com\/avatar\/c3a5b3c93f268a709c25a2df414c629a96fb3b1b4bf97a94fb3f72e54ae76903?s=96&d=mm&r=g\",\"contentUrl\":\"https:\/\/secure.gravatar.com\/avatar\/c3a5b3c93f268a709c25a2df414c629a96fb3b1b4bf97a94fb3f72e54ae76903?s=96&d=mm&r=g\",\"caption\":\"Reda\u00e7\u00e3o\"},\"url\":\"https:\/\/sudoesteacontece.com.br\/?author=4\"}]}<\/script>\n<!-- \/ Yoast SEO plugin. -->","yoast_head_json":{"title":"Batida entre carro-forte e carro de passeio mata tr\u00eas pessoas na BR-101, no sul da Bahia - Sudoesteacontece","robots":{"index":"index","follow":"follow","max-snippet":"max-snippet:-1","max-image-preview":"max-image-preview:large","max-video-preview":"max-video-preview:-1"},"canonical":"http:\/\/sudoesteacontece.com.br\/?p=5788","og_locale":"pt_BR","og_type":"article","og_title":"Batida entre carro-forte e carro de passeio mata tr\u00eas pessoas na BR-101, no sul da Bahia - Sudoesteacontece","og_description":"Um grave acidente entre um carro-forte e um ve\u00edculo de passeio deixou tr\u00eas pessoas mortas na manh\u00e3 desta sexta-feira (9), na BR-101. A colis\u00e3o ocorreu no km 446, em um trecho sinuoso de Aurelino Leal, conhecido como \u201ccurva do padre\u201d, \u00e1rea marcada por alto \u00edndice de acidentes. Segundo a Pol\u00edcia Rodovi\u00e1ria Federal, o impacto foi extremamente violento. Um dos ocupantes do carro de passeio foi arremessado para uma \u00e1rea de mata \u00e0s margens da rodovia e s\u00f3 foi localizado ap\u00f3s buscas realizadas pelas equipes de resgate, o que levou \u00e0 confirma\u00e7\u00e3o do terceiro \u00f3bito. Com a batida, o carro-forte ficou atravessado na pista, bloqueando parcialmente a rodovia. J\u00e1 o ve\u00edculo de passeio foi completamente destru\u00eddo e lan\u00e7ado para fora da via, evidenciando a for\u00e7a da colis\u00e3o registrada no local. Durante a manh\u00e3 e o in\u00edcio da tarde, o tr\u00e1fego seguiu lento no trecho, operando em meia pista para permitir o trabalho da per\u00edcia e a retirada dos ve\u00edculos. Equipes do Departamento de Pol\u00edcia T\u00e9cnica realizaram o levantamento cadav\u00e9rico e encaminharam os corpos ao Instituto M\u00e9dico Legal de Itabuna. As circunst\u00e2ncias do acidente seguem sob investiga\u00e7\u00e3o. A pol\u00edcia avalia fatores como a geometria da pista, as condi\u00e7\u00f5es do trecho e a din\u00e2mica da colis\u00e3o, j\u00e1 que a \u201ccurva do padre\u201d \u00e9 considerada uma das \u00e1reas mais perigosas da BR-101 na regi\u00e3o.","og_url":"http:\/\/sudoesteacontece.com.br\/?p=5788","og_site_name":"Sudoesteacontece","article_publisher":"https:\/\/www.facebook.com\/sudoesteacontece\/?locale=pt_BR","article_published_time":"2026-01-09T20:07:46+00:00","article_modified_time":"2026-01-09T20:07:49+00:00","og_image":[{"width":900,"height":600,"url":"http:\/\/sudoesteacontece.com.br\/wp-content\/uploads\/2026\/01\/Batida-entre-carro-forte-e-carro-de-passeio-mata-tres-pessoas-na-BR-101-no-sul-da-Bahia-sudoeste-acontece.jpg","type":"image\/jpeg"}],"author":"Reda\u00e7\u00e3o","twitter_card":"summary_large_image","twitter_misc":{"Escrito por":"Reda\u00e7\u00e3o","Est. tempo de leitura":"2 minutos"},"schema":{"@context":"https:\/\/schema.org","@graph":[{"@type":"Article","@id":"http:\/\/sudoesteacontece.com.br\/?p=5788#article","isPartOf":{"@id":"http:\/\/sudoesteacontece.com.br\/?p=5788"},"author":{"name":"Reda\u00e7\u00e3o","@id":"https:\/\/sudoesteacontece.com.br\/#\/schema\/person\/a4f22429c1d0923ef8f7d43343f8dc38"},"headline":"Batida entre carro-forte e carro de passeio mata tr\u00eas pessoas na BR-101, no sul da Bahia","datePublished":"2026-01-09T20:07:46+00:00","dateModified":"2026-01-09T20:07:49+00:00","mainEntityOfPage":{"@id":"http:\/\/sudoesteacontece.com.br\/?p=5788"},"wordCount":260,"commentCount":0,"publisher":{"@id":"https:\/\/sudoesteacontece.com.br\/#organization"},"image":{"@id":"http:\/\/sudoesteacontece.com.br\/?p=5788#primaryimage"},"thumbnailUrl":"https:\/\/sudoesteacontece.com.br\/wp-content\/uploads\/2026\/01\/Batida-entre-carro-forte-e-carro-de-passeio-mata-tres-pessoas-na-BR-101-no-sul-da-Bahia-sudoeste-acontece.jpg","articleSection":["Acidente"],"inLanguage":"pt-BR","potentialAction":[{"@type":"CommentAction","name":"Comment","target":["http:\/\/sudoesteacontece.com.br\/?p=5788#respond"]}]},{"@type":"WebPage","@id":"http:\/\/sudoesteacontece.com.br\/?p=5788","url":"http:\/\/sudoesteacontece.com.br\/?p=5788","name":"Batida entre carro-forte e carro de passeio mata tr\u00eas pessoas na BR-101, no sul da Bahia - Sudoesteacontece","isPartOf":{"@id":"https:\/\/sudoesteacontece.com.br\/#website"},"primaryImageOfPage":{"@id":"http:\/\/sudoesteacontece.com.br\/?p=5788#primaryimage"},"image":{"@id":"http:\/\/sudoesteacontece.com.br\/?p=5788#primaryimage"},"thumbnailUrl":"https:\/\/sudoesteacontece.com.br\/wp-content\/uploads\/2026\/01\/Batida-entre-carro-forte-e-carro-de-passeio-mata-tres-pessoas-na-BR-101-no-sul-da-Bahia-sudoeste-acontece.jpg","datePublished":"2026-01-09T20:07:46+00:00","dateModified":"2026-01-09T20:07:49+00:00","breadcrumb":{"@id":"http:\/\/sudoesteacontece.com.br\/?p=5788#breadcrumb"},"inLanguage":"pt-BR","potentialAction":[{"@type":"ReadAction","target":["http:\/\/sudoesteacontece.com.br\/?p=5788"]}]},{"@type":"ImageObject","inLanguage":"pt-BR","@id":"http:\/\/sudoesteacontece.com.br\/?p=5788#primaryimage","url":"https:\/\/sudoesteacontece.com.br\/wp-content\/uploads\/2026\/01\/Batida-entre-carro-forte-e-carro-de-passeio-mata-tres-pessoas-na-BR-101-no-sul-da-Bahia-sudoeste-acontece.jpg","contentUrl":"https:\/\/sudoesteacontece.com.br\/wp-content\/uploads\/2026\/01\/Batida-entre-carro-forte-e-carro-de-passeio-mata-tres-pessoas-na-BR-101-no-sul-da-Bahia-sudoeste-acontece.jpg","width":900,"height":600},{"@type":"BreadcrumbList","@id":"http:\/\/sudoesteacontece.com.br\/?p=5788#breadcrumb","itemListElement":[{"@type":"ListItem","position":1,"name":"In\u00edcio","item":"https:\/\/sudoesteacontece.com.br\/"},{"@type":"ListItem","position":2,"name":"Batida entre carro-forte e carro de passeio mata tr\u00eas pessoas na BR-101, no sul da Bahia"}]},{"@type":"WebSite","@id":"https:\/\/sudoesteacontece.com.br\/#website","url":"https:\/\/sudoesteacontece.com.br\/","name":"Sudoesteacontece","description":"","publisher":{"@id":"https:\/\/sudoesteacontece.com.br\/#organization"},"potentialAction":[{"@type":"SearchAction","target":{"@type":"EntryPoint","urlTemplate":"https:\/\/sudoesteacontece.com.br\/?s={search_term_string}"},"query-input":{"@type":"PropertyValueSpecification","valueRequired":true,"valueName":"search_term_string"}}],"inLanguage":"pt-BR"},{"@type":"Organization","@id":"https:\/\/sudoesteacontece.com.br\/#organization","name":"Sudoesteacontece","url":"https:\/\/sudoesteacontece.com.br\/","logo":{"@type":"ImageObject","inLanguage":"pt-BR","@id":"https:\/\/sudoesteacontece.com.br\/#\/schema\/logo\/image\/","url":"https:\/\/sudoesteacontece.com.br\/wp-content\/uploads\/2025\/12\/cropped-logo-2-180x180-1.png","contentUrl":"https:\/\/sudoesteacontece.com.br\/wp-content\/uploads\/2025\/12\/cropped-logo-2-180x180-1.png","width":180,"height":180,"caption":"Sudoesteacontece"},"image":{"@id":"https:\/\/sudoesteacontece.com.br\/#\/schema\/logo\/image\/"},"sameAs":["https:\/\/www.facebook.com\/sudoesteacontece\/?locale=pt_BR"]},{"@type":"Person","@id":"https:\/\/sudoesteacontece.com.br\/#\/schema\/person\/a4f22429c1d0923ef8f7d43343f8dc38","name":"Reda\u00e7\u00e3o","image":{"@type":"ImageObject","inLanguage":"pt-BR","@id":"https:\/\/sudoesteacontece.com.br\/#\/schema\/person\/image\/","url":"https:\/\/secure.gravatar.com\/avatar\/c3a5b3c93f268a709c25a2df414c629a96fb3b1b4bf97a94fb3f72e54ae76903?s=96&d=mm&r=g","contentUrl":"https:\/\/secure.gravatar.com\/avatar\/c3a5b3c93f268a709c25a2df414c629a96fb3b1b4bf97a94fb3f72e54ae76903?s=96&d=mm&r=g","caption":"Reda\u00e7\u00e3o"},"url":"https:\/\/sudoesteacontece.com.br\/?author=4"}]}},"_links":{"self":[{"href":"https:\/\/sudoesteacontece.com.br\/index.php?rest_route=\/wp\/v2\/posts\/5788","targetHints":{"allow":["GET"]}}],"collection":[{"href":"https:\/\/sudoesteacontece.com.br\/index.php?rest_route=\/wp\/v2\/posts"}],"about":[{"href":"https:\/\/sudoesteacontece.com.br\/index.php?rest_route=\/wp\/v2\/types\/post"}],"author":[{"embeddable":true,"href":"https:\/\/sudoesteacontece.com.br\/index.php?rest_route=\/wp\/v2\/users\/4"}],"replies":[{"embeddable":true,"href":"https:\/\/sudoesteacontece.com.br\/index.php?rest_route=%2Fwp%2Fv2%2Fcomments&post=5788"}],"version-history":[{"count":0,"href":"https:\/\/sudoesteacontece.com.br\/index.php?rest_route=\/wp\/v2\/posts\/5788\/revisions"}],"wp:featuredmedia":[{"embeddable":true,"href":"https:\/\/sudoesteacontece.com.br\/index.php?rest_route=\/wp\/v2\/media\/5797"}],"wp:attachment":[{"href":"https:\/\/sudoesteacontece.com.br\/index.php?rest_route=%2Fwp%2Fv2%2Fmedia&parent=5788"}],"wp:term":[{"taxonomy":"category","embeddable":true,"href":"https:\/\/sudoesteacontece.com.br\/index.php?rest_route=%2Fwp%2Fv2%2Fcategories&post=5788"},{"taxonomy":"post_tag","embeddable":true,"href":"https:\/\/sudoesteacontece.com.br\/index.php?rest_route=%2Fwp%2Fv2%2Ftags&post=5788"}],"curies":[{"name":"wp","href":"https:\/\/api.w.org\/{rel}","templated":true}]}}