{"id":5790,"date":"2026-01-09T17:14:20","date_gmt":"2026-01-09T20:14:20","guid":{"rendered":"https:\/\/sudoesteacontece.com.br\/?p=5790"},"modified":"2026-01-09T17:14:22","modified_gmt":"2026-01-09T20:14:22","slug":"jeronimo-descarta-rui-costa-na-cabeca-da-chapa-minimiza-pesquisas-e-aposta-em-lula-em-2026","status":"publish","type":"post","link":"https:\/\/sudoesteacontece.com.br\/?p=5790","title":{"rendered":"Jer\u00f4nimo descarta Rui Costa na cabe\u00e7a da chapa, minimiza pesquisas e aposta em Lula em 2026"},"content":{"rendered":"<div class=\"wp-block-image\">\n<figure class=\"aligncenter size-full\"><img fetchpriority=\"high\" decoding=\"async\" width=\"900\" height=\"600\" src=\"http:\/\/sudoesteacontece.com.br\/wp-content\/uploads\/2026\/01\/Jeronimo-descarta-Rui-Costa-na-cabeca-da-chapa-minimiza-pesquisas-e-aposta-em-Lula-em-2026-sudoeste-acontece.jpg\" alt=\"\" class=\"wp-image-5800\" srcset=\"https:\/\/sudoesteacontece.com.br\/wp-content\/uploads\/2026\/01\/Jeronimo-descarta-Rui-Costa-na-cabeca-da-chapa-minimiza-pesquisas-e-aposta-em-Lula-em-2026-sudoeste-acontece.jpg 900w, https:\/\/sudoesteacontece.com.br\/wp-content\/uploads\/2026\/01\/Jeronimo-descarta-Rui-Costa-na-cabeca-da-chapa-minimiza-pesquisas-e-aposta-em-Lula-em-2026-sudoeste-acontece-300x200.jpg 300w, https:\/\/sudoesteacontece.com.br\/wp-content\/uploads\/2026\/01\/Jeronimo-descarta-Rui-Costa-na-cabeca-da-chapa-minimiza-pesquisas-e-aposta-em-Lula-em-2026-sudoeste-acontece-768x512.jpg 768w\" sizes=\"(max-width: 900px) 100vw, 900px\" \/><\/figure>\n<\/div>\n\n\n<p>Mesmo aparecendo atr\u00e1s de ACM Neto nas pesquisas, o governador da Bahia, Jer\u00f4nimo Rodrigues (PT), afirmou que n\u00e3o se orienta por levantamentos eleitorais e refor\u00e7ou confian\u00e7a na reelei\u00e7\u00e3o. Em entrevista \u00e0 revista Veja, ele disse que o cen\u00e1rio estadual estar\u00e1 ligado \u00e0 disputa presidencial e destacou o peso pol\u00edtico do presidente Lula na Bahia.<\/p>\n\n\n\n<p>Ao citar o hist\u00f3rico recente do PT, Jer\u00f4nimo lembrou que nem ele nem seus antecessores, Jaques Wagner e Rui Costa, lideravam pesquisas quando venceram elei\u00e7\u00f5es. Segundo o governador, o partido venceu cinco disputas consecutivas sem favoritismo pr\u00e9vio, o que refor\u00e7a a avalia\u00e7\u00e3o de que sondagens n\u00e3o definem o resultado final das urnas.<\/p>\n\n\n\n<p>Durante a entrevista, o governador enfatizou a estrat\u00e9gia de intensificar agendas no interior como resposta pol\u00edtica. Ele afirmou j\u00e1 ter visitado 370 dos 417 munic\u00edpios baianos, com entregas em \u00e1reas como sa\u00fade, educa\u00e7\u00e3o, estradas, \u00e1gua e seguran\u00e7a p\u00fablica, al\u00e9m da constru\u00e7\u00e3o de novos compromissos com prefeitos aliados.<\/p>\n\n\n\n<p>Sobre a composi\u00e7\u00e3o da chapa, Jer\u00f4nimo afastou qualquer possibilidade de Rui Costa encabe\u00e7ar a candidatura ao governo. Disse que a reelei\u00e7\u00e3o \u00e9 prioridade pessoal e que o ministro da Casa Civil tem postura clara voltada para uma disputa ao Senado, encerrando especula\u00e7\u00f5es sobre troca de protagonismo dentro do grupo.<\/p>\n\n\n\n<p>Nos bastidores, o PT avalia uma chapa \u201cpuro-sangue\u201d, com Jer\u00f4nimo no governo e Rui Costa e Jaques Wagner disputando as duas vagas ao Senado. Caso avance, o formato pode excluir o senador Angelo Coronel (PSD), o que exige articula\u00e7\u00e3o para evitar rachas e manter a base aliada unida.<\/p>\n\n\n\n<p>Segundo Jer\u00f4nimo, as conversas seguem abertas para garantir uma chapa competitiva sem desorganizar a coliga\u00e7\u00e3o. O governador refor\u00e7ou que o foco central do grupo \u00e9 a reelei\u00e7\u00e3o de Lula e que a pluralidade de nomes para o Senado n\u00e3o impede a constru\u00e7\u00e3o de consenso pol\u00edtico at\u00e9 o fechamento das alian\u00e7as.<\/p>\n","protected":false},"excerpt":{"rendered":"<p>Mesmo aparecendo atr\u00e1s de ACM Neto nas pesquisas, o governador da Bahia, Jer\u00f4nimo Rodrigues (PT), afirmou que n\u00e3o se orienta por levantamentos eleitorais e refor\u00e7ou confian\u00e7a na reelei\u00e7\u00e3o. Em entrevista \u00e0 revista Veja, ele disse que o cen\u00e1rio estadual estar\u00e1 ligado \u00e0 disputa presidencial e destacou o peso pol\u00edtico do presidente Lula na Bahia. Ao citar o hist\u00f3rico recente do PT, Jer\u00f4nimo lembrou que nem ele nem seus antecessores, Jaques Wagner e Rui Costa, lideravam pesquisas quando venceram elei\u00e7\u00f5es. Segundo o governador, o partido venceu cinco disputas consecutivas sem favoritismo pr\u00e9vio, o que refor\u00e7a a avalia\u00e7\u00e3o de que sondagens n\u00e3o definem o resultado final das urnas. Durante a entrevista, o governador enfatizou a estrat\u00e9gia de intensificar agendas no interior como resposta pol\u00edtica. Ele afirmou j\u00e1 ter visitado 370 dos 417 munic\u00edpios baianos, com entregas em \u00e1reas como sa\u00fade, educa\u00e7\u00e3o, estradas, \u00e1gua e seguran\u00e7a p\u00fablica, al\u00e9m da constru\u00e7\u00e3o de novos compromissos com prefeitos aliados. Sobre a composi\u00e7\u00e3o da chapa, Jer\u00f4nimo afastou qualquer possibilidade de Rui Costa encabe\u00e7ar a candidatura ao governo. Disse que a reelei\u00e7\u00e3o \u00e9 prioridade pessoal e que o ministro da Casa Civil tem postura clara voltada para uma disputa ao Senado, encerrando especula\u00e7\u00f5es sobre troca de protagonismo dentro do grupo. Nos bastidores, o PT avalia uma chapa \u201cpuro-sangue\u201d, com Jer\u00f4nimo no governo e Rui Costa e Jaques Wagner disputando as duas vagas ao Senado. Caso avance, o formato pode excluir o senador Angelo Coronel (PSD), o que exige articula\u00e7\u00e3o para evitar rachas e manter a base aliada unida. Segundo Jer\u00f4nimo, as conversas seguem abertas para garantir uma chapa competitiva sem desorganizar a coliga\u00e7\u00e3o. O governador refor\u00e7ou que o foco central do grupo \u00e9 a reelei\u00e7\u00e3o de Lula e que a pluralidade de nomes para o Senado n\u00e3o impede a constru\u00e7\u00e3o de consenso pol\u00edtico at\u00e9 o fechamento das alian\u00e7as.<\/p>\n","protected":false},"author":4,"featured_media":5800,"comment_status":"open","ping_status":"open","sticky":false,"template":"","format":"standard","meta":{"footnotes":""},"categories":[7,58,6],"tags":[],"class_list":["post-5790","post","type-post","status-publish","format-standard","has-post-thumbnail","hentry","category-bahia","category-eleicoes-2026","category-politica"],"yoast_head":"<!-- This site is optimized with the Yoast SEO plugin v26.5 - https:\/\/yoast.com\/wordpress\/plugins\/seo\/ -->\n<title>Jer\u00f4nimo descarta Rui Costa na cabe\u00e7a da chapa, minimiza pesquisas e aposta em Lula em 2026 - Sudoesteacontece<\/title>\n<meta name=\"robots\" content=\"index, follow, max-snippet:-1, max-image-preview:large, max-video-preview:-1\" \/>\n<link rel=\"canonical\" href=\"https:\/\/sudoesteacontece.com.br\/?p=5790\" \/>\n<meta property=\"og:locale\" content=\"pt_BR\" \/>\n<meta property=\"og:type\" content=\"article\" \/>\n<meta property=\"og:title\" content=\"Jer\u00f4nimo descarta Rui Costa na cabe\u00e7a da chapa, minimiza pesquisas e aposta em Lula em 2026 - Sudoesteacontece\" \/>\n<meta property=\"og:description\" content=\"Mesmo aparecendo atr\u00e1s de ACM Neto nas pesquisas, o governador da Bahia, Jer\u00f4nimo Rodrigues (PT), afirmou que n\u00e3o se orienta por levantamentos eleitorais e refor\u00e7ou confian\u00e7a na reelei\u00e7\u00e3o. Em entrevista \u00e0 revista Veja, ele disse que o cen\u00e1rio estadual estar\u00e1 ligado \u00e0 disputa presidencial e destacou o peso pol\u00edtico do presidente Lula na Bahia. Ao citar o hist\u00f3rico recente do PT, Jer\u00f4nimo lembrou que nem ele nem seus antecessores, Jaques Wagner e Rui Costa, lideravam pesquisas quando venceram elei\u00e7\u00f5es. Segundo o governador, o partido venceu cinco disputas consecutivas sem favoritismo pr\u00e9vio, o que refor\u00e7a a avalia\u00e7\u00e3o de que sondagens n\u00e3o definem o resultado final das urnas. Durante a entrevista, o governador enfatizou a estrat\u00e9gia de intensificar agendas no interior como resposta pol\u00edtica. Ele afirmou j\u00e1 ter visitado 370 dos 417 munic\u00edpios baianos, com entregas em \u00e1reas como sa\u00fade, educa\u00e7\u00e3o, estradas, \u00e1gua e seguran\u00e7a p\u00fablica, al\u00e9m da constru\u00e7\u00e3o de novos compromissos com prefeitos aliados. Sobre a composi\u00e7\u00e3o da chapa, Jer\u00f4nimo afastou qualquer possibilidade de Rui Costa encabe\u00e7ar a candidatura ao governo. Disse que a reelei\u00e7\u00e3o \u00e9 prioridade pessoal e que o ministro da Casa Civil tem postura clara voltada para uma disputa ao Senado, encerrando especula\u00e7\u00f5es sobre troca de protagonismo dentro do grupo. Nos bastidores, o PT avalia uma chapa \u201cpuro-sangue\u201d, com Jer\u00f4nimo no governo e Rui Costa e Jaques Wagner disputando as duas vagas ao Senado. Caso avance, o formato pode excluir o senador Angelo Coronel (PSD), o que exige articula\u00e7\u00e3o para evitar rachas e manter a base aliada unida. Segundo Jer\u00f4nimo, as conversas seguem abertas para garantir uma chapa competitiva sem desorganizar a coliga\u00e7\u00e3o. O governador refor\u00e7ou que o foco central do grupo \u00e9 a reelei\u00e7\u00e3o de Lula e que a pluralidade de nomes para o Senado n\u00e3o impede a constru\u00e7\u00e3o de consenso pol\u00edtico at\u00e9 o fechamento das alian\u00e7as.\" \/>\n<meta property=\"og:url\" content=\"https:\/\/sudoesteacontece.com.br\/?p=5790\" \/>\n<meta property=\"og:site_name\" content=\"Sudoesteacontece\" \/>\n<meta property=\"article:publisher\" content=\"https:\/\/www.facebook.com\/sudoesteacontece\/?locale=pt_BR\" \/>\n<meta property=\"article:published_time\" content=\"2026-01-09T20:14:20+00:00\" \/>\n<meta property=\"article:modified_time\" content=\"2026-01-09T20:14:22+00:00\" \/>\n<meta property=\"og:image\" content=\"https:\/\/sudoesteacontece.com.br\/wp-content\/uploads\/2026\/01\/Jeronimo-descarta-Rui-Costa-na-cabeca-da-chapa-minimiza-pesquisas-e-aposta-em-Lula-em-2026-sudoeste-acontece.jpg\" \/>\n\t<meta property=\"og:image:width\" content=\"900\" \/>\n\t<meta property=\"og:image:height\" content=\"600\" \/>\n\t<meta property=\"og:image:type\" content=\"image\/jpeg\" \/>\n<meta name=\"author\" content=\"Reda\u00e7\u00e3o\" \/>\n<meta name=\"twitter:card\" content=\"summary_large_image\" \/>\n<meta name=\"twitter:label1\" content=\"Escrito por\" \/>\n\t<meta name=\"twitter:data1\" content=\"Reda\u00e7\u00e3o\" \/>\n\t<meta name=\"twitter:label2\" content=\"Est. tempo de leitura\" \/>\n\t<meta name=\"twitter:data2\" content=\"3 minutos\" \/>\n<script type=\"application\/ld+json\" class=\"yoast-schema-graph\">{\"@context\":\"https:\/\/schema.org\",\"@graph\":[{\"@type\":\"Article\",\"@id\":\"https:\/\/sudoesteacontece.com.br\/?p=5790#article\",\"isPartOf\":{\"@id\":\"https:\/\/sudoesteacontece.com.br\/?p=5790\"},\"author\":{\"name\":\"Reda\u00e7\u00e3o\",\"@id\":\"https:\/\/sudoesteacontece.com.br\/#\/schema\/person\/a4f22429c1d0923ef8f7d43343f8dc38\"},\"headline\":\"Jer\u00f4nimo descarta Rui Costa na cabe\u00e7a da chapa, minimiza pesquisas e aposta em Lula em 2026\",\"datePublished\":\"2026-01-09T20:14:20+00:00\",\"dateModified\":\"2026-01-09T20:14:22+00:00\",\"mainEntityOfPage\":{\"@id\":\"https:\/\/sudoesteacontece.com.br\/?p=5790\"},\"wordCount\":350,\"commentCount\":0,\"publisher\":{\"@id\":\"https:\/\/sudoesteacontece.com.br\/#organization\"},\"image\":{\"@id\":\"https:\/\/sudoesteacontece.com.br\/?p=5790#primaryimage\"},\"thumbnailUrl\":\"https:\/\/sudoesteacontece.com.br\/wp-content\/uploads\/2026\/01\/Jeronimo-descarta-Rui-Costa-na-cabeca-da-chapa-minimiza-pesquisas-e-aposta-em-Lula-em-2026-sudoeste-acontece.jpg\",\"articleSection\":[\"Bahia\",\"Elei\u00e7\u00f5es 2026\",\"Pol\u00edtica\"],\"inLanguage\":\"pt-BR\",\"potentialAction\":[{\"@type\":\"CommentAction\",\"name\":\"Comment\",\"target\":[\"https:\/\/sudoesteacontece.com.br\/?p=5790#respond\"]}]},{\"@type\":\"WebPage\",\"@id\":\"https:\/\/sudoesteacontece.com.br\/?p=5790\",\"url\":\"https:\/\/sudoesteacontece.com.br\/?p=5790\",\"name\":\"Jer\u00f4nimo descarta Rui Costa na cabe\u00e7a da chapa, minimiza pesquisas e aposta em Lula em 2026 - Sudoesteacontece\",\"isPartOf\":{\"@id\":\"https:\/\/sudoesteacontece.com.br\/#website\"},\"primaryImageOfPage\":{\"@id\":\"https:\/\/sudoesteacontece.com.br\/?p=5790#primaryimage\"},\"image\":{\"@id\":\"https:\/\/sudoesteacontece.com.br\/?p=5790#primaryimage\"},\"thumbnailUrl\":\"https:\/\/sudoesteacontece.com.br\/wp-content\/uploads\/2026\/01\/Jeronimo-descarta-Rui-Costa-na-cabeca-da-chapa-minimiza-pesquisas-e-aposta-em-Lula-em-2026-sudoeste-acontece.jpg\",\"datePublished\":\"2026-01-09T20:14:20+00:00\",\"dateModified\":\"2026-01-09T20:14:22+00:00\",\"breadcrumb\":{\"@id\":\"https:\/\/sudoesteacontece.com.br\/?p=5790#breadcrumb\"},\"inLanguage\":\"pt-BR\",\"potentialAction\":[{\"@type\":\"ReadAction\",\"target\":[\"https:\/\/sudoesteacontece.com.br\/?p=5790\"]}]},{\"@type\":\"ImageObject\",\"inLanguage\":\"pt-BR\",\"@id\":\"https:\/\/sudoesteacontece.com.br\/?p=5790#primaryimage\",\"url\":\"https:\/\/sudoesteacontece.com.br\/wp-content\/uploads\/2026\/01\/Jeronimo-descarta-Rui-Costa-na-cabeca-da-chapa-minimiza-pesquisas-e-aposta-em-Lula-em-2026-sudoeste-acontece.jpg\",\"contentUrl\":\"https:\/\/sudoesteacontece.com.br\/wp-content\/uploads\/2026\/01\/Jeronimo-descarta-Rui-Costa-na-cabeca-da-chapa-minimiza-pesquisas-e-aposta-em-Lula-em-2026-sudoeste-acontece.jpg\",\"width\":900,\"height\":600},{\"@type\":\"BreadcrumbList\",\"@id\":\"https:\/\/sudoesteacontece.com.br\/?p=5790#breadcrumb\",\"itemListElement\":[{\"@type\":\"ListItem\",\"position\":1,\"name\":\"In\u00edcio\",\"item\":\"https:\/\/sudoesteacontece.com.br\/\"},{\"@type\":\"ListItem\",\"position\":2,\"name\":\"Jer\u00f4nimo descarta Rui Costa na cabe\u00e7a da chapa, minimiza pesquisas e aposta em Lula em 2026\"}]},{\"@type\":\"WebSite\",\"@id\":\"https:\/\/sudoesteacontece.com.br\/#website\",\"url\":\"https:\/\/sudoesteacontece.com.br\/\",\"name\":\"Sudoesteacontece\",\"description\":\"\",\"publisher\":{\"@id\":\"https:\/\/sudoesteacontece.com.br\/#organization\"},\"potentialAction\":[{\"@type\":\"SearchAction\",\"target\":{\"@type\":\"EntryPoint\",\"urlTemplate\":\"https:\/\/sudoesteacontece.com.br\/?s={search_term_string}\"},\"query-input\":{\"@type\":\"PropertyValueSpecification\",\"valueRequired\":true,\"valueName\":\"search_term_string\"}}],\"inLanguage\":\"pt-BR\"},{\"@type\":\"Organization\",\"@id\":\"https:\/\/sudoesteacontece.com.br\/#organization\",\"name\":\"Sudoesteacontece\",\"url\":\"https:\/\/sudoesteacontece.com.br\/\",\"logo\":{\"@type\":\"ImageObject\",\"inLanguage\":\"pt-BR\",\"@id\":\"https:\/\/sudoesteacontece.com.br\/#\/schema\/logo\/image\/\",\"url\":\"https:\/\/sudoesteacontece.com.br\/wp-content\/uploads\/2025\/12\/cropped-logo-2-180x180-1.png\",\"contentUrl\":\"https:\/\/sudoesteacontece.com.br\/wp-content\/uploads\/2025\/12\/cropped-logo-2-180x180-1.png\",\"width\":180,\"height\":180,\"caption\":\"Sudoesteacontece\"},\"image\":{\"@id\":\"https:\/\/sudoesteacontece.com.br\/#\/schema\/logo\/image\/\"},\"sameAs\":[\"https:\/\/www.facebook.com\/sudoesteacontece\/?locale=pt_BR\"]},{\"@type\":\"Person\",\"@id\":\"https:\/\/sudoesteacontece.com.br\/#\/schema\/person\/a4f22429c1d0923ef8f7d43343f8dc38\",\"name\":\"Reda\u00e7\u00e3o\",\"image\":{\"@type\":\"ImageObject\",\"inLanguage\":\"pt-BR\",\"@id\":\"https:\/\/sudoesteacontece.com.br\/#\/schema\/person\/image\/\",\"url\":\"https:\/\/secure.gravatar.com\/avatar\/c3a5b3c93f268a709c25a2df414c629a96fb3b1b4bf97a94fb3f72e54ae76903?s=96&d=mm&r=g\",\"contentUrl\":\"https:\/\/secure.gravatar.com\/avatar\/c3a5b3c93f268a709c25a2df414c629a96fb3b1b4bf97a94fb3f72e54ae76903?s=96&d=mm&r=g\",\"caption\":\"Reda\u00e7\u00e3o\"},\"url\":\"https:\/\/sudoesteacontece.com.br\/?author=4\"}]}<\/script>\n<!-- \/ Yoast SEO plugin. -->","yoast_head_json":{"title":"Jer\u00f4nimo descarta Rui Costa na cabe\u00e7a da chapa, minimiza pesquisas e aposta em Lula em 2026 - Sudoesteacontece","robots":{"index":"index","follow":"follow","max-snippet":"max-snippet:-1","max-image-preview":"max-image-preview:large","max-video-preview":"max-video-preview:-1"},"canonical":"https:\/\/sudoesteacontece.com.br\/?p=5790","og_locale":"pt_BR","og_type":"article","og_title":"Jer\u00f4nimo descarta Rui Costa na cabe\u00e7a da chapa, minimiza pesquisas e aposta em Lula em 2026 - Sudoesteacontece","og_description":"Mesmo aparecendo atr\u00e1s de ACM Neto nas pesquisas, o governador da Bahia, Jer\u00f4nimo Rodrigues (PT), afirmou que n\u00e3o se orienta por levantamentos eleitorais e refor\u00e7ou confian\u00e7a na reelei\u00e7\u00e3o. Em entrevista \u00e0 revista Veja, ele disse que o cen\u00e1rio estadual estar\u00e1 ligado \u00e0 disputa presidencial e destacou o peso pol\u00edtico do presidente Lula na Bahia. Ao citar o hist\u00f3rico recente do PT, Jer\u00f4nimo lembrou que nem ele nem seus antecessores, Jaques Wagner e Rui Costa, lideravam pesquisas quando venceram elei\u00e7\u00f5es. Segundo o governador, o partido venceu cinco disputas consecutivas sem favoritismo pr\u00e9vio, o que refor\u00e7a a avalia\u00e7\u00e3o de que sondagens n\u00e3o definem o resultado final das urnas. Durante a entrevista, o governador enfatizou a estrat\u00e9gia de intensificar agendas no interior como resposta pol\u00edtica. Ele afirmou j\u00e1 ter visitado 370 dos 417 munic\u00edpios baianos, com entregas em \u00e1reas como sa\u00fade, educa\u00e7\u00e3o, estradas, \u00e1gua e seguran\u00e7a p\u00fablica, al\u00e9m da constru\u00e7\u00e3o de novos compromissos com prefeitos aliados. Sobre a composi\u00e7\u00e3o da chapa, Jer\u00f4nimo afastou qualquer possibilidade de Rui Costa encabe\u00e7ar a candidatura ao governo. Disse que a reelei\u00e7\u00e3o \u00e9 prioridade pessoal e que o ministro da Casa Civil tem postura clara voltada para uma disputa ao Senado, encerrando especula\u00e7\u00f5es sobre troca de protagonismo dentro do grupo. Nos bastidores, o PT avalia uma chapa \u201cpuro-sangue\u201d, com Jer\u00f4nimo no governo e Rui Costa e Jaques Wagner disputando as duas vagas ao Senado. Caso avance, o formato pode excluir o senador Angelo Coronel (PSD), o que exige articula\u00e7\u00e3o para evitar rachas e manter a base aliada unida. Segundo Jer\u00f4nimo, as conversas seguem abertas para garantir uma chapa competitiva sem desorganizar a coliga\u00e7\u00e3o. O governador refor\u00e7ou que o foco central do grupo \u00e9 a reelei\u00e7\u00e3o de Lula e que a pluralidade de nomes para o Senado n\u00e3o impede a constru\u00e7\u00e3o de consenso pol\u00edtico at\u00e9 o fechamento das alian\u00e7as.","og_url":"https:\/\/sudoesteacontece.com.br\/?p=5790","og_site_name":"Sudoesteacontece","article_publisher":"https:\/\/www.facebook.com\/sudoesteacontece\/?locale=pt_BR","article_published_time":"2026-01-09T20:14:20+00:00","article_modified_time":"2026-01-09T20:14:22+00:00","og_image":[{"width":900,"height":600,"url":"https:\/\/sudoesteacontece.com.br\/wp-content\/uploads\/2026\/01\/Jeronimo-descarta-Rui-Costa-na-cabeca-da-chapa-minimiza-pesquisas-e-aposta-em-Lula-em-2026-sudoeste-acontece.jpg","type":"image\/jpeg"}],"author":"Reda\u00e7\u00e3o","twitter_card":"summary_large_image","twitter_misc":{"Escrito por":"Reda\u00e7\u00e3o","Est. tempo de leitura":"3 minutos"},"schema":{"@context":"https:\/\/schema.org","@graph":[{"@type":"Article","@id":"https:\/\/sudoesteacontece.com.br\/?p=5790#article","isPartOf":{"@id":"https:\/\/sudoesteacontece.com.br\/?p=5790"},"author":{"name":"Reda\u00e7\u00e3o","@id":"https:\/\/sudoesteacontece.com.br\/#\/schema\/person\/a4f22429c1d0923ef8f7d43343f8dc38"},"headline":"Jer\u00f4nimo descarta Rui Costa na cabe\u00e7a da chapa, minimiza pesquisas e aposta em Lula em 2026","datePublished":"2026-01-09T20:14:20+00:00","dateModified":"2026-01-09T20:14:22+00:00","mainEntityOfPage":{"@id":"https:\/\/sudoesteacontece.com.br\/?p=5790"},"wordCount":350,"commentCount":0,"publisher":{"@id":"https:\/\/sudoesteacontece.com.br\/#organization"},"image":{"@id":"https:\/\/sudoesteacontece.com.br\/?p=5790#primaryimage"},"thumbnailUrl":"https:\/\/sudoesteacontece.com.br\/wp-content\/uploads\/2026\/01\/Jeronimo-descarta-Rui-Costa-na-cabeca-da-chapa-minimiza-pesquisas-e-aposta-em-Lula-em-2026-sudoeste-acontece.jpg","articleSection":["Bahia","Elei\u00e7\u00f5es 2026","Pol\u00edtica"],"inLanguage":"pt-BR","potentialAction":[{"@type":"CommentAction","name":"Comment","target":["https:\/\/sudoesteacontece.com.br\/?p=5790#respond"]}]},{"@type":"WebPage","@id":"https:\/\/sudoesteacontece.com.br\/?p=5790","url":"https:\/\/sudoesteacontece.com.br\/?p=5790","name":"Jer\u00f4nimo descarta Rui Costa na cabe\u00e7a da chapa, minimiza pesquisas e aposta em Lula em 2026 - Sudoesteacontece","isPartOf":{"@id":"https:\/\/sudoesteacontece.com.br\/#website"},"primaryImageOfPage":{"@id":"https:\/\/sudoesteacontece.com.br\/?p=5790#primaryimage"},"image":{"@id":"https:\/\/sudoesteacontece.com.br\/?p=5790#primaryimage"},"thumbnailUrl":"https:\/\/sudoesteacontece.com.br\/wp-content\/uploads\/2026\/01\/Jeronimo-descarta-Rui-Costa-na-cabeca-da-chapa-minimiza-pesquisas-e-aposta-em-Lula-em-2026-sudoeste-acontece.jpg","datePublished":"2026-01-09T20:14:20+00:00","dateModified":"2026-01-09T20:14:22+00:00","breadcrumb":{"@id":"https:\/\/sudoesteacontece.com.br\/?p=5790#breadcrumb"},"inLanguage":"pt-BR","potentialAction":[{"@type":"ReadAction","target":["https:\/\/sudoesteacontece.com.br\/?p=5790"]}]},{"@type":"ImageObject","inLanguage":"pt-BR","@id":"https:\/\/sudoesteacontece.com.br\/?p=5790#primaryimage","url":"https:\/\/sudoesteacontece.com.br\/wp-content\/uploads\/2026\/01\/Jeronimo-descarta-Rui-Costa-na-cabeca-da-chapa-minimiza-pesquisas-e-aposta-em-Lula-em-2026-sudoeste-acontece.jpg","contentUrl":"https:\/\/sudoesteacontece.com.br\/wp-content\/uploads\/2026\/01\/Jeronimo-descarta-Rui-Costa-na-cabeca-da-chapa-minimiza-pesquisas-e-aposta-em-Lula-em-2026-sudoeste-acontece.jpg","width":900,"height":600},{"@type":"BreadcrumbList","@id":"https:\/\/sudoesteacontece.com.br\/?p=5790#breadcrumb","itemListElement":[{"@type":"ListItem","position":1,"name":"In\u00edcio","item":"https:\/\/sudoesteacontece.com.br\/"},{"@type":"ListItem","position":2,"name":"Jer\u00f4nimo descarta Rui Costa na cabe\u00e7a da chapa, minimiza pesquisas e aposta em Lula em 2026"}]},{"@type":"WebSite","@id":"https:\/\/sudoesteacontece.com.br\/#website","url":"https:\/\/sudoesteacontece.com.br\/","name":"Sudoesteacontece","description":"","publisher":{"@id":"https:\/\/sudoesteacontece.com.br\/#organization"},"potentialAction":[{"@type":"SearchAction","target":{"@type":"EntryPoint","urlTemplate":"https:\/\/sudoesteacontece.com.br\/?s={search_term_string}"},"query-input":{"@type":"PropertyValueSpecification","valueRequired":true,"valueName":"search_term_string"}}],"inLanguage":"pt-BR"},{"@type":"Organization","@id":"https:\/\/sudoesteacontece.com.br\/#organization","name":"Sudoesteacontece","url":"https:\/\/sudoesteacontece.com.br\/","logo":{"@type":"ImageObject","inLanguage":"pt-BR","@id":"https:\/\/sudoesteacontece.com.br\/#\/schema\/logo\/image\/","url":"https:\/\/sudoesteacontece.com.br\/wp-content\/uploads\/2025\/12\/cropped-logo-2-180x180-1.png","contentUrl":"https:\/\/sudoesteacontece.com.br\/wp-content\/uploads\/2025\/12\/cropped-logo-2-180x180-1.png","width":180,"height":180,"caption":"Sudoesteacontece"},"image":{"@id":"https:\/\/sudoesteacontece.com.br\/#\/schema\/logo\/image\/"},"sameAs":["https:\/\/www.facebook.com\/sudoesteacontece\/?locale=pt_BR"]},{"@type":"Person","@id":"https:\/\/sudoesteacontece.com.br\/#\/schema\/person\/a4f22429c1d0923ef8f7d43343f8dc38","name":"Reda\u00e7\u00e3o","image":{"@type":"ImageObject","inLanguage":"pt-BR","@id":"https:\/\/sudoesteacontece.com.br\/#\/schema\/person\/image\/","url":"https:\/\/secure.gravatar.com\/avatar\/c3a5b3c93f268a709c25a2df414c629a96fb3b1b4bf97a94fb3f72e54ae76903?s=96&d=mm&r=g","contentUrl":"https:\/\/secure.gravatar.com\/avatar\/c3a5b3c93f268a709c25a2df414c629a96fb3b1b4bf97a94fb3f72e54ae76903?s=96&d=mm&r=g","caption":"Reda\u00e7\u00e3o"},"url":"https:\/\/sudoesteacontece.com.br\/?author=4"}]}},"_links":{"self":[{"href":"https:\/\/sudoesteacontece.com.br\/index.php?rest_route=\/wp\/v2\/posts\/5790","targetHints":{"allow":["GET"]}}],"collection":[{"href":"https:\/\/sudoesteacontece.com.br\/index.php?rest_route=\/wp\/v2\/posts"}],"about":[{"href":"https:\/\/sudoesteacontece.com.br\/index.php?rest_route=\/wp\/v2\/types\/post"}],"author":[{"embeddable":true,"href":"https:\/\/sudoesteacontece.com.br\/index.php?rest_route=\/wp\/v2\/users\/4"}],"replies":[{"embeddable":true,"href":"https:\/\/sudoesteacontece.com.br\/index.php?rest_route=%2Fwp%2Fv2%2Fcomments&post=5790"}],"version-history":[{"count":0,"href":"https:\/\/sudoesteacontece.com.br\/index.php?rest_route=\/wp\/v2\/posts\/5790\/revisions"}],"wp:featuredmedia":[{"embeddable":true,"href":"https:\/\/sudoesteacontece.com.br\/index.php?rest_route=\/wp\/v2\/media\/5800"}],"wp:attachment":[{"href":"https:\/\/sudoesteacontece.com.br\/index.php?rest_route=%2Fwp%2Fv2%2Fmedia&parent=5790"}],"wp:term":[{"taxonomy":"category","embeddable":true,"href":"https:\/\/sudoesteacontece.com.br\/index.php?rest_route=%2Fwp%2Fv2%2Fcategories&post=5790"},{"taxonomy":"post_tag","embeddable":true,"href":"https:\/\/sudoesteacontece.com.br\/index.php?rest_route=%2Fwp%2Fv2%2Ftags&post=5790"}],"curies":[{"name":"wp","href":"https:\/\/api.w.org\/{rel}","templated":true}]}}