{"id":5806,"date":"2026-01-09T17:40:37","date_gmt":"2026-01-09T20:40:37","guid":{"rendered":"https:\/\/sudoesteacontece.com.br\/?p=5806"},"modified":"2026-01-09T17:40:40","modified_gmt":"2026-01-09T20:40:40","slug":"funcionaria-denuncia-atraso-salarial-e-comida-precaria-em-hospital-da-bahia-fabamed-diz-que-situacao-foi-regularizada","status":"publish","type":"post","link":"https:\/\/sudoesteacontece.com.br\/?p=5806","title":{"rendered":"Funcion\u00e1ria denuncia atraso salarial e comida prec\u00e1ria em hospital da Bahia; Fabamed diz que situa\u00e7\u00e3o foi regularizada"},"content":{"rendered":"<div class=\"wp-block-image\">\n<figure class=\"aligncenter size-full\"><img fetchpriority=\"high\" decoding=\"async\" width=\"900\" height=\"600\" src=\"http:\/\/sudoesteacontece.com.br\/wp-content\/uploads\/2026\/01\/Hospital-Estadual-Dois-de-Julho-.jpg\" alt=\"\" class=\"wp-image-5807\" srcset=\"https:\/\/sudoesteacontece.com.br\/wp-content\/uploads\/2026\/01\/Hospital-Estadual-Dois-de-Julho-.jpg 900w, https:\/\/sudoesteacontece.com.br\/wp-content\/uploads\/2026\/01\/Hospital-Estadual-Dois-de-Julho--300x200.jpg 300w, https:\/\/sudoesteacontece.com.br\/wp-content\/uploads\/2026\/01\/Hospital-Estadual-Dois-de-Julho--768x512.jpg 768w\" sizes=\"(max-width: 900px) 100vw, 900px\" \/><\/figure>\n<\/div>\n\n\n<p>Den\u00fancias de atrasos salariais e alimenta\u00e7\u00e3o de m\u00e1 qualidade em unidades de sa\u00fade da Bahia vieram a p\u00fablico nesta quinta-feira (8). Uma trabalhadora afirmou que hospitais e postos geridos por funda\u00e7\u00f5es ligadas \u00e0 Sesab enfrentam problemas recorrentes, citando o Hospital Estadual Dois de Julho, em Salvador, administrado pela Fabamed.<\/p>\n\n\n\n<p>Segundo o relato, al\u00e9m de sal\u00e1rios pagos fora do prazo e valores retroativos pendentes, os profissionais estariam recebendo refei\u00e7\u00f5es consideradas inadequadas. Outro servidor confirmou as dificuldades e disse que a situa\u00e7\u00e3o afeta o dia a dia dos trabalhadores, aumentando a insatisfa\u00e7\u00e3o em unidades estrat\u00e9gicas da rede estadual de sa\u00fade.<\/p>\n\n\n\n<p>Diante da repercuss\u00e3o, a Funda\u00e7\u00e3o Fabamed informou, em nota, que mant\u00e9m rotinas de gest\u00e3o e governan\u00e7a no Hospital Dois de Julho para garantir a continuidade dos servi\u00e7os e a regularidade das obriga\u00e7\u00f5es trabalhistas. A institui\u00e7\u00e3o afirmou acompanhar permanentemente os fluxos financeiros do contrato.<\/p>\n\n\n\n<p>Sobre os atrasos, a funda\u00e7\u00e3o explicou que houve uma compatibiliza\u00e7\u00e3o pontual entre o processamento da folha e a libera\u00e7\u00e3o dos recursos contratuais. Segundo a Fabamed, o repasse foi feito nesta semana e os pagamentos est\u00e3o sendo creditados, regularizando integralmente as pend\u00eancias do per\u00edodo.<\/p>\n\n\n\n<p>Em rela\u00e7\u00e3o ao modelo de gest\u00e3o, a institui\u00e7\u00e3o destacou que as organiza\u00e7\u00f5es sociais no SUS operam sem fins lucrativos e sem capital de giro pr\u00f3prio, o que vincula o pagamento das folhas ao fluxo contratual do poder p\u00fablico. A Fabamed administra ainda outras unidades na Bahia, como o Complexo Hospitalar da Chapada e a UPA de S\u00e3o Caetano.<\/p>\n","protected":false},"excerpt":{"rendered":"<p>Den\u00fancias de atrasos salariais e alimenta\u00e7\u00e3o de m\u00e1 qualidade em unidades de sa\u00fade da Bahia vieram a p\u00fablico nesta quinta-feira (8). Uma trabalhadora afirmou que hospitais e postos geridos por funda\u00e7\u00f5es ligadas \u00e0 Sesab enfrentam problemas recorrentes, citando o Hospital Estadual Dois de Julho, em Salvador, administrado pela Fabamed. Segundo o relato, al\u00e9m de sal\u00e1rios pagos fora do prazo e valores retroativos pendentes, os profissionais estariam recebendo refei\u00e7\u00f5es consideradas inadequadas. Outro servidor confirmou as dificuldades e disse que a situa\u00e7\u00e3o afeta o dia a dia dos trabalhadores, aumentando a insatisfa\u00e7\u00e3o em unidades estrat\u00e9gicas da rede estadual de sa\u00fade. Diante da repercuss\u00e3o, a Funda\u00e7\u00e3o Fabamed informou, em nota, que mant\u00e9m rotinas de gest\u00e3o e governan\u00e7a no Hospital Dois de Julho para garantir a continuidade dos servi\u00e7os e a regularidade das obriga\u00e7\u00f5es trabalhistas. A institui\u00e7\u00e3o afirmou acompanhar permanentemente os fluxos financeiros do contrato. Sobre os atrasos, a funda\u00e7\u00e3o explicou que houve uma compatibiliza\u00e7\u00e3o pontual entre o processamento da folha e a libera\u00e7\u00e3o dos recursos contratuais. Segundo a Fabamed, o repasse foi feito nesta semana e os pagamentos est\u00e3o sendo creditados, regularizando integralmente as pend\u00eancias do per\u00edodo. Em rela\u00e7\u00e3o ao modelo de gest\u00e3o, a institui\u00e7\u00e3o destacou que as organiza\u00e7\u00f5es sociais no SUS operam sem fins lucrativos e sem capital de giro pr\u00f3prio, o que vincula o pagamento das folhas ao fluxo contratual do poder p\u00fablico. A Fabamed administra ainda outras unidades na Bahia, como o Complexo Hospitalar da Chapada e a UPA de S\u00e3o Caetano.<\/p>\n","protected":false},"author":4,"featured_media":5807,"comment_status":"open","ping_status":"open","sticky":false,"template":"","format":"standard","meta":{"footnotes":""},"categories":[7,6,45],"tags":[],"class_list":["post-5806","post","type-post","status-publish","format-standard","has-post-thumbnail","hentry","category-bahia","category-politica","category-saude"],"yoast_head":"<!-- This site is optimized with the Yoast SEO plugin v26.5 - https:\/\/yoast.com\/wordpress\/plugins\/seo\/ -->\n<title>Funcion\u00e1ria denuncia atraso salarial e comida prec\u00e1ria em hospital da Bahia; Fabamed diz que situa\u00e7\u00e3o foi regularizada - Sudoesteacontece<\/title>\n<meta name=\"robots\" content=\"index, follow, max-snippet:-1, max-image-preview:large, max-video-preview:-1\" \/>\n<link rel=\"canonical\" href=\"http:\/\/sudoesteacontece.com.br\/?p=5806\" \/>\n<meta property=\"og:locale\" content=\"pt_BR\" \/>\n<meta property=\"og:type\" content=\"article\" \/>\n<meta property=\"og:title\" content=\"Funcion\u00e1ria denuncia atraso salarial e comida prec\u00e1ria em hospital da Bahia; Fabamed diz que situa\u00e7\u00e3o foi regularizada - Sudoesteacontece\" \/>\n<meta property=\"og:description\" content=\"Den\u00fancias de atrasos salariais e alimenta\u00e7\u00e3o de m\u00e1 qualidade em unidades de sa\u00fade da Bahia vieram a p\u00fablico nesta quinta-feira (8). Uma trabalhadora afirmou que hospitais e postos geridos por funda\u00e7\u00f5es ligadas \u00e0 Sesab enfrentam problemas recorrentes, citando o Hospital Estadual Dois de Julho, em Salvador, administrado pela Fabamed. Segundo o relato, al\u00e9m de sal\u00e1rios pagos fora do prazo e valores retroativos pendentes, os profissionais estariam recebendo refei\u00e7\u00f5es consideradas inadequadas. Outro servidor confirmou as dificuldades e disse que a situa\u00e7\u00e3o afeta o dia a dia dos trabalhadores, aumentando a insatisfa\u00e7\u00e3o em unidades estrat\u00e9gicas da rede estadual de sa\u00fade. Diante da repercuss\u00e3o, a Funda\u00e7\u00e3o Fabamed informou, em nota, que mant\u00e9m rotinas de gest\u00e3o e governan\u00e7a no Hospital Dois de Julho para garantir a continuidade dos servi\u00e7os e a regularidade das obriga\u00e7\u00f5es trabalhistas. A institui\u00e7\u00e3o afirmou acompanhar permanentemente os fluxos financeiros do contrato. Sobre os atrasos, a funda\u00e7\u00e3o explicou que houve uma compatibiliza\u00e7\u00e3o pontual entre o processamento da folha e a libera\u00e7\u00e3o dos recursos contratuais. Segundo a Fabamed, o repasse foi feito nesta semana e os pagamentos est\u00e3o sendo creditados, regularizando integralmente as pend\u00eancias do per\u00edodo. Em rela\u00e7\u00e3o ao modelo de gest\u00e3o, a institui\u00e7\u00e3o destacou que as organiza\u00e7\u00f5es sociais no SUS operam sem fins lucrativos e sem capital de giro pr\u00f3prio, o que vincula o pagamento das folhas ao fluxo contratual do poder p\u00fablico. A Fabamed administra ainda outras unidades na Bahia, como o Complexo Hospitalar da Chapada e a UPA de S\u00e3o Caetano.\" \/>\n<meta property=\"og:url\" content=\"http:\/\/sudoesteacontece.com.br\/?p=5806\" \/>\n<meta property=\"og:site_name\" content=\"Sudoesteacontece\" \/>\n<meta property=\"article:publisher\" content=\"https:\/\/www.facebook.com\/sudoesteacontece\/?locale=pt_BR\" \/>\n<meta property=\"article:published_time\" content=\"2026-01-09T20:40:37+00:00\" \/>\n<meta property=\"article:modified_time\" content=\"2026-01-09T20:40:40+00:00\" \/>\n<meta property=\"og:image\" content=\"http:\/\/sudoesteacontece.com.br\/wp-content\/uploads\/2026\/01\/Hospital-Estadual-Dois-de-Julho-.jpg\" \/>\n\t<meta property=\"og:image:width\" content=\"900\" \/>\n\t<meta property=\"og:image:height\" content=\"600\" \/>\n\t<meta property=\"og:image:type\" content=\"image\/jpeg\" \/>\n<meta name=\"author\" content=\"Reda\u00e7\u00e3o\" \/>\n<meta name=\"twitter:card\" content=\"summary_large_image\" \/>\n<meta name=\"twitter:label1\" content=\"Escrito por\" \/>\n\t<meta name=\"twitter:data1\" content=\"Reda\u00e7\u00e3o\" \/>\n\t<meta name=\"twitter:label2\" content=\"Est. tempo de leitura\" \/>\n\t<meta name=\"twitter:data2\" content=\"2 minutos\" \/>\n<script type=\"application\/ld+json\" class=\"yoast-schema-graph\">{\"@context\":\"https:\/\/schema.org\",\"@graph\":[{\"@type\":\"Article\",\"@id\":\"http:\/\/sudoesteacontece.com.br\/?p=5806#article\",\"isPartOf\":{\"@id\":\"http:\/\/sudoesteacontece.com.br\/?p=5806\"},\"author\":{\"name\":\"Reda\u00e7\u00e3o\",\"@id\":\"https:\/\/sudoesteacontece.com.br\/#\/schema\/person\/a4f22429c1d0923ef8f7d43343f8dc38\"},\"headline\":\"Funcion\u00e1ria denuncia atraso salarial e comida prec\u00e1ria em hospital da Bahia; Fabamed diz que situa\u00e7\u00e3o foi regularizada\",\"datePublished\":\"2026-01-09T20:40:37+00:00\",\"dateModified\":\"2026-01-09T20:40:40+00:00\",\"mainEntityOfPage\":{\"@id\":\"http:\/\/sudoesteacontece.com.br\/?p=5806\"},\"wordCount\":293,\"commentCount\":0,\"publisher\":{\"@id\":\"https:\/\/sudoesteacontece.com.br\/#organization\"},\"image\":{\"@id\":\"http:\/\/sudoesteacontece.com.br\/?p=5806#primaryimage\"},\"thumbnailUrl\":\"https:\/\/sudoesteacontece.com.br\/wp-content\/uploads\/2026\/01\/Hospital-Estadual-Dois-de-Julho-.jpg\",\"articleSection\":[\"Bahia\",\"Pol\u00edtica\",\"Sa\u00fade\"],\"inLanguage\":\"pt-BR\",\"potentialAction\":[{\"@type\":\"CommentAction\",\"name\":\"Comment\",\"target\":[\"http:\/\/sudoesteacontece.com.br\/?p=5806#respond\"]}]},{\"@type\":\"WebPage\",\"@id\":\"http:\/\/sudoesteacontece.com.br\/?p=5806\",\"url\":\"http:\/\/sudoesteacontece.com.br\/?p=5806\",\"name\":\"Funcion\u00e1ria denuncia atraso salarial e comida prec\u00e1ria em hospital da Bahia; Fabamed diz que situa\u00e7\u00e3o foi regularizada - Sudoesteacontece\",\"isPartOf\":{\"@id\":\"https:\/\/sudoesteacontece.com.br\/#website\"},\"primaryImageOfPage\":{\"@id\":\"http:\/\/sudoesteacontece.com.br\/?p=5806#primaryimage\"},\"image\":{\"@id\":\"http:\/\/sudoesteacontece.com.br\/?p=5806#primaryimage\"},\"thumbnailUrl\":\"https:\/\/sudoesteacontece.com.br\/wp-content\/uploads\/2026\/01\/Hospital-Estadual-Dois-de-Julho-.jpg\",\"datePublished\":\"2026-01-09T20:40:37+00:00\",\"dateModified\":\"2026-01-09T20:40:40+00:00\",\"breadcrumb\":{\"@id\":\"http:\/\/sudoesteacontece.com.br\/?p=5806#breadcrumb\"},\"inLanguage\":\"pt-BR\",\"potentialAction\":[{\"@type\":\"ReadAction\",\"target\":[\"http:\/\/sudoesteacontece.com.br\/?p=5806\"]}]},{\"@type\":\"ImageObject\",\"inLanguage\":\"pt-BR\",\"@id\":\"http:\/\/sudoesteacontece.com.br\/?p=5806#primaryimage\",\"url\":\"https:\/\/sudoesteacontece.com.br\/wp-content\/uploads\/2026\/01\/Hospital-Estadual-Dois-de-Julho-.jpg\",\"contentUrl\":\"https:\/\/sudoesteacontece.com.br\/wp-content\/uploads\/2026\/01\/Hospital-Estadual-Dois-de-Julho-.jpg\",\"width\":900,\"height\":600},{\"@type\":\"BreadcrumbList\",\"@id\":\"http:\/\/sudoesteacontece.com.br\/?p=5806#breadcrumb\",\"itemListElement\":[{\"@type\":\"ListItem\",\"position\":1,\"name\":\"In\u00edcio\",\"item\":\"https:\/\/sudoesteacontece.com.br\/\"},{\"@type\":\"ListItem\",\"position\":2,\"name\":\"Funcion\u00e1ria denuncia atraso salarial e comida prec\u00e1ria em hospital da Bahia; Fabamed diz que situa\u00e7\u00e3o foi regularizada\"}]},{\"@type\":\"WebSite\",\"@id\":\"https:\/\/sudoesteacontece.com.br\/#website\",\"url\":\"https:\/\/sudoesteacontece.com.br\/\",\"name\":\"Sudoesteacontece\",\"description\":\"\",\"publisher\":{\"@id\":\"https:\/\/sudoesteacontece.com.br\/#organization\"},\"potentialAction\":[{\"@type\":\"SearchAction\",\"target\":{\"@type\":\"EntryPoint\",\"urlTemplate\":\"https:\/\/sudoesteacontece.com.br\/?s={search_term_string}\"},\"query-input\":{\"@type\":\"PropertyValueSpecification\",\"valueRequired\":true,\"valueName\":\"search_term_string\"}}],\"inLanguage\":\"pt-BR\"},{\"@type\":\"Organization\",\"@id\":\"https:\/\/sudoesteacontece.com.br\/#organization\",\"name\":\"Sudoesteacontece\",\"url\":\"https:\/\/sudoesteacontece.com.br\/\",\"logo\":{\"@type\":\"ImageObject\",\"inLanguage\":\"pt-BR\",\"@id\":\"https:\/\/sudoesteacontece.com.br\/#\/schema\/logo\/image\/\",\"url\":\"https:\/\/sudoesteacontece.com.br\/wp-content\/uploads\/2025\/12\/cropped-logo-2-180x180-1.png\",\"contentUrl\":\"https:\/\/sudoesteacontece.com.br\/wp-content\/uploads\/2025\/12\/cropped-logo-2-180x180-1.png\",\"width\":180,\"height\":180,\"caption\":\"Sudoesteacontece\"},\"image\":{\"@id\":\"https:\/\/sudoesteacontece.com.br\/#\/schema\/logo\/image\/\"},\"sameAs\":[\"https:\/\/www.facebook.com\/sudoesteacontece\/?locale=pt_BR\"]},{\"@type\":\"Person\",\"@id\":\"https:\/\/sudoesteacontece.com.br\/#\/schema\/person\/a4f22429c1d0923ef8f7d43343f8dc38\",\"name\":\"Reda\u00e7\u00e3o\",\"image\":{\"@type\":\"ImageObject\",\"inLanguage\":\"pt-BR\",\"@id\":\"https:\/\/sudoesteacontece.com.br\/#\/schema\/person\/image\/\",\"url\":\"https:\/\/secure.gravatar.com\/avatar\/c3a5b3c93f268a709c25a2df414c629a96fb3b1b4bf97a94fb3f72e54ae76903?s=96&d=mm&r=g\",\"contentUrl\":\"https:\/\/secure.gravatar.com\/avatar\/c3a5b3c93f268a709c25a2df414c629a96fb3b1b4bf97a94fb3f72e54ae76903?s=96&d=mm&r=g\",\"caption\":\"Reda\u00e7\u00e3o\"},\"url\":\"https:\/\/sudoesteacontece.com.br\/?author=4\"}]}<\/script>\n<!-- \/ Yoast SEO plugin. -->","yoast_head_json":{"title":"Funcion\u00e1ria denuncia atraso salarial e comida prec\u00e1ria em hospital da Bahia; Fabamed diz que situa\u00e7\u00e3o foi regularizada - Sudoesteacontece","robots":{"index":"index","follow":"follow","max-snippet":"max-snippet:-1","max-image-preview":"max-image-preview:large","max-video-preview":"max-video-preview:-1"},"canonical":"http:\/\/sudoesteacontece.com.br\/?p=5806","og_locale":"pt_BR","og_type":"article","og_title":"Funcion\u00e1ria denuncia atraso salarial e comida prec\u00e1ria em hospital da Bahia; Fabamed diz que situa\u00e7\u00e3o foi regularizada - Sudoesteacontece","og_description":"Den\u00fancias de atrasos salariais e alimenta\u00e7\u00e3o de m\u00e1 qualidade em unidades de sa\u00fade da Bahia vieram a p\u00fablico nesta quinta-feira (8). Uma trabalhadora afirmou que hospitais e postos geridos por funda\u00e7\u00f5es ligadas \u00e0 Sesab enfrentam problemas recorrentes, citando o Hospital Estadual Dois de Julho, em Salvador, administrado pela Fabamed. Segundo o relato, al\u00e9m de sal\u00e1rios pagos fora do prazo e valores retroativos pendentes, os profissionais estariam recebendo refei\u00e7\u00f5es consideradas inadequadas. Outro servidor confirmou as dificuldades e disse que a situa\u00e7\u00e3o afeta o dia a dia dos trabalhadores, aumentando a insatisfa\u00e7\u00e3o em unidades estrat\u00e9gicas da rede estadual de sa\u00fade. Diante da repercuss\u00e3o, a Funda\u00e7\u00e3o Fabamed informou, em nota, que mant\u00e9m rotinas de gest\u00e3o e governan\u00e7a no Hospital Dois de Julho para garantir a continuidade dos servi\u00e7os e a regularidade das obriga\u00e7\u00f5es trabalhistas. A institui\u00e7\u00e3o afirmou acompanhar permanentemente os fluxos financeiros do contrato. Sobre os atrasos, a funda\u00e7\u00e3o explicou que houve uma compatibiliza\u00e7\u00e3o pontual entre o processamento da folha e a libera\u00e7\u00e3o dos recursos contratuais. Segundo a Fabamed, o repasse foi feito nesta semana e os pagamentos est\u00e3o sendo creditados, regularizando integralmente as pend\u00eancias do per\u00edodo. Em rela\u00e7\u00e3o ao modelo de gest\u00e3o, a institui\u00e7\u00e3o destacou que as organiza\u00e7\u00f5es sociais no SUS operam sem fins lucrativos e sem capital de giro pr\u00f3prio, o que vincula o pagamento das folhas ao fluxo contratual do poder p\u00fablico. A Fabamed administra ainda outras unidades na Bahia, como o Complexo Hospitalar da Chapada e a UPA de S\u00e3o Caetano.","og_url":"http:\/\/sudoesteacontece.com.br\/?p=5806","og_site_name":"Sudoesteacontece","article_publisher":"https:\/\/www.facebook.com\/sudoesteacontece\/?locale=pt_BR","article_published_time":"2026-01-09T20:40:37+00:00","article_modified_time":"2026-01-09T20:40:40+00:00","og_image":[{"width":900,"height":600,"url":"http:\/\/sudoesteacontece.com.br\/wp-content\/uploads\/2026\/01\/Hospital-Estadual-Dois-de-Julho-.jpg","type":"image\/jpeg"}],"author":"Reda\u00e7\u00e3o","twitter_card":"summary_large_image","twitter_misc":{"Escrito por":"Reda\u00e7\u00e3o","Est. tempo de leitura":"2 minutos"},"schema":{"@context":"https:\/\/schema.org","@graph":[{"@type":"Article","@id":"http:\/\/sudoesteacontece.com.br\/?p=5806#article","isPartOf":{"@id":"http:\/\/sudoesteacontece.com.br\/?p=5806"},"author":{"name":"Reda\u00e7\u00e3o","@id":"https:\/\/sudoesteacontece.com.br\/#\/schema\/person\/a4f22429c1d0923ef8f7d43343f8dc38"},"headline":"Funcion\u00e1ria denuncia atraso salarial e comida prec\u00e1ria em hospital da Bahia; Fabamed diz que situa\u00e7\u00e3o foi regularizada","datePublished":"2026-01-09T20:40:37+00:00","dateModified":"2026-01-09T20:40:40+00:00","mainEntityOfPage":{"@id":"http:\/\/sudoesteacontece.com.br\/?p=5806"},"wordCount":293,"commentCount":0,"publisher":{"@id":"https:\/\/sudoesteacontece.com.br\/#organization"},"image":{"@id":"http:\/\/sudoesteacontece.com.br\/?p=5806#primaryimage"},"thumbnailUrl":"https:\/\/sudoesteacontece.com.br\/wp-content\/uploads\/2026\/01\/Hospital-Estadual-Dois-de-Julho-.jpg","articleSection":["Bahia","Pol\u00edtica","Sa\u00fade"],"inLanguage":"pt-BR","potentialAction":[{"@type":"CommentAction","name":"Comment","target":["http:\/\/sudoesteacontece.com.br\/?p=5806#respond"]}]},{"@type":"WebPage","@id":"http:\/\/sudoesteacontece.com.br\/?p=5806","url":"http:\/\/sudoesteacontece.com.br\/?p=5806","name":"Funcion\u00e1ria denuncia atraso salarial e comida prec\u00e1ria em hospital da Bahia; Fabamed diz que situa\u00e7\u00e3o foi regularizada - Sudoesteacontece","isPartOf":{"@id":"https:\/\/sudoesteacontece.com.br\/#website"},"primaryImageOfPage":{"@id":"http:\/\/sudoesteacontece.com.br\/?p=5806#primaryimage"},"image":{"@id":"http:\/\/sudoesteacontece.com.br\/?p=5806#primaryimage"},"thumbnailUrl":"https:\/\/sudoesteacontece.com.br\/wp-content\/uploads\/2026\/01\/Hospital-Estadual-Dois-de-Julho-.jpg","datePublished":"2026-01-09T20:40:37+00:00","dateModified":"2026-01-09T20:40:40+00:00","breadcrumb":{"@id":"http:\/\/sudoesteacontece.com.br\/?p=5806#breadcrumb"},"inLanguage":"pt-BR","potentialAction":[{"@type":"ReadAction","target":["http:\/\/sudoesteacontece.com.br\/?p=5806"]}]},{"@type":"ImageObject","inLanguage":"pt-BR","@id":"http:\/\/sudoesteacontece.com.br\/?p=5806#primaryimage","url":"https:\/\/sudoesteacontece.com.br\/wp-content\/uploads\/2026\/01\/Hospital-Estadual-Dois-de-Julho-.jpg","contentUrl":"https:\/\/sudoesteacontece.com.br\/wp-content\/uploads\/2026\/01\/Hospital-Estadual-Dois-de-Julho-.jpg","width":900,"height":600},{"@type":"BreadcrumbList","@id":"http:\/\/sudoesteacontece.com.br\/?p=5806#breadcrumb","itemListElement":[{"@type":"ListItem","position":1,"name":"In\u00edcio","item":"https:\/\/sudoesteacontece.com.br\/"},{"@type":"ListItem","position":2,"name":"Funcion\u00e1ria denuncia atraso salarial e comida prec\u00e1ria em hospital da Bahia; Fabamed diz que situa\u00e7\u00e3o foi regularizada"}]},{"@type":"WebSite","@id":"https:\/\/sudoesteacontece.com.br\/#website","url":"https:\/\/sudoesteacontece.com.br\/","name":"Sudoesteacontece","description":"","publisher":{"@id":"https:\/\/sudoesteacontece.com.br\/#organization"},"potentialAction":[{"@type":"SearchAction","target":{"@type":"EntryPoint","urlTemplate":"https:\/\/sudoesteacontece.com.br\/?s={search_term_string}"},"query-input":{"@type":"PropertyValueSpecification","valueRequired":true,"valueName":"search_term_string"}}],"inLanguage":"pt-BR"},{"@type":"Organization","@id":"https:\/\/sudoesteacontece.com.br\/#organization","name":"Sudoesteacontece","url":"https:\/\/sudoesteacontece.com.br\/","logo":{"@type":"ImageObject","inLanguage":"pt-BR","@id":"https:\/\/sudoesteacontece.com.br\/#\/schema\/logo\/image\/","url":"https:\/\/sudoesteacontece.com.br\/wp-content\/uploads\/2025\/12\/cropped-logo-2-180x180-1.png","contentUrl":"https:\/\/sudoesteacontece.com.br\/wp-content\/uploads\/2025\/12\/cropped-logo-2-180x180-1.png","width":180,"height":180,"caption":"Sudoesteacontece"},"image":{"@id":"https:\/\/sudoesteacontece.com.br\/#\/schema\/logo\/image\/"},"sameAs":["https:\/\/www.facebook.com\/sudoesteacontece\/?locale=pt_BR"]},{"@type":"Person","@id":"https:\/\/sudoesteacontece.com.br\/#\/schema\/person\/a4f22429c1d0923ef8f7d43343f8dc38","name":"Reda\u00e7\u00e3o","image":{"@type":"ImageObject","inLanguage":"pt-BR","@id":"https:\/\/sudoesteacontece.com.br\/#\/schema\/person\/image\/","url":"https:\/\/secure.gravatar.com\/avatar\/c3a5b3c93f268a709c25a2df414c629a96fb3b1b4bf97a94fb3f72e54ae76903?s=96&d=mm&r=g","contentUrl":"https:\/\/secure.gravatar.com\/avatar\/c3a5b3c93f268a709c25a2df414c629a96fb3b1b4bf97a94fb3f72e54ae76903?s=96&d=mm&r=g","caption":"Reda\u00e7\u00e3o"},"url":"https:\/\/sudoesteacontece.com.br\/?author=4"}]}},"_links":{"self":[{"href":"https:\/\/sudoesteacontece.com.br\/index.php?rest_route=\/wp\/v2\/posts\/5806","targetHints":{"allow":["GET"]}}],"collection":[{"href":"https:\/\/sudoesteacontece.com.br\/index.php?rest_route=\/wp\/v2\/posts"}],"about":[{"href":"https:\/\/sudoesteacontece.com.br\/index.php?rest_route=\/wp\/v2\/types\/post"}],"author":[{"embeddable":true,"href":"https:\/\/sudoesteacontece.com.br\/index.php?rest_route=\/wp\/v2\/users\/4"}],"replies":[{"embeddable":true,"href":"https:\/\/sudoesteacontece.com.br\/index.php?rest_route=%2Fwp%2Fv2%2Fcomments&post=5806"}],"version-history":[{"count":0,"href":"https:\/\/sudoesteacontece.com.br\/index.php?rest_route=\/wp\/v2\/posts\/5806\/revisions"}],"wp:featuredmedia":[{"embeddable":true,"href":"https:\/\/sudoesteacontece.com.br\/index.php?rest_route=\/wp\/v2\/media\/5807"}],"wp:attachment":[{"href":"https:\/\/sudoesteacontece.com.br\/index.php?rest_route=%2Fwp%2Fv2%2Fmedia&parent=5806"}],"wp:term":[{"taxonomy":"category","embeddable":true,"href":"https:\/\/sudoesteacontece.com.br\/index.php?rest_route=%2Fwp%2Fv2%2Fcategories&post=5806"},{"taxonomy":"post_tag","embeddable":true,"href":"https:\/\/sudoesteacontece.com.br\/index.php?rest_route=%2Fwp%2Fv2%2Ftags&post=5806"}],"curies":[{"name":"wp","href":"https:\/\/api.w.org\/{rel}","templated":true}]}}