{"id":5811,"date":"2026-01-10T13:29:21","date_gmt":"2026-01-10T16:29:21","guid":{"rendered":"https:\/\/sudoesteacontece.com.br\/?p=5811"},"modified":"2026-01-10T13:29:23","modified_gmt":"2026-01-10T16:29:23","slug":"atrasos-salariais-revoltam-professores-em-jussiape-e-levam-categoria-a-justica","status":"publish","type":"post","link":"https:\/\/sudoesteacontece.com.br\/?p=5811","title":{"rendered":"Atrasos salariais revoltam professores em Jussiape e levam categoria \u00e0 Justi\u00e7a"},"content":{"rendered":"<div class=\"wp-block-image\">\n<figure class=\"aligncenter size-large\"><img fetchpriority=\"high\" decoding=\"async\" width=\"1024\" height=\"691\" src=\"http:\/\/sudoesteacontece.com.br\/wp-content\/uploads\/2025\/11\/TCM-BA-notifica-prefeito-de-Jussiape-apos-denuncia-sobre-terceirizacao-na-educacao-sudoeste-acontece-1024x691.jpg\" alt=\"\" class=\"wp-image-1640\" srcset=\"https:\/\/sudoesteacontece.com.br\/wp-content\/uploads\/2025\/11\/TCM-BA-notifica-prefeito-de-Jussiape-apos-denuncia-sobre-terceirizacao-na-educacao-sudoeste-acontece-1024x691.jpg 1024w, https:\/\/sudoesteacontece.com.br\/wp-content\/uploads\/2025\/11\/TCM-BA-notifica-prefeito-de-Jussiape-apos-denuncia-sobre-terceirizacao-na-educacao-sudoeste-acontece-300x203.jpg 300w, https:\/\/sudoesteacontece.com.br\/wp-content\/uploads\/2025\/11\/TCM-BA-notifica-prefeito-de-Jussiape-apos-denuncia-sobre-terceirizacao-na-educacao-sudoeste-acontece-768x519.jpg 768w, https:\/\/sudoesteacontece.com.br\/wp-content\/uploads\/2025\/11\/TCM-BA-notifica-prefeito-de-Jussiape-apos-denuncia-sobre-terceirizacao-na-educacao-sudoeste-acontece.jpg 1170w\" sizes=\"(max-width: 1024px) 100vw, 1024px\" \/><\/figure>\n<\/div>\n\n\n<p>Insatisfa\u00e7\u00e3o tomou conta dos profissionais da Educa\u00e7\u00e3o de Jussiape ap\u00f3s sucessivos atrasos no pagamento dos sal\u00e1rios durante a atual gest\u00e3o municipal. Servidores relatam que os vencimentos v\u00eam sendo depositados al\u00e9m do prazo legal de cinco dias \u00fateis, sempre no in\u00edcio do m\u00eas, o que compromete o planejamento financeiro e gera inseguran\u00e7a entre os trabalhadores.<\/p>\n\n\n\n<p>Al\u00e9m disso, os educadores denunciam falta de isonomia nos pagamentos. Parte da categoria recebe os sal\u00e1rios antes, enquanto outros aguardam datas posteriores. A situa\u00e7\u00e3o, segundo relatos, se tornou rotina e aprofundou o sentimento de injusti\u00e7a dentro da rede municipal de ensino.<\/p>\n\n\n\n<p>Conforme o diretor da APLB-Sindicato em Jussiape, professor Dourival Caires, o cen\u00e1rio piorou no fim do ano. Servidores passaram a virada sem receber sal\u00e1rios, houve pagamentos parciais, casos de n\u00e3o quita\u00e7\u00e3o do m\u00eas de dezembro e aus\u00eancia do ter\u00e7o constitucional de f\u00e9rias em alguns contracheques.<\/p>\n\n\n\n<p>Diante do quadro, o setor jur\u00eddico da APLB decidiu acionar o Poder Judici\u00e1rio. A entidade ingressou com um Mandado de Seguran\u00e7a Coletivo para exigir que o munic\u00edpio cumpra o prazo legal e realize os pagamentos de forma uniforme. O processo tramita desde 14 de outubro de 2024.<\/p>\n\n\n\n<p>Enquanto isso, a categoria aguarda a decis\u00e3o judicial com indigna\u00e7\u00e3o. Em 16 de dezembro, o juiz concedeu prazo de dez dias para manifesta\u00e7\u00e3o da Prefeitura. Professores afirmam que o atraso recorrente reflete descaso da administra\u00e7\u00e3o municipal com a Educa\u00e7\u00e3o e com os servidores.<\/p>\n","protected":false},"excerpt":{"rendered":"<p>Insatisfa\u00e7\u00e3o tomou conta dos profissionais da Educa\u00e7\u00e3o de Jussiape ap\u00f3s sucessivos atrasos no pagamento dos sal\u00e1rios durante a atual gest\u00e3o municipal. Servidores relatam que os vencimentos v\u00eam sendo depositados al\u00e9m do prazo legal de cinco dias \u00fateis, sempre no in\u00edcio do m\u00eas, o que compromete o planejamento financeiro e gera inseguran\u00e7a entre os trabalhadores. Al\u00e9m disso, os educadores denunciam falta de isonomia nos pagamentos. Parte da categoria recebe os sal\u00e1rios antes, enquanto outros aguardam datas posteriores. A situa\u00e7\u00e3o, segundo relatos, se tornou rotina e aprofundou o sentimento de injusti\u00e7a dentro da rede municipal de ensino. Conforme o diretor da APLB-Sindicato em Jussiape, professor Dourival Caires, o cen\u00e1rio piorou no fim do ano. Servidores passaram a virada sem receber sal\u00e1rios, houve pagamentos parciais, casos de n\u00e3o quita\u00e7\u00e3o do m\u00eas de dezembro e aus\u00eancia do ter\u00e7o constitucional de f\u00e9rias em alguns contracheques. Diante do quadro, o setor jur\u00eddico da APLB decidiu acionar o Poder Judici\u00e1rio. A entidade ingressou com um Mandado de Seguran\u00e7a Coletivo para exigir que o munic\u00edpio cumpra o prazo legal e realize os pagamentos de forma uniforme. O processo tramita desde 14 de outubro de 2024. Enquanto isso, a categoria aguarda a decis\u00e3o judicial com indigna\u00e7\u00e3o. Em 16 de dezembro, o juiz concedeu prazo de dez dias para manifesta\u00e7\u00e3o da Prefeitura. Professores afirmam que o atraso recorrente reflete descaso da administra\u00e7\u00e3o municipal com a Educa\u00e7\u00e3o e com os servidores.<\/p>\n","protected":false},"author":4,"featured_media":1640,"comment_status":"open","ping_status":"open","sticky":false,"template":"","format":"standard","meta":{"footnotes":""},"categories":[43,67,13,6],"tags":[],"class_list":["post-5811","post","type-post","status-publish","format-standard","has-post-thumbnail","hentry","category-educacao","category-jussiape","category-justica","category-politica"],"yoast_head":"<!-- This site is optimized with the Yoast SEO plugin v26.5 - https:\/\/yoast.com\/wordpress\/plugins\/seo\/ -->\n<title>Atrasos salariais revoltam professores em Jussiape e levam categoria \u00e0 Justi\u00e7a - Sudoesteacontece<\/title>\n<meta name=\"robots\" content=\"index, follow, max-snippet:-1, max-image-preview:large, max-video-preview:-1\" \/>\n<link rel=\"canonical\" href=\"https:\/\/sudoesteacontece.com.br\/?p=5811\" \/>\n<meta property=\"og:locale\" content=\"pt_BR\" \/>\n<meta property=\"og:type\" content=\"article\" \/>\n<meta property=\"og:title\" content=\"Atrasos salariais revoltam professores em Jussiape e levam categoria \u00e0 Justi\u00e7a - Sudoesteacontece\" \/>\n<meta property=\"og:description\" content=\"Insatisfa\u00e7\u00e3o tomou conta dos profissionais da Educa\u00e7\u00e3o de Jussiape ap\u00f3s sucessivos atrasos no pagamento dos sal\u00e1rios durante a atual gest\u00e3o municipal. Servidores relatam que os vencimentos v\u00eam sendo depositados al\u00e9m do prazo legal de cinco dias \u00fateis, sempre no in\u00edcio do m\u00eas, o que compromete o planejamento financeiro e gera inseguran\u00e7a entre os trabalhadores. Al\u00e9m disso, os educadores denunciam falta de isonomia nos pagamentos. Parte da categoria recebe os sal\u00e1rios antes, enquanto outros aguardam datas posteriores. A situa\u00e7\u00e3o, segundo relatos, se tornou rotina e aprofundou o sentimento de injusti\u00e7a dentro da rede municipal de ensino. Conforme o diretor da APLB-Sindicato em Jussiape, professor Dourival Caires, o cen\u00e1rio piorou no fim do ano. Servidores passaram a virada sem receber sal\u00e1rios, houve pagamentos parciais, casos de n\u00e3o quita\u00e7\u00e3o do m\u00eas de dezembro e aus\u00eancia do ter\u00e7o constitucional de f\u00e9rias em alguns contracheques. Diante do quadro, o setor jur\u00eddico da APLB decidiu acionar o Poder Judici\u00e1rio. A entidade ingressou com um Mandado de Seguran\u00e7a Coletivo para exigir que o munic\u00edpio cumpra o prazo legal e realize os pagamentos de forma uniforme. O processo tramita desde 14 de outubro de 2024. Enquanto isso, a categoria aguarda a decis\u00e3o judicial com indigna\u00e7\u00e3o. Em 16 de dezembro, o juiz concedeu prazo de dez dias para manifesta\u00e7\u00e3o da Prefeitura. Professores afirmam que o atraso recorrente reflete descaso da administra\u00e7\u00e3o municipal com a Educa\u00e7\u00e3o e com os servidores.\" \/>\n<meta property=\"og:url\" content=\"https:\/\/sudoesteacontece.com.br\/?p=5811\" \/>\n<meta property=\"og:site_name\" content=\"Sudoesteacontece\" \/>\n<meta property=\"article:publisher\" content=\"https:\/\/www.facebook.com\/sudoesteacontece\/?locale=pt_BR\" \/>\n<meta property=\"article:published_time\" content=\"2026-01-10T16:29:21+00:00\" \/>\n<meta property=\"article:modified_time\" content=\"2026-01-10T16:29:23+00:00\" \/>\n<meta property=\"og:image\" content=\"https:\/\/sudoesteacontece.com.br\/wp-content\/uploads\/2025\/11\/TCM-BA-notifica-prefeito-de-Jussiape-apos-denuncia-sobre-terceirizacao-na-educacao-sudoeste-acontece.jpg\" \/>\n\t<meta property=\"og:image:width\" content=\"1170\" \/>\n\t<meta property=\"og:image:height\" content=\"790\" \/>\n\t<meta property=\"og:image:type\" content=\"image\/jpeg\" \/>\n<meta name=\"author\" content=\"Reda\u00e7\u00e3o\" \/>\n<meta name=\"twitter:card\" content=\"summary_large_image\" \/>\n<meta name=\"twitter:label1\" content=\"Escrito por\" \/>\n\t<meta name=\"twitter:data1\" content=\"Reda\u00e7\u00e3o\" \/>\n\t<meta name=\"twitter:label2\" content=\"Est. tempo de leitura\" \/>\n\t<meta name=\"twitter:data2\" content=\"2 minutos\" \/>\n<script type=\"application\/ld+json\" class=\"yoast-schema-graph\">{\"@context\":\"https:\/\/schema.org\",\"@graph\":[{\"@type\":\"Article\",\"@id\":\"https:\/\/sudoesteacontece.com.br\/?p=5811#article\",\"isPartOf\":{\"@id\":\"https:\/\/sudoesteacontece.com.br\/?p=5811\"},\"author\":{\"name\":\"Reda\u00e7\u00e3o\",\"@id\":\"https:\/\/sudoesteacontece.com.br\/#\/schema\/person\/a4f22429c1d0923ef8f7d43343f8dc38\"},\"headline\":\"Atrasos salariais revoltam professores em Jussiape e levam categoria \u00e0 Justi\u00e7a\",\"datePublished\":\"2026-01-10T16:29:21+00:00\",\"dateModified\":\"2026-01-10T16:29:23+00:00\",\"mainEntityOfPage\":{\"@id\":\"https:\/\/sudoesteacontece.com.br\/?p=5811\"},\"wordCount\":269,\"commentCount\":0,\"publisher\":{\"@id\":\"https:\/\/sudoesteacontece.com.br\/#organization\"},\"image\":{\"@id\":\"https:\/\/sudoesteacontece.com.br\/?p=5811#primaryimage\"},\"thumbnailUrl\":\"https:\/\/sudoesteacontece.com.br\/wp-content\/uploads\/2025\/11\/TCM-BA-notifica-prefeito-de-Jussiape-apos-denuncia-sobre-terceirizacao-na-educacao-sudoeste-acontece.jpg\",\"articleSection\":[\"Educa\u00e7\u00e3o\",\"Jussiape\",\"Justi\u00e7a\",\"Pol\u00edtica\"],\"inLanguage\":\"pt-BR\",\"potentialAction\":[{\"@type\":\"CommentAction\",\"name\":\"Comment\",\"target\":[\"https:\/\/sudoesteacontece.com.br\/?p=5811#respond\"]}]},{\"@type\":\"WebPage\",\"@id\":\"https:\/\/sudoesteacontece.com.br\/?p=5811\",\"url\":\"https:\/\/sudoesteacontece.com.br\/?p=5811\",\"name\":\"Atrasos salariais revoltam professores em Jussiape e levam categoria \u00e0 Justi\u00e7a - Sudoesteacontece\",\"isPartOf\":{\"@id\":\"https:\/\/sudoesteacontece.com.br\/#website\"},\"primaryImageOfPage\":{\"@id\":\"https:\/\/sudoesteacontece.com.br\/?p=5811#primaryimage\"},\"image\":{\"@id\":\"https:\/\/sudoesteacontece.com.br\/?p=5811#primaryimage\"},\"thumbnailUrl\":\"https:\/\/sudoesteacontece.com.br\/wp-content\/uploads\/2025\/11\/TCM-BA-notifica-prefeito-de-Jussiape-apos-denuncia-sobre-terceirizacao-na-educacao-sudoeste-acontece.jpg\",\"datePublished\":\"2026-01-10T16:29:21+00:00\",\"dateModified\":\"2026-01-10T16:29:23+00:00\",\"breadcrumb\":{\"@id\":\"https:\/\/sudoesteacontece.com.br\/?p=5811#breadcrumb\"},\"inLanguage\":\"pt-BR\",\"potentialAction\":[{\"@type\":\"ReadAction\",\"target\":[\"https:\/\/sudoesteacontece.com.br\/?p=5811\"]}]},{\"@type\":\"ImageObject\",\"inLanguage\":\"pt-BR\",\"@id\":\"https:\/\/sudoesteacontece.com.br\/?p=5811#primaryimage\",\"url\":\"https:\/\/sudoesteacontece.com.br\/wp-content\/uploads\/2025\/11\/TCM-BA-notifica-prefeito-de-Jussiape-apos-denuncia-sobre-terceirizacao-na-educacao-sudoeste-acontece.jpg\",\"contentUrl\":\"https:\/\/sudoesteacontece.com.br\/wp-content\/uploads\/2025\/11\/TCM-BA-notifica-prefeito-de-Jussiape-apos-denuncia-sobre-terceirizacao-na-educacao-sudoeste-acontece.jpg\",\"width\":1170,\"height\":790},{\"@type\":\"BreadcrumbList\",\"@id\":\"https:\/\/sudoesteacontece.com.br\/?p=5811#breadcrumb\",\"itemListElement\":[{\"@type\":\"ListItem\",\"position\":1,\"name\":\"In\u00edcio\",\"item\":\"https:\/\/sudoesteacontece.com.br\/\"},{\"@type\":\"ListItem\",\"position\":2,\"name\":\"Atrasos salariais revoltam professores em Jussiape e levam categoria \u00e0 Justi\u00e7a\"}]},{\"@type\":\"WebSite\",\"@id\":\"https:\/\/sudoesteacontece.com.br\/#website\",\"url\":\"https:\/\/sudoesteacontece.com.br\/\",\"name\":\"Sudoesteacontece\",\"description\":\"\",\"publisher\":{\"@id\":\"https:\/\/sudoesteacontece.com.br\/#organization\"},\"potentialAction\":[{\"@type\":\"SearchAction\",\"target\":{\"@type\":\"EntryPoint\",\"urlTemplate\":\"https:\/\/sudoesteacontece.com.br\/?s={search_term_string}\"},\"query-input\":{\"@type\":\"PropertyValueSpecification\",\"valueRequired\":true,\"valueName\":\"search_term_string\"}}],\"inLanguage\":\"pt-BR\"},{\"@type\":\"Organization\",\"@id\":\"https:\/\/sudoesteacontece.com.br\/#organization\",\"name\":\"Sudoesteacontece\",\"url\":\"https:\/\/sudoesteacontece.com.br\/\",\"logo\":{\"@type\":\"ImageObject\",\"inLanguage\":\"pt-BR\",\"@id\":\"https:\/\/sudoesteacontece.com.br\/#\/schema\/logo\/image\/\",\"url\":\"https:\/\/sudoesteacontece.com.br\/wp-content\/uploads\/2025\/12\/cropped-logo-2-180x180-1.png\",\"contentUrl\":\"https:\/\/sudoesteacontece.com.br\/wp-content\/uploads\/2025\/12\/cropped-logo-2-180x180-1.png\",\"width\":180,\"height\":180,\"caption\":\"Sudoesteacontece\"},\"image\":{\"@id\":\"https:\/\/sudoesteacontece.com.br\/#\/schema\/logo\/image\/\"},\"sameAs\":[\"https:\/\/www.facebook.com\/sudoesteacontece\/?locale=pt_BR\"]},{\"@type\":\"Person\",\"@id\":\"https:\/\/sudoesteacontece.com.br\/#\/schema\/person\/a4f22429c1d0923ef8f7d43343f8dc38\",\"name\":\"Reda\u00e7\u00e3o\",\"image\":{\"@type\":\"ImageObject\",\"inLanguage\":\"pt-BR\",\"@id\":\"https:\/\/sudoesteacontece.com.br\/#\/schema\/person\/image\/\",\"url\":\"https:\/\/secure.gravatar.com\/avatar\/c3a5b3c93f268a709c25a2df414c629a96fb3b1b4bf97a94fb3f72e54ae76903?s=96&d=mm&r=g\",\"contentUrl\":\"https:\/\/secure.gravatar.com\/avatar\/c3a5b3c93f268a709c25a2df414c629a96fb3b1b4bf97a94fb3f72e54ae76903?s=96&d=mm&r=g\",\"caption\":\"Reda\u00e7\u00e3o\"},\"url\":\"https:\/\/sudoesteacontece.com.br\/?author=4\"}]}<\/script>\n<!-- \/ Yoast SEO plugin. -->","yoast_head_json":{"title":"Atrasos salariais revoltam professores em Jussiape e levam categoria \u00e0 Justi\u00e7a - Sudoesteacontece","robots":{"index":"index","follow":"follow","max-snippet":"max-snippet:-1","max-image-preview":"max-image-preview:large","max-video-preview":"max-video-preview:-1"},"canonical":"https:\/\/sudoesteacontece.com.br\/?p=5811","og_locale":"pt_BR","og_type":"article","og_title":"Atrasos salariais revoltam professores em Jussiape e levam categoria \u00e0 Justi\u00e7a - Sudoesteacontece","og_description":"Insatisfa\u00e7\u00e3o tomou conta dos profissionais da Educa\u00e7\u00e3o de Jussiape ap\u00f3s sucessivos atrasos no pagamento dos sal\u00e1rios durante a atual gest\u00e3o municipal. Servidores relatam que os vencimentos v\u00eam sendo depositados al\u00e9m do prazo legal de cinco dias \u00fateis, sempre no in\u00edcio do m\u00eas, o que compromete o planejamento financeiro e gera inseguran\u00e7a entre os trabalhadores. Al\u00e9m disso, os educadores denunciam falta de isonomia nos pagamentos. Parte da categoria recebe os sal\u00e1rios antes, enquanto outros aguardam datas posteriores. A situa\u00e7\u00e3o, segundo relatos, se tornou rotina e aprofundou o sentimento de injusti\u00e7a dentro da rede municipal de ensino. Conforme o diretor da APLB-Sindicato em Jussiape, professor Dourival Caires, o cen\u00e1rio piorou no fim do ano. Servidores passaram a virada sem receber sal\u00e1rios, houve pagamentos parciais, casos de n\u00e3o quita\u00e7\u00e3o do m\u00eas de dezembro e aus\u00eancia do ter\u00e7o constitucional de f\u00e9rias em alguns contracheques. Diante do quadro, o setor jur\u00eddico da APLB decidiu acionar o Poder Judici\u00e1rio. A entidade ingressou com um Mandado de Seguran\u00e7a Coletivo para exigir que o munic\u00edpio cumpra o prazo legal e realize os pagamentos de forma uniforme. O processo tramita desde 14 de outubro de 2024. Enquanto isso, a categoria aguarda a decis\u00e3o judicial com indigna\u00e7\u00e3o. Em 16 de dezembro, o juiz concedeu prazo de dez dias para manifesta\u00e7\u00e3o da Prefeitura. Professores afirmam que o atraso recorrente reflete descaso da administra\u00e7\u00e3o municipal com a Educa\u00e7\u00e3o e com os servidores.","og_url":"https:\/\/sudoesteacontece.com.br\/?p=5811","og_site_name":"Sudoesteacontece","article_publisher":"https:\/\/www.facebook.com\/sudoesteacontece\/?locale=pt_BR","article_published_time":"2026-01-10T16:29:21+00:00","article_modified_time":"2026-01-10T16:29:23+00:00","og_image":[{"width":1170,"height":790,"url":"https:\/\/sudoesteacontece.com.br\/wp-content\/uploads\/2025\/11\/TCM-BA-notifica-prefeito-de-Jussiape-apos-denuncia-sobre-terceirizacao-na-educacao-sudoeste-acontece.jpg","type":"image\/jpeg"}],"author":"Reda\u00e7\u00e3o","twitter_card":"summary_large_image","twitter_misc":{"Escrito por":"Reda\u00e7\u00e3o","Est. tempo de leitura":"2 minutos"},"schema":{"@context":"https:\/\/schema.org","@graph":[{"@type":"Article","@id":"https:\/\/sudoesteacontece.com.br\/?p=5811#article","isPartOf":{"@id":"https:\/\/sudoesteacontece.com.br\/?p=5811"},"author":{"name":"Reda\u00e7\u00e3o","@id":"https:\/\/sudoesteacontece.com.br\/#\/schema\/person\/a4f22429c1d0923ef8f7d43343f8dc38"},"headline":"Atrasos salariais revoltam professores em Jussiape e levam categoria \u00e0 Justi\u00e7a","datePublished":"2026-01-10T16:29:21+00:00","dateModified":"2026-01-10T16:29:23+00:00","mainEntityOfPage":{"@id":"https:\/\/sudoesteacontece.com.br\/?p=5811"},"wordCount":269,"commentCount":0,"publisher":{"@id":"https:\/\/sudoesteacontece.com.br\/#organization"},"image":{"@id":"https:\/\/sudoesteacontece.com.br\/?p=5811#primaryimage"},"thumbnailUrl":"https:\/\/sudoesteacontece.com.br\/wp-content\/uploads\/2025\/11\/TCM-BA-notifica-prefeito-de-Jussiape-apos-denuncia-sobre-terceirizacao-na-educacao-sudoeste-acontece.jpg","articleSection":["Educa\u00e7\u00e3o","Jussiape","Justi\u00e7a","Pol\u00edtica"],"inLanguage":"pt-BR","potentialAction":[{"@type":"CommentAction","name":"Comment","target":["https:\/\/sudoesteacontece.com.br\/?p=5811#respond"]}]},{"@type":"WebPage","@id":"https:\/\/sudoesteacontece.com.br\/?p=5811","url":"https:\/\/sudoesteacontece.com.br\/?p=5811","name":"Atrasos salariais revoltam professores em Jussiape e levam categoria \u00e0 Justi\u00e7a - Sudoesteacontece","isPartOf":{"@id":"https:\/\/sudoesteacontece.com.br\/#website"},"primaryImageOfPage":{"@id":"https:\/\/sudoesteacontece.com.br\/?p=5811#primaryimage"},"image":{"@id":"https:\/\/sudoesteacontece.com.br\/?p=5811#primaryimage"},"thumbnailUrl":"https:\/\/sudoesteacontece.com.br\/wp-content\/uploads\/2025\/11\/TCM-BA-notifica-prefeito-de-Jussiape-apos-denuncia-sobre-terceirizacao-na-educacao-sudoeste-acontece.jpg","datePublished":"2026-01-10T16:29:21+00:00","dateModified":"2026-01-10T16:29:23+00:00","breadcrumb":{"@id":"https:\/\/sudoesteacontece.com.br\/?p=5811#breadcrumb"},"inLanguage":"pt-BR","potentialAction":[{"@type":"ReadAction","target":["https:\/\/sudoesteacontece.com.br\/?p=5811"]}]},{"@type":"ImageObject","inLanguage":"pt-BR","@id":"https:\/\/sudoesteacontece.com.br\/?p=5811#primaryimage","url":"https:\/\/sudoesteacontece.com.br\/wp-content\/uploads\/2025\/11\/TCM-BA-notifica-prefeito-de-Jussiape-apos-denuncia-sobre-terceirizacao-na-educacao-sudoeste-acontece.jpg","contentUrl":"https:\/\/sudoesteacontece.com.br\/wp-content\/uploads\/2025\/11\/TCM-BA-notifica-prefeito-de-Jussiape-apos-denuncia-sobre-terceirizacao-na-educacao-sudoeste-acontece.jpg","width":1170,"height":790},{"@type":"BreadcrumbList","@id":"https:\/\/sudoesteacontece.com.br\/?p=5811#breadcrumb","itemListElement":[{"@type":"ListItem","position":1,"name":"In\u00edcio","item":"https:\/\/sudoesteacontece.com.br\/"},{"@type":"ListItem","position":2,"name":"Atrasos salariais revoltam professores em Jussiape e levam categoria \u00e0 Justi\u00e7a"}]},{"@type":"WebSite","@id":"https:\/\/sudoesteacontece.com.br\/#website","url":"https:\/\/sudoesteacontece.com.br\/","name":"Sudoesteacontece","description":"","publisher":{"@id":"https:\/\/sudoesteacontece.com.br\/#organization"},"potentialAction":[{"@type":"SearchAction","target":{"@type":"EntryPoint","urlTemplate":"https:\/\/sudoesteacontece.com.br\/?s={search_term_string}"},"query-input":{"@type":"PropertyValueSpecification","valueRequired":true,"valueName":"search_term_string"}}],"inLanguage":"pt-BR"},{"@type":"Organization","@id":"https:\/\/sudoesteacontece.com.br\/#organization","name":"Sudoesteacontece","url":"https:\/\/sudoesteacontece.com.br\/","logo":{"@type":"ImageObject","inLanguage":"pt-BR","@id":"https:\/\/sudoesteacontece.com.br\/#\/schema\/logo\/image\/","url":"https:\/\/sudoesteacontece.com.br\/wp-content\/uploads\/2025\/12\/cropped-logo-2-180x180-1.png","contentUrl":"https:\/\/sudoesteacontece.com.br\/wp-content\/uploads\/2025\/12\/cropped-logo-2-180x180-1.png","width":180,"height":180,"caption":"Sudoesteacontece"},"image":{"@id":"https:\/\/sudoesteacontece.com.br\/#\/schema\/logo\/image\/"},"sameAs":["https:\/\/www.facebook.com\/sudoesteacontece\/?locale=pt_BR"]},{"@type":"Person","@id":"https:\/\/sudoesteacontece.com.br\/#\/schema\/person\/a4f22429c1d0923ef8f7d43343f8dc38","name":"Reda\u00e7\u00e3o","image":{"@type":"ImageObject","inLanguage":"pt-BR","@id":"https:\/\/sudoesteacontece.com.br\/#\/schema\/person\/image\/","url":"https:\/\/secure.gravatar.com\/avatar\/c3a5b3c93f268a709c25a2df414c629a96fb3b1b4bf97a94fb3f72e54ae76903?s=96&d=mm&r=g","contentUrl":"https:\/\/secure.gravatar.com\/avatar\/c3a5b3c93f268a709c25a2df414c629a96fb3b1b4bf97a94fb3f72e54ae76903?s=96&d=mm&r=g","caption":"Reda\u00e7\u00e3o"},"url":"https:\/\/sudoesteacontece.com.br\/?author=4"}]}},"_links":{"self":[{"href":"https:\/\/sudoesteacontece.com.br\/index.php?rest_route=\/wp\/v2\/posts\/5811","targetHints":{"allow":["GET"]}}],"collection":[{"href":"https:\/\/sudoesteacontece.com.br\/index.php?rest_route=\/wp\/v2\/posts"}],"about":[{"href":"https:\/\/sudoesteacontece.com.br\/index.php?rest_route=\/wp\/v2\/types\/post"}],"author":[{"embeddable":true,"href":"https:\/\/sudoesteacontece.com.br\/index.php?rest_route=\/wp\/v2\/users\/4"}],"replies":[{"embeddable":true,"href":"https:\/\/sudoesteacontece.com.br\/index.php?rest_route=%2Fwp%2Fv2%2Fcomments&post=5811"}],"version-history":[{"count":0,"href":"https:\/\/sudoesteacontece.com.br\/index.php?rest_route=\/wp\/v2\/posts\/5811\/revisions"}],"wp:featuredmedia":[{"embeddable":true,"href":"https:\/\/sudoesteacontece.com.br\/index.php?rest_route=\/wp\/v2\/media\/1640"}],"wp:attachment":[{"href":"https:\/\/sudoesteacontece.com.br\/index.php?rest_route=%2Fwp%2Fv2%2Fmedia&parent=5811"}],"wp:term":[{"taxonomy":"category","embeddable":true,"href":"https:\/\/sudoesteacontece.com.br\/index.php?rest_route=%2Fwp%2Fv2%2Fcategories&post=5811"},{"taxonomy":"post_tag","embeddable":true,"href":"https:\/\/sudoesteacontece.com.br\/index.php?rest_route=%2Fwp%2Fv2%2Ftags&post=5811"}],"curies":[{"name":"wp","href":"https:\/\/api.w.org\/{rel}","templated":true}]}}