{"id":5814,"date":"2026-01-10T13:40:57","date_gmt":"2026-01-10T16:40:57","guid":{"rendered":"https:\/\/sudoesteacontece.com.br\/?p=5814"},"modified":"2026-01-10T13:40:59","modified_gmt":"2026-01-10T16:40:59","slug":"cidade-em-luto-livramento-se-despede-de-luiz-carlos-cordeiro-o-inesquecivel-coral","status":"publish","type":"post","link":"https:\/\/sudoesteacontece.com.br\/?p=5814","title":{"rendered":"Cidade em luto: Livramento se despede de Luiz Carlos Cordeiro, o inesquec\u00edvel Coral"},"content":{"rendered":"<div class=\"wp-block-image\">\n<figure class=\"aligncenter size-full\"><img fetchpriority=\"high\" decoding=\"async\" width=\"900\" height=\"600\" src=\"http:\/\/sudoesteacontece.com.br\/wp-content\/uploads\/2026\/01\/Cidade-em-luto-Livramento-se-despede-de-Luiz-Carlos-Cordeiro-o-inesquecivel-Coral-sudoeste-acontece.jpg\" alt=\"\" class=\"wp-image-5829\" srcset=\"https:\/\/sudoesteacontece.com.br\/wp-content\/uploads\/2026\/01\/Cidade-em-luto-Livramento-se-despede-de-Luiz-Carlos-Cordeiro-o-inesquecivel-Coral-sudoeste-acontece.jpg 900w, https:\/\/sudoesteacontece.com.br\/wp-content\/uploads\/2026\/01\/Cidade-em-luto-Livramento-se-despede-de-Luiz-Carlos-Cordeiro-o-inesquecivel-Coral-sudoeste-acontece-300x200.jpg 300w, https:\/\/sudoesteacontece.com.br\/wp-content\/uploads\/2026\/01\/Cidade-em-luto-Livramento-se-despede-de-Luiz-Carlos-Cordeiro-o-inesquecivel-Coral-sudoeste-acontece-768x512.jpg 768w\" sizes=\"(max-width: 900px) 100vw, 900px\" \/><\/figure>\n<\/div>\n\n\n<p>Livramento de Nossa Senhora amanheceu em clima de tristeza nesta sexta-feira (9) com a morte de Luiz Carlos Cordeiro Silva, conhecido carinhosamente como Coral. Figura popular e muito querida, ele marcou gera\u00e7\u00f5es pelo jeito simples, pelo sorriso f\u00e1cil e pela alegria contagiante que espalhava por onde passava.<\/p>\n\n\n\n<p>Reconhecido pelo bom humor e pela espontaneidade, Coral construiu uma rela\u00e7\u00e3o de afeto com a comunidade ao longo da vida. Sempre extrovertido, era presen\u00e7a constante em conversas, encontros e momentos cotidianos, tornando-se s\u00edmbolo de leveza e alegria para moradores da cidade.<\/p>\n\n\n\n<p>Liga\u00e7\u00e3o especial tamb\u00e9m marcou sua hist\u00f3ria com a R\u00e1dio 88 FM. Ouvinte fiel, Coral participava ativamente da programa\u00e7\u00e3o, enviando \u00e1udios descontra\u00eddos que divertiam comunicadores e ouvintes. As mensagens espont\u00e2neas transformaram sua voz em parte da rotina da emissora e do dia a dia da popula\u00e7\u00e3o.<\/p>\n\n\n\n<p>Nos \u00faltimos meses, Coral estava acolhido na Casa do Idoso, em Livramento. Ap\u00f3s apresentar complica\u00e7\u00f5es de sa\u00fade, ele precisou ser internado, mas n\u00e3o resistiu. A not\u00edcia da morte gerou como\u00e7\u00e3o nas redes sociais e mobilizou manifesta\u00e7\u00f5es de carinho e despedida.<\/p>\n\n\n\n<p>Agora, familiares, amigos e admiradores prestam as \u00faltimas homenagens. O corpo \u00e9 velado no Memorial Bom Pastor, e o sepultamento ocorre \u00e0s 17h, no Cemit\u00e9rio Jardim da Saudade, no bairro Taquari, encerrando a trajet\u00f3ria de uma figura que deixou saudade e boas lembran\u00e7as.<\/p>\n","protected":false},"excerpt":{"rendered":"<p>Livramento de Nossa Senhora amanheceu em clima de tristeza nesta sexta-feira (9) com a morte de Luiz Carlos Cordeiro Silva, conhecido carinhosamente como Coral. Figura popular e muito querida, ele marcou gera\u00e7\u00f5es pelo jeito simples, pelo sorriso f\u00e1cil e pela alegria contagiante que espalhava por onde passava. Reconhecido pelo bom humor e pela espontaneidade, Coral construiu uma rela\u00e7\u00e3o de afeto com a comunidade ao longo da vida. Sempre extrovertido, era presen\u00e7a constante em conversas, encontros e momentos cotidianos, tornando-se s\u00edmbolo de leveza e alegria para moradores da cidade. Liga\u00e7\u00e3o especial tamb\u00e9m marcou sua hist\u00f3ria com a R\u00e1dio 88 FM. Ouvinte fiel, Coral participava ativamente da programa\u00e7\u00e3o, enviando \u00e1udios descontra\u00eddos que divertiam comunicadores e ouvintes. As mensagens espont\u00e2neas transformaram sua voz em parte da rotina da emissora e do dia a dia da popula\u00e7\u00e3o. Nos \u00faltimos meses, Coral estava acolhido na Casa do Idoso, em Livramento. Ap\u00f3s apresentar complica\u00e7\u00f5es de sa\u00fade, ele precisou ser internado, mas n\u00e3o resistiu. A not\u00edcia da morte gerou como\u00e7\u00e3o nas redes sociais e mobilizou manifesta\u00e7\u00f5es de carinho e despedida. Agora, familiares, amigos e admiradores prestam as \u00faltimas homenagens. O corpo \u00e9 velado no Memorial Bom Pastor, e o sepultamento ocorre \u00e0s 17h, no Cemit\u00e9rio Jardim da Saudade, no bairro Taquari, encerrando a trajet\u00f3ria de uma figura que deixou saudade e boas lembran\u00e7as.<\/p>\n","protected":false},"author":4,"featured_media":5829,"comment_status":"open","ping_status":"open","sticky":false,"template":"","format":"standard","meta":{"footnotes":""},"categories":[18],"tags":[],"class_list":["post-5814","post","type-post","status-publish","format-standard","has-post-thumbnail","hentry","category-livramento"],"yoast_head":"<!-- This site is optimized with the Yoast SEO plugin v26.5 - https:\/\/yoast.com\/wordpress\/plugins\/seo\/ -->\n<title>Cidade em luto: Livramento se despede de Luiz Carlos Cordeiro, o inesquec\u00edvel Coral - Sudoesteacontece<\/title>\n<meta name=\"robots\" content=\"index, follow, max-snippet:-1, max-image-preview:large, max-video-preview:-1\" \/>\n<link rel=\"canonical\" href=\"https:\/\/sudoesteacontece.com.br\/?p=5814\" \/>\n<meta property=\"og:locale\" content=\"pt_BR\" \/>\n<meta property=\"og:type\" content=\"article\" \/>\n<meta property=\"og:title\" content=\"Cidade em luto: Livramento se despede de Luiz Carlos Cordeiro, o inesquec\u00edvel Coral - Sudoesteacontece\" \/>\n<meta property=\"og:description\" content=\"Livramento de Nossa Senhora amanheceu em clima de tristeza nesta sexta-feira (9) com a morte de Luiz Carlos Cordeiro Silva, conhecido carinhosamente como Coral. Figura popular e muito querida, ele marcou gera\u00e7\u00f5es pelo jeito simples, pelo sorriso f\u00e1cil e pela alegria contagiante que espalhava por onde passava. Reconhecido pelo bom humor e pela espontaneidade, Coral construiu uma rela\u00e7\u00e3o de afeto com a comunidade ao longo da vida. Sempre extrovertido, era presen\u00e7a constante em conversas, encontros e momentos cotidianos, tornando-se s\u00edmbolo de leveza e alegria para moradores da cidade. Liga\u00e7\u00e3o especial tamb\u00e9m marcou sua hist\u00f3ria com a R\u00e1dio 88 FM. Ouvinte fiel, Coral participava ativamente da programa\u00e7\u00e3o, enviando \u00e1udios descontra\u00eddos que divertiam comunicadores e ouvintes. As mensagens espont\u00e2neas transformaram sua voz em parte da rotina da emissora e do dia a dia da popula\u00e7\u00e3o. Nos \u00faltimos meses, Coral estava acolhido na Casa do Idoso, em Livramento. Ap\u00f3s apresentar complica\u00e7\u00f5es de sa\u00fade, ele precisou ser internado, mas n\u00e3o resistiu. A not\u00edcia da morte gerou como\u00e7\u00e3o nas redes sociais e mobilizou manifesta\u00e7\u00f5es de carinho e despedida. Agora, familiares, amigos e admiradores prestam as \u00faltimas homenagens. O corpo \u00e9 velado no Memorial Bom Pastor, e o sepultamento ocorre \u00e0s 17h, no Cemit\u00e9rio Jardim da Saudade, no bairro Taquari, encerrando a trajet\u00f3ria de uma figura que deixou saudade e boas lembran\u00e7as.\" \/>\n<meta property=\"og:url\" content=\"https:\/\/sudoesteacontece.com.br\/?p=5814\" \/>\n<meta property=\"og:site_name\" content=\"Sudoesteacontece\" \/>\n<meta property=\"article:publisher\" content=\"https:\/\/www.facebook.com\/sudoesteacontece\/?locale=pt_BR\" \/>\n<meta property=\"article:published_time\" content=\"2026-01-10T16:40:57+00:00\" \/>\n<meta property=\"article:modified_time\" content=\"2026-01-10T16:40:59+00:00\" \/>\n<meta property=\"og:image\" content=\"https:\/\/sudoesteacontece.com.br\/wp-content\/uploads\/2026\/01\/Cidade-em-luto-Livramento-se-despede-de-Luiz-Carlos-Cordeiro-o-inesquecivel-Coral-sudoeste-acontece.jpg\" \/>\n\t<meta property=\"og:image:width\" content=\"900\" \/>\n\t<meta property=\"og:image:height\" content=\"600\" \/>\n\t<meta property=\"og:image:type\" content=\"image\/jpeg\" \/>\n<meta name=\"author\" content=\"Reda\u00e7\u00e3o\" \/>\n<meta name=\"twitter:card\" content=\"summary_large_image\" \/>\n<meta name=\"twitter:label1\" content=\"Escrito por\" \/>\n\t<meta name=\"twitter:data1\" content=\"Reda\u00e7\u00e3o\" \/>\n\t<meta name=\"twitter:label2\" content=\"Est. tempo de leitura\" \/>\n\t<meta name=\"twitter:data2\" content=\"2 minutos\" \/>\n<script type=\"application\/ld+json\" class=\"yoast-schema-graph\">{\"@context\":\"https:\/\/schema.org\",\"@graph\":[{\"@type\":\"Article\",\"@id\":\"https:\/\/sudoesteacontece.com.br\/?p=5814#article\",\"isPartOf\":{\"@id\":\"https:\/\/sudoesteacontece.com.br\/?p=5814\"},\"author\":{\"name\":\"Reda\u00e7\u00e3o\",\"@id\":\"https:\/\/sudoesteacontece.com.br\/#\/schema\/person\/a4f22429c1d0923ef8f7d43343f8dc38\"},\"headline\":\"Cidade em luto: Livramento se despede de Luiz Carlos Cordeiro, o inesquec\u00edvel Coral\",\"datePublished\":\"2026-01-10T16:40:57+00:00\",\"dateModified\":\"2026-01-10T16:40:59+00:00\",\"mainEntityOfPage\":{\"@id\":\"https:\/\/sudoesteacontece.com.br\/?p=5814\"},\"wordCount\":250,\"commentCount\":0,\"publisher\":{\"@id\":\"https:\/\/sudoesteacontece.com.br\/#organization\"},\"image\":{\"@id\":\"https:\/\/sudoesteacontece.com.br\/?p=5814#primaryimage\"},\"thumbnailUrl\":\"https:\/\/sudoesteacontece.com.br\/wp-content\/uploads\/2026\/01\/Cidade-em-luto-Livramento-se-despede-de-Luiz-Carlos-Cordeiro-o-inesquecivel-Coral-sudoeste-acontece.jpg\",\"articleSection\":[\"Livramento\"],\"inLanguage\":\"pt-BR\",\"potentialAction\":[{\"@type\":\"CommentAction\",\"name\":\"Comment\",\"target\":[\"https:\/\/sudoesteacontece.com.br\/?p=5814#respond\"]}]},{\"@type\":\"WebPage\",\"@id\":\"https:\/\/sudoesteacontece.com.br\/?p=5814\",\"url\":\"https:\/\/sudoesteacontece.com.br\/?p=5814\",\"name\":\"Cidade em luto: Livramento se despede de Luiz Carlos Cordeiro, o inesquec\u00edvel Coral - Sudoesteacontece\",\"isPartOf\":{\"@id\":\"https:\/\/sudoesteacontece.com.br\/#website\"},\"primaryImageOfPage\":{\"@id\":\"https:\/\/sudoesteacontece.com.br\/?p=5814#primaryimage\"},\"image\":{\"@id\":\"https:\/\/sudoesteacontece.com.br\/?p=5814#primaryimage\"},\"thumbnailUrl\":\"https:\/\/sudoesteacontece.com.br\/wp-content\/uploads\/2026\/01\/Cidade-em-luto-Livramento-se-despede-de-Luiz-Carlos-Cordeiro-o-inesquecivel-Coral-sudoeste-acontece.jpg\",\"datePublished\":\"2026-01-10T16:40:57+00:00\",\"dateModified\":\"2026-01-10T16:40:59+00:00\",\"breadcrumb\":{\"@id\":\"https:\/\/sudoesteacontece.com.br\/?p=5814#breadcrumb\"},\"inLanguage\":\"pt-BR\",\"potentialAction\":[{\"@type\":\"ReadAction\",\"target\":[\"https:\/\/sudoesteacontece.com.br\/?p=5814\"]}]},{\"@type\":\"ImageObject\",\"inLanguage\":\"pt-BR\",\"@id\":\"https:\/\/sudoesteacontece.com.br\/?p=5814#primaryimage\",\"url\":\"https:\/\/sudoesteacontece.com.br\/wp-content\/uploads\/2026\/01\/Cidade-em-luto-Livramento-se-despede-de-Luiz-Carlos-Cordeiro-o-inesquecivel-Coral-sudoeste-acontece.jpg\",\"contentUrl\":\"https:\/\/sudoesteacontece.com.br\/wp-content\/uploads\/2026\/01\/Cidade-em-luto-Livramento-se-despede-de-Luiz-Carlos-Cordeiro-o-inesquecivel-Coral-sudoeste-acontece.jpg\",\"width\":900,\"height\":600},{\"@type\":\"BreadcrumbList\",\"@id\":\"https:\/\/sudoesteacontece.com.br\/?p=5814#breadcrumb\",\"itemListElement\":[{\"@type\":\"ListItem\",\"position\":1,\"name\":\"In\u00edcio\",\"item\":\"https:\/\/sudoesteacontece.com.br\/\"},{\"@type\":\"ListItem\",\"position\":2,\"name\":\"Cidade em luto: Livramento se despede de Luiz Carlos Cordeiro, o inesquec\u00edvel Coral\"}]},{\"@type\":\"WebSite\",\"@id\":\"https:\/\/sudoesteacontece.com.br\/#website\",\"url\":\"https:\/\/sudoesteacontece.com.br\/\",\"name\":\"Sudoesteacontece\",\"description\":\"\",\"publisher\":{\"@id\":\"https:\/\/sudoesteacontece.com.br\/#organization\"},\"potentialAction\":[{\"@type\":\"SearchAction\",\"target\":{\"@type\":\"EntryPoint\",\"urlTemplate\":\"https:\/\/sudoesteacontece.com.br\/?s={search_term_string}\"},\"query-input\":{\"@type\":\"PropertyValueSpecification\",\"valueRequired\":true,\"valueName\":\"search_term_string\"}}],\"inLanguage\":\"pt-BR\"},{\"@type\":\"Organization\",\"@id\":\"https:\/\/sudoesteacontece.com.br\/#organization\",\"name\":\"Sudoesteacontece\",\"url\":\"https:\/\/sudoesteacontece.com.br\/\",\"logo\":{\"@type\":\"ImageObject\",\"inLanguage\":\"pt-BR\",\"@id\":\"https:\/\/sudoesteacontece.com.br\/#\/schema\/logo\/image\/\",\"url\":\"https:\/\/sudoesteacontece.com.br\/wp-content\/uploads\/2025\/12\/cropped-logo-2-180x180-1.png\",\"contentUrl\":\"https:\/\/sudoesteacontece.com.br\/wp-content\/uploads\/2025\/12\/cropped-logo-2-180x180-1.png\",\"width\":180,\"height\":180,\"caption\":\"Sudoesteacontece\"},\"image\":{\"@id\":\"https:\/\/sudoesteacontece.com.br\/#\/schema\/logo\/image\/\"},\"sameAs\":[\"https:\/\/www.facebook.com\/sudoesteacontece\/?locale=pt_BR\"]},{\"@type\":\"Person\",\"@id\":\"https:\/\/sudoesteacontece.com.br\/#\/schema\/person\/a4f22429c1d0923ef8f7d43343f8dc38\",\"name\":\"Reda\u00e7\u00e3o\",\"image\":{\"@type\":\"ImageObject\",\"inLanguage\":\"pt-BR\",\"@id\":\"https:\/\/sudoesteacontece.com.br\/#\/schema\/person\/image\/\",\"url\":\"https:\/\/secure.gravatar.com\/avatar\/c3a5b3c93f268a709c25a2df414c629a96fb3b1b4bf97a94fb3f72e54ae76903?s=96&d=mm&r=g\",\"contentUrl\":\"https:\/\/secure.gravatar.com\/avatar\/c3a5b3c93f268a709c25a2df414c629a96fb3b1b4bf97a94fb3f72e54ae76903?s=96&d=mm&r=g\",\"caption\":\"Reda\u00e7\u00e3o\"},\"url\":\"https:\/\/sudoesteacontece.com.br\/?author=4\"}]}<\/script>\n<!-- \/ Yoast SEO plugin. -->","yoast_head_json":{"title":"Cidade em luto: Livramento se despede de Luiz Carlos Cordeiro, o inesquec\u00edvel Coral - Sudoesteacontece","robots":{"index":"index","follow":"follow","max-snippet":"max-snippet:-1","max-image-preview":"max-image-preview:large","max-video-preview":"max-video-preview:-1"},"canonical":"https:\/\/sudoesteacontece.com.br\/?p=5814","og_locale":"pt_BR","og_type":"article","og_title":"Cidade em luto: Livramento se despede de Luiz Carlos Cordeiro, o inesquec\u00edvel Coral - Sudoesteacontece","og_description":"Livramento de Nossa Senhora amanheceu em clima de tristeza nesta sexta-feira (9) com a morte de Luiz Carlos Cordeiro Silva, conhecido carinhosamente como Coral. Figura popular e muito querida, ele marcou gera\u00e7\u00f5es pelo jeito simples, pelo sorriso f\u00e1cil e pela alegria contagiante que espalhava por onde passava. Reconhecido pelo bom humor e pela espontaneidade, Coral construiu uma rela\u00e7\u00e3o de afeto com a comunidade ao longo da vida. Sempre extrovertido, era presen\u00e7a constante em conversas, encontros e momentos cotidianos, tornando-se s\u00edmbolo de leveza e alegria para moradores da cidade. Liga\u00e7\u00e3o especial tamb\u00e9m marcou sua hist\u00f3ria com a R\u00e1dio 88 FM. Ouvinte fiel, Coral participava ativamente da programa\u00e7\u00e3o, enviando \u00e1udios descontra\u00eddos que divertiam comunicadores e ouvintes. As mensagens espont\u00e2neas transformaram sua voz em parte da rotina da emissora e do dia a dia da popula\u00e7\u00e3o. Nos \u00faltimos meses, Coral estava acolhido na Casa do Idoso, em Livramento. Ap\u00f3s apresentar complica\u00e7\u00f5es de sa\u00fade, ele precisou ser internado, mas n\u00e3o resistiu. A not\u00edcia da morte gerou como\u00e7\u00e3o nas redes sociais e mobilizou manifesta\u00e7\u00f5es de carinho e despedida. Agora, familiares, amigos e admiradores prestam as \u00faltimas homenagens. O corpo \u00e9 velado no Memorial Bom Pastor, e o sepultamento ocorre \u00e0s 17h, no Cemit\u00e9rio Jardim da Saudade, no bairro Taquari, encerrando a trajet\u00f3ria de uma figura que deixou saudade e boas lembran\u00e7as.","og_url":"https:\/\/sudoesteacontece.com.br\/?p=5814","og_site_name":"Sudoesteacontece","article_publisher":"https:\/\/www.facebook.com\/sudoesteacontece\/?locale=pt_BR","article_published_time":"2026-01-10T16:40:57+00:00","article_modified_time":"2026-01-10T16:40:59+00:00","og_image":[{"width":900,"height":600,"url":"https:\/\/sudoesteacontece.com.br\/wp-content\/uploads\/2026\/01\/Cidade-em-luto-Livramento-se-despede-de-Luiz-Carlos-Cordeiro-o-inesquecivel-Coral-sudoeste-acontece.jpg","type":"image\/jpeg"}],"author":"Reda\u00e7\u00e3o","twitter_card":"summary_large_image","twitter_misc":{"Escrito por":"Reda\u00e7\u00e3o","Est. tempo de leitura":"2 minutos"},"schema":{"@context":"https:\/\/schema.org","@graph":[{"@type":"Article","@id":"https:\/\/sudoesteacontece.com.br\/?p=5814#article","isPartOf":{"@id":"https:\/\/sudoesteacontece.com.br\/?p=5814"},"author":{"name":"Reda\u00e7\u00e3o","@id":"https:\/\/sudoesteacontece.com.br\/#\/schema\/person\/a4f22429c1d0923ef8f7d43343f8dc38"},"headline":"Cidade em luto: Livramento se despede de Luiz Carlos Cordeiro, o inesquec\u00edvel Coral","datePublished":"2026-01-10T16:40:57+00:00","dateModified":"2026-01-10T16:40:59+00:00","mainEntityOfPage":{"@id":"https:\/\/sudoesteacontece.com.br\/?p=5814"},"wordCount":250,"commentCount":0,"publisher":{"@id":"https:\/\/sudoesteacontece.com.br\/#organization"},"image":{"@id":"https:\/\/sudoesteacontece.com.br\/?p=5814#primaryimage"},"thumbnailUrl":"https:\/\/sudoesteacontece.com.br\/wp-content\/uploads\/2026\/01\/Cidade-em-luto-Livramento-se-despede-de-Luiz-Carlos-Cordeiro-o-inesquecivel-Coral-sudoeste-acontece.jpg","articleSection":["Livramento"],"inLanguage":"pt-BR","potentialAction":[{"@type":"CommentAction","name":"Comment","target":["https:\/\/sudoesteacontece.com.br\/?p=5814#respond"]}]},{"@type":"WebPage","@id":"https:\/\/sudoesteacontece.com.br\/?p=5814","url":"https:\/\/sudoesteacontece.com.br\/?p=5814","name":"Cidade em luto: Livramento se despede de Luiz Carlos Cordeiro, o inesquec\u00edvel Coral - Sudoesteacontece","isPartOf":{"@id":"https:\/\/sudoesteacontece.com.br\/#website"},"primaryImageOfPage":{"@id":"https:\/\/sudoesteacontece.com.br\/?p=5814#primaryimage"},"image":{"@id":"https:\/\/sudoesteacontece.com.br\/?p=5814#primaryimage"},"thumbnailUrl":"https:\/\/sudoesteacontece.com.br\/wp-content\/uploads\/2026\/01\/Cidade-em-luto-Livramento-se-despede-de-Luiz-Carlos-Cordeiro-o-inesquecivel-Coral-sudoeste-acontece.jpg","datePublished":"2026-01-10T16:40:57+00:00","dateModified":"2026-01-10T16:40:59+00:00","breadcrumb":{"@id":"https:\/\/sudoesteacontece.com.br\/?p=5814#breadcrumb"},"inLanguage":"pt-BR","potentialAction":[{"@type":"ReadAction","target":["https:\/\/sudoesteacontece.com.br\/?p=5814"]}]},{"@type":"ImageObject","inLanguage":"pt-BR","@id":"https:\/\/sudoesteacontece.com.br\/?p=5814#primaryimage","url":"https:\/\/sudoesteacontece.com.br\/wp-content\/uploads\/2026\/01\/Cidade-em-luto-Livramento-se-despede-de-Luiz-Carlos-Cordeiro-o-inesquecivel-Coral-sudoeste-acontece.jpg","contentUrl":"https:\/\/sudoesteacontece.com.br\/wp-content\/uploads\/2026\/01\/Cidade-em-luto-Livramento-se-despede-de-Luiz-Carlos-Cordeiro-o-inesquecivel-Coral-sudoeste-acontece.jpg","width":900,"height":600},{"@type":"BreadcrumbList","@id":"https:\/\/sudoesteacontece.com.br\/?p=5814#breadcrumb","itemListElement":[{"@type":"ListItem","position":1,"name":"In\u00edcio","item":"https:\/\/sudoesteacontece.com.br\/"},{"@type":"ListItem","position":2,"name":"Cidade em luto: Livramento se despede de Luiz Carlos Cordeiro, o inesquec\u00edvel Coral"}]},{"@type":"WebSite","@id":"https:\/\/sudoesteacontece.com.br\/#website","url":"https:\/\/sudoesteacontece.com.br\/","name":"Sudoesteacontece","description":"","publisher":{"@id":"https:\/\/sudoesteacontece.com.br\/#organization"},"potentialAction":[{"@type":"SearchAction","target":{"@type":"EntryPoint","urlTemplate":"https:\/\/sudoesteacontece.com.br\/?s={search_term_string}"},"query-input":{"@type":"PropertyValueSpecification","valueRequired":true,"valueName":"search_term_string"}}],"inLanguage":"pt-BR"},{"@type":"Organization","@id":"https:\/\/sudoesteacontece.com.br\/#organization","name":"Sudoesteacontece","url":"https:\/\/sudoesteacontece.com.br\/","logo":{"@type":"ImageObject","inLanguage":"pt-BR","@id":"https:\/\/sudoesteacontece.com.br\/#\/schema\/logo\/image\/","url":"https:\/\/sudoesteacontece.com.br\/wp-content\/uploads\/2025\/12\/cropped-logo-2-180x180-1.png","contentUrl":"https:\/\/sudoesteacontece.com.br\/wp-content\/uploads\/2025\/12\/cropped-logo-2-180x180-1.png","width":180,"height":180,"caption":"Sudoesteacontece"},"image":{"@id":"https:\/\/sudoesteacontece.com.br\/#\/schema\/logo\/image\/"},"sameAs":["https:\/\/www.facebook.com\/sudoesteacontece\/?locale=pt_BR"]},{"@type":"Person","@id":"https:\/\/sudoesteacontece.com.br\/#\/schema\/person\/a4f22429c1d0923ef8f7d43343f8dc38","name":"Reda\u00e7\u00e3o","image":{"@type":"ImageObject","inLanguage":"pt-BR","@id":"https:\/\/sudoesteacontece.com.br\/#\/schema\/person\/image\/","url":"https:\/\/secure.gravatar.com\/avatar\/c3a5b3c93f268a709c25a2df414c629a96fb3b1b4bf97a94fb3f72e54ae76903?s=96&d=mm&r=g","contentUrl":"https:\/\/secure.gravatar.com\/avatar\/c3a5b3c93f268a709c25a2df414c629a96fb3b1b4bf97a94fb3f72e54ae76903?s=96&d=mm&r=g","caption":"Reda\u00e7\u00e3o"},"url":"https:\/\/sudoesteacontece.com.br\/?author=4"}]}},"_links":{"self":[{"href":"https:\/\/sudoesteacontece.com.br\/index.php?rest_route=\/wp\/v2\/posts\/5814","targetHints":{"allow":["GET"]}}],"collection":[{"href":"https:\/\/sudoesteacontece.com.br\/index.php?rest_route=\/wp\/v2\/posts"}],"about":[{"href":"https:\/\/sudoesteacontece.com.br\/index.php?rest_route=\/wp\/v2\/types\/post"}],"author":[{"embeddable":true,"href":"https:\/\/sudoesteacontece.com.br\/index.php?rest_route=\/wp\/v2\/users\/4"}],"replies":[{"embeddable":true,"href":"https:\/\/sudoesteacontece.com.br\/index.php?rest_route=%2Fwp%2Fv2%2Fcomments&post=5814"}],"version-history":[{"count":0,"href":"https:\/\/sudoesteacontece.com.br\/index.php?rest_route=\/wp\/v2\/posts\/5814\/revisions"}],"wp:featuredmedia":[{"embeddable":true,"href":"https:\/\/sudoesteacontece.com.br\/index.php?rest_route=\/wp\/v2\/media\/5829"}],"wp:attachment":[{"href":"https:\/\/sudoesteacontece.com.br\/index.php?rest_route=%2Fwp%2Fv2%2Fmedia&parent=5814"}],"wp:term":[{"taxonomy":"category","embeddable":true,"href":"https:\/\/sudoesteacontece.com.br\/index.php?rest_route=%2Fwp%2Fv2%2Fcategories&post=5814"},{"taxonomy":"post_tag","embeddable":true,"href":"https:\/\/sudoesteacontece.com.br\/index.php?rest_route=%2Fwp%2Fv2%2Ftags&post=5814"}],"curies":[{"name":"wp","href":"https:\/\/api.w.org\/{rel}","templated":true}]}}