{"id":5818,"date":"2026-01-10T13:51:24","date_gmt":"2026-01-10T16:51:24","guid":{"rendered":"https:\/\/sudoesteacontece.com.br\/?p=5818"},"modified":"2026-01-10T13:51:26","modified_gmt":"2026-01-10T16:51:26","slug":"aldo-rebelo-marca-lancamento-de-pre-candidatura-ao-planalto-e-cita-trajetoria-politica-plural","status":"publish","type":"post","link":"https:\/\/sudoesteacontece.com.br\/?p=5818","title":{"rendered":"Aldo Rebelo marca lan\u00e7amento de pr\u00e9-candidatura ao Planalto e cita trajet\u00f3ria pol\u00edtica plural"},"content":{"rendered":"<div class=\"wp-block-image\">\n<figure class=\"aligncenter size-full\"><img fetchpriority=\"high\" decoding=\"async\" width=\"900\" height=\"600\" src=\"http:\/\/sudoesteacontece.com.br\/wp-content\/uploads\/2026\/01\/Aldo-Rebelo-sudoeste-acontece.jpg\" alt=\"\" class=\"wp-image-5834\" srcset=\"https:\/\/sudoesteacontece.com.br\/wp-content\/uploads\/2026\/01\/Aldo-Rebelo-sudoeste-acontece.jpg 900w, https:\/\/sudoesteacontece.com.br\/wp-content\/uploads\/2026\/01\/Aldo-Rebelo-sudoeste-acontece-300x200.jpg 300w, https:\/\/sudoesteacontece.com.br\/wp-content\/uploads\/2026\/01\/Aldo-Rebelo-sudoeste-acontece-768x512.jpg 768w\" sizes=\"(max-width: 900px) 100vw, 900px\" \/><\/figure>\n<\/div>\n\n\n<p>O ex-ministro dos governos Lula e Dilma Rousseff, Aldo Rebelo, anunciou que lan\u00e7ar\u00e1 sua pr\u00e9-candidatura \u00e0 Presid\u00eancia da Rep\u00fablica no dia 31 de janeiro. O ato p\u00fablico est\u00e1 marcado para S\u00e3o Paulo e ser\u00e1 realizado pelo partido Democracia Crist\u00e3 (DC), legenda \u00e0 qual o pol\u00edtico \u00e9 filiado atualmente.<\/p>\n\n\n\n<p>A decis\u00e3o foi divulgada na sexta-feira (9) e refor\u00e7ada neste s\u00e1bado (10), quando Rebelo publicou um v\u00eddeo nas redes sociais. Na grava\u00e7\u00e3o, ele relembra a pr\u00f3pria trajet\u00f3ria pol\u00edtica e se define como plural, destacando passagens que v\u00e3o da milit\u00e2ncia comunista ao di\u00e1logo com setores da direita.<\/p>\n\n\n\n<p>No v\u00eddeo, Rebelo afirmou ter se filiado ao PCdoB nos anos 1970, per\u00edodo em que, segundo ele, a esquerda defendia uma agenda nacionalista, democr\u00e1tica e voltada \u00e0 redu\u00e7\u00e3o das desigualdades sociais. O ex-ministro destacou que esse contexto marcou sua forma\u00e7\u00e3o pol\u00edtica inicial.<\/p>\n\n\n\n<p>Desde ent\u00e3o, Aldo Rebelo passou por diferentes partidos. Ele deixou o PCdoB em 2017, filiou-se ao PSB, Solidariedade, PDT e MDB, at\u00e9 chegar ao Democracia Crist\u00e3. A movimenta\u00e7\u00e3o partid\u00e1ria reflete mudan\u00e7as de posicionamento ao longo da carreira.<\/p>\n\n\n\n<p>Nos \u00faltimos anos, o pol\u00edtico se afastou da esquerda tradicional e se aproximou do bolsonarismo, ampliando o di\u00e1logo com grupos conservadores. Agora, aposta nesse hist\u00f3rico diversificado como base para disputar o Pal\u00e1cio do Planalto.<\/p>\n","protected":false},"excerpt":{"rendered":"<p>O ex-ministro dos governos Lula e Dilma Rousseff, Aldo Rebelo, anunciou que lan\u00e7ar\u00e1 sua pr\u00e9-candidatura \u00e0 Presid\u00eancia da Rep\u00fablica no dia 31 de janeiro. O ato p\u00fablico est\u00e1 marcado para S\u00e3o Paulo e ser\u00e1 realizado pelo partido Democracia Crist\u00e3 (DC), legenda \u00e0 qual o pol\u00edtico \u00e9 filiado atualmente. A decis\u00e3o foi divulgada na sexta-feira (9) e refor\u00e7ada neste s\u00e1bado (10), quando Rebelo publicou um v\u00eddeo nas redes sociais. Na grava\u00e7\u00e3o, ele relembra a pr\u00f3pria trajet\u00f3ria pol\u00edtica e se define como plural, destacando passagens que v\u00e3o da milit\u00e2ncia comunista ao di\u00e1logo com setores da direita. No v\u00eddeo, Rebelo afirmou ter se filiado ao PCdoB nos anos 1970, per\u00edodo em que, segundo ele, a esquerda defendia uma agenda nacionalista, democr\u00e1tica e voltada \u00e0 redu\u00e7\u00e3o das desigualdades sociais. O ex-ministro destacou que esse contexto marcou sua forma\u00e7\u00e3o pol\u00edtica inicial. Desde ent\u00e3o, Aldo Rebelo passou por diferentes partidos. Ele deixou o PCdoB em 2017, filiou-se ao PSB, Solidariedade, PDT e MDB, at\u00e9 chegar ao Democracia Crist\u00e3. A movimenta\u00e7\u00e3o partid\u00e1ria reflete mudan\u00e7as de posicionamento ao longo da carreira. Nos \u00faltimos anos, o pol\u00edtico se afastou da esquerda tradicional e se aproximou do bolsonarismo, ampliando o di\u00e1logo com grupos conservadores. Agora, aposta nesse hist\u00f3rico diversificado como base para disputar o Pal\u00e1cio do Planalto.<\/p>\n","protected":false},"author":4,"featured_media":5834,"comment_status":"open","ping_status":"open","sticky":false,"template":"","format":"standard","meta":{"footnotes":""},"categories":[53,58,6],"tags":[],"class_list":["post-5818","post","type-post","status-publish","format-standard","has-post-thumbnail","hentry","category-brasil","category-eleicoes-2026","category-politica"],"yoast_head":"<!-- This site is optimized with the Yoast SEO plugin v26.5 - https:\/\/yoast.com\/wordpress\/plugins\/seo\/ -->\n<title>Aldo Rebelo marca lan\u00e7amento de pr\u00e9-candidatura ao Planalto e cita trajet\u00f3ria pol\u00edtica plural - Sudoesteacontece<\/title>\n<meta name=\"robots\" content=\"index, follow, max-snippet:-1, max-image-preview:large, max-video-preview:-1\" \/>\n<link rel=\"canonical\" href=\"https:\/\/sudoesteacontece.com.br\/?p=5818\" \/>\n<meta property=\"og:locale\" content=\"pt_BR\" \/>\n<meta property=\"og:type\" content=\"article\" \/>\n<meta property=\"og:title\" content=\"Aldo Rebelo marca lan\u00e7amento de pr\u00e9-candidatura ao Planalto e cita trajet\u00f3ria pol\u00edtica plural - Sudoesteacontece\" \/>\n<meta property=\"og:description\" content=\"O ex-ministro dos governos Lula e Dilma Rousseff, Aldo Rebelo, anunciou que lan\u00e7ar\u00e1 sua pr\u00e9-candidatura \u00e0 Presid\u00eancia da Rep\u00fablica no dia 31 de janeiro. O ato p\u00fablico est\u00e1 marcado para S\u00e3o Paulo e ser\u00e1 realizado pelo partido Democracia Crist\u00e3 (DC), legenda \u00e0 qual o pol\u00edtico \u00e9 filiado atualmente. A decis\u00e3o foi divulgada na sexta-feira (9) e refor\u00e7ada neste s\u00e1bado (10), quando Rebelo publicou um v\u00eddeo nas redes sociais. Na grava\u00e7\u00e3o, ele relembra a pr\u00f3pria trajet\u00f3ria pol\u00edtica e se define como plural, destacando passagens que v\u00e3o da milit\u00e2ncia comunista ao di\u00e1logo com setores da direita. No v\u00eddeo, Rebelo afirmou ter se filiado ao PCdoB nos anos 1970, per\u00edodo em que, segundo ele, a esquerda defendia uma agenda nacionalista, democr\u00e1tica e voltada \u00e0 redu\u00e7\u00e3o das desigualdades sociais. O ex-ministro destacou que esse contexto marcou sua forma\u00e7\u00e3o pol\u00edtica inicial. Desde ent\u00e3o, Aldo Rebelo passou por diferentes partidos. Ele deixou o PCdoB em 2017, filiou-se ao PSB, Solidariedade, PDT e MDB, at\u00e9 chegar ao Democracia Crist\u00e3. A movimenta\u00e7\u00e3o partid\u00e1ria reflete mudan\u00e7as de posicionamento ao longo da carreira. Nos \u00faltimos anos, o pol\u00edtico se afastou da esquerda tradicional e se aproximou do bolsonarismo, ampliando o di\u00e1logo com grupos conservadores. Agora, aposta nesse hist\u00f3rico diversificado como base para disputar o Pal\u00e1cio do Planalto.\" \/>\n<meta property=\"og:url\" content=\"https:\/\/sudoesteacontece.com.br\/?p=5818\" \/>\n<meta property=\"og:site_name\" content=\"Sudoesteacontece\" \/>\n<meta property=\"article:publisher\" content=\"https:\/\/www.facebook.com\/sudoesteacontece\/?locale=pt_BR\" \/>\n<meta property=\"article:published_time\" content=\"2026-01-10T16:51:24+00:00\" \/>\n<meta property=\"article:modified_time\" content=\"2026-01-10T16:51:26+00:00\" \/>\n<meta property=\"og:image\" content=\"https:\/\/sudoesteacontece.com.br\/wp-content\/uploads\/2026\/01\/Aldo-Rebelo-sudoeste-acontece.jpg\" \/>\n\t<meta property=\"og:image:width\" content=\"900\" \/>\n\t<meta property=\"og:image:height\" content=\"600\" \/>\n\t<meta property=\"og:image:type\" content=\"image\/jpeg\" \/>\n<meta name=\"author\" content=\"Reda\u00e7\u00e3o\" \/>\n<meta name=\"twitter:card\" content=\"summary_large_image\" \/>\n<meta name=\"twitter:label1\" content=\"Escrito por\" \/>\n\t<meta name=\"twitter:data1\" content=\"Reda\u00e7\u00e3o\" \/>\n\t<meta name=\"twitter:label2\" content=\"Est. tempo de leitura\" \/>\n\t<meta name=\"twitter:data2\" content=\"2 minutos\" \/>\n<script type=\"application\/ld+json\" class=\"yoast-schema-graph\">{\"@context\":\"https:\/\/schema.org\",\"@graph\":[{\"@type\":\"Article\",\"@id\":\"https:\/\/sudoesteacontece.com.br\/?p=5818#article\",\"isPartOf\":{\"@id\":\"https:\/\/sudoesteacontece.com.br\/?p=5818\"},\"author\":{\"name\":\"Reda\u00e7\u00e3o\",\"@id\":\"https:\/\/sudoesteacontece.com.br\/#\/schema\/person\/a4f22429c1d0923ef8f7d43343f8dc38\"},\"headline\":\"Aldo Rebelo marca lan\u00e7amento de pr\u00e9-candidatura ao Planalto e cita trajet\u00f3ria pol\u00edtica plural\",\"datePublished\":\"2026-01-10T16:51:24+00:00\",\"dateModified\":\"2026-01-10T16:51:26+00:00\",\"mainEntityOfPage\":{\"@id\":\"https:\/\/sudoesteacontece.com.br\/?p=5818\"},\"wordCount\":247,\"commentCount\":0,\"publisher\":{\"@id\":\"https:\/\/sudoesteacontece.com.br\/#organization\"},\"image\":{\"@id\":\"https:\/\/sudoesteacontece.com.br\/?p=5818#primaryimage\"},\"thumbnailUrl\":\"https:\/\/sudoesteacontece.com.br\/wp-content\/uploads\/2026\/01\/Aldo-Rebelo-sudoeste-acontece.jpg\",\"articleSection\":[\"Brasil\",\"Elei\u00e7\u00f5es 2026\",\"Pol\u00edtica\"],\"inLanguage\":\"pt-BR\",\"potentialAction\":[{\"@type\":\"CommentAction\",\"name\":\"Comment\",\"target\":[\"https:\/\/sudoesteacontece.com.br\/?p=5818#respond\"]}]},{\"@type\":\"WebPage\",\"@id\":\"https:\/\/sudoesteacontece.com.br\/?p=5818\",\"url\":\"https:\/\/sudoesteacontece.com.br\/?p=5818\",\"name\":\"Aldo Rebelo marca lan\u00e7amento de pr\u00e9-candidatura ao Planalto e cita trajet\u00f3ria pol\u00edtica plural - Sudoesteacontece\",\"isPartOf\":{\"@id\":\"https:\/\/sudoesteacontece.com.br\/#website\"},\"primaryImageOfPage\":{\"@id\":\"https:\/\/sudoesteacontece.com.br\/?p=5818#primaryimage\"},\"image\":{\"@id\":\"https:\/\/sudoesteacontece.com.br\/?p=5818#primaryimage\"},\"thumbnailUrl\":\"https:\/\/sudoesteacontece.com.br\/wp-content\/uploads\/2026\/01\/Aldo-Rebelo-sudoeste-acontece.jpg\",\"datePublished\":\"2026-01-10T16:51:24+00:00\",\"dateModified\":\"2026-01-10T16:51:26+00:00\",\"breadcrumb\":{\"@id\":\"https:\/\/sudoesteacontece.com.br\/?p=5818#breadcrumb\"},\"inLanguage\":\"pt-BR\",\"potentialAction\":[{\"@type\":\"ReadAction\",\"target\":[\"https:\/\/sudoesteacontece.com.br\/?p=5818\"]}]},{\"@type\":\"ImageObject\",\"inLanguage\":\"pt-BR\",\"@id\":\"https:\/\/sudoesteacontece.com.br\/?p=5818#primaryimage\",\"url\":\"https:\/\/sudoesteacontece.com.br\/wp-content\/uploads\/2026\/01\/Aldo-Rebelo-sudoeste-acontece.jpg\",\"contentUrl\":\"https:\/\/sudoesteacontece.com.br\/wp-content\/uploads\/2026\/01\/Aldo-Rebelo-sudoeste-acontece.jpg\",\"width\":900,\"height\":600},{\"@type\":\"BreadcrumbList\",\"@id\":\"https:\/\/sudoesteacontece.com.br\/?p=5818#breadcrumb\",\"itemListElement\":[{\"@type\":\"ListItem\",\"position\":1,\"name\":\"In\u00edcio\",\"item\":\"https:\/\/sudoesteacontece.com.br\/\"},{\"@type\":\"ListItem\",\"position\":2,\"name\":\"Aldo Rebelo marca lan\u00e7amento de pr\u00e9-candidatura ao Planalto e cita trajet\u00f3ria pol\u00edtica plural\"}]},{\"@type\":\"WebSite\",\"@id\":\"https:\/\/sudoesteacontece.com.br\/#website\",\"url\":\"https:\/\/sudoesteacontece.com.br\/\",\"name\":\"Sudoesteacontece\",\"description\":\"\",\"publisher\":{\"@id\":\"https:\/\/sudoesteacontece.com.br\/#organization\"},\"potentialAction\":[{\"@type\":\"SearchAction\",\"target\":{\"@type\":\"EntryPoint\",\"urlTemplate\":\"https:\/\/sudoesteacontece.com.br\/?s={search_term_string}\"},\"query-input\":{\"@type\":\"PropertyValueSpecification\",\"valueRequired\":true,\"valueName\":\"search_term_string\"}}],\"inLanguage\":\"pt-BR\"},{\"@type\":\"Organization\",\"@id\":\"https:\/\/sudoesteacontece.com.br\/#organization\",\"name\":\"Sudoesteacontece\",\"url\":\"https:\/\/sudoesteacontece.com.br\/\",\"logo\":{\"@type\":\"ImageObject\",\"inLanguage\":\"pt-BR\",\"@id\":\"https:\/\/sudoesteacontece.com.br\/#\/schema\/logo\/image\/\",\"url\":\"https:\/\/sudoesteacontece.com.br\/wp-content\/uploads\/2025\/12\/cropped-logo-2-180x180-1.png\",\"contentUrl\":\"https:\/\/sudoesteacontece.com.br\/wp-content\/uploads\/2025\/12\/cropped-logo-2-180x180-1.png\",\"width\":180,\"height\":180,\"caption\":\"Sudoesteacontece\"},\"image\":{\"@id\":\"https:\/\/sudoesteacontece.com.br\/#\/schema\/logo\/image\/\"},\"sameAs\":[\"https:\/\/www.facebook.com\/sudoesteacontece\/?locale=pt_BR\"]},{\"@type\":\"Person\",\"@id\":\"https:\/\/sudoesteacontece.com.br\/#\/schema\/person\/a4f22429c1d0923ef8f7d43343f8dc38\",\"name\":\"Reda\u00e7\u00e3o\",\"image\":{\"@type\":\"ImageObject\",\"inLanguage\":\"pt-BR\",\"@id\":\"https:\/\/sudoesteacontece.com.br\/#\/schema\/person\/image\/\",\"url\":\"https:\/\/secure.gravatar.com\/avatar\/c3a5b3c93f268a709c25a2df414c629a96fb3b1b4bf97a94fb3f72e54ae76903?s=96&d=mm&r=g\",\"contentUrl\":\"https:\/\/secure.gravatar.com\/avatar\/c3a5b3c93f268a709c25a2df414c629a96fb3b1b4bf97a94fb3f72e54ae76903?s=96&d=mm&r=g\",\"caption\":\"Reda\u00e7\u00e3o\"},\"url\":\"https:\/\/sudoesteacontece.com.br\/?author=4\"}]}<\/script>\n<!-- \/ Yoast SEO plugin. -->","yoast_head_json":{"title":"Aldo Rebelo marca lan\u00e7amento de pr\u00e9-candidatura ao Planalto e cita trajet\u00f3ria pol\u00edtica plural - Sudoesteacontece","robots":{"index":"index","follow":"follow","max-snippet":"max-snippet:-1","max-image-preview":"max-image-preview:large","max-video-preview":"max-video-preview:-1"},"canonical":"https:\/\/sudoesteacontece.com.br\/?p=5818","og_locale":"pt_BR","og_type":"article","og_title":"Aldo Rebelo marca lan\u00e7amento de pr\u00e9-candidatura ao Planalto e cita trajet\u00f3ria pol\u00edtica plural - Sudoesteacontece","og_description":"O ex-ministro dos governos Lula e Dilma Rousseff, Aldo Rebelo, anunciou que lan\u00e7ar\u00e1 sua pr\u00e9-candidatura \u00e0 Presid\u00eancia da Rep\u00fablica no dia 31 de janeiro. O ato p\u00fablico est\u00e1 marcado para S\u00e3o Paulo e ser\u00e1 realizado pelo partido Democracia Crist\u00e3 (DC), legenda \u00e0 qual o pol\u00edtico \u00e9 filiado atualmente. A decis\u00e3o foi divulgada na sexta-feira (9) e refor\u00e7ada neste s\u00e1bado (10), quando Rebelo publicou um v\u00eddeo nas redes sociais. Na grava\u00e7\u00e3o, ele relembra a pr\u00f3pria trajet\u00f3ria pol\u00edtica e se define como plural, destacando passagens que v\u00e3o da milit\u00e2ncia comunista ao di\u00e1logo com setores da direita. No v\u00eddeo, Rebelo afirmou ter se filiado ao PCdoB nos anos 1970, per\u00edodo em que, segundo ele, a esquerda defendia uma agenda nacionalista, democr\u00e1tica e voltada \u00e0 redu\u00e7\u00e3o das desigualdades sociais. O ex-ministro destacou que esse contexto marcou sua forma\u00e7\u00e3o pol\u00edtica inicial. Desde ent\u00e3o, Aldo Rebelo passou por diferentes partidos. Ele deixou o PCdoB em 2017, filiou-se ao PSB, Solidariedade, PDT e MDB, at\u00e9 chegar ao Democracia Crist\u00e3. A movimenta\u00e7\u00e3o partid\u00e1ria reflete mudan\u00e7as de posicionamento ao longo da carreira. Nos \u00faltimos anos, o pol\u00edtico se afastou da esquerda tradicional e se aproximou do bolsonarismo, ampliando o di\u00e1logo com grupos conservadores. Agora, aposta nesse hist\u00f3rico diversificado como base para disputar o Pal\u00e1cio do Planalto.","og_url":"https:\/\/sudoesteacontece.com.br\/?p=5818","og_site_name":"Sudoesteacontece","article_publisher":"https:\/\/www.facebook.com\/sudoesteacontece\/?locale=pt_BR","article_published_time":"2026-01-10T16:51:24+00:00","article_modified_time":"2026-01-10T16:51:26+00:00","og_image":[{"width":900,"height":600,"url":"https:\/\/sudoesteacontece.com.br\/wp-content\/uploads\/2026\/01\/Aldo-Rebelo-sudoeste-acontece.jpg","type":"image\/jpeg"}],"author":"Reda\u00e7\u00e3o","twitter_card":"summary_large_image","twitter_misc":{"Escrito por":"Reda\u00e7\u00e3o","Est. tempo de leitura":"2 minutos"},"schema":{"@context":"https:\/\/schema.org","@graph":[{"@type":"Article","@id":"https:\/\/sudoesteacontece.com.br\/?p=5818#article","isPartOf":{"@id":"https:\/\/sudoesteacontece.com.br\/?p=5818"},"author":{"name":"Reda\u00e7\u00e3o","@id":"https:\/\/sudoesteacontece.com.br\/#\/schema\/person\/a4f22429c1d0923ef8f7d43343f8dc38"},"headline":"Aldo Rebelo marca lan\u00e7amento de pr\u00e9-candidatura ao Planalto e cita trajet\u00f3ria pol\u00edtica plural","datePublished":"2026-01-10T16:51:24+00:00","dateModified":"2026-01-10T16:51:26+00:00","mainEntityOfPage":{"@id":"https:\/\/sudoesteacontece.com.br\/?p=5818"},"wordCount":247,"commentCount":0,"publisher":{"@id":"https:\/\/sudoesteacontece.com.br\/#organization"},"image":{"@id":"https:\/\/sudoesteacontece.com.br\/?p=5818#primaryimage"},"thumbnailUrl":"https:\/\/sudoesteacontece.com.br\/wp-content\/uploads\/2026\/01\/Aldo-Rebelo-sudoeste-acontece.jpg","articleSection":["Brasil","Elei\u00e7\u00f5es 2026","Pol\u00edtica"],"inLanguage":"pt-BR","potentialAction":[{"@type":"CommentAction","name":"Comment","target":["https:\/\/sudoesteacontece.com.br\/?p=5818#respond"]}]},{"@type":"WebPage","@id":"https:\/\/sudoesteacontece.com.br\/?p=5818","url":"https:\/\/sudoesteacontece.com.br\/?p=5818","name":"Aldo Rebelo marca lan\u00e7amento de pr\u00e9-candidatura ao Planalto e cita trajet\u00f3ria pol\u00edtica plural - Sudoesteacontece","isPartOf":{"@id":"https:\/\/sudoesteacontece.com.br\/#website"},"primaryImageOfPage":{"@id":"https:\/\/sudoesteacontece.com.br\/?p=5818#primaryimage"},"image":{"@id":"https:\/\/sudoesteacontece.com.br\/?p=5818#primaryimage"},"thumbnailUrl":"https:\/\/sudoesteacontece.com.br\/wp-content\/uploads\/2026\/01\/Aldo-Rebelo-sudoeste-acontece.jpg","datePublished":"2026-01-10T16:51:24+00:00","dateModified":"2026-01-10T16:51:26+00:00","breadcrumb":{"@id":"https:\/\/sudoesteacontece.com.br\/?p=5818#breadcrumb"},"inLanguage":"pt-BR","potentialAction":[{"@type":"ReadAction","target":["https:\/\/sudoesteacontece.com.br\/?p=5818"]}]},{"@type":"ImageObject","inLanguage":"pt-BR","@id":"https:\/\/sudoesteacontece.com.br\/?p=5818#primaryimage","url":"https:\/\/sudoesteacontece.com.br\/wp-content\/uploads\/2026\/01\/Aldo-Rebelo-sudoeste-acontece.jpg","contentUrl":"https:\/\/sudoesteacontece.com.br\/wp-content\/uploads\/2026\/01\/Aldo-Rebelo-sudoeste-acontece.jpg","width":900,"height":600},{"@type":"BreadcrumbList","@id":"https:\/\/sudoesteacontece.com.br\/?p=5818#breadcrumb","itemListElement":[{"@type":"ListItem","position":1,"name":"In\u00edcio","item":"https:\/\/sudoesteacontece.com.br\/"},{"@type":"ListItem","position":2,"name":"Aldo Rebelo marca lan\u00e7amento de pr\u00e9-candidatura ao Planalto e cita trajet\u00f3ria pol\u00edtica plural"}]},{"@type":"WebSite","@id":"https:\/\/sudoesteacontece.com.br\/#website","url":"https:\/\/sudoesteacontece.com.br\/","name":"Sudoesteacontece","description":"","publisher":{"@id":"https:\/\/sudoesteacontece.com.br\/#organization"},"potentialAction":[{"@type":"SearchAction","target":{"@type":"EntryPoint","urlTemplate":"https:\/\/sudoesteacontece.com.br\/?s={search_term_string}"},"query-input":{"@type":"PropertyValueSpecification","valueRequired":true,"valueName":"search_term_string"}}],"inLanguage":"pt-BR"},{"@type":"Organization","@id":"https:\/\/sudoesteacontece.com.br\/#organization","name":"Sudoesteacontece","url":"https:\/\/sudoesteacontece.com.br\/","logo":{"@type":"ImageObject","inLanguage":"pt-BR","@id":"https:\/\/sudoesteacontece.com.br\/#\/schema\/logo\/image\/","url":"https:\/\/sudoesteacontece.com.br\/wp-content\/uploads\/2025\/12\/cropped-logo-2-180x180-1.png","contentUrl":"https:\/\/sudoesteacontece.com.br\/wp-content\/uploads\/2025\/12\/cropped-logo-2-180x180-1.png","width":180,"height":180,"caption":"Sudoesteacontece"},"image":{"@id":"https:\/\/sudoesteacontece.com.br\/#\/schema\/logo\/image\/"},"sameAs":["https:\/\/www.facebook.com\/sudoesteacontece\/?locale=pt_BR"]},{"@type":"Person","@id":"https:\/\/sudoesteacontece.com.br\/#\/schema\/person\/a4f22429c1d0923ef8f7d43343f8dc38","name":"Reda\u00e7\u00e3o","image":{"@type":"ImageObject","inLanguage":"pt-BR","@id":"https:\/\/sudoesteacontece.com.br\/#\/schema\/person\/image\/","url":"https:\/\/secure.gravatar.com\/avatar\/c3a5b3c93f268a709c25a2df414c629a96fb3b1b4bf97a94fb3f72e54ae76903?s=96&d=mm&r=g","contentUrl":"https:\/\/secure.gravatar.com\/avatar\/c3a5b3c93f268a709c25a2df414c629a96fb3b1b4bf97a94fb3f72e54ae76903?s=96&d=mm&r=g","caption":"Reda\u00e7\u00e3o"},"url":"https:\/\/sudoesteacontece.com.br\/?author=4"}]}},"_links":{"self":[{"href":"https:\/\/sudoesteacontece.com.br\/index.php?rest_route=\/wp\/v2\/posts\/5818","targetHints":{"allow":["GET"]}}],"collection":[{"href":"https:\/\/sudoesteacontece.com.br\/index.php?rest_route=\/wp\/v2\/posts"}],"about":[{"href":"https:\/\/sudoesteacontece.com.br\/index.php?rest_route=\/wp\/v2\/types\/post"}],"author":[{"embeddable":true,"href":"https:\/\/sudoesteacontece.com.br\/index.php?rest_route=\/wp\/v2\/users\/4"}],"replies":[{"embeddable":true,"href":"https:\/\/sudoesteacontece.com.br\/index.php?rest_route=%2Fwp%2Fv2%2Fcomments&post=5818"}],"version-history":[{"count":0,"href":"https:\/\/sudoesteacontece.com.br\/index.php?rest_route=\/wp\/v2\/posts\/5818\/revisions"}],"wp:featuredmedia":[{"embeddable":true,"href":"https:\/\/sudoesteacontece.com.br\/index.php?rest_route=\/wp\/v2\/media\/5834"}],"wp:attachment":[{"href":"https:\/\/sudoesteacontece.com.br\/index.php?rest_route=%2Fwp%2Fv2%2Fmedia&parent=5818"}],"wp:term":[{"taxonomy":"category","embeddable":true,"href":"https:\/\/sudoesteacontece.com.br\/index.php?rest_route=%2Fwp%2Fv2%2Fcategories&post=5818"},{"taxonomy":"post_tag","embeddable":true,"href":"https:\/\/sudoesteacontece.com.br\/index.php?rest_route=%2Fwp%2Fv2%2Ftags&post=5818"}],"curies":[{"name":"wp","href":"https:\/\/api.w.org\/{rel}","templated":true}]}}