{"id":5837,"date":"2026-01-11T17:50:27","date_gmt":"2026-01-11T20:50:27","guid":{"rendered":"https:\/\/sudoesteacontece.com.br\/?p=5837"},"modified":"2026-01-11T17:50:29","modified_gmt":"2026-01-11T20:50:29","slug":"homem-e-encontrado-morto-em-barra-da-estiva-policia-apura-possivel-suicidio","status":"publish","type":"post","link":"https:\/\/sudoesteacontece.com.br\/?p=5837","title":{"rendered":"Homem \u00e9 encontrado morto em Barra da Estiva; pol\u00edcia apura poss\u00edvel suic\u00eddio"},"content":{"rendered":"<div class=\"wp-block-image\">\n<figure class=\"aligncenter size-full\"><img fetchpriority=\"high\" decoding=\"async\" width=\"900\" height=\"600\" src=\"http:\/\/sudoesteacontece.com.br\/wp-content\/uploads\/2026\/01\/Homem-e-encontrado-morto-em-Barra-da-Estiva-policia-apura-possivel-suicidio-sudoeste-acontece.jpg\" alt=\"\" class=\"wp-image-5849\" srcset=\"https:\/\/sudoesteacontece.com.br\/wp-content\/uploads\/2026\/01\/Homem-e-encontrado-morto-em-Barra-da-Estiva-policia-apura-possivel-suicidio-sudoeste-acontece.jpg 900w, https:\/\/sudoesteacontece.com.br\/wp-content\/uploads\/2026\/01\/Homem-e-encontrado-morto-em-Barra-da-Estiva-policia-apura-possivel-suicidio-sudoeste-acontece-300x200.jpg 300w, https:\/\/sudoesteacontece.com.br\/wp-content\/uploads\/2026\/01\/Homem-e-encontrado-morto-em-Barra-da-Estiva-policia-apura-possivel-suicidio-sudoeste-acontece-768x512.jpg 768w\" sizes=\"(max-width: 900px) 100vw, 900px\" \/><\/figure>\n<\/div>\n\n\n<p>Um homem foi encontrado morto na manh\u00e3 deste s\u00e1bado (10) em Barra da Estiva, no sudoeste da Bahia. O caso ocorreu por volta das 9h, em uma resid\u00eancia no Bairro do Abrigo, regi\u00e3o do Recreio, \u00e1rea urbana do munic\u00edpio. Moradores relataram gritos vindos da casa, o que levou familiares a acionarem a Pol\u00edcia Militar e mobilizarem a vizinhan\u00e7a em busca de socorro imediato.<\/p>\n\n\n\n<p>Segundo a Pol\u00edcia Militar, ao chegar ao endere\u00e7o, equipes foram informadas de que parentes haviam levado a v\u00edtima \u00e0s pressas para o hospital municipal. Vizinhos disseram que o homem estava desacordado no im\u00f3vel. Apesar da tentativa de atendimento, a unidade de sa\u00fade confirmou que ele j\u00e1 chegou sem sinais vitais, o que refor\u00e7ou a necessidade de investiga\u00e7\u00e3o formal do ocorrido.<\/p>\n\n\n\n<p>A v\u00edtima foi identificada como Jairlan Rene Ribeiro da Silva, morador do pr\u00f3prio Bairro do Abrigo. O corpo foi encaminhado ao Instituto M\u00e9dico Legal (IML) de Brumado para exames. As circunst\u00e2ncias da morte ser\u00e3o apuradas pelas autoridades competentes, que n\u00e3o divulgaram detalhes adicionais enquanto o caso segue sob investiga\u00e7\u00e3o.<\/p>\n","protected":false},"excerpt":{"rendered":"<p>Um homem foi encontrado morto na manh\u00e3 deste s\u00e1bado (10) em Barra da Estiva, no sudoeste da Bahia. O caso ocorreu por volta das 9h, em uma resid\u00eancia no Bairro do Abrigo, regi\u00e3o do Recreio, \u00e1rea urbana do munic\u00edpio. Moradores relataram gritos vindos da casa, o que levou familiares a acionarem a Pol\u00edcia Militar e mobilizarem a vizinhan\u00e7a em busca de socorro imediato. Segundo a Pol\u00edcia Militar, ao chegar ao endere\u00e7o, equipes foram informadas de que parentes haviam levado a v\u00edtima \u00e0s pressas para o hospital municipal. Vizinhos disseram que o homem estava desacordado no im\u00f3vel. Apesar da tentativa de atendimento, a unidade de sa\u00fade confirmou que ele j\u00e1 chegou sem sinais vitais, o que refor\u00e7ou a necessidade de investiga\u00e7\u00e3o formal do ocorrido. A v\u00edtima foi identificada como Jairlan Rene Ribeiro da Silva, morador do pr\u00f3prio Bairro do Abrigo. O corpo foi encaminhado ao Instituto M\u00e9dico Legal (IML) de Brumado para exames. As circunst\u00e2ncias da morte ser\u00e3o apuradas pelas autoridades competentes, que n\u00e3o divulgaram detalhes adicionais enquanto o caso segue sob investiga\u00e7\u00e3o.<\/p>\n","protected":false},"author":4,"featured_media":5849,"comment_status":"open","ping_status":"open","sticky":false,"template":"","format":"standard","meta":{"footnotes":""},"categories":[70,4,3],"tags":[],"class_list":["post-5837","post","type-post","status-publish","format-standard","has-post-thumbnail","hentry","category-barra-da-estiva","category-cidades","category-policia"],"yoast_head":"<!-- This site is optimized with the Yoast SEO plugin v26.5 - https:\/\/yoast.com\/wordpress\/plugins\/seo\/ -->\n<title>Homem \u00e9 encontrado morto em Barra da Estiva; pol\u00edcia apura poss\u00edvel suic\u00eddio - Sudoesteacontece<\/title>\n<meta name=\"robots\" content=\"index, follow, max-snippet:-1, max-image-preview:large, max-video-preview:-1\" \/>\n<link rel=\"canonical\" href=\"https:\/\/sudoesteacontece.com.br\/?p=5837\" \/>\n<meta property=\"og:locale\" content=\"pt_BR\" \/>\n<meta property=\"og:type\" content=\"article\" \/>\n<meta property=\"og:title\" content=\"Homem \u00e9 encontrado morto em Barra da Estiva; pol\u00edcia apura poss\u00edvel suic\u00eddio - Sudoesteacontece\" \/>\n<meta property=\"og:description\" content=\"Um homem foi encontrado morto na manh\u00e3 deste s\u00e1bado (10) em Barra da Estiva, no sudoeste da Bahia. O caso ocorreu por volta das 9h, em uma resid\u00eancia no Bairro do Abrigo, regi\u00e3o do Recreio, \u00e1rea urbana do munic\u00edpio. Moradores relataram gritos vindos da casa, o que levou familiares a acionarem a Pol\u00edcia Militar e mobilizarem a vizinhan\u00e7a em busca de socorro imediato. Segundo a Pol\u00edcia Militar, ao chegar ao endere\u00e7o, equipes foram informadas de que parentes haviam levado a v\u00edtima \u00e0s pressas para o hospital municipal. Vizinhos disseram que o homem estava desacordado no im\u00f3vel. Apesar da tentativa de atendimento, a unidade de sa\u00fade confirmou que ele j\u00e1 chegou sem sinais vitais, o que refor\u00e7ou a necessidade de investiga\u00e7\u00e3o formal do ocorrido. A v\u00edtima foi identificada como Jairlan Rene Ribeiro da Silva, morador do pr\u00f3prio Bairro do Abrigo. O corpo foi encaminhado ao Instituto M\u00e9dico Legal (IML) de Brumado para exames. As circunst\u00e2ncias da morte ser\u00e3o apuradas pelas autoridades competentes, que n\u00e3o divulgaram detalhes adicionais enquanto o caso segue sob investiga\u00e7\u00e3o.\" \/>\n<meta property=\"og:url\" content=\"https:\/\/sudoesteacontece.com.br\/?p=5837\" \/>\n<meta property=\"og:site_name\" content=\"Sudoesteacontece\" \/>\n<meta property=\"article:publisher\" content=\"https:\/\/www.facebook.com\/sudoesteacontece\/?locale=pt_BR\" \/>\n<meta property=\"article:published_time\" content=\"2026-01-11T20:50:27+00:00\" \/>\n<meta property=\"article:modified_time\" content=\"2026-01-11T20:50:29+00:00\" \/>\n<meta property=\"og:image\" content=\"https:\/\/sudoesteacontece.com.br\/wp-content\/uploads\/2026\/01\/Homem-e-encontrado-morto-em-Barra-da-Estiva-policia-apura-possivel-suicidio-sudoeste-acontece.jpg\" \/>\n\t<meta property=\"og:image:width\" content=\"900\" \/>\n\t<meta property=\"og:image:height\" content=\"600\" \/>\n\t<meta property=\"og:image:type\" content=\"image\/jpeg\" \/>\n<meta name=\"author\" content=\"Reda\u00e7\u00e3o\" \/>\n<meta name=\"twitter:card\" content=\"summary_large_image\" \/>\n<meta name=\"twitter:label1\" content=\"Escrito por\" \/>\n\t<meta name=\"twitter:data1\" content=\"Reda\u00e7\u00e3o\" \/>\n\t<meta name=\"twitter:label2\" content=\"Est. tempo de leitura\" \/>\n\t<meta name=\"twitter:data2\" content=\"2 minutos\" \/>\n<script type=\"application\/ld+json\" class=\"yoast-schema-graph\">{\"@context\":\"https:\/\/schema.org\",\"@graph\":[{\"@type\":\"Article\",\"@id\":\"https:\/\/sudoesteacontece.com.br\/?p=5837#article\",\"isPartOf\":{\"@id\":\"https:\/\/sudoesteacontece.com.br\/?p=5837\"},\"author\":{\"name\":\"Reda\u00e7\u00e3o\",\"@id\":\"https:\/\/sudoesteacontece.com.br\/#\/schema\/person\/a4f22429c1d0923ef8f7d43343f8dc38\"},\"headline\":\"Homem \u00e9 encontrado morto em Barra da Estiva; pol\u00edcia apura poss\u00edvel suic\u00eddio\",\"datePublished\":\"2026-01-11T20:50:27+00:00\",\"dateModified\":\"2026-01-11T20:50:29+00:00\",\"mainEntityOfPage\":{\"@id\":\"https:\/\/sudoesteacontece.com.br\/?p=5837\"},\"wordCount\":205,\"commentCount\":0,\"publisher\":{\"@id\":\"https:\/\/sudoesteacontece.com.br\/#organization\"},\"image\":{\"@id\":\"https:\/\/sudoesteacontece.com.br\/?p=5837#primaryimage\"},\"thumbnailUrl\":\"https:\/\/sudoesteacontece.com.br\/wp-content\/uploads\/2026\/01\/Homem-e-encontrado-morto-em-Barra-da-Estiva-policia-apura-possivel-suicidio-sudoeste-acontece.jpg\",\"articleSection\":[\"Barra da Estiva\",\"Cidades\",\"Pol\u00edcia\"],\"inLanguage\":\"pt-BR\",\"potentialAction\":[{\"@type\":\"CommentAction\",\"name\":\"Comment\",\"target\":[\"https:\/\/sudoesteacontece.com.br\/?p=5837#respond\"]}]},{\"@type\":\"WebPage\",\"@id\":\"https:\/\/sudoesteacontece.com.br\/?p=5837\",\"url\":\"https:\/\/sudoesteacontece.com.br\/?p=5837\",\"name\":\"Homem \u00e9 encontrado morto em Barra da Estiva; pol\u00edcia apura poss\u00edvel suic\u00eddio - Sudoesteacontece\",\"isPartOf\":{\"@id\":\"https:\/\/sudoesteacontece.com.br\/#website\"},\"primaryImageOfPage\":{\"@id\":\"https:\/\/sudoesteacontece.com.br\/?p=5837#primaryimage\"},\"image\":{\"@id\":\"https:\/\/sudoesteacontece.com.br\/?p=5837#primaryimage\"},\"thumbnailUrl\":\"https:\/\/sudoesteacontece.com.br\/wp-content\/uploads\/2026\/01\/Homem-e-encontrado-morto-em-Barra-da-Estiva-policia-apura-possivel-suicidio-sudoeste-acontece.jpg\",\"datePublished\":\"2026-01-11T20:50:27+00:00\",\"dateModified\":\"2026-01-11T20:50:29+00:00\",\"breadcrumb\":{\"@id\":\"https:\/\/sudoesteacontece.com.br\/?p=5837#breadcrumb\"},\"inLanguage\":\"pt-BR\",\"potentialAction\":[{\"@type\":\"ReadAction\",\"target\":[\"https:\/\/sudoesteacontece.com.br\/?p=5837\"]}]},{\"@type\":\"ImageObject\",\"inLanguage\":\"pt-BR\",\"@id\":\"https:\/\/sudoesteacontece.com.br\/?p=5837#primaryimage\",\"url\":\"https:\/\/sudoesteacontece.com.br\/wp-content\/uploads\/2026\/01\/Homem-e-encontrado-morto-em-Barra-da-Estiva-policia-apura-possivel-suicidio-sudoeste-acontece.jpg\",\"contentUrl\":\"https:\/\/sudoesteacontece.com.br\/wp-content\/uploads\/2026\/01\/Homem-e-encontrado-morto-em-Barra-da-Estiva-policia-apura-possivel-suicidio-sudoeste-acontece.jpg\",\"width\":900,\"height\":600},{\"@type\":\"BreadcrumbList\",\"@id\":\"https:\/\/sudoesteacontece.com.br\/?p=5837#breadcrumb\",\"itemListElement\":[{\"@type\":\"ListItem\",\"position\":1,\"name\":\"In\u00edcio\",\"item\":\"https:\/\/sudoesteacontece.com.br\/\"},{\"@type\":\"ListItem\",\"position\":2,\"name\":\"Homem \u00e9 encontrado morto em Barra da Estiva; pol\u00edcia apura poss\u00edvel suic\u00eddio\"}]},{\"@type\":\"WebSite\",\"@id\":\"https:\/\/sudoesteacontece.com.br\/#website\",\"url\":\"https:\/\/sudoesteacontece.com.br\/\",\"name\":\"Sudoesteacontece\",\"description\":\"\",\"publisher\":{\"@id\":\"https:\/\/sudoesteacontece.com.br\/#organization\"},\"potentialAction\":[{\"@type\":\"SearchAction\",\"target\":{\"@type\":\"EntryPoint\",\"urlTemplate\":\"https:\/\/sudoesteacontece.com.br\/?s={search_term_string}\"},\"query-input\":{\"@type\":\"PropertyValueSpecification\",\"valueRequired\":true,\"valueName\":\"search_term_string\"}}],\"inLanguage\":\"pt-BR\"},{\"@type\":\"Organization\",\"@id\":\"https:\/\/sudoesteacontece.com.br\/#organization\",\"name\":\"Sudoesteacontece\",\"url\":\"https:\/\/sudoesteacontece.com.br\/\",\"logo\":{\"@type\":\"ImageObject\",\"inLanguage\":\"pt-BR\",\"@id\":\"https:\/\/sudoesteacontece.com.br\/#\/schema\/logo\/image\/\",\"url\":\"https:\/\/sudoesteacontece.com.br\/wp-content\/uploads\/2025\/12\/cropped-logo-2-180x180-1.png\",\"contentUrl\":\"https:\/\/sudoesteacontece.com.br\/wp-content\/uploads\/2025\/12\/cropped-logo-2-180x180-1.png\",\"width\":180,\"height\":180,\"caption\":\"Sudoesteacontece\"},\"image\":{\"@id\":\"https:\/\/sudoesteacontece.com.br\/#\/schema\/logo\/image\/\"},\"sameAs\":[\"https:\/\/www.facebook.com\/sudoesteacontece\/?locale=pt_BR\"]},{\"@type\":\"Person\",\"@id\":\"https:\/\/sudoesteacontece.com.br\/#\/schema\/person\/a4f22429c1d0923ef8f7d43343f8dc38\",\"name\":\"Reda\u00e7\u00e3o\",\"image\":{\"@type\":\"ImageObject\",\"inLanguage\":\"pt-BR\",\"@id\":\"https:\/\/sudoesteacontece.com.br\/#\/schema\/person\/image\/\",\"url\":\"https:\/\/secure.gravatar.com\/avatar\/c3a5b3c93f268a709c25a2df414c629a96fb3b1b4bf97a94fb3f72e54ae76903?s=96&d=mm&r=g\",\"contentUrl\":\"https:\/\/secure.gravatar.com\/avatar\/c3a5b3c93f268a709c25a2df414c629a96fb3b1b4bf97a94fb3f72e54ae76903?s=96&d=mm&r=g\",\"caption\":\"Reda\u00e7\u00e3o\"},\"url\":\"https:\/\/sudoesteacontece.com.br\/?author=4\"}]}<\/script>\n<!-- \/ Yoast SEO plugin. -->","yoast_head_json":{"title":"Homem \u00e9 encontrado morto em Barra da Estiva; pol\u00edcia apura poss\u00edvel suic\u00eddio - Sudoesteacontece","robots":{"index":"index","follow":"follow","max-snippet":"max-snippet:-1","max-image-preview":"max-image-preview:large","max-video-preview":"max-video-preview:-1"},"canonical":"https:\/\/sudoesteacontece.com.br\/?p=5837","og_locale":"pt_BR","og_type":"article","og_title":"Homem \u00e9 encontrado morto em Barra da Estiva; pol\u00edcia apura poss\u00edvel suic\u00eddio - Sudoesteacontece","og_description":"Um homem foi encontrado morto na manh\u00e3 deste s\u00e1bado (10) em Barra da Estiva, no sudoeste da Bahia. O caso ocorreu por volta das 9h, em uma resid\u00eancia no Bairro do Abrigo, regi\u00e3o do Recreio, \u00e1rea urbana do munic\u00edpio. Moradores relataram gritos vindos da casa, o que levou familiares a acionarem a Pol\u00edcia Militar e mobilizarem a vizinhan\u00e7a em busca de socorro imediato. Segundo a Pol\u00edcia Militar, ao chegar ao endere\u00e7o, equipes foram informadas de que parentes haviam levado a v\u00edtima \u00e0s pressas para o hospital municipal. Vizinhos disseram que o homem estava desacordado no im\u00f3vel. Apesar da tentativa de atendimento, a unidade de sa\u00fade confirmou que ele j\u00e1 chegou sem sinais vitais, o que refor\u00e7ou a necessidade de investiga\u00e7\u00e3o formal do ocorrido. A v\u00edtima foi identificada como Jairlan Rene Ribeiro da Silva, morador do pr\u00f3prio Bairro do Abrigo. O corpo foi encaminhado ao Instituto M\u00e9dico Legal (IML) de Brumado para exames. As circunst\u00e2ncias da morte ser\u00e3o apuradas pelas autoridades competentes, que n\u00e3o divulgaram detalhes adicionais enquanto o caso segue sob investiga\u00e7\u00e3o.","og_url":"https:\/\/sudoesteacontece.com.br\/?p=5837","og_site_name":"Sudoesteacontece","article_publisher":"https:\/\/www.facebook.com\/sudoesteacontece\/?locale=pt_BR","article_published_time":"2026-01-11T20:50:27+00:00","article_modified_time":"2026-01-11T20:50:29+00:00","og_image":[{"width":900,"height":600,"url":"https:\/\/sudoesteacontece.com.br\/wp-content\/uploads\/2026\/01\/Homem-e-encontrado-morto-em-Barra-da-Estiva-policia-apura-possivel-suicidio-sudoeste-acontece.jpg","type":"image\/jpeg"}],"author":"Reda\u00e7\u00e3o","twitter_card":"summary_large_image","twitter_misc":{"Escrito por":"Reda\u00e7\u00e3o","Est. tempo de leitura":"2 minutos"},"schema":{"@context":"https:\/\/schema.org","@graph":[{"@type":"Article","@id":"https:\/\/sudoesteacontece.com.br\/?p=5837#article","isPartOf":{"@id":"https:\/\/sudoesteacontece.com.br\/?p=5837"},"author":{"name":"Reda\u00e7\u00e3o","@id":"https:\/\/sudoesteacontece.com.br\/#\/schema\/person\/a4f22429c1d0923ef8f7d43343f8dc38"},"headline":"Homem \u00e9 encontrado morto em Barra da Estiva; pol\u00edcia apura poss\u00edvel suic\u00eddio","datePublished":"2026-01-11T20:50:27+00:00","dateModified":"2026-01-11T20:50:29+00:00","mainEntityOfPage":{"@id":"https:\/\/sudoesteacontece.com.br\/?p=5837"},"wordCount":205,"commentCount":0,"publisher":{"@id":"https:\/\/sudoesteacontece.com.br\/#organization"},"image":{"@id":"https:\/\/sudoesteacontece.com.br\/?p=5837#primaryimage"},"thumbnailUrl":"https:\/\/sudoesteacontece.com.br\/wp-content\/uploads\/2026\/01\/Homem-e-encontrado-morto-em-Barra-da-Estiva-policia-apura-possivel-suicidio-sudoeste-acontece.jpg","articleSection":["Barra da Estiva","Cidades","Pol\u00edcia"],"inLanguage":"pt-BR","potentialAction":[{"@type":"CommentAction","name":"Comment","target":["https:\/\/sudoesteacontece.com.br\/?p=5837#respond"]}]},{"@type":"WebPage","@id":"https:\/\/sudoesteacontece.com.br\/?p=5837","url":"https:\/\/sudoesteacontece.com.br\/?p=5837","name":"Homem \u00e9 encontrado morto em Barra da Estiva; pol\u00edcia apura poss\u00edvel suic\u00eddio - Sudoesteacontece","isPartOf":{"@id":"https:\/\/sudoesteacontece.com.br\/#website"},"primaryImageOfPage":{"@id":"https:\/\/sudoesteacontece.com.br\/?p=5837#primaryimage"},"image":{"@id":"https:\/\/sudoesteacontece.com.br\/?p=5837#primaryimage"},"thumbnailUrl":"https:\/\/sudoesteacontece.com.br\/wp-content\/uploads\/2026\/01\/Homem-e-encontrado-morto-em-Barra-da-Estiva-policia-apura-possivel-suicidio-sudoeste-acontece.jpg","datePublished":"2026-01-11T20:50:27+00:00","dateModified":"2026-01-11T20:50:29+00:00","breadcrumb":{"@id":"https:\/\/sudoesteacontece.com.br\/?p=5837#breadcrumb"},"inLanguage":"pt-BR","potentialAction":[{"@type":"ReadAction","target":["https:\/\/sudoesteacontece.com.br\/?p=5837"]}]},{"@type":"ImageObject","inLanguage":"pt-BR","@id":"https:\/\/sudoesteacontece.com.br\/?p=5837#primaryimage","url":"https:\/\/sudoesteacontece.com.br\/wp-content\/uploads\/2026\/01\/Homem-e-encontrado-morto-em-Barra-da-Estiva-policia-apura-possivel-suicidio-sudoeste-acontece.jpg","contentUrl":"https:\/\/sudoesteacontece.com.br\/wp-content\/uploads\/2026\/01\/Homem-e-encontrado-morto-em-Barra-da-Estiva-policia-apura-possivel-suicidio-sudoeste-acontece.jpg","width":900,"height":600},{"@type":"BreadcrumbList","@id":"https:\/\/sudoesteacontece.com.br\/?p=5837#breadcrumb","itemListElement":[{"@type":"ListItem","position":1,"name":"In\u00edcio","item":"https:\/\/sudoesteacontece.com.br\/"},{"@type":"ListItem","position":2,"name":"Homem \u00e9 encontrado morto em Barra da Estiva; pol\u00edcia apura poss\u00edvel suic\u00eddio"}]},{"@type":"WebSite","@id":"https:\/\/sudoesteacontece.com.br\/#website","url":"https:\/\/sudoesteacontece.com.br\/","name":"Sudoesteacontece","description":"","publisher":{"@id":"https:\/\/sudoesteacontece.com.br\/#organization"},"potentialAction":[{"@type":"SearchAction","target":{"@type":"EntryPoint","urlTemplate":"https:\/\/sudoesteacontece.com.br\/?s={search_term_string}"},"query-input":{"@type":"PropertyValueSpecification","valueRequired":true,"valueName":"search_term_string"}}],"inLanguage":"pt-BR"},{"@type":"Organization","@id":"https:\/\/sudoesteacontece.com.br\/#organization","name":"Sudoesteacontece","url":"https:\/\/sudoesteacontece.com.br\/","logo":{"@type":"ImageObject","inLanguage":"pt-BR","@id":"https:\/\/sudoesteacontece.com.br\/#\/schema\/logo\/image\/","url":"https:\/\/sudoesteacontece.com.br\/wp-content\/uploads\/2025\/12\/cropped-logo-2-180x180-1.png","contentUrl":"https:\/\/sudoesteacontece.com.br\/wp-content\/uploads\/2025\/12\/cropped-logo-2-180x180-1.png","width":180,"height":180,"caption":"Sudoesteacontece"},"image":{"@id":"https:\/\/sudoesteacontece.com.br\/#\/schema\/logo\/image\/"},"sameAs":["https:\/\/www.facebook.com\/sudoesteacontece\/?locale=pt_BR"]},{"@type":"Person","@id":"https:\/\/sudoesteacontece.com.br\/#\/schema\/person\/a4f22429c1d0923ef8f7d43343f8dc38","name":"Reda\u00e7\u00e3o","image":{"@type":"ImageObject","inLanguage":"pt-BR","@id":"https:\/\/sudoesteacontece.com.br\/#\/schema\/person\/image\/","url":"https:\/\/secure.gravatar.com\/avatar\/c3a5b3c93f268a709c25a2df414c629a96fb3b1b4bf97a94fb3f72e54ae76903?s=96&d=mm&r=g","contentUrl":"https:\/\/secure.gravatar.com\/avatar\/c3a5b3c93f268a709c25a2df414c629a96fb3b1b4bf97a94fb3f72e54ae76903?s=96&d=mm&r=g","caption":"Reda\u00e7\u00e3o"},"url":"https:\/\/sudoesteacontece.com.br\/?author=4"}]}},"_links":{"self":[{"href":"https:\/\/sudoesteacontece.com.br\/index.php?rest_route=\/wp\/v2\/posts\/5837","targetHints":{"allow":["GET"]}}],"collection":[{"href":"https:\/\/sudoesteacontece.com.br\/index.php?rest_route=\/wp\/v2\/posts"}],"about":[{"href":"https:\/\/sudoesteacontece.com.br\/index.php?rest_route=\/wp\/v2\/types\/post"}],"author":[{"embeddable":true,"href":"https:\/\/sudoesteacontece.com.br\/index.php?rest_route=\/wp\/v2\/users\/4"}],"replies":[{"embeddable":true,"href":"https:\/\/sudoesteacontece.com.br\/index.php?rest_route=%2Fwp%2Fv2%2Fcomments&post=5837"}],"version-history":[{"count":0,"href":"https:\/\/sudoesteacontece.com.br\/index.php?rest_route=\/wp\/v2\/posts\/5837\/revisions"}],"wp:featuredmedia":[{"embeddable":true,"href":"https:\/\/sudoesteacontece.com.br\/index.php?rest_route=\/wp\/v2\/media\/5849"}],"wp:attachment":[{"href":"https:\/\/sudoesteacontece.com.br\/index.php?rest_route=%2Fwp%2Fv2%2Fmedia&parent=5837"}],"wp:term":[{"taxonomy":"category","embeddable":true,"href":"https:\/\/sudoesteacontece.com.br\/index.php?rest_route=%2Fwp%2Fv2%2Fcategories&post=5837"},{"taxonomy":"post_tag","embeddable":true,"href":"https:\/\/sudoesteacontece.com.br\/index.php?rest_route=%2Fwp%2Fv2%2Ftags&post=5837"}],"curies":[{"name":"wp","href":"https:\/\/api.w.org\/{rel}","templated":true}]}}