{"id":5838,"date":"2026-01-11T17:52:46","date_gmt":"2026-01-11T20:52:46","guid":{"rendered":"https:\/\/sudoesteacontece.com.br\/?p=5838"},"modified":"2026-01-11T17:52:48","modified_gmt":"2026-01-11T20:52:48","slug":"mulher-e-encontrada-morta-em-presidio-e-policia-apura-circunstancias","status":"publish","type":"post","link":"https:\/\/sudoesteacontece.com.br\/?p=5838","title":{"rendered":"Mulher \u00e9 encontrada morta em pres\u00eddio e pol\u00edcia apura circunst\u00e2ncias"},"content":{"rendered":"<div class=\"wp-block-image\">\n<figure class=\"aligncenter size-full\"><img fetchpriority=\"high\" decoding=\"async\" width=\"900\" height=\"600\" src=\"http:\/\/sudoesteacontece.com.br\/wp-content\/uploads\/2026\/01\/Mulher-e-encontrada-morta-em-presidio-e-policia-apura-circunstancias-sudoeste-acontece.jpg\" alt=\"\" class=\"wp-image-5851\" srcset=\"https:\/\/sudoesteacontece.com.br\/wp-content\/uploads\/2026\/01\/Mulher-e-encontrada-morta-em-presidio-e-policia-apura-circunstancias-sudoeste-acontece.jpg 900w, https:\/\/sudoesteacontece.com.br\/wp-content\/uploads\/2026\/01\/Mulher-e-encontrada-morta-em-presidio-e-policia-apura-circunstancias-sudoeste-acontece-300x200.jpg 300w, https:\/\/sudoesteacontece.com.br\/wp-content\/uploads\/2026\/01\/Mulher-e-encontrada-morta-em-presidio-e-policia-apura-circunstancias-sudoeste-acontece-768x512.jpg 768w\" sizes=\"(max-width: 900px) 100vw, 900px\" \/><\/figure>\n<\/div>\n\n\n<p>Caso foi registrado na manh\u00e3 deste s\u00e1bado (11) no Conjunto Penal de Feira de Santana. J\u00e9ssica Fabrine Evangelista Bastos, de 30 anos, foi encontrada morta dentro da unidade prisional. A ocorr\u00eancia mobilizou equipes de seguran\u00e7a e autoridades policiais logo ap\u00f3s a constata\u00e7\u00e3o do \u00f3bito.<\/p>\n\n\n\n<p>Segundo a 1\u00aa Delegacia, n\u00e3o havia sinais aparentes de viol\u00eancia no corpo. Diante desse cen\u00e1rio, a pol\u00edcia classificou inicialmente o caso como morte sem ind\u00edcios de crime. Mesmo assim, os detalhes do falecimento seguem sob acompanhamento para esclarecer o que aconteceu dentro do pres\u00eddio.<\/p>\n\n\n\n<p>Ainda conforme informa\u00e7\u00f5es oficiais, o corpo de J\u00e9ssica foi encaminhado ao Departamento de Pol\u00edcia T\u00e9cnica (DPT). Os exames periciais devem apontar a causa da morte e confirmar se houve algum fator externo ou problema de sa\u00fade relacionado ao \u00f3bito.<\/p>\n\n\n\n<p>Enquanto aguardam os laudos, as autoridades mant\u00eam o monitoramento do caso. Novas informa\u00e7\u00f5es podem ser divulgadas a qualquer momento, conforme o avan\u00e7o das investiga\u00e7\u00f5es e a conclus\u00e3o dos procedimentos t\u00e9cnicos.<\/p>\n","protected":false},"excerpt":{"rendered":"<p>Caso foi registrado na manh\u00e3 deste s\u00e1bado (11) no Conjunto Penal de Feira de Santana. J\u00e9ssica Fabrine Evangelista Bastos, de 30 anos, foi encontrada morta dentro da unidade prisional. A ocorr\u00eancia mobilizou equipes de seguran\u00e7a e autoridades policiais logo ap\u00f3s a constata\u00e7\u00e3o do \u00f3bito. Segundo a 1\u00aa Delegacia, n\u00e3o havia sinais aparentes de viol\u00eancia no corpo. Diante desse cen\u00e1rio, a pol\u00edcia classificou inicialmente o caso como morte sem ind\u00edcios de crime. Mesmo assim, os detalhes do falecimento seguem sob acompanhamento para esclarecer o que aconteceu dentro do pres\u00eddio. Ainda conforme informa\u00e7\u00f5es oficiais, o corpo de J\u00e9ssica foi encaminhado ao Departamento de Pol\u00edcia T\u00e9cnica (DPT). Os exames periciais devem apontar a causa da morte e confirmar se houve algum fator externo ou problema de sa\u00fade relacionado ao \u00f3bito. Enquanto aguardam os laudos, as autoridades mant\u00eam o monitoramento do caso. Novas informa\u00e7\u00f5es podem ser divulgadas a qualquer momento, conforme o avan\u00e7o das investiga\u00e7\u00f5es e a conclus\u00e3o dos procedimentos t\u00e9cnicos.<\/p>\n","protected":false},"author":4,"featured_media":5851,"comment_status":"open","ping_status":"open","sticky":false,"template":"","format":"standard","meta":{"footnotes":""},"categories":[4,3],"tags":[],"class_list":["post-5838","post","type-post","status-publish","format-standard","has-post-thumbnail","hentry","category-cidades","category-policia"],"yoast_head":"<!-- This site is optimized with the Yoast SEO plugin v26.5 - https:\/\/yoast.com\/wordpress\/plugins\/seo\/ -->\n<title>Mulher \u00e9 encontrada morta em pres\u00eddio e pol\u00edcia apura circunst\u00e2ncias - Sudoesteacontece<\/title>\n<meta name=\"robots\" content=\"index, follow, max-snippet:-1, max-image-preview:large, max-video-preview:-1\" \/>\n<link rel=\"canonical\" href=\"https:\/\/sudoesteacontece.com.br\/?p=5838\" \/>\n<meta property=\"og:locale\" content=\"pt_BR\" \/>\n<meta property=\"og:type\" content=\"article\" \/>\n<meta property=\"og:title\" content=\"Mulher \u00e9 encontrada morta em pres\u00eddio e pol\u00edcia apura circunst\u00e2ncias - Sudoesteacontece\" \/>\n<meta property=\"og:description\" content=\"Caso foi registrado na manh\u00e3 deste s\u00e1bado (11) no Conjunto Penal de Feira de Santana. J\u00e9ssica Fabrine Evangelista Bastos, de 30 anos, foi encontrada morta dentro da unidade prisional. A ocorr\u00eancia mobilizou equipes de seguran\u00e7a e autoridades policiais logo ap\u00f3s a constata\u00e7\u00e3o do \u00f3bito. Segundo a 1\u00aa Delegacia, n\u00e3o havia sinais aparentes de viol\u00eancia no corpo. Diante desse cen\u00e1rio, a pol\u00edcia classificou inicialmente o caso como morte sem ind\u00edcios de crime. Mesmo assim, os detalhes do falecimento seguem sob acompanhamento para esclarecer o que aconteceu dentro do pres\u00eddio. Ainda conforme informa\u00e7\u00f5es oficiais, o corpo de J\u00e9ssica foi encaminhado ao Departamento de Pol\u00edcia T\u00e9cnica (DPT). Os exames periciais devem apontar a causa da morte e confirmar se houve algum fator externo ou problema de sa\u00fade relacionado ao \u00f3bito. Enquanto aguardam os laudos, as autoridades mant\u00eam o monitoramento do caso. Novas informa\u00e7\u00f5es podem ser divulgadas a qualquer momento, conforme o avan\u00e7o das investiga\u00e7\u00f5es e a conclus\u00e3o dos procedimentos t\u00e9cnicos.\" \/>\n<meta property=\"og:url\" content=\"https:\/\/sudoesteacontece.com.br\/?p=5838\" \/>\n<meta property=\"og:site_name\" content=\"Sudoesteacontece\" \/>\n<meta property=\"article:publisher\" content=\"https:\/\/www.facebook.com\/sudoesteacontece\/?locale=pt_BR\" \/>\n<meta property=\"article:published_time\" content=\"2026-01-11T20:52:46+00:00\" \/>\n<meta property=\"article:modified_time\" content=\"2026-01-11T20:52:48+00:00\" \/>\n<meta property=\"og:image\" content=\"https:\/\/sudoesteacontece.com.br\/wp-content\/uploads\/2026\/01\/Mulher-e-encontrada-morta-em-presidio-e-policia-apura-circunstancias-sudoeste-acontece.jpg\" \/>\n\t<meta property=\"og:image:width\" content=\"900\" \/>\n\t<meta property=\"og:image:height\" content=\"600\" \/>\n\t<meta property=\"og:image:type\" content=\"image\/jpeg\" \/>\n<meta name=\"author\" content=\"Reda\u00e7\u00e3o\" \/>\n<meta name=\"twitter:card\" content=\"summary_large_image\" \/>\n<meta name=\"twitter:label1\" content=\"Escrito por\" \/>\n\t<meta name=\"twitter:data1\" content=\"Reda\u00e7\u00e3o\" \/>\n\t<meta name=\"twitter:label2\" content=\"Est. tempo de leitura\" \/>\n\t<meta name=\"twitter:data2\" content=\"2 minutos\" \/>\n<script type=\"application\/ld+json\" class=\"yoast-schema-graph\">{\"@context\":\"https:\/\/schema.org\",\"@graph\":[{\"@type\":\"Article\",\"@id\":\"https:\/\/sudoesteacontece.com.br\/?p=5838#article\",\"isPartOf\":{\"@id\":\"https:\/\/sudoesteacontece.com.br\/?p=5838\"},\"author\":{\"name\":\"Reda\u00e7\u00e3o\",\"@id\":\"https:\/\/sudoesteacontece.com.br\/#\/schema\/person\/a4f22429c1d0923ef8f7d43343f8dc38\"},\"headline\":\"Mulher \u00e9 encontrada morta em pres\u00eddio e pol\u00edcia apura circunst\u00e2ncias\",\"datePublished\":\"2026-01-11T20:52:46+00:00\",\"dateModified\":\"2026-01-11T20:52:48+00:00\",\"mainEntityOfPage\":{\"@id\":\"https:\/\/sudoesteacontece.com.br\/?p=5838\"},\"wordCount\":189,\"commentCount\":0,\"publisher\":{\"@id\":\"https:\/\/sudoesteacontece.com.br\/#organization\"},\"image\":{\"@id\":\"https:\/\/sudoesteacontece.com.br\/?p=5838#primaryimage\"},\"thumbnailUrl\":\"https:\/\/sudoesteacontece.com.br\/wp-content\/uploads\/2026\/01\/Mulher-e-encontrada-morta-em-presidio-e-policia-apura-circunstancias-sudoeste-acontece.jpg\",\"articleSection\":[\"Cidades\",\"Pol\u00edcia\"],\"inLanguage\":\"pt-BR\",\"potentialAction\":[{\"@type\":\"CommentAction\",\"name\":\"Comment\",\"target\":[\"https:\/\/sudoesteacontece.com.br\/?p=5838#respond\"]}]},{\"@type\":\"WebPage\",\"@id\":\"https:\/\/sudoesteacontece.com.br\/?p=5838\",\"url\":\"https:\/\/sudoesteacontece.com.br\/?p=5838\",\"name\":\"Mulher \u00e9 encontrada morta em pres\u00eddio e pol\u00edcia apura circunst\u00e2ncias - Sudoesteacontece\",\"isPartOf\":{\"@id\":\"https:\/\/sudoesteacontece.com.br\/#website\"},\"primaryImageOfPage\":{\"@id\":\"https:\/\/sudoesteacontece.com.br\/?p=5838#primaryimage\"},\"image\":{\"@id\":\"https:\/\/sudoesteacontece.com.br\/?p=5838#primaryimage\"},\"thumbnailUrl\":\"https:\/\/sudoesteacontece.com.br\/wp-content\/uploads\/2026\/01\/Mulher-e-encontrada-morta-em-presidio-e-policia-apura-circunstancias-sudoeste-acontece.jpg\",\"datePublished\":\"2026-01-11T20:52:46+00:00\",\"dateModified\":\"2026-01-11T20:52:48+00:00\",\"breadcrumb\":{\"@id\":\"https:\/\/sudoesteacontece.com.br\/?p=5838#breadcrumb\"},\"inLanguage\":\"pt-BR\",\"potentialAction\":[{\"@type\":\"ReadAction\",\"target\":[\"https:\/\/sudoesteacontece.com.br\/?p=5838\"]}]},{\"@type\":\"ImageObject\",\"inLanguage\":\"pt-BR\",\"@id\":\"https:\/\/sudoesteacontece.com.br\/?p=5838#primaryimage\",\"url\":\"https:\/\/sudoesteacontece.com.br\/wp-content\/uploads\/2026\/01\/Mulher-e-encontrada-morta-em-presidio-e-policia-apura-circunstancias-sudoeste-acontece.jpg\",\"contentUrl\":\"https:\/\/sudoesteacontece.com.br\/wp-content\/uploads\/2026\/01\/Mulher-e-encontrada-morta-em-presidio-e-policia-apura-circunstancias-sudoeste-acontece.jpg\",\"width\":900,\"height\":600},{\"@type\":\"BreadcrumbList\",\"@id\":\"https:\/\/sudoesteacontece.com.br\/?p=5838#breadcrumb\",\"itemListElement\":[{\"@type\":\"ListItem\",\"position\":1,\"name\":\"In\u00edcio\",\"item\":\"https:\/\/sudoesteacontece.com.br\/\"},{\"@type\":\"ListItem\",\"position\":2,\"name\":\"Mulher \u00e9 encontrada morta em pres\u00eddio e pol\u00edcia apura circunst\u00e2ncias\"}]},{\"@type\":\"WebSite\",\"@id\":\"https:\/\/sudoesteacontece.com.br\/#website\",\"url\":\"https:\/\/sudoesteacontece.com.br\/\",\"name\":\"Sudoesteacontece\",\"description\":\"\",\"publisher\":{\"@id\":\"https:\/\/sudoesteacontece.com.br\/#organization\"},\"potentialAction\":[{\"@type\":\"SearchAction\",\"target\":{\"@type\":\"EntryPoint\",\"urlTemplate\":\"https:\/\/sudoesteacontece.com.br\/?s={search_term_string}\"},\"query-input\":{\"@type\":\"PropertyValueSpecification\",\"valueRequired\":true,\"valueName\":\"search_term_string\"}}],\"inLanguage\":\"pt-BR\"},{\"@type\":\"Organization\",\"@id\":\"https:\/\/sudoesteacontece.com.br\/#organization\",\"name\":\"Sudoesteacontece\",\"url\":\"https:\/\/sudoesteacontece.com.br\/\",\"logo\":{\"@type\":\"ImageObject\",\"inLanguage\":\"pt-BR\",\"@id\":\"https:\/\/sudoesteacontece.com.br\/#\/schema\/logo\/image\/\",\"url\":\"https:\/\/sudoesteacontece.com.br\/wp-content\/uploads\/2025\/12\/cropped-logo-2-180x180-1.png\",\"contentUrl\":\"https:\/\/sudoesteacontece.com.br\/wp-content\/uploads\/2025\/12\/cropped-logo-2-180x180-1.png\",\"width\":180,\"height\":180,\"caption\":\"Sudoesteacontece\"},\"image\":{\"@id\":\"https:\/\/sudoesteacontece.com.br\/#\/schema\/logo\/image\/\"},\"sameAs\":[\"https:\/\/www.facebook.com\/sudoesteacontece\/?locale=pt_BR\"]},{\"@type\":\"Person\",\"@id\":\"https:\/\/sudoesteacontece.com.br\/#\/schema\/person\/a4f22429c1d0923ef8f7d43343f8dc38\",\"name\":\"Reda\u00e7\u00e3o\",\"image\":{\"@type\":\"ImageObject\",\"inLanguage\":\"pt-BR\",\"@id\":\"https:\/\/sudoesteacontece.com.br\/#\/schema\/person\/image\/\",\"url\":\"https:\/\/secure.gravatar.com\/avatar\/c3a5b3c93f268a709c25a2df414c629a96fb3b1b4bf97a94fb3f72e54ae76903?s=96&d=mm&r=g\",\"contentUrl\":\"https:\/\/secure.gravatar.com\/avatar\/c3a5b3c93f268a709c25a2df414c629a96fb3b1b4bf97a94fb3f72e54ae76903?s=96&d=mm&r=g\",\"caption\":\"Reda\u00e7\u00e3o\"},\"url\":\"https:\/\/sudoesteacontece.com.br\/?author=4\"}]}<\/script>\n<!-- \/ Yoast SEO plugin. -->","yoast_head_json":{"title":"Mulher \u00e9 encontrada morta em pres\u00eddio e pol\u00edcia apura circunst\u00e2ncias - Sudoesteacontece","robots":{"index":"index","follow":"follow","max-snippet":"max-snippet:-1","max-image-preview":"max-image-preview:large","max-video-preview":"max-video-preview:-1"},"canonical":"https:\/\/sudoesteacontece.com.br\/?p=5838","og_locale":"pt_BR","og_type":"article","og_title":"Mulher \u00e9 encontrada morta em pres\u00eddio e pol\u00edcia apura circunst\u00e2ncias - Sudoesteacontece","og_description":"Caso foi registrado na manh\u00e3 deste s\u00e1bado (11) no Conjunto Penal de Feira de Santana. J\u00e9ssica Fabrine Evangelista Bastos, de 30 anos, foi encontrada morta dentro da unidade prisional. A ocorr\u00eancia mobilizou equipes de seguran\u00e7a e autoridades policiais logo ap\u00f3s a constata\u00e7\u00e3o do \u00f3bito. Segundo a 1\u00aa Delegacia, n\u00e3o havia sinais aparentes de viol\u00eancia no corpo. Diante desse cen\u00e1rio, a pol\u00edcia classificou inicialmente o caso como morte sem ind\u00edcios de crime. Mesmo assim, os detalhes do falecimento seguem sob acompanhamento para esclarecer o que aconteceu dentro do pres\u00eddio. Ainda conforme informa\u00e7\u00f5es oficiais, o corpo de J\u00e9ssica foi encaminhado ao Departamento de Pol\u00edcia T\u00e9cnica (DPT). Os exames periciais devem apontar a causa da morte e confirmar se houve algum fator externo ou problema de sa\u00fade relacionado ao \u00f3bito. Enquanto aguardam os laudos, as autoridades mant\u00eam o monitoramento do caso. Novas informa\u00e7\u00f5es podem ser divulgadas a qualquer momento, conforme o avan\u00e7o das investiga\u00e7\u00f5es e a conclus\u00e3o dos procedimentos t\u00e9cnicos.","og_url":"https:\/\/sudoesteacontece.com.br\/?p=5838","og_site_name":"Sudoesteacontece","article_publisher":"https:\/\/www.facebook.com\/sudoesteacontece\/?locale=pt_BR","article_published_time":"2026-01-11T20:52:46+00:00","article_modified_time":"2026-01-11T20:52:48+00:00","og_image":[{"width":900,"height":600,"url":"https:\/\/sudoesteacontece.com.br\/wp-content\/uploads\/2026\/01\/Mulher-e-encontrada-morta-em-presidio-e-policia-apura-circunstancias-sudoeste-acontece.jpg","type":"image\/jpeg"}],"author":"Reda\u00e7\u00e3o","twitter_card":"summary_large_image","twitter_misc":{"Escrito por":"Reda\u00e7\u00e3o","Est. tempo de leitura":"2 minutos"},"schema":{"@context":"https:\/\/schema.org","@graph":[{"@type":"Article","@id":"https:\/\/sudoesteacontece.com.br\/?p=5838#article","isPartOf":{"@id":"https:\/\/sudoesteacontece.com.br\/?p=5838"},"author":{"name":"Reda\u00e7\u00e3o","@id":"https:\/\/sudoesteacontece.com.br\/#\/schema\/person\/a4f22429c1d0923ef8f7d43343f8dc38"},"headline":"Mulher \u00e9 encontrada morta em pres\u00eddio e pol\u00edcia apura circunst\u00e2ncias","datePublished":"2026-01-11T20:52:46+00:00","dateModified":"2026-01-11T20:52:48+00:00","mainEntityOfPage":{"@id":"https:\/\/sudoesteacontece.com.br\/?p=5838"},"wordCount":189,"commentCount":0,"publisher":{"@id":"https:\/\/sudoesteacontece.com.br\/#organization"},"image":{"@id":"https:\/\/sudoesteacontece.com.br\/?p=5838#primaryimage"},"thumbnailUrl":"https:\/\/sudoesteacontece.com.br\/wp-content\/uploads\/2026\/01\/Mulher-e-encontrada-morta-em-presidio-e-policia-apura-circunstancias-sudoeste-acontece.jpg","articleSection":["Cidades","Pol\u00edcia"],"inLanguage":"pt-BR","potentialAction":[{"@type":"CommentAction","name":"Comment","target":["https:\/\/sudoesteacontece.com.br\/?p=5838#respond"]}]},{"@type":"WebPage","@id":"https:\/\/sudoesteacontece.com.br\/?p=5838","url":"https:\/\/sudoesteacontece.com.br\/?p=5838","name":"Mulher \u00e9 encontrada morta em pres\u00eddio e pol\u00edcia apura circunst\u00e2ncias - Sudoesteacontece","isPartOf":{"@id":"https:\/\/sudoesteacontece.com.br\/#website"},"primaryImageOfPage":{"@id":"https:\/\/sudoesteacontece.com.br\/?p=5838#primaryimage"},"image":{"@id":"https:\/\/sudoesteacontece.com.br\/?p=5838#primaryimage"},"thumbnailUrl":"https:\/\/sudoesteacontece.com.br\/wp-content\/uploads\/2026\/01\/Mulher-e-encontrada-morta-em-presidio-e-policia-apura-circunstancias-sudoeste-acontece.jpg","datePublished":"2026-01-11T20:52:46+00:00","dateModified":"2026-01-11T20:52:48+00:00","breadcrumb":{"@id":"https:\/\/sudoesteacontece.com.br\/?p=5838#breadcrumb"},"inLanguage":"pt-BR","potentialAction":[{"@type":"ReadAction","target":["https:\/\/sudoesteacontece.com.br\/?p=5838"]}]},{"@type":"ImageObject","inLanguage":"pt-BR","@id":"https:\/\/sudoesteacontece.com.br\/?p=5838#primaryimage","url":"https:\/\/sudoesteacontece.com.br\/wp-content\/uploads\/2026\/01\/Mulher-e-encontrada-morta-em-presidio-e-policia-apura-circunstancias-sudoeste-acontece.jpg","contentUrl":"https:\/\/sudoesteacontece.com.br\/wp-content\/uploads\/2026\/01\/Mulher-e-encontrada-morta-em-presidio-e-policia-apura-circunstancias-sudoeste-acontece.jpg","width":900,"height":600},{"@type":"BreadcrumbList","@id":"https:\/\/sudoesteacontece.com.br\/?p=5838#breadcrumb","itemListElement":[{"@type":"ListItem","position":1,"name":"In\u00edcio","item":"https:\/\/sudoesteacontece.com.br\/"},{"@type":"ListItem","position":2,"name":"Mulher \u00e9 encontrada morta em pres\u00eddio e pol\u00edcia apura circunst\u00e2ncias"}]},{"@type":"WebSite","@id":"https:\/\/sudoesteacontece.com.br\/#website","url":"https:\/\/sudoesteacontece.com.br\/","name":"Sudoesteacontece","description":"","publisher":{"@id":"https:\/\/sudoesteacontece.com.br\/#organization"},"potentialAction":[{"@type":"SearchAction","target":{"@type":"EntryPoint","urlTemplate":"https:\/\/sudoesteacontece.com.br\/?s={search_term_string}"},"query-input":{"@type":"PropertyValueSpecification","valueRequired":true,"valueName":"search_term_string"}}],"inLanguage":"pt-BR"},{"@type":"Organization","@id":"https:\/\/sudoesteacontece.com.br\/#organization","name":"Sudoesteacontece","url":"https:\/\/sudoesteacontece.com.br\/","logo":{"@type":"ImageObject","inLanguage":"pt-BR","@id":"https:\/\/sudoesteacontece.com.br\/#\/schema\/logo\/image\/","url":"https:\/\/sudoesteacontece.com.br\/wp-content\/uploads\/2025\/12\/cropped-logo-2-180x180-1.png","contentUrl":"https:\/\/sudoesteacontece.com.br\/wp-content\/uploads\/2025\/12\/cropped-logo-2-180x180-1.png","width":180,"height":180,"caption":"Sudoesteacontece"},"image":{"@id":"https:\/\/sudoesteacontece.com.br\/#\/schema\/logo\/image\/"},"sameAs":["https:\/\/www.facebook.com\/sudoesteacontece\/?locale=pt_BR"]},{"@type":"Person","@id":"https:\/\/sudoesteacontece.com.br\/#\/schema\/person\/a4f22429c1d0923ef8f7d43343f8dc38","name":"Reda\u00e7\u00e3o","image":{"@type":"ImageObject","inLanguage":"pt-BR","@id":"https:\/\/sudoesteacontece.com.br\/#\/schema\/person\/image\/","url":"https:\/\/secure.gravatar.com\/avatar\/c3a5b3c93f268a709c25a2df414c629a96fb3b1b4bf97a94fb3f72e54ae76903?s=96&d=mm&r=g","contentUrl":"https:\/\/secure.gravatar.com\/avatar\/c3a5b3c93f268a709c25a2df414c629a96fb3b1b4bf97a94fb3f72e54ae76903?s=96&d=mm&r=g","caption":"Reda\u00e7\u00e3o"},"url":"https:\/\/sudoesteacontece.com.br\/?author=4"}]}},"_links":{"self":[{"href":"https:\/\/sudoesteacontece.com.br\/index.php?rest_route=\/wp\/v2\/posts\/5838","targetHints":{"allow":["GET"]}}],"collection":[{"href":"https:\/\/sudoesteacontece.com.br\/index.php?rest_route=\/wp\/v2\/posts"}],"about":[{"href":"https:\/\/sudoesteacontece.com.br\/index.php?rest_route=\/wp\/v2\/types\/post"}],"author":[{"embeddable":true,"href":"https:\/\/sudoesteacontece.com.br\/index.php?rest_route=\/wp\/v2\/users\/4"}],"replies":[{"embeddable":true,"href":"https:\/\/sudoesteacontece.com.br\/index.php?rest_route=%2Fwp%2Fv2%2Fcomments&post=5838"}],"version-history":[{"count":0,"href":"https:\/\/sudoesteacontece.com.br\/index.php?rest_route=\/wp\/v2\/posts\/5838\/revisions"}],"wp:featuredmedia":[{"embeddable":true,"href":"https:\/\/sudoesteacontece.com.br\/index.php?rest_route=\/wp\/v2\/media\/5851"}],"wp:attachment":[{"href":"https:\/\/sudoesteacontece.com.br\/index.php?rest_route=%2Fwp%2Fv2%2Fmedia&parent=5838"}],"wp:term":[{"taxonomy":"category","embeddable":true,"href":"https:\/\/sudoesteacontece.com.br\/index.php?rest_route=%2Fwp%2Fv2%2Fcategories&post=5838"},{"taxonomy":"post_tag","embeddable":true,"href":"https:\/\/sudoesteacontece.com.br\/index.php?rest_route=%2Fwp%2Fv2%2Ftags&post=5838"}],"curies":[{"name":"wp","href":"https:\/\/api.w.org\/{rel}","templated":true}]}}