{"id":5845,"date":"2026-01-11T18:14:52","date_gmt":"2026-01-11T21:14:52","guid":{"rendered":"https:\/\/sudoesteacontece.com.br\/?p=5845"},"modified":"2026-01-11T18:14:54","modified_gmt":"2026-01-11T21:14:54","slug":"projeto-quer-proibir-ofensas-a-fe-crista-no-carnaval-e-preve-multa-milionaria","status":"publish","type":"post","link":"https:\/\/sudoesteacontece.com.br\/?p=5845","title":{"rendered":"Projeto quer proibir ofensas \u00e0 f\u00e9 crist\u00e3 no Carnaval e prev\u00ea multa milion\u00e1ria"},"content":{"rendered":"<div class=\"wp-block-image\">\n<figure class=\"aligncenter size-full\"><img fetchpriority=\"high\" decoding=\"async\" width=\"900\" height=\"600\" src=\"http:\/\/sudoesteacontece.com.br\/wp-content\/uploads\/2026\/01\/Projeto-quer-proibir-ofensas-a-fe-crista-no-Carnaval-e-preve-multa-milionaria-sudoeste-acontece.jpg\" alt=\"\" class=\"wp-image-5864\" srcset=\"https:\/\/sudoesteacontece.com.br\/wp-content\/uploads\/2026\/01\/Projeto-quer-proibir-ofensas-a-fe-crista-no-Carnaval-e-preve-multa-milionaria-sudoeste-acontece.jpg 900w, https:\/\/sudoesteacontece.com.br\/wp-content\/uploads\/2026\/01\/Projeto-quer-proibir-ofensas-a-fe-crista-no-Carnaval-e-preve-multa-milionaria-sudoeste-acontece-300x200.jpg 300w, https:\/\/sudoesteacontece.com.br\/wp-content\/uploads\/2026\/01\/Projeto-quer-proibir-ofensas-a-fe-crista-no-Carnaval-e-preve-multa-milionaria-sudoeste-acontece-768x512.jpg 768w\" sizes=\"(max-width: 900px) 100vw, 900px\" \/><\/figure>\n<\/div>\n\n\n<p>Proposta apresentada pelo deputado federal Pastor Gil (PL-MA) pretende proibir representa\u00e7\u00f5es consideradas desrespeitosas \u00e0 f\u00e9 crist\u00e3 durante o Carnaval. O texto mira express\u00f5es art\u00edsticas que ridicularizem cren\u00e7as evang\u00e9licas e cat\u00f3licas, sobretudo em desfiles e eventos carnavalescos. A iniciativa tramita na C\u00e2mara e reacende o debate entre liberdade art\u00edstica e respeito religioso.<\/p>\n\n\n\n<p>Segundo o parlamentar, a medida responde ao que ele chama de uso recorrente de s\u00edmbolos sagrados de forma ofensiva. Para Gil, desfiles de escolas de samba t\u00eam inclu\u00eddo elementos profanos que ferem a espiritualidade de milh\u00f5es de brasileiros. O deputado afirma que o Carnaval deveria promover uni\u00e3o e celebra\u00e7\u00e3o, n\u00e3o afronta a valores religiosos.<\/p>\n\n\n\n<p>Pelo projeto, infra\u00e7\u00f5es resultariam em advert\u00eancia formal e multa equivalente a 300 sal\u00e1rios m\u00ednimos. Em caso de reincid\u00eancia, o texto prev\u00ea san\u00e7\u00f5es mais duras, como a suspens\u00e3o das atividades das escolas de samba e organiza\u00e7\u00f5es respons\u00e1veis por at\u00e9 36 meses, ampliando o impacto administrativo e financeiro das penalidades.<\/p>\n\n\n\n<p>Conforme a proposta, prefeituras e governos estaduais ficariam respons\u00e1veis pela fiscaliza\u00e7\u00e3o das regras. O texto tamb\u00e9m determina a cria\u00e7\u00e3o de canais para den\u00fancias an\u00f4nimas, o que pode intensificar o controle sobre apresenta\u00e7\u00f5es. A mat\u00e9ria ainda ser\u00e1 analisada pelas comiss\u00f5es antes de seguir ao plen\u00e1rio.<\/p>\n","protected":false},"excerpt":{"rendered":"<p>Proposta apresentada pelo deputado federal Pastor Gil (PL-MA) pretende proibir representa\u00e7\u00f5es consideradas desrespeitosas \u00e0 f\u00e9 crist\u00e3 durante o Carnaval. O texto mira express\u00f5es art\u00edsticas que ridicularizem cren\u00e7as evang\u00e9licas e cat\u00f3licas, sobretudo em desfiles e eventos carnavalescos. A iniciativa tramita na C\u00e2mara e reacende o debate entre liberdade art\u00edstica e respeito religioso. Segundo o parlamentar, a medida responde ao que ele chama de uso recorrente de s\u00edmbolos sagrados de forma ofensiva. Para Gil, desfiles de escolas de samba t\u00eam inclu\u00eddo elementos profanos que ferem a espiritualidade de milh\u00f5es de brasileiros. O deputado afirma que o Carnaval deveria promover uni\u00e3o e celebra\u00e7\u00e3o, n\u00e3o afronta a valores religiosos. Pelo projeto, infra\u00e7\u00f5es resultariam em advert\u00eancia formal e multa equivalente a 300 sal\u00e1rios m\u00ednimos. Em caso de reincid\u00eancia, o texto prev\u00ea san\u00e7\u00f5es mais duras, como a suspens\u00e3o das atividades das escolas de samba e organiza\u00e7\u00f5es respons\u00e1veis por at\u00e9 36 meses, ampliando o impacto administrativo e financeiro das penalidades. Conforme a proposta, prefeituras e governos estaduais ficariam respons\u00e1veis pela fiscaliza\u00e7\u00e3o das regras. O texto tamb\u00e9m determina a cria\u00e7\u00e3o de canais para den\u00fancias an\u00f4nimas, o que pode intensificar o controle sobre apresenta\u00e7\u00f5es. A mat\u00e9ria ainda ser\u00e1 analisada pelas comiss\u00f5es antes de seguir ao plen\u00e1rio.<\/p>\n","protected":false},"author":1,"featured_media":0,"comment_status":"open","ping_status":"open","sticky":false,"template":"","format":"standard","meta":{"footnotes":""},"categories":[53,6,61],"tags":[],"class_list":["post-5845","post","type-post","status-publish","format-standard","hentry","category-brasil","category-politica","category-religiao"],"yoast_head":"<!-- This site is optimized with the Yoast SEO plugin v26.5 - https:\/\/yoast.com\/wordpress\/plugins\/seo\/ -->\n<title>Projeto quer proibir ofensas \u00e0 f\u00e9 crist\u00e3 no Carnaval e prev\u00ea multa milion\u00e1ria - Sudoesteacontece<\/title>\n<meta name=\"robots\" content=\"index, follow, max-snippet:-1, max-image-preview:large, max-video-preview:-1\" \/>\n<link rel=\"canonical\" href=\"http:\/\/sudoesteacontece.com.br\/?p=5845\" \/>\n<meta property=\"og:locale\" content=\"pt_BR\" \/>\n<meta property=\"og:type\" content=\"article\" \/>\n<meta property=\"og:title\" content=\"Projeto quer proibir ofensas \u00e0 f\u00e9 crist\u00e3 no Carnaval e prev\u00ea multa milion\u00e1ria - Sudoesteacontece\" \/>\n<meta property=\"og:description\" content=\"Proposta apresentada pelo deputado federal Pastor Gil (PL-MA) pretende proibir representa\u00e7\u00f5es consideradas desrespeitosas \u00e0 f\u00e9 crist\u00e3 durante o Carnaval. O texto mira express\u00f5es art\u00edsticas que ridicularizem cren\u00e7as evang\u00e9licas e cat\u00f3licas, sobretudo em desfiles e eventos carnavalescos. A iniciativa tramita na C\u00e2mara e reacende o debate entre liberdade art\u00edstica e respeito religioso. Segundo o parlamentar, a medida responde ao que ele chama de uso recorrente de s\u00edmbolos sagrados de forma ofensiva. Para Gil, desfiles de escolas de samba t\u00eam inclu\u00eddo elementos profanos que ferem a espiritualidade de milh\u00f5es de brasileiros. O deputado afirma que o Carnaval deveria promover uni\u00e3o e celebra\u00e7\u00e3o, n\u00e3o afronta a valores religiosos. Pelo projeto, infra\u00e7\u00f5es resultariam em advert\u00eancia formal e multa equivalente a 300 sal\u00e1rios m\u00ednimos. Em caso de reincid\u00eancia, o texto prev\u00ea san\u00e7\u00f5es mais duras, como a suspens\u00e3o das atividades das escolas de samba e organiza\u00e7\u00f5es respons\u00e1veis por at\u00e9 36 meses, ampliando o impacto administrativo e financeiro das penalidades. Conforme a proposta, prefeituras e governos estaduais ficariam respons\u00e1veis pela fiscaliza\u00e7\u00e3o das regras. O texto tamb\u00e9m determina a cria\u00e7\u00e3o de canais para den\u00fancias an\u00f4nimas, o que pode intensificar o controle sobre apresenta\u00e7\u00f5es. A mat\u00e9ria ainda ser\u00e1 analisada pelas comiss\u00f5es antes de seguir ao plen\u00e1rio.\" \/>\n<meta property=\"og:url\" content=\"http:\/\/sudoesteacontece.com.br\/?p=5845\" \/>\n<meta property=\"og:site_name\" content=\"Sudoesteacontece\" \/>\n<meta property=\"article:publisher\" content=\"https:\/\/www.facebook.com\/sudoesteacontece\/?locale=pt_BR\" \/>\n<meta property=\"article:published_time\" content=\"2026-01-11T21:14:52+00:00\" \/>\n<meta property=\"article:modified_time\" content=\"2026-01-11T21:14:54+00:00\" \/>\n<meta property=\"og:image\" content=\"http:\/\/sudoesteacontece.com.br\/wp-content\/uploads\/2026\/01\/Projeto-quer-proibir-ofensas-a-fe-crista-no-Carnaval-e-preve-multa-milionaria-sudoeste-acontece.jpg\" \/>\n<meta name=\"author\" content=\"sudoesteacontece\" \/>\n<meta name=\"twitter:card\" content=\"summary_large_image\" \/>\n<meta name=\"twitter:label1\" content=\"Escrito por\" \/>\n\t<meta name=\"twitter:data1\" content=\"sudoesteacontece\" \/>\n\t<meta name=\"twitter:label2\" content=\"Est. tempo de leitura\" \/>\n\t<meta name=\"twitter:data2\" content=\"2 minutos\" \/>\n<script type=\"application\/ld+json\" class=\"yoast-schema-graph\">{\"@context\":\"https:\/\/schema.org\",\"@graph\":[{\"@type\":\"Article\",\"@id\":\"http:\/\/sudoesteacontece.com.br\/?p=5845#article\",\"isPartOf\":{\"@id\":\"http:\/\/sudoesteacontece.com.br\/?p=5845\"},\"author\":{\"name\":\"sudoesteacontece\",\"@id\":\"https:\/\/sudoesteacontece.com.br\/#\/schema\/person\/f4b00cd0a26ac17646f19707cdceb2ce\"},\"headline\":\"Projeto quer proibir ofensas \u00e0 f\u00e9 crist\u00e3 no Carnaval e prev\u00ea multa milion\u00e1ria\",\"datePublished\":\"2026-01-11T21:14:52+00:00\",\"dateModified\":\"2026-01-11T21:14:54+00:00\",\"mainEntityOfPage\":{\"@id\":\"http:\/\/sudoesteacontece.com.br\/?p=5845\"},\"wordCount\":241,\"commentCount\":0,\"publisher\":{\"@id\":\"https:\/\/sudoesteacontece.com.br\/#organization\"},\"image\":{\"@id\":\"http:\/\/sudoesteacontece.com.br\/?p=5845#primaryimage\"},\"thumbnailUrl\":\"http:\/\/sudoesteacontece.com.br\/wp-content\/uploads\/2026\/01\/Projeto-quer-proibir-ofensas-a-fe-crista-no-Carnaval-e-preve-multa-milionaria-sudoeste-acontece.jpg\",\"articleSection\":[\"Brasil\",\"Pol\u00edtica\",\"Religi\u00e3o\"],\"inLanguage\":\"pt-BR\",\"potentialAction\":[{\"@type\":\"CommentAction\",\"name\":\"Comment\",\"target\":[\"http:\/\/sudoesteacontece.com.br\/?p=5845#respond\"]}]},{\"@type\":\"WebPage\",\"@id\":\"http:\/\/sudoesteacontece.com.br\/?p=5845\",\"url\":\"http:\/\/sudoesteacontece.com.br\/?p=5845\",\"name\":\"Projeto quer proibir ofensas \u00e0 f\u00e9 crist\u00e3 no Carnaval e prev\u00ea multa milion\u00e1ria - Sudoesteacontece\",\"isPartOf\":{\"@id\":\"https:\/\/sudoesteacontece.com.br\/#website\"},\"primaryImageOfPage\":{\"@id\":\"http:\/\/sudoesteacontece.com.br\/?p=5845#primaryimage\"},\"image\":{\"@id\":\"http:\/\/sudoesteacontece.com.br\/?p=5845#primaryimage\"},\"thumbnailUrl\":\"http:\/\/sudoesteacontece.com.br\/wp-content\/uploads\/2026\/01\/Projeto-quer-proibir-ofensas-a-fe-crista-no-Carnaval-e-preve-multa-milionaria-sudoeste-acontece.jpg\",\"datePublished\":\"2026-01-11T21:14:52+00:00\",\"dateModified\":\"2026-01-11T21:14:54+00:00\",\"breadcrumb\":{\"@id\":\"http:\/\/sudoesteacontece.com.br\/?p=5845#breadcrumb\"},\"inLanguage\":\"pt-BR\",\"potentialAction\":[{\"@type\":\"ReadAction\",\"target\":[\"http:\/\/sudoesteacontece.com.br\/?p=5845\"]}]},{\"@type\":\"ImageObject\",\"inLanguage\":\"pt-BR\",\"@id\":\"http:\/\/sudoesteacontece.com.br\/?p=5845#primaryimage\",\"url\":\"https:\/\/sudoesteacontece.com.br\/wp-content\/uploads\/2026\/01\/Projeto-quer-proibir-ofensas-a-fe-crista-no-Carnaval-e-preve-multa-milionaria-sudoeste-acontece.jpg\",\"contentUrl\":\"https:\/\/sudoesteacontece.com.br\/wp-content\/uploads\/2026\/01\/Projeto-quer-proibir-ofensas-a-fe-crista-no-Carnaval-e-preve-multa-milionaria-sudoeste-acontece.jpg\",\"width\":900,\"height\":600},{\"@type\":\"BreadcrumbList\",\"@id\":\"http:\/\/sudoesteacontece.com.br\/?p=5845#breadcrumb\",\"itemListElement\":[{\"@type\":\"ListItem\",\"position\":1,\"name\":\"In\u00edcio\",\"item\":\"https:\/\/sudoesteacontece.com.br\/\"},{\"@type\":\"ListItem\",\"position\":2,\"name\":\"Projeto quer proibir ofensas \u00e0 f\u00e9 crist\u00e3 no Carnaval e prev\u00ea multa milion\u00e1ria\"}]},{\"@type\":\"WebSite\",\"@id\":\"https:\/\/sudoesteacontece.com.br\/#website\",\"url\":\"https:\/\/sudoesteacontece.com.br\/\",\"name\":\"Sudoesteacontece\",\"description\":\"\",\"publisher\":{\"@id\":\"https:\/\/sudoesteacontece.com.br\/#organization\"},\"potentialAction\":[{\"@type\":\"SearchAction\",\"target\":{\"@type\":\"EntryPoint\",\"urlTemplate\":\"https:\/\/sudoesteacontece.com.br\/?s={search_term_string}\"},\"query-input\":{\"@type\":\"PropertyValueSpecification\",\"valueRequired\":true,\"valueName\":\"search_term_string\"}}],\"inLanguage\":\"pt-BR\"},{\"@type\":\"Organization\",\"@id\":\"https:\/\/sudoesteacontece.com.br\/#organization\",\"name\":\"Sudoesteacontece\",\"url\":\"https:\/\/sudoesteacontece.com.br\/\",\"logo\":{\"@type\":\"ImageObject\",\"inLanguage\":\"pt-BR\",\"@id\":\"https:\/\/sudoesteacontece.com.br\/#\/schema\/logo\/image\/\",\"url\":\"https:\/\/sudoesteacontece.com.br\/wp-content\/uploads\/2025\/12\/cropped-logo-2-180x180-1.png\",\"contentUrl\":\"https:\/\/sudoesteacontece.com.br\/wp-content\/uploads\/2025\/12\/cropped-logo-2-180x180-1.png\",\"width\":180,\"height\":180,\"caption\":\"Sudoesteacontece\"},\"image\":{\"@id\":\"https:\/\/sudoesteacontece.com.br\/#\/schema\/logo\/image\/\"},\"sameAs\":[\"https:\/\/www.facebook.com\/sudoesteacontece\/?locale=pt_BR\"]},{\"@type\":\"Person\",\"@id\":\"https:\/\/sudoesteacontece.com.br\/#\/schema\/person\/f4b00cd0a26ac17646f19707cdceb2ce\",\"name\":\"sudoesteacontece\",\"image\":{\"@type\":\"ImageObject\",\"inLanguage\":\"pt-BR\",\"@id\":\"https:\/\/sudoesteacontece.com.br\/#\/schema\/person\/image\/\",\"url\":\"https:\/\/secure.gravatar.com\/avatar\/704557d1f79b454f041f9e5935f2b0e8393614e97e537fc508d1d628292cacfd?s=96&d=mm&r=g\",\"contentUrl\":\"https:\/\/secure.gravatar.com\/avatar\/704557d1f79b454f041f9e5935f2b0e8393614e97e537fc508d1d628292cacfd?s=96&d=mm&r=g\",\"caption\":\"sudoesteacontece\"},\"sameAs\":[\"http:\/\/sudoesteacontece.com.br\"],\"url\":\"https:\/\/sudoesteacontece.com.br\/?author=1\"}]}<\/script>\n<!-- \/ Yoast SEO plugin. -->","yoast_head_json":{"title":"Projeto quer proibir ofensas \u00e0 f\u00e9 crist\u00e3 no Carnaval e prev\u00ea multa milion\u00e1ria - Sudoesteacontece","robots":{"index":"index","follow":"follow","max-snippet":"max-snippet:-1","max-image-preview":"max-image-preview:large","max-video-preview":"max-video-preview:-1"},"canonical":"http:\/\/sudoesteacontece.com.br\/?p=5845","og_locale":"pt_BR","og_type":"article","og_title":"Projeto quer proibir ofensas \u00e0 f\u00e9 crist\u00e3 no Carnaval e prev\u00ea multa milion\u00e1ria - Sudoesteacontece","og_description":"Proposta apresentada pelo deputado federal Pastor Gil (PL-MA) pretende proibir representa\u00e7\u00f5es consideradas desrespeitosas \u00e0 f\u00e9 crist\u00e3 durante o Carnaval. O texto mira express\u00f5es art\u00edsticas que ridicularizem cren\u00e7as evang\u00e9licas e cat\u00f3licas, sobretudo em desfiles e eventos carnavalescos. A iniciativa tramita na C\u00e2mara e reacende o debate entre liberdade art\u00edstica e respeito religioso. Segundo o parlamentar, a medida responde ao que ele chama de uso recorrente de s\u00edmbolos sagrados de forma ofensiva. Para Gil, desfiles de escolas de samba t\u00eam inclu\u00eddo elementos profanos que ferem a espiritualidade de milh\u00f5es de brasileiros. O deputado afirma que o Carnaval deveria promover uni\u00e3o e celebra\u00e7\u00e3o, n\u00e3o afronta a valores religiosos. Pelo projeto, infra\u00e7\u00f5es resultariam em advert\u00eancia formal e multa equivalente a 300 sal\u00e1rios m\u00ednimos. Em caso de reincid\u00eancia, o texto prev\u00ea san\u00e7\u00f5es mais duras, como a suspens\u00e3o das atividades das escolas de samba e organiza\u00e7\u00f5es respons\u00e1veis por at\u00e9 36 meses, ampliando o impacto administrativo e financeiro das penalidades. Conforme a proposta, prefeituras e governos estaduais ficariam respons\u00e1veis pela fiscaliza\u00e7\u00e3o das regras. O texto tamb\u00e9m determina a cria\u00e7\u00e3o de canais para den\u00fancias an\u00f4nimas, o que pode intensificar o controle sobre apresenta\u00e7\u00f5es. A mat\u00e9ria ainda ser\u00e1 analisada pelas comiss\u00f5es antes de seguir ao plen\u00e1rio.","og_url":"http:\/\/sudoesteacontece.com.br\/?p=5845","og_site_name":"Sudoesteacontece","article_publisher":"https:\/\/www.facebook.com\/sudoesteacontece\/?locale=pt_BR","article_published_time":"2026-01-11T21:14:52+00:00","article_modified_time":"2026-01-11T21:14:54+00:00","og_image":[{"url":"http:\/\/sudoesteacontece.com.br\/wp-content\/uploads\/2026\/01\/Projeto-quer-proibir-ofensas-a-fe-crista-no-Carnaval-e-preve-multa-milionaria-sudoeste-acontece.jpg","type":"","width":"","height":""}],"author":"sudoesteacontece","twitter_card":"summary_large_image","twitter_misc":{"Escrito por":"sudoesteacontece","Est. tempo de leitura":"2 minutos"},"schema":{"@context":"https:\/\/schema.org","@graph":[{"@type":"Article","@id":"http:\/\/sudoesteacontece.com.br\/?p=5845#article","isPartOf":{"@id":"http:\/\/sudoesteacontece.com.br\/?p=5845"},"author":{"name":"sudoesteacontece","@id":"https:\/\/sudoesteacontece.com.br\/#\/schema\/person\/f4b00cd0a26ac17646f19707cdceb2ce"},"headline":"Projeto quer proibir ofensas \u00e0 f\u00e9 crist\u00e3 no Carnaval e prev\u00ea multa milion\u00e1ria","datePublished":"2026-01-11T21:14:52+00:00","dateModified":"2026-01-11T21:14:54+00:00","mainEntityOfPage":{"@id":"http:\/\/sudoesteacontece.com.br\/?p=5845"},"wordCount":241,"commentCount":0,"publisher":{"@id":"https:\/\/sudoesteacontece.com.br\/#organization"},"image":{"@id":"http:\/\/sudoesteacontece.com.br\/?p=5845#primaryimage"},"thumbnailUrl":"http:\/\/sudoesteacontece.com.br\/wp-content\/uploads\/2026\/01\/Projeto-quer-proibir-ofensas-a-fe-crista-no-Carnaval-e-preve-multa-milionaria-sudoeste-acontece.jpg","articleSection":["Brasil","Pol\u00edtica","Religi\u00e3o"],"inLanguage":"pt-BR","potentialAction":[{"@type":"CommentAction","name":"Comment","target":["http:\/\/sudoesteacontece.com.br\/?p=5845#respond"]}]},{"@type":"WebPage","@id":"http:\/\/sudoesteacontece.com.br\/?p=5845","url":"http:\/\/sudoesteacontece.com.br\/?p=5845","name":"Projeto quer proibir ofensas \u00e0 f\u00e9 crist\u00e3 no Carnaval e prev\u00ea multa milion\u00e1ria - Sudoesteacontece","isPartOf":{"@id":"https:\/\/sudoesteacontece.com.br\/#website"},"primaryImageOfPage":{"@id":"http:\/\/sudoesteacontece.com.br\/?p=5845#primaryimage"},"image":{"@id":"http:\/\/sudoesteacontece.com.br\/?p=5845#primaryimage"},"thumbnailUrl":"http:\/\/sudoesteacontece.com.br\/wp-content\/uploads\/2026\/01\/Projeto-quer-proibir-ofensas-a-fe-crista-no-Carnaval-e-preve-multa-milionaria-sudoeste-acontece.jpg","datePublished":"2026-01-11T21:14:52+00:00","dateModified":"2026-01-11T21:14:54+00:00","breadcrumb":{"@id":"http:\/\/sudoesteacontece.com.br\/?p=5845#breadcrumb"},"inLanguage":"pt-BR","potentialAction":[{"@type":"ReadAction","target":["http:\/\/sudoesteacontece.com.br\/?p=5845"]}]},{"@type":"ImageObject","inLanguage":"pt-BR","@id":"http:\/\/sudoesteacontece.com.br\/?p=5845#primaryimage","url":"https:\/\/sudoesteacontece.com.br\/wp-content\/uploads\/2026\/01\/Projeto-quer-proibir-ofensas-a-fe-crista-no-Carnaval-e-preve-multa-milionaria-sudoeste-acontece.jpg","contentUrl":"https:\/\/sudoesteacontece.com.br\/wp-content\/uploads\/2026\/01\/Projeto-quer-proibir-ofensas-a-fe-crista-no-Carnaval-e-preve-multa-milionaria-sudoeste-acontece.jpg","width":900,"height":600},{"@type":"BreadcrumbList","@id":"http:\/\/sudoesteacontece.com.br\/?p=5845#breadcrumb","itemListElement":[{"@type":"ListItem","position":1,"name":"In\u00edcio","item":"https:\/\/sudoesteacontece.com.br\/"},{"@type":"ListItem","position":2,"name":"Projeto quer proibir ofensas \u00e0 f\u00e9 crist\u00e3 no Carnaval e prev\u00ea multa milion\u00e1ria"}]},{"@type":"WebSite","@id":"https:\/\/sudoesteacontece.com.br\/#website","url":"https:\/\/sudoesteacontece.com.br\/","name":"Sudoesteacontece","description":"","publisher":{"@id":"https:\/\/sudoesteacontece.com.br\/#organization"},"potentialAction":[{"@type":"SearchAction","target":{"@type":"EntryPoint","urlTemplate":"https:\/\/sudoesteacontece.com.br\/?s={search_term_string}"},"query-input":{"@type":"PropertyValueSpecification","valueRequired":true,"valueName":"search_term_string"}}],"inLanguage":"pt-BR"},{"@type":"Organization","@id":"https:\/\/sudoesteacontece.com.br\/#organization","name":"Sudoesteacontece","url":"https:\/\/sudoesteacontece.com.br\/","logo":{"@type":"ImageObject","inLanguage":"pt-BR","@id":"https:\/\/sudoesteacontece.com.br\/#\/schema\/logo\/image\/","url":"https:\/\/sudoesteacontece.com.br\/wp-content\/uploads\/2025\/12\/cropped-logo-2-180x180-1.png","contentUrl":"https:\/\/sudoesteacontece.com.br\/wp-content\/uploads\/2025\/12\/cropped-logo-2-180x180-1.png","width":180,"height":180,"caption":"Sudoesteacontece"},"image":{"@id":"https:\/\/sudoesteacontece.com.br\/#\/schema\/logo\/image\/"},"sameAs":["https:\/\/www.facebook.com\/sudoesteacontece\/?locale=pt_BR"]},{"@type":"Person","@id":"https:\/\/sudoesteacontece.com.br\/#\/schema\/person\/f4b00cd0a26ac17646f19707cdceb2ce","name":"sudoesteacontece","image":{"@type":"ImageObject","inLanguage":"pt-BR","@id":"https:\/\/sudoesteacontece.com.br\/#\/schema\/person\/image\/","url":"https:\/\/secure.gravatar.com\/avatar\/704557d1f79b454f041f9e5935f2b0e8393614e97e537fc508d1d628292cacfd?s=96&d=mm&r=g","contentUrl":"https:\/\/secure.gravatar.com\/avatar\/704557d1f79b454f041f9e5935f2b0e8393614e97e537fc508d1d628292cacfd?s=96&d=mm&r=g","caption":"sudoesteacontece"},"sameAs":["http:\/\/sudoesteacontece.com.br"],"url":"https:\/\/sudoesteacontece.com.br\/?author=1"}]}},"_links":{"self":[{"href":"https:\/\/sudoesteacontece.com.br\/index.php?rest_route=\/wp\/v2\/posts\/5845","targetHints":{"allow":["GET"]}}],"collection":[{"href":"https:\/\/sudoesteacontece.com.br\/index.php?rest_route=\/wp\/v2\/posts"}],"about":[{"href":"https:\/\/sudoesteacontece.com.br\/index.php?rest_route=\/wp\/v2\/types\/post"}],"author":[{"embeddable":true,"href":"https:\/\/sudoesteacontece.com.br\/index.php?rest_route=\/wp\/v2\/users\/1"}],"replies":[{"embeddable":true,"href":"https:\/\/sudoesteacontece.com.br\/index.php?rest_route=%2Fwp%2Fv2%2Fcomments&post=5845"}],"version-history":[{"count":0,"href":"https:\/\/sudoesteacontece.com.br\/index.php?rest_route=\/wp\/v2\/posts\/5845\/revisions"}],"wp:attachment":[{"href":"https:\/\/sudoesteacontece.com.br\/index.php?rest_route=%2Fwp%2Fv2%2Fmedia&parent=5845"}],"wp:term":[{"taxonomy":"category","embeddable":true,"href":"https:\/\/sudoesteacontece.com.br\/index.php?rest_route=%2Fwp%2Fv2%2Fcategories&post=5845"},{"taxonomy":"post_tag","embeddable":true,"href":"https:\/\/sudoesteacontece.com.br\/index.php?rest_route=%2Fwp%2Fv2%2Ftags&post=5845"}],"curies":[{"name":"wp","href":"https:\/\/api.w.org\/{rel}","templated":true}]}}