{"id":5846,"date":"2026-01-11T18:17:43","date_gmt":"2026-01-11T21:17:43","guid":{"rendered":"https:\/\/sudoesteacontece.com.br\/?p=5846"},"modified":"2026-01-11T18:17:45","modified_gmt":"2026-01-11T21:17:45","slug":"locutor-conhecido-como-roberto-e-esfaqueado-corre-para-supermercado-e-mobiliza-socorro-em-vitoria-da-conquista","status":"publish","type":"post","link":"https:\/\/sudoesteacontece.com.br\/?p=5846","title":{"rendered":"Locutor conhecido como Roberto \u00e9 esfaqueado, corre para supermercado e mobiliza socorro em Vit\u00f3ria da Conquista"},"content":{"rendered":"<div class=\"wp-block-image\">\n<figure class=\"aligncenter size-full\"><img fetchpriority=\"high\" decoding=\"async\" width=\"900\" height=\"600\" src=\"http:\/\/sudoesteacontece.com.br\/wp-content\/uploads\/2026\/01\/Locutor-conhecido-como-Roberto-e-esfaqueado-corre-para-supermercado-e-mobiliza-socorro-em-Vitoria-da-Conquista-sudoeste-acontece.jpg\" alt=\"\" class=\"wp-image-5866\" srcset=\"https:\/\/sudoesteacontece.com.br\/wp-content\/uploads\/2026\/01\/Locutor-conhecido-como-Roberto-e-esfaqueado-corre-para-supermercado-e-mobiliza-socorro-em-Vitoria-da-Conquista-sudoeste-acontece.jpg 900w, https:\/\/sudoesteacontece.com.br\/wp-content\/uploads\/2026\/01\/Locutor-conhecido-como-Roberto-e-esfaqueado-corre-para-supermercado-e-mobiliza-socorro-em-Vitoria-da-Conquista-sudoeste-acontece-300x200.jpg 300w, https:\/\/sudoesteacontece.com.br\/wp-content\/uploads\/2026\/01\/Locutor-conhecido-como-Roberto-e-esfaqueado-corre-para-supermercado-e-mobiliza-socorro-em-Vitoria-da-Conquista-sudoeste-acontece-768x512.jpg 768w\" sizes=\"(max-width: 900px) 100vw, 900px\" \/><\/figure>\n<\/div>\n\n\n<p>Momentos de tens\u00e3o marcaram a noite deste s\u00e1bado (10) no bairro Patag\u00f4nia, em Vit\u00f3ria da Conquista. Um homem foi esfaqueado e buscou ajuda dentro de um supermercado na Avenida Frei Benjamin, provocando correria e apreens\u00e3o entre clientes e funcion\u00e1rios. A v\u00edtima, ferida, entrou no local para se proteger, pediu socorro e acabou caindo ao ch\u00e3o.<\/p>\n\n\n\n<p>Informa\u00e7\u00f5es preliminares indicam que o ataque n\u00e3o ocorreu dentro do estabelecimento. O homem teria sido atingido por golpes de faca na Rua Porto Alegre, por volta das 22h. Mesmo ferido, conseguiu correr at\u00e9 a avenida principal, onde entrou no supermercado em busca de ajuda, o que chamou a aten\u00e7\u00e3o de quem estava no local.<\/p>\n\n\n\n<p>Identificado como Roberto, conhecido popularmente como locutor, o homem \u00e9 figura conhecida na cidade, especialmente no bairro Patag\u00f4nia, onde mora, e no Centro. Ele costuma trabalhar fazendo an\u00fancios e propagandas em portas de lojas comerciais, o que o tornou bastante reconhecido por comerciantes e moradores.<\/p>\n\n\n\n<p>Equipes do Samu 192 foram acionadas e prestaram os primeiros atendimentos ainda no local. Ap\u00f3s ser estabilizado, Roberto foi levado ao Hospital Geral de Vit\u00f3ria da Conquista, o Hospital de Base. A Pol\u00edcia Militar registrou a ocorr\u00eancia e fez rondas na regi\u00e3o para localizar o suspeito. A Pol\u00edcia Civil investiga o caso.<\/p>\n","protected":false},"excerpt":{"rendered":"<p>Momentos de tens\u00e3o marcaram a noite deste s\u00e1bado (10) no bairro Patag\u00f4nia, em Vit\u00f3ria da Conquista. Um homem foi esfaqueado e buscou ajuda dentro de um supermercado na Avenida Frei Benjamin, provocando correria e apreens\u00e3o entre clientes e funcion\u00e1rios. A v\u00edtima, ferida, entrou no local para se proteger, pediu socorro e acabou caindo ao ch\u00e3o. Informa\u00e7\u00f5es preliminares indicam que o ataque n\u00e3o ocorreu dentro do estabelecimento. O homem teria sido atingido por golpes de faca na Rua Porto Alegre, por volta das 22h. Mesmo ferido, conseguiu correr at\u00e9 a avenida principal, onde entrou no supermercado em busca de ajuda, o que chamou a aten\u00e7\u00e3o de quem estava no local. Identificado como Roberto, conhecido popularmente como locutor, o homem \u00e9 figura conhecida na cidade, especialmente no bairro Patag\u00f4nia, onde mora, e no Centro. Ele costuma trabalhar fazendo an\u00fancios e propagandas em portas de lojas comerciais, o que o tornou bastante reconhecido por comerciantes e moradores. Equipes do Samu 192 foram acionadas e prestaram os primeiros atendimentos ainda no local. Ap\u00f3s ser estabilizado, Roberto foi levado ao Hospital Geral de Vit\u00f3ria da Conquista, o Hospital de Base. A Pol\u00edcia Militar registrou a ocorr\u00eancia e fez rondas na regi\u00e3o para localizar o suspeito. A Pol\u00edcia Civil investiga o caso.<\/p>\n","protected":false},"author":4,"featured_media":5866,"comment_status":"open","ping_status":"open","sticky":false,"template":"","format":"standard","meta":{"footnotes":""},"categories":[4,16,8],"tags":[],"class_list":["post-5846","post","type-post","status-publish","format-standard","has-post-thumbnail","hentry","category-cidades","category-tv-radio-e-cinema","category-vitoria-da-conquista"],"yoast_head":"<!-- This site is optimized with the Yoast SEO plugin v26.5 - https:\/\/yoast.com\/wordpress\/plugins\/seo\/ -->\n<title>Locutor conhecido como Roberto \u00e9 esfaqueado, corre para supermercado e mobiliza socorro em Vit\u00f3ria da Conquista - Sudoesteacontece<\/title>\n<meta name=\"robots\" content=\"index, follow, max-snippet:-1, max-image-preview:large, max-video-preview:-1\" \/>\n<link rel=\"canonical\" href=\"https:\/\/sudoesteacontece.com.br\/?p=5846\" \/>\n<meta property=\"og:locale\" content=\"pt_BR\" \/>\n<meta property=\"og:type\" content=\"article\" \/>\n<meta property=\"og:title\" content=\"Locutor conhecido como Roberto \u00e9 esfaqueado, corre para supermercado e mobiliza socorro em Vit\u00f3ria da Conquista - Sudoesteacontece\" \/>\n<meta property=\"og:description\" content=\"Momentos de tens\u00e3o marcaram a noite deste s\u00e1bado (10) no bairro Patag\u00f4nia, em Vit\u00f3ria da Conquista. Um homem foi esfaqueado e buscou ajuda dentro de um supermercado na Avenida Frei Benjamin, provocando correria e apreens\u00e3o entre clientes e funcion\u00e1rios. A v\u00edtima, ferida, entrou no local para se proteger, pediu socorro e acabou caindo ao ch\u00e3o. Informa\u00e7\u00f5es preliminares indicam que o ataque n\u00e3o ocorreu dentro do estabelecimento. O homem teria sido atingido por golpes de faca na Rua Porto Alegre, por volta das 22h. Mesmo ferido, conseguiu correr at\u00e9 a avenida principal, onde entrou no supermercado em busca de ajuda, o que chamou a aten\u00e7\u00e3o de quem estava no local. Identificado como Roberto, conhecido popularmente como locutor, o homem \u00e9 figura conhecida na cidade, especialmente no bairro Patag\u00f4nia, onde mora, e no Centro. Ele costuma trabalhar fazendo an\u00fancios e propagandas em portas de lojas comerciais, o que o tornou bastante reconhecido por comerciantes e moradores. Equipes do Samu 192 foram acionadas e prestaram os primeiros atendimentos ainda no local. Ap\u00f3s ser estabilizado, Roberto foi levado ao Hospital Geral de Vit\u00f3ria da Conquista, o Hospital de Base. A Pol\u00edcia Militar registrou a ocorr\u00eancia e fez rondas na regi\u00e3o para localizar o suspeito. A Pol\u00edcia Civil investiga o caso.\" \/>\n<meta property=\"og:url\" content=\"https:\/\/sudoesteacontece.com.br\/?p=5846\" \/>\n<meta property=\"og:site_name\" content=\"Sudoesteacontece\" \/>\n<meta property=\"article:publisher\" content=\"https:\/\/www.facebook.com\/sudoesteacontece\/?locale=pt_BR\" \/>\n<meta property=\"article:published_time\" content=\"2026-01-11T21:17:43+00:00\" \/>\n<meta property=\"article:modified_time\" content=\"2026-01-11T21:17:45+00:00\" \/>\n<meta property=\"og:image\" content=\"https:\/\/sudoesteacontece.com.br\/wp-content\/uploads\/2026\/01\/Locutor-conhecido-como-Roberto-e-esfaqueado-corre-para-supermercado-e-mobiliza-socorro-em-Vitoria-da-Conquista-sudoeste-acontece.jpg\" \/>\n\t<meta property=\"og:image:width\" content=\"900\" \/>\n\t<meta property=\"og:image:height\" content=\"600\" \/>\n\t<meta property=\"og:image:type\" content=\"image\/jpeg\" \/>\n<meta name=\"author\" content=\"Reda\u00e7\u00e3o\" \/>\n<meta name=\"twitter:card\" content=\"summary_large_image\" \/>\n<meta name=\"twitter:label1\" content=\"Escrito por\" \/>\n\t<meta name=\"twitter:data1\" content=\"Reda\u00e7\u00e3o\" \/>\n\t<meta name=\"twitter:label2\" content=\"Est. tempo de leitura\" \/>\n\t<meta name=\"twitter:data2\" content=\"2 minutos\" \/>\n<script type=\"application\/ld+json\" class=\"yoast-schema-graph\">{\"@context\":\"https:\/\/schema.org\",\"@graph\":[{\"@type\":\"Article\",\"@id\":\"https:\/\/sudoesteacontece.com.br\/?p=5846#article\",\"isPartOf\":{\"@id\":\"https:\/\/sudoesteacontece.com.br\/?p=5846\"},\"author\":{\"name\":\"Reda\u00e7\u00e3o\",\"@id\":\"https:\/\/sudoesteacontece.com.br\/#\/schema\/person\/a4f22429c1d0923ef8f7d43343f8dc38\"},\"headline\":\"Locutor conhecido como Roberto \u00e9 esfaqueado, corre para supermercado e mobiliza socorro em Vit\u00f3ria da Conquista\",\"datePublished\":\"2026-01-11T21:17:43+00:00\",\"dateModified\":\"2026-01-11T21:17:45+00:00\",\"mainEntityOfPage\":{\"@id\":\"https:\/\/sudoesteacontece.com.br\/?p=5846\"},\"wordCount\":238,\"commentCount\":0,\"publisher\":{\"@id\":\"https:\/\/sudoesteacontece.com.br\/#organization\"},\"image\":{\"@id\":\"https:\/\/sudoesteacontece.com.br\/?p=5846#primaryimage\"},\"thumbnailUrl\":\"https:\/\/sudoesteacontece.com.br\/wp-content\/uploads\/2026\/01\/Locutor-conhecido-como-Roberto-e-esfaqueado-corre-para-supermercado-e-mobiliza-socorro-em-Vitoria-da-Conquista-sudoeste-acontece.jpg\",\"articleSection\":[\"Cidades\",\"TV, R\u00e1dio e Cinema\",\"Vit\u00f3ria da Conquista\"],\"inLanguage\":\"pt-BR\",\"potentialAction\":[{\"@type\":\"CommentAction\",\"name\":\"Comment\",\"target\":[\"https:\/\/sudoesteacontece.com.br\/?p=5846#respond\"]}]},{\"@type\":\"WebPage\",\"@id\":\"https:\/\/sudoesteacontece.com.br\/?p=5846\",\"url\":\"https:\/\/sudoesteacontece.com.br\/?p=5846\",\"name\":\"Locutor conhecido como Roberto \u00e9 esfaqueado, corre para supermercado e mobiliza socorro em Vit\u00f3ria da Conquista - Sudoesteacontece\",\"isPartOf\":{\"@id\":\"https:\/\/sudoesteacontece.com.br\/#website\"},\"primaryImageOfPage\":{\"@id\":\"https:\/\/sudoesteacontece.com.br\/?p=5846#primaryimage\"},\"image\":{\"@id\":\"https:\/\/sudoesteacontece.com.br\/?p=5846#primaryimage\"},\"thumbnailUrl\":\"https:\/\/sudoesteacontece.com.br\/wp-content\/uploads\/2026\/01\/Locutor-conhecido-como-Roberto-e-esfaqueado-corre-para-supermercado-e-mobiliza-socorro-em-Vitoria-da-Conquista-sudoeste-acontece.jpg\",\"datePublished\":\"2026-01-11T21:17:43+00:00\",\"dateModified\":\"2026-01-11T21:17:45+00:00\",\"breadcrumb\":{\"@id\":\"https:\/\/sudoesteacontece.com.br\/?p=5846#breadcrumb\"},\"inLanguage\":\"pt-BR\",\"potentialAction\":[{\"@type\":\"ReadAction\",\"target\":[\"https:\/\/sudoesteacontece.com.br\/?p=5846\"]}]},{\"@type\":\"ImageObject\",\"inLanguage\":\"pt-BR\",\"@id\":\"https:\/\/sudoesteacontece.com.br\/?p=5846#primaryimage\",\"url\":\"https:\/\/sudoesteacontece.com.br\/wp-content\/uploads\/2026\/01\/Locutor-conhecido-como-Roberto-e-esfaqueado-corre-para-supermercado-e-mobiliza-socorro-em-Vitoria-da-Conquista-sudoeste-acontece.jpg\",\"contentUrl\":\"https:\/\/sudoesteacontece.com.br\/wp-content\/uploads\/2026\/01\/Locutor-conhecido-como-Roberto-e-esfaqueado-corre-para-supermercado-e-mobiliza-socorro-em-Vitoria-da-Conquista-sudoeste-acontece.jpg\",\"width\":900,\"height\":600},{\"@type\":\"BreadcrumbList\",\"@id\":\"https:\/\/sudoesteacontece.com.br\/?p=5846#breadcrumb\",\"itemListElement\":[{\"@type\":\"ListItem\",\"position\":1,\"name\":\"In\u00edcio\",\"item\":\"https:\/\/sudoesteacontece.com.br\/\"},{\"@type\":\"ListItem\",\"position\":2,\"name\":\"Locutor conhecido como Roberto \u00e9 esfaqueado, corre para supermercado e mobiliza socorro em Vit\u00f3ria da Conquista\"}]},{\"@type\":\"WebSite\",\"@id\":\"https:\/\/sudoesteacontece.com.br\/#website\",\"url\":\"https:\/\/sudoesteacontece.com.br\/\",\"name\":\"Sudoesteacontece\",\"description\":\"\",\"publisher\":{\"@id\":\"https:\/\/sudoesteacontece.com.br\/#organization\"},\"potentialAction\":[{\"@type\":\"SearchAction\",\"target\":{\"@type\":\"EntryPoint\",\"urlTemplate\":\"https:\/\/sudoesteacontece.com.br\/?s={search_term_string}\"},\"query-input\":{\"@type\":\"PropertyValueSpecification\",\"valueRequired\":true,\"valueName\":\"search_term_string\"}}],\"inLanguage\":\"pt-BR\"},{\"@type\":\"Organization\",\"@id\":\"https:\/\/sudoesteacontece.com.br\/#organization\",\"name\":\"Sudoesteacontece\",\"url\":\"https:\/\/sudoesteacontece.com.br\/\",\"logo\":{\"@type\":\"ImageObject\",\"inLanguage\":\"pt-BR\",\"@id\":\"https:\/\/sudoesteacontece.com.br\/#\/schema\/logo\/image\/\",\"url\":\"https:\/\/sudoesteacontece.com.br\/wp-content\/uploads\/2025\/12\/cropped-logo-2-180x180-1.png\",\"contentUrl\":\"https:\/\/sudoesteacontece.com.br\/wp-content\/uploads\/2025\/12\/cropped-logo-2-180x180-1.png\",\"width\":180,\"height\":180,\"caption\":\"Sudoesteacontece\"},\"image\":{\"@id\":\"https:\/\/sudoesteacontece.com.br\/#\/schema\/logo\/image\/\"},\"sameAs\":[\"https:\/\/www.facebook.com\/sudoesteacontece\/?locale=pt_BR\"]},{\"@type\":\"Person\",\"@id\":\"https:\/\/sudoesteacontece.com.br\/#\/schema\/person\/a4f22429c1d0923ef8f7d43343f8dc38\",\"name\":\"Reda\u00e7\u00e3o\",\"image\":{\"@type\":\"ImageObject\",\"inLanguage\":\"pt-BR\",\"@id\":\"https:\/\/sudoesteacontece.com.br\/#\/schema\/person\/image\/\",\"url\":\"https:\/\/secure.gravatar.com\/avatar\/c3a5b3c93f268a709c25a2df414c629a96fb3b1b4bf97a94fb3f72e54ae76903?s=96&d=mm&r=g\",\"contentUrl\":\"https:\/\/secure.gravatar.com\/avatar\/c3a5b3c93f268a709c25a2df414c629a96fb3b1b4bf97a94fb3f72e54ae76903?s=96&d=mm&r=g\",\"caption\":\"Reda\u00e7\u00e3o\"},\"url\":\"https:\/\/sudoesteacontece.com.br\/?author=4\"}]}<\/script>\n<!-- \/ Yoast SEO plugin. -->","yoast_head_json":{"title":"Locutor conhecido como Roberto \u00e9 esfaqueado, corre para supermercado e mobiliza socorro em Vit\u00f3ria da Conquista - Sudoesteacontece","robots":{"index":"index","follow":"follow","max-snippet":"max-snippet:-1","max-image-preview":"max-image-preview:large","max-video-preview":"max-video-preview:-1"},"canonical":"https:\/\/sudoesteacontece.com.br\/?p=5846","og_locale":"pt_BR","og_type":"article","og_title":"Locutor conhecido como Roberto \u00e9 esfaqueado, corre para supermercado e mobiliza socorro em Vit\u00f3ria da Conquista - Sudoesteacontece","og_description":"Momentos de tens\u00e3o marcaram a noite deste s\u00e1bado (10) no bairro Patag\u00f4nia, em Vit\u00f3ria da Conquista. Um homem foi esfaqueado e buscou ajuda dentro de um supermercado na Avenida Frei Benjamin, provocando correria e apreens\u00e3o entre clientes e funcion\u00e1rios. A v\u00edtima, ferida, entrou no local para se proteger, pediu socorro e acabou caindo ao ch\u00e3o. Informa\u00e7\u00f5es preliminares indicam que o ataque n\u00e3o ocorreu dentro do estabelecimento. O homem teria sido atingido por golpes de faca na Rua Porto Alegre, por volta das 22h. Mesmo ferido, conseguiu correr at\u00e9 a avenida principal, onde entrou no supermercado em busca de ajuda, o que chamou a aten\u00e7\u00e3o de quem estava no local. Identificado como Roberto, conhecido popularmente como locutor, o homem \u00e9 figura conhecida na cidade, especialmente no bairro Patag\u00f4nia, onde mora, e no Centro. Ele costuma trabalhar fazendo an\u00fancios e propagandas em portas de lojas comerciais, o que o tornou bastante reconhecido por comerciantes e moradores. Equipes do Samu 192 foram acionadas e prestaram os primeiros atendimentos ainda no local. Ap\u00f3s ser estabilizado, Roberto foi levado ao Hospital Geral de Vit\u00f3ria da Conquista, o Hospital de Base. A Pol\u00edcia Militar registrou a ocorr\u00eancia e fez rondas na regi\u00e3o para localizar o suspeito. A Pol\u00edcia Civil investiga o caso.","og_url":"https:\/\/sudoesteacontece.com.br\/?p=5846","og_site_name":"Sudoesteacontece","article_publisher":"https:\/\/www.facebook.com\/sudoesteacontece\/?locale=pt_BR","article_published_time":"2026-01-11T21:17:43+00:00","article_modified_time":"2026-01-11T21:17:45+00:00","og_image":[{"width":900,"height":600,"url":"https:\/\/sudoesteacontece.com.br\/wp-content\/uploads\/2026\/01\/Locutor-conhecido-como-Roberto-e-esfaqueado-corre-para-supermercado-e-mobiliza-socorro-em-Vitoria-da-Conquista-sudoeste-acontece.jpg","type":"image\/jpeg"}],"author":"Reda\u00e7\u00e3o","twitter_card":"summary_large_image","twitter_misc":{"Escrito por":"Reda\u00e7\u00e3o","Est. tempo de leitura":"2 minutos"},"schema":{"@context":"https:\/\/schema.org","@graph":[{"@type":"Article","@id":"https:\/\/sudoesteacontece.com.br\/?p=5846#article","isPartOf":{"@id":"https:\/\/sudoesteacontece.com.br\/?p=5846"},"author":{"name":"Reda\u00e7\u00e3o","@id":"https:\/\/sudoesteacontece.com.br\/#\/schema\/person\/a4f22429c1d0923ef8f7d43343f8dc38"},"headline":"Locutor conhecido como Roberto \u00e9 esfaqueado, corre para supermercado e mobiliza socorro em Vit\u00f3ria da Conquista","datePublished":"2026-01-11T21:17:43+00:00","dateModified":"2026-01-11T21:17:45+00:00","mainEntityOfPage":{"@id":"https:\/\/sudoesteacontece.com.br\/?p=5846"},"wordCount":238,"commentCount":0,"publisher":{"@id":"https:\/\/sudoesteacontece.com.br\/#organization"},"image":{"@id":"https:\/\/sudoesteacontece.com.br\/?p=5846#primaryimage"},"thumbnailUrl":"https:\/\/sudoesteacontece.com.br\/wp-content\/uploads\/2026\/01\/Locutor-conhecido-como-Roberto-e-esfaqueado-corre-para-supermercado-e-mobiliza-socorro-em-Vitoria-da-Conquista-sudoeste-acontece.jpg","articleSection":["Cidades","TV, R\u00e1dio e Cinema","Vit\u00f3ria da Conquista"],"inLanguage":"pt-BR","potentialAction":[{"@type":"CommentAction","name":"Comment","target":["https:\/\/sudoesteacontece.com.br\/?p=5846#respond"]}]},{"@type":"WebPage","@id":"https:\/\/sudoesteacontece.com.br\/?p=5846","url":"https:\/\/sudoesteacontece.com.br\/?p=5846","name":"Locutor conhecido como Roberto \u00e9 esfaqueado, corre para supermercado e mobiliza socorro em Vit\u00f3ria da Conquista - Sudoesteacontece","isPartOf":{"@id":"https:\/\/sudoesteacontece.com.br\/#website"},"primaryImageOfPage":{"@id":"https:\/\/sudoesteacontece.com.br\/?p=5846#primaryimage"},"image":{"@id":"https:\/\/sudoesteacontece.com.br\/?p=5846#primaryimage"},"thumbnailUrl":"https:\/\/sudoesteacontece.com.br\/wp-content\/uploads\/2026\/01\/Locutor-conhecido-como-Roberto-e-esfaqueado-corre-para-supermercado-e-mobiliza-socorro-em-Vitoria-da-Conquista-sudoeste-acontece.jpg","datePublished":"2026-01-11T21:17:43+00:00","dateModified":"2026-01-11T21:17:45+00:00","breadcrumb":{"@id":"https:\/\/sudoesteacontece.com.br\/?p=5846#breadcrumb"},"inLanguage":"pt-BR","potentialAction":[{"@type":"ReadAction","target":["https:\/\/sudoesteacontece.com.br\/?p=5846"]}]},{"@type":"ImageObject","inLanguage":"pt-BR","@id":"https:\/\/sudoesteacontece.com.br\/?p=5846#primaryimage","url":"https:\/\/sudoesteacontece.com.br\/wp-content\/uploads\/2026\/01\/Locutor-conhecido-como-Roberto-e-esfaqueado-corre-para-supermercado-e-mobiliza-socorro-em-Vitoria-da-Conquista-sudoeste-acontece.jpg","contentUrl":"https:\/\/sudoesteacontece.com.br\/wp-content\/uploads\/2026\/01\/Locutor-conhecido-como-Roberto-e-esfaqueado-corre-para-supermercado-e-mobiliza-socorro-em-Vitoria-da-Conquista-sudoeste-acontece.jpg","width":900,"height":600},{"@type":"BreadcrumbList","@id":"https:\/\/sudoesteacontece.com.br\/?p=5846#breadcrumb","itemListElement":[{"@type":"ListItem","position":1,"name":"In\u00edcio","item":"https:\/\/sudoesteacontece.com.br\/"},{"@type":"ListItem","position":2,"name":"Locutor conhecido como Roberto \u00e9 esfaqueado, corre para supermercado e mobiliza socorro em Vit\u00f3ria da Conquista"}]},{"@type":"WebSite","@id":"https:\/\/sudoesteacontece.com.br\/#website","url":"https:\/\/sudoesteacontece.com.br\/","name":"Sudoesteacontece","description":"","publisher":{"@id":"https:\/\/sudoesteacontece.com.br\/#organization"},"potentialAction":[{"@type":"SearchAction","target":{"@type":"EntryPoint","urlTemplate":"https:\/\/sudoesteacontece.com.br\/?s={search_term_string}"},"query-input":{"@type":"PropertyValueSpecification","valueRequired":true,"valueName":"search_term_string"}}],"inLanguage":"pt-BR"},{"@type":"Organization","@id":"https:\/\/sudoesteacontece.com.br\/#organization","name":"Sudoesteacontece","url":"https:\/\/sudoesteacontece.com.br\/","logo":{"@type":"ImageObject","inLanguage":"pt-BR","@id":"https:\/\/sudoesteacontece.com.br\/#\/schema\/logo\/image\/","url":"https:\/\/sudoesteacontece.com.br\/wp-content\/uploads\/2025\/12\/cropped-logo-2-180x180-1.png","contentUrl":"https:\/\/sudoesteacontece.com.br\/wp-content\/uploads\/2025\/12\/cropped-logo-2-180x180-1.png","width":180,"height":180,"caption":"Sudoesteacontece"},"image":{"@id":"https:\/\/sudoesteacontece.com.br\/#\/schema\/logo\/image\/"},"sameAs":["https:\/\/www.facebook.com\/sudoesteacontece\/?locale=pt_BR"]},{"@type":"Person","@id":"https:\/\/sudoesteacontece.com.br\/#\/schema\/person\/a4f22429c1d0923ef8f7d43343f8dc38","name":"Reda\u00e7\u00e3o","image":{"@type":"ImageObject","inLanguage":"pt-BR","@id":"https:\/\/sudoesteacontece.com.br\/#\/schema\/person\/image\/","url":"https:\/\/secure.gravatar.com\/avatar\/c3a5b3c93f268a709c25a2df414c629a96fb3b1b4bf97a94fb3f72e54ae76903?s=96&d=mm&r=g","contentUrl":"https:\/\/secure.gravatar.com\/avatar\/c3a5b3c93f268a709c25a2df414c629a96fb3b1b4bf97a94fb3f72e54ae76903?s=96&d=mm&r=g","caption":"Reda\u00e7\u00e3o"},"url":"https:\/\/sudoesteacontece.com.br\/?author=4"}]}},"_links":{"self":[{"href":"https:\/\/sudoesteacontece.com.br\/index.php?rest_route=\/wp\/v2\/posts\/5846","targetHints":{"allow":["GET"]}}],"collection":[{"href":"https:\/\/sudoesteacontece.com.br\/index.php?rest_route=\/wp\/v2\/posts"}],"about":[{"href":"https:\/\/sudoesteacontece.com.br\/index.php?rest_route=\/wp\/v2\/types\/post"}],"author":[{"embeddable":true,"href":"https:\/\/sudoesteacontece.com.br\/index.php?rest_route=\/wp\/v2\/users\/4"}],"replies":[{"embeddable":true,"href":"https:\/\/sudoesteacontece.com.br\/index.php?rest_route=%2Fwp%2Fv2%2Fcomments&post=5846"}],"version-history":[{"count":0,"href":"https:\/\/sudoesteacontece.com.br\/index.php?rest_route=\/wp\/v2\/posts\/5846\/revisions"}],"wp:featuredmedia":[{"embeddable":true,"href":"https:\/\/sudoesteacontece.com.br\/index.php?rest_route=\/wp\/v2\/media\/5866"}],"wp:attachment":[{"href":"https:\/\/sudoesteacontece.com.br\/index.php?rest_route=%2Fwp%2Fv2%2Fmedia&parent=5846"}],"wp:term":[{"taxonomy":"category","embeddable":true,"href":"https:\/\/sudoesteacontece.com.br\/index.php?rest_route=%2Fwp%2Fv2%2Fcategories&post=5846"},{"taxonomy":"post_tag","embeddable":true,"href":"https:\/\/sudoesteacontece.com.br\/index.php?rest_route=%2Fwp%2Fv2%2Ftags&post=5846"}],"curies":[{"name":"wp","href":"https:\/\/api.w.org\/{rel}","templated":true}]}}