{"id":5873,"date":"2026-01-12T09:22:51","date_gmt":"2026-01-12T12:22:51","guid":{"rendered":"https:\/\/sudoesteacontece.com.br\/?p=5873"},"modified":"2026-01-12T10:07:29","modified_gmt":"2026-01-12T13:07:29","slug":"caminhao-carregado-de-mangas-tomba-na-ba-148-e-interdita-acesso-a-dom-basilio","status":"publish","type":"post","link":"https:\/\/sudoesteacontece.com.br\/?p=5873","title":{"rendered":"Caminh\u00e3o carregado de mangas tomba na BA-148 e interdita acesso a Dom Bas\u00edlio"},"content":{"rendered":"<div class=\"wp-block-image\">\n<figure class=\"aligncenter size-full\"><img fetchpriority=\"high\" decoding=\"async\" width=\"900\" height=\"600\" src=\"http:\/\/sudoesteacontece.com.br\/wp-content\/uploads\/2026\/01\/Caminhao-carregado-de-mangas-tomba-na-BA-148-e-interdita-acesso-a-Dom-Basilio-sudoeste-acontece-1.jpg\" alt=\"\" class=\"wp-image-5897\" srcset=\"https:\/\/sudoesteacontece.com.br\/wp-content\/uploads\/2026\/01\/Caminhao-carregado-de-mangas-tomba-na-BA-148-e-interdita-acesso-a-Dom-Basilio-sudoeste-acontece-1.jpg 900w, https:\/\/sudoesteacontece.com.br\/wp-content\/uploads\/2026\/01\/Caminhao-carregado-de-mangas-tomba-na-BA-148-e-interdita-acesso-a-Dom-Basilio-sudoeste-acontece-1-300x200.jpg 300w, https:\/\/sudoesteacontece.com.br\/wp-content\/uploads\/2026\/01\/Caminhao-carregado-de-mangas-tomba-na-BA-148-e-interdita-acesso-a-Dom-Basilio-sudoeste-acontece-1-768x512.jpg 768w\" sizes=\"(max-width: 900px) 100vw, 900px\" \/><\/figure>\n<\/div>\n\n\n<p>Um caminh\u00e3o carregado com mangas tombou na noite de s\u00e1bado (10) na BA-148, no trevo de acesso a Dom Bas\u00edlio, no sudoeste da Bahia. O ve\u00edculo saiu de Rio de Contas, na Chapada Diamantina, e seguia para Londrina. Ap\u00f3s o acidente, o caminh\u00e3o parou \u00e0s margens da rodovia, espalhou parte da carga e exigiu aten\u00e7\u00e3o redobrada dos motoristas que passavam pelo local.<\/p>\n\n\n\n<p>Segundo relatos de moradores, o motorista perdeu o controle da dire\u00e7\u00e3o ao tentar desviar de uma motocicleta que trafegava pelo trecho. A manobra provocou o tombamento do caminh\u00e3o no acesso ao munic\u00edpio. Apesar do susto e dos danos materiais, o condutor n\u00e3o se feriu e dispensou atendimento m\u00e9dico no local.<\/p>\n\n\n\n<p>Equipes da 46\u00aa Companhia Independente da Pol\u00edcia Militar foram acionadas, sinalizaram a via e organizaram o tr\u00e1fego, que passou a fluir em meia pista. N\u00e3o houve registro de congestionamentos. A per\u00edcia t\u00e9cnica tamb\u00e9m foi chamada para apurar as causas do acidente.<\/p>\n","protected":false},"excerpt":{"rendered":"<p>Um caminh\u00e3o carregado com mangas tombou na noite de s\u00e1bado (10) na BA-148, no trevo de acesso a Dom Bas\u00edlio, no sudoeste da Bahia. O ve\u00edculo saiu de Rio de Contas, na Chapada Diamantina, e seguia para Londrina. Ap\u00f3s o acidente, o caminh\u00e3o parou \u00e0s margens da rodovia, espalhou parte da carga e exigiu aten\u00e7\u00e3o redobrada dos motoristas que passavam pelo local. Segundo relatos de moradores, o motorista perdeu o controle da dire\u00e7\u00e3o ao tentar desviar de uma motocicleta que trafegava pelo trecho. A manobra provocou o tombamento do caminh\u00e3o no acesso ao munic\u00edpio. Apesar do susto e dos danos materiais, o condutor n\u00e3o se feriu e dispensou atendimento m\u00e9dico no local. Equipes da 46\u00aa Companhia Independente da Pol\u00edcia Militar foram acionadas, sinalizaram a via e organizaram o tr\u00e1fego, que passou a fluir em meia pista. N\u00e3o houve registro de congestionamentos. A per\u00edcia t\u00e9cnica tamb\u00e9m foi chamada para apurar as causas do acidente.<\/p>\n","protected":false},"author":4,"featured_media":0,"comment_status":"open","ping_status":"open","sticky":false,"template":"","format":"standard","meta":{"footnotes":""},"categories":[5,63],"tags":[],"class_list":["post-5873","post","type-post","status-publish","format-standard","hentry","category-acidente","category-dom-basilio"],"yoast_head":"<!-- This site is optimized with the Yoast SEO plugin v26.5 - https:\/\/yoast.com\/wordpress\/plugins\/seo\/ -->\n<title>Caminh\u00e3o carregado de mangas tomba na BA-148 e interdita acesso a Dom Bas\u00edlio - Sudoesteacontece<\/title>\n<meta name=\"robots\" content=\"index, follow, max-snippet:-1, max-image-preview:large, max-video-preview:-1\" \/>\n<link rel=\"canonical\" href=\"https:\/\/sudoesteacontece.com.br\/?p=5873\" \/>\n<meta property=\"og:locale\" content=\"pt_BR\" \/>\n<meta property=\"og:type\" content=\"article\" \/>\n<meta property=\"og:title\" content=\"Caminh\u00e3o carregado de mangas tomba na BA-148 e interdita acesso a Dom Bas\u00edlio - Sudoesteacontece\" \/>\n<meta property=\"og:description\" content=\"Um caminh\u00e3o carregado com mangas tombou na noite de s\u00e1bado (10) na BA-148, no trevo de acesso a Dom Bas\u00edlio, no sudoeste da Bahia. O ve\u00edculo saiu de Rio de Contas, na Chapada Diamantina, e seguia para Londrina. Ap\u00f3s o acidente, o caminh\u00e3o parou \u00e0s margens da rodovia, espalhou parte da carga e exigiu aten\u00e7\u00e3o redobrada dos motoristas que passavam pelo local. Segundo relatos de moradores, o motorista perdeu o controle da dire\u00e7\u00e3o ao tentar desviar de uma motocicleta que trafegava pelo trecho. A manobra provocou o tombamento do caminh\u00e3o no acesso ao munic\u00edpio. Apesar do susto e dos danos materiais, o condutor n\u00e3o se feriu e dispensou atendimento m\u00e9dico no local. Equipes da 46\u00aa Companhia Independente da Pol\u00edcia Militar foram acionadas, sinalizaram a via e organizaram o tr\u00e1fego, que passou a fluir em meia pista. N\u00e3o houve registro de congestionamentos. A per\u00edcia t\u00e9cnica tamb\u00e9m foi chamada para apurar as causas do acidente.\" \/>\n<meta property=\"og:url\" content=\"https:\/\/sudoesteacontece.com.br\/?p=5873\" \/>\n<meta property=\"og:site_name\" content=\"Sudoesteacontece\" \/>\n<meta property=\"article:publisher\" content=\"https:\/\/www.facebook.com\/sudoesteacontece\/?locale=pt_BR\" \/>\n<meta property=\"article:published_time\" content=\"2026-01-12T12:22:51+00:00\" \/>\n<meta property=\"article:modified_time\" content=\"2026-01-12T13:07:29+00:00\" \/>\n<meta property=\"og:image\" content=\"http:\/\/sudoesteacontece.com.br\/wp-content\/uploads\/2026\/01\/Caminhao-carregado-de-mangas-tomba-na-BA-148-e-interdita-acesso-a-Dom-Basilio-sudoeste-acontece-1.jpg\" \/>\n<meta name=\"author\" content=\"Reda\u00e7\u00e3o\" \/>\n<meta name=\"twitter:card\" content=\"summary_large_image\" \/>\n<meta name=\"twitter:label1\" content=\"Escrito por\" \/>\n\t<meta name=\"twitter:data1\" content=\"Reda\u00e7\u00e3o\" \/>\n\t<meta name=\"twitter:label2\" content=\"Est. tempo de leitura\" \/>\n\t<meta name=\"twitter:data2\" content=\"2 minutos\" \/>\n<script type=\"application\/ld+json\" class=\"yoast-schema-graph\">{\"@context\":\"https:\/\/schema.org\",\"@graph\":[{\"@type\":\"Article\",\"@id\":\"https:\/\/sudoesteacontece.com.br\/?p=5873#article\",\"isPartOf\":{\"@id\":\"https:\/\/sudoesteacontece.com.br\/?p=5873\"},\"author\":{\"name\":\"Reda\u00e7\u00e3o\",\"@id\":\"https:\/\/sudoesteacontece.com.br\/#\/schema\/person\/a4f22429c1d0923ef8f7d43343f8dc38\"},\"headline\":\"Caminh\u00e3o carregado de mangas tomba na BA-148 e interdita acesso a Dom Bas\u00edlio\",\"datePublished\":\"2026-01-12T12:22:51+00:00\",\"dateModified\":\"2026-01-12T13:07:29+00:00\",\"mainEntityOfPage\":{\"@id\":\"https:\/\/sudoesteacontece.com.br\/?p=5873\"},\"wordCount\":184,\"commentCount\":0,\"publisher\":{\"@id\":\"https:\/\/sudoesteacontece.com.br\/#organization\"},\"image\":{\"@id\":\"https:\/\/sudoesteacontece.com.br\/?p=5873#primaryimage\"},\"thumbnailUrl\":\"http:\/\/sudoesteacontece.com.br\/wp-content\/uploads\/2026\/01\/Caminhao-carregado-de-mangas-tomba-na-BA-148-e-interdita-acesso-a-Dom-Basilio-sudoeste-acontece-1.jpg\",\"articleSection\":[\"Acidente\",\"Dom Bas\u00edlio\"],\"inLanguage\":\"pt-BR\",\"potentialAction\":[{\"@type\":\"CommentAction\",\"name\":\"Comment\",\"target\":[\"https:\/\/sudoesteacontece.com.br\/?p=5873#respond\"]}]},{\"@type\":\"WebPage\",\"@id\":\"https:\/\/sudoesteacontece.com.br\/?p=5873\",\"url\":\"https:\/\/sudoesteacontece.com.br\/?p=5873\",\"name\":\"Caminh\u00e3o carregado de mangas tomba na BA-148 e interdita acesso a Dom Bas\u00edlio - Sudoesteacontece\",\"isPartOf\":{\"@id\":\"https:\/\/sudoesteacontece.com.br\/#website\"},\"primaryImageOfPage\":{\"@id\":\"https:\/\/sudoesteacontece.com.br\/?p=5873#primaryimage\"},\"image\":{\"@id\":\"https:\/\/sudoesteacontece.com.br\/?p=5873#primaryimage\"},\"thumbnailUrl\":\"http:\/\/sudoesteacontece.com.br\/wp-content\/uploads\/2026\/01\/Caminhao-carregado-de-mangas-tomba-na-BA-148-e-interdita-acesso-a-Dom-Basilio-sudoeste-acontece-1.jpg\",\"datePublished\":\"2026-01-12T12:22:51+00:00\",\"dateModified\":\"2026-01-12T13:07:29+00:00\",\"breadcrumb\":{\"@id\":\"https:\/\/sudoesteacontece.com.br\/?p=5873#breadcrumb\"},\"inLanguage\":\"pt-BR\",\"potentialAction\":[{\"@type\":\"ReadAction\",\"target\":[\"https:\/\/sudoesteacontece.com.br\/?p=5873\"]}]},{\"@type\":\"ImageObject\",\"inLanguage\":\"pt-BR\",\"@id\":\"https:\/\/sudoesteacontece.com.br\/?p=5873#primaryimage\",\"url\":\"https:\/\/sudoesteacontece.com.br\/wp-content\/uploads\/2026\/01\/Caminhao-carregado-de-mangas-tomba-na-BA-148-e-interdita-acesso-a-Dom-Basilio-sudoeste-acontece-1.jpg\",\"contentUrl\":\"https:\/\/sudoesteacontece.com.br\/wp-content\/uploads\/2026\/01\/Caminhao-carregado-de-mangas-tomba-na-BA-148-e-interdita-acesso-a-Dom-Basilio-sudoeste-acontece-1.jpg\",\"width\":900,\"height\":600},{\"@type\":\"BreadcrumbList\",\"@id\":\"https:\/\/sudoesteacontece.com.br\/?p=5873#breadcrumb\",\"itemListElement\":[{\"@type\":\"ListItem\",\"position\":1,\"name\":\"In\u00edcio\",\"item\":\"https:\/\/sudoesteacontece.com.br\/\"},{\"@type\":\"ListItem\",\"position\":2,\"name\":\"Caminh\u00e3o carregado de mangas tomba na BA-148 e interdita acesso a Dom Bas\u00edlio\"}]},{\"@type\":\"WebSite\",\"@id\":\"https:\/\/sudoesteacontece.com.br\/#website\",\"url\":\"https:\/\/sudoesteacontece.com.br\/\",\"name\":\"Sudoesteacontece\",\"description\":\"\",\"publisher\":{\"@id\":\"https:\/\/sudoesteacontece.com.br\/#organization\"},\"potentialAction\":[{\"@type\":\"SearchAction\",\"target\":{\"@type\":\"EntryPoint\",\"urlTemplate\":\"https:\/\/sudoesteacontece.com.br\/?s={search_term_string}\"},\"query-input\":{\"@type\":\"PropertyValueSpecification\",\"valueRequired\":true,\"valueName\":\"search_term_string\"}}],\"inLanguage\":\"pt-BR\"},{\"@type\":\"Organization\",\"@id\":\"https:\/\/sudoesteacontece.com.br\/#organization\",\"name\":\"Sudoesteacontece\",\"url\":\"https:\/\/sudoesteacontece.com.br\/\",\"logo\":{\"@type\":\"ImageObject\",\"inLanguage\":\"pt-BR\",\"@id\":\"https:\/\/sudoesteacontece.com.br\/#\/schema\/logo\/image\/\",\"url\":\"https:\/\/sudoesteacontece.com.br\/wp-content\/uploads\/2025\/12\/cropped-logo-2-180x180-1.png\",\"contentUrl\":\"https:\/\/sudoesteacontece.com.br\/wp-content\/uploads\/2025\/12\/cropped-logo-2-180x180-1.png\",\"width\":180,\"height\":180,\"caption\":\"Sudoesteacontece\"},\"image\":{\"@id\":\"https:\/\/sudoesteacontece.com.br\/#\/schema\/logo\/image\/\"},\"sameAs\":[\"https:\/\/www.facebook.com\/sudoesteacontece\/?locale=pt_BR\"]},{\"@type\":\"Person\",\"@id\":\"https:\/\/sudoesteacontece.com.br\/#\/schema\/person\/a4f22429c1d0923ef8f7d43343f8dc38\",\"name\":\"Reda\u00e7\u00e3o\",\"image\":{\"@type\":\"ImageObject\",\"inLanguage\":\"pt-BR\",\"@id\":\"https:\/\/sudoesteacontece.com.br\/#\/schema\/person\/image\/\",\"url\":\"https:\/\/secure.gravatar.com\/avatar\/c3a5b3c93f268a709c25a2df414c629a96fb3b1b4bf97a94fb3f72e54ae76903?s=96&d=mm&r=g\",\"contentUrl\":\"https:\/\/secure.gravatar.com\/avatar\/c3a5b3c93f268a709c25a2df414c629a96fb3b1b4bf97a94fb3f72e54ae76903?s=96&d=mm&r=g\",\"caption\":\"Reda\u00e7\u00e3o\"},\"url\":\"https:\/\/sudoesteacontece.com.br\/?author=4\"}]}<\/script>\n<!-- \/ Yoast SEO plugin. -->","yoast_head_json":{"title":"Caminh\u00e3o carregado de mangas tomba na BA-148 e interdita acesso a Dom Bas\u00edlio - Sudoesteacontece","robots":{"index":"index","follow":"follow","max-snippet":"max-snippet:-1","max-image-preview":"max-image-preview:large","max-video-preview":"max-video-preview:-1"},"canonical":"https:\/\/sudoesteacontece.com.br\/?p=5873","og_locale":"pt_BR","og_type":"article","og_title":"Caminh\u00e3o carregado de mangas tomba na BA-148 e interdita acesso a Dom Bas\u00edlio - Sudoesteacontece","og_description":"Um caminh\u00e3o carregado com mangas tombou na noite de s\u00e1bado (10) na BA-148, no trevo de acesso a Dom Bas\u00edlio, no sudoeste da Bahia. O ve\u00edculo saiu de Rio de Contas, na Chapada Diamantina, e seguia para Londrina. Ap\u00f3s o acidente, o caminh\u00e3o parou \u00e0s margens da rodovia, espalhou parte da carga e exigiu aten\u00e7\u00e3o redobrada dos motoristas que passavam pelo local. Segundo relatos de moradores, o motorista perdeu o controle da dire\u00e7\u00e3o ao tentar desviar de uma motocicleta que trafegava pelo trecho. A manobra provocou o tombamento do caminh\u00e3o no acesso ao munic\u00edpio. Apesar do susto e dos danos materiais, o condutor n\u00e3o se feriu e dispensou atendimento m\u00e9dico no local. Equipes da 46\u00aa Companhia Independente da Pol\u00edcia Militar foram acionadas, sinalizaram a via e organizaram o tr\u00e1fego, que passou a fluir em meia pista. N\u00e3o houve registro de congestionamentos. A per\u00edcia t\u00e9cnica tamb\u00e9m foi chamada para apurar as causas do acidente.","og_url":"https:\/\/sudoesteacontece.com.br\/?p=5873","og_site_name":"Sudoesteacontece","article_publisher":"https:\/\/www.facebook.com\/sudoesteacontece\/?locale=pt_BR","article_published_time":"2026-01-12T12:22:51+00:00","article_modified_time":"2026-01-12T13:07:29+00:00","og_image":[{"url":"http:\/\/sudoesteacontece.com.br\/wp-content\/uploads\/2026\/01\/Caminhao-carregado-de-mangas-tomba-na-BA-148-e-interdita-acesso-a-Dom-Basilio-sudoeste-acontece-1.jpg","type":"","width":"","height":""}],"author":"Reda\u00e7\u00e3o","twitter_card":"summary_large_image","twitter_misc":{"Escrito por":"Reda\u00e7\u00e3o","Est. tempo de leitura":"2 minutos"},"schema":{"@context":"https:\/\/schema.org","@graph":[{"@type":"Article","@id":"https:\/\/sudoesteacontece.com.br\/?p=5873#article","isPartOf":{"@id":"https:\/\/sudoesteacontece.com.br\/?p=5873"},"author":{"name":"Reda\u00e7\u00e3o","@id":"https:\/\/sudoesteacontece.com.br\/#\/schema\/person\/a4f22429c1d0923ef8f7d43343f8dc38"},"headline":"Caminh\u00e3o carregado de mangas tomba na BA-148 e interdita acesso a Dom Bas\u00edlio","datePublished":"2026-01-12T12:22:51+00:00","dateModified":"2026-01-12T13:07:29+00:00","mainEntityOfPage":{"@id":"https:\/\/sudoesteacontece.com.br\/?p=5873"},"wordCount":184,"commentCount":0,"publisher":{"@id":"https:\/\/sudoesteacontece.com.br\/#organization"},"image":{"@id":"https:\/\/sudoesteacontece.com.br\/?p=5873#primaryimage"},"thumbnailUrl":"http:\/\/sudoesteacontece.com.br\/wp-content\/uploads\/2026\/01\/Caminhao-carregado-de-mangas-tomba-na-BA-148-e-interdita-acesso-a-Dom-Basilio-sudoeste-acontece-1.jpg","articleSection":["Acidente","Dom Bas\u00edlio"],"inLanguage":"pt-BR","potentialAction":[{"@type":"CommentAction","name":"Comment","target":["https:\/\/sudoesteacontece.com.br\/?p=5873#respond"]}]},{"@type":"WebPage","@id":"https:\/\/sudoesteacontece.com.br\/?p=5873","url":"https:\/\/sudoesteacontece.com.br\/?p=5873","name":"Caminh\u00e3o carregado de mangas tomba na BA-148 e interdita acesso a Dom Bas\u00edlio - Sudoesteacontece","isPartOf":{"@id":"https:\/\/sudoesteacontece.com.br\/#website"},"primaryImageOfPage":{"@id":"https:\/\/sudoesteacontece.com.br\/?p=5873#primaryimage"},"image":{"@id":"https:\/\/sudoesteacontece.com.br\/?p=5873#primaryimage"},"thumbnailUrl":"http:\/\/sudoesteacontece.com.br\/wp-content\/uploads\/2026\/01\/Caminhao-carregado-de-mangas-tomba-na-BA-148-e-interdita-acesso-a-Dom-Basilio-sudoeste-acontece-1.jpg","datePublished":"2026-01-12T12:22:51+00:00","dateModified":"2026-01-12T13:07:29+00:00","breadcrumb":{"@id":"https:\/\/sudoesteacontece.com.br\/?p=5873#breadcrumb"},"inLanguage":"pt-BR","potentialAction":[{"@type":"ReadAction","target":["https:\/\/sudoesteacontece.com.br\/?p=5873"]}]},{"@type":"ImageObject","inLanguage":"pt-BR","@id":"https:\/\/sudoesteacontece.com.br\/?p=5873#primaryimage","url":"https:\/\/sudoesteacontece.com.br\/wp-content\/uploads\/2026\/01\/Caminhao-carregado-de-mangas-tomba-na-BA-148-e-interdita-acesso-a-Dom-Basilio-sudoeste-acontece-1.jpg","contentUrl":"https:\/\/sudoesteacontece.com.br\/wp-content\/uploads\/2026\/01\/Caminhao-carregado-de-mangas-tomba-na-BA-148-e-interdita-acesso-a-Dom-Basilio-sudoeste-acontece-1.jpg","width":900,"height":600},{"@type":"BreadcrumbList","@id":"https:\/\/sudoesteacontece.com.br\/?p=5873#breadcrumb","itemListElement":[{"@type":"ListItem","position":1,"name":"In\u00edcio","item":"https:\/\/sudoesteacontece.com.br\/"},{"@type":"ListItem","position":2,"name":"Caminh\u00e3o carregado de mangas tomba na BA-148 e interdita acesso a Dom Bas\u00edlio"}]},{"@type":"WebSite","@id":"https:\/\/sudoesteacontece.com.br\/#website","url":"https:\/\/sudoesteacontece.com.br\/","name":"Sudoesteacontece","description":"","publisher":{"@id":"https:\/\/sudoesteacontece.com.br\/#organization"},"potentialAction":[{"@type":"SearchAction","target":{"@type":"EntryPoint","urlTemplate":"https:\/\/sudoesteacontece.com.br\/?s={search_term_string}"},"query-input":{"@type":"PropertyValueSpecification","valueRequired":true,"valueName":"search_term_string"}}],"inLanguage":"pt-BR"},{"@type":"Organization","@id":"https:\/\/sudoesteacontece.com.br\/#organization","name":"Sudoesteacontece","url":"https:\/\/sudoesteacontece.com.br\/","logo":{"@type":"ImageObject","inLanguage":"pt-BR","@id":"https:\/\/sudoesteacontece.com.br\/#\/schema\/logo\/image\/","url":"https:\/\/sudoesteacontece.com.br\/wp-content\/uploads\/2025\/12\/cropped-logo-2-180x180-1.png","contentUrl":"https:\/\/sudoesteacontece.com.br\/wp-content\/uploads\/2025\/12\/cropped-logo-2-180x180-1.png","width":180,"height":180,"caption":"Sudoesteacontece"},"image":{"@id":"https:\/\/sudoesteacontece.com.br\/#\/schema\/logo\/image\/"},"sameAs":["https:\/\/www.facebook.com\/sudoesteacontece\/?locale=pt_BR"]},{"@type":"Person","@id":"https:\/\/sudoesteacontece.com.br\/#\/schema\/person\/a4f22429c1d0923ef8f7d43343f8dc38","name":"Reda\u00e7\u00e3o","image":{"@type":"ImageObject","inLanguage":"pt-BR","@id":"https:\/\/sudoesteacontece.com.br\/#\/schema\/person\/image\/","url":"https:\/\/secure.gravatar.com\/avatar\/c3a5b3c93f268a709c25a2df414c629a96fb3b1b4bf97a94fb3f72e54ae76903?s=96&d=mm&r=g","contentUrl":"https:\/\/secure.gravatar.com\/avatar\/c3a5b3c93f268a709c25a2df414c629a96fb3b1b4bf97a94fb3f72e54ae76903?s=96&d=mm&r=g","caption":"Reda\u00e7\u00e3o"},"url":"https:\/\/sudoesteacontece.com.br\/?author=4"}]}},"_links":{"self":[{"href":"https:\/\/sudoesteacontece.com.br\/index.php?rest_route=\/wp\/v2\/posts\/5873","targetHints":{"allow":["GET"]}}],"collection":[{"href":"https:\/\/sudoesteacontece.com.br\/index.php?rest_route=\/wp\/v2\/posts"}],"about":[{"href":"https:\/\/sudoesteacontece.com.br\/index.php?rest_route=\/wp\/v2\/types\/post"}],"author":[{"embeddable":true,"href":"https:\/\/sudoesteacontece.com.br\/index.php?rest_route=\/wp\/v2\/users\/4"}],"replies":[{"embeddable":true,"href":"https:\/\/sudoesteacontece.com.br\/index.php?rest_route=%2Fwp%2Fv2%2Fcomments&post=5873"}],"version-history":[{"count":0,"href":"https:\/\/sudoesteacontece.com.br\/index.php?rest_route=\/wp\/v2\/posts\/5873\/revisions"}],"wp:attachment":[{"href":"https:\/\/sudoesteacontece.com.br\/index.php?rest_route=%2Fwp%2Fv2%2Fmedia&parent=5873"}],"wp:term":[{"taxonomy":"category","embeddable":true,"href":"https:\/\/sudoesteacontece.com.br\/index.php?rest_route=%2Fwp%2Fv2%2Fcategories&post=5873"},{"taxonomy":"post_tag","embeddable":true,"href":"https:\/\/sudoesteacontece.com.br\/index.php?rest_route=%2Fwp%2Fv2%2Ftags&post=5873"}],"curies":[{"name":"wp","href":"https:\/\/api.w.org\/{rel}","templated":true}]}}