{"id":5876,"date":"2026-01-12T09:39:56","date_gmt":"2026-01-12T12:39:56","guid":{"rendered":"https:\/\/sudoesteacontece.com.br\/?p=5876"},"modified":"2026-01-12T09:39:58","modified_gmt":"2026-01-12T12:39:58","slug":"ciprv-apreende-carro-com-restricao-judicial-durante-fiscalizacao-em-rio-do-antonio","status":"publish","type":"post","link":"https:\/\/sudoesteacontece.com.br\/?p=5876","title":{"rendered":"CIPRv apreende carro com restri\u00e7\u00e3o judicial durante fiscaliza\u00e7\u00e3o em Rio do Ant\u00f4nio"},"content":{"rendered":"<div class=\"wp-block-image\">\n<figure class=\"aligncenter size-full\"><img fetchpriority=\"high\" decoding=\"async\" width=\"900\" height=\"600\" src=\"http:\/\/sudoesteacontece.com.br\/wp-content\/uploads\/2026\/01\/CIPRv-apreende-carro-com-restricao-judicial-durante-fiscalizacao-em-Rio-do-Antonio-Sudoeste-acontece.jpg\" alt=\"\" class=\"wp-image-5902\" srcset=\"https:\/\/sudoesteacontece.com.br\/wp-content\/uploads\/2026\/01\/CIPRv-apreende-carro-com-restricao-judicial-durante-fiscalizacao-em-Rio-do-Antonio-Sudoeste-acontece.jpg 900w, https:\/\/sudoesteacontece.com.br\/wp-content\/uploads\/2026\/01\/CIPRv-apreende-carro-com-restricao-judicial-durante-fiscalizacao-em-Rio-do-Antonio-Sudoeste-acontece-300x200.jpg 300w, https:\/\/sudoesteacontece.com.br\/wp-content\/uploads\/2026\/01\/CIPRv-apreende-carro-com-restricao-judicial-durante-fiscalizacao-em-Rio-do-Antonio-Sudoeste-acontece-768x512.jpg 768w\" sizes=\"(max-width: 900px) 100vw, 900px\" \/><\/figure>\n<\/div>\n\n\n<p>Policiais da Companhia Independente de Pol\u00edcia Rodovi\u00e1ria (CIPRv\/Brumado), apreenderam um ve\u00edculo com restri\u00e7\u00e3o de circula\u00e7\u00e3o na tarde de domingo (11), em Rio do Ant\u00f4nio, no sudoeste da Bahia. A a\u00e7\u00e3o ocorreu por volta das 14h40, durante uma fiscaliza\u00e7\u00e3o de rotina realizada pelo Posto da CIPRv de Brumado na regi\u00e3o.<\/p>\n\n\n\n<p>Durante a abordagem, a guarni\u00e7\u00e3o consultou o sistema e identificou que o autom\u00f3vel possu\u00eda restri\u00e7\u00e3o judicial ativa no RENAJUD. A ordem foi expedida pelo Tribunal de Justi\u00e7a de Santa Catarina, o que impedia legalmente a circula\u00e7\u00e3o do ve\u00edculo em vias p\u00fablicas.<\/p>\n\n\n\n<p>Diante da irregularidade, os policiais removeram o carro e o encaminharam ao p\u00e1tio do Departamento Estadual de Tr\u00e2nsito, em Brumado. O ve\u00edculo ficar\u00e1 \u00e0 disposi\u00e7\u00e3o da Justi\u00e7a para a ado\u00e7\u00e3o das medidas legais cab\u00edveis.<\/p>\n","protected":false},"excerpt":{"rendered":"<p>Policiais da Companhia Independente de Pol\u00edcia Rodovi\u00e1ria (CIPRv\/Brumado), apreenderam um ve\u00edculo com restri\u00e7\u00e3o de circula\u00e7\u00e3o na tarde de domingo (11), em Rio do Ant\u00f4nio, no sudoeste da Bahia. A a\u00e7\u00e3o ocorreu por volta das 14h40, durante uma fiscaliza\u00e7\u00e3o de rotina realizada pelo Posto da CIPRv de Brumado na regi\u00e3o. Durante a abordagem, a guarni\u00e7\u00e3o consultou o sistema e identificou que o autom\u00f3vel possu\u00eda restri\u00e7\u00e3o judicial ativa no RENAJUD. A ordem foi expedida pelo Tribunal de Justi\u00e7a de Santa Catarina, o que impedia legalmente a circula\u00e7\u00e3o do ve\u00edculo em vias p\u00fablicas. Diante da irregularidade, os policiais removeram o carro e o encaminharam ao p\u00e1tio do Departamento Estadual de Tr\u00e2nsito, em Brumado. O ve\u00edculo ficar\u00e1 \u00e0 disposi\u00e7\u00e3o da Justi\u00e7a para a ado\u00e7\u00e3o das medidas legais cab\u00edveis.<\/p>\n","protected":false},"author":4,"featured_media":5902,"comment_status":"open","ping_status":"open","sticky":false,"template":"","format":"standard","meta":{"footnotes":""},"categories":[3,44],"tags":[],"class_list":["post-5876","post","type-post","status-publish","format-standard","has-post-thumbnail","hentry","category-policia","category-rio-do-antonio"],"yoast_head":"<!-- This site is optimized with the Yoast SEO plugin v26.5 - https:\/\/yoast.com\/wordpress\/plugins\/seo\/ -->\n<title>CIPRv apreende carro com restri\u00e7\u00e3o judicial durante fiscaliza\u00e7\u00e3o em Rio do Ant\u00f4nio - Sudoesteacontece<\/title>\n<meta name=\"robots\" content=\"index, follow, max-snippet:-1, max-image-preview:large, max-video-preview:-1\" \/>\n<link rel=\"canonical\" href=\"https:\/\/sudoesteacontece.com.br\/?p=5876\" \/>\n<meta property=\"og:locale\" content=\"pt_BR\" \/>\n<meta property=\"og:type\" content=\"article\" \/>\n<meta property=\"og:title\" content=\"CIPRv apreende carro com restri\u00e7\u00e3o judicial durante fiscaliza\u00e7\u00e3o em Rio do Ant\u00f4nio - Sudoesteacontece\" \/>\n<meta property=\"og:description\" content=\"Policiais da Companhia Independente de Pol\u00edcia Rodovi\u00e1ria (CIPRv\/Brumado), apreenderam um ve\u00edculo com restri\u00e7\u00e3o de circula\u00e7\u00e3o na tarde de domingo (11), em Rio do Ant\u00f4nio, no sudoeste da Bahia. A a\u00e7\u00e3o ocorreu por volta das 14h40, durante uma fiscaliza\u00e7\u00e3o de rotina realizada pelo Posto da CIPRv de Brumado na regi\u00e3o. Durante a abordagem, a guarni\u00e7\u00e3o consultou o sistema e identificou que o autom\u00f3vel possu\u00eda restri\u00e7\u00e3o judicial ativa no RENAJUD. A ordem foi expedida pelo Tribunal de Justi\u00e7a de Santa Catarina, o que impedia legalmente a circula\u00e7\u00e3o do ve\u00edculo em vias p\u00fablicas. Diante da irregularidade, os policiais removeram o carro e o encaminharam ao p\u00e1tio do Departamento Estadual de Tr\u00e2nsito, em Brumado. O ve\u00edculo ficar\u00e1 \u00e0 disposi\u00e7\u00e3o da Justi\u00e7a para a ado\u00e7\u00e3o das medidas legais cab\u00edveis.\" \/>\n<meta property=\"og:url\" content=\"https:\/\/sudoesteacontece.com.br\/?p=5876\" \/>\n<meta property=\"og:site_name\" content=\"Sudoesteacontece\" \/>\n<meta property=\"article:publisher\" content=\"https:\/\/www.facebook.com\/sudoesteacontece\/?locale=pt_BR\" \/>\n<meta property=\"article:published_time\" content=\"2026-01-12T12:39:56+00:00\" \/>\n<meta property=\"article:modified_time\" content=\"2026-01-12T12:39:58+00:00\" \/>\n<meta property=\"og:image\" content=\"https:\/\/sudoesteacontece.com.br\/wp-content\/uploads\/2026\/01\/CIPRv-apreende-carro-com-restricao-judicial-durante-fiscalizacao-em-Rio-do-Antonio-Sudoeste-acontece.jpg\" \/>\n\t<meta property=\"og:image:width\" content=\"900\" \/>\n\t<meta property=\"og:image:height\" content=\"600\" \/>\n\t<meta property=\"og:image:type\" content=\"image\/jpeg\" \/>\n<meta name=\"author\" content=\"Reda\u00e7\u00e3o\" \/>\n<meta name=\"twitter:card\" content=\"summary_large_image\" \/>\n<meta name=\"twitter:label1\" content=\"Escrito por\" \/>\n\t<meta name=\"twitter:data1\" content=\"Reda\u00e7\u00e3o\" \/>\n\t<meta name=\"twitter:label2\" content=\"Est. tempo de leitura\" \/>\n\t<meta name=\"twitter:data2\" content=\"2 minutos\" \/>\n<script type=\"application\/ld+json\" class=\"yoast-schema-graph\">{\"@context\":\"https:\/\/schema.org\",\"@graph\":[{\"@type\":\"Article\",\"@id\":\"https:\/\/sudoesteacontece.com.br\/?p=5876#article\",\"isPartOf\":{\"@id\":\"https:\/\/sudoesteacontece.com.br\/?p=5876\"},\"author\":{\"name\":\"Reda\u00e7\u00e3o\",\"@id\":\"https:\/\/sudoesteacontece.com.br\/#\/schema\/person\/a4f22429c1d0923ef8f7d43343f8dc38\"},\"headline\":\"CIPRv apreende carro com restri\u00e7\u00e3o judicial durante fiscaliza\u00e7\u00e3o em Rio do Ant\u00f4nio\",\"datePublished\":\"2026-01-12T12:39:56+00:00\",\"dateModified\":\"2026-01-12T12:39:58+00:00\",\"mainEntityOfPage\":{\"@id\":\"https:\/\/sudoesteacontece.com.br\/?p=5876\"},\"wordCount\":162,\"commentCount\":0,\"publisher\":{\"@id\":\"https:\/\/sudoesteacontece.com.br\/#organization\"},\"image\":{\"@id\":\"https:\/\/sudoesteacontece.com.br\/?p=5876#primaryimage\"},\"thumbnailUrl\":\"https:\/\/sudoesteacontece.com.br\/wp-content\/uploads\/2026\/01\/CIPRv-apreende-carro-com-restricao-judicial-durante-fiscalizacao-em-Rio-do-Antonio-Sudoeste-acontece.jpg\",\"articleSection\":[\"Pol\u00edcia\",\"Rio do Ant\u00f4nio\"],\"inLanguage\":\"pt-BR\",\"potentialAction\":[{\"@type\":\"CommentAction\",\"name\":\"Comment\",\"target\":[\"https:\/\/sudoesteacontece.com.br\/?p=5876#respond\"]}]},{\"@type\":\"WebPage\",\"@id\":\"https:\/\/sudoesteacontece.com.br\/?p=5876\",\"url\":\"https:\/\/sudoesteacontece.com.br\/?p=5876\",\"name\":\"CIPRv apreende carro com restri\u00e7\u00e3o judicial durante fiscaliza\u00e7\u00e3o em Rio do Ant\u00f4nio - Sudoesteacontece\",\"isPartOf\":{\"@id\":\"https:\/\/sudoesteacontece.com.br\/#website\"},\"primaryImageOfPage\":{\"@id\":\"https:\/\/sudoesteacontece.com.br\/?p=5876#primaryimage\"},\"image\":{\"@id\":\"https:\/\/sudoesteacontece.com.br\/?p=5876#primaryimage\"},\"thumbnailUrl\":\"https:\/\/sudoesteacontece.com.br\/wp-content\/uploads\/2026\/01\/CIPRv-apreende-carro-com-restricao-judicial-durante-fiscalizacao-em-Rio-do-Antonio-Sudoeste-acontece.jpg\",\"datePublished\":\"2026-01-12T12:39:56+00:00\",\"dateModified\":\"2026-01-12T12:39:58+00:00\",\"breadcrumb\":{\"@id\":\"https:\/\/sudoesteacontece.com.br\/?p=5876#breadcrumb\"},\"inLanguage\":\"pt-BR\",\"potentialAction\":[{\"@type\":\"ReadAction\",\"target\":[\"https:\/\/sudoesteacontece.com.br\/?p=5876\"]}]},{\"@type\":\"ImageObject\",\"inLanguage\":\"pt-BR\",\"@id\":\"https:\/\/sudoesteacontece.com.br\/?p=5876#primaryimage\",\"url\":\"https:\/\/sudoesteacontece.com.br\/wp-content\/uploads\/2026\/01\/CIPRv-apreende-carro-com-restricao-judicial-durante-fiscalizacao-em-Rio-do-Antonio-Sudoeste-acontece.jpg\",\"contentUrl\":\"https:\/\/sudoesteacontece.com.br\/wp-content\/uploads\/2026\/01\/CIPRv-apreende-carro-com-restricao-judicial-durante-fiscalizacao-em-Rio-do-Antonio-Sudoeste-acontece.jpg\",\"width\":900,\"height\":600},{\"@type\":\"BreadcrumbList\",\"@id\":\"https:\/\/sudoesteacontece.com.br\/?p=5876#breadcrumb\",\"itemListElement\":[{\"@type\":\"ListItem\",\"position\":1,\"name\":\"In\u00edcio\",\"item\":\"https:\/\/sudoesteacontece.com.br\/\"},{\"@type\":\"ListItem\",\"position\":2,\"name\":\"CIPRv apreende carro com restri\u00e7\u00e3o judicial durante fiscaliza\u00e7\u00e3o em Rio do Ant\u00f4nio\"}]},{\"@type\":\"WebSite\",\"@id\":\"https:\/\/sudoesteacontece.com.br\/#website\",\"url\":\"https:\/\/sudoesteacontece.com.br\/\",\"name\":\"Sudoesteacontece\",\"description\":\"\",\"publisher\":{\"@id\":\"https:\/\/sudoesteacontece.com.br\/#organization\"},\"potentialAction\":[{\"@type\":\"SearchAction\",\"target\":{\"@type\":\"EntryPoint\",\"urlTemplate\":\"https:\/\/sudoesteacontece.com.br\/?s={search_term_string}\"},\"query-input\":{\"@type\":\"PropertyValueSpecification\",\"valueRequired\":true,\"valueName\":\"search_term_string\"}}],\"inLanguage\":\"pt-BR\"},{\"@type\":\"Organization\",\"@id\":\"https:\/\/sudoesteacontece.com.br\/#organization\",\"name\":\"Sudoesteacontece\",\"url\":\"https:\/\/sudoesteacontece.com.br\/\",\"logo\":{\"@type\":\"ImageObject\",\"inLanguage\":\"pt-BR\",\"@id\":\"https:\/\/sudoesteacontece.com.br\/#\/schema\/logo\/image\/\",\"url\":\"https:\/\/sudoesteacontece.com.br\/wp-content\/uploads\/2025\/12\/cropped-logo-2-180x180-1.png\",\"contentUrl\":\"https:\/\/sudoesteacontece.com.br\/wp-content\/uploads\/2025\/12\/cropped-logo-2-180x180-1.png\",\"width\":180,\"height\":180,\"caption\":\"Sudoesteacontece\"},\"image\":{\"@id\":\"https:\/\/sudoesteacontece.com.br\/#\/schema\/logo\/image\/\"},\"sameAs\":[\"https:\/\/www.facebook.com\/sudoesteacontece\/?locale=pt_BR\"]},{\"@type\":\"Person\",\"@id\":\"https:\/\/sudoesteacontece.com.br\/#\/schema\/person\/a4f22429c1d0923ef8f7d43343f8dc38\",\"name\":\"Reda\u00e7\u00e3o\",\"image\":{\"@type\":\"ImageObject\",\"inLanguage\":\"pt-BR\",\"@id\":\"https:\/\/sudoesteacontece.com.br\/#\/schema\/person\/image\/\",\"url\":\"https:\/\/secure.gravatar.com\/avatar\/c3a5b3c93f268a709c25a2df414c629a96fb3b1b4bf97a94fb3f72e54ae76903?s=96&d=mm&r=g\",\"contentUrl\":\"https:\/\/secure.gravatar.com\/avatar\/c3a5b3c93f268a709c25a2df414c629a96fb3b1b4bf97a94fb3f72e54ae76903?s=96&d=mm&r=g\",\"caption\":\"Reda\u00e7\u00e3o\"},\"url\":\"https:\/\/sudoesteacontece.com.br\/?author=4\"}]}<\/script>\n<!-- \/ Yoast SEO plugin. -->","yoast_head_json":{"title":"CIPRv apreende carro com restri\u00e7\u00e3o judicial durante fiscaliza\u00e7\u00e3o em Rio do Ant\u00f4nio - Sudoesteacontece","robots":{"index":"index","follow":"follow","max-snippet":"max-snippet:-1","max-image-preview":"max-image-preview:large","max-video-preview":"max-video-preview:-1"},"canonical":"https:\/\/sudoesteacontece.com.br\/?p=5876","og_locale":"pt_BR","og_type":"article","og_title":"CIPRv apreende carro com restri\u00e7\u00e3o judicial durante fiscaliza\u00e7\u00e3o em Rio do Ant\u00f4nio - Sudoesteacontece","og_description":"Policiais da Companhia Independente de Pol\u00edcia Rodovi\u00e1ria (CIPRv\/Brumado), apreenderam um ve\u00edculo com restri\u00e7\u00e3o de circula\u00e7\u00e3o na tarde de domingo (11), em Rio do Ant\u00f4nio, no sudoeste da Bahia. A a\u00e7\u00e3o ocorreu por volta das 14h40, durante uma fiscaliza\u00e7\u00e3o de rotina realizada pelo Posto da CIPRv de Brumado na regi\u00e3o. Durante a abordagem, a guarni\u00e7\u00e3o consultou o sistema e identificou que o autom\u00f3vel possu\u00eda restri\u00e7\u00e3o judicial ativa no RENAJUD. A ordem foi expedida pelo Tribunal de Justi\u00e7a de Santa Catarina, o que impedia legalmente a circula\u00e7\u00e3o do ve\u00edculo em vias p\u00fablicas. Diante da irregularidade, os policiais removeram o carro e o encaminharam ao p\u00e1tio do Departamento Estadual de Tr\u00e2nsito, em Brumado. O ve\u00edculo ficar\u00e1 \u00e0 disposi\u00e7\u00e3o da Justi\u00e7a para a ado\u00e7\u00e3o das medidas legais cab\u00edveis.","og_url":"https:\/\/sudoesteacontece.com.br\/?p=5876","og_site_name":"Sudoesteacontece","article_publisher":"https:\/\/www.facebook.com\/sudoesteacontece\/?locale=pt_BR","article_published_time":"2026-01-12T12:39:56+00:00","article_modified_time":"2026-01-12T12:39:58+00:00","og_image":[{"width":900,"height":600,"url":"https:\/\/sudoesteacontece.com.br\/wp-content\/uploads\/2026\/01\/CIPRv-apreende-carro-com-restricao-judicial-durante-fiscalizacao-em-Rio-do-Antonio-Sudoeste-acontece.jpg","type":"image\/jpeg"}],"author":"Reda\u00e7\u00e3o","twitter_card":"summary_large_image","twitter_misc":{"Escrito por":"Reda\u00e7\u00e3o","Est. tempo de leitura":"2 minutos"},"schema":{"@context":"https:\/\/schema.org","@graph":[{"@type":"Article","@id":"https:\/\/sudoesteacontece.com.br\/?p=5876#article","isPartOf":{"@id":"https:\/\/sudoesteacontece.com.br\/?p=5876"},"author":{"name":"Reda\u00e7\u00e3o","@id":"https:\/\/sudoesteacontece.com.br\/#\/schema\/person\/a4f22429c1d0923ef8f7d43343f8dc38"},"headline":"CIPRv apreende carro com restri\u00e7\u00e3o judicial durante fiscaliza\u00e7\u00e3o em Rio do Ant\u00f4nio","datePublished":"2026-01-12T12:39:56+00:00","dateModified":"2026-01-12T12:39:58+00:00","mainEntityOfPage":{"@id":"https:\/\/sudoesteacontece.com.br\/?p=5876"},"wordCount":162,"commentCount":0,"publisher":{"@id":"https:\/\/sudoesteacontece.com.br\/#organization"},"image":{"@id":"https:\/\/sudoesteacontece.com.br\/?p=5876#primaryimage"},"thumbnailUrl":"https:\/\/sudoesteacontece.com.br\/wp-content\/uploads\/2026\/01\/CIPRv-apreende-carro-com-restricao-judicial-durante-fiscalizacao-em-Rio-do-Antonio-Sudoeste-acontece.jpg","articleSection":["Pol\u00edcia","Rio do Ant\u00f4nio"],"inLanguage":"pt-BR","potentialAction":[{"@type":"CommentAction","name":"Comment","target":["https:\/\/sudoesteacontece.com.br\/?p=5876#respond"]}]},{"@type":"WebPage","@id":"https:\/\/sudoesteacontece.com.br\/?p=5876","url":"https:\/\/sudoesteacontece.com.br\/?p=5876","name":"CIPRv apreende carro com restri\u00e7\u00e3o judicial durante fiscaliza\u00e7\u00e3o em Rio do Ant\u00f4nio - Sudoesteacontece","isPartOf":{"@id":"https:\/\/sudoesteacontece.com.br\/#website"},"primaryImageOfPage":{"@id":"https:\/\/sudoesteacontece.com.br\/?p=5876#primaryimage"},"image":{"@id":"https:\/\/sudoesteacontece.com.br\/?p=5876#primaryimage"},"thumbnailUrl":"https:\/\/sudoesteacontece.com.br\/wp-content\/uploads\/2026\/01\/CIPRv-apreende-carro-com-restricao-judicial-durante-fiscalizacao-em-Rio-do-Antonio-Sudoeste-acontece.jpg","datePublished":"2026-01-12T12:39:56+00:00","dateModified":"2026-01-12T12:39:58+00:00","breadcrumb":{"@id":"https:\/\/sudoesteacontece.com.br\/?p=5876#breadcrumb"},"inLanguage":"pt-BR","potentialAction":[{"@type":"ReadAction","target":["https:\/\/sudoesteacontece.com.br\/?p=5876"]}]},{"@type":"ImageObject","inLanguage":"pt-BR","@id":"https:\/\/sudoesteacontece.com.br\/?p=5876#primaryimage","url":"https:\/\/sudoesteacontece.com.br\/wp-content\/uploads\/2026\/01\/CIPRv-apreende-carro-com-restricao-judicial-durante-fiscalizacao-em-Rio-do-Antonio-Sudoeste-acontece.jpg","contentUrl":"https:\/\/sudoesteacontece.com.br\/wp-content\/uploads\/2026\/01\/CIPRv-apreende-carro-com-restricao-judicial-durante-fiscalizacao-em-Rio-do-Antonio-Sudoeste-acontece.jpg","width":900,"height":600},{"@type":"BreadcrumbList","@id":"https:\/\/sudoesteacontece.com.br\/?p=5876#breadcrumb","itemListElement":[{"@type":"ListItem","position":1,"name":"In\u00edcio","item":"https:\/\/sudoesteacontece.com.br\/"},{"@type":"ListItem","position":2,"name":"CIPRv apreende carro com restri\u00e7\u00e3o judicial durante fiscaliza\u00e7\u00e3o em Rio do Ant\u00f4nio"}]},{"@type":"WebSite","@id":"https:\/\/sudoesteacontece.com.br\/#website","url":"https:\/\/sudoesteacontece.com.br\/","name":"Sudoesteacontece","description":"","publisher":{"@id":"https:\/\/sudoesteacontece.com.br\/#organization"},"potentialAction":[{"@type":"SearchAction","target":{"@type":"EntryPoint","urlTemplate":"https:\/\/sudoesteacontece.com.br\/?s={search_term_string}"},"query-input":{"@type":"PropertyValueSpecification","valueRequired":true,"valueName":"search_term_string"}}],"inLanguage":"pt-BR"},{"@type":"Organization","@id":"https:\/\/sudoesteacontece.com.br\/#organization","name":"Sudoesteacontece","url":"https:\/\/sudoesteacontece.com.br\/","logo":{"@type":"ImageObject","inLanguage":"pt-BR","@id":"https:\/\/sudoesteacontece.com.br\/#\/schema\/logo\/image\/","url":"https:\/\/sudoesteacontece.com.br\/wp-content\/uploads\/2025\/12\/cropped-logo-2-180x180-1.png","contentUrl":"https:\/\/sudoesteacontece.com.br\/wp-content\/uploads\/2025\/12\/cropped-logo-2-180x180-1.png","width":180,"height":180,"caption":"Sudoesteacontece"},"image":{"@id":"https:\/\/sudoesteacontece.com.br\/#\/schema\/logo\/image\/"},"sameAs":["https:\/\/www.facebook.com\/sudoesteacontece\/?locale=pt_BR"]},{"@type":"Person","@id":"https:\/\/sudoesteacontece.com.br\/#\/schema\/person\/a4f22429c1d0923ef8f7d43343f8dc38","name":"Reda\u00e7\u00e3o","image":{"@type":"ImageObject","inLanguage":"pt-BR","@id":"https:\/\/sudoesteacontece.com.br\/#\/schema\/person\/image\/","url":"https:\/\/secure.gravatar.com\/avatar\/c3a5b3c93f268a709c25a2df414c629a96fb3b1b4bf97a94fb3f72e54ae76903?s=96&d=mm&r=g","contentUrl":"https:\/\/secure.gravatar.com\/avatar\/c3a5b3c93f268a709c25a2df414c629a96fb3b1b4bf97a94fb3f72e54ae76903?s=96&d=mm&r=g","caption":"Reda\u00e7\u00e3o"},"url":"https:\/\/sudoesteacontece.com.br\/?author=4"}]}},"_links":{"self":[{"href":"https:\/\/sudoesteacontece.com.br\/index.php?rest_route=\/wp\/v2\/posts\/5876","targetHints":{"allow":["GET"]}}],"collection":[{"href":"https:\/\/sudoesteacontece.com.br\/index.php?rest_route=\/wp\/v2\/posts"}],"about":[{"href":"https:\/\/sudoesteacontece.com.br\/index.php?rest_route=\/wp\/v2\/types\/post"}],"author":[{"embeddable":true,"href":"https:\/\/sudoesteacontece.com.br\/index.php?rest_route=\/wp\/v2\/users\/4"}],"replies":[{"embeddable":true,"href":"https:\/\/sudoesteacontece.com.br\/index.php?rest_route=%2Fwp%2Fv2%2Fcomments&post=5876"}],"version-history":[{"count":0,"href":"https:\/\/sudoesteacontece.com.br\/index.php?rest_route=\/wp\/v2\/posts\/5876\/revisions"}],"wp:featuredmedia":[{"embeddable":true,"href":"https:\/\/sudoesteacontece.com.br\/index.php?rest_route=\/wp\/v2\/media\/5902"}],"wp:attachment":[{"href":"https:\/\/sudoesteacontece.com.br\/index.php?rest_route=%2Fwp%2Fv2%2Fmedia&parent=5876"}],"wp:term":[{"taxonomy":"category","embeddable":true,"href":"https:\/\/sudoesteacontece.com.br\/index.php?rest_route=%2Fwp%2Fv2%2Fcategories&post=5876"},{"taxonomy":"post_tag","embeddable":true,"href":"https:\/\/sudoesteacontece.com.br\/index.php?rest_route=%2Fwp%2Fv2%2Ftags&post=5876"}],"curies":[{"name":"wp","href":"https:\/\/api.w.org\/{rel}","templated":true}]}}