{"id":5925,"date":"2026-01-12T17:20:32","date_gmt":"2026-01-12T20:20:32","guid":{"rendered":"https:\/\/sudoesteacontece.com.br\/?p=5925"},"modified":"2026-01-12T17:20:34","modified_gmt":"2026-01-12T20:20:34","slug":"paramirim-recebe-1a-corrida-da-46a-cipm-e-celebra-esporte-e-integracao","status":"publish","type":"post","link":"https:\/\/sudoesteacontece.com.br\/?p=5925","title":{"rendered":"Paramirim recebe 1\u00aa Corrida da 46\u00aa CIPM e celebra esporte e integra\u00e7\u00e3o"},"content":{"rendered":"<div class=\"wp-block-image\">\n<figure class=\"aligncenter size-full\"><img fetchpriority=\"high\" decoding=\"async\" width=\"900\" height=\"600\" src=\"http:\/\/sudoesteacontece.com.br\/wp-content\/uploads\/2026\/01\/Paramirim-recebe-1a-Corrida-da-46a-CIPM-e-celebra-esporte-e-integracao-sudoeste-acontece.jpg\" alt=\"\" class=\"wp-image-5931\" srcset=\"https:\/\/sudoesteacontece.com.br\/wp-content\/uploads\/2026\/01\/Paramirim-recebe-1a-Corrida-da-46a-CIPM-e-celebra-esporte-e-integracao-sudoeste-acontece.jpg 900w, https:\/\/sudoesteacontece.com.br\/wp-content\/uploads\/2026\/01\/Paramirim-recebe-1a-Corrida-da-46a-CIPM-e-celebra-esporte-e-integracao-sudoeste-acontece-300x200.jpg 300w, https:\/\/sudoesteacontece.com.br\/wp-content\/uploads\/2026\/01\/Paramirim-recebe-1a-Corrida-da-46a-CIPM-e-celebra-esporte-e-integracao-sudoeste-acontece-768x512.jpg 768w\" sizes=\"(max-width: 900px) 100vw, 900px\" \/><\/figure>\n<\/div>\n\n\n<p>Paramirim sediou, na manh\u00e3 de domingo (11), a 1\u00aa Corrida da 46\u00aa Companhia Independente de Pol\u00edcia Militar. Realizado no Balne\u00e1rio da cidade, o evento reuniu atletas de v\u00e1rias cidades baianas e contou com organiza\u00e7\u00e3o da Prefeitura em parceria com a 46\u00aa CIPM, destacando-se pela estrutura e pelo clima esportivo.<\/p>\n\n\n\n<p>O percurso atraiu corredores amadores e experientes, que participaram em um ambiente marcado pela confraterniza\u00e7\u00e3o. A iniciativa refor\u00e7ou o esporte como instrumento de promo\u00e7\u00e3o da sa\u00fade, do bem-estar e da integra\u00e7\u00e3o entre comunidade, atletas e institui\u00e7\u00f5es p\u00fablicas.<\/p>\n\n\n\n<p>Durante a programa\u00e7\u00e3o, a corrida estimulou a conviv\u00eancia social e aproximou moradores das for\u00e7as de seguran\u00e7a. A presen\u00e7a do p\u00fablico e o engajamento dos participantes contribu\u00edram para transformar o evento em um momento de celebra\u00e7\u00e3o coletiva.<\/p>\n\n\n\n<p>A organiza\u00e7\u00e3o agradeceu o apoio dos patrocinadores e a ades\u00e3o dos atletas, considerados fundamentais para o sucesso da primeira edi\u00e7\u00e3o. Diante da receptividade, a expectativa \u00e9 de que a corrida passe a integrar o calend\u00e1rio esportivo de Paramirim, com novas edi\u00e7\u00f5es nos pr\u00f3ximos anos.<\/p>\n","protected":false},"excerpt":{"rendered":"<p>Paramirim sediou, na manh\u00e3 de domingo (11), a 1\u00aa Corrida da 46\u00aa Companhia Independente de Pol\u00edcia Militar. Realizado no Balne\u00e1rio da cidade, o evento reuniu atletas de v\u00e1rias cidades baianas e contou com organiza\u00e7\u00e3o da Prefeitura em parceria com a 46\u00aa CIPM, destacando-se pela estrutura e pelo clima esportivo. O percurso atraiu corredores amadores e experientes, que participaram em um ambiente marcado pela confraterniza\u00e7\u00e3o. A iniciativa refor\u00e7ou o esporte como instrumento de promo\u00e7\u00e3o da sa\u00fade, do bem-estar e da integra\u00e7\u00e3o entre comunidade, atletas e institui\u00e7\u00f5es p\u00fablicas. Durante a programa\u00e7\u00e3o, a corrida estimulou a conviv\u00eancia social e aproximou moradores das for\u00e7as de seguran\u00e7a. A presen\u00e7a do p\u00fablico e o engajamento dos participantes contribu\u00edram para transformar o evento em um momento de celebra\u00e7\u00e3o coletiva. A organiza\u00e7\u00e3o agradeceu o apoio dos patrocinadores e a ades\u00e3o dos atletas, considerados fundamentais para o sucesso da primeira edi\u00e7\u00e3o. Diante da receptividade, a expectativa \u00e9 de que a corrida passe a integrar o calend\u00e1rio esportivo de Paramirim, com novas edi\u00e7\u00f5es nos pr\u00f3ximos anos.<\/p>\n","protected":false},"author":4,"featured_media":5931,"comment_status":"open","ping_status":"open","sticky":false,"template":"","format":"standard","meta":{"footnotes":""},"categories":[4,52,50,3,6],"tags":[],"class_list":["post-5925","post","type-post","status-publish","format-standard","has-post-thumbnail","hentry","category-cidades","category-esporte","category-paramirim","category-policia","category-politica"],"yoast_head":"<!-- This site is optimized with the Yoast SEO plugin v26.5 - https:\/\/yoast.com\/wordpress\/plugins\/seo\/ -->\n<title>Paramirim recebe 1\u00aa Corrida da 46\u00aa CIPM e celebra esporte e integra\u00e7\u00e3o - Sudoesteacontece<\/title>\n<meta name=\"robots\" content=\"index, follow, max-snippet:-1, max-image-preview:large, max-video-preview:-1\" \/>\n<link rel=\"canonical\" href=\"https:\/\/sudoesteacontece.com.br\/?p=5925\" \/>\n<meta property=\"og:locale\" content=\"pt_BR\" \/>\n<meta property=\"og:type\" content=\"article\" \/>\n<meta property=\"og:title\" content=\"Paramirim recebe 1\u00aa Corrida da 46\u00aa CIPM e celebra esporte e integra\u00e7\u00e3o - Sudoesteacontece\" \/>\n<meta property=\"og:description\" content=\"Paramirim sediou, na manh\u00e3 de domingo (11), a 1\u00aa Corrida da 46\u00aa Companhia Independente de Pol\u00edcia Militar. Realizado no Balne\u00e1rio da cidade, o evento reuniu atletas de v\u00e1rias cidades baianas e contou com organiza\u00e7\u00e3o da Prefeitura em parceria com a 46\u00aa CIPM, destacando-se pela estrutura e pelo clima esportivo. O percurso atraiu corredores amadores e experientes, que participaram em um ambiente marcado pela confraterniza\u00e7\u00e3o. A iniciativa refor\u00e7ou o esporte como instrumento de promo\u00e7\u00e3o da sa\u00fade, do bem-estar e da integra\u00e7\u00e3o entre comunidade, atletas e institui\u00e7\u00f5es p\u00fablicas. Durante a programa\u00e7\u00e3o, a corrida estimulou a conviv\u00eancia social e aproximou moradores das for\u00e7as de seguran\u00e7a. A presen\u00e7a do p\u00fablico e o engajamento dos participantes contribu\u00edram para transformar o evento em um momento de celebra\u00e7\u00e3o coletiva. A organiza\u00e7\u00e3o agradeceu o apoio dos patrocinadores e a ades\u00e3o dos atletas, considerados fundamentais para o sucesso da primeira edi\u00e7\u00e3o. Diante da receptividade, a expectativa \u00e9 de que a corrida passe a integrar o calend\u00e1rio esportivo de Paramirim, com novas edi\u00e7\u00f5es nos pr\u00f3ximos anos.\" \/>\n<meta property=\"og:url\" content=\"https:\/\/sudoesteacontece.com.br\/?p=5925\" \/>\n<meta property=\"og:site_name\" content=\"Sudoesteacontece\" \/>\n<meta property=\"article:publisher\" content=\"https:\/\/www.facebook.com\/sudoesteacontece\/?locale=pt_BR\" \/>\n<meta property=\"article:published_time\" content=\"2026-01-12T20:20:32+00:00\" \/>\n<meta property=\"article:modified_time\" content=\"2026-01-12T20:20:34+00:00\" \/>\n<meta property=\"og:image\" content=\"https:\/\/sudoesteacontece.com.br\/wp-content\/uploads\/2026\/01\/Paramirim-recebe-1a-Corrida-da-46a-CIPM-e-celebra-esporte-e-integracao-sudoeste-acontece.jpg\" \/>\n\t<meta property=\"og:image:width\" content=\"900\" \/>\n\t<meta property=\"og:image:height\" content=\"600\" \/>\n\t<meta property=\"og:image:type\" content=\"image\/jpeg\" \/>\n<meta name=\"author\" content=\"Reda\u00e7\u00e3o\" \/>\n<meta name=\"twitter:card\" content=\"summary_large_image\" \/>\n<meta name=\"twitter:label1\" content=\"Escrito por\" \/>\n\t<meta name=\"twitter:data1\" content=\"Reda\u00e7\u00e3o\" \/>\n\t<meta name=\"twitter:label2\" content=\"Est. tempo de leitura\" \/>\n\t<meta name=\"twitter:data2\" content=\"2 minutos\" \/>\n<script type=\"application\/ld+json\" class=\"yoast-schema-graph\">{\"@context\":\"https:\/\/schema.org\",\"@graph\":[{\"@type\":\"Article\",\"@id\":\"https:\/\/sudoesteacontece.com.br\/?p=5925#article\",\"isPartOf\":{\"@id\":\"https:\/\/sudoesteacontece.com.br\/?p=5925\"},\"author\":{\"name\":\"Reda\u00e7\u00e3o\",\"@id\":\"https:\/\/sudoesteacontece.com.br\/#\/schema\/person\/a4f22429c1d0923ef8f7d43343f8dc38\"},\"headline\":\"Paramirim recebe 1\u00aa Corrida da 46\u00aa CIPM e celebra esporte e integra\u00e7\u00e3o\",\"datePublished\":\"2026-01-12T20:20:32+00:00\",\"dateModified\":\"2026-01-12T20:20:34+00:00\",\"mainEntityOfPage\":{\"@id\":\"https:\/\/sudoesteacontece.com.br\/?p=5925\"},\"wordCount\":197,\"commentCount\":0,\"publisher\":{\"@id\":\"https:\/\/sudoesteacontece.com.br\/#organization\"},\"image\":{\"@id\":\"https:\/\/sudoesteacontece.com.br\/?p=5925#primaryimage\"},\"thumbnailUrl\":\"https:\/\/sudoesteacontece.com.br\/wp-content\/uploads\/2026\/01\/Paramirim-recebe-1a-Corrida-da-46a-CIPM-e-celebra-esporte-e-integracao-sudoeste-acontece.jpg\",\"articleSection\":[\"Cidades\",\"Esporte\",\"Paramirim\",\"Pol\u00edcia\",\"Pol\u00edtica\"],\"inLanguage\":\"pt-BR\",\"potentialAction\":[{\"@type\":\"CommentAction\",\"name\":\"Comment\",\"target\":[\"https:\/\/sudoesteacontece.com.br\/?p=5925#respond\"]}]},{\"@type\":\"WebPage\",\"@id\":\"https:\/\/sudoesteacontece.com.br\/?p=5925\",\"url\":\"https:\/\/sudoesteacontece.com.br\/?p=5925\",\"name\":\"Paramirim recebe 1\u00aa Corrida da 46\u00aa CIPM e celebra esporte e integra\u00e7\u00e3o - Sudoesteacontece\",\"isPartOf\":{\"@id\":\"https:\/\/sudoesteacontece.com.br\/#website\"},\"primaryImageOfPage\":{\"@id\":\"https:\/\/sudoesteacontece.com.br\/?p=5925#primaryimage\"},\"image\":{\"@id\":\"https:\/\/sudoesteacontece.com.br\/?p=5925#primaryimage\"},\"thumbnailUrl\":\"https:\/\/sudoesteacontece.com.br\/wp-content\/uploads\/2026\/01\/Paramirim-recebe-1a-Corrida-da-46a-CIPM-e-celebra-esporte-e-integracao-sudoeste-acontece.jpg\",\"datePublished\":\"2026-01-12T20:20:32+00:00\",\"dateModified\":\"2026-01-12T20:20:34+00:00\",\"breadcrumb\":{\"@id\":\"https:\/\/sudoesteacontece.com.br\/?p=5925#breadcrumb\"},\"inLanguage\":\"pt-BR\",\"potentialAction\":[{\"@type\":\"ReadAction\",\"target\":[\"https:\/\/sudoesteacontece.com.br\/?p=5925\"]}]},{\"@type\":\"ImageObject\",\"inLanguage\":\"pt-BR\",\"@id\":\"https:\/\/sudoesteacontece.com.br\/?p=5925#primaryimage\",\"url\":\"https:\/\/sudoesteacontece.com.br\/wp-content\/uploads\/2026\/01\/Paramirim-recebe-1a-Corrida-da-46a-CIPM-e-celebra-esporte-e-integracao-sudoeste-acontece.jpg\",\"contentUrl\":\"https:\/\/sudoesteacontece.com.br\/wp-content\/uploads\/2026\/01\/Paramirim-recebe-1a-Corrida-da-46a-CIPM-e-celebra-esporte-e-integracao-sudoeste-acontece.jpg\",\"width\":900,\"height\":600},{\"@type\":\"BreadcrumbList\",\"@id\":\"https:\/\/sudoesteacontece.com.br\/?p=5925#breadcrumb\",\"itemListElement\":[{\"@type\":\"ListItem\",\"position\":1,\"name\":\"In\u00edcio\",\"item\":\"https:\/\/sudoesteacontece.com.br\/\"},{\"@type\":\"ListItem\",\"position\":2,\"name\":\"Paramirim recebe 1\u00aa Corrida da 46\u00aa CIPM e celebra esporte e integra\u00e7\u00e3o\"}]},{\"@type\":\"WebSite\",\"@id\":\"https:\/\/sudoesteacontece.com.br\/#website\",\"url\":\"https:\/\/sudoesteacontece.com.br\/\",\"name\":\"Sudoesteacontece\",\"description\":\"\",\"publisher\":{\"@id\":\"https:\/\/sudoesteacontece.com.br\/#organization\"},\"potentialAction\":[{\"@type\":\"SearchAction\",\"target\":{\"@type\":\"EntryPoint\",\"urlTemplate\":\"https:\/\/sudoesteacontece.com.br\/?s={search_term_string}\"},\"query-input\":{\"@type\":\"PropertyValueSpecification\",\"valueRequired\":true,\"valueName\":\"search_term_string\"}}],\"inLanguage\":\"pt-BR\"},{\"@type\":\"Organization\",\"@id\":\"https:\/\/sudoesteacontece.com.br\/#organization\",\"name\":\"Sudoesteacontece\",\"url\":\"https:\/\/sudoesteacontece.com.br\/\",\"logo\":{\"@type\":\"ImageObject\",\"inLanguage\":\"pt-BR\",\"@id\":\"https:\/\/sudoesteacontece.com.br\/#\/schema\/logo\/image\/\",\"url\":\"https:\/\/sudoesteacontece.com.br\/wp-content\/uploads\/2025\/12\/cropped-logo-2-180x180-1.png\",\"contentUrl\":\"https:\/\/sudoesteacontece.com.br\/wp-content\/uploads\/2025\/12\/cropped-logo-2-180x180-1.png\",\"width\":180,\"height\":180,\"caption\":\"Sudoesteacontece\"},\"image\":{\"@id\":\"https:\/\/sudoesteacontece.com.br\/#\/schema\/logo\/image\/\"},\"sameAs\":[\"https:\/\/www.facebook.com\/sudoesteacontece\/?locale=pt_BR\"]},{\"@type\":\"Person\",\"@id\":\"https:\/\/sudoesteacontece.com.br\/#\/schema\/person\/a4f22429c1d0923ef8f7d43343f8dc38\",\"name\":\"Reda\u00e7\u00e3o\",\"image\":{\"@type\":\"ImageObject\",\"inLanguage\":\"pt-BR\",\"@id\":\"https:\/\/sudoesteacontece.com.br\/#\/schema\/person\/image\/\",\"url\":\"https:\/\/secure.gravatar.com\/avatar\/c3a5b3c93f268a709c25a2df414c629a96fb3b1b4bf97a94fb3f72e54ae76903?s=96&d=mm&r=g\",\"contentUrl\":\"https:\/\/secure.gravatar.com\/avatar\/c3a5b3c93f268a709c25a2df414c629a96fb3b1b4bf97a94fb3f72e54ae76903?s=96&d=mm&r=g\",\"caption\":\"Reda\u00e7\u00e3o\"},\"url\":\"https:\/\/sudoesteacontece.com.br\/?author=4\"}]}<\/script>\n<!-- \/ Yoast SEO plugin. -->","yoast_head_json":{"title":"Paramirim recebe 1\u00aa Corrida da 46\u00aa CIPM e celebra esporte e integra\u00e7\u00e3o - Sudoesteacontece","robots":{"index":"index","follow":"follow","max-snippet":"max-snippet:-1","max-image-preview":"max-image-preview:large","max-video-preview":"max-video-preview:-1"},"canonical":"https:\/\/sudoesteacontece.com.br\/?p=5925","og_locale":"pt_BR","og_type":"article","og_title":"Paramirim recebe 1\u00aa Corrida da 46\u00aa CIPM e celebra esporte e integra\u00e7\u00e3o - Sudoesteacontece","og_description":"Paramirim sediou, na manh\u00e3 de domingo (11), a 1\u00aa Corrida da 46\u00aa Companhia Independente de Pol\u00edcia Militar. Realizado no Balne\u00e1rio da cidade, o evento reuniu atletas de v\u00e1rias cidades baianas e contou com organiza\u00e7\u00e3o da Prefeitura em parceria com a 46\u00aa CIPM, destacando-se pela estrutura e pelo clima esportivo. O percurso atraiu corredores amadores e experientes, que participaram em um ambiente marcado pela confraterniza\u00e7\u00e3o. A iniciativa refor\u00e7ou o esporte como instrumento de promo\u00e7\u00e3o da sa\u00fade, do bem-estar e da integra\u00e7\u00e3o entre comunidade, atletas e institui\u00e7\u00f5es p\u00fablicas. Durante a programa\u00e7\u00e3o, a corrida estimulou a conviv\u00eancia social e aproximou moradores das for\u00e7as de seguran\u00e7a. A presen\u00e7a do p\u00fablico e o engajamento dos participantes contribu\u00edram para transformar o evento em um momento de celebra\u00e7\u00e3o coletiva. A organiza\u00e7\u00e3o agradeceu o apoio dos patrocinadores e a ades\u00e3o dos atletas, considerados fundamentais para o sucesso da primeira edi\u00e7\u00e3o. Diante da receptividade, a expectativa \u00e9 de que a corrida passe a integrar o calend\u00e1rio esportivo de Paramirim, com novas edi\u00e7\u00f5es nos pr\u00f3ximos anos.","og_url":"https:\/\/sudoesteacontece.com.br\/?p=5925","og_site_name":"Sudoesteacontece","article_publisher":"https:\/\/www.facebook.com\/sudoesteacontece\/?locale=pt_BR","article_published_time":"2026-01-12T20:20:32+00:00","article_modified_time":"2026-01-12T20:20:34+00:00","og_image":[{"width":900,"height":600,"url":"https:\/\/sudoesteacontece.com.br\/wp-content\/uploads\/2026\/01\/Paramirim-recebe-1a-Corrida-da-46a-CIPM-e-celebra-esporte-e-integracao-sudoeste-acontece.jpg","type":"image\/jpeg"}],"author":"Reda\u00e7\u00e3o","twitter_card":"summary_large_image","twitter_misc":{"Escrito por":"Reda\u00e7\u00e3o","Est. tempo de leitura":"2 minutos"},"schema":{"@context":"https:\/\/schema.org","@graph":[{"@type":"Article","@id":"https:\/\/sudoesteacontece.com.br\/?p=5925#article","isPartOf":{"@id":"https:\/\/sudoesteacontece.com.br\/?p=5925"},"author":{"name":"Reda\u00e7\u00e3o","@id":"https:\/\/sudoesteacontece.com.br\/#\/schema\/person\/a4f22429c1d0923ef8f7d43343f8dc38"},"headline":"Paramirim recebe 1\u00aa Corrida da 46\u00aa CIPM e celebra esporte e integra\u00e7\u00e3o","datePublished":"2026-01-12T20:20:32+00:00","dateModified":"2026-01-12T20:20:34+00:00","mainEntityOfPage":{"@id":"https:\/\/sudoesteacontece.com.br\/?p=5925"},"wordCount":197,"commentCount":0,"publisher":{"@id":"https:\/\/sudoesteacontece.com.br\/#organization"},"image":{"@id":"https:\/\/sudoesteacontece.com.br\/?p=5925#primaryimage"},"thumbnailUrl":"https:\/\/sudoesteacontece.com.br\/wp-content\/uploads\/2026\/01\/Paramirim-recebe-1a-Corrida-da-46a-CIPM-e-celebra-esporte-e-integracao-sudoeste-acontece.jpg","articleSection":["Cidades","Esporte","Paramirim","Pol\u00edcia","Pol\u00edtica"],"inLanguage":"pt-BR","potentialAction":[{"@type":"CommentAction","name":"Comment","target":["https:\/\/sudoesteacontece.com.br\/?p=5925#respond"]}]},{"@type":"WebPage","@id":"https:\/\/sudoesteacontece.com.br\/?p=5925","url":"https:\/\/sudoesteacontece.com.br\/?p=5925","name":"Paramirim recebe 1\u00aa Corrida da 46\u00aa CIPM e celebra esporte e integra\u00e7\u00e3o - Sudoesteacontece","isPartOf":{"@id":"https:\/\/sudoesteacontece.com.br\/#website"},"primaryImageOfPage":{"@id":"https:\/\/sudoesteacontece.com.br\/?p=5925#primaryimage"},"image":{"@id":"https:\/\/sudoesteacontece.com.br\/?p=5925#primaryimage"},"thumbnailUrl":"https:\/\/sudoesteacontece.com.br\/wp-content\/uploads\/2026\/01\/Paramirim-recebe-1a-Corrida-da-46a-CIPM-e-celebra-esporte-e-integracao-sudoeste-acontece.jpg","datePublished":"2026-01-12T20:20:32+00:00","dateModified":"2026-01-12T20:20:34+00:00","breadcrumb":{"@id":"https:\/\/sudoesteacontece.com.br\/?p=5925#breadcrumb"},"inLanguage":"pt-BR","potentialAction":[{"@type":"ReadAction","target":["https:\/\/sudoesteacontece.com.br\/?p=5925"]}]},{"@type":"ImageObject","inLanguage":"pt-BR","@id":"https:\/\/sudoesteacontece.com.br\/?p=5925#primaryimage","url":"https:\/\/sudoesteacontece.com.br\/wp-content\/uploads\/2026\/01\/Paramirim-recebe-1a-Corrida-da-46a-CIPM-e-celebra-esporte-e-integracao-sudoeste-acontece.jpg","contentUrl":"https:\/\/sudoesteacontece.com.br\/wp-content\/uploads\/2026\/01\/Paramirim-recebe-1a-Corrida-da-46a-CIPM-e-celebra-esporte-e-integracao-sudoeste-acontece.jpg","width":900,"height":600},{"@type":"BreadcrumbList","@id":"https:\/\/sudoesteacontece.com.br\/?p=5925#breadcrumb","itemListElement":[{"@type":"ListItem","position":1,"name":"In\u00edcio","item":"https:\/\/sudoesteacontece.com.br\/"},{"@type":"ListItem","position":2,"name":"Paramirim recebe 1\u00aa Corrida da 46\u00aa CIPM e celebra esporte e integra\u00e7\u00e3o"}]},{"@type":"WebSite","@id":"https:\/\/sudoesteacontece.com.br\/#website","url":"https:\/\/sudoesteacontece.com.br\/","name":"Sudoesteacontece","description":"","publisher":{"@id":"https:\/\/sudoesteacontece.com.br\/#organization"},"potentialAction":[{"@type":"SearchAction","target":{"@type":"EntryPoint","urlTemplate":"https:\/\/sudoesteacontece.com.br\/?s={search_term_string}"},"query-input":{"@type":"PropertyValueSpecification","valueRequired":true,"valueName":"search_term_string"}}],"inLanguage":"pt-BR"},{"@type":"Organization","@id":"https:\/\/sudoesteacontece.com.br\/#organization","name":"Sudoesteacontece","url":"https:\/\/sudoesteacontece.com.br\/","logo":{"@type":"ImageObject","inLanguage":"pt-BR","@id":"https:\/\/sudoesteacontece.com.br\/#\/schema\/logo\/image\/","url":"https:\/\/sudoesteacontece.com.br\/wp-content\/uploads\/2025\/12\/cropped-logo-2-180x180-1.png","contentUrl":"https:\/\/sudoesteacontece.com.br\/wp-content\/uploads\/2025\/12\/cropped-logo-2-180x180-1.png","width":180,"height":180,"caption":"Sudoesteacontece"},"image":{"@id":"https:\/\/sudoesteacontece.com.br\/#\/schema\/logo\/image\/"},"sameAs":["https:\/\/www.facebook.com\/sudoesteacontece\/?locale=pt_BR"]},{"@type":"Person","@id":"https:\/\/sudoesteacontece.com.br\/#\/schema\/person\/a4f22429c1d0923ef8f7d43343f8dc38","name":"Reda\u00e7\u00e3o","image":{"@type":"ImageObject","inLanguage":"pt-BR","@id":"https:\/\/sudoesteacontece.com.br\/#\/schema\/person\/image\/","url":"https:\/\/secure.gravatar.com\/avatar\/c3a5b3c93f268a709c25a2df414c629a96fb3b1b4bf97a94fb3f72e54ae76903?s=96&d=mm&r=g","contentUrl":"https:\/\/secure.gravatar.com\/avatar\/c3a5b3c93f268a709c25a2df414c629a96fb3b1b4bf97a94fb3f72e54ae76903?s=96&d=mm&r=g","caption":"Reda\u00e7\u00e3o"},"url":"https:\/\/sudoesteacontece.com.br\/?author=4"}]}},"_links":{"self":[{"href":"https:\/\/sudoesteacontece.com.br\/index.php?rest_route=\/wp\/v2\/posts\/5925","targetHints":{"allow":["GET"]}}],"collection":[{"href":"https:\/\/sudoesteacontece.com.br\/index.php?rest_route=\/wp\/v2\/posts"}],"about":[{"href":"https:\/\/sudoesteacontece.com.br\/index.php?rest_route=\/wp\/v2\/types\/post"}],"author":[{"embeddable":true,"href":"https:\/\/sudoesteacontece.com.br\/index.php?rest_route=\/wp\/v2\/users\/4"}],"replies":[{"embeddable":true,"href":"https:\/\/sudoesteacontece.com.br\/index.php?rest_route=%2Fwp%2Fv2%2Fcomments&post=5925"}],"version-history":[{"count":0,"href":"https:\/\/sudoesteacontece.com.br\/index.php?rest_route=\/wp\/v2\/posts\/5925\/revisions"}],"wp:featuredmedia":[{"embeddable":true,"href":"https:\/\/sudoesteacontece.com.br\/index.php?rest_route=\/wp\/v2\/media\/5931"}],"wp:attachment":[{"href":"https:\/\/sudoesteacontece.com.br\/index.php?rest_route=%2Fwp%2Fv2%2Fmedia&parent=5925"}],"wp:term":[{"taxonomy":"category","embeddable":true,"href":"https:\/\/sudoesteacontece.com.br\/index.php?rest_route=%2Fwp%2Fv2%2Fcategories&post=5925"},{"taxonomy":"post_tag","embeddable":true,"href":"https:\/\/sudoesteacontece.com.br\/index.php?rest_route=%2Fwp%2Fv2%2Ftags&post=5925"}],"curies":[{"name":"wp","href":"https:\/\/api.w.org\/{rel}","templated":true}]}}