{"id":5928,"date":"2026-01-12T17:33:17","date_gmt":"2026-01-12T20:33:17","guid":{"rendered":"https:\/\/sudoesteacontece.com.br\/?p=5928"},"modified":"2026-01-12T17:33:19","modified_gmt":"2026-01-12T20:33:19","slug":"crise-no-psd-racha-entre-otto-alencar-e-angelo-coronel-expoe-disputa-e-antecipa-chapa-governista-na-bahia","status":"publish","type":"post","link":"https:\/\/sudoesteacontece.com.br\/?p=5928","title":{"rendered":"Crise no PSD: racha entre Otto Alencar e Angelo Coronel exp\u00f5e disputa e antecipa chapa governista na Bahia"},"content":{"rendered":"<div class=\"wp-block-image\">\n<figure class=\"aligncenter size-full\"><img fetchpriority=\"high\" decoding=\"async\" width=\"900\" height=\"600\" src=\"http:\/\/sudoesteacontece.com.br\/wp-content\/uploads\/2026\/01\/Crise-no-PSD-racha-entre-Otto-Alencar-e-Angelo-Coronel-expoe-disputa-e-antecipa-chapa-governista-na-Bahia-sudoeste-acontece.jpg\" alt=\"\" class=\"wp-image-5941\" srcset=\"https:\/\/sudoesteacontece.com.br\/wp-content\/uploads\/2026\/01\/Crise-no-PSD-racha-entre-Otto-Alencar-e-Angelo-Coronel-expoe-disputa-e-antecipa-chapa-governista-na-Bahia-sudoeste-acontece.jpg 900w, https:\/\/sudoesteacontece.com.br\/wp-content\/uploads\/2026\/01\/Crise-no-PSD-racha-entre-Otto-Alencar-e-Angelo-Coronel-expoe-disputa-e-antecipa-chapa-governista-na-Bahia-sudoeste-acontece-300x200.jpg 300w, https:\/\/sudoesteacontece.com.br\/wp-content\/uploads\/2026\/01\/Crise-no-PSD-racha-entre-Otto-Alencar-e-Angelo-Coronel-expoe-disputa-e-antecipa-chapa-governista-na-Bahia-sudoeste-acontece-768x512.jpg 768w\" sizes=\"(max-width: 900px) 100vw, 900px\" \/><\/figure>\n<\/div>\n\n\n<p>Clima pol\u00edtico no PSD da Bahia entrou em rota de colis\u00e3o ap\u00f3s declara\u00e7\u00f5es do senador Otto Alencar que abalaram a rela\u00e7\u00e3o com Angelo Coronel. Aliados relatam que a tens\u00e3o cresceu depois de Otto afirmar publicamente que o partido apoiar\u00e1 a reelei\u00e7\u00e3o do governador Jer\u00f4nimo Rodrigues, mesmo sem Coronel na chapa majorit\u00e1ria de 2026.<\/p>\n\n\n\n<p>Declara\u00e7\u00e3o foi interpretada internamente como um gesto de descarte pol\u00edtico. Parlamentares do partido avaliaram a fala como um sinal claro de alinhamento de Otto ao Pal\u00e1cio de Ondina, enfraquecendo o espa\u00e7o de Coronel no projeto eleitoral e encerrando, na pr\u00e1tica, qualquer margem para negocia\u00e7\u00e3o dentro da legenda.<\/p>\n\n\n\n<p>Bastidores indicam que a posi\u00e7\u00e3o de Otto foi vista como retribui\u00e7\u00e3o pol\u00edtica ap\u00f3s o governador garantir a vaga de conselheiro do Tribunal de Contas do Estado ao seu filho, Otto Alencar Filho. A leitura predominante \u00e9 de que o movimento selou compromissos e redefiniu prioridades dentro do PSD.<\/p>\n\n\n\n<p>Resist\u00eancia de Angelo Coronel tamb\u00e9m ampliou o desgaste. O senador mant\u00e9m postura firme pela reelei\u00e7\u00e3o e rejeita discutir alternativas, como ocupar a vice na chapa. Al\u00e9m disso, conversas com ACM Neto, l\u00edder da oposi\u00e7\u00e3o, passaram a incomodar aliados e acenderam alertas sobre uma poss\u00edvel mudan\u00e7a de campo pol\u00edtico.<\/p>\n\n\n\n<p>Diante do impasse, a reuni\u00e3o da c\u00fapula do PSD, prevista para alinhar o discurso e apresentar uma proposta ao governador, perdeu sentido e n\u00e3o deve mais ocorrer. O encontro buscaria costurar um acordo interno, mas o ambiente de desconfian\u00e7a inviabilizou qualquer avan\u00e7o.<\/p>\n\n\n\n<p>Avalia\u00e7\u00e3o de parlamentares \u00e9 que a chapa governista j\u00e1 est\u00e1 desenhada. A composi\u00e7\u00e3o incluiria a reelei\u00e7\u00e3o de Jaques Wagner ao Senado e a candidatura do ministro Rui Costa, formando a chamada chapa \u201cpuro-sangue\u201d do PT, agora com o aval expl\u00edcito de Otto Alencar.<\/p>\n\n\n\n<p>Enquanto isso, aliados pr\u00f3ximos de Coronel afirmam que ele n\u00e3o pretende recuar. Caso n\u00e3o consiga respaldo da dire\u00e7\u00e3o nacional do PSD, o senador admite buscar outra legenda para sustentar o projeto de reelei\u00e7\u00e3o, sinalizando que a crise pode provocar uma ruptura definitiva no partido.<\/p>\n","protected":false},"excerpt":{"rendered":"<p>Clima pol\u00edtico no PSD da Bahia entrou em rota de colis\u00e3o ap\u00f3s declara\u00e7\u00f5es do senador Otto Alencar que abalaram a rela\u00e7\u00e3o com Angelo Coronel. Aliados relatam que a tens\u00e3o cresceu depois de Otto afirmar publicamente que o partido apoiar\u00e1 a reelei\u00e7\u00e3o do governador Jer\u00f4nimo Rodrigues, mesmo sem Coronel na chapa majorit\u00e1ria de 2026. Declara\u00e7\u00e3o foi interpretada internamente como um gesto de descarte pol\u00edtico. Parlamentares do partido avaliaram a fala como um sinal claro de alinhamento de Otto ao Pal\u00e1cio de Ondina, enfraquecendo o espa\u00e7o de Coronel no projeto eleitoral e encerrando, na pr\u00e1tica, qualquer margem para negocia\u00e7\u00e3o dentro da legenda. Bastidores indicam que a posi\u00e7\u00e3o de Otto foi vista como retribui\u00e7\u00e3o pol\u00edtica ap\u00f3s o governador garantir a vaga de conselheiro do Tribunal de Contas do Estado ao seu filho, Otto Alencar Filho. A leitura predominante \u00e9 de que o movimento selou compromissos e redefiniu prioridades dentro do PSD. Resist\u00eancia de Angelo Coronel tamb\u00e9m ampliou o desgaste. O senador mant\u00e9m postura firme pela reelei\u00e7\u00e3o e rejeita discutir alternativas, como ocupar a vice na chapa. Al\u00e9m disso, conversas com ACM Neto, l\u00edder da oposi\u00e7\u00e3o, passaram a incomodar aliados e acenderam alertas sobre uma poss\u00edvel mudan\u00e7a de campo pol\u00edtico. Diante do impasse, a reuni\u00e3o da c\u00fapula do PSD, prevista para alinhar o discurso e apresentar uma proposta ao governador, perdeu sentido e n\u00e3o deve mais ocorrer. O encontro buscaria costurar um acordo interno, mas o ambiente de desconfian\u00e7a inviabilizou qualquer avan\u00e7o. Avalia\u00e7\u00e3o de parlamentares \u00e9 que a chapa governista j\u00e1 est\u00e1 desenhada. A composi\u00e7\u00e3o incluiria a reelei\u00e7\u00e3o de Jaques Wagner ao Senado e a candidatura do ministro Rui Costa, formando a chamada chapa \u201cpuro-sangue\u201d do PT, agora com o aval expl\u00edcito de Otto Alencar. Enquanto isso, aliados pr\u00f3ximos de Coronel afirmam que ele n\u00e3o pretende recuar. Caso n\u00e3o consiga respaldo da dire\u00e7\u00e3o nacional do PSD, o senador admite buscar outra legenda para sustentar o projeto de reelei\u00e7\u00e3o, sinalizando que a crise pode provocar uma ruptura definitiva no partido.<\/p>\n","protected":false},"author":4,"featured_media":5941,"comment_status":"open","ping_status":"open","sticky":false,"template":"","format":"standard","meta":{"footnotes":""},"categories":[7,53,58,6],"tags":[],"class_list":["post-5928","post","type-post","status-publish","format-standard","has-post-thumbnail","hentry","category-bahia","category-brasil","category-eleicoes-2026","category-politica"],"yoast_head":"<!-- This site is optimized with the Yoast SEO plugin v26.5 - https:\/\/yoast.com\/wordpress\/plugins\/seo\/ -->\n<title>Crise no PSD: racha entre Otto Alencar e Angelo Coronel exp\u00f5e disputa e antecipa chapa governista na Bahia - Sudoesteacontece<\/title>\n<meta name=\"robots\" content=\"index, follow, max-snippet:-1, max-image-preview:large, max-video-preview:-1\" \/>\n<link rel=\"canonical\" href=\"https:\/\/sudoesteacontece.com.br\/?p=5928\" \/>\n<meta property=\"og:locale\" content=\"pt_BR\" \/>\n<meta property=\"og:type\" content=\"article\" \/>\n<meta property=\"og:title\" content=\"Crise no PSD: racha entre Otto Alencar e Angelo Coronel exp\u00f5e disputa e antecipa chapa governista na Bahia - Sudoesteacontece\" \/>\n<meta property=\"og:description\" content=\"Clima pol\u00edtico no PSD da Bahia entrou em rota de colis\u00e3o ap\u00f3s declara\u00e7\u00f5es do senador Otto Alencar que abalaram a rela\u00e7\u00e3o com Angelo Coronel. Aliados relatam que a tens\u00e3o cresceu depois de Otto afirmar publicamente que o partido apoiar\u00e1 a reelei\u00e7\u00e3o do governador Jer\u00f4nimo Rodrigues, mesmo sem Coronel na chapa majorit\u00e1ria de 2026. Declara\u00e7\u00e3o foi interpretada internamente como um gesto de descarte pol\u00edtico. Parlamentares do partido avaliaram a fala como um sinal claro de alinhamento de Otto ao Pal\u00e1cio de Ondina, enfraquecendo o espa\u00e7o de Coronel no projeto eleitoral e encerrando, na pr\u00e1tica, qualquer margem para negocia\u00e7\u00e3o dentro da legenda. Bastidores indicam que a posi\u00e7\u00e3o de Otto foi vista como retribui\u00e7\u00e3o pol\u00edtica ap\u00f3s o governador garantir a vaga de conselheiro do Tribunal de Contas do Estado ao seu filho, Otto Alencar Filho. A leitura predominante \u00e9 de que o movimento selou compromissos e redefiniu prioridades dentro do PSD. Resist\u00eancia de Angelo Coronel tamb\u00e9m ampliou o desgaste. O senador mant\u00e9m postura firme pela reelei\u00e7\u00e3o e rejeita discutir alternativas, como ocupar a vice na chapa. Al\u00e9m disso, conversas com ACM Neto, l\u00edder da oposi\u00e7\u00e3o, passaram a incomodar aliados e acenderam alertas sobre uma poss\u00edvel mudan\u00e7a de campo pol\u00edtico. Diante do impasse, a reuni\u00e3o da c\u00fapula do PSD, prevista para alinhar o discurso e apresentar uma proposta ao governador, perdeu sentido e n\u00e3o deve mais ocorrer. O encontro buscaria costurar um acordo interno, mas o ambiente de desconfian\u00e7a inviabilizou qualquer avan\u00e7o. Avalia\u00e7\u00e3o de parlamentares \u00e9 que a chapa governista j\u00e1 est\u00e1 desenhada. A composi\u00e7\u00e3o incluiria a reelei\u00e7\u00e3o de Jaques Wagner ao Senado e a candidatura do ministro Rui Costa, formando a chamada chapa \u201cpuro-sangue\u201d do PT, agora com o aval expl\u00edcito de Otto Alencar. Enquanto isso, aliados pr\u00f3ximos de Coronel afirmam que ele n\u00e3o pretende recuar. Caso n\u00e3o consiga respaldo da dire\u00e7\u00e3o nacional do PSD, o senador admite buscar outra legenda para sustentar o projeto de reelei\u00e7\u00e3o, sinalizando que a crise pode provocar uma ruptura definitiva no partido.\" \/>\n<meta property=\"og:url\" content=\"https:\/\/sudoesteacontece.com.br\/?p=5928\" \/>\n<meta property=\"og:site_name\" content=\"Sudoesteacontece\" \/>\n<meta property=\"article:publisher\" content=\"https:\/\/www.facebook.com\/sudoesteacontece\/?locale=pt_BR\" \/>\n<meta property=\"article:published_time\" content=\"2026-01-12T20:33:17+00:00\" \/>\n<meta property=\"article:modified_time\" content=\"2026-01-12T20:33:19+00:00\" \/>\n<meta property=\"og:image\" content=\"https:\/\/sudoesteacontece.com.br\/wp-content\/uploads\/2026\/01\/Crise-no-PSD-racha-entre-Otto-Alencar-e-Angelo-Coronel-expoe-disputa-e-antecipa-chapa-governista-na-Bahia-sudoeste-acontece.jpg\" \/>\n\t<meta property=\"og:image:width\" content=\"900\" \/>\n\t<meta property=\"og:image:height\" content=\"600\" \/>\n\t<meta property=\"og:image:type\" content=\"image\/jpeg\" \/>\n<meta name=\"author\" content=\"Reda\u00e7\u00e3o\" \/>\n<meta name=\"twitter:card\" content=\"summary_large_image\" \/>\n<meta name=\"twitter:label1\" content=\"Escrito por\" \/>\n\t<meta name=\"twitter:data1\" content=\"Reda\u00e7\u00e3o\" \/>\n\t<meta name=\"twitter:label2\" content=\"Est. tempo de leitura\" \/>\n\t<meta name=\"twitter:data2\" content=\"3 minutos\" \/>\n<script type=\"application\/ld+json\" class=\"yoast-schema-graph\">{\"@context\":\"https:\/\/schema.org\",\"@graph\":[{\"@type\":\"Article\",\"@id\":\"https:\/\/sudoesteacontece.com.br\/?p=5928#article\",\"isPartOf\":{\"@id\":\"https:\/\/sudoesteacontece.com.br\/?p=5928\"},\"author\":{\"name\":\"Reda\u00e7\u00e3o\",\"@id\":\"https:\/\/sudoesteacontece.com.br\/#\/schema\/person\/a4f22429c1d0923ef8f7d43343f8dc38\"},\"headline\":\"Crise no PSD: racha entre Otto Alencar e Angelo Coronel exp\u00f5e disputa e antecipa chapa governista na Bahia\",\"datePublished\":\"2026-01-12T20:33:17+00:00\",\"dateModified\":\"2026-01-12T20:33:19+00:00\",\"mainEntityOfPage\":{\"@id\":\"https:\/\/sudoesteacontece.com.br\/?p=5928\"},\"wordCount\":384,\"commentCount\":0,\"publisher\":{\"@id\":\"https:\/\/sudoesteacontece.com.br\/#organization\"},\"image\":{\"@id\":\"https:\/\/sudoesteacontece.com.br\/?p=5928#primaryimage\"},\"thumbnailUrl\":\"https:\/\/sudoesteacontece.com.br\/wp-content\/uploads\/2026\/01\/Crise-no-PSD-racha-entre-Otto-Alencar-e-Angelo-Coronel-expoe-disputa-e-antecipa-chapa-governista-na-Bahia-sudoeste-acontece.jpg\",\"articleSection\":[\"Bahia\",\"Brasil\",\"Elei\u00e7\u00f5es 2026\",\"Pol\u00edtica\"],\"inLanguage\":\"pt-BR\",\"potentialAction\":[{\"@type\":\"CommentAction\",\"name\":\"Comment\",\"target\":[\"https:\/\/sudoesteacontece.com.br\/?p=5928#respond\"]}]},{\"@type\":\"WebPage\",\"@id\":\"https:\/\/sudoesteacontece.com.br\/?p=5928\",\"url\":\"https:\/\/sudoesteacontece.com.br\/?p=5928\",\"name\":\"Crise no PSD: racha entre Otto Alencar e Angelo Coronel exp\u00f5e disputa e antecipa chapa governista na Bahia - Sudoesteacontece\",\"isPartOf\":{\"@id\":\"https:\/\/sudoesteacontece.com.br\/#website\"},\"primaryImageOfPage\":{\"@id\":\"https:\/\/sudoesteacontece.com.br\/?p=5928#primaryimage\"},\"image\":{\"@id\":\"https:\/\/sudoesteacontece.com.br\/?p=5928#primaryimage\"},\"thumbnailUrl\":\"https:\/\/sudoesteacontece.com.br\/wp-content\/uploads\/2026\/01\/Crise-no-PSD-racha-entre-Otto-Alencar-e-Angelo-Coronel-expoe-disputa-e-antecipa-chapa-governista-na-Bahia-sudoeste-acontece.jpg\",\"datePublished\":\"2026-01-12T20:33:17+00:00\",\"dateModified\":\"2026-01-12T20:33:19+00:00\",\"breadcrumb\":{\"@id\":\"https:\/\/sudoesteacontece.com.br\/?p=5928#breadcrumb\"},\"inLanguage\":\"pt-BR\",\"potentialAction\":[{\"@type\":\"ReadAction\",\"target\":[\"https:\/\/sudoesteacontece.com.br\/?p=5928\"]}]},{\"@type\":\"ImageObject\",\"inLanguage\":\"pt-BR\",\"@id\":\"https:\/\/sudoesteacontece.com.br\/?p=5928#primaryimage\",\"url\":\"https:\/\/sudoesteacontece.com.br\/wp-content\/uploads\/2026\/01\/Crise-no-PSD-racha-entre-Otto-Alencar-e-Angelo-Coronel-expoe-disputa-e-antecipa-chapa-governista-na-Bahia-sudoeste-acontece.jpg\",\"contentUrl\":\"https:\/\/sudoesteacontece.com.br\/wp-content\/uploads\/2026\/01\/Crise-no-PSD-racha-entre-Otto-Alencar-e-Angelo-Coronel-expoe-disputa-e-antecipa-chapa-governista-na-Bahia-sudoeste-acontece.jpg\",\"width\":900,\"height\":600},{\"@type\":\"BreadcrumbList\",\"@id\":\"https:\/\/sudoesteacontece.com.br\/?p=5928#breadcrumb\",\"itemListElement\":[{\"@type\":\"ListItem\",\"position\":1,\"name\":\"In\u00edcio\",\"item\":\"https:\/\/sudoesteacontece.com.br\/\"},{\"@type\":\"ListItem\",\"position\":2,\"name\":\"Crise no PSD: racha entre Otto Alencar e Angelo Coronel exp\u00f5e disputa e antecipa chapa governista na Bahia\"}]},{\"@type\":\"WebSite\",\"@id\":\"https:\/\/sudoesteacontece.com.br\/#website\",\"url\":\"https:\/\/sudoesteacontece.com.br\/\",\"name\":\"Sudoesteacontece\",\"description\":\"\",\"publisher\":{\"@id\":\"https:\/\/sudoesteacontece.com.br\/#organization\"},\"potentialAction\":[{\"@type\":\"SearchAction\",\"target\":{\"@type\":\"EntryPoint\",\"urlTemplate\":\"https:\/\/sudoesteacontece.com.br\/?s={search_term_string}\"},\"query-input\":{\"@type\":\"PropertyValueSpecification\",\"valueRequired\":true,\"valueName\":\"search_term_string\"}}],\"inLanguage\":\"pt-BR\"},{\"@type\":\"Organization\",\"@id\":\"https:\/\/sudoesteacontece.com.br\/#organization\",\"name\":\"Sudoesteacontece\",\"url\":\"https:\/\/sudoesteacontece.com.br\/\",\"logo\":{\"@type\":\"ImageObject\",\"inLanguage\":\"pt-BR\",\"@id\":\"https:\/\/sudoesteacontece.com.br\/#\/schema\/logo\/image\/\",\"url\":\"https:\/\/sudoesteacontece.com.br\/wp-content\/uploads\/2025\/12\/cropped-logo-2-180x180-1.png\",\"contentUrl\":\"https:\/\/sudoesteacontece.com.br\/wp-content\/uploads\/2025\/12\/cropped-logo-2-180x180-1.png\",\"width\":180,\"height\":180,\"caption\":\"Sudoesteacontece\"},\"image\":{\"@id\":\"https:\/\/sudoesteacontece.com.br\/#\/schema\/logo\/image\/\"},\"sameAs\":[\"https:\/\/www.facebook.com\/sudoesteacontece\/?locale=pt_BR\"]},{\"@type\":\"Person\",\"@id\":\"https:\/\/sudoesteacontece.com.br\/#\/schema\/person\/a4f22429c1d0923ef8f7d43343f8dc38\",\"name\":\"Reda\u00e7\u00e3o\",\"image\":{\"@type\":\"ImageObject\",\"inLanguage\":\"pt-BR\",\"@id\":\"https:\/\/sudoesteacontece.com.br\/#\/schema\/person\/image\/\",\"url\":\"https:\/\/secure.gravatar.com\/avatar\/c3a5b3c93f268a709c25a2df414c629a96fb3b1b4bf97a94fb3f72e54ae76903?s=96&d=mm&r=g\",\"contentUrl\":\"https:\/\/secure.gravatar.com\/avatar\/c3a5b3c93f268a709c25a2df414c629a96fb3b1b4bf97a94fb3f72e54ae76903?s=96&d=mm&r=g\",\"caption\":\"Reda\u00e7\u00e3o\"},\"url\":\"https:\/\/sudoesteacontece.com.br\/?author=4\"}]}<\/script>\n<!-- \/ Yoast SEO plugin. -->","yoast_head_json":{"title":"Crise no PSD: racha entre Otto Alencar e Angelo Coronel exp\u00f5e disputa e antecipa chapa governista na Bahia - Sudoesteacontece","robots":{"index":"index","follow":"follow","max-snippet":"max-snippet:-1","max-image-preview":"max-image-preview:large","max-video-preview":"max-video-preview:-1"},"canonical":"https:\/\/sudoesteacontece.com.br\/?p=5928","og_locale":"pt_BR","og_type":"article","og_title":"Crise no PSD: racha entre Otto Alencar e Angelo Coronel exp\u00f5e disputa e antecipa chapa governista na Bahia - Sudoesteacontece","og_description":"Clima pol\u00edtico no PSD da Bahia entrou em rota de colis\u00e3o ap\u00f3s declara\u00e7\u00f5es do senador Otto Alencar que abalaram a rela\u00e7\u00e3o com Angelo Coronel. Aliados relatam que a tens\u00e3o cresceu depois de Otto afirmar publicamente que o partido apoiar\u00e1 a reelei\u00e7\u00e3o do governador Jer\u00f4nimo Rodrigues, mesmo sem Coronel na chapa majorit\u00e1ria de 2026. Declara\u00e7\u00e3o foi interpretada internamente como um gesto de descarte pol\u00edtico. Parlamentares do partido avaliaram a fala como um sinal claro de alinhamento de Otto ao Pal\u00e1cio de Ondina, enfraquecendo o espa\u00e7o de Coronel no projeto eleitoral e encerrando, na pr\u00e1tica, qualquer margem para negocia\u00e7\u00e3o dentro da legenda. Bastidores indicam que a posi\u00e7\u00e3o de Otto foi vista como retribui\u00e7\u00e3o pol\u00edtica ap\u00f3s o governador garantir a vaga de conselheiro do Tribunal de Contas do Estado ao seu filho, Otto Alencar Filho. A leitura predominante \u00e9 de que o movimento selou compromissos e redefiniu prioridades dentro do PSD. Resist\u00eancia de Angelo Coronel tamb\u00e9m ampliou o desgaste. O senador mant\u00e9m postura firme pela reelei\u00e7\u00e3o e rejeita discutir alternativas, como ocupar a vice na chapa. Al\u00e9m disso, conversas com ACM Neto, l\u00edder da oposi\u00e7\u00e3o, passaram a incomodar aliados e acenderam alertas sobre uma poss\u00edvel mudan\u00e7a de campo pol\u00edtico. Diante do impasse, a reuni\u00e3o da c\u00fapula do PSD, prevista para alinhar o discurso e apresentar uma proposta ao governador, perdeu sentido e n\u00e3o deve mais ocorrer. O encontro buscaria costurar um acordo interno, mas o ambiente de desconfian\u00e7a inviabilizou qualquer avan\u00e7o. Avalia\u00e7\u00e3o de parlamentares \u00e9 que a chapa governista j\u00e1 est\u00e1 desenhada. A composi\u00e7\u00e3o incluiria a reelei\u00e7\u00e3o de Jaques Wagner ao Senado e a candidatura do ministro Rui Costa, formando a chamada chapa \u201cpuro-sangue\u201d do PT, agora com o aval expl\u00edcito de Otto Alencar. Enquanto isso, aliados pr\u00f3ximos de Coronel afirmam que ele n\u00e3o pretende recuar. Caso n\u00e3o consiga respaldo da dire\u00e7\u00e3o nacional do PSD, o senador admite buscar outra legenda para sustentar o projeto de reelei\u00e7\u00e3o, sinalizando que a crise pode provocar uma ruptura definitiva no partido.","og_url":"https:\/\/sudoesteacontece.com.br\/?p=5928","og_site_name":"Sudoesteacontece","article_publisher":"https:\/\/www.facebook.com\/sudoesteacontece\/?locale=pt_BR","article_published_time":"2026-01-12T20:33:17+00:00","article_modified_time":"2026-01-12T20:33:19+00:00","og_image":[{"width":900,"height":600,"url":"https:\/\/sudoesteacontece.com.br\/wp-content\/uploads\/2026\/01\/Crise-no-PSD-racha-entre-Otto-Alencar-e-Angelo-Coronel-expoe-disputa-e-antecipa-chapa-governista-na-Bahia-sudoeste-acontece.jpg","type":"image\/jpeg"}],"author":"Reda\u00e7\u00e3o","twitter_card":"summary_large_image","twitter_misc":{"Escrito por":"Reda\u00e7\u00e3o","Est. tempo de leitura":"3 minutos"},"schema":{"@context":"https:\/\/schema.org","@graph":[{"@type":"Article","@id":"https:\/\/sudoesteacontece.com.br\/?p=5928#article","isPartOf":{"@id":"https:\/\/sudoesteacontece.com.br\/?p=5928"},"author":{"name":"Reda\u00e7\u00e3o","@id":"https:\/\/sudoesteacontece.com.br\/#\/schema\/person\/a4f22429c1d0923ef8f7d43343f8dc38"},"headline":"Crise no PSD: racha entre Otto Alencar e Angelo Coronel exp\u00f5e disputa e antecipa chapa governista na Bahia","datePublished":"2026-01-12T20:33:17+00:00","dateModified":"2026-01-12T20:33:19+00:00","mainEntityOfPage":{"@id":"https:\/\/sudoesteacontece.com.br\/?p=5928"},"wordCount":384,"commentCount":0,"publisher":{"@id":"https:\/\/sudoesteacontece.com.br\/#organization"},"image":{"@id":"https:\/\/sudoesteacontece.com.br\/?p=5928#primaryimage"},"thumbnailUrl":"https:\/\/sudoesteacontece.com.br\/wp-content\/uploads\/2026\/01\/Crise-no-PSD-racha-entre-Otto-Alencar-e-Angelo-Coronel-expoe-disputa-e-antecipa-chapa-governista-na-Bahia-sudoeste-acontece.jpg","articleSection":["Bahia","Brasil","Elei\u00e7\u00f5es 2026","Pol\u00edtica"],"inLanguage":"pt-BR","potentialAction":[{"@type":"CommentAction","name":"Comment","target":["https:\/\/sudoesteacontece.com.br\/?p=5928#respond"]}]},{"@type":"WebPage","@id":"https:\/\/sudoesteacontece.com.br\/?p=5928","url":"https:\/\/sudoesteacontece.com.br\/?p=5928","name":"Crise no PSD: racha entre Otto Alencar e Angelo Coronel exp\u00f5e disputa e antecipa chapa governista na Bahia - Sudoesteacontece","isPartOf":{"@id":"https:\/\/sudoesteacontece.com.br\/#website"},"primaryImageOfPage":{"@id":"https:\/\/sudoesteacontece.com.br\/?p=5928#primaryimage"},"image":{"@id":"https:\/\/sudoesteacontece.com.br\/?p=5928#primaryimage"},"thumbnailUrl":"https:\/\/sudoesteacontece.com.br\/wp-content\/uploads\/2026\/01\/Crise-no-PSD-racha-entre-Otto-Alencar-e-Angelo-Coronel-expoe-disputa-e-antecipa-chapa-governista-na-Bahia-sudoeste-acontece.jpg","datePublished":"2026-01-12T20:33:17+00:00","dateModified":"2026-01-12T20:33:19+00:00","breadcrumb":{"@id":"https:\/\/sudoesteacontece.com.br\/?p=5928#breadcrumb"},"inLanguage":"pt-BR","potentialAction":[{"@type":"ReadAction","target":["https:\/\/sudoesteacontece.com.br\/?p=5928"]}]},{"@type":"ImageObject","inLanguage":"pt-BR","@id":"https:\/\/sudoesteacontece.com.br\/?p=5928#primaryimage","url":"https:\/\/sudoesteacontece.com.br\/wp-content\/uploads\/2026\/01\/Crise-no-PSD-racha-entre-Otto-Alencar-e-Angelo-Coronel-expoe-disputa-e-antecipa-chapa-governista-na-Bahia-sudoeste-acontece.jpg","contentUrl":"https:\/\/sudoesteacontece.com.br\/wp-content\/uploads\/2026\/01\/Crise-no-PSD-racha-entre-Otto-Alencar-e-Angelo-Coronel-expoe-disputa-e-antecipa-chapa-governista-na-Bahia-sudoeste-acontece.jpg","width":900,"height":600},{"@type":"BreadcrumbList","@id":"https:\/\/sudoesteacontece.com.br\/?p=5928#breadcrumb","itemListElement":[{"@type":"ListItem","position":1,"name":"In\u00edcio","item":"https:\/\/sudoesteacontece.com.br\/"},{"@type":"ListItem","position":2,"name":"Crise no PSD: racha entre Otto Alencar e Angelo Coronel exp\u00f5e disputa e antecipa chapa governista na Bahia"}]},{"@type":"WebSite","@id":"https:\/\/sudoesteacontece.com.br\/#website","url":"https:\/\/sudoesteacontece.com.br\/","name":"Sudoesteacontece","description":"","publisher":{"@id":"https:\/\/sudoesteacontece.com.br\/#organization"},"potentialAction":[{"@type":"SearchAction","target":{"@type":"EntryPoint","urlTemplate":"https:\/\/sudoesteacontece.com.br\/?s={search_term_string}"},"query-input":{"@type":"PropertyValueSpecification","valueRequired":true,"valueName":"search_term_string"}}],"inLanguage":"pt-BR"},{"@type":"Organization","@id":"https:\/\/sudoesteacontece.com.br\/#organization","name":"Sudoesteacontece","url":"https:\/\/sudoesteacontece.com.br\/","logo":{"@type":"ImageObject","inLanguage":"pt-BR","@id":"https:\/\/sudoesteacontece.com.br\/#\/schema\/logo\/image\/","url":"https:\/\/sudoesteacontece.com.br\/wp-content\/uploads\/2025\/12\/cropped-logo-2-180x180-1.png","contentUrl":"https:\/\/sudoesteacontece.com.br\/wp-content\/uploads\/2025\/12\/cropped-logo-2-180x180-1.png","width":180,"height":180,"caption":"Sudoesteacontece"},"image":{"@id":"https:\/\/sudoesteacontece.com.br\/#\/schema\/logo\/image\/"},"sameAs":["https:\/\/www.facebook.com\/sudoesteacontece\/?locale=pt_BR"]},{"@type":"Person","@id":"https:\/\/sudoesteacontece.com.br\/#\/schema\/person\/a4f22429c1d0923ef8f7d43343f8dc38","name":"Reda\u00e7\u00e3o","image":{"@type":"ImageObject","inLanguage":"pt-BR","@id":"https:\/\/sudoesteacontece.com.br\/#\/schema\/person\/image\/","url":"https:\/\/secure.gravatar.com\/avatar\/c3a5b3c93f268a709c25a2df414c629a96fb3b1b4bf97a94fb3f72e54ae76903?s=96&d=mm&r=g","contentUrl":"https:\/\/secure.gravatar.com\/avatar\/c3a5b3c93f268a709c25a2df414c629a96fb3b1b4bf97a94fb3f72e54ae76903?s=96&d=mm&r=g","caption":"Reda\u00e7\u00e3o"},"url":"https:\/\/sudoesteacontece.com.br\/?author=4"}]}},"_links":{"self":[{"href":"https:\/\/sudoesteacontece.com.br\/index.php?rest_route=\/wp\/v2\/posts\/5928","targetHints":{"allow":["GET"]}}],"collection":[{"href":"https:\/\/sudoesteacontece.com.br\/index.php?rest_route=\/wp\/v2\/posts"}],"about":[{"href":"https:\/\/sudoesteacontece.com.br\/index.php?rest_route=\/wp\/v2\/types\/post"}],"author":[{"embeddable":true,"href":"https:\/\/sudoesteacontece.com.br\/index.php?rest_route=\/wp\/v2\/users\/4"}],"replies":[{"embeddable":true,"href":"https:\/\/sudoesteacontece.com.br\/index.php?rest_route=%2Fwp%2Fv2%2Fcomments&post=5928"}],"version-history":[{"count":0,"href":"https:\/\/sudoesteacontece.com.br\/index.php?rest_route=\/wp\/v2\/posts\/5928\/revisions"}],"wp:featuredmedia":[{"embeddable":true,"href":"https:\/\/sudoesteacontece.com.br\/index.php?rest_route=\/wp\/v2\/media\/5941"}],"wp:attachment":[{"href":"https:\/\/sudoesteacontece.com.br\/index.php?rest_route=%2Fwp%2Fv2%2Fmedia&parent=5928"}],"wp:term":[{"taxonomy":"category","embeddable":true,"href":"https:\/\/sudoesteacontece.com.br\/index.php?rest_route=%2Fwp%2Fv2%2Fcategories&post=5928"},{"taxonomy":"post_tag","embeddable":true,"href":"https:\/\/sudoesteacontece.com.br\/index.php?rest_route=%2Fwp%2Fv2%2Ftags&post=5928"}],"curies":[{"name":"wp","href":"https:\/\/api.w.org\/{rel}","templated":true}]}}