{"id":5955,"date":"2026-01-13T11:07:50","date_gmt":"2026-01-13T14:07:50","guid":{"rendered":"https:\/\/sudoesteacontece.com.br\/?p=5955"},"modified":"2026-01-13T11:07:52","modified_gmt":"2026-01-13T14:07:52","slug":"brumado-inaugura-creche-professora-maria-sonia-e-praca-de-alimentacao-icaro-gabriel-nesta-sexta-feira","status":"publish","type":"post","link":"https:\/\/sudoesteacontece.com.br\/?p=5955","title":{"rendered":"Brumado inaugura creche Professora Maria S\u00f4nia e pra\u00e7a de alimenta\u00e7\u00e3o \u00cdcaro Gabriel nesta sexta-feira"},"content":{"rendered":"<div class=\"wp-block-image\">\n<figure class=\"aligncenter size-full\"><img fetchpriority=\"high\" decoding=\"async\" width=\"900\" height=\"600\" src=\"http:\/\/sudoesteacontece.com.br\/wp-content\/uploads\/2026\/01\/Brumado-inaugura-creche-Professora-Maria-Sonia-e-praca-de-alimentacao-Icaro-Gabriel-nesta-sexta-feira-sudoeste-acontece.jpg\" alt=\"\" class=\"wp-image-5993\" srcset=\"https:\/\/sudoesteacontece.com.br\/wp-content\/uploads\/2026\/01\/Brumado-inaugura-creche-Professora-Maria-Sonia-e-praca-de-alimentacao-Icaro-Gabriel-nesta-sexta-feira-sudoeste-acontece.jpg 900w, https:\/\/sudoesteacontece.com.br\/wp-content\/uploads\/2026\/01\/Brumado-inaugura-creche-Professora-Maria-Sonia-e-praca-de-alimentacao-Icaro-Gabriel-nesta-sexta-feira-sudoeste-acontece-300x200.jpg 300w, https:\/\/sudoesteacontece.com.br\/wp-content\/uploads\/2026\/01\/Brumado-inaugura-creche-Professora-Maria-Sonia-e-praca-de-alimentacao-Icaro-Gabriel-nesta-sexta-feira-sudoeste-acontece-768x512.jpg 768w\" sizes=\"(max-width: 900px) 100vw, 900px\" \/><\/figure>\n<\/div>\n\n\n<p>Prefeitura de Brumado inaugura nesta sexta-feira (16), \u00e0s 18h30, a Creche Municipal Professora Maria S\u00f4nia Pereira de Oliveira e a Pra\u00e7a de Alimenta\u00e7\u00e3o \u00cdcaro Gabriel da Silva. A entrega marca um avan\u00e7o na educa\u00e7\u00e3o infantil e amplia os espa\u00e7os p\u00fablicos de conviv\u00eancia voltados \u00e0s fam\u00edlias do munic\u00edpio.<\/p>\n\n\n\n<p>Unidade educacional funciona na Escola Municipal Professora Sheila Barreto Spinola Costa e passa a atender crian\u00e7as do ber\u00e7\u00e1rio G1 ao Pr\u00e9 I G4. A partir deste ano, a estrutura tamb\u00e9m receber\u00e1 turmas do Pr\u00e9 II G5, ampliando vagas e fortalecendo o acesso \u00e0 educa\u00e7\u00e3o infantil na rede municipal.<\/p>\n\n\n\n<p>Antes conhecida como \u201ccreche do Sheila\u201d, a institui\u00e7\u00e3o ganha nome pr\u00f3prio e identidade oficial. A mudan\u00e7a integra definitivamente o espa\u00e7o \u00e0 rede municipal de ensino e reconhece a trajet\u00f3ria da professora Maria S\u00f4nia Pereira de Oliveira, refer\u00eancia na educa\u00e7\u00e3o local.<\/p>\n\n\n\n<p>Espa\u00e7o de conviv\u00eancia tamb\u00e9m ser\u00e1 entregue com a inaugura\u00e7\u00e3o da Pra\u00e7a de Alimenta\u00e7\u00e3o \u00cdcaro Gabriel da Silva. O local foi planejado para promover acolhimento, intera\u00e7\u00e3o e partilha entre estudantes, fam\u00edlias e profissionais da educa\u00e7\u00e3o, fortalecendo os v\u00ednculos da comunidade escolar.<\/p>\n\n\n\n<p>Cerim\u00f4nia ser\u00e1 aberta ao p\u00fablico e simboliza mais um investimento da gest\u00e3o municipal em pol\u00edticas voltadas \u00e0 primeira inf\u00e2ncia. A iniciativa refor\u00e7a o compromisso com educa\u00e7\u00e3o, cuidado e valoriza\u00e7\u00e3o dos espa\u00e7os p\u00fablicos desde os primeiros anos de vida.<\/p>\n","protected":false},"excerpt":{"rendered":"<p>Prefeitura de Brumado inaugura nesta sexta-feira (16), \u00e0s 18h30, a Creche Municipal Professora Maria S\u00f4nia Pereira de Oliveira e a Pra\u00e7a de Alimenta\u00e7\u00e3o \u00cdcaro Gabriel da Silva. A entrega marca um avan\u00e7o na educa\u00e7\u00e3o infantil e amplia os espa\u00e7os p\u00fablicos de conviv\u00eancia voltados \u00e0s fam\u00edlias do munic\u00edpio. Unidade educacional funciona na Escola Municipal Professora Sheila Barreto Spinola Costa e passa a atender crian\u00e7as do ber\u00e7\u00e1rio G1 ao Pr\u00e9 I G4. A partir deste ano, a estrutura tamb\u00e9m receber\u00e1 turmas do Pr\u00e9 II G5, ampliando vagas e fortalecendo o acesso \u00e0 educa\u00e7\u00e3o infantil na rede municipal. Antes conhecida como \u201ccreche do Sheila\u201d, a institui\u00e7\u00e3o ganha nome pr\u00f3prio e identidade oficial. A mudan\u00e7a integra definitivamente o espa\u00e7o \u00e0 rede municipal de ensino e reconhece a trajet\u00f3ria da professora Maria S\u00f4nia Pereira de Oliveira, refer\u00eancia na educa\u00e7\u00e3o local. Espa\u00e7o de conviv\u00eancia tamb\u00e9m ser\u00e1 entregue com a inaugura\u00e7\u00e3o da Pra\u00e7a de Alimenta\u00e7\u00e3o \u00cdcaro Gabriel da Silva. O local foi planejado para promover acolhimento, intera\u00e7\u00e3o e partilha entre estudantes, fam\u00edlias e profissionais da educa\u00e7\u00e3o, fortalecendo os v\u00ednculos da comunidade escolar. Cerim\u00f4nia ser\u00e1 aberta ao p\u00fablico e simboliza mais um investimento da gest\u00e3o municipal em pol\u00edticas voltadas \u00e0 primeira inf\u00e2ncia. A iniciativa refor\u00e7a o compromisso com educa\u00e7\u00e3o, cuidado e valoriza\u00e7\u00e3o dos espa\u00e7os p\u00fablicos desde os primeiros anos de vida.<\/p>\n","protected":false},"author":4,"featured_media":5993,"comment_status":"open","ping_status":"open","sticky":false,"template":"","format":"standard","meta":{"footnotes":""},"categories":[10,43,6],"tags":[],"class_list":["post-5955","post","type-post","status-publish","format-standard","has-post-thumbnail","hentry","category-brumado","category-educacao","category-politica"],"yoast_head":"<!-- This site is optimized with the Yoast SEO plugin v26.5 - https:\/\/yoast.com\/wordpress\/plugins\/seo\/ -->\n<title>Brumado inaugura creche Professora Maria S\u00f4nia e pra\u00e7a de alimenta\u00e7\u00e3o \u00cdcaro Gabriel nesta sexta-feira - Sudoesteacontece<\/title>\n<meta name=\"robots\" content=\"index, follow, max-snippet:-1, max-image-preview:large, max-video-preview:-1\" \/>\n<link rel=\"canonical\" href=\"https:\/\/sudoesteacontece.com.br\/?p=5955\" \/>\n<meta property=\"og:locale\" content=\"pt_BR\" \/>\n<meta property=\"og:type\" content=\"article\" \/>\n<meta property=\"og:title\" content=\"Brumado inaugura creche Professora Maria S\u00f4nia e pra\u00e7a de alimenta\u00e7\u00e3o \u00cdcaro Gabriel nesta sexta-feira - Sudoesteacontece\" \/>\n<meta property=\"og:description\" content=\"Prefeitura de Brumado inaugura nesta sexta-feira (16), \u00e0s 18h30, a Creche Municipal Professora Maria S\u00f4nia Pereira de Oliveira e a Pra\u00e7a de Alimenta\u00e7\u00e3o \u00cdcaro Gabriel da Silva. A entrega marca um avan\u00e7o na educa\u00e7\u00e3o infantil e amplia os espa\u00e7os p\u00fablicos de conviv\u00eancia voltados \u00e0s fam\u00edlias do munic\u00edpio. Unidade educacional funciona na Escola Municipal Professora Sheila Barreto Spinola Costa e passa a atender crian\u00e7as do ber\u00e7\u00e1rio G1 ao Pr\u00e9 I G4. A partir deste ano, a estrutura tamb\u00e9m receber\u00e1 turmas do Pr\u00e9 II G5, ampliando vagas e fortalecendo o acesso \u00e0 educa\u00e7\u00e3o infantil na rede municipal. Antes conhecida como \u201ccreche do Sheila\u201d, a institui\u00e7\u00e3o ganha nome pr\u00f3prio e identidade oficial. A mudan\u00e7a integra definitivamente o espa\u00e7o \u00e0 rede municipal de ensino e reconhece a trajet\u00f3ria da professora Maria S\u00f4nia Pereira de Oliveira, refer\u00eancia na educa\u00e7\u00e3o local. Espa\u00e7o de conviv\u00eancia tamb\u00e9m ser\u00e1 entregue com a inaugura\u00e7\u00e3o da Pra\u00e7a de Alimenta\u00e7\u00e3o \u00cdcaro Gabriel da Silva. O local foi planejado para promover acolhimento, intera\u00e7\u00e3o e partilha entre estudantes, fam\u00edlias e profissionais da educa\u00e7\u00e3o, fortalecendo os v\u00ednculos da comunidade escolar. Cerim\u00f4nia ser\u00e1 aberta ao p\u00fablico e simboliza mais um investimento da gest\u00e3o municipal em pol\u00edticas voltadas \u00e0 primeira inf\u00e2ncia. A iniciativa refor\u00e7a o compromisso com educa\u00e7\u00e3o, cuidado e valoriza\u00e7\u00e3o dos espa\u00e7os p\u00fablicos desde os primeiros anos de vida.\" \/>\n<meta property=\"og:url\" content=\"https:\/\/sudoesteacontece.com.br\/?p=5955\" \/>\n<meta property=\"og:site_name\" content=\"Sudoesteacontece\" \/>\n<meta property=\"article:publisher\" content=\"https:\/\/www.facebook.com\/sudoesteacontece\/?locale=pt_BR\" \/>\n<meta property=\"article:published_time\" content=\"2026-01-13T14:07:50+00:00\" \/>\n<meta property=\"article:modified_time\" content=\"2026-01-13T14:07:52+00:00\" \/>\n<meta property=\"og:image\" content=\"https:\/\/sudoesteacontece.com.br\/wp-content\/uploads\/2026\/01\/Brumado-inaugura-creche-Professora-Maria-Sonia-e-praca-de-alimentacao-Icaro-Gabriel-nesta-sexta-feira-sudoeste-acontece.jpg\" \/>\n\t<meta property=\"og:image:width\" content=\"900\" \/>\n\t<meta property=\"og:image:height\" content=\"600\" \/>\n\t<meta property=\"og:image:type\" content=\"image\/jpeg\" \/>\n<meta name=\"author\" content=\"Reda\u00e7\u00e3o\" \/>\n<meta name=\"twitter:card\" content=\"summary_large_image\" \/>\n<meta name=\"twitter:label1\" content=\"Escrito por\" \/>\n\t<meta name=\"twitter:data1\" content=\"Reda\u00e7\u00e3o\" \/>\n\t<meta name=\"twitter:label2\" content=\"Est. tempo de leitura\" \/>\n\t<meta name=\"twitter:data2\" content=\"2 minutos\" \/>\n<script type=\"application\/ld+json\" class=\"yoast-schema-graph\">{\"@context\":\"https:\/\/schema.org\",\"@graph\":[{\"@type\":\"Article\",\"@id\":\"https:\/\/sudoesteacontece.com.br\/?p=5955#article\",\"isPartOf\":{\"@id\":\"https:\/\/sudoesteacontece.com.br\/?p=5955\"},\"author\":{\"name\":\"Reda\u00e7\u00e3o\",\"@id\":\"https:\/\/sudoesteacontece.com.br\/#\/schema\/person\/a4f22429c1d0923ef8f7d43343f8dc38\"},\"headline\":\"Brumado inaugura creche Professora Maria S\u00f4nia e pra\u00e7a de alimenta\u00e7\u00e3o \u00cdcaro Gabriel nesta sexta-feira\",\"datePublished\":\"2026-01-13T14:07:50+00:00\",\"dateModified\":\"2026-01-13T14:07:52+00:00\",\"mainEntityOfPage\":{\"@id\":\"https:\/\/sudoesteacontece.com.br\/?p=5955\"},\"wordCount\":268,\"commentCount\":0,\"publisher\":{\"@id\":\"https:\/\/sudoesteacontece.com.br\/#organization\"},\"image\":{\"@id\":\"https:\/\/sudoesteacontece.com.br\/?p=5955#primaryimage\"},\"thumbnailUrl\":\"https:\/\/sudoesteacontece.com.br\/wp-content\/uploads\/2026\/01\/Brumado-inaugura-creche-Professora-Maria-Sonia-e-praca-de-alimentacao-Icaro-Gabriel-nesta-sexta-feira-sudoeste-acontece.jpg\",\"articleSection\":[\"Brumado\",\"Educa\u00e7\u00e3o\",\"Pol\u00edtica\"],\"inLanguage\":\"pt-BR\",\"potentialAction\":[{\"@type\":\"CommentAction\",\"name\":\"Comment\",\"target\":[\"https:\/\/sudoesteacontece.com.br\/?p=5955#respond\"]}]},{\"@type\":\"WebPage\",\"@id\":\"https:\/\/sudoesteacontece.com.br\/?p=5955\",\"url\":\"https:\/\/sudoesteacontece.com.br\/?p=5955\",\"name\":\"Brumado inaugura creche Professora Maria S\u00f4nia e pra\u00e7a de alimenta\u00e7\u00e3o \u00cdcaro Gabriel nesta sexta-feira - Sudoesteacontece\",\"isPartOf\":{\"@id\":\"https:\/\/sudoesteacontece.com.br\/#website\"},\"primaryImageOfPage\":{\"@id\":\"https:\/\/sudoesteacontece.com.br\/?p=5955#primaryimage\"},\"image\":{\"@id\":\"https:\/\/sudoesteacontece.com.br\/?p=5955#primaryimage\"},\"thumbnailUrl\":\"https:\/\/sudoesteacontece.com.br\/wp-content\/uploads\/2026\/01\/Brumado-inaugura-creche-Professora-Maria-Sonia-e-praca-de-alimentacao-Icaro-Gabriel-nesta-sexta-feira-sudoeste-acontece.jpg\",\"datePublished\":\"2026-01-13T14:07:50+00:00\",\"dateModified\":\"2026-01-13T14:07:52+00:00\",\"breadcrumb\":{\"@id\":\"https:\/\/sudoesteacontece.com.br\/?p=5955#breadcrumb\"},\"inLanguage\":\"pt-BR\",\"potentialAction\":[{\"@type\":\"ReadAction\",\"target\":[\"https:\/\/sudoesteacontece.com.br\/?p=5955\"]}]},{\"@type\":\"ImageObject\",\"inLanguage\":\"pt-BR\",\"@id\":\"https:\/\/sudoesteacontece.com.br\/?p=5955#primaryimage\",\"url\":\"https:\/\/sudoesteacontece.com.br\/wp-content\/uploads\/2026\/01\/Brumado-inaugura-creche-Professora-Maria-Sonia-e-praca-de-alimentacao-Icaro-Gabriel-nesta-sexta-feira-sudoeste-acontece.jpg\",\"contentUrl\":\"https:\/\/sudoesteacontece.com.br\/wp-content\/uploads\/2026\/01\/Brumado-inaugura-creche-Professora-Maria-Sonia-e-praca-de-alimentacao-Icaro-Gabriel-nesta-sexta-feira-sudoeste-acontece.jpg\",\"width\":900,\"height\":600},{\"@type\":\"BreadcrumbList\",\"@id\":\"https:\/\/sudoesteacontece.com.br\/?p=5955#breadcrumb\",\"itemListElement\":[{\"@type\":\"ListItem\",\"position\":1,\"name\":\"In\u00edcio\",\"item\":\"https:\/\/sudoesteacontece.com.br\/\"},{\"@type\":\"ListItem\",\"position\":2,\"name\":\"Brumado inaugura creche Professora Maria S\u00f4nia e pra\u00e7a de alimenta\u00e7\u00e3o \u00cdcaro Gabriel nesta sexta-feira\"}]},{\"@type\":\"WebSite\",\"@id\":\"https:\/\/sudoesteacontece.com.br\/#website\",\"url\":\"https:\/\/sudoesteacontece.com.br\/\",\"name\":\"Sudoesteacontece\",\"description\":\"\",\"publisher\":{\"@id\":\"https:\/\/sudoesteacontece.com.br\/#organization\"},\"potentialAction\":[{\"@type\":\"SearchAction\",\"target\":{\"@type\":\"EntryPoint\",\"urlTemplate\":\"https:\/\/sudoesteacontece.com.br\/?s={search_term_string}\"},\"query-input\":{\"@type\":\"PropertyValueSpecification\",\"valueRequired\":true,\"valueName\":\"search_term_string\"}}],\"inLanguage\":\"pt-BR\"},{\"@type\":\"Organization\",\"@id\":\"https:\/\/sudoesteacontece.com.br\/#organization\",\"name\":\"Sudoesteacontece\",\"url\":\"https:\/\/sudoesteacontece.com.br\/\",\"logo\":{\"@type\":\"ImageObject\",\"inLanguage\":\"pt-BR\",\"@id\":\"https:\/\/sudoesteacontece.com.br\/#\/schema\/logo\/image\/\",\"url\":\"https:\/\/sudoesteacontece.com.br\/wp-content\/uploads\/2025\/12\/cropped-logo-2-180x180-1.png\",\"contentUrl\":\"https:\/\/sudoesteacontece.com.br\/wp-content\/uploads\/2025\/12\/cropped-logo-2-180x180-1.png\",\"width\":180,\"height\":180,\"caption\":\"Sudoesteacontece\"},\"image\":{\"@id\":\"https:\/\/sudoesteacontece.com.br\/#\/schema\/logo\/image\/\"},\"sameAs\":[\"https:\/\/www.facebook.com\/sudoesteacontece\/?locale=pt_BR\"]},{\"@type\":\"Person\",\"@id\":\"https:\/\/sudoesteacontece.com.br\/#\/schema\/person\/a4f22429c1d0923ef8f7d43343f8dc38\",\"name\":\"Reda\u00e7\u00e3o\",\"image\":{\"@type\":\"ImageObject\",\"inLanguage\":\"pt-BR\",\"@id\":\"https:\/\/sudoesteacontece.com.br\/#\/schema\/person\/image\/\",\"url\":\"https:\/\/secure.gravatar.com\/avatar\/c3a5b3c93f268a709c25a2df414c629a96fb3b1b4bf97a94fb3f72e54ae76903?s=96&d=mm&r=g\",\"contentUrl\":\"https:\/\/secure.gravatar.com\/avatar\/c3a5b3c93f268a709c25a2df414c629a96fb3b1b4bf97a94fb3f72e54ae76903?s=96&d=mm&r=g\",\"caption\":\"Reda\u00e7\u00e3o\"},\"url\":\"https:\/\/sudoesteacontece.com.br\/?author=4\"}]}<\/script>\n<!-- \/ Yoast SEO plugin. -->","yoast_head_json":{"title":"Brumado inaugura creche Professora Maria S\u00f4nia e pra\u00e7a de alimenta\u00e7\u00e3o \u00cdcaro Gabriel nesta sexta-feira - Sudoesteacontece","robots":{"index":"index","follow":"follow","max-snippet":"max-snippet:-1","max-image-preview":"max-image-preview:large","max-video-preview":"max-video-preview:-1"},"canonical":"https:\/\/sudoesteacontece.com.br\/?p=5955","og_locale":"pt_BR","og_type":"article","og_title":"Brumado inaugura creche Professora Maria S\u00f4nia e pra\u00e7a de alimenta\u00e7\u00e3o \u00cdcaro Gabriel nesta sexta-feira - Sudoesteacontece","og_description":"Prefeitura de Brumado inaugura nesta sexta-feira (16), \u00e0s 18h30, a Creche Municipal Professora Maria S\u00f4nia Pereira de Oliveira e a Pra\u00e7a de Alimenta\u00e7\u00e3o \u00cdcaro Gabriel da Silva. A entrega marca um avan\u00e7o na educa\u00e7\u00e3o infantil e amplia os espa\u00e7os p\u00fablicos de conviv\u00eancia voltados \u00e0s fam\u00edlias do munic\u00edpio. Unidade educacional funciona na Escola Municipal Professora Sheila Barreto Spinola Costa e passa a atender crian\u00e7as do ber\u00e7\u00e1rio G1 ao Pr\u00e9 I G4. A partir deste ano, a estrutura tamb\u00e9m receber\u00e1 turmas do Pr\u00e9 II G5, ampliando vagas e fortalecendo o acesso \u00e0 educa\u00e7\u00e3o infantil na rede municipal. Antes conhecida como \u201ccreche do Sheila\u201d, a institui\u00e7\u00e3o ganha nome pr\u00f3prio e identidade oficial. A mudan\u00e7a integra definitivamente o espa\u00e7o \u00e0 rede municipal de ensino e reconhece a trajet\u00f3ria da professora Maria S\u00f4nia Pereira de Oliveira, refer\u00eancia na educa\u00e7\u00e3o local. Espa\u00e7o de conviv\u00eancia tamb\u00e9m ser\u00e1 entregue com a inaugura\u00e7\u00e3o da Pra\u00e7a de Alimenta\u00e7\u00e3o \u00cdcaro Gabriel da Silva. O local foi planejado para promover acolhimento, intera\u00e7\u00e3o e partilha entre estudantes, fam\u00edlias e profissionais da educa\u00e7\u00e3o, fortalecendo os v\u00ednculos da comunidade escolar. Cerim\u00f4nia ser\u00e1 aberta ao p\u00fablico e simboliza mais um investimento da gest\u00e3o municipal em pol\u00edticas voltadas \u00e0 primeira inf\u00e2ncia. A iniciativa refor\u00e7a o compromisso com educa\u00e7\u00e3o, cuidado e valoriza\u00e7\u00e3o dos espa\u00e7os p\u00fablicos desde os primeiros anos de vida.","og_url":"https:\/\/sudoesteacontece.com.br\/?p=5955","og_site_name":"Sudoesteacontece","article_publisher":"https:\/\/www.facebook.com\/sudoesteacontece\/?locale=pt_BR","article_published_time":"2026-01-13T14:07:50+00:00","article_modified_time":"2026-01-13T14:07:52+00:00","og_image":[{"width":900,"height":600,"url":"https:\/\/sudoesteacontece.com.br\/wp-content\/uploads\/2026\/01\/Brumado-inaugura-creche-Professora-Maria-Sonia-e-praca-de-alimentacao-Icaro-Gabriel-nesta-sexta-feira-sudoeste-acontece.jpg","type":"image\/jpeg"}],"author":"Reda\u00e7\u00e3o","twitter_card":"summary_large_image","twitter_misc":{"Escrito por":"Reda\u00e7\u00e3o","Est. tempo de leitura":"2 minutos"},"schema":{"@context":"https:\/\/schema.org","@graph":[{"@type":"Article","@id":"https:\/\/sudoesteacontece.com.br\/?p=5955#article","isPartOf":{"@id":"https:\/\/sudoesteacontece.com.br\/?p=5955"},"author":{"name":"Reda\u00e7\u00e3o","@id":"https:\/\/sudoesteacontece.com.br\/#\/schema\/person\/a4f22429c1d0923ef8f7d43343f8dc38"},"headline":"Brumado inaugura creche Professora Maria S\u00f4nia e pra\u00e7a de alimenta\u00e7\u00e3o \u00cdcaro Gabriel nesta sexta-feira","datePublished":"2026-01-13T14:07:50+00:00","dateModified":"2026-01-13T14:07:52+00:00","mainEntityOfPage":{"@id":"https:\/\/sudoesteacontece.com.br\/?p=5955"},"wordCount":268,"commentCount":0,"publisher":{"@id":"https:\/\/sudoesteacontece.com.br\/#organization"},"image":{"@id":"https:\/\/sudoesteacontece.com.br\/?p=5955#primaryimage"},"thumbnailUrl":"https:\/\/sudoesteacontece.com.br\/wp-content\/uploads\/2026\/01\/Brumado-inaugura-creche-Professora-Maria-Sonia-e-praca-de-alimentacao-Icaro-Gabriel-nesta-sexta-feira-sudoeste-acontece.jpg","articleSection":["Brumado","Educa\u00e7\u00e3o","Pol\u00edtica"],"inLanguage":"pt-BR","potentialAction":[{"@type":"CommentAction","name":"Comment","target":["https:\/\/sudoesteacontece.com.br\/?p=5955#respond"]}]},{"@type":"WebPage","@id":"https:\/\/sudoesteacontece.com.br\/?p=5955","url":"https:\/\/sudoesteacontece.com.br\/?p=5955","name":"Brumado inaugura creche Professora Maria S\u00f4nia e pra\u00e7a de alimenta\u00e7\u00e3o \u00cdcaro Gabriel nesta sexta-feira - Sudoesteacontece","isPartOf":{"@id":"https:\/\/sudoesteacontece.com.br\/#website"},"primaryImageOfPage":{"@id":"https:\/\/sudoesteacontece.com.br\/?p=5955#primaryimage"},"image":{"@id":"https:\/\/sudoesteacontece.com.br\/?p=5955#primaryimage"},"thumbnailUrl":"https:\/\/sudoesteacontece.com.br\/wp-content\/uploads\/2026\/01\/Brumado-inaugura-creche-Professora-Maria-Sonia-e-praca-de-alimentacao-Icaro-Gabriel-nesta-sexta-feira-sudoeste-acontece.jpg","datePublished":"2026-01-13T14:07:50+00:00","dateModified":"2026-01-13T14:07:52+00:00","breadcrumb":{"@id":"https:\/\/sudoesteacontece.com.br\/?p=5955#breadcrumb"},"inLanguage":"pt-BR","potentialAction":[{"@type":"ReadAction","target":["https:\/\/sudoesteacontece.com.br\/?p=5955"]}]},{"@type":"ImageObject","inLanguage":"pt-BR","@id":"https:\/\/sudoesteacontece.com.br\/?p=5955#primaryimage","url":"https:\/\/sudoesteacontece.com.br\/wp-content\/uploads\/2026\/01\/Brumado-inaugura-creche-Professora-Maria-Sonia-e-praca-de-alimentacao-Icaro-Gabriel-nesta-sexta-feira-sudoeste-acontece.jpg","contentUrl":"https:\/\/sudoesteacontece.com.br\/wp-content\/uploads\/2026\/01\/Brumado-inaugura-creche-Professora-Maria-Sonia-e-praca-de-alimentacao-Icaro-Gabriel-nesta-sexta-feira-sudoeste-acontece.jpg","width":900,"height":600},{"@type":"BreadcrumbList","@id":"https:\/\/sudoesteacontece.com.br\/?p=5955#breadcrumb","itemListElement":[{"@type":"ListItem","position":1,"name":"In\u00edcio","item":"https:\/\/sudoesteacontece.com.br\/"},{"@type":"ListItem","position":2,"name":"Brumado inaugura creche Professora Maria S\u00f4nia e pra\u00e7a de alimenta\u00e7\u00e3o \u00cdcaro Gabriel nesta sexta-feira"}]},{"@type":"WebSite","@id":"https:\/\/sudoesteacontece.com.br\/#website","url":"https:\/\/sudoesteacontece.com.br\/","name":"Sudoesteacontece","description":"","publisher":{"@id":"https:\/\/sudoesteacontece.com.br\/#organization"},"potentialAction":[{"@type":"SearchAction","target":{"@type":"EntryPoint","urlTemplate":"https:\/\/sudoesteacontece.com.br\/?s={search_term_string}"},"query-input":{"@type":"PropertyValueSpecification","valueRequired":true,"valueName":"search_term_string"}}],"inLanguage":"pt-BR"},{"@type":"Organization","@id":"https:\/\/sudoesteacontece.com.br\/#organization","name":"Sudoesteacontece","url":"https:\/\/sudoesteacontece.com.br\/","logo":{"@type":"ImageObject","inLanguage":"pt-BR","@id":"https:\/\/sudoesteacontece.com.br\/#\/schema\/logo\/image\/","url":"https:\/\/sudoesteacontece.com.br\/wp-content\/uploads\/2025\/12\/cropped-logo-2-180x180-1.png","contentUrl":"https:\/\/sudoesteacontece.com.br\/wp-content\/uploads\/2025\/12\/cropped-logo-2-180x180-1.png","width":180,"height":180,"caption":"Sudoesteacontece"},"image":{"@id":"https:\/\/sudoesteacontece.com.br\/#\/schema\/logo\/image\/"},"sameAs":["https:\/\/www.facebook.com\/sudoesteacontece\/?locale=pt_BR"]},{"@type":"Person","@id":"https:\/\/sudoesteacontece.com.br\/#\/schema\/person\/a4f22429c1d0923ef8f7d43343f8dc38","name":"Reda\u00e7\u00e3o","image":{"@type":"ImageObject","inLanguage":"pt-BR","@id":"https:\/\/sudoesteacontece.com.br\/#\/schema\/person\/image\/","url":"https:\/\/secure.gravatar.com\/avatar\/c3a5b3c93f268a709c25a2df414c629a96fb3b1b4bf97a94fb3f72e54ae76903?s=96&d=mm&r=g","contentUrl":"https:\/\/secure.gravatar.com\/avatar\/c3a5b3c93f268a709c25a2df414c629a96fb3b1b4bf97a94fb3f72e54ae76903?s=96&d=mm&r=g","caption":"Reda\u00e7\u00e3o"},"url":"https:\/\/sudoesteacontece.com.br\/?author=4"}]}},"_links":{"self":[{"href":"https:\/\/sudoesteacontece.com.br\/index.php?rest_route=\/wp\/v2\/posts\/5955","targetHints":{"allow":["GET"]}}],"collection":[{"href":"https:\/\/sudoesteacontece.com.br\/index.php?rest_route=\/wp\/v2\/posts"}],"about":[{"href":"https:\/\/sudoesteacontece.com.br\/index.php?rest_route=\/wp\/v2\/types\/post"}],"author":[{"embeddable":true,"href":"https:\/\/sudoesteacontece.com.br\/index.php?rest_route=\/wp\/v2\/users\/4"}],"replies":[{"embeddable":true,"href":"https:\/\/sudoesteacontece.com.br\/index.php?rest_route=%2Fwp%2Fv2%2Fcomments&post=5955"}],"version-history":[{"count":0,"href":"https:\/\/sudoesteacontece.com.br\/index.php?rest_route=\/wp\/v2\/posts\/5955\/revisions"}],"wp:featuredmedia":[{"embeddable":true,"href":"https:\/\/sudoesteacontece.com.br\/index.php?rest_route=\/wp\/v2\/media\/5993"}],"wp:attachment":[{"href":"https:\/\/sudoesteacontece.com.br\/index.php?rest_route=%2Fwp%2Fv2%2Fmedia&parent=5955"}],"wp:term":[{"taxonomy":"category","embeddable":true,"href":"https:\/\/sudoesteacontece.com.br\/index.php?rest_route=%2Fwp%2Fv2%2Fcategories&post=5955"},{"taxonomy":"post_tag","embeddable":true,"href":"https:\/\/sudoesteacontece.com.br\/index.php?rest_route=%2Fwp%2Fv2%2Ftags&post=5955"}],"curies":[{"name":"wp","href":"https:\/\/api.w.org\/{rel}","templated":true}]}}