{"id":5958,"date":"2026-01-13T11:10:54","date_gmt":"2026-01-13T14:10:54","guid":{"rendered":"https:\/\/sudoesteacontece.com.br\/?p=5958"},"modified":"2026-01-13T11:10:56","modified_gmt":"2026-01-13T14:10:56","slug":"guanambi-se-despede-de-seu-gesson-icone-do-comercio-e-do-evangelismo-que-marcou-geracoes","status":"publish","type":"post","link":"https:\/\/sudoesteacontece.com.br\/?p=5958","title":{"rendered":"Guanambi se despede de Seu Gesson, \u00edcone do com\u00e9rcio e do evangelismo que marcou gera\u00e7\u00f5es"},"content":{"rendered":"<div class=\"wp-block-image\">\n<figure class=\"aligncenter size-full\"><img fetchpriority=\"high\" decoding=\"async\" width=\"900\" height=\"600\" src=\"http:\/\/sudoesteacontece.com.br\/wp-content\/uploads\/2026\/01\/Guanambi-se-despede-de-Seu-Gesson-icone-do-comercio-e-do-evangelismo-que-marcou-geracoes-sudoeste-acontece.jpg\" alt=\"\" class=\"wp-image-5995\" srcset=\"https:\/\/sudoesteacontece.com.br\/wp-content\/uploads\/2026\/01\/Guanambi-se-despede-de-Seu-Gesson-icone-do-comercio-e-do-evangelismo-que-marcou-geracoes-sudoeste-acontece.jpg 900w, https:\/\/sudoesteacontece.com.br\/wp-content\/uploads\/2026\/01\/Guanambi-se-despede-de-Seu-Gesson-icone-do-comercio-e-do-evangelismo-que-marcou-geracoes-sudoeste-acontece-300x200.jpg 300w, https:\/\/sudoesteacontece.com.br\/wp-content\/uploads\/2026\/01\/Guanambi-se-despede-de-Seu-Gesson-icone-do-comercio-e-do-evangelismo-que-marcou-geracoes-sudoeste-acontece-768x512.jpg 768w\" sizes=\"(max-width: 900px) 100vw, 900px\" \/><\/figure>\n<\/div>\n\n\n<p>Guanambi amanheceu mais silenciosa com a morte de Gesson Rocha Marques, o Seu Gesson do Armarinho Ipiranga. Aos 79 anos, ele faleceu nesta segunda-feira (12), em Bras\u00edlia, onde fazia tratamento m\u00e9dico. Figura querida, deixou uma trajet\u00f3ria que uniu empreendedorismo, f\u00e9 e impacto social profundo na hist\u00f3ria do munic\u00edpio.<\/p>\n\n\n\n<p>Refer\u00eancia no com\u00e9rcio regional, Seu Gesson foi pioneiro ao fundar e gerenciar o Armarinho Ipiranga, que se tornou o maior atacadista do setor no Sudoeste baiano por d\u00e9cadas. Vision\u00e1rio, criou um modelo de neg\u00f3cio replicado anos depois e, nos anos 90, consolidou lideran\u00e7a com o Barat\u00e3o Total, na Travessa Joaquim Manoel.<\/p>\n\n\n\n<p>Inova\u00e7\u00e3o tamb\u00e9m marcou sua caminhada fora das lojas. Ele esteve entre os primeiros da cidade a investir em trio el\u00e9trico e carro de som potente, ampliando formas de comunica\u00e7\u00e3o e eventos. A mesma ousadia apareceria mais tarde em sua miss\u00e3o religiosa, conduzida com estrat\u00e9gia, tecnologia e forte apelo popular.<\/p>\n\n\n\n<p>Convertido ao adventismo, Seu Gesson se destacou como evangelista moderno. Na d\u00e9cada de 70, trouxe de S\u00e3o Paulo equipamentos de proje\u00e7\u00e3o in\u00e9ditos na regi\u00e3o e inaugurou o chamado evangelismo de massa. Filmes b\u00edblicos eram exibidos em paredes de casas e comunidades rurais, levando a mensagem crist\u00e3 a centenas de pessoas.<\/p>\n\n\n\n<p>F\u00e9 transformou vidas e fam\u00edlias inteiras. As a\u00e7\u00f5es de evangeliza\u00e7\u00e3o resultaram em in\u00fameras convers\u00f5es, muitas ainda presentes em igrejas evang\u00e9licas da regi\u00e3o. Leitor dedicado, conhecia profundamente as Escrituras, recitava cap\u00edtulos de mem\u00f3ria e mantinha a B\u00edblia como guia constante de vida.<\/p>\n\n\n\n<p>Fam\u00edlia sempre foi pilar central. Casado com Zenilda Concei\u00e7\u00e3o Marques, teve cinco filhos. Empreendedor at\u00e9 o fim, ajudava o filho Gesson J\u00fanior, o J\u00fanior Babas, nos neg\u00f3cios da fam\u00edlia. Tamb\u00e9m acompanhou a trajet\u00f3ria da Mais Frios, fundada por Genildo Marques, o Peh, falecido em 2014.<\/p>\n\n\n\n<p>Legado ultrapassa o sucesso empresarial. Em Bras\u00edlia vivem os outros filhos: Geide e George, formados em Direito e servidores p\u00fablicos, e Gilmara, m\u00e9dica mastologista. Amigos lembram de um homem de palavra firme, cora\u00e7\u00e3o generoso e disposi\u00e7\u00e3o permanente para servir.<\/p>\n\n\n\n<p>Despedida ocorrer\u00e1 nesta ter\u00e7a-feira (13). O vel\u00f3rio come\u00e7a \u00e0s 8h, na Funer\u00e1ria Pai Bahia. O sepultamento est\u00e1 marcado para as 17h, no Cemit\u00e9rio Santo Ant\u00f4nio, em Guanambi. Seu Gesson parte deixando trabalho, f\u00e9 e mem\u00f3rias que seguem vivas na cidade.<\/p>\n","protected":false},"excerpt":{"rendered":"<p>Guanambi amanheceu mais silenciosa com a morte de Gesson Rocha Marques, o Seu Gesson do Armarinho Ipiranga. Aos 79 anos, ele faleceu nesta segunda-feira (12), em Bras\u00edlia, onde fazia tratamento m\u00e9dico. Figura querida, deixou uma trajet\u00f3ria que uniu empreendedorismo, f\u00e9 e impacto social profundo na hist\u00f3ria do munic\u00edpio. Refer\u00eancia no com\u00e9rcio regional, Seu Gesson foi pioneiro ao fundar e gerenciar o Armarinho Ipiranga, que se tornou o maior atacadista do setor no Sudoeste baiano por d\u00e9cadas. Vision\u00e1rio, criou um modelo de neg\u00f3cio replicado anos depois e, nos anos 90, consolidou lideran\u00e7a com o Barat\u00e3o Total, na Travessa Joaquim Manoel. Inova\u00e7\u00e3o tamb\u00e9m marcou sua caminhada fora das lojas. Ele esteve entre os primeiros da cidade a investir em trio el\u00e9trico e carro de som potente, ampliando formas de comunica\u00e7\u00e3o e eventos. A mesma ousadia apareceria mais tarde em sua miss\u00e3o religiosa, conduzida com estrat\u00e9gia, tecnologia e forte apelo popular. Convertido ao adventismo, Seu Gesson se destacou como evangelista moderno. Na d\u00e9cada de 70, trouxe de S\u00e3o Paulo equipamentos de proje\u00e7\u00e3o in\u00e9ditos na regi\u00e3o e inaugurou o chamado evangelismo de massa. Filmes b\u00edblicos eram exibidos em paredes de casas e comunidades rurais, levando a mensagem crist\u00e3 a centenas de pessoas. F\u00e9 transformou vidas e fam\u00edlias inteiras. As a\u00e7\u00f5es de evangeliza\u00e7\u00e3o resultaram em in\u00fameras convers\u00f5es, muitas ainda presentes em igrejas evang\u00e9licas da regi\u00e3o. Leitor dedicado, conhecia profundamente as Escrituras, recitava cap\u00edtulos de mem\u00f3ria e mantinha a B\u00edblia como guia constante de vida. Fam\u00edlia sempre foi pilar central. Casado com Zenilda Concei\u00e7\u00e3o Marques, teve cinco filhos. Empreendedor at\u00e9 o fim, ajudava o filho Gesson J\u00fanior, o J\u00fanior Babas, nos neg\u00f3cios da fam\u00edlia. Tamb\u00e9m acompanhou a trajet\u00f3ria da Mais Frios, fundada por Genildo Marques, o Peh, falecido em 2014. Legado ultrapassa o sucesso empresarial. Em Bras\u00edlia vivem os outros filhos: Geide e George, formados em Direito e servidores p\u00fablicos, e Gilmara, m\u00e9dica mastologista. Amigos lembram de um homem de palavra firme, cora\u00e7\u00e3o generoso e disposi\u00e7\u00e3o permanente para servir. Despedida ocorrer\u00e1 nesta ter\u00e7a-feira (13). O vel\u00f3rio come\u00e7a \u00e0s 8h, na Funer\u00e1ria Pai Bahia. O sepultamento est\u00e1 marcado para as 17h, no Cemit\u00e9rio Santo Ant\u00f4nio, em Guanambi. Seu Gesson parte deixando trabalho, f\u00e9 e mem\u00f3rias que seguem vivas na cidade.<\/p>\n","protected":false},"author":4,"featured_media":5995,"comment_status":"open","ping_status":"open","sticky":false,"template":"","format":"standard","meta":{"footnotes":""},"categories":[4,17,61],"tags":[],"class_list":["post-5958","post","type-post","status-publish","format-standard","has-post-thumbnail","hentry","category-cidades","category-guanambi","category-religiao"],"yoast_head":"<!-- This site is optimized with the Yoast SEO plugin v26.5 - https:\/\/yoast.com\/wordpress\/plugins\/seo\/ -->\n<title>Guanambi se despede de Seu Gesson, \u00edcone do com\u00e9rcio e do evangelismo que marcou gera\u00e7\u00f5es - Sudoesteacontece<\/title>\n<meta name=\"robots\" content=\"index, follow, max-snippet:-1, max-image-preview:large, max-video-preview:-1\" \/>\n<link rel=\"canonical\" href=\"https:\/\/sudoesteacontece.com.br\/?p=5958\" \/>\n<meta property=\"og:locale\" content=\"pt_BR\" \/>\n<meta property=\"og:type\" content=\"article\" \/>\n<meta property=\"og:title\" content=\"Guanambi se despede de Seu Gesson, \u00edcone do com\u00e9rcio e do evangelismo que marcou gera\u00e7\u00f5es - Sudoesteacontece\" \/>\n<meta property=\"og:description\" content=\"Guanambi amanheceu mais silenciosa com a morte de Gesson Rocha Marques, o Seu Gesson do Armarinho Ipiranga. Aos 79 anos, ele faleceu nesta segunda-feira (12), em Bras\u00edlia, onde fazia tratamento m\u00e9dico. Figura querida, deixou uma trajet\u00f3ria que uniu empreendedorismo, f\u00e9 e impacto social profundo na hist\u00f3ria do munic\u00edpio. Refer\u00eancia no com\u00e9rcio regional, Seu Gesson foi pioneiro ao fundar e gerenciar o Armarinho Ipiranga, que se tornou o maior atacadista do setor no Sudoeste baiano por d\u00e9cadas. Vision\u00e1rio, criou um modelo de neg\u00f3cio replicado anos depois e, nos anos 90, consolidou lideran\u00e7a com o Barat\u00e3o Total, na Travessa Joaquim Manoel. Inova\u00e7\u00e3o tamb\u00e9m marcou sua caminhada fora das lojas. Ele esteve entre os primeiros da cidade a investir em trio el\u00e9trico e carro de som potente, ampliando formas de comunica\u00e7\u00e3o e eventos. A mesma ousadia apareceria mais tarde em sua miss\u00e3o religiosa, conduzida com estrat\u00e9gia, tecnologia e forte apelo popular. Convertido ao adventismo, Seu Gesson se destacou como evangelista moderno. Na d\u00e9cada de 70, trouxe de S\u00e3o Paulo equipamentos de proje\u00e7\u00e3o in\u00e9ditos na regi\u00e3o e inaugurou o chamado evangelismo de massa. Filmes b\u00edblicos eram exibidos em paredes de casas e comunidades rurais, levando a mensagem crist\u00e3 a centenas de pessoas. F\u00e9 transformou vidas e fam\u00edlias inteiras. As a\u00e7\u00f5es de evangeliza\u00e7\u00e3o resultaram em in\u00fameras convers\u00f5es, muitas ainda presentes em igrejas evang\u00e9licas da regi\u00e3o. Leitor dedicado, conhecia profundamente as Escrituras, recitava cap\u00edtulos de mem\u00f3ria e mantinha a B\u00edblia como guia constante de vida. Fam\u00edlia sempre foi pilar central. Casado com Zenilda Concei\u00e7\u00e3o Marques, teve cinco filhos. Empreendedor at\u00e9 o fim, ajudava o filho Gesson J\u00fanior, o J\u00fanior Babas, nos neg\u00f3cios da fam\u00edlia. Tamb\u00e9m acompanhou a trajet\u00f3ria da Mais Frios, fundada por Genildo Marques, o Peh, falecido em 2014. Legado ultrapassa o sucesso empresarial. Em Bras\u00edlia vivem os outros filhos: Geide e George, formados em Direito e servidores p\u00fablicos, e Gilmara, m\u00e9dica mastologista. Amigos lembram de um homem de palavra firme, cora\u00e7\u00e3o generoso e disposi\u00e7\u00e3o permanente para servir. Despedida ocorrer\u00e1 nesta ter\u00e7a-feira (13). O vel\u00f3rio come\u00e7a \u00e0s 8h, na Funer\u00e1ria Pai Bahia. O sepultamento est\u00e1 marcado para as 17h, no Cemit\u00e9rio Santo Ant\u00f4nio, em Guanambi. Seu Gesson parte deixando trabalho, f\u00e9 e mem\u00f3rias que seguem vivas na cidade.\" \/>\n<meta property=\"og:url\" content=\"https:\/\/sudoesteacontece.com.br\/?p=5958\" \/>\n<meta property=\"og:site_name\" content=\"Sudoesteacontece\" \/>\n<meta property=\"article:publisher\" content=\"https:\/\/www.facebook.com\/sudoesteacontece\/?locale=pt_BR\" \/>\n<meta property=\"article:published_time\" content=\"2026-01-13T14:10:54+00:00\" \/>\n<meta property=\"article:modified_time\" content=\"2026-01-13T14:10:56+00:00\" \/>\n<meta property=\"og:image\" content=\"https:\/\/sudoesteacontece.com.br\/wp-content\/uploads\/2026\/01\/Guanambi-se-despede-de-Seu-Gesson-icone-do-comercio-e-do-evangelismo-que-marcou-geracoes-sudoeste-acontece.jpg\" \/>\n\t<meta property=\"og:image:width\" content=\"900\" \/>\n\t<meta property=\"og:image:height\" content=\"600\" \/>\n\t<meta property=\"og:image:type\" content=\"image\/jpeg\" \/>\n<meta name=\"author\" content=\"Reda\u00e7\u00e3o\" \/>\n<meta name=\"twitter:card\" content=\"summary_large_image\" \/>\n<meta name=\"twitter:label1\" content=\"Escrito por\" \/>\n\t<meta name=\"twitter:data1\" content=\"Reda\u00e7\u00e3o\" \/>\n\t<meta name=\"twitter:label2\" content=\"Est. tempo de leitura\" \/>\n\t<meta name=\"twitter:data2\" content=\"3 minutos\" \/>\n<script type=\"application\/ld+json\" class=\"yoast-schema-graph\">{\"@context\":\"https:\/\/schema.org\",\"@graph\":[{\"@type\":\"Article\",\"@id\":\"https:\/\/sudoesteacontece.com.br\/?p=5958#article\",\"isPartOf\":{\"@id\":\"https:\/\/sudoesteacontece.com.br\/?p=5958\"},\"author\":{\"name\":\"Reda\u00e7\u00e3o\",\"@id\":\"https:\/\/sudoesteacontece.com.br\/#\/schema\/person\/a4f22429c1d0923ef8f7d43343f8dc38\"},\"headline\":\"Guanambi se despede de Seu Gesson, \u00edcone do com\u00e9rcio e do evangelismo que marcou gera\u00e7\u00f5es\",\"datePublished\":\"2026-01-13T14:10:54+00:00\",\"dateModified\":\"2026-01-13T14:10:56+00:00\",\"mainEntityOfPage\":{\"@id\":\"https:\/\/sudoesteacontece.com.br\/?p=5958\"},\"wordCount\":428,\"commentCount\":0,\"publisher\":{\"@id\":\"https:\/\/sudoesteacontece.com.br\/#organization\"},\"image\":{\"@id\":\"https:\/\/sudoesteacontece.com.br\/?p=5958#primaryimage\"},\"thumbnailUrl\":\"https:\/\/sudoesteacontece.com.br\/wp-content\/uploads\/2026\/01\/Guanambi-se-despede-de-Seu-Gesson-icone-do-comercio-e-do-evangelismo-que-marcou-geracoes-sudoeste-acontece.jpg\",\"articleSection\":[\"Cidades\",\"Guanambi\",\"Religi\u00e3o\"],\"inLanguage\":\"pt-BR\",\"potentialAction\":[{\"@type\":\"CommentAction\",\"name\":\"Comment\",\"target\":[\"https:\/\/sudoesteacontece.com.br\/?p=5958#respond\"]}]},{\"@type\":\"WebPage\",\"@id\":\"https:\/\/sudoesteacontece.com.br\/?p=5958\",\"url\":\"https:\/\/sudoesteacontece.com.br\/?p=5958\",\"name\":\"Guanambi se despede de Seu Gesson, \u00edcone do com\u00e9rcio e do evangelismo que marcou gera\u00e7\u00f5es - Sudoesteacontece\",\"isPartOf\":{\"@id\":\"https:\/\/sudoesteacontece.com.br\/#website\"},\"primaryImageOfPage\":{\"@id\":\"https:\/\/sudoesteacontece.com.br\/?p=5958#primaryimage\"},\"image\":{\"@id\":\"https:\/\/sudoesteacontece.com.br\/?p=5958#primaryimage\"},\"thumbnailUrl\":\"https:\/\/sudoesteacontece.com.br\/wp-content\/uploads\/2026\/01\/Guanambi-se-despede-de-Seu-Gesson-icone-do-comercio-e-do-evangelismo-que-marcou-geracoes-sudoeste-acontece.jpg\",\"datePublished\":\"2026-01-13T14:10:54+00:00\",\"dateModified\":\"2026-01-13T14:10:56+00:00\",\"breadcrumb\":{\"@id\":\"https:\/\/sudoesteacontece.com.br\/?p=5958#breadcrumb\"},\"inLanguage\":\"pt-BR\",\"potentialAction\":[{\"@type\":\"ReadAction\",\"target\":[\"https:\/\/sudoesteacontece.com.br\/?p=5958\"]}]},{\"@type\":\"ImageObject\",\"inLanguage\":\"pt-BR\",\"@id\":\"https:\/\/sudoesteacontece.com.br\/?p=5958#primaryimage\",\"url\":\"https:\/\/sudoesteacontece.com.br\/wp-content\/uploads\/2026\/01\/Guanambi-se-despede-de-Seu-Gesson-icone-do-comercio-e-do-evangelismo-que-marcou-geracoes-sudoeste-acontece.jpg\",\"contentUrl\":\"https:\/\/sudoesteacontece.com.br\/wp-content\/uploads\/2026\/01\/Guanambi-se-despede-de-Seu-Gesson-icone-do-comercio-e-do-evangelismo-que-marcou-geracoes-sudoeste-acontece.jpg\",\"width\":900,\"height\":600},{\"@type\":\"BreadcrumbList\",\"@id\":\"https:\/\/sudoesteacontece.com.br\/?p=5958#breadcrumb\",\"itemListElement\":[{\"@type\":\"ListItem\",\"position\":1,\"name\":\"In\u00edcio\",\"item\":\"https:\/\/sudoesteacontece.com.br\/\"},{\"@type\":\"ListItem\",\"position\":2,\"name\":\"Guanambi se despede de Seu Gesson, \u00edcone do com\u00e9rcio e do evangelismo que marcou gera\u00e7\u00f5es\"}]},{\"@type\":\"WebSite\",\"@id\":\"https:\/\/sudoesteacontece.com.br\/#website\",\"url\":\"https:\/\/sudoesteacontece.com.br\/\",\"name\":\"Sudoesteacontece\",\"description\":\"\",\"publisher\":{\"@id\":\"https:\/\/sudoesteacontece.com.br\/#organization\"},\"potentialAction\":[{\"@type\":\"SearchAction\",\"target\":{\"@type\":\"EntryPoint\",\"urlTemplate\":\"https:\/\/sudoesteacontece.com.br\/?s={search_term_string}\"},\"query-input\":{\"@type\":\"PropertyValueSpecification\",\"valueRequired\":true,\"valueName\":\"search_term_string\"}}],\"inLanguage\":\"pt-BR\"},{\"@type\":\"Organization\",\"@id\":\"https:\/\/sudoesteacontece.com.br\/#organization\",\"name\":\"Sudoesteacontece\",\"url\":\"https:\/\/sudoesteacontece.com.br\/\",\"logo\":{\"@type\":\"ImageObject\",\"inLanguage\":\"pt-BR\",\"@id\":\"https:\/\/sudoesteacontece.com.br\/#\/schema\/logo\/image\/\",\"url\":\"https:\/\/sudoesteacontece.com.br\/wp-content\/uploads\/2025\/12\/cropped-logo-2-180x180-1.png\",\"contentUrl\":\"https:\/\/sudoesteacontece.com.br\/wp-content\/uploads\/2025\/12\/cropped-logo-2-180x180-1.png\",\"width\":180,\"height\":180,\"caption\":\"Sudoesteacontece\"},\"image\":{\"@id\":\"https:\/\/sudoesteacontece.com.br\/#\/schema\/logo\/image\/\"},\"sameAs\":[\"https:\/\/www.facebook.com\/sudoesteacontece\/?locale=pt_BR\"]},{\"@type\":\"Person\",\"@id\":\"https:\/\/sudoesteacontece.com.br\/#\/schema\/person\/a4f22429c1d0923ef8f7d43343f8dc38\",\"name\":\"Reda\u00e7\u00e3o\",\"image\":{\"@type\":\"ImageObject\",\"inLanguage\":\"pt-BR\",\"@id\":\"https:\/\/sudoesteacontece.com.br\/#\/schema\/person\/image\/\",\"url\":\"https:\/\/secure.gravatar.com\/avatar\/c3a5b3c93f268a709c25a2df414c629a96fb3b1b4bf97a94fb3f72e54ae76903?s=96&d=mm&r=g\",\"contentUrl\":\"https:\/\/secure.gravatar.com\/avatar\/c3a5b3c93f268a709c25a2df414c629a96fb3b1b4bf97a94fb3f72e54ae76903?s=96&d=mm&r=g\",\"caption\":\"Reda\u00e7\u00e3o\"},\"url\":\"https:\/\/sudoesteacontece.com.br\/?author=4\"}]}<\/script>\n<!-- \/ Yoast SEO plugin. -->","yoast_head_json":{"title":"Guanambi se despede de Seu Gesson, \u00edcone do com\u00e9rcio e do evangelismo que marcou gera\u00e7\u00f5es - Sudoesteacontece","robots":{"index":"index","follow":"follow","max-snippet":"max-snippet:-1","max-image-preview":"max-image-preview:large","max-video-preview":"max-video-preview:-1"},"canonical":"https:\/\/sudoesteacontece.com.br\/?p=5958","og_locale":"pt_BR","og_type":"article","og_title":"Guanambi se despede de Seu Gesson, \u00edcone do com\u00e9rcio e do evangelismo que marcou gera\u00e7\u00f5es - Sudoesteacontece","og_description":"Guanambi amanheceu mais silenciosa com a morte de Gesson Rocha Marques, o Seu Gesson do Armarinho Ipiranga. Aos 79 anos, ele faleceu nesta segunda-feira (12), em Bras\u00edlia, onde fazia tratamento m\u00e9dico. Figura querida, deixou uma trajet\u00f3ria que uniu empreendedorismo, f\u00e9 e impacto social profundo na hist\u00f3ria do munic\u00edpio. Refer\u00eancia no com\u00e9rcio regional, Seu Gesson foi pioneiro ao fundar e gerenciar o Armarinho Ipiranga, que se tornou o maior atacadista do setor no Sudoeste baiano por d\u00e9cadas. Vision\u00e1rio, criou um modelo de neg\u00f3cio replicado anos depois e, nos anos 90, consolidou lideran\u00e7a com o Barat\u00e3o Total, na Travessa Joaquim Manoel. Inova\u00e7\u00e3o tamb\u00e9m marcou sua caminhada fora das lojas. Ele esteve entre os primeiros da cidade a investir em trio el\u00e9trico e carro de som potente, ampliando formas de comunica\u00e7\u00e3o e eventos. A mesma ousadia apareceria mais tarde em sua miss\u00e3o religiosa, conduzida com estrat\u00e9gia, tecnologia e forte apelo popular. Convertido ao adventismo, Seu Gesson se destacou como evangelista moderno. Na d\u00e9cada de 70, trouxe de S\u00e3o Paulo equipamentos de proje\u00e7\u00e3o in\u00e9ditos na regi\u00e3o e inaugurou o chamado evangelismo de massa. Filmes b\u00edblicos eram exibidos em paredes de casas e comunidades rurais, levando a mensagem crist\u00e3 a centenas de pessoas. F\u00e9 transformou vidas e fam\u00edlias inteiras. As a\u00e7\u00f5es de evangeliza\u00e7\u00e3o resultaram em in\u00fameras convers\u00f5es, muitas ainda presentes em igrejas evang\u00e9licas da regi\u00e3o. Leitor dedicado, conhecia profundamente as Escrituras, recitava cap\u00edtulos de mem\u00f3ria e mantinha a B\u00edblia como guia constante de vida. Fam\u00edlia sempre foi pilar central. Casado com Zenilda Concei\u00e7\u00e3o Marques, teve cinco filhos. Empreendedor at\u00e9 o fim, ajudava o filho Gesson J\u00fanior, o J\u00fanior Babas, nos neg\u00f3cios da fam\u00edlia. Tamb\u00e9m acompanhou a trajet\u00f3ria da Mais Frios, fundada por Genildo Marques, o Peh, falecido em 2014. Legado ultrapassa o sucesso empresarial. Em Bras\u00edlia vivem os outros filhos: Geide e George, formados em Direito e servidores p\u00fablicos, e Gilmara, m\u00e9dica mastologista. Amigos lembram de um homem de palavra firme, cora\u00e7\u00e3o generoso e disposi\u00e7\u00e3o permanente para servir. Despedida ocorrer\u00e1 nesta ter\u00e7a-feira (13). O vel\u00f3rio come\u00e7a \u00e0s 8h, na Funer\u00e1ria Pai Bahia. O sepultamento est\u00e1 marcado para as 17h, no Cemit\u00e9rio Santo Ant\u00f4nio, em Guanambi. Seu Gesson parte deixando trabalho, f\u00e9 e mem\u00f3rias que seguem vivas na cidade.","og_url":"https:\/\/sudoesteacontece.com.br\/?p=5958","og_site_name":"Sudoesteacontece","article_publisher":"https:\/\/www.facebook.com\/sudoesteacontece\/?locale=pt_BR","article_published_time":"2026-01-13T14:10:54+00:00","article_modified_time":"2026-01-13T14:10:56+00:00","og_image":[{"width":900,"height":600,"url":"https:\/\/sudoesteacontece.com.br\/wp-content\/uploads\/2026\/01\/Guanambi-se-despede-de-Seu-Gesson-icone-do-comercio-e-do-evangelismo-que-marcou-geracoes-sudoeste-acontece.jpg","type":"image\/jpeg"}],"author":"Reda\u00e7\u00e3o","twitter_card":"summary_large_image","twitter_misc":{"Escrito por":"Reda\u00e7\u00e3o","Est. tempo de leitura":"3 minutos"},"schema":{"@context":"https:\/\/schema.org","@graph":[{"@type":"Article","@id":"https:\/\/sudoesteacontece.com.br\/?p=5958#article","isPartOf":{"@id":"https:\/\/sudoesteacontece.com.br\/?p=5958"},"author":{"name":"Reda\u00e7\u00e3o","@id":"https:\/\/sudoesteacontece.com.br\/#\/schema\/person\/a4f22429c1d0923ef8f7d43343f8dc38"},"headline":"Guanambi se despede de Seu Gesson, \u00edcone do com\u00e9rcio e do evangelismo que marcou gera\u00e7\u00f5es","datePublished":"2026-01-13T14:10:54+00:00","dateModified":"2026-01-13T14:10:56+00:00","mainEntityOfPage":{"@id":"https:\/\/sudoesteacontece.com.br\/?p=5958"},"wordCount":428,"commentCount":0,"publisher":{"@id":"https:\/\/sudoesteacontece.com.br\/#organization"},"image":{"@id":"https:\/\/sudoesteacontece.com.br\/?p=5958#primaryimage"},"thumbnailUrl":"https:\/\/sudoesteacontece.com.br\/wp-content\/uploads\/2026\/01\/Guanambi-se-despede-de-Seu-Gesson-icone-do-comercio-e-do-evangelismo-que-marcou-geracoes-sudoeste-acontece.jpg","articleSection":["Cidades","Guanambi","Religi\u00e3o"],"inLanguage":"pt-BR","potentialAction":[{"@type":"CommentAction","name":"Comment","target":["https:\/\/sudoesteacontece.com.br\/?p=5958#respond"]}]},{"@type":"WebPage","@id":"https:\/\/sudoesteacontece.com.br\/?p=5958","url":"https:\/\/sudoesteacontece.com.br\/?p=5958","name":"Guanambi se despede de Seu Gesson, \u00edcone do com\u00e9rcio e do evangelismo que marcou gera\u00e7\u00f5es - Sudoesteacontece","isPartOf":{"@id":"https:\/\/sudoesteacontece.com.br\/#website"},"primaryImageOfPage":{"@id":"https:\/\/sudoesteacontece.com.br\/?p=5958#primaryimage"},"image":{"@id":"https:\/\/sudoesteacontece.com.br\/?p=5958#primaryimage"},"thumbnailUrl":"https:\/\/sudoesteacontece.com.br\/wp-content\/uploads\/2026\/01\/Guanambi-se-despede-de-Seu-Gesson-icone-do-comercio-e-do-evangelismo-que-marcou-geracoes-sudoeste-acontece.jpg","datePublished":"2026-01-13T14:10:54+00:00","dateModified":"2026-01-13T14:10:56+00:00","breadcrumb":{"@id":"https:\/\/sudoesteacontece.com.br\/?p=5958#breadcrumb"},"inLanguage":"pt-BR","potentialAction":[{"@type":"ReadAction","target":["https:\/\/sudoesteacontece.com.br\/?p=5958"]}]},{"@type":"ImageObject","inLanguage":"pt-BR","@id":"https:\/\/sudoesteacontece.com.br\/?p=5958#primaryimage","url":"https:\/\/sudoesteacontece.com.br\/wp-content\/uploads\/2026\/01\/Guanambi-se-despede-de-Seu-Gesson-icone-do-comercio-e-do-evangelismo-que-marcou-geracoes-sudoeste-acontece.jpg","contentUrl":"https:\/\/sudoesteacontece.com.br\/wp-content\/uploads\/2026\/01\/Guanambi-se-despede-de-Seu-Gesson-icone-do-comercio-e-do-evangelismo-que-marcou-geracoes-sudoeste-acontece.jpg","width":900,"height":600},{"@type":"BreadcrumbList","@id":"https:\/\/sudoesteacontece.com.br\/?p=5958#breadcrumb","itemListElement":[{"@type":"ListItem","position":1,"name":"In\u00edcio","item":"https:\/\/sudoesteacontece.com.br\/"},{"@type":"ListItem","position":2,"name":"Guanambi se despede de Seu Gesson, \u00edcone do com\u00e9rcio e do evangelismo que marcou gera\u00e7\u00f5es"}]},{"@type":"WebSite","@id":"https:\/\/sudoesteacontece.com.br\/#website","url":"https:\/\/sudoesteacontece.com.br\/","name":"Sudoesteacontece","description":"","publisher":{"@id":"https:\/\/sudoesteacontece.com.br\/#organization"},"potentialAction":[{"@type":"SearchAction","target":{"@type":"EntryPoint","urlTemplate":"https:\/\/sudoesteacontece.com.br\/?s={search_term_string}"},"query-input":{"@type":"PropertyValueSpecification","valueRequired":true,"valueName":"search_term_string"}}],"inLanguage":"pt-BR"},{"@type":"Organization","@id":"https:\/\/sudoesteacontece.com.br\/#organization","name":"Sudoesteacontece","url":"https:\/\/sudoesteacontece.com.br\/","logo":{"@type":"ImageObject","inLanguage":"pt-BR","@id":"https:\/\/sudoesteacontece.com.br\/#\/schema\/logo\/image\/","url":"https:\/\/sudoesteacontece.com.br\/wp-content\/uploads\/2025\/12\/cropped-logo-2-180x180-1.png","contentUrl":"https:\/\/sudoesteacontece.com.br\/wp-content\/uploads\/2025\/12\/cropped-logo-2-180x180-1.png","width":180,"height":180,"caption":"Sudoesteacontece"},"image":{"@id":"https:\/\/sudoesteacontece.com.br\/#\/schema\/logo\/image\/"},"sameAs":["https:\/\/www.facebook.com\/sudoesteacontece\/?locale=pt_BR"]},{"@type":"Person","@id":"https:\/\/sudoesteacontece.com.br\/#\/schema\/person\/a4f22429c1d0923ef8f7d43343f8dc38","name":"Reda\u00e7\u00e3o","image":{"@type":"ImageObject","inLanguage":"pt-BR","@id":"https:\/\/sudoesteacontece.com.br\/#\/schema\/person\/image\/","url":"https:\/\/secure.gravatar.com\/avatar\/c3a5b3c93f268a709c25a2df414c629a96fb3b1b4bf97a94fb3f72e54ae76903?s=96&d=mm&r=g","contentUrl":"https:\/\/secure.gravatar.com\/avatar\/c3a5b3c93f268a709c25a2df414c629a96fb3b1b4bf97a94fb3f72e54ae76903?s=96&d=mm&r=g","caption":"Reda\u00e7\u00e3o"},"url":"https:\/\/sudoesteacontece.com.br\/?author=4"}]}},"_links":{"self":[{"href":"https:\/\/sudoesteacontece.com.br\/index.php?rest_route=\/wp\/v2\/posts\/5958","targetHints":{"allow":["GET"]}}],"collection":[{"href":"https:\/\/sudoesteacontece.com.br\/index.php?rest_route=\/wp\/v2\/posts"}],"about":[{"href":"https:\/\/sudoesteacontece.com.br\/index.php?rest_route=\/wp\/v2\/types\/post"}],"author":[{"embeddable":true,"href":"https:\/\/sudoesteacontece.com.br\/index.php?rest_route=\/wp\/v2\/users\/4"}],"replies":[{"embeddable":true,"href":"https:\/\/sudoesteacontece.com.br\/index.php?rest_route=%2Fwp%2Fv2%2Fcomments&post=5958"}],"version-history":[{"count":0,"href":"https:\/\/sudoesteacontece.com.br\/index.php?rest_route=\/wp\/v2\/posts\/5958\/revisions"}],"wp:featuredmedia":[{"embeddable":true,"href":"https:\/\/sudoesteacontece.com.br\/index.php?rest_route=\/wp\/v2\/media\/5995"}],"wp:attachment":[{"href":"https:\/\/sudoesteacontece.com.br\/index.php?rest_route=%2Fwp%2Fv2%2Fmedia&parent=5958"}],"wp:term":[{"taxonomy":"category","embeddable":true,"href":"https:\/\/sudoesteacontece.com.br\/index.php?rest_route=%2Fwp%2Fv2%2Fcategories&post=5958"},{"taxonomy":"post_tag","embeddable":true,"href":"https:\/\/sudoesteacontece.com.br\/index.php?rest_route=%2Fwp%2Fv2%2Ftags&post=5958"}],"curies":[{"name":"wp","href":"https:\/\/api.w.org\/{rel}","templated":true}]}}