{"id":5970,"date":"2026-01-13T11:26:07","date_gmt":"2026-01-13T14:26:07","guid":{"rendered":"https:\/\/sudoesteacontece.com.br\/?p=5970"},"modified":"2026-01-13T11:26:10","modified_gmt":"2026-01-13T14:26:10","slug":"morador-denuncia-falhas-na-coleta-de-lixo-em-avenida-de-macaubas-prefeitura-promete-normalizar-servico","status":"publish","type":"post","link":"https:\/\/sudoesteacontece.com.br\/?p=5970","title":{"rendered":"Morador denuncia falhas na coleta de lixo em avenida de Maca\u00fabas; prefeitura promete normalizar servi\u00e7o"},"content":{"rendered":"<div class=\"wp-block-image\">\n<figure class=\"aligncenter size-full\"><img fetchpriority=\"high\" decoding=\"async\" width=\"900\" height=\"600\" src=\"http:\/\/sudoesteacontece.com.br\/wp-content\/uploads\/2026\/01\/Morador-denuncia-falhas-na-coleta-de-lixo-em-avenida-de-Macaubas-prefeitura-promete-normalizar-servico-sudoeste-acontece.jpg\" alt=\"\" class=\"wp-image-6007\" srcset=\"https:\/\/sudoesteacontece.com.br\/wp-content\/uploads\/2026\/01\/Morador-denuncia-falhas-na-coleta-de-lixo-em-avenida-de-Macaubas-prefeitura-promete-normalizar-servico-sudoeste-acontece.jpg 900w, https:\/\/sudoesteacontece.com.br\/wp-content\/uploads\/2026\/01\/Morador-denuncia-falhas-na-coleta-de-lixo-em-avenida-de-Macaubas-prefeitura-promete-normalizar-servico-sudoeste-acontece-300x200.jpg 300w, https:\/\/sudoesteacontece.com.br\/wp-content\/uploads\/2026\/01\/Morador-denuncia-falhas-na-coleta-de-lixo-em-avenida-de-Macaubas-prefeitura-promete-normalizar-servico-sudoeste-acontece-768x512.jpg 768w\" sizes=\"(max-width: 900px) 100vw, 900px\" \/><\/figure>\n<\/div>\n\n\n<p>Reclama\u00e7\u00e3o de um morador exp\u00f4s falhas recorrentes na coleta de lixo em um trecho da avenida que d\u00e1 acesso ao antigo Aeroporto de Maca\u00fabas. A via \u00e9 uma das principais sa\u00eddas da cidade e, segundo o relato, enfrenta ac\u00famulo de res\u00edduos por interrup\u00e7\u00f5es frequentes no servi\u00e7o de limpeza urbana.<\/p>\n\n\n\n<p>Segundo o denunciante, duas lixeiras instaladas na avenida deixam de ser recolhidas com regularidade. O caminh\u00e3o passa pelo local, mas ignora os pontos, sobretudo \u00e0s sextas-feiras, o que faz o lixo permanecer acumulado durante todo o fim de semana, gerando mau cheiro e riscos \u00e0 sa\u00fade.<\/p>\n\n\n\n<p>Al\u00e9m disso, o morador afirma que o problema se repete mesmo com a circula\u00e7\u00e3o do caminh\u00e3o a cada dois dias. Em situa\u00e7\u00e3o recente, sacos de lixo ca\u00edram na pista, agravando os transtornos para quem transita pela avenida e aumentando a sensa\u00e7\u00e3o de abandono do servi\u00e7o.<\/p>\n\n\n\n<p>\u201cEles passam perto, mas n\u00e3o recolhem. O lixo fica cheio, fedendo, e s\u00f3 retiram depois. A gente paga imposto para ter esse servi\u00e7o\u201d, reclamou o morador ao cobrar provid\u00eancias do setor respons\u00e1vel.<\/p>\n\n\n\n<p>Procurado, um representante da limpeza urbana reconheceu a falha e afirmou que o caso pode ter sido um problema pontual. Segundo ele, ve\u00edculos estacionados em frente \u00e0s lixeiras podem ter dificultado a visualiza\u00e7\u00e3o dos pontos de coleta pelos garis.<\/p>\n\n\n\n<p>Conforme o setor, a coleta na avenida ocorre de segunda a s\u00e1bado e a equipe ser\u00e1 orientada a redobrar a aten\u00e7\u00e3o, mesmo com carros estacionados. O respons\u00e1vel garantiu que o lixo acumulado ser\u00e1 recolhido ainda hoje e prometeu a normaliza\u00e7\u00e3o imediata do servi\u00e7o.<\/p>\n","protected":false},"excerpt":{"rendered":"<p>Reclama\u00e7\u00e3o de um morador exp\u00f4s falhas recorrentes na coleta de lixo em um trecho da avenida que d\u00e1 acesso ao antigo Aeroporto de Maca\u00fabas. A via \u00e9 uma das principais sa\u00eddas da cidade e, segundo o relato, enfrenta ac\u00famulo de res\u00edduos por interrup\u00e7\u00f5es frequentes no servi\u00e7o de limpeza urbana. Segundo o denunciante, duas lixeiras instaladas na avenida deixam de ser recolhidas com regularidade. O caminh\u00e3o passa pelo local, mas ignora os pontos, sobretudo \u00e0s sextas-feiras, o que faz o lixo permanecer acumulado durante todo o fim de semana, gerando mau cheiro e riscos \u00e0 sa\u00fade. Al\u00e9m disso, o morador afirma que o problema se repete mesmo com a circula\u00e7\u00e3o do caminh\u00e3o a cada dois dias. Em situa\u00e7\u00e3o recente, sacos de lixo ca\u00edram na pista, agravando os transtornos para quem transita pela avenida e aumentando a sensa\u00e7\u00e3o de abandono do servi\u00e7o. \u201cEles passam perto, mas n\u00e3o recolhem. O lixo fica cheio, fedendo, e s\u00f3 retiram depois. A gente paga imposto para ter esse servi\u00e7o\u201d, reclamou o morador ao cobrar provid\u00eancias do setor respons\u00e1vel. Procurado, um representante da limpeza urbana reconheceu a falha e afirmou que o caso pode ter sido um problema pontual. Segundo ele, ve\u00edculos estacionados em frente \u00e0s lixeiras podem ter dificultado a visualiza\u00e7\u00e3o dos pontos de coleta pelos garis. Conforme o setor, a coleta na avenida ocorre de segunda a s\u00e1bado e a equipe ser\u00e1 orientada a redobrar a aten\u00e7\u00e3o, mesmo com carros estacionados. O respons\u00e1vel garantiu que o lixo acumulado ser\u00e1 recolhido ainda hoje e prometeu a normaliza\u00e7\u00e3o imediata do servi\u00e7o.<\/p>\n","protected":false},"author":4,"featured_media":6007,"comment_status":"open","ping_status":"open","sticky":false,"template":"","format":"standard","meta":{"footnotes":""},"categories":[4,46],"tags":[],"class_list":["post-5970","post","type-post","status-publish","format-standard","has-post-thumbnail","hentry","category-cidades","category-macaubas"],"yoast_head":"<!-- This site is optimized with the Yoast SEO plugin v26.5 - https:\/\/yoast.com\/wordpress\/plugins\/seo\/ -->\n<title>Morador denuncia falhas na coleta de lixo em avenida de Maca\u00fabas; prefeitura promete normalizar servi\u00e7o - Sudoesteacontece<\/title>\n<meta name=\"robots\" content=\"index, follow, max-snippet:-1, max-image-preview:large, max-video-preview:-1\" \/>\n<link rel=\"canonical\" href=\"https:\/\/sudoesteacontece.com.br\/?p=5970\" \/>\n<meta property=\"og:locale\" content=\"pt_BR\" \/>\n<meta property=\"og:type\" content=\"article\" \/>\n<meta property=\"og:title\" content=\"Morador denuncia falhas na coleta de lixo em avenida de Maca\u00fabas; prefeitura promete normalizar servi\u00e7o - Sudoesteacontece\" \/>\n<meta property=\"og:description\" content=\"Reclama\u00e7\u00e3o de um morador exp\u00f4s falhas recorrentes na coleta de lixo em um trecho da avenida que d\u00e1 acesso ao antigo Aeroporto de Maca\u00fabas. A via \u00e9 uma das principais sa\u00eddas da cidade e, segundo o relato, enfrenta ac\u00famulo de res\u00edduos por interrup\u00e7\u00f5es frequentes no servi\u00e7o de limpeza urbana. Segundo o denunciante, duas lixeiras instaladas na avenida deixam de ser recolhidas com regularidade. O caminh\u00e3o passa pelo local, mas ignora os pontos, sobretudo \u00e0s sextas-feiras, o que faz o lixo permanecer acumulado durante todo o fim de semana, gerando mau cheiro e riscos \u00e0 sa\u00fade. Al\u00e9m disso, o morador afirma que o problema se repete mesmo com a circula\u00e7\u00e3o do caminh\u00e3o a cada dois dias. Em situa\u00e7\u00e3o recente, sacos de lixo ca\u00edram na pista, agravando os transtornos para quem transita pela avenida e aumentando a sensa\u00e7\u00e3o de abandono do servi\u00e7o. \u201cEles passam perto, mas n\u00e3o recolhem. O lixo fica cheio, fedendo, e s\u00f3 retiram depois. A gente paga imposto para ter esse servi\u00e7o\u201d, reclamou o morador ao cobrar provid\u00eancias do setor respons\u00e1vel. Procurado, um representante da limpeza urbana reconheceu a falha e afirmou que o caso pode ter sido um problema pontual. Segundo ele, ve\u00edculos estacionados em frente \u00e0s lixeiras podem ter dificultado a visualiza\u00e7\u00e3o dos pontos de coleta pelos garis. Conforme o setor, a coleta na avenida ocorre de segunda a s\u00e1bado e a equipe ser\u00e1 orientada a redobrar a aten\u00e7\u00e3o, mesmo com carros estacionados. O respons\u00e1vel garantiu que o lixo acumulado ser\u00e1 recolhido ainda hoje e prometeu a normaliza\u00e7\u00e3o imediata do servi\u00e7o.\" \/>\n<meta property=\"og:url\" content=\"https:\/\/sudoesteacontece.com.br\/?p=5970\" \/>\n<meta property=\"og:site_name\" content=\"Sudoesteacontece\" \/>\n<meta property=\"article:publisher\" content=\"https:\/\/www.facebook.com\/sudoesteacontece\/?locale=pt_BR\" \/>\n<meta property=\"article:published_time\" content=\"2026-01-13T14:26:07+00:00\" \/>\n<meta property=\"article:modified_time\" content=\"2026-01-13T14:26:10+00:00\" \/>\n<meta property=\"og:image\" content=\"https:\/\/sudoesteacontece.com.br\/wp-content\/uploads\/2026\/01\/Morador-denuncia-falhas-na-coleta-de-lixo-em-avenida-de-Macaubas-prefeitura-promete-normalizar-servico-sudoeste-acontece.jpg\" \/>\n\t<meta property=\"og:image:width\" content=\"900\" \/>\n\t<meta property=\"og:image:height\" content=\"600\" \/>\n\t<meta property=\"og:image:type\" content=\"image\/jpeg\" \/>\n<meta name=\"author\" content=\"Reda\u00e7\u00e3o\" \/>\n<meta name=\"twitter:card\" content=\"summary_large_image\" \/>\n<meta name=\"twitter:label1\" content=\"Escrito por\" \/>\n\t<meta name=\"twitter:data1\" content=\"Reda\u00e7\u00e3o\" \/>\n\t<meta name=\"twitter:label2\" content=\"Est. tempo de leitura\" \/>\n\t<meta name=\"twitter:data2\" content=\"2 minutos\" \/>\n<script type=\"application\/ld+json\" class=\"yoast-schema-graph\">{\"@context\":\"https:\/\/schema.org\",\"@graph\":[{\"@type\":\"Article\",\"@id\":\"https:\/\/sudoesteacontece.com.br\/?p=5970#article\",\"isPartOf\":{\"@id\":\"https:\/\/sudoesteacontece.com.br\/?p=5970\"},\"author\":{\"name\":\"Reda\u00e7\u00e3o\",\"@id\":\"https:\/\/sudoesteacontece.com.br\/#\/schema\/person\/a4f22429c1d0923ef8f7d43343f8dc38\"},\"headline\":\"Morador denuncia falhas na coleta de lixo em avenida de Maca\u00fabas; prefeitura promete normalizar servi\u00e7o\",\"datePublished\":\"2026-01-13T14:26:07+00:00\",\"dateModified\":\"2026-01-13T14:26:10+00:00\",\"mainEntityOfPage\":{\"@id\":\"https:\/\/sudoesteacontece.com.br\/?p=5970\"},\"wordCount\":297,\"commentCount\":0,\"publisher\":{\"@id\":\"https:\/\/sudoesteacontece.com.br\/#organization\"},\"image\":{\"@id\":\"https:\/\/sudoesteacontece.com.br\/?p=5970#primaryimage\"},\"thumbnailUrl\":\"https:\/\/sudoesteacontece.com.br\/wp-content\/uploads\/2026\/01\/Morador-denuncia-falhas-na-coleta-de-lixo-em-avenida-de-Macaubas-prefeitura-promete-normalizar-servico-sudoeste-acontece.jpg\",\"articleSection\":[\"Cidades\",\"Maca\u00fabas\"],\"inLanguage\":\"pt-BR\",\"potentialAction\":[{\"@type\":\"CommentAction\",\"name\":\"Comment\",\"target\":[\"https:\/\/sudoesteacontece.com.br\/?p=5970#respond\"]}]},{\"@type\":\"WebPage\",\"@id\":\"https:\/\/sudoesteacontece.com.br\/?p=5970\",\"url\":\"https:\/\/sudoesteacontece.com.br\/?p=5970\",\"name\":\"Morador denuncia falhas na coleta de lixo em avenida de Maca\u00fabas; prefeitura promete normalizar servi\u00e7o - Sudoesteacontece\",\"isPartOf\":{\"@id\":\"https:\/\/sudoesteacontece.com.br\/#website\"},\"primaryImageOfPage\":{\"@id\":\"https:\/\/sudoesteacontece.com.br\/?p=5970#primaryimage\"},\"image\":{\"@id\":\"https:\/\/sudoesteacontece.com.br\/?p=5970#primaryimage\"},\"thumbnailUrl\":\"https:\/\/sudoesteacontece.com.br\/wp-content\/uploads\/2026\/01\/Morador-denuncia-falhas-na-coleta-de-lixo-em-avenida-de-Macaubas-prefeitura-promete-normalizar-servico-sudoeste-acontece.jpg\",\"datePublished\":\"2026-01-13T14:26:07+00:00\",\"dateModified\":\"2026-01-13T14:26:10+00:00\",\"breadcrumb\":{\"@id\":\"https:\/\/sudoesteacontece.com.br\/?p=5970#breadcrumb\"},\"inLanguage\":\"pt-BR\",\"potentialAction\":[{\"@type\":\"ReadAction\",\"target\":[\"https:\/\/sudoesteacontece.com.br\/?p=5970\"]}]},{\"@type\":\"ImageObject\",\"inLanguage\":\"pt-BR\",\"@id\":\"https:\/\/sudoesteacontece.com.br\/?p=5970#primaryimage\",\"url\":\"https:\/\/sudoesteacontece.com.br\/wp-content\/uploads\/2026\/01\/Morador-denuncia-falhas-na-coleta-de-lixo-em-avenida-de-Macaubas-prefeitura-promete-normalizar-servico-sudoeste-acontece.jpg\",\"contentUrl\":\"https:\/\/sudoesteacontece.com.br\/wp-content\/uploads\/2026\/01\/Morador-denuncia-falhas-na-coleta-de-lixo-em-avenida-de-Macaubas-prefeitura-promete-normalizar-servico-sudoeste-acontece.jpg\",\"width\":900,\"height\":600},{\"@type\":\"BreadcrumbList\",\"@id\":\"https:\/\/sudoesteacontece.com.br\/?p=5970#breadcrumb\",\"itemListElement\":[{\"@type\":\"ListItem\",\"position\":1,\"name\":\"In\u00edcio\",\"item\":\"https:\/\/sudoesteacontece.com.br\/\"},{\"@type\":\"ListItem\",\"position\":2,\"name\":\"Morador denuncia falhas na coleta de lixo em avenida de Maca\u00fabas; prefeitura promete normalizar servi\u00e7o\"}]},{\"@type\":\"WebSite\",\"@id\":\"https:\/\/sudoesteacontece.com.br\/#website\",\"url\":\"https:\/\/sudoesteacontece.com.br\/\",\"name\":\"Sudoesteacontece\",\"description\":\"\",\"publisher\":{\"@id\":\"https:\/\/sudoesteacontece.com.br\/#organization\"},\"potentialAction\":[{\"@type\":\"SearchAction\",\"target\":{\"@type\":\"EntryPoint\",\"urlTemplate\":\"https:\/\/sudoesteacontece.com.br\/?s={search_term_string}\"},\"query-input\":{\"@type\":\"PropertyValueSpecification\",\"valueRequired\":true,\"valueName\":\"search_term_string\"}}],\"inLanguage\":\"pt-BR\"},{\"@type\":\"Organization\",\"@id\":\"https:\/\/sudoesteacontece.com.br\/#organization\",\"name\":\"Sudoesteacontece\",\"url\":\"https:\/\/sudoesteacontece.com.br\/\",\"logo\":{\"@type\":\"ImageObject\",\"inLanguage\":\"pt-BR\",\"@id\":\"https:\/\/sudoesteacontece.com.br\/#\/schema\/logo\/image\/\",\"url\":\"https:\/\/sudoesteacontece.com.br\/wp-content\/uploads\/2025\/12\/cropped-logo-2-180x180-1.png\",\"contentUrl\":\"https:\/\/sudoesteacontece.com.br\/wp-content\/uploads\/2025\/12\/cropped-logo-2-180x180-1.png\",\"width\":180,\"height\":180,\"caption\":\"Sudoesteacontece\"},\"image\":{\"@id\":\"https:\/\/sudoesteacontece.com.br\/#\/schema\/logo\/image\/\"},\"sameAs\":[\"https:\/\/www.facebook.com\/sudoesteacontece\/?locale=pt_BR\"]},{\"@type\":\"Person\",\"@id\":\"https:\/\/sudoesteacontece.com.br\/#\/schema\/person\/a4f22429c1d0923ef8f7d43343f8dc38\",\"name\":\"Reda\u00e7\u00e3o\",\"image\":{\"@type\":\"ImageObject\",\"inLanguage\":\"pt-BR\",\"@id\":\"https:\/\/sudoesteacontece.com.br\/#\/schema\/person\/image\/\",\"url\":\"https:\/\/secure.gravatar.com\/avatar\/c3a5b3c93f268a709c25a2df414c629a96fb3b1b4bf97a94fb3f72e54ae76903?s=96&d=mm&r=g\",\"contentUrl\":\"https:\/\/secure.gravatar.com\/avatar\/c3a5b3c93f268a709c25a2df414c629a96fb3b1b4bf97a94fb3f72e54ae76903?s=96&d=mm&r=g\",\"caption\":\"Reda\u00e7\u00e3o\"},\"url\":\"https:\/\/sudoesteacontece.com.br\/?author=4\"}]}<\/script>\n<!-- \/ Yoast SEO plugin. -->","yoast_head_json":{"title":"Morador denuncia falhas na coleta de lixo em avenida de Maca\u00fabas; prefeitura promete normalizar servi\u00e7o - Sudoesteacontece","robots":{"index":"index","follow":"follow","max-snippet":"max-snippet:-1","max-image-preview":"max-image-preview:large","max-video-preview":"max-video-preview:-1"},"canonical":"https:\/\/sudoesteacontece.com.br\/?p=5970","og_locale":"pt_BR","og_type":"article","og_title":"Morador denuncia falhas na coleta de lixo em avenida de Maca\u00fabas; prefeitura promete normalizar servi\u00e7o - Sudoesteacontece","og_description":"Reclama\u00e7\u00e3o de um morador exp\u00f4s falhas recorrentes na coleta de lixo em um trecho da avenida que d\u00e1 acesso ao antigo Aeroporto de Maca\u00fabas. A via \u00e9 uma das principais sa\u00eddas da cidade e, segundo o relato, enfrenta ac\u00famulo de res\u00edduos por interrup\u00e7\u00f5es frequentes no servi\u00e7o de limpeza urbana. Segundo o denunciante, duas lixeiras instaladas na avenida deixam de ser recolhidas com regularidade. O caminh\u00e3o passa pelo local, mas ignora os pontos, sobretudo \u00e0s sextas-feiras, o que faz o lixo permanecer acumulado durante todo o fim de semana, gerando mau cheiro e riscos \u00e0 sa\u00fade. Al\u00e9m disso, o morador afirma que o problema se repete mesmo com a circula\u00e7\u00e3o do caminh\u00e3o a cada dois dias. Em situa\u00e7\u00e3o recente, sacos de lixo ca\u00edram na pista, agravando os transtornos para quem transita pela avenida e aumentando a sensa\u00e7\u00e3o de abandono do servi\u00e7o. \u201cEles passam perto, mas n\u00e3o recolhem. O lixo fica cheio, fedendo, e s\u00f3 retiram depois. A gente paga imposto para ter esse servi\u00e7o\u201d, reclamou o morador ao cobrar provid\u00eancias do setor respons\u00e1vel. Procurado, um representante da limpeza urbana reconheceu a falha e afirmou que o caso pode ter sido um problema pontual. Segundo ele, ve\u00edculos estacionados em frente \u00e0s lixeiras podem ter dificultado a visualiza\u00e7\u00e3o dos pontos de coleta pelos garis. Conforme o setor, a coleta na avenida ocorre de segunda a s\u00e1bado e a equipe ser\u00e1 orientada a redobrar a aten\u00e7\u00e3o, mesmo com carros estacionados. O respons\u00e1vel garantiu que o lixo acumulado ser\u00e1 recolhido ainda hoje e prometeu a normaliza\u00e7\u00e3o imediata do servi\u00e7o.","og_url":"https:\/\/sudoesteacontece.com.br\/?p=5970","og_site_name":"Sudoesteacontece","article_publisher":"https:\/\/www.facebook.com\/sudoesteacontece\/?locale=pt_BR","article_published_time":"2026-01-13T14:26:07+00:00","article_modified_time":"2026-01-13T14:26:10+00:00","og_image":[{"width":900,"height":600,"url":"https:\/\/sudoesteacontece.com.br\/wp-content\/uploads\/2026\/01\/Morador-denuncia-falhas-na-coleta-de-lixo-em-avenida-de-Macaubas-prefeitura-promete-normalizar-servico-sudoeste-acontece.jpg","type":"image\/jpeg"}],"author":"Reda\u00e7\u00e3o","twitter_card":"summary_large_image","twitter_misc":{"Escrito por":"Reda\u00e7\u00e3o","Est. tempo de leitura":"2 minutos"},"schema":{"@context":"https:\/\/schema.org","@graph":[{"@type":"Article","@id":"https:\/\/sudoesteacontece.com.br\/?p=5970#article","isPartOf":{"@id":"https:\/\/sudoesteacontece.com.br\/?p=5970"},"author":{"name":"Reda\u00e7\u00e3o","@id":"https:\/\/sudoesteacontece.com.br\/#\/schema\/person\/a4f22429c1d0923ef8f7d43343f8dc38"},"headline":"Morador denuncia falhas na coleta de lixo em avenida de Maca\u00fabas; prefeitura promete normalizar servi\u00e7o","datePublished":"2026-01-13T14:26:07+00:00","dateModified":"2026-01-13T14:26:10+00:00","mainEntityOfPage":{"@id":"https:\/\/sudoesteacontece.com.br\/?p=5970"},"wordCount":297,"commentCount":0,"publisher":{"@id":"https:\/\/sudoesteacontece.com.br\/#organization"},"image":{"@id":"https:\/\/sudoesteacontece.com.br\/?p=5970#primaryimage"},"thumbnailUrl":"https:\/\/sudoesteacontece.com.br\/wp-content\/uploads\/2026\/01\/Morador-denuncia-falhas-na-coleta-de-lixo-em-avenida-de-Macaubas-prefeitura-promete-normalizar-servico-sudoeste-acontece.jpg","articleSection":["Cidades","Maca\u00fabas"],"inLanguage":"pt-BR","potentialAction":[{"@type":"CommentAction","name":"Comment","target":["https:\/\/sudoesteacontece.com.br\/?p=5970#respond"]}]},{"@type":"WebPage","@id":"https:\/\/sudoesteacontece.com.br\/?p=5970","url":"https:\/\/sudoesteacontece.com.br\/?p=5970","name":"Morador denuncia falhas na coleta de lixo em avenida de Maca\u00fabas; prefeitura promete normalizar servi\u00e7o - Sudoesteacontece","isPartOf":{"@id":"https:\/\/sudoesteacontece.com.br\/#website"},"primaryImageOfPage":{"@id":"https:\/\/sudoesteacontece.com.br\/?p=5970#primaryimage"},"image":{"@id":"https:\/\/sudoesteacontece.com.br\/?p=5970#primaryimage"},"thumbnailUrl":"https:\/\/sudoesteacontece.com.br\/wp-content\/uploads\/2026\/01\/Morador-denuncia-falhas-na-coleta-de-lixo-em-avenida-de-Macaubas-prefeitura-promete-normalizar-servico-sudoeste-acontece.jpg","datePublished":"2026-01-13T14:26:07+00:00","dateModified":"2026-01-13T14:26:10+00:00","breadcrumb":{"@id":"https:\/\/sudoesteacontece.com.br\/?p=5970#breadcrumb"},"inLanguage":"pt-BR","potentialAction":[{"@type":"ReadAction","target":["https:\/\/sudoesteacontece.com.br\/?p=5970"]}]},{"@type":"ImageObject","inLanguage":"pt-BR","@id":"https:\/\/sudoesteacontece.com.br\/?p=5970#primaryimage","url":"https:\/\/sudoesteacontece.com.br\/wp-content\/uploads\/2026\/01\/Morador-denuncia-falhas-na-coleta-de-lixo-em-avenida-de-Macaubas-prefeitura-promete-normalizar-servico-sudoeste-acontece.jpg","contentUrl":"https:\/\/sudoesteacontece.com.br\/wp-content\/uploads\/2026\/01\/Morador-denuncia-falhas-na-coleta-de-lixo-em-avenida-de-Macaubas-prefeitura-promete-normalizar-servico-sudoeste-acontece.jpg","width":900,"height":600},{"@type":"BreadcrumbList","@id":"https:\/\/sudoesteacontece.com.br\/?p=5970#breadcrumb","itemListElement":[{"@type":"ListItem","position":1,"name":"In\u00edcio","item":"https:\/\/sudoesteacontece.com.br\/"},{"@type":"ListItem","position":2,"name":"Morador denuncia falhas na coleta de lixo em avenida de Maca\u00fabas; prefeitura promete normalizar servi\u00e7o"}]},{"@type":"WebSite","@id":"https:\/\/sudoesteacontece.com.br\/#website","url":"https:\/\/sudoesteacontece.com.br\/","name":"Sudoesteacontece","description":"","publisher":{"@id":"https:\/\/sudoesteacontece.com.br\/#organization"},"potentialAction":[{"@type":"SearchAction","target":{"@type":"EntryPoint","urlTemplate":"https:\/\/sudoesteacontece.com.br\/?s={search_term_string}"},"query-input":{"@type":"PropertyValueSpecification","valueRequired":true,"valueName":"search_term_string"}}],"inLanguage":"pt-BR"},{"@type":"Organization","@id":"https:\/\/sudoesteacontece.com.br\/#organization","name":"Sudoesteacontece","url":"https:\/\/sudoesteacontece.com.br\/","logo":{"@type":"ImageObject","inLanguage":"pt-BR","@id":"https:\/\/sudoesteacontece.com.br\/#\/schema\/logo\/image\/","url":"https:\/\/sudoesteacontece.com.br\/wp-content\/uploads\/2025\/12\/cropped-logo-2-180x180-1.png","contentUrl":"https:\/\/sudoesteacontece.com.br\/wp-content\/uploads\/2025\/12\/cropped-logo-2-180x180-1.png","width":180,"height":180,"caption":"Sudoesteacontece"},"image":{"@id":"https:\/\/sudoesteacontece.com.br\/#\/schema\/logo\/image\/"},"sameAs":["https:\/\/www.facebook.com\/sudoesteacontece\/?locale=pt_BR"]},{"@type":"Person","@id":"https:\/\/sudoesteacontece.com.br\/#\/schema\/person\/a4f22429c1d0923ef8f7d43343f8dc38","name":"Reda\u00e7\u00e3o","image":{"@type":"ImageObject","inLanguage":"pt-BR","@id":"https:\/\/sudoesteacontece.com.br\/#\/schema\/person\/image\/","url":"https:\/\/secure.gravatar.com\/avatar\/c3a5b3c93f268a709c25a2df414c629a96fb3b1b4bf97a94fb3f72e54ae76903?s=96&d=mm&r=g","contentUrl":"https:\/\/secure.gravatar.com\/avatar\/c3a5b3c93f268a709c25a2df414c629a96fb3b1b4bf97a94fb3f72e54ae76903?s=96&d=mm&r=g","caption":"Reda\u00e7\u00e3o"},"url":"https:\/\/sudoesteacontece.com.br\/?author=4"}]}},"_links":{"self":[{"href":"https:\/\/sudoesteacontece.com.br\/index.php?rest_route=\/wp\/v2\/posts\/5970","targetHints":{"allow":["GET"]}}],"collection":[{"href":"https:\/\/sudoesteacontece.com.br\/index.php?rest_route=\/wp\/v2\/posts"}],"about":[{"href":"https:\/\/sudoesteacontece.com.br\/index.php?rest_route=\/wp\/v2\/types\/post"}],"author":[{"embeddable":true,"href":"https:\/\/sudoesteacontece.com.br\/index.php?rest_route=\/wp\/v2\/users\/4"}],"replies":[{"embeddable":true,"href":"https:\/\/sudoesteacontece.com.br\/index.php?rest_route=%2Fwp%2Fv2%2Fcomments&post=5970"}],"version-history":[{"count":0,"href":"https:\/\/sudoesteacontece.com.br\/index.php?rest_route=\/wp\/v2\/posts\/5970\/revisions"}],"wp:featuredmedia":[{"embeddable":true,"href":"https:\/\/sudoesteacontece.com.br\/index.php?rest_route=\/wp\/v2\/media\/6007"}],"wp:attachment":[{"href":"https:\/\/sudoesteacontece.com.br\/index.php?rest_route=%2Fwp%2Fv2%2Fmedia&parent=5970"}],"wp:term":[{"taxonomy":"category","embeddable":true,"href":"https:\/\/sudoesteacontece.com.br\/index.php?rest_route=%2Fwp%2Fv2%2Fcategories&post=5970"},{"taxonomy":"post_tag","embeddable":true,"href":"https:\/\/sudoesteacontece.com.br\/index.php?rest_route=%2Fwp%2Fv2%2Ftags&post=5970"}],"curies":[{"name":"wp","href":"https:\/\/api.w.org\/{rel}","templated":true}]}}