{"id":5978,"date":"2026-01-13T11:35:49","date_gmt":"2026-01-13T14:35:49","guid":{"rendered":"https:\/\/sudoesteacontece.com.br\/?p=5978"},"modified":"2026-01-13T11:35:51","modified_gmt":"2026-01-13T14:35:51","slug":"brumado-inaugura-creche-e-praca-de-alimentacao-em-homenagem-a-educadora-e-aluno-que-marcaram-a-cidade","status":"publish","type":"post","link":"https:\/\/sudoesteacontece.com.br\/?p=5978","title":{"rendered":"Brumado inaugura creche e pra\u00e7a de alimenta\u00e7\u00e3o em homenagem a educadora e aluno que marcaram a cidade"},"content":{"rendered":"<div class=\"wp-block-image\">\n<figure class=\"aligncenter size-full\"><img fetchpriority=\"high\" decoding=\"async\" width=\"1000\" height=\"456\" src=\"http:\/\/sudoesteacontece.com.br\/wp-content\/uploads\/2026\/01\/Brumado-inaugura-creche-e-praca-de-alimentacao-em-homenagem-a-educadora-e-aluno-que-marcaram-a-cidade-sudoeste-acontece.jpg\" alt=\"\" class=\"wp-image-6013\" srcset=\"https:\/\/sudoesteacontece.com.br\/wp-content\/uploads\/2026\/01\/Brumado-inaugura-creche-e-praca-de-alimentacao-em-homenagem-a-educadora-e-aluno-que-marcaram-a-cidade-sudoeste-acontece.jpg 1000w, https:\/\/sudoesteacontece.com.br\/wp-content\/uploads\/2026\/01\/Brumado-inaugura-creche-e-praca-de-alimentacao-em-homenagem-a-educadora-e-aluno-que-marcaram-a-cidade-sudoeste-acontece-300x137.jpg 300w, https:\/\/sudoesteacontece.com.br\/wp-content\/uploads\/2026\/01\/Brumado-inaugura-creche-e-praca-de-alimentacao-em-homenagem-a-educadora-e-aluno-que-marcaram-a-cidade-sudoeste-acontece-768x350.jpg 768w\" sizes=\"(max-width: 1000px) 100vw, 1000px\" \/><\/figure>\n<\/div>\n\n\n<p>Mem\u00f3ria e reconhecimento marcaram a inaugura\u00e7\u00e3o da Creche Municipal Professora Maria S\u00f4nia Pereira de Oliveira e da Pra\u00e7a de Alimenta\u00e7\u00e3o \u00cdcaro Gabriel da Silva, em Brumado. Mais do que novos equipamentos p\u00fablicos, os espa\u00e7os simbolizam a valoriza\u00e7\u00e3o de hist\u00f3rias que ajudaram a construir a educa\u00e7\u00e3o e a identidade da comunidade.<\/p>\n\n\n\n<p>Educadora homenageada, Maria S\u00f4nia Pereira de Oliveira teve trajet\u00f3ria ligada \u00e0 educa\u00e7\u00e3o p\u00fablica do munic\u00edpio. Filha da professora Dona Isabel, era formada em Hist\u00f3ria e Pedagogia e atuou como psicopedagoga, professora e gestora em diversas escolas da cidade ao longo da carreira.<\/p>\n\n\n\n<p>Primeira diretora da Escola Sheila Barreto, Maria S\u00f4nia deixou marcas de compromisso, sensibilidade e compet\u00eancia. Sua atua\u00e7\u00e3o foi pautada na defesa de uma educa\u00e7\u00e3o inclusiva, humana e de qualidade, com aten\u00e7\u00e3o \u00e0s diferen\u00e7as e ao potencial de cada crian\u00e7a atendida na rede municipal.<\/p>\n\n\n\n<p>Ao receber o nome da educadora, a creche se torna s\u00edmbolo de uma vida dedicada \u00e0 forma\u00e7\u00e3o humana. A homenagem reconhece o impacto do trabalho desenvolvido por Maria S\u00f4nia na transforma\u00e7\u00e3o de espa\u00e7os escolares e na constru\u00e7\u00e3o de oportunidades para gera\u00e7\u00f5es de estudantes.<\/p>\n\n\n\n<p>Criada junto ao equipamento educacional, a Pra\u00e7a de Alimenta\u00e7\u00e3o \u00cdcaro Gabriel da Silva tamb\u00e9m carrega forte significado. \u00cdcaro Gabriel Ribeiro foi um aluno cuja presen\u00e7a marcou a comunidade escolar pela alegria, espontaneidade e facilidade em criar la\u00e7os com colegas e educadores.<\/p>\n\n\n\n<p>Com o nome do menino, o espa\u00e7o passa a representar acolhimento, conviv\u00eancia e partilha. A homenagem mant\u00e9m viva a mem\u00f3ria de \u00cdcaro em um ambiente pensado para encontros e rela\u00e7\u00f5es, refor\u00e7ando que educar tamb\u00e9m \u00e9 cuidar e caminhar junto.<\/p>\n\n\n\n<p>Com as inaugura\u00e7\u00f5es, a Prefeitura de Brumado refor\u00e7a que a educa\u00e7\u00e3o infantil vai al\u00e9m da estrutura f\u00edsica. A proposta valoriza hist\u00f3rias, afetos e o compromisso com as pessoas que fazem parte da constru\u00e7\u00e3o coletiva do munic\u00edpio.<\/p>\n","protected":false},"excerpt":{"rendered":"<p>Mem\u00f3ria e reconhecimento marcaram a inaugura\u00e7\u00e3o da Creche Municipal Professora Maria S\u00f4nia Pereira de Oliveira e da Pra\u00e7a de Alimenta\u00e7\u00e3o \u00cdcaro Gabriel da Silva, em Brumado. Mais do que novos equipamentos p\u00fablicos, os espa\u00e7os simbolizam a valoriza\u00e7\u00e3o de hist\u00f3rias que ajudaram a construir a educa\u00e7\u00e3o e a identidade da comunidade. Educadora homenageada, Maria S\u00f4nia Pereira de Oliveira teve trajet\u00f3ria ligada \u00e0 educa\u00e7\u00e3o p\u00fablica do munic\u00edpio. Filha da professora Dona Isabel, era formada em Hist\u00f3ria e Pedagogia e atuou como psicopedagoga, professora e gestora em diversas escolas da cidade ao longo da carreira. Primeira diretora da Escola Sheila Barreto, Maria S\u00f4nia deixou marcas de compromisso, sensibilidade e compet\u00eancia. Sua atua\u00e7\u00e3o foi pautada na defesa de uma educa\u00e7\u00e3o inclusiva, humana e de qualidade, com aten\u00e7\u00e3o \u00e0s diferen\u00e7as e ao potencial de cada crian\u00e7a atendida na rede municipal. Ao receber o nome da educadora, a creche se torna s\u00edmbolo de uma vida dedicada \u00e0 forma\u00e7\u00e3o humana. A homenagem reconhece o impacto do trabalho desenvolvido por Maria S\u00f4nia na transforma\u00e7\u00e3o de espa\u00e7os escolares e na constru\u00e7\u00e3o de oportunidades para gera\u00e7\u00f5es de estudantes. Criada junto ao equipamento educacional, a Pra\u00e7a de Alimenta\u00e7\u00e3o \u00cdcaro Gabriel da Silva tamb\u00e9m carrega forte significado. \u00cdcaro Gabriel Ribeiro foi um aluno cuja presen\u00e7a marcou a comunidade escolar pela alegria, espontaneidade e facilidade em criar la\u00e7os com colegas e educadores. Com o nome do menino, o espa\u00e7o passa a representar acolhimento, conviv\u00eancia e partilha. A homenagem mant\u00e9m viva a mem\u00f3ria de \u00cdcaro em um ambiente pensado para encontros e rela\u00e7\u00f5es, refor\u00e7ando que educar tamb\u00e9m \u00e9 cuidar e caminhar junto. Com as inaugura\u00e7\u00f5es, a Prefeitura de Brumado refor\u00e7a que a educa\u00e7\u00e3o infantil vai al\u00e9m da estrutura f\u00edsica. A proposta valoriza hist\u00f3rias, afetos e o compromisso com as pessoas que fazem parte da constru\u00e7\u00e3o coletiva do munic\u00edpio.<\/p>\n","protected":false},"author":4,"featured_media":6013,"comment_status":"open","ping_status":"open","sticky":false,"template":"","format":"standard","meta":{"footnotes":""},"categories":[10,43,6],"tags":[],"class_list":["post-5978","post","type-post","status-publish","format-standard","has-post-thumbnail","hentry","category-brumado","category-educacao","category-politica"],"yoast_head":"<!-- This site is optimized with the Yoast SEO plugin v26.5 - https:\/\/yoast.com\/wordpress\/plugins\/seo\/ -->\n<title>Brumado inaugura creche e pra\u00e7a de alimenta\u00e7\u00e3o em homenagem a educadora e aluno que marcaram a cidade - Sudoesteacontece<\/title>\n<meta name=\"robots\" content=\"index, follow, max-snippet:-1, max-image-preview:large, max-video-preview:-1\" \/>\n<link rel=\"canonical\" href=\"https:\/\/sudoesteacontece.com.br\/?p=5978\" \/>\n<meta property=\"og:locale\" content=\"pt_BR\" \/>\n<meta property=\"og:type\" content=\"article\" \/>\n<meta property=\"og:title\" content=\"Brumado inaugura creche e pra\u00e7a de alimenta\u00e7\u00e3o em homenagem a educadora e aluno que marcaram a cidade - Sudoesteacontece\" \/>\n<meta property=\"og:description\" content=\"Mem\u00f3ria e reconhecimento marcaram a inaugura\u00e7\u00e3o da Creche Municipal Professora Maria S\u00f4nia Pereira de Oliveira e da Pra\u00e7a de Alimenta\u00e7\u00e3o \u00cdcaro Gabriel da Silva, em Brumado. Mais do que novos equipamentos p\u00fablicos, os espa\u00e7os simbolizam a valoriza\u00e7\u00e3o de hist\u00f3rias que ajudaram a construir a educa\u00e7\u00e3o e a identidade da comunidade. Educadora homenageada, Maria S\u00f4nia Pereira de Oliveira teve trajet\u00f3ria ligada \u00e0 educa\u00e7\u00e3o p\u00fablica do munic\u00edpio. Filha da professora Dona Isabel, era formada em Hist\u00f3ria e Pedagogia e atuou como psicopedagoga, professora e gestora em diversas escolas da cidade ao longo da carreira. Primeira diretora da Escola Sheila Barreto, Maria S\u00f4nia deixou marcas de compromisso, sensibilidade e compet\u00eancia. Sua atua\u00e7\u00e3o foi pautada na defesa de uma educa\u00e7\u00e3o inclusiva, humana e de qualidade, com aten\u00e7\u00e3o \u00e0s diferen\u00e7as e ao potencial de cada crian\u00e7a atendida na rede municipal. Ao receber o nome da educadora, a creche se torna s\u00edmbolo de uma vida dedicada \u00e0 forma\u00e7\u00e3o humana. A homenagem reconhece o impacto do trabalho desenvolvido por Maria S\u00f4nia na transforma\u00e7\u00e3o de espa\u00e7os escolares e na constru\u00e7\u00e3o de oportunidades para gera\u00e7\u00f5es de estudantes. Criada junto ao equipamento educacional, a Pra\u00e7a de Alimenta\u00e7\u00e3o \u00cdcaro Gabriel da Silva tamb\u00e9m carrega forte significado. \u00cdcaro Gabriel Ribeiro foi um aluno cuja presen\u00e7a marcou a comunidade escolar pela alegria, espontaneidade e facilidade em criar la\u00e7os com colegas e educadores. Com o nome do menino, o espa\u00e7o passa a representar acolhimento, conviv\u00eancia e partilha. A homenagem mant\u00e9m viva a mem\u00f3ria de \u00cdcaro em um ambiente pensado para encontros e rela\u00e7\u00f5es, refor\u00e7ando que educar tamb\u00e9m \u00e9 cuidar e caminhar junto. Com as inaugura\u00e7\u00f5es, a Prefeitura de Brumado refor\u00e7a que a educa\u00e7\u00e3o infantil vai al\u00e9m da estrutura f\u00edsica. A proposta valoriza hist\u00f3rias, afetos e o compromisso com as pessoas que fazem parte da constru\u00e7\u00e3o coletiva do munic\u00edpio.\" \/>\n<meta property=\"og:url\" content=\"https:\/\/sudoesteacontece.com.br\/?p=5978\" \/>\n<meta property=\"og:site_name\" content=\"Sudoesteacontece\" \/>\n<meta property=\"article:publisher\" content=\"https:\/\/www.facebook.com\/sudoesteacontece\/?locale=pt_BR\" \/>\n<meta property=\"article:published_time\" content=\"2026-01-13T14:35:49+00:00\" \/>\n<meta property=\"article:modified_time\" content=\"2026-01-13T14:35:51+00:00\" \/>\n<meta property=\"og:image\" content=\"https:\/\/sudoesteacontece.com.br\/wp-content\/uploads\/2026\/01\/Brumado-inaugura-creche-e-praca-de-alimentacao-em-homenagem-a-educadora-e-aluno-que-marcaram-a-cidade-sudoeste-acontece.jpg\" \/>\n\t<meta property=\"og:image:width\" content=\"1000\" \/>\n\t<meta property=\"og:image:height\" content=\"456\" \/>\n\t<meta property=\"og:image:type\" content=\"image\/jpeg\" \/>\n<meta name=\"author\" content=\"Reda\u00e7\u00e3o\" \/>\n<meta name=\"twitter:card\" content=\"summary_large_image\" \/>\n<meta name=\"twitter:label1\" content=\"Escrito por\" \/>\n\t<meta name=\"twitter:data1\" content=\"Reda\u00e7\u00e3o\" \/>\n\t<meta name=\"twitter:label2\" content=\"Est. tempo de leitura\" \/>\n\t<meta name=\"twitter:data2\" content=\"3 minutos\" \/>\n<script type=\"application\/ld+json\" class=\"yoast-schema-graph\">{\"@context\":\"https:\/\/schema.org\",\"@graph\":[{\"@type\":\"Article\",\"@id\":\"https:\/\/sudoesteacontece.com.br\/?p=5978#article\",\"isPartOf\":{\"@id\":\"https:\/\/sudoesteacontece.com.br\/?p=5978\"},\"author\":{\"name\":\"Reda\u00e7\u00e3o\",\"@id\":\"https:\/\/sudoesteacontece.com.br\/#\/schema\/person\/a4f22429c1d0923ef8f7d43343f8dc38\"},\"headline\":\"Brumado inaugura creche e pra\u00e7a de alimenta\u00e7\u00e3o em homenagem a educadora e aluno que marcaram a cidade\",\"datePublished\":\"2026-01-13T14:35:49+00:00\",\"dateModified\":\"2026-01-13T14:35:51+00:00\",\"mainEntityOfPage\":{\"@id\":\"https:\/\/sudoesteacontece.com.br\/?p=5978\"},\"wordCount\":360,\"commentCount\":0,\"publisher\":{\"@id\":\"https:\/\/sudoesteacontece.com.br\/#organization\"},\"image\":{\"@id\":\"https:\/\/sudoesteacontece.com.br\/?p=5978#primaryimage\"},\"thumbnailUrl\":\"https:\/\/sudoesteacontece.com.br\/wp-content\/uploads\/2026\/01\/Brumado-inaugura-creche-e-praca-de-alimentacao-em-homenagem-a-educadora-e-aluno-que-marcaram-a-cidade-sudoeste-acontece.jpg\",\"articleSection\":[\"Brumado\",\"Educa\u00e7\u00e3o\",\"Pol\u00edtica\"],\"inLanguage\":\"pt-BR\",\"potentialAction\":[{\"@type\":\"CommentAction\",\"name\":\"Comment\",\"target\":[\"https:\/\/sudoesteacontece.com.br\/?p=5978#respond\"]}]},{\"@type\":\"WebPage\",\"@id\":\"https:\/\/sudoesteacontece.com.br\/?p=5978\",\"url\":\"https:\/\/sudoesteacontece.com.br\/?p=5978\",\"name\":\"Brumado inaugura creche e pra\u00e7a de alimenta\u00e7\u00e3o em homenagem a educadora e aluno que marcaram a cidade - Sudoesteacontece\",\"isPartOf\":{\"@id\":\"https:\/\/sudoesteacontece.com.br\/#website\"},\"primaryImageOfPage\":{\"@id\":\"https:\/\/sudoesteacontece.com.br\/?p=5978#primaryimage\"},\"image\":{\"@id\":\"https:\/\/sudoesteacontece.com.br\/?p=5978#primaryimage\"},\"thumbnailUrl\":\"https:\/\/sudoesteacontece.com.br\/wp-content\/uploads\/2026\/01\/Brumado-inaugura-creche-e-praca-de-alimentacao-em-homenagem-a-educadora-e-aluno-que-marcaram-a-cidade-sudoeste-acontece.jpg\",\"datePublished\":\"2026-01-13T14:35:49+00:00\",\"dateModified\":\"2026-01-13T14:35:51+00:00\",\"breadcrumb\":{\"@id\":\"https:\/\/sudoesteacontece.com.br\/?p=5978#breadcrumb\"},\"inLanguage\":\"pt-BR\",\"potentialAction\":[{\"@type\":\"ReadAction\",\"target\":[\"https:\/\/sudoesteacontece.com.br\/?p=5978\"]}]},{\"@type\":\"ImageObject\",\"inLanguage\":\"pt-BR\",\"@id\":\"https:\/\/sudoesteacontece.com.br\/?p=5978#primaryimage\",\"url\":\"https:\/\/sudoesteacontece.com.br\/wp-content\/uploads\/2026\/01\/Brumado-inaugura-creche-e-praca-de-alimentacao-em-homenagem-a-educadora-e-aluno-que-marcaram-a-cidade-sudoeste-acontece.jpg\",\"contentUrl\":\"https:\/\/sudoesteacontece.com.br\/wp-content\/uploads\/2026\/01\/Brumado-inaugura-creche-e-praca-de-alimentacao-em-homenagem-a-educadora-e-aluno-que-marcaram-a-cidade-sudoeste-acontece.jpg\",\"width\":1000,\"height\":456},{\"@type\":\"BreadcrumbList\",\"@id\":\"https:\/\/sudoesteacontece.com.br\/?p=5978#breadcrumb\",\"itemListElement\":[{\"@type\":\"ListItem\",\"position\":1,\"name\":\"In\u00edcio\",\"item\":\"https:\/\/sudoesteacontece.com.br\/\"},{\"@type\":\"ListItem\",\"position\":2,\"name\":\"Brumado inaugura creche e pra\u00e7a de alimenta\u00e7\u00e3o em homenagem a educadora e aluno que marcaram a cidade\"}]},{\"@type\":\"WebSite\",\"@id\":\"https:\/\/sudoesteacontece.com.br\/#website\",\"url\":\"https:\/\/sudoesteacontece.com.br\/\",\"name\":\"Sudoesteacontece\",\"description\":\"\",\"publisher\":{\"@id\":\"https:\/\/sudoesteacontece.com.br\/#organization\"},\"potentialAction\":[{\"@type\":\"SearchAction\",\"target\":{\"@type\":\"EntryPoint\",\"urlTemplate\":\"https:\/\/sudoesteacontece.com.br\/?s={search_term_string}\"},\"query-input\":{\"@type\":\"PropertyValueSpecification\",\"valueRequired\":true,\"valueName\":\"search_term_string\"}}],\"inLanguage\":\"pt-BR\"},{\"@type\":\"Organization\",\"@id\":\"https:\/\/sudoesteacontece.com.br\/#organization\",\"name\":\"Sudoesteacontece\",\"url\":\"https:\/\/sudoesteacontece.com.br\/\",\"logo\":{\"@type\":\"ImageObject\",\"inLanguage\":\"pt-BR\",\"@id\":\"https:\/\/sudoesteacontece.com.br\/#\/schema\/logo\/image\/\",\"url\":\"https:\/\/sudoesteacontece.com.br\/wp-content\/uploads\/2025\/12\/cropped-logo-2-180x180-1.png\",\"contentUrl\":\"https:\/\/sudoesteacontece.com.br\/wp-content\/uploads\/2025\/12\/cropped-logo-2-180x180-1.png\",\"width\":180,\"height\":180,\"caption\":\"Sudoesteacontece\"},\"image\":{\"@id\":\"https:\/\/sudoesteacontece.com.br\/#\/schema\/logo\/image\/\"},\"sameAs\":[\"https:\/\/www.facebook.com\/sudoesteacontece\/?locale=pt_BR\"]},{\"@type\":\"Person\",\"@id\":\"https:\/\/sudoesteacontece.com.br\/#\/schema\/person\/a4f22429c1d0923ef8f7d43343f8dc38\",\"name\":\"Reda\u00e7\u00e3o\",\"image\":{\"@type\":\"ImageObject\",\"inLanguage\":\"pt-BR\",\"@id\":\"https:\/\/sudoesteacontece.com.br\/#\/schema\/person\/image\/\",\"url\":\"https:\/\/secure.gravatar.com\/avatar\/c3a5b3c93f268a709c25a2df414c629a96fb3b1b4bf97a94fb3f72e54ae76903?s=96&d=mm&r=g\",\"contentUrl\":\"https:\/\/secure.gravatar.com\/avatar\/c3a5b3c93f268a709c25a2df414c629a96fb3b1b4bf97a94fb3f72e54ae76903?s=96&d=mm&r=g\",\"caption\":\"Reda\u00e7\u00e3o\"},\"url\":\"https:\/\/sudoesteacontece.com.br\/?author=4\"}]}<\/script>\n<!-- \/ Yoast SEO plugin. -->","yoast_head_json":{"title":"Brumado inaugura creche e pra\u00e7a de alimenta\u00e7\u00e3o em homenagem a educadora e aluno que marcaram a cidade - Sudoesteacontece","robots":{"index":"index","follow":"follow","max-snippet":"max-snippet:-1","max-image-preview":"max-image-preview:large","max-video-preview":"max-video-preview:-1"},"canonical":"https:\/\/sudoesteacontece.com.br\/?p=5978","og_locale":"pt_BR","og_type":"article","og_title":"Brumado inaugura creche e pra\u00e7a de alimenta\u00e7\u00e3o em homenagem a educadora e aluno que marcaram a cidade - Sudoesteacontece","og_description":"Mem\u00f3ria e reconhecimento marcaram a inaugura\u00e7\u00e3o da Creche Municipal Professora Maria S\u00f4nia Pereira de Oliveira e da Pra\u00e7a de Alimenta\u00e7\u00e3o \u00cdcaro Gabriel da Silva, em Brumado. Mais do que novos equipamentos p\u00fablicos, os espa\u00e7os simbolizam a valoriza\u00e7\u00e3o de hist\u00f3rias que ajudaram a construir a educa\u00e7\u00e3o e a identidade da comunidade. Educadora homenageada, Maria S\u00f4nia Pereira de Oliveira teve trajet\u00f3ria ligada \u00e0 educa\u00e7\u00e3o p\u00fablica do munic\u00edpio. Filha da professora Dona Isabel, era formada em Hist\u00f3ria e Pedagogia e atuou como psicopedagoga, professora e gestora em diversas escolas da cidade ao longo da carreira. Primeira diretora da Escola Sheila Barreto, Maria S\u00f4nia deixou marcas de compromisso, sensibilidade e compet\u00eancia. Sua atua\u00e7\u00e3o foi pautada na defesa de uma educa\u00e7\u00e3o inclusiva, humana e de qualidade, com aten\u00e7\u00e3o \u00e0s diferen\u00e7as e ao potencial de cada crian\u00e7a atendida na rede municipal. Ao receber o nome da educadora, a creche se torna s\u00edmbolo de uma vida dedicada \u00e0 forma\u00e7\u00e3o humana. A homenagem reconhece o impacto do trabalho desenvolvido por Maria S\u00f4nia na transforma\u00e7\u00e3o de espa\u00e7os escolares e na constru\u00e7\u00e3o de oportunidades para gera\u00e7\u00f5es de estudantes. Criada junto ao equipamento educacional, a Pra\u00e7a de Alimenta\u00e7\u00e3o \u00cdcaro Gabriel da Silva tamb\u00e9m carrega forte significado. \u00cdcaro Gabriel Ribeiro foi um aluno cuja presen\u00e7a marcou a comunidade escolar pela alegria, espontaneidade e facilidade em criar la\u00e7os com colegas e educadores. Com o nome do menino, o espa\u00e7o passa a representar acolhimento, conviv\u00eancia e partilha. A homenagem mant\u00e9m viva a mem\u00f3ria de \u00cdcaro em um ambiente pensado para encontros e rela\u00e7\u00f5es, refor\u00e7ando que educar tamb\u00e9m \u00e9 cuidar e caminhar junto. Com as inaugura\u00e7\u00f5es, a Prefeitura de Brumado refor\u00e7a que a educa\u00e7\u00e3o infantil vai al\u00e9m da estrutura f\u00edsica. A proposta valoriza hist\u00f3rias, afetos e o compromisso com as pessoas que fazem parte da constru\u00e7\u00e3o coletiva do munic\u00edpio.","og_url":"https:\/\/sudoesteacontece.com.br\/?p=5978","og_site_name":"Sudoesteacontece","article_publisher":"https:\/\/www.facebook.com\/sudoesteacontece\/?locale=pt_BR","article_published_time":"2026-01-13T14:35:49+00:00","article_modified_time":"2026-01-13T14:35:51+00:00","og_image":[{"width":1000,"height":456,"url":"https:\/\/sudoesteacontece.com.br\/wp-content\/uploads\/2026\/01\/Brumado-inaugura-creche-e-praca-de-alimentacao-em-homenagem-a-educadora-e-aluno-que-marcaram-a-cidade-sudoeste-acontece.jpg","type":"image\/jpeg"}],"author":"Reda\u00e7\u00e3o","twitter_card":"summary_large_image","twitter_misc":{"Escrito por":"Reda\u00e7\u00e3o","Est. tempo de leitura":"3 minutos"},"schema":{"@context":"https:\/\/schema.org","@graph":[{"@type":"Article","@id":"https:\/\/sudoesteacontece.com.br\/?p=5978#article","isPartOf":{"@id":"https:\/\/sudoesteacontece.com.br\/?p=5978"},"author":{"name":"Reda\u00e7\u00e3o","@id":"https:\/\/sudoesteacontece.com.br\/#\/schema\/person\/a4f22429c1d0923ef8f7d43343f8dc38"},"headline":"Brumado inaugura creche e pra\u00e7a de alimenta\u00e7\u00e3o em homenagem a educadora e aluno que marcaram a cidade","datePublished":"2026-01-13T14:35:49+00:00","dateModified":"2026-01-13T14:35:51+00:00","mainEntityOfPage":{"@id":"https:\/\/sudoesteacontece.com.br\/?p=5978"},"wordCount":360,"commentCount":0,"publisher":{"@id":"https:\/\/sudoesteacontece.com.br\/#organization"},"image":{"@id":"https:\/\/sudoesteacontece.com.br\/?p=5978#primaryimage"},"thumbnailUrl":"https:\/\/sudoesteacontece.com.br\/wp-content\/uploads\/2026\/01\/Brumado-inaugura-creche-e-praca-de-alimentacao-em-homenagem-a-educadora-e-aluno-que-marcaram-a-cidade-sudoeste-acontece.jpg","articleSection":["Brumado","Educa\u00e7\u00e3o","Pol\u00edtica"],"inLanguage":"pt-BR","potentialAction":[{"@type":"CommentAction","name":"Comment","target":["https:\/\/sudoesteacontece.com.br\/?p=5978#respond"]}]},{"@type":"WebPage","@id":"https:\/\/sudoesteacontece.com.br\/?p=5978","url":"https:\/\/sudoesteacontece.com.br\/?p=5978","name":"Brumado inaugura creche e pra\u00e7a de alimenta\u00e7\u00e3o em homenagem a educadora e aluno que marcaram a cidade - Sudoesteacontece","isPartOf":{"@id":"https:\/\/sudoesteacontece.com.br\/#website"},"primaryImageOfPage":{"@id":"https:\/\/sudoesteacontece.com.br\/?p=5978#primaryimage"},"image":{"@id":"https:\/\/sudoesteacontece.com.br\/?p=5978#primaryimage"},"thumbnailUrl":"https:\/\/sudoesteacontece.com.br\/wp-content\/uploads\/2026\/01\/Brumado-inaugura-creche-e-praca-de-alimentacao-em-homenagem-a-educadora-e-aluno-que-marcaram-a-cidade-sudoeste-acontece.jpg","datePublished":"2026-01-13T14:35:49+00:00","dateModified":"2026-01-13T14:35:51+00:00","breadcrumb":{"@id":"https:\/\/sudoesteacontece.com.br\/?p=5978#breadcrumb"},"inLanguage":"pt-BR","potentialAction":[{"@type":"ReadAction","target":["https:\/\/sudoesteacontece.com.br\/?p=5978"]}]},{"@type":"ImageObject","inLanguage":"pt-BR","@id":"https:\/\/sudoesteacontece.com.br\/?p=5978#primaryimage","url":"https:\/\/sudoesteacontece.com.br\/wp-content\/uploads\/2026\/01\/Brumado-inaugura-creche-e-praca-de-alimentacao-em-homenagem-a-educadora-e-aluno-que-marcaram-a-cidade-sudoeste-acontece.jpg","contentUrl":"https:\/\/sudoesteacontece.com.br\/wp-content\/uploads\/2026\/01\/Brumado-inaugura-creche-e-praca-de-alimentacao-em-homenagem-a-educadora-e-aluno-que-marcaram-a-cidade-sudoeste-acontece.jpg","width":1000,"height":456},{"@type":"BreadcrumbList","@id":"https:\/\/sudoesteacontece.com.br\/?p=5978#breadcrumb","itemListElement":[{"@type":"ListItem","position":1,"name":"In\u00edcio","item":"https:\/\/sudoesteacontece.com.br\/"},{"@type":"ListItem","position":2,"name":"Brumado inaugura creche e pra\u00e7a de alimenta\u00e7\u00e3o em homenagem a educadora e aluno que marcaram a cidade"}]},{"@type":"WebSite","@id":"https:\/\/sudoesteacontece.com.br\/#website","url":"https:\/\/sudoesteacontece.com.br\/","name":"Sudoesteacontece","description":"","publisher":{"@id":"https:\/\/sudoesteacontece.com.br\/#organization"},"potentialAction":[{"@type":"SearchAction","target":{"@type":"EntryPoint","urlTemplate":"https:\/\/sudoesteacontece.com.br\/?s={search_term_string}"},"query-input":{"@type":"PropertyValueSpecification","valueRequired":true,"valueName":"search_term_string"}}],"inLanguage":"pt-BR"},{"@type":"Organization","@id":"https:\/\/sudoesteacontece.com.br\/#organization","name":"Sudoesteacontece","url":"https:\/\/sudoesteacontece.com.br\/","logo":{"@type":"ImageObject","inLanguage":"pt-BR","@id":"https:\/\/sudoesteacontece.com.br\/#\/schema\/logo\/image\/","url":"https:\/\/sudoesteacontece.com.br\/wp-content\/uploads\/2025\/12\/cropped-logo-2-180x180-1.png","contentUrl":"https:\/\/sudoesteacontece.com.br\/wp-content\/uploads\/2025\/12\/cropped-logo-2-180x180-1.png","width":180,"height":180,"caption":"Sudoesteacontece"},"image":{"@id":"https:\/\/sudoesteacontece.com.br\/#\/schema\/logo\/image\/"},"sameAs":["https:\/\/www.facebook.com\/sudoesteacontece\/?locale=pt_BR"]},{"@type":"Person","@id":"https:\/\/sudoesteacontece.com.br\/#\/schema\/person\/a4f22429c1d0923ef8f7d43343f8dc38","name":"Reda\u00e7\u00e3o","image":{"@type":"ImageObject","inLanguage":"pt-BR","@id":"https:\/\/sudoesteacontece.com.br\/#\/schema\/person\/image\/","url":"https:\/\/secure.gravatar.com\/avatar\/c3a5b3c93f268a709c25a2df414c629a96fb3b1b4bf97a94fb3f72e54ae76903?s=96&d=mm&r=g","contentUrl":"https:\/\/secure.gravatar.com\/avatar\/c3a5b3c93f268a709c25a2df414c629a96fb3b1b4bf97a94fb3f72e54ae76903?s=96&d=mm&r=g","caption":"Reda\u00e7\u00e3o"},"url":"https:\/\/sudoesteacontece.com.br\/?author=4"}]}},"_links":{"self":[{"href":"https:\/\/sudoesteacontece.com.br\/index.php?rest_route=\/wp\/v2\/posts\/5978","targetHints":{"allow":["GET"]}}],"collection":[{"href":"https:\/\/sudoesteacontece.com.br\/index.php?rest_route=\/wp\/v2\/posts"}],"about":[{"href":"https:\/\/sudoesteacontece.com.br\/index.php?rest_route=\/wp\/v2\/types\/post"}],"author":[{"embeddable":true,"href":"https:\/\/sudoesteacontece.com.br\/index.php?rest_route=\/wp\/v2\/users\/4"}],"replies":[{"embeddable":true,"href":"https:\/\/sudoesteacontece.com.br\/index.php?rest_route=%2Fwp%2Fv2%2Fcomments&post=5978"}],"version-history":[{"count":0,"href":"https:\/\/sudoesteacontece.com.br\/index.php?rest_route=\/wp\/v2\/posts\/5978\/revisions"}],"wp:featuredmedia":[{"embeddable":true,"href":"https:\/\/sudoesteacontece.com.br\/index.php?rest_route=\/wp\/v2\/media\/6013"}],"wp:attachment":[{"href":"https:\/\/sudoesteacontece.com.br\/index.php?rest_route=%2Fwp%2Fv2%2Fmedia&parent=5978"}],"wp:term":[{"taxonomy":"category","embeddable":true,"href":"https:\/\/sudoesteacontece.com.br\/index.php?rest_route=%2Fwp%2Fv2%2Fcategories&post=5978"},{"taxonomy":"post_tag","embeddable":true,"href":"https:\/\/sudoesteacontece.com.br\/index.php?rest_route=%2Fwp%2Fv2%2Ftags&post=5978"}],"curies":[{"name":"wp","href":"https:\/\/api.w.org\/{rel}","templated":true}]}}