{"id":5981,"date":"2026-01-13T11:43:42","date_gmt":"2026-01-13T14:43:42","guid":{"rendered":"https:\/\/sudoesteacontece.com.br\/?p=5981"},"modified":"2026-01-13T11:43:44","modified_gmt":"2026-01-13T14:43:44","slug":"cade-abre-inquerito-contra-meta-por-suspeita-de-abuso-de-poder-em-inteligencia-artificial","status":"publish","type":"post","link":"https:\/\/sudoesteacontece.com.br\/?p=5981","title":{"rendered":"Cade abre inqu\u00e9rito contra Meta por suspeita de abuso de poder em intelig\u00eancia artificial"},"content":{"rendered":"<div class=\"wp-block-image\">\n<figure class=\"aligncenter size-full\"><img fetchpriority=\"high\" decoding=\"async\" width=\"900\" height=\"600\" src=\"http:\/\/sudoesteacontece.com.br\/wp-content\/uploads\/2026\/01\/Cade-abre-inquerito-contra-Meta-por-suspeita-de-abuso-de-poder-em-inteligencia-artificial-sudoeste-acontece.jpg\" alt=\"\" class=\"wp-image-6017\" srcset=\"https:\/\/sudoesteacontece.com.br\/wp-content\/uploads\/2026\/01\/Cade-abre-inquerito-contra-Meta-por-suspeita-de-abuso-de-poder-em-inteligencia-artificial-sudoeste-acontece.jpg 900w, https:\/\/sudoesteacontece.com.br\/wp-content\/uploads\/2026\/01\/Cade-abre-inquerito-contra-Meta-por-suspeita-de-abuso-de-poder-em-inteligencia-artificial-sudoeste-acontece-300x200.jpg 300w, https:\/\/sudoesteacontece.com.br\/wp-content\/uploads\/2026\/01\/Cade-abre-inquerito-contra-Meta-por-suspeita-de-abuso-de-poder-em-inteligencia-artificial-sudoeste-acontece-768x512.jpg 768w\" sizes=\"(max-width: 900px) 100vw, 900px\" \/><\/figure>\n<\/div>\n\n\n<p>Autoridade antitruste abriu nesta segunda-feira (12) um inqu\u00e9rito administrativo contra a Meta, dona do WhatsApp e do Facebook. O Cade apura poss\u00edvel abuso de posi\u00e7\u00e3o dominante no mercado de intelig\u00eancia artificial, ap\u00f3s den\u00fancias de que a empresa teria mudado regras do aplicativo para dificultar a atua\u00e7\u00e3o de concorrentes no setor.<\/p>\n\n\n\n<p>Segundo den\u00fancias, as empresas Factor\u00eda Elcano e Brainlogic AI afirmam que a Meta alterou, em outubro de 2025, os termos do WhatsApp Business Solution. A mudan\u00e7a teria bloqueado o uso da plataforma por assistentes de IA rivais, enquanto manteve em funcionamento a Meta AI, ferramenta pr\u00f3pria da big tech.<\/p>\n\n\n\n<p>Na avalia\u00e7\u00e3o das representantes, a empresa explora o dom\u00ednio do WhatsApp no Brasil, presente em cerca de 99% dos smartphones, para fechar o mercado a concorrentes. A estrat\u00e9gia foi descrita ao Cade como \u201cembrace, extend and extinguish\u201d, pr\u00e1tica em que a plataforma incorpora parceiros e depois os exclui.<\/p>\n\n\n\n<p>Em resposta ao Cade, a Meta afirmou que a atualiza\u00e7\u00e3o contratual \u00e9 leg\u00edtima. A empresa sustenta que o WhatsApp Business foi criado para marketing e atendimento ao cliente, n\u00e3o para chatbots de IA de uso geral, que, segundo a companhia, estariam sobrecarregando a infraestrutura do servi\u00e7o.<\/p>\n\n\n\n<p>Al\u00e9m disso, a Meta alegou que desenvolvedores de IA utilizariam a rede sem contrapartida adequada e causariam instabilidades t\u00e9cnicas. A empresa afirmou ainda que esses servi\u00e7os possuem outros canais de distribui\u00e7\u00e3o, como aplicativos pr\u00f3prios e sites, sem depender exclusivamente do WhatsApp.<\/p>\n\n\n\n<p>Ao analisar o caso, a Superintend\u00eancia-Geral do Cade identificou ind\u00edcios de infra\u00e7\u00e3o \u00e0 ordem econ\u00f4mica. Para o \u00f3rg\u00e3o, a proibi\u00e7\u00e3o total de terceiros, combinada com a perman\u00eancia da Meta AI na plataforma, aparenta ser desproporcional e capaz de gerar fechamento de mercado.<\/p>\n\n\n\n<p>Diante disso, o Cade determinou, como medida preventiva, a suspens\u00e3o dos novos termos de uso do WhatsApp Business. As regras entrariam em vigor em 15 de janeiro de 2026, mas ficam bloqueadas at\u00e9 nova decis\u00e3o do \u00f3rg\u00e3o regulador.<\/p>\n\n\n\n<p>Caso descumpra, a Meta poder\u00e1 pagar multa di\u00e1ria de R$ 250 mil. A empresa tamb\u00e9m dever\u00e1 comunicar formalmente os provedores de IA sobre a suspens\u00e3o da proibi\u00e7\u00e3o em at\u00e9 cinco dias. O inqu\u00e9rito segue para fase de instru\u00e7\u00e3o e pode resultar em processo administrativo ou arquivamento.<\/p>\n","protected":false},"excerpt":{"rendered":"<p>Autoridade antitruste abriu nesta segunda-feira (12) um inqu\u00e9rito administrativo contra a Meta, dona do WhatsApp e do Facebook. O Cade apura poss\u00edvel abuso de posi\u00e7\u00e3o dominante no mercado de intelig\u00eancia artificial, ap\u00f3s den\u00fancias de que a empresa teria mudado regras do aplicativo para dificultar a atua\u00e7\u00e3o de concorrentes no setor. Segundo den\u00fancias, as empresas Factor\u00eda Elcano e Brainlogic AI afirmam que a Meta alterou, em outubro de 2025, os termos do WhatsApp Business Solution. A mudan\u00e7a teria bloqueado o uso da plataforma por assistentes de IA rivais, enquanto manteve em funcionamento a Meta AI, ferramenta pr\u00f3pria da big tech. Na avalia\u00e7\u00e3o das representantes, a empresa explora o dom\u00ednio do WhatsApp no Brasil, presente em cerca de 99% dos smartphones, para fechar o mercado a concorrentes. A estrat\u00e9gia foi descrita ao Cade como \u201cembrace, extend and extinguish\u201d, pr\u00e1tica em que a plataforma incorpora parceiros e depois os exclui. Em resposta ao Cade, a Meta afirmou que a atualiza\u00e7\u00e3o contratual \u00e9 leg\u00edtima. A empresa sustenta que o WhatsApp Business foi criado para marketing e atendimento ao cliente, n\u00e3o para chatbots de IA de uso geral, que, segundo a companhia, estariam sobrecarregando a infraestrutura do servi\u00e7o. Al\u00e9m disso, a Meta alegou que desenvolvedores de IA utilizariam a rede sem contrapartida adequada e causariam instabilidades t\u00e9cnicas. A empresa afirmou ainda que esses servi\u00e7os possuem outros canais de distribui\u00e7\u00e3o, como aplicativos pr\u00f3prios e sites, sem depender exclusivamente do WhatsApp. Ao analisar o caso, a Superintend\u00eancia-Geral do Cade identificou ind\u00edcios de infra\u00e7\u00e3o \u00e0 ordem econ\u00f4mica. Para o \u00f3rg\u00e3o, a proibi\u00e7\u00e3o total de terceiros, combinada com a perman\u00eancia da Meta AI na plataforma, aparenta ser desproporcional e capaz de gerar fechamento de mercado. Diante disso, o Cade determinou, como medida preventiva, a suspens\u00e3o dos novos termos de uso do WhatsApp Business. As regras entrariam em vigor em 15 de janeiro de 2026, mas ficam bloqueadas at\u00e9 nova decis\u00e3o do \u00f3rg\u00e3o regulador. Caso descumpra, a Meta poder\u00e1 pagar multa di\u00e1ria de R$ 250 mil. A empresa tamb\u00e9m dever\u00e1 comunicar formalmente os provedores de IA sobre a suspens\u00e3o da proibi\u00e7\u00e3o em at\u00e9 cinco dias. O inqu\u00e9rito segue para fase de instru\u00e7\u00e3o e pode resultar em processo administrativo ou arquivamento.<\/p>\n","protected":false},"author":4,"featured_media":6017,"comment_status":"open","ping_status":"open","sticky":false,"template":"","format":"standard","meta":{"footnotes":""},"categories":[53],"tags":[],"class_list":["post-5981","post","type-post","status-publish","format-standard","has-post-thumbnail","hentry","category-brasil"],"yoast_head":"<!-- This site is optimized with the Yoast SEO plugin v26.5 - https:\/\/yoast.com\/wordpress\/plugins\/seo\/ -->\n<title>Cade abre inqu\u00e9rito contra Meta por suspeita de abuso de poder em intelig\u00eancia artificial - Sudoesteacontece<\/title>\n<meta name=\"robots\" content=\"index, follow, max-snippet:-1, max-image-preview:large, max-video-preview:-1\" \/>\n<link rel=\"canonical\" href=\"https:\/\/sudoesteacontece.com.br\/?p=5981\" \/>\n<meta property=\"og:locale\" content=\"pt_BR\" \/>\n<meta property=\"og:type\" content=\"article\" \/>\n<meta property=\"og:title\" content=\"Cade abre inqu\u00e9rito contra Meta por suspeita de abuso de poder em intelig\u00eancia artificial - Sudoesteacontece\" \/>\n<meta property=\"og:description\" content=\"Autoridade antitruste abriu nesta segunda-feira (12) um inqu\u00e9rito administrativo contra a Meta, dona do WhatsApp e do Facebook. O Cade apura poss\u00edvel abuso de posi\u00e7\u00e3o dominante no mercado de intelig\u00eancia artificial, ap\u00f3s den\u00fancias de que a empresa teria mudado regras do aplicativo para dificultar a atua\u00e7\u00e3o de concorrentes no setor. Segundo den\u00fancias, as empresas Factor\u00eda Elcano e Brainlogic AI afirmam que a Meta alterou, em outubro de 2025, os termos do WhatsApp Business Solution. A mudan\u00e7a teria bloqueado o uso da plataforma por assistentes de IA rivais, enquanto manteve em funcionamento a Meta AI, ferramenta pr\u00f3pria da big tech. Na avalia\u00e7\u00e3o das representantes, a empresa explora o dom\u00ednio do WhatsApp no Brasil, presente em cerca de 99% dos smartphones, para fechar o mercado a concorrentes. A estrat\u00e9gia foi descrita ao Cade como \u201cembrace, extend and extinguish\u201d, pr\u00e1tica em que a plataforma incorpora parceiros e depois os exclui. Em resposta ao Cade, a Meta afirmou que a atualiza\u00e7\u00e3o contratual \u00e9 leg\u00edtima. A empresa sustenta que o WhatsApp Business foi criado para marketing e atendimento ao cliente, n\u00e3o para chatbots de IA de uso geral, que, segundo a companhia, estariam sobrecarregando a infraestrutura do servi\u00e7o. Al\u00e9m disso, a Meta alegou que desenvolvedores de IA utilizariam a rede sem contrapartida adequada e causariam instabilidades t\u00e9cnicas. A empresa afirmou ainda que esses servi\u00e7os possuem outros canais de distribui\u00e7\u00e3o, como aplicativos pr\u00f3prios e sites, sem depender exclusivamente do WhatsApp. Ao analisar o caso, a Superintend\u00eancia-Geral do Cade identificou ind\u00edcios de infra\u00e7\u00e3o \u00e0 ordem econ\u00f4mica. Para o \u00f3rg\u00e3o, a proibi\u00e7\u00e3o total de terceiros, combinada com a perman\u00eancia da Meta AI na plataforma, aparenta ser desproporcional e capaz de gerar fechamento de mercado. Diante disso, o Cade determinou, como medida preventiva, a suspens\u00e3o dos novos termos de uso do WhatsApp Business. As regras entrariam em vigor em 15 de janeiro de 2026, mas ficam bloqueadas at\u00e9 nova decis\u00e3o do \u00f3rg\u00e3o regulador. Caso descumpra, a Meta poder\u00e1 pagar multa di\u00e1ria de R$ 250 mil. A empresa tamb\u00e9m dever\u00e1 comunicar formalmente os provedores de IA sobre a suspens\u00e3o da proibi\u00e7\u00e3o em at\u00e9 cinco dias. O inqu\u00e9rito segue para fase de instru\u00e7\u00e3o e pode resultar em processo administrativo ou arquivamento.\" \/>\n<meta property=\"og:url\" content=\"https:\/\/sudoesteacontece.com.br\/?p=5981\" \/>\n<meta property=\"og:site_name\" content=\"Sudoesteacontece\" \/>\n<meta property=\"article:publisher\" content=\"https:\/\/www.facebook.com\/sudoesteacontece\/?locale=pt_BR\" \/>\n<meta property=\"article:published_time\" content=\"2026-01-13T14:43:42+00:00\" \/>\n<meta property=\"article:modified_time\" content=\"2026-01-13T14:43:44+00:00\" \/>\n<meta property=\"og:image\" content=\"https:\/\/sudoesteacontece.com.br\/wp-content\/uploads\/2026\/01\/Cade-abre-inquerito-contra-Meta-por-suspeita-de-abuso-de-poder-em-inteligencia-artificial-sudoeste-acontece.jpg\" \/>\n\t<meta property=\"og:image:width\" content=\"900\" \/>\n\t<meta property=\"og:image:height\" content=\"600\" \/>\n\t<meta property=\"og:image:type\" content=\"image\/jpeg\" \/>\n<meta name=\"author\" content=\"Reda\u00e7\u00e3o\" \/>\n<meta name=\"twitter:card\" content=\"summary_large_image\" \/>\n<meta name=\"twitter:label1\" content=\"Escrito por\" \/>\n\t<meta name=\"twitter:data1\" content=\"Reda\u00e7\u00e3o\" \/>\n\t<meta name=\"twitter:label2\" content=\"Est. tempo de leitura\" \/>\n\t<meta name=\"twitter:data2\" content=\"3 minutos\" \/>\n<script type=\"application\/ld+json\" class=\"yoast-schema-graph\">{\"@context\":\"https:\/\/schema.org\",\"@graph\":[{\"@type\":\"Article\",\"@id\":\"https:\/\/sudoesteacontece.com.br\/?p=5981#article\",\"isPartOf\":{\"@id\":\"https:\/\/sudoesteacontece.com.br\/?p=5981\"},\"author\":{\"name\":\"Reda\u00e7\u00e3o\",\"@id\":\"https:\/\/sudoesteacontece.com.br\/#\/schema\/person\/a4f22429c1d0923ef8f7d43343f8dc38\"},\"headline\":\"Cade abre inqu\u00e9rito contra Meta por suspeita de abuso de poder em intelig\u00eancia artificial\",\"datePublished\":\"2026-01-13T14:43:42+00:00\",\"dateModified\":\"2026-01-13T14:43:44+00:00\",\"mainEntityOfPage\":{\"@id\":\"https:\/\/sudoesteacontece.com.br\/?p=5981\"},\"wordCount\":408,\"commentCount\":0,\"publisher\":{\"@id\":\"https:\/\/sudoesteacontece.com.br\/#organization\"},\"image\":{\"@id\":\"https:\/\/sudoesteacontece.com.br\/?p=5981#primaryimage\"},\"thumbnailUrl\":\"https:\/\/sudoesteacontece.com.br\/wp-content\/uploads\/2026\/01\/Cade-abre-inquerito-contra-Meta-por-suspeita-de-abuso-de-poder-em-inteligencia-artificial-sudoeste-acontece.jpg\",\"articleSection\":[\"Brasil\"],\"inLanguage\":\"pt-BR\",\"potentialAction\":[{\"@type\":\"CommentAction\",\"name\":\"Comment\",\"target\":[\"https:\/\/sudoesteacontece.com.br\/?p=5981#respond\"]}]},{\"@type\":\"WebPage\",\"@id\":\"https:\/\/sudoesteacontece.com.br\/?p=5981\",\"url\":\"https:\/\/sudoesteacontece.com.br\/?p=5981\",\"name\":\"Cade abre inqu\u00e9rito contra Meta por suspeita de abuso de poder em intelig\u00eancia artificial - Sudoesteacontece\",\"isPartOf\":{\"@id\":\"https:\/\/sudoesteacontece.com.br\/#website\"},\"primaryImageOfPage\":{\"@id\":\"https:\/\/sudoesteacontece.com.br\/?p=5981#primaryimage\"},\"image\":{\"@id\":\"https:\/\/sudoesteacontece.com.br\/?p=5981#primaryimage\"},\"thumbnailUrl\":\"https:\/\/sudoesteacontece.com.br\/wp-content\/uploads\/2026\/01\/Cade-abre-inquerito-contra-Meta-por-suspeita-de-abuso-de-poder-em-inteligencia-artificial-sudoeste-acontece.jpg\",\"datePublished\":\"2026-01-13T14:43:42+00:00\",\"dateModified\":\"2026-01-13T14:43:44+00:00\",\"breadcrumb\":{\"@id\":\"https:\/\/sudoesteacontece.com.br\/?p=5981#breadcrumb\"},\"inLanguage\":\"pt-BR\",\"potentialAction\":[{\"@type\":\"ReadAction\",\"target\":[\"https:\/\/sudoesteacontece.com.br\/?p=5981\"]}]},{\"@type\":\"ImageObject\",\"inLanguage\":\"pt-BR\",\"@id\":\"https:\/\/sudoesteacontece.com.br\/?p=5981#primaryimage\",\"url\":\"https:\/\/sudoesteacontece.com.br\/wp-content\/uploads\/2026\/01\/Cade-abre-inquerito-contra-Meta-por-suspeita-de-abuso-de-poder-em-inteligencia-artificial-sudoeste-acontece.jpg\",\"contentUrl\":\"https:\/\/sudoesteacontece.com.br\/wp-content\/uploads\/2026\/01\/Cade-abre-inquerito-contra-Meta-por-suspeita-de-abuso-de-poder-em-inteligencia-artificial-sudoeste-acontece.jpg\",\"width\":900,\"height\":600},{\"@type\":\"BreadcrumbList\",\"@id\":\"https:\/\/sudoesteacontece.com.br\/?p=5981#breadcrumb\",\"itemListElement\":[{\"@type\":\"ListItem\",\"position\":1,\"name\":\"In\u00edcio\",\"item\":\"https:\/\/sudoesteacontece.com.br\/\"},{\"@type\":\"ListItem\",\"position\":2,\"name\":\"Cade abre inqu\u00e9rito contra Meta por suspeita de abuso de poder em intelig\u00eancia artificial\"}]},{\"@type\":\"WebSite\",\"@id\":\"https:\/\/sudoesteacontece.com.br\/#website\",\"url\":\"https:\/\/sudoesteacontece.com.br\/\",\"name\":\"Sudoesteacontece\",\"description\":\"\",\"publisher\":{\"@id\":\"https:\/\/sudoesteacontece.com.br\/#organization\"},\"potentialAction\":[{\"@type\":\"SearchAction\",\"target\":{\"@type\":\"EntryPoint\",\"urlTemplate\":\"https:\/\/sudoesteacontece.com.br\/?s={search_term_string}\"},\"query-input\":{\"@type\":\"PropertyValueSpecification\",\"valueRequired\":true,\"valueName\":\"search_term_string\"}}],\"inLanguage\":\"pt-BR\"},{\"@type\":\"Organization\",\"@id\":\"https:\/\/sudoesteacontece.com.br\/#organization\",\"name\":\"Sudoesteacontece\",\"url\":\"https:\/\/sudoesteacontece.com.br\/\",\"logo\":{\"@type\":\"ImageObject\",\"inLanguage\":\"pt-BR\",\"@id\":\"https:\/\/sudoesteacontece.com.br\/#\/schema\/logo\/image\/\",\"url\":\"https:\/\/sudoesteacontece.com.br\/wp-content\/uploads\/2025\/12\/cropped-logo-2-180x180-1.png\",\"contentUrl\":\"https:\/\/sudoesteacontece.com.br\/wp-content\/uploads\/2025\/12\/cropped-logo-2-180x180-1.png\",\"width\":180,\"height\":180,\"caption\":\"Sudoesteacontece\"},\"image\":{\"@id\":\"https:\/\/sudoesteacontece.com.br\/#\/schema\/logo\/image\/\"},\"sameAs\":[\"https:\/\/www.facebook.com\/sudoesteacontece\/?locale=pt_BR\"]},{\"@type\":\"Person\",\"@id\":\"https:\/\/sudoesteacontece.com.br\/#\/schema\/person\/a4f22429c1d0923ef8f7d43343f8dc38\",\"name\":\"Reda\u00e7\u00e3o\",\"image\":{\"@type\":\"ImageObject\",\"inLanguage\":\"pt-BR\",\"@id\":\"https:\/\/sudoesteacontece.com.br\/#\/schema\/person\/image\/\",\"url\":\"https:\/\/secure.gravatar.com\/avatar\/c3a5b3c93f268a709c25a2df414c629a96fb3b1b4bf97a94fb3f72e54ae76903?s=96&d=mm&r=g\",\"contentUrl\":\"https:\/\/secure.gravatar.com\/avatar\/c3a5b3c93f268a709c25a2df414c629a96fb3b1b4bf97a94fb3f72e54ae76903?s=96&d=mm&r=g\",\"caption\":\"Reda\u00e7\u00e3o\"},\"url\":\"https:\/\/sudoesteacontece.com.br\/?author=4\"}]}<\/script>\n<!-- \/ Yoast SEO plugin. -->","yoast_head_json":{"title":"Cade abre inqu\u00e9rito contra Meta por suspeita de abuso de poder em intelig\u00eancia artificial - Sudoesteacontece","robots":{"index":"index","follow":"follow","max-snippet":"max-snippet:-1","max-image-preview":"max-image-preview:large","max-video-preview":"max-video-preview:-1"},"canonical":"https:\/\/sudoesteacontece.com.br\/?p=5981","og_locale":"pt_BR","og_type":"article","og_title":"Cade abre inqu\u00e9rito contra Meta por suspeita de abuso de poder em intelig\u00eancia artificial - Sudoesteacontece","og_description":"Autoridade antitruste abriu nesta segunda-feira (12) um inqu\u00e9rito administrativo contra a Meta, dona do WhatsApp e do Facebook. O Cade apura poss\u00edvel abuso de posi\u00e7\u00e3o dominante no mercado de intelig\u00eancia artificial, ap\u00f3s den\u00fancias de que a empresa teria mudado regras do aplicativo para dificultar a atua\u00e7\u00e3o de concorrentes no setor. Segundo den\u00fancias, as empresas Factor\u00eda Elcano e Brainlogic AI afirmam que a Meta alterou, em outubro de 2025, os termos do WhatsApp Business Solution. A mudan\u00e7a teria bloqueado o uso da plataforma por assistentes de IA rivais, enquanto manteve em funcionamento a Meta AI, ferramenta pr\u00f3pria da big tech. Na avalia\u00e7\u00e3o das representantes, a empresa explora o dom\u00ednio do WhatsApp no Brasil, presente em cerca de 99% dos smartphones, para fechar o mercado a concorrentes. A estrat\u00e9gia foi descrita ao Cade como \u201cembrace, extend and extinguish\u201d, pr\u00e1tica em que a plataforma incorpora parceiros e depois os exclui. Em resposta ao Cade, a Meta afirmou que a atualiza\u00e7\u00e3o contratual \u00e9 leg\u00edtima. A empresa sustenta que o WhatsApp Business foi criado para marketing e atendimento ao cliente, n\u00e3o para chatbots de IA de uso geral, que, segundo a companhia, estariam sobrecarregando a infraestrutura do servi\u00e7o. Al\u00e9m disso, a Meta alegou que desenvolvedores de IA utilizariam a rede sem contrapartida adequada e causariam instabilidades t\u00e9cnicas. A empresa afirmou ainda que esses servi\u00e7os possuem outros canais de distribui\u00e7\u00e3o, como aplicativos pr\u00f3prios e sites, sem depender exclusivamente do WhatsApp. Ao analisar o caso, a Superintend\u00eancia-Geral do Cade identificou ind\u00edcios de infra\u00e7\u00e3o \u00e0 ordem econ\u00f4mica. Para o \u00f3rg\u00e3o, a proibi\u00e7\u00e3o total de terceiros, combinada com a perman\u00eancia da Meta AI na plataforma, aparenta ser desproporcional e capaz de gerar fechamento de mercado. Diante disso, o Cade determinou, como medida preventiva, a suspens\u00e3o dos novos termos de uso do WhatsApp Business. As regras entrariam em vigor em 15 de janeiro de 2026, mas ficam bloqueadas at\u00e9 nova decis\u00e3o do \u00f3rg\u00e3o regulador. Caso descumpra, a Meta poder\u00e1 pagar multa di\u00e1ria de R$ 250 mil. A empresa tamb\u00e9m dever\u00e1 comunicar formalmente os provedores de IA sobre a suspens\u00e3o da proibi\u00e7\u00e3o em at\u00e9 cinco dias. O inqu\u00e9rito segue para fase de instru\u00e7\u00e3o e pode resultar em processo administrativo ou arquivamento.","og_url":"https:\/\/sudoesteacontece.com.br\/?p=5981","og_site_name":"Sudoesteacontece","article_publisher":"https:\/\/www.facebook.com\/sudoesteacontece\/?locale=pt_BR","article_published_time":"2026-01-13T14:43:42+00:00","article_modified_time":"2026-01-13T14:43:44+00:00","og_image":[{"width":900,"height":600,"url":"https:\/\/sudoesteacontece.com.br\/wp-content\/uploads\/2026\/01\/Cade-abre-inquerito-contra-Meta-por-suspeita-de-abuso-de-poder-em-inteligencia-artificial-sudoeste-acontece.jpg","type":"image\/jpeg"}],"author":"Reda\u00e7\u00e3o","twitter_card":"summary_large_image","twitter_misc":{"Escrito por":"Reda\u00e7\u00e3o","Est. tempo de leitura":"3 minutos"},"schema":{"@context":"https:\/\/schema.org","@graph":[{"@type":"Article","@id":"https:\/\/sudoesteacontece.com.br\/?p=5981#article","isPartOf":{"@id":"https:\/\/sudoesteacontece.com.br\/?p=5981"},"author":{"name":"Reda\u00e7\u00e3o","@id":"https:\/\/sudoesteacontece.com.br\/#\/schema\/person\/a4f22429c1d0923ef8f7d43343f8dc38"},"headline":"Cade abre inqu\u00e9rito contra Meta por suspeita de abuso de poder em intelig\u00eancia artificial","datePublished":"2026-01-13T14:43:42+00:00","dateModified":"2026-01-13T14:43:44+00:00","mainEntityOfPage":{"@id":"https:\/\/sudoesteacontece.com.br\/?p=5981"},"wordCount":408,"commentCount":0,"publisher":{"@id":"https:\/\/sudoesteacontece.com.br\/#organization"},"image":{"@id":"https:\/\/sudoesteacontece.com.br\/?p=5981#primaryimage"},"thumbnailUrl":"https:\/\/sudoesteacontece.com.br\/wp-content\/uploads\/2026\/01\/Cade-abre-inquerito-contra-Meta-por-suspeita-de-abuso-de-poder-em-inteligencia-artificial-sudoeste-acontece.jpg","articleSection":["Brasil"],"inLanguage":"pt-BR","potentialAction":[{"@type":"CommentAction","name":"Comment","target":["https:\/\/sudoesteacontece.com.br\/?p=5981#respond"]}]},{"@type":"WebPage","@id":"https:\/\/sudoesteacontece.com.br\/?p=5981","url":"https:\/\/sudoesteacontece.com.br\/?p=5981","name":"Cade abre inqu\u00e9rito contra Meta por suspeita de abuso de poder em intelig\u00eancia artificial - Sudoesteacontece","isPartOf":{"@id":"https:\/\/sudoesteacontece.com.br\/#website"},"primaryImageOfPage":{"@id":"https:\/\/sudoesteacontece.com.br\/?p=5981#primaryimage"},"image":{"@id":"https:\/\/sudoesteacontece.com.br\/?p=5981#primaryimage"},"thumbnailUrl":"https:\/\/sudoesteacontece.com.br\/wp-content\/uploads\/2026\/01\/Cade-abre-inquerito-contra-Meta-por-suspeita-de-abuso-de-poder-em-inteligencia-artificial-sudoeste-acontece.jpg","datePublished":"2026-01-13T14:43:42+00:00","dateModified":"2026-01-13T14:43:44+00:00","breadcrumb":{"@id":"https:\/\/sudoesteacontece.com.br\/?p=5981#breadcrumb"},"inLanguage":"pt-BR","potentialAction":[{"@type":"ReadAction","target":["https:\/\/sudoesteacontece.com.br\/?p=5981"]}]},{"@type":"ImageObject","inLanguage":"pt-BR","@id":"https:\/\/sudoesteacontece.com.br\/?p=5981#primaryimage","url":"https:\/\/sudoesteacontece.com.br\/wp-content\/uploads\/2026\/01\/Cade-abre-inquerito-contra-Meta-por-suspeita-de-abuso-de-poder-em-inteligencia-artificial-sudoeste-acontece.jpg","contentUrl":"https:\/\/sudoesteacontece.com.br\/wp-content\/uploads\/2026\/01\/Cade-abre-inquerito-contra-Meta-por-suspeita-de-abuso-de-poder-em-inteligencia-artificial-sudoeste-acontece.jpg","width":900,"height":600},{"@type":"BreadcrumbList","@id":"https:\/\/sudoesteacontece.com.br\/?p=5981#breadcrumb","itemListElement":[{"@type":"ListItem","position":1,"name":"In\u00edcio","item":"https:\/\/sudoesteacontece.com.br\/"},{"@type":"ListItem","position":2,"name":"Cade abre inqu\u00e9rito contra Meta por suspeita de abuso de poder em intelig\u00eancia artificial"}]},{"@type":"WebSite","@id":"https:\/\/sudoesteacontece.com.br\/#website","url":"https:\/\/sudoesteacontece.com.br\/","name":"Sudoesteacontece","description":"","publisher":{"@id":"https:\/\/sudoesteacontece.com.br\/#organization"},"potentialAction":[{"@type":"SearchAction","target":{"@type":"EntryPoint","urlTemplate":"https:\/\/sudoesteacontece.com.br\/?s={search_term_string}"},"query-input":{"@type":"PropertyValueSpecification","valueRequired":true,"valueName":"search_term_string"}}],"inLanguage":"pt-BR"},{"@type":"Organization","@id":"https:\/\/sudoesteacontece.com.br\/#organization","name":"Sudoesteacontece","url":"https:\/\/sudoesteacontece.com.br\/","logo":{"@type":"ImageObject","inLanguage":"pt-BR","@id":"https:\/\/sudoesteacontece.com.br\/#\/schema\/logo\/image\/","url":"https:\/\/sudoesteacontece.com.br\/wp-content\/uploads\/2025\/12\/cropped-logo-2-180x180-1.png","contentUrl":"https:\/\/sudoesteacontece.com.br\/wp-content\/uploads\/2025\/12\/cropped-logo-2-180x180-1.png","width":180,"height":180,"caption":"Sudoesteacontece"},"image":{"@id":"https:\/\/sudoesteacontece.com.br\/#\/schema\/logo\/image\/"},"sameAs":["https:\/\/www.facebook.com\/sudoesteacontece\/?locale=pt_BR"]},{"@type":"Person","@id":"https:\/\/sudoesteacontece.com.br\/#\/schema\/person\/a4f22429c1d0923ef8f7d43343f8dc38","name":"Reda\u00e7\u00e3o","image":{"@type":"ImageObject","inLanguage":"pt-BR","@id":"https:\/\/sudoesteacontece.com.br\/#\/schema\/person\/image\/","url":"https:\/\/secure.gravatar.com\/avatar\/c3a5b3c93f268a709c25a2df414c629a96fb3b1b4bf97a94fb3f72e54ae76903?s=96&d=mm&r=g","contentUrl":"https:\/\/secure.gravatar.com\/avatar\/c3a5b3c93f268a709c25a2df414c629a96fb3b1b4bf97a94fb3f72e54ae76903?s=96&d=mm&r=g","caption":"Reda\u00e7\u00e3o"},"url":"https:\/\/sudoesteacontece.com.br\/?author=4"}]}},"_links":{"self":[{"href":"https:\/\/sudoesteacontece.com.br\/index.php?rest_route=\/wp\/v2\/posts\/5981","targetHints":{"allow":["GET"]}}],"collection":[{"href":"https:\/\/sudoesteacontece.com.br\/index.php?rest_route=\/wp\/v2\/posts"}],"about":[{"href":"https:\/\/sudoesteacontece.com.br\/index.php?rest_route=\/wp\/v2\/types\/post"}],"author":[{"embeddable":true,"href":"https:\/\/sudoesteacontece.com.br\/index.php?rest_route=\/wp\/v2\/users\/4"}],"replies":[{"embeddable":true,"href":"https:\/\/sudoesteacontece.com.br\/index.php?rest_route=%2Fwp%2Fv2%2Fcomments&post=5981"}],"version-history":[{"count":0,"href":"https:\/\/sudoesteacontece.com.br\/index.php?rest_route=\/wp\/v2\/posts\/5981\/revisions"}],"wp:featuredmedia":[{"embeddable":true,"href":"https:\/\/sudoesteacontece.com.br\/index.php?rest_route=\/wp\/v2\/media\/6017"}],"wp:attachment":[{"href":"https:\/\/sudoesteacontece.com.br\/index.php?rest_route=%2Fwp%2Fv2%2Fmedia&parent=5981"}],"wp:term":[{"taxonomy":"category","embeddable":true,"href":"https:\/\/sudoesteacontece.com.br\/index.php?rest_route=%2Fwp%2Fv2%2Fcategories&post=5981"},{"taxonomy":"post_tag","embeddable":true,"href":"https:\/\/sudoesteacontece.com.br\/index.php?rest_route=%2Fwp%2Fv2%2Ftags&post=5981"}],"curies":[{"name":"wp","href":"https:\/\/api.w.org\/{rel}","templated":true}]}}