{"id":5986,"date":"2026-01-13T16:27:37","date_gmt":"2026-01-13T19:27:37","guid":{"rendered":"https:\/\/sudoesteacontece.com.br\/?p=5986"},"modified":"2026-01-13T16:27:39","modified_gmt":"2026-01-13T19:27:39","slug":"superproducao-derruba-preco-do-ovo-no-sertao-produtivo-e-acende-alerta-entre-produtores","status":"publish","type":"post","link":"https:\/\/sudoesteacontece.com.br\/?p=5986","title":{"rendered":"Superprodu\u00e7\u00e3o derruba pre\u00e7o do ovo no Sert\u00e3o Produtivo e acende alerta entre produtores"},"content":{"rendered":"<div class=\"wp-block-image\">\n<figure class=\"aligncenter size-full\"><img fetchpriority=\"high\" decoding=\"async\" width=\"900\" height=\"600\" src=\"http:\/\/sudoesteacontece.com.br\/wp-content\/uploads\/2026\/01\/Superproducao-derruba-preco-do-ovo-no-Sertao-Produtivo-e-acende-alerta-entre-produtores-sudoeste-acontece.jpg\" alt=\"\" class=\"wp-image-6044\" srcset=\"https:\/\/sudoesteacontece.com.br\/wp-content\/uploads\/2026\/01\/Superproducao-derruba-preco-do-ovo-no-Sertao-Produtivo-e-acende-alerta-entre-produtores-sudoeste-acontece.jpg 900w, https:\/\/sudoesteacontece.com.br\/wp-content\/uploads\/2026\/01\/Superproducao-derruba-preco-do-ovo-no-Sertao-Produtivo-e-acende-alerta-entre-produtores-sudoeste-acontece-300x200.jpg 300w, https:\/\/sudoesteacontece.com.br\/wp-content\/uploads\/2026\/01\/Superproducao-derruba-preco-do-ovo-no-Sertao-Produtivo-e-acende-alerta-entre-produtores-sudoeste-acontece-768x512.jpg 768w\" sizes=\"(max-width: 900px) 100vw, 900px\" \/><\/figure>\n<\/div>\n\n\n<p>Excesso de oferta provocou uma queda acentuada no pre\u00e7o do ovo no Sert\u00e3o Produtivo da Bahia desde o fim de 2025. A superprodu\u00e7\u00e3o do alimento desequilibrou a rela\u00e7\u00e3o entre oferta e procura, reduziu margens de lucro e colocou produtores da regi\u00e3o em estado de alerta diante da dificuldade de escoar a produ\u00e7\u00e3o.<\/p>\n\n\n\n<p>Produtores locais afirmam que o mercado entrou em crise ap\u00f3s um movimento de expans\u00e3o acelerada. Jovino Neto, criador de galinhas de postura no distrito de Mutans, em Guanambi, explica que o aumento da produ\u00e7\u00e3o n\u00e3o foi acompanhado pelo consumo. Segundo ele, o pre\u00e7o despencou e a oferta hoje supera, com folga, a capacidade de absor\u00e7\u00e3o do mercado.<\/p>\n\n\n\n<p>Esse cen\u00e1rio come\u00e7ou a se formar ap\u00f3s a forte alta registrada em maio de 2025. Naquele per\u00edodo, o valor do ovo subiu de forma significativa e atraiu novos investidores para a atividade. A entrada simult\u00e2nea de muitos produtores acabou saturando o mercado regional poucos meses depois.<\/p>\n\n\n\n<p>Atualmente, a diferen\u00e7a no bolso do consumidor \u00e9 evidente. Uma cartela com 30 ovos brancos pode ser encontrada por cerca de R$ 10, uma queda de at\u00e9 R$ 7 em compara\u00e7\u00e3o aos valores praticados no auge da alta. Para quem vive da atividade, por\u00e9m, o pre\u00e7o j\u00e1 n\u00e3o cobre custos em alguns casos.<\/p>\n\n\n\n<p>Enquanto isso, o ovo caipira sofre menos os efeitos da crise. Com p\u00fablico mais espec\u00edfico e produ\u00e7\u00e3o menor, o produto mant\u00e9m pre\u00e7os mais est\u00e1veis e n\u00e3o enfrenta o mesmo n\u00edvel de desvaloriza\u00e7\u00e3o observado no ovo branco industrial.<\/p>\n\n\n\n<p>Apesar das perdas, produtores acreditam em recupera\u00e7\u00e3o gradual. A expectativa do setor \u00e9 que entre mar\u00e7o e abril o mercado volte a se equilibrar, com ajuste natural da oferta e retomada dos pre\u00e7os a patamares considerados sustent\u00e1veis para a atividade.<\/p>\n","protected":false},"excerpt":{"rendered":"<p>Excesso de oferta provocou uma queda acentuada no pre\u00e7o do ovo no Sert\u00e3o Produtivo da Bahia desde o fim de 2025. A superprodu\u00e7\u00e3o do alimento desequilibrou a rela\u00e7\u00e3o entre oferta e procura, reduziu margens de lucro e colocou produtores da regi\u00e3o em estado de alerta diante da dificuldade de escoar a produ\u00e7\u00e3o. Produtores locais afirmam que o mercado entrou em crise ap\u00f3s um movimento de expans\u00e3o acelerada. Jovino Neto, criador de galinhas de postura no distrito de Mutans, em Guanambi, explica que o aumento da produ\u00e7\u00e3o n\u00e3o foi acompanhado pelo consumo. Segundo ele, o pre\u00e7o despencou e a oferta hoje supera, com folga, a capacidade de absor\u00e7\u00e3o do mercado. Esse cen\u00e1rio come\u00e7ou a se formar ap\u00f3s a forte alta registrada em maio de 2025. Naquele per\u00edodo, o valor do ovo subiu de forma significativa e atraiu novos investidores para a atividade. A entrada simult\u00e2nea de muitos produtores acabou saturando o mercado regional poucos meses depois. Atualmente, a diferen\u00e7a no bolso do consumidor \u00e9 evidente. Uma cartela com 30 ovos brancos pode ser encontrada por cerca de R$ 10, uma queda de at\u00e9 R$ 7 em compara\u00e7\u00e3o aos valores praticados no auge da alta. Para quem vive da atividade, por\u00e9m, o pre\u00e7o j\u00e1 n\u00e3o cobre custos em alguns casos. Enquanto isso, o ovo caipira sofre menos os efeitos da crise. Com p\u00fablico mais espec\u00edfico e produ\u00e7\u00e3o menor, o produto mant\u00e9m pre\u00e7os mais est\u00e1veis e n\u00e3o enfrenta o mesmo n\u00edvel de desvaloriza\u00e7\u00e3o observado no ovo branco industrial. Apesar das perdas, produtores acreditam em recupera\u00e7\u00e3o gradual. A expectativa do setor \u00e9 que entre mar\u00e7o e abril o mercado volte a se equilibrar, com ajuste natural da oferta e retomada dos pre\u00e7os a patamares considerados sustent\u00e1veis para a atividade.<\/p>\n","protected":false},"author":4,"featured_media":6044,"comment_status":"open","ping_status":"open","sticky":false,"template":"","format":"standard","meta":{"footnotes":""},"categories":[4,59],"tags":[],"class_list":["post-5986","post","type-post","status-publish","format-standard","has-post-thumbnail","hentry","category-cidades","category-economia"],"yoast_head":"<!-- This site is optimized with the Yoast SEO plugin v26.5 - https:\/\/yoast.com\/wordpress\/plugins\/seo\/ -->\n<title>Superprodu\u00e7\u00e3o derruba pre\u00e7o do ovo no Sert\u00e3o Produtivo e acende alerta entre produtores - Sudoesteacontece<\/title>\n<meta name=\"robots\" content=\"index, follow, max-snippet:-1, max-image-preview:large, max-video-preview:-1\" \/>\n<link rel=\"canonical\" href=\"https:\/\/sudoesteacontece.com.br\/?p=5986\" \/>\n<meta property=\"og:locale\" content=\"pt_BR\" \/>\n<meta property=\"og:type\" content=\"article\" \/>\n<meta property=\"og:title\" content=\"Superprodu\u00e7\u00e3o derruba pre\u00e7o do ovo no Sert\u00e3o Produtivo e acende alerta entre produtores - Sudoesteacontece\" \/>\n<meta property=\"og:description\" content=\"Excesso de oferta provocou uma queda acentuada no pre\u00e7o do ovo no Sert\u00e3o Produtivo da Bahia desde o fim de 2025. A superprodu\u00e7\u00e3o do alimento desequilibrou a rela\u00e7\u00e3o entre oferta e procura, reduziu margens de lucro e colocou produtores da regi\u00e3o em estado de alerta diante da dificuldade de escoar a produ\u00e7\u00e3o. Produtores locais afirmam que o mercado entrou em crise ap\u00f3s um movimento de expans\u00e3o acelerada. Jovino Neto, criador de galinhas de postura no distrito de Mutans, em Guanambi, explica que o aumento da produ\u00e7\u00e3o n\u00e3o foi acompanhado pelo consumo. Segundo ele, o pre\u00e7o despencou e a oferta hoje supera, com folga, a capacidade de absor\u00e7\u00e3o do mercado. Esse cen\u00e1rio come\u00e7ou a se formar ap\u00f3s a forte alta registrada em maio de 2025. Naquele per\u00edodo, o valor do ovo subiu de forma significativa e atraiu novos investidores para a atividade. A entrada simult\u00e2nea de muitos produtores acabou saturando o mercado regional poucos meses depois. Atualmente, a diferen\u00e7a no bolso do consumidor \u00e9 evidente. Uma cartela com 30 ovos brancos pode ser encontrada por cerca de R$ 10, uma queda de at\u00e9 R$ 7 em compara\u00e7\u00e3o aos valores praticados no auge da alta. Para quem vive da atividade, por\u00e9m, o pre\u00e7o j\u00e1 n\u00e3o cobre custos em alguns casos. Enquanto isso, o ovo caipira sofre menos os efeitos da crise. Com p\u00fablico mais espec\u00edfico e produ\u00e7\u00e3o menor, o produto mant\u00e9m pre\u00e7os mais est\u00e1veis e n\u00e3o enfrenta o mesmo n\u00edvel de desvaloriza\u00e7\u00e3o observado no ovo branco industrial. Apesar das perdas, produtores acreditam em recupera\u00e7\u00e3o gradual. A expectativa do setor \u00e9 que entre mar\u00e7o e abril o mercado volte a se equilibrar, com ajuste natural da oferta e retomada dos pre\u00e7os a patamares considerados sustent\u00e1veis para a atividade.\" \/>\n<meta property=\"og:url\" content=\"https:\/\/sudoesteacontece.com.br\/?p=5986\" \/>\n<meta property=\"og:site_name\" content=\"Sudoesteacontece\" \/>\n<meta property=\"article:publisher\" content=\"https:\/\/www.facebook.com\/sudoesteacontece\/?locale=pt_BR\" \/>\n<meta property=\"article:published_time\" content=\"2026-01-13T19:27:37+00:00\" \/>\n<meta property=\"article:modified_time\" content=\"2026-01-13T19:27:39+00:00\" \/>\n<meta property=\"og:image\" content=\"https:\/\/sudoesteacontece.com.br\/wp-content\/uploads\/2026\/01\/Superproducao-derruba-preco-do-ovo-no-Sertao-Produtivo-e-acende-alerta-entre-produtores-sudoeste-acontece.jpg\" \/>\n\t<meta property=\"og:image:width\" content=\"900\" \/>\n\t<meta property=\"og:image:height\" content=\"600\" \/>\n\t<meta property=\"og:image:type\" content=\"image\/jpeg\" \/>\n<meta name=\"author\" content=\"Reda\u00e7\u00e3o\" \/>\n<meta name=\"twitter:card\" content=\"summary_large_image\" \/>\n<meta name=\"twitter:label1\" content=\"Escrito por\" \/>\n\t<meta name=\"twitter:data1\" content=\"Reda\u00e7\u00e3o\" \/>\n\t<meta name=\"twitter:label2\" content=\"Est. tempo de leitura\" \/>\n\t<meta name=\"twitter:data2\" content=\"2 minutos\" \/>\n<script type=\"application\/ld+json\" class=\"yoast-schema-graph\">{\"@context\":\"https:\/\/schema.org\",\"@graph\":[{\"@type\":\"Article\",\"@id\":\"https:\/\/sudoesteacontece.com.br\/?p=5986#article\",\"isPartOf\":{\"@id\":\"https:\/\/sudoesteacontece.com.br\/?p=5986\"},\"author\":{\"name\":\"Reda\u00e7\u00e3o\",\"@id\":\"https:\/\/sudoesteacontece.com.br\/#\/schema\/person\/a4f22429c1d0923ef8f7d43343f8dc38\"},\"headline\":\"Superprodu\u00e7\u00e3o derruba pre\u00e7o do ovo no Sert\u00e3o Produtivo e acende alerta entre produtores\",\"datePublished\":\"2026-01-13T19:27:37+00:00\",\"dateModified\":\"2026-01-13T19:27:39+00:00\",\"mainEntityOfPage\":{\"@id\":\"https:\/\/sudoesteacontece.com.br\/?p=5986\"},\"wordCount\":329,\"commentCount\":0,\"publisher\":{\"@id\":\"https:\/\/sudoesteacontece.com.br\/#organization\"},\"image\":{\"@id\":\"https:\/\/sudoesteacontece.com.br\/?p=5986#primaryimage\"},\"thumbnailUrl\":\"https:\/\/sudoesteacontece.com.br\/wp-content\/uploads\/2026\/01\/Superproducao-derruba-preco-do-ovo-no-Sertao-Produtivo-e-acende-alerta-entre-produtores-sudoeste-acontece.jpg\",\"articleSection\":[\"Cidades\",\"Economia\"],\"inLanguage\":\"pt-BR\",\"potentialAction\":[{\"@type\":\"CommentAction\",\"name\":\"Comment\",\"target\":[\"https:\/\/sudoesteacontece.com.br\/?p=5986#respond\"]}]},{\"@type\":\"WebPage\",\"@id\":\"https:\/\/sudoesteacontece.com.br\/?p=5986\",\"url\":\"https:\/\/sudoesteacontece.com.br\/?p=5986\",\"name\":\"Superprodu\u00e7\u00e3o derruba pre\u00e7o do ovo no Sert\u00e3o Produtivo e acende alerta entre produtores - Sudoesteacontece\",\"isPartOf\":{\"@id\":\"https:\/\/sudoesteacontece.com.br\/#website\"},\"primaryImageOfPage\":{\"@id\":\"https:\/\/sudoesteacontece.com.br\/?p=5986#primaryimage\"},\"image\":{\"@id\":\"https:\/\/sudoesteacontece.com.br\/?p=5986#primaryimage\"},\"thumbnailUrl\":\"https:\/\/sudoesteacontece.com.br\/wp-content\/uploads\/2026\/01\/Superproducao-derruba-preco-do-ovo-no-Sertao-Produtivo-e-acende-alerta-entre-produtores-sudoeste-acontece.jpg\",\"datePublished\":\"2026-01-13T19:27:37+00:00\",\"dateModified\":\"2026-01-13T19:27:39+00:00\",\"breadcrumb\":{\"@id\":\"https:\/\/sudoesteacontece.com.br\/?p=5986#breadcrumb\"},\"inLanguage\":\"pt-BR\",\"potentialAction\":[{\"@type\":\"ReadAction\",\"target\":[\"https:\/\/sudoesteacontece.com.br\/?p=5986\"]}]},{\"@type\":\"ImageObject\",\"inLanguage\":\"pt-BR\",\"@id\":\"https:\/\/sudoesteacontece.com.br\/?p=5986#primaryimage\",\"url\":\"https:\/\/sudoesteacontece.com.br\/wp-content\/uploads\/2026\/01\/Superproducao-derruba-preco-do-ovo-no-Sertao-Produtivo-e-acende-alerta-entre-produtores-sudoeste-acontece.jpg\",\"contentUrl\":\"https:\/\/sudoesteacontece.com.br\/wp-content\/uploads\/2026\/01\/Superproducao-derruba-preco-do-ovo-no-Sertao-Produtivo-e-acende-alerta-entre-produtores-sudoeste-acontece.jpg\",\"width\":900,\"height\":600},{\"@type\":\"BreadcrumbList\",\"@id\":\"https:\/\/sudoesteacontece.com.br\/?p=5986#breadcrumb\",\"itemListElement\":[{\"@type\":\"ListItem\",\"position\":1,\"name\":\"In\u00edcio\",\"item\":\"https:\/\/sudoesteacontece.com.br\/\"},{\"@type\":\"ListItem\",\"position\":2,\"name\":\"Superprodu\u00e7\u00e3o derruba pre\u00e7o do ovo no Sert\u00e3o Produtivo e acende alerta entre produtores\"}]},{\"@type\":\"WebSite\",\"@id\":\"https:\/\/sudoesteacontece.com.br\/#website\",\"url\":\"https:\/\/sudoesteacontece.com.br\/\",\"name\":\"Sudoesteacontece\",\"description\":\"\",\"publisher\":{\"@id\":\"https:\/\/sudoesteacontece.com.br\/#organization\"},\"potentialAction\":[{\"@type\":\"SearchAction\",\"target\":{\"@type\":\"EntryPoint\",\"urlTemplate\":\"https:\/\/sudoesteacontece.com.br\/?s={search_term_string}\"},\"query-input\":{\"@type\":\"PropertyValueSpecification\",\"valueRequired\":true,\"valueName\":\"search_term_string\"}}],\"inLanguage\":\"pt-BR\"},{\"@type\":\"Organization\",\"@id\":\"https:\/\/sudoesteacontece.com.br\/#organization\",\"name\":\"Sudoesteacontece\",\"url\":\"https:\/\/sudoesteacontece.com.br\/\",\"logo\":{\"@type\":\"ImageObject\",\"inLanguage\":\"pt-BR\",\"@id\":\"https:\/\/sudoesteacontece.com.br\/#\/schema\/logo\/image\/\",\"url\":\"https:\/\/sudoesteacontece.com.br\/wp-content\/uploads\/2025\/12\/cropped-logo-2-180x180-1.png\",\"contentUrl\":\"https:\/\/sudoesteacontece.com.br\/wp-content\/uploads\/2025\/12\/cropped-logo-2-180x180-1.png\",\"width\":180,\"height\":180,\"caption\":\"Sudoesteacontece\"},\"image\":{\"@id\":\"https:\/\/sudoesteacontece.com.br\/#\/schema\/logo\/image\/\"},\"sameAs\":[\"https:\/\/www.facebook.com\/sudoesteacontece\/?locale=pt_BR\"]},{\"@type\":\"Person\",\"@id\":\"https:\/\/sudoesteacontece.com.br\/#\/schema\/person\/a4f22429c1d0923ef8f7d43343f8dc38\",\"name\":\"Reda\u00e7\u00e3o\",\"image\":{\"@type\":\"ImageObject\",\"inLanguage\":\"pt-BR\",\"@id\":\"https:\/\/sudoesteacontece.com.br\/#\/schema\/person\/image\/\",\"url\":\"https:\/\/secure.gravatar.com\/avatar\/c3a5b3c93f268a709c25a2df414c629a96fb3b1b4bf97a94fb3f72e54ae76903?s=96&d=mm&r=g\",\"contentUrl\":\"https:\/\/secure.gravatar.com\/avatar\/c3a5b3c93f268a709c25a2df414c629a96fb3b1b4bf97a94fb3f72e54ae76903?s=96&d=mm&r=g\",\"caption\":\"Reda\u00e7\u00e3o\"},\"url\":\"https:\/\/sudoesteacontece.com.br\/?author=4\"}]}<\/script>\n<!-- \/ Yoast SEO plugin. -->","yoast_head_json":{"title":"Superprodu\u00e7\u00e3o derruba pre\u00e7o do ovo no Sert\u00e3o Produtivo e acende alerta entre produtores - Sudoesteacontece","robots":{"index":"index","follow":"follow","max-snippet":"max-snippet:-1","max-image-preview":"max-image-preview:large","max-video-preview":"max-video-preview:-1"},"canonical":"https:\/\/sudoesteacontece.com.br\/?p=5986","og_locale":"pt_BR","og_type":"article","og_title":"Superprodu\u00e7\u00e3o derruba pre\u00e7o do ovo no Sert\u00e3o Produtivo e acende alerta entre produtores - Sudoesteacontece","og_description":"Excesso de oferta provocou uma queda acentuada no pre\u00e7o do ovo no Sert\u00e3o Produtivo da Bahia desde o fim de 2025. A superprodu\u00e7\u00e3o do alimento desequilibrou a rela\u00e7\u00e3o entre oferta e procura, reduziu margens de lucro e colocou produtores da regi\u00e3o em estado de alerta diante da dificuldade de escoar a produ\u00e7\u00e3o. Produtores locais afirmam que o mercado entrou em crise ap\u00f3s um movimento de expans\u00e3o acelerada. Jovino Neto, criador de galinhas de postura no distrito de Mutans, em Guanambi, explica que o aumento da produ\u00e7\u00e3o n\u00e3o foi acompanhado pelo consumo. Segundo ele, o pre\u00e7o despencou e a oferta hoje supera, com folga, a capacidade de absor\u00e7\u00e3o do mercado. Esse cen\u00e1rio come\u00e7ou a se formar ap\u00f3s a forte alta registrada em maio de 2025. Naquele per\u00edodo, o valor do ovo subiu de forma significativa e atraiu novos investidores para a atividade. A entrada simult\u00e2nea de muitos produtores acabou saturando o mercado regional poucos meses depois. Atualmente, a diferen\u00e7a no bolso do consumidor \u00e9 evidente. Uma cartela com 30 ovos brancos pode ser encontrada por cerca de R$ 10, uma queda de at\u00e9 R$ 7 em compara\u00e7\u00e3o aos valores praticados no auge da alta. Para quem vive da atividade, por\u00e9m, o pre\u00e7o j\u00e1 n\u00e3o cobre custos em alguns casos. Enquanto isso, o ovo caipira sofre menos os efeitos da crise. Com p\u00fablico mais espec\u00edfico e produ\u00e7\u00e3o menor, o produto mant\u00e9m pre\u00e7os mais est\u00e1veis e n\u00e3o enfrenta o mesmo n\u00edvel de desvaloriza\u00e7\u00e3o observado no ovo branco industrial. Apesar das perdas, produtores acreditam em recupera\u00e7\u00e3o gradual. A expectativa do setor \u00e9 que entre mar\u00e7o e abril o mercado volte a se equilibrar, com ajuste natural da oferta e retomada dos pre\u00e7os a patamares considerados sustent\u00e1veis para a atividade.","og_url":"https:\/\/sudoesteacontece.com.br\/?p=5986","og_site_name":"Sudoesteacontece","article_publisher":"https:\/\/www.facebook.com\/sudoesteacontece\/?locale=pt_BR","article_published_time":"2026-01-13T19:27:37+00:00","article_modified_time":"2026-01-13T19:27:39+00:00","og_image":[{"width":900,"height":600,"url":"https:\/\/sudoesteacontece.com.br\/wp-content\/uploads\/2026\/01\/Superproducao-derruba-preco-do-ovo-no-Sertao-Produtivo-e-acende-alerta-entre-produtores-sudoeste-acontece.jpg","type":"image\/jpeg"}],"author":"Reda\u00e7\u00e3o","twitter_card":"summary_large_image","twitter_misc":{"Escrito por":"Reda\u00e7\u00e3o","Est. tempo de leitura":"2 minutos"},"schema":{"@context":"https:\/\/schema.org","@graph":[{"@type":"Article","@id":"https:\/\/sudoesteacontece.com.br\/?p=5986#article","isPartOf":{"@id":"https:\/\/sudoesteacontece.com.br\/?p=5986"},"author":{"name":"Reda\u00e7\u00e3o","@id":"https:\/\/sudoesteacontece.com.br\/#\/schema\/person\/a4f22429c1d0923ef8f7d43343f8dc38"},"headline":"Superprodu\u00e7\u00e3o derruba pre\u00e7o do ovo no Sert\u00e3o Produtivo e acende alerta entre produtores","datePublished":"2026-01-13T19:27:37+00:00","dateModified":"2026-01-13T19:27:39+00:00","mainEntityOfPage":{"@id":"https:\/\/sudoesteacontece.com.br\/?p=5986"},"wordCount":329,"commentCount":0,"publisher":{"@id":"https:\/\/sudoesteacontece.com.br\/#organization"},"image":{"@id":"https:\/\/sudoesteacontece.com.br\/?p=5986#primaryimage"},"thumbnailUrl":"https:\/\/sudoesteacontece.com.br\/wp-content\/uploads\/2026\/01\/Superproducao-derruba-preco-do-ovo-no-Sertao-Produtivo-e-acende-alerta-entre-produtores-sudoeste-acontece.jpg","articleSection":["Cidades","Economia"],"inLanguage":"pt-BR","potentialAction":[{"@type":"CommentAction","name":"Comment","target":["https:\/\/sudoesteacontece.com.br\/?p=5986#respond"]}]},{"@type":"WebPage","@id":"https:\/\/sudoesteacontece.com.br\/?p=5986","url":"https:\/\/sudoesteacontece.com.br\/?p=5986","name":"Superprodu\u00e7\u00e3o derruba pre\u00e7o do ovo no Sert\u00e3o Produtivo e acende alerta entre produtores - Sudoesteacontece","isPartOf":{"@id":"https:\/\/sudoesteacontece.com.br\/#website"},"primaryImageOfPage":{"@id":"https:\/\/sudoesteacontece.com.br\/?p=5986#primaryimage"},"image":{"@id":"https:\/\/sudoesteacontece.com.br\/?p=5986#primaryimage"},"thumbnailUrl":"https:\/\/sudoesteacontece.com.br\/wp-content\/uploads\/2026\/01\/Superproducao-derruba-preco-do-ovo-no-Sertao-Produtivo-e-acende-alerta-entre-produtores-sudoeste-acontece.jpg","datePublished":"2026-01-13T19:27:37+00:00","dateModified":"2026-01-13T19:27:39+00:00","breadcrumb":{"@id":"https:\/\/sudoesteacontece.com.br\/?p=5986#breadcrumb"},"inLanguage":"pt-BR","potentialAction":[{"@type":"ReadAction","target":["https:\/\/sudoesteacontece.com.br\/?p=5986"]}]},{"@type":"ImageObject","inLanguage":"pt-BR","@id":"https:\/\/sudoesteacontece.com.br\/?p=5986#primaryimage","url":"https:\/\/sudoesteacontece.com.br\/wp-content\/uploads\/2026\/01\/Superproducao-derruba-preco-do-ovo-no-Sertao-Produtivo-e-acende-alerta-entre-produtores-sudoeste-acontece.jpg","contentUrl":"https:\/\/sudoesteacontece.com.br\/wp-content\/uploads\/2026\/01\/Superproducao-derruba-preco-do-ovo-no-Sertao-Produtivo-e-acende-alerta-entre-produtores-sudoeste-acontece.jpg","width":900,"height":600},{"@type":"BreadcrumbList","@id":"https:\/\/sudoesteacontece.com.br\/?p=5986#breadcrumb","itemListElement":[{"@type":"ListItem","position":1,"name":"In\u00edcio","item":"https:\/\/sudoesteacontece.com.br\/"},{"@type":"ListItem","position":2,"name":"Superprodu\u00e7\u00e3o derruba pre\u00e7o do ovo no Sert\u00e3o Produtivo e acende alerta entre produtores"}]},{"@type":"WebSite","@id":"https:\/\/sudoesteacontece.com.br\/#website","url":"https:\/\/sudoesteacontece.com.br\/","name":"Sudoesteacontece","description":"","publisher":{"@id":"https:\/\/sudoesteacontece.com.br\/#organization"},"potentialAction":[{"@type":"SearchAction","target":{"@type":"EntryPoint","urlTemplate":"https:\/\/sudoesteacontece.com.br\/?s={search_term_string}"},"query-input":{"@type":"PropertyValueSpecification","valueRequired":true,"valueName":"search_term_string"}}],"inLanguage":"pt-BR"},{"@type":"Organization","@id":"https:\/\/sudoesteacontece.com.br\/#organization","name":"Sudoesteacontece","url":"https:\/\/sudoesteacontece.com.br\/","logo":{"@type":"ImageObject","inLanguage":"pt-BR","@id":"https:\/\/sudoesteacontece.com.br\/#\/schema\/logo\/image\/","url":"https:\/\/sudoesteacontece.com.br\/wp-content\/uploads\/2025\/12\/cropped-logo-2-180x180-1.png","contentUrl":"https:\/\/sudoesteacontece.com.br\/wp-content\/uploads\/2025\/12\/cropped-logo-2-180x180-1.png","width":180,"height":180,"caption":"Sudoesteacontece"},"image":{"@id":"https:\/\/sudoesteacontece.com.br\/#\/schema\/logo\/image\/"},"sameAs":["https:\/\/www.facebook.com\/sudoesteacontece\/?locale=pt_BR"]},{"@type":"Person","@id":"https:\/\/sudoesteacontece.com.br\/#\/schema\/person\/a4f22429c1d0923ef8f7d43343f8dc38","name":"Reda\u00e7\u00e3o","image":{"@type":"ImageObject","inLanguage":"pt-BR","@id":"https:\/\/sudoesteacontece.com.br\/#\/schema\/person\/image\/","url":"https:\/\/secure.gravatar.com\/avatar\/c3a5b3c93f268a709c25a2df414c629a96fb3b1b4bf97a94fb3f72e54ae76903?s=96&d=mm&r=g","contentUrl":"https:\/\/secure.gravatar.com\/avatar\/c3a5b3c93f268a709c25a2df414c629a96fb3b1b4bf97a94fb3f72e54ae76903?s=96&d=mm&r=g","caption":"Reda\u00e7\u00e3o"},"url":"https:\/\/sudoesteacontece.com.br\/?author=4"}]}},"_links":{"self":[{"href":"https:\/\/sudoesteacontece.com.br\/index.php?rest_route=\/wp\/v2\/posts\/5986","targetHints":{"allow":["GET"]}}],"collection":[{"href":"https:\/\/sudoesteacontece.com.br\/index.php?rest_route=\/wp\/v2\/posts"}],"about":[{"href":"https:\/\/sudoesteacontece.com.br\/index.php?rest_route=\/wp\/v2\/types\/post"}],"author":[{"embeddable":true,"href":"https:\/\/sudoesteacontece.com.br\/index.php?rest_route=\/wp\/v2\/users\/4"}],"replies":[{"embeddable":true,"href":"https:\/\/sudoesteacontece.com.br\/index.php?rest_route=%2Fwp%2Fv2%2Fcomments&post=5986"}],"version-history":[{"count":0,"href":"https:\/\/sudoesteacontece.com.br\/index.php?rest_route=\/wp\/v2\/posts\/5986\/revisions"}],"wp:featuredmedia":[{"embeddable":true,"href":"https:\/\/sudoesteacontece.com.br\/index.php?rest_route=\/wp\/v2\/media\/6044"}],"wp:attachment":[{"href":"https:\/\/sudoesteacontece.com.br\/index.php?rest_route=%2Fwp%2Fv2%2Fmedia&parent=5986"}],"wp:term":[{"taxonomy":"category","embeddable":true,"href":"https:\/\/sudoesteacontece.com.br\/index.php?rest_route=%2Fwp%2Fv2%2Fcategories&post=5986"},{"taxonomy":"post_tag","embeddable":true,"href":"https:\/\/sudoesteacontece.com.br\/index.php?rest_route=%2Fwp%2Fv2%2Ftags&post=5986"}],"curies":[{"name":"wp","href":"https:\/\/api.w.org\/{rel}","templated":true}]}}