{"id":6025,"date":"2026-01-13T16:29:10","date_gmt":"2026-01-13T19:29:10","guid":{"rendered":"https:\/\/sudoesteacontece.com.br\/?p=6025"},"modified":"2026-01-13T16:29:12","modified_gmt":"2026-01-13T19:29:12","slug":"adolescente-de-13-anos-e-sequestrado-e-morto-em-salvador","status":"publish","type":"post","link":"https:\/\/sudoesteacontece.com.br\/?p=6025","title":{"rendered":"Adolescente de 13 anos \u00e9 sequestrado e morto em Salvador"},"content":{"rendered":"<div class=\"wp-block-image\">\n<figure class=\"aligncenter size-full\"><img fetchpriority=\"high\" decoding=\"async\" width=\"900\" height=\"600\" src=\"http:\/\/sudoesteacontece.com.br\/wp-content\/uploads\/2026\/01\/Adolescente-de-13-anos-e-sequestrado-e-morto-em-Salvador-sudoeste-acontece.jpg\" alt=\"\" class=\"wp-image-6046\" srcset=\"https:\/\/sudoesteacontece.com.br\/wp-content\/uploads\/2026\/01\/Adolescente-de-13-anos-e-sequestrado-e-morto-em-Salvador-sudoeste-acontece.jpg 900w, https:\/\/sudoesteacontece.com.br\/wp-content\/uploads\/2026\/01\/Adolescente-de-13-anos-e-sequestrado-e-morto-em-Salvador-sudoeste-acontece-300x200.jpg 300w, https:\/\/sudoesteacontece.com.br\/wp-content\/uploads\/2026\/01\/Adolescente-de-13-anos-e-sequestrado-e-morto-em-Salvador-sudoeste-acontece-768x512.jpg 768w\" sizes=\"(max-width: 900px) 100vw, 900px\" \/><\/figure>\n<\/div>\n\n\n<p>Viol\u00eancia extrema marcou a noite de domingo (11) em Salvador. Um adolescente de 13 anos foi encontrado morto no final de linha do bairro do Resgate. A v\u00edtima, identificada como Robson Xavier de Oliveira Filho, teria sido sequestrada por criminosos e levada para uma \u00e1rea de mata, onde sofreu golpes de arma branca e acabou decapitada.<\/p>\n\n\n\n<p>Equipes policiais localizaram o corpo na regi\u00e3o conhecida como Arena F7. Moradores acionaram a Pol\u00edcia Militar ap\u00f3s encontrarem o cad\u00e1ver no local. A cena chocou a comunidade e refor\u00e7ou o clima de medo na regi\u00e3o, que passou a ser isolada para os primeiros procedimentos de investiga\u00e7\u00e3o.<\/p>\n\n\n\n<p>Informa\u00e7\u00f5es iniciais apontam que a motiva\u00e7\u00e3o do crime pode estar ligada a uma fotografia em que o adolescente teria feito um gesto associado a uma fac\u00e7\u00e3o criminosa rival. Essa hip\u00f3tese, por\u00e9m, ainda n\u00e3o foi confirmada oficialmente pelas autoridades respons\u00e1veis pelo caso.<\/p>\n\n\n\n<p>Segundo a PM, policiais da 23\u00aa Companhia Independente foram acionados ap\u00f3s den\u00fancia an\u00f4nima sobre um corpo encontrado na \u00e1rea. A corpora\u00e7\u00e3o informou que realizou o isolamento do local at\u00e9 a chegada do Departamento de Pol\u00edcia T\u00e9cnica para remo\u00e7\u00e3o e per\u00edcia.<\/p>\n\n\n\n<p>Agora, a 2\u00aa Delegacia de Homic\u00eddios de Salvador conduz as investiga\u00e7\u00f5es. A pol\u00edcia busca identificar os autores, esclarecer a din\u00e2mica do sequestro e confirmar a motiva\u00e7\u00e3o do crime, que se soma a uma s\u00e9rie de epis\u00f3dios violentos envolvendo jovens na capital baiana.<\/p>\n","protected":false},"excerpt":{"rendered":"<p>Viol\u00eancia extrema marcou a noite de domingo (11) em Salvador. Um adolescente de 13 anos foi encontrado morto no final de linha do bairro do Resgate. A v\u00edtima, identificada como Robson Xavier de Oliveira Filho, teria sido sequestrada por criminosos e levada para uma \u00e1rea de mata, onde sofreu golpes de arma branca e acabou decapitada. Equipes policiais localizaram o corpo na regi\u00e3o conhecida como Arena F7. Moradores acionaram a Pol\u00edcia Militar ap\u00f3s encontrarem o cad\u00e1ver no local. A cena chocou a comunidade e refor\u00e7ou o clima de medo na regi\u00e3o, que passou a ser isolada para os primeiros procedimentos de investiga\u00e7\u00e3o. Informa\u00e7\u00f5es iniciais apontam que a motiva\u00e7\u00e3o do crime pode estar ligada a uma fotografia em que o adolescente teria feito um gesto associado a uma fac\u00e7\u00e3o criminosa rival. Essa hip\u00f3tese, por\u00e9m, ainda n\u00e3o foi confirmada oficialmente pelas autoridades respons\u00e1veis pelo caso. Segundo a PM, policiais da 23\u00aa Companhia Independente foram acionados ap\u00f3s den\u00fancia an\u00f4nima sobre um corpo encontrado na \u00e1rea. A corpora\u00e7\u00e3o informou que realizou o isolamento do local at\u00e9 a chegada do Departamento de Pol\u00edcia T\u00e9cnica para remo\u00e7\u00e3o e per\u00edcia. Agora, a 2\u00aa Delegacia de Homic\u00eddios de Salvador conduz as investiga\u00e7\u00f5es. A pol\u00edcia busca identificar os autores, esclarecer a din\u00e2mica do sequestro e confirmar a motiva\u00e7\u00e3o do crime, que se soma a uma s\u00e9rie de epis\u00f3dios violentos envolvendo jovens na capital baiana.<\/p>\n","protected":false},"author":4,"featured_media":6046,"comment_status":"open","ping_status":"open","sticky":false,"template":"","format":"standard","meta":{"footnotes":""},"categories":[7,3],"tags":[],"class_list":["post-6025","post","type-post","status-publish","format-standard","has-post-thumbnail","hentry","category-bahia","category-policia"],"yoast_head":"<!-- This site is optimized with the Yoast SEO plugin v26.5 - https:\/\/yoast.com\/wordpress\/plugins\/seo\/ -->\n<title>Adolescente de 13 anos \u00e9 sequestrado e morto em Salvador - Sudoesteacontece<\/title>\n<meta name=\"robots\" content=\"index, follow, max-snippet:-1, max-image-preview:large, max-video-preview:-1\" \/>\n<link rel=\"canonical\" href=\"https:\/\/sudoesteacontece.com.br\/?p=6025\" \/>\n<meta property=\"og:locale\" content=\"pt_BR\" \/>\n<meta property=\"og:type\" content=\"article\" \/>\n<meta property=\"og:title\" content=\"Adolescente de 13 anos \u00e9 sequestrado e morto em Salvador - Sudoesteacontece\" \/>\n<meta property=\"og:description\" content=\"Viol\u00eancia extrema marcou a noite de domingo (11) em Salvador. Um adolescente de 13 anos foi encontrado morto no final de linha do bairro do Resgate. A v\u00edtima, identificada como Robson Xavier de Oliveira Filho, teria sido sequestrada por criminosos e levada para uma \u00e1rea de mata, onde sofreu golpes de arma branca e acabou decapitada. Equipes policiais localizaram o corpo na regi\u00e3o conhecida como Arena F7. Moradores acionaram a Pol\u00edcia Militar ap\u00f3s encontrarem o cad\u00e1ver no local. A cena chocou a comunidade e refor\u00e7ou o clima de medo na regi\u00e3o, que passou a ser isolada para os primeiros procedimentos de investiga\u00e7\u00e3o. Informa\u00e7\u00f5es iniciais apontam que a motiva\u00e7\u00e3o do crime pode estar ligada a uma fotografia em que o adolescente teria feito um gesto associado a uma fac\u00e7\u00e3o criminosa rival. Essa hip\u00f3tese, por\u00e9m, ainda n\u00e3o foi confirmada oficialmente pelas autoridades respons\u00e1veis pelo caso. Segundo a PM, policiais da 23\u00aa Companhia Independente foram acionados ap\u00f3s den\u00fancia an\u00f4nima sobre um corpo encontrado na \u00e1rea. A corpora\u00e7\u00e3o informou que realizou o isolamento do local at\u00e9 a chegada do Departamento de Pol\u00edcia T\u00e9cnica para remo\u00e7\u00e3o e per\u00edcia. Agora, a 2\u00aa Delegacia de Homic\u00eddios de Salvador conduz as investiga\u00e7\u00f5es. A pol\u00edcia busca identificar os autores, esclarecer a din\u00e2mica do sequestro e confirmar a motiva\u00e7\u00e3o do crime, que se soma a uma s\u00e9rie de epis\u00f3dios violentos envolvendo jovens na capital baiana.\" \/>\n<meta property=\"og:url\" content=\"https:\/\/sudoesteacontece.com.br\/?p=6025\" \/>\n<meta property=\"og:site_name\" content=\"Sudoesteacontece\" \/>\n<meta property=\"article:publisher\" content=\"https:\/\/www.facebook.com\/sudoesteacontece\/?locale=pt_BR\" \/>\n<meta property=\"article:published_time\" content=\"2026-01-13T19:29:10+00:00\" \/>\n<meta property=\"article:modified_time\" content=\"2026-01-13T19:29:12+00:00\" \/>\n<meta property=\"og:image\" content=\"https:\/\/sudoesteacontece.com.br\/wp-content\/uploads\/2026\/01\/Adolescente-de-13-anos-e-sequestrado-e-morto-em-Salvador-sudoeste-acontece.jpg\" \/>\n\t<meta property=\"og:image:width\" content=\"900\" \/>\n\t<meta property=\"og:image:height\" content=\"600\" \/>\n\t<meta property=\"og:image:type\" content=\"image\/jpeg\" \/>\n<meta name=\"author\" content=\"Reda\u00e7\u00e3o\" \/>\n<meta name=\"twitter:card\" content=\"summary_large_image\" \/>\n<meta name=\"twitter:label1\" content=\"Escrito por\" \/>\n\t<meta name=\"twitter:data1\" content=\"Reda\u00e7\u00e3o\" \/>\n\t<meta name=\"twitter:label2\" content=\"Est. tempo de leitura\" \/>\n\t<meta name=\"twitter:data2\" content=\"2 minutos\" \/>\n<script type=\"application\/ld+json\" class=\"yoast-schema-graph\">{\"@context\":\"https:\/\/schema.org\",\"@graph\":[{\"@type\":\"Article\",\"@id\":\"https:\/\/sudoesteacontece.com.br\/?p=6025#article\",\"isPartOf\":{\"@id\":\"https:\/\/sudoesteacontece.com.br\/?p=6025\"},\"author\":{\"name\":\"Reda\u00e7\u00e3o\",\"@id\":\"https:\/\/sudoesteacontece.com.br\/#\/schema\/person\/a4f22429c1d0923ef8f7d43343f8dc38\"},\"headline\":\"Adolescente de 13 anos \u00e9 sequestrado e morto em Salvador\",\"datePublished\":\"2026-01-13T19:29:10+00:00\",\"dateModified\":\"2026-01-13T19:29:12+00:00\",\"mainEntityOfPage\":{\"@id\":\"https:\/\/sudoesteacontece.com.br\/?p=6025\"},\"wordCount\":260,\"commentCount\":0,\"publisher\":{\"@id\":\"https:\/\/sudoesteacontece.com.br\/#organization\"},\"image\":{\"@id\":\"https:\/\/sudoesteacontece.com.br\/?p=6025#primaryimage\"},\"thumbnailUrl\":\"https:\/\/sudoesteacontece.com.br\/wp-content\/uploads\/2026\/01\/Adolescente-de-13-anos-e-sequestrado-e-morto-em-Salvador-sudoeste-acontece.jpg\",\"articleSection\":[\"Bahia\",\"Pol\u00edcia\"],\"inLanguage\":\"pt-BR\",\"potentialAction\":[{\"@type\":\"CommentAction\",\"name\":\"Comment\",\"target\":[\"https:\/\/sudoesteacontece.com.br\/?p=6025#respond\"]}]},{\"@type\":\"WebPage\",\"@id\":\"https:\/\/sudoesteacontece.com.br\/?p=6025\",\"url\":\"https:\/\/sudoesteacontece.com.br\/?p=6025\",\"name\":\"Adolescente de 13 anos \u00e9 sequestrado e morto em Salvador - Sudoesteacontece\",\"isPartOf\":{\"@id\":\"https:\/\/sudoesteacontece.com.br\/#website\"},\"primaryImageOfPage\":{\"@id\":\"https:\/\/sudoesteacontece.com.br\/?p=6025#primaryimage\"},\"image\":{\"@id\":\"https:\/\/sudoesteacontece.com.br\/?p=6025#primaryimage\"},\"thumbnailUrl\":\"https:\/\/sudoesteacontece.com.br\/wp-content\/uploads\/2026\/01\/Adolescente-de-13-anos-e-sequestrado-e-morto-em-Salvador-sudoeste-acontece.jpg\",\"datePublished\":\"2026-01-13T19:29:10+00:00\",\"dateModified\":\"2026-01-13T19:29:12+00:00\",\"breadcrumb\":{\"@id\":\"https:\/\/sudoesteacontece.com.br\/?p=6025#breadcrumb\"},\"inLanguage\":\"pt-BR\",\"potentialAction\":[{\"@type\":\"ReadAction\",\"target\":[\"https:\/\/sudoesteacontece.com.br\/?p=6025\"]}]},{\"@type\":\"ImageObject\",\"inLanguage\":\"pt-BR\",\"@id\":\"https:\/\/sudoesteacontece.com.br\/?p=6025#primaryimage\",\"url\":\"https:\/\/sudoesteacontece.com.br\/wp-content\/uploads\/2026\/01\/Adolescente-de-13-anos-e-sequestrado-e-morto-em-Salvador-sudoeste-acontece.jpg\",\"contentUrl\":\"https:\/\/sudoesteacontece.com.br\/wp-content\/uploads\/2026\/01\/Adolescente-de-13-anos-e-sequestrado-e-morto-em-Salvador-sudoeste-acontece.jpg\",\"width\":900,\"height\":600},{\"@type\":\"BreadcrumbList\",\"@id\":\"https:\/\/sudoesteacontece.com.br\/?p=6025#breadcrumb\",\"itemListElement\":[{\"@type\":\"ListItem\",\"position\":1,\"name\":\"In\u00edcio\",\"item\":\"https:\/\/sudoesteacontece.com.br\/\"},{\"@type\":\"ListItem\",\"position\":2,\"name\":\"Adolescente de 13 anos \u00e9 sequestrado e morto em Salvador\"}]},{\"@type\":\"WebSite\",\"@id\":\"https:\/\/sudoesteacontece.com.br\/#website\",\"url\":\"https:\/\/sudoesteacontece.com.br\/\",\"name\":\"Sudoesteacontece\",\"description\":\"\",\"publisher\":{\"@id\":\"https:\/\/sudoesteacontece.com.br\/#organization\"},\"potentialAction\":[{\"@type\":\"SearchAction\",\"target\":{\"@type\":\"EntryPoint\",\"urlTemplate\":\"https:\/\/sudoesteacontece.com.br\/?s={search_term_string}\"},\"query-input\":{\"@type\":\"PropertyValueSpecification\",\"valueRequired\":true,\"valueName\":\"search_term_string\"}}],\"inLanguage\":\"pt-BR\"},{\"@type\":\"Organization\",\"@id\":\"https:\/\/sudoesteacontece.com.br\/#organization\",\"name\":\"Sudoesteacontece\",\"url\":\"https:\/\/sudoesteacontece.com.br\/\",\"logo\":{\"@type\":\"ImageObject\",\"inLanguage\":\"pt-BR\",\"@id\":\"https:\/\/sudoesteacontece.com.br\/#\/schema\/logo\/image\/\",\"url\":\"https:\/\/sudoesteacontece.com.br\/wp-content\/uploads\/2025\/12\/cropped-logo-2-180x180-1.png\",\"contentUrl\":\"https:\/\/sudoesteacontece.com.br\/wp-content\/uploads\/2025\/12\/cropped-logo-2-180x180-1.png\",\"width\":180,\"height\":180,\"caption\":\"Sudoesteacontece\"},\"image\":{\"@id\":\"https:\/\/sudoesteacontece.com.br\/#\/schema\/logo\/image\/\"},\"sameAs\":[\"https:\/\/www.facebook.com\/sudoesteacontece\/?locale=pt_BR\"]},{\"@type\":\"Person\",\"@id\":\"https:\/\/sudoesteacontece.com.br\/#\/schema\/person\/a4f22429c1d0923ef8f7d43343f8dc38\",\"name\":\"Reda\u00e7\u00e3o\",\"image\":{\"@type\":\"ImageObject\",\"inLanguage\":\"pt-BR\",\"@id\":\"https:\/\/sudoesteacontece.com.br\/#\/schema\/person\/image\/\",\"url\":\"https:\/\/secure.gravatar.com\/avatar\/c3a5b3c93f268a709c25a2df414c629a96fb3b1b4bf97a94fb3f72e54ae76903?s=96&d=mm&r=g\",\"contentUrl\":\"https:\/\/secure.gravatar.com\/avatar\/c3a5b3c93f268a709c25a2df414c629a96fb3b1b4bf97a94fb3f72e54ae76903?s=96&d=mm&r=g\",\"caption\":\"Reda\u00e7\u00e3o\"},\"url\":\"https:\/\/sudoesteacontece.com.br\/?author=4\"}]}<\/script>\n<!-- \/ Yoast SEO plugin. -->","yoast_head_json":{"title":"Adolescente de 13 anos \u00e9 sequestrado e morto em Salvador - Sudoesteacontece","robots":{"index":"index","follow":"follow","max-snippet":"max-snippet:-1","max-image-preview":"max-image-preview:large","max-video-preview":"max-video-preview:-1"},"canonical":"https:\/\/sudoesteacontece.com.br\/?p=6025","og_locale":"pt_BR","og_type":"article","og_title":"Adolescente de 13 anos \u00e9 sequestrado e morto em Salvador - Sudoesteacontece","og_description":"Viol\u00eancia extrema marcou a noite de domingo (11) em Salvador. Um adolescente de 13 anos foi encontrado morto no final de linha do bairro do Resgate. A v\u00edtima, identificada como Robson Xavier de Oliveira Filho, teria sido sequestrada por criminosos e levada para uma \u00e1rea de mata, onde sofreu golpes de arma branca e acabou decapitada. Equipes policiais localizaram o corpo na regi\u00e3o conhecida como Arena F7. Moradores acionaram a Pol\u00edcia Militar ap\u00f3s encontrarem o cad\u00e1ver no local. A cena chocou a comunidade e refor\u00e7ou o clima de medo na regi\u00e3o, que passou a ser isolada para os primeiros procedimentos de investiga\u00e7\u00e3o. Informa\u00e7\u00f5es iniciais apontam que a motiva\u00e7\u00e3o do crime pode estar ligada a uma fotografia em que o adolescente teria feito um gesto associado a uma fac\u00e7\u00e3o criminosa rival. Essa hip\u00f3tese, por\u00e9m, ainda n\u00e3o foi confirmada oficialmente pelas autoridades respons\u00e1veis pelo caso. Segundo a PM, policiais da 23\u00aa Companhia Independente foram acionados ap\u00f3s den\u00fancia an\u00f4nima sobre um corpo encontrado na \u00e1rea. A corpora\u00e7\u00e3o informou que realizou o isolamento do local at\u00e9 a chegada do Departamento de Pol\u00edcia T\u00e9cnica para remo\u00e7\u00e3o e per\u00edcia. Agora, a 2\u00aa Delegacia de Homic\u00eddios de Salvador conduz as investiga\u00e7\u00f5es. A pol\u00edcia busca identificar os autores, esclarecer a din\u00e2mica do sequestro e confirmar a motiva\u00e7\u00e3o do crime, que se soma a uma s\u00e9rie de epis\u00f3dios violentos envolvendo jovens na capital baiana.","og_url":"https:\/\/sudoesteacontece.com.br\/?p=6025","og_site_name":"Sudoesteacontece","article_publisher":"https:\/\/www.facebook.com\/sudoesteacontece\/?locale=pt_BR","article_published_time":"2026-01-13T19:29:10+00:00","article_modified_time":"2026-01-13T19:29:12+00:00","og_image":[{"width":900,"height":600,"url":"https:\/\/sudoesteacontece.com.br\/wp-content\/uploads\/2026\/01\/Adolescente-de-13-anos-e-sequestrado-e-morto-em-Salvador-sudoeste-acontece.jpg","type":"image\/jpeg"}],"author":"Reda\u00e7\u00e3o","twitter_card":"summary_large_image","twitter_misc":{"Escrito por":"Reda\u00e7\u00e3o","Est. tempo de leitura":"2 minutos"},"schema":{"@context":"https:\/\/schema.org","@graph":[{"@type":"Article","@id":"https:\/\/sudoesteacontece.com.br\/?p=6025#article","isPartOf":{"@id":"https:\/\/sudoesteacontece.com.br\/?p=6025"},"author":{"name":"Reda\u00e7\u00e3o","@id":"https:\/\/sudoesteacontece.com.br\/#\/schema\/person\/a4f22429c1d0923ef8f7d43343f8dc38"},"headline":"Adolescente de 13 anos \u00e9 sequestrado e morto em Salvador","datePublished":"2026-01-13T19:29:10+00:00","dateModified":"2026-01-13T19:29:12+00:00","mainEntityOfPage":{"@id":"https:\/\/sudoesteacontece.com.br\/?p=6025"},"wordCount":260,"commentCount":0,"publisher":{"@id":"https:\/\/sudoesteacontece.com.br\/#organization"},"image":{"@id":"https:\/\/sudoesteacontece.com.br\/?p=6025#primaryimage"},"thumbnailUrl":"https:\/\/sudoesteacontece.com.br\/wp-content\/uploads\/2026\/01\/Adolescente-de-13-anos-e-sequestrado-e-morto-em-Salvador-sudoeste-acontece.jpg","articleSection":["Bahia","Pol\u00edcia"],"inLanguage":"pt-BR","potentialAction":[{"@type":"CommentAction","name":"Comment","target":["https:\/\/sudoesteacontece.com.br\/?p=6025#respond"]}]},{"@type":"WebPage","@id":"https:\/\/sudoesteacontece.com.br\/?p=6025","url":"https:\/\/sudoesteacontece.com.br\/?p=6025","name":"Adolescente de 13 anos \u00e9 sequestrado e morto em Salvador - Sudoesteacontece","isPartOf":{"@id":"https:\/\/sudoesteacontece.com.br\/#website"},"primaryImageOfPage":{"@id":"https:\/\/sudoesteacontece.com.br\/?p=6025#primaryimage"},"image":{"@id":"https:\/\/sudoesteacontece.com.br\/?p=6025#primaryimage"},"thumbnailUrl":"https:\/\/sudoesteacontece.com.br\/wp-content\/uploads\/2026\/01\/Adolescente-de-13-anos-e-sequestrado-e-morto-em-Salvador-sudoeste-acontece.jpg","datePublished":"2026-01-13T19:29:10+00:00","dateModified":"2026-01-13T19:29:12+00:00","breadcrumb":{"@id":"https:\/\/sudoesteacontece.com.br\/?p=6025#breadcrumb"},"inLanguage":"pt-BR","potentialAction":[{"@type":"ReadAction","target":["https:\/\/sudoesteacontece.com.br\/?p=6025"]}]},{"@type":"ImageObject","inLanguage":"pt-BR","@id":"https:\/\/sudoesteacontece.com.br\/?p=6025#primaryimage","url":"https:\/\/sudoesteacontece.com.br\/wp-content\/uploads\/2026\/01\/Adolescente-de-13-anos-e-sequestrado-e-morto-em-Salvador-sudoeste-acontece.jpg","contentUrl":"https:\/\/sudoesteacontece.com.br\/wp-content\/uploads\/2026\/01\/Adolescente-de-13-anos-e-sequestrado-e-morto-em-Salvador-sudoeste-acontece.jpg","width":900,"height":600},{"@type":"BreadcrumbList","@id":"https:\/\/sudoesteacontece.com.br\/?p=6025#breadcrumb","itemListElement":[{"@type":"ListItem","position":1,"name":"In\u00edcio","item":"https:\/\/sudoesteacontece.com.br\/"},{"@type":"ListItem","position":2,"name":"Adolescente de 13 anos \u00e9 sequestrado e morto em Salvador"}]},{"@type":"WebSite","@id":"https:\/\/sudoesteacontece.com.br\/#website","url":"https:\/\/sudoesteacontece.com.br\/","name":"Sudoesteacontece","description":"","publisher":{"@id":"https:\/\/sudoesteacontece.com.br\/#organization"},"potentialAction":[{"@type":"SearchAction","target":{"@type":"EntryPoint","urlTemplate":"https:\/\/sudoesteacontece.com.br\/?s={search_term_string}"},"query-input":{"@type":"PropertyValueSpecification","valueRequired":true,"valueName":"search_term_string"}}],"inLanguage":"pt-BR"},{"@type":"Organization","@id":"https:\/\/sudoesteacontece.com.br\/#organization","name":"Sudoesteacontece","url":"https:\/\/sudoesteacontece.com.br\/","logo":{"@type":"ImageObject","inLanguage":"pt-BR","@id":"https:\/\/sudoesteacontece.com.br\/#\/schema\/logo\/image\/","url":"https:\/\/sudoesteacontece.com.br\/wp-content\/uploads\/2025\/12\/cropped-logo-2-180x180-1.png","contentUrl":"https:\/\/sudoesteacontece.com.br\/wp-content\/uploads\/2025\/12\/cropped-logo-2-180x180-1.png","width":180,"height":180,"caption":"Sudoesteacontece"},"image":{"@id":"https:\/\/sudoesteacontece.com.br\/#\/schema\/logo\/image\/"},"sameAs":["https:\/\/www.facebook.com\/sudoesteacontece\/?locale=pt_BR"]},{"@type":"Person","@id":"https:\/\/sudoesteacontece.com.br\/#\/schema\/person\/a4f22429c1d0923ef8f7d43343f8dc38","name":"Reda\u00e7\u00e3o","image":{"@type":"ImageObject","inLanguage":"pt-BR","@id":"https:\/\/sudoesteacontece.com.br\/#\/schema\/person\/image\/","url":"https:\/\/secure.gravatar.com\/avatar\/c3a5b3c93f268a709c25a2df414c629a96fb3b1b4bf97a94fb3f72e54ae76903?s=96&d=mm&r=g","contentUrl":"https:\/\/secure.gravatar.com\/avatar\/c3a5b3c93f268a709c25a2df414c629a96fb3b1b4bf97a94fb3f72e54ae76903?s=96&d=mm&r=g","caption":"Reda\u00e7\u00e3o"},"url":"https:\/\/sudoesteacontece.com.br\/?author=4"}]}},"_links":{"self":[{"href":"https:\/\/sudoesteacontece.com.br\/index.php?rest_route=\/wp\/v2\/posts\/6025","targetHints":{"allow":["GET"]}}],"collection":[{"href":"https:\/\/sudoesteacontece.com.br\/index.php?rest_route=\/wp\/v2\/posts"}],"about":[{"href":"https:\/\/sudoesteacontece.com.br\/index.php?rest_route=\/wp\/v2\/types\/post"}],"author":[{"embeddable":true,"href":"https:\/\/sudoesteacontece.com.br\/index.php?rest_route=\/wp\/v2\/users\/4"}],"replies":[{"embeddable":true,"href":"https:\/\/sudoesteacontece.com.br\/index.php?rest_route=%2Fwp%2Fv2%2Fcomments&post=6025"}],"version-history":[{"count":0,"href":"https:\/\/sudoesteacontece.com.br\/index.php?rest_route=\/wp\/v2\/posts\/6025\/revisions"}],"wp:featuredmedia":[{"embeddable":true,"href":"https:\/\/sudoesteacontece.com.br\/index.php?rest_route=\/wp\/v2\/media\/6046"}],"wp:attachment":[{"href":"https:\/\/sudoesteacontece.com.br\/index.php?rest_route=%2Fwp%2Fv2%2Fmedia&parent=6025"}],"wp:term":[{"taxonomy":"category","embeddable":true,"href":"https:\/\/sudoesteacontece.com.br\/index.php?rest_route=%2Fwp%2Fv2%2Fcategories&post=6025"},{"taxonomy":"post_tag","embeddable":true,"href":"https:\/\/sudoesteacontece.com.br\/index.php?rest_route=%2Fwp%2Fv2%2Ftags&post=6025"}],"curies":[{"name":"wp","href":"https:\/\/api.w.org\/{rel}","templated":true}]}}