{"id":6037,"date":"2026-01-13T16:33:19","date_gmt":"2026-01-13T19:33:19","guid":{"rendered":"https:\/\/sudoesteacontece.com.br\/?p=6037"},"modified":"2026-01-13T16:33:23","modified_gmt":"2026-01-13T19:33:23","slug":"livramento-amplia-cuidado-pelo-sus-e-passa-a-oferecer-tratamento-de-varizes-a-populacao","status":"publish","type":"post","link":"https:\/\/sudoesteacontece.com.br\/?p=6037","title":{"rendered":"Livramento amplia cuidado pelo SUS e passa a oferecer tratamento de varizes \u00e0 popula\u00e7\u00e3o"},"content":{"rendered":"<div class=\"wp-block-image\">\n<figure class=\"aligncenter size-full\"><img fetchpriority=\"high\" decoding=\"async\" width=\"900\" height=\"600\" src=\"http:\/\/sudoesteacontece.com.br\/wp-content\/uploads\/2025\/11\/Nao-aguentamos-mais-quedas-de-energia-viram-pesadelo-na-regiao-de-Livramento-sudoeste-acontece.jpeg\" alt=\"\" class=\"wp-image-2271\" srcset=\"https:\/\/sudoesteacontece.com.br\/wp-content\/uploads\/2025\/11\/Nao-aguentamos-mais-quedas-de-energia-viram-pesadelo-na-regiao-de-Livramento-sudoeste-acontece.jpeg 900w, https:\/\/sudoesteacontece.com.br\/wp-content\/uploads\/2025\/11\/Nao-aguentamos-mais-quedas-de-energia-viram-pesadelo-na-regiao-de-Livramento-sudoeste-acontece-300x200.jpeg 300w, https:\/\/sudoesteacontece.com.br\/wp-content\/uploads\/2025\/11\/Nao-aguentamos-mais-quedas-de-energia-viram-pesadelo-na-regiao-de-Livramento-sudoeste-acontece-768x512.jpeg 768w\" sizes=\"(max-width: 900px) 100vw, 900px\" \/><figcaption class=\"wp-element-caption\">Foto Washington Tiago Sudoeste Acontece<\/figcaption><\/figure>\n<\/div>\n\n\n<p>Munic\u00edpio de Livramento de Nossa Senhora inicia neste m\u00eas um novo servi\u00e7o de sa\u00fade voltado ao tratamento de varizes pelo SUS. A iniciativa da prefeitura, por meio da Secretaria Municipal de Sa\u00fade, busca atender casos com risco de evolu\u00e7\u00e3o para complica\u00e7\u00f5es, ampliando o acesso a cuidados preventivos e especializados na rede p\u00fablica.<\/p>\n\n\n\n<p>Segundo a secret\u00e1ria de Sa\u00fade, Daniela Sampaio, o foco do atendimento ser\u00e1 em varizes que podem evoluir para quadros mais graves. Entre os riscos est\u00e3o \u00falceras de dif\u00edcil cicatriza\u00e7\u00e3o e altera\u00e7\u00f5es internas que, sem acompanhamento adequado, podem exigir procedimentos cir\u00fargicos no futuro.<\/p>\n\n\n\n<p>Para garantir organiza\u00e7\u00e3o e efetividade, o munic\u00edpio realizar\u00e1 triagens a cada tr\u00eas meses, com base em crit\u00e9rios cl\u00ednicos. O servi\u00e7o atender\u00e1 varizes dos tipos 2, 3 e 4, que podem ou n\u00e3o apresentar veias vis\u00edveis, priorizando os casos considerados mais graves.<\/p>\n\n\n\n<p>Mesmo quando n\u00e3o h\u00e1 veias aparentes, sintomas como dor nas pernas, sensa\u00e7\u00e3o de peso, cansa\u00e7o frequente e vermelhid\u00e3o podem indicar a necessidade de avalia\u00e7\u00e3o m\u00e9dica. A orienta\u00e7\u00e3o da Secretaria \u00e9 que a popula\u00e7\u00e3o fique atenta aos sinais e participe das triagens programadas.<\/p>\n\n\n\n<p>Neste primeiro momento, est\u00e3o sendo convocados pacientes que j\u00e1 aguardavam consulta com cirurgi\u00e3o vascular por meio da Central de Marca\u00e7\u00e3o. O acompanhamento m\u00e9dico ser\u00e1 mensal, garantindo monitoramento cont\u00ednuo da evolu\u00e7\u00e3o cl\u00ednica dos pacientes atendidos.<\/p>\n\n\n\n<p>Agentes comunit\u00e1rios de sa\u00fade e enfermeiros ficar\u00e3o respons\u00e1veis por atualizar as listas, organizar os encaminhamentos e orientar os usu\u00e1rios conforme o cronograma. A prefeitura afirma que o servi\u00e7o ser\u00e1 permanente, refor\u00e7ando a assist\u00eancia preventiva e melhorando a qualidade de vida da popula\u00e7\u00e3o.<\/p>\n","protected":false},"excerpt":{"rendered":"<p>Munic\u00edpio de Livramento de Nossa Senhora inicia neste m\u00eas um novo servi\u00e7o de sa\u00fade voltado ao tratamento de varizes pelo SUS. A iniciativa da prefeitura, por meio da Secretaria Municipal de Sa\u00fade, busca atender casos com risco de evolu\u00e7\u00e3o para complica\u00e7\u00f5es, ampliando o acesso a cuidados preventivos e especializados na rede p\u00fablica. Segundo a secret\u00e1ria de Sa\u00fade, Daniela Sampaio, o foco do atendimento ser\u00e1 em varizes que podem evoluir para quadros mais graves. Entre os riscos est\u00e3o \u00falceras de dif\u00edcil cicatriza\u00e7\u00e3o e altera\u00e7\u00f5es internas que, sem acompanhamento adequado, podem exigir procedimentos cir\u00fargicos no futuro. Para garantir organiza\u00e7\u00e3o e efetividade, o munic\u00edpio realizar\u00e1 triagens a cada tr\u00eas meses, com base em crit\u00e9rios cl\u00ednicos. O servi\u00e7o atender\u00e1 varizes dos tipos 2, 3 e 4, que podem ou n\u00e3o apresentar veias vis\u00edveis, priorizando os casos considerados mais graves. Mesmo quando n\u00e3o h\u00e1 veias aparentes, sintomas como dor nas pernas, sensa\u00e7\u00e3o de peso, cansa\u00e7o frequente e vermelhid\u00e3o podem indicar a necessidade de avalia\u00e7\u00e3o m\u00e9dica. A orienta\u00e7\u00e3o da Secretaria \u00e9 que a popula\u00e7\u00e3o fique atenta aos sinais e participe das triagens programadas. Neste primeiro momento, est\u00e3o sendo convocados pacientes que j\u00e1 aguardavam consulta com cirurgi\u00e3o vascular por meio da Central de Marca\u00e7\u00e3o. O acompanhamento m\u00e9dico ser\u00e1 mensal, garantindo monitoramento cont\u00ednuo da evolu\u00e7\u00e3o cl\u00ednica dos pacientes atendidos. Agentes comunit\u00e1rios de sa\u00fade e enfermeiros ficar\u00e3o respons\u00e1veis por atualizar as listas, organizar os encaminhamentos e orientar os usu\u00e1rios conforme o cronograma. A prefeitura afirma que o servi\u00e7o ser\u00e1 permanente, refor\u00e7ando a assist\u00eancia preventiva e melhorando a qualidade de vida da popula\u00e7\u00e3o.<\/p>\n","protected":false},"author":4,"featured_media":2271,"comment_status":"open","ping_status":"open","sticky":false,"template":"","format":"standard","meta":{"footnotes":""},"categories":[18,45],"tags":[],"class_list":["post-6037","post","type-post","status-publish","format-standard","has-post-thumbnail","hentry","category-livramento","category-saude"],"yoast_head":"<!-- This site is optimized with the Yoast SEO plugin v26.5 - https:\/\/yoast.com\/wordpress\/plugins\/seo\/ -->\n<title>Livramento amplia cuidado pelo SUS e passa a oferecer tratamento de varizes \u00e0 popula\u00e7\u00e3o - Sudoesteacontece<\/title>\n<meta name=\"robots\" content=\"index, follow, max-snippet:-1, max-image-preview:large, max-video-preview:-1\" \/>\n<link rel=\"canonical\" href=\"https:\/\/sudoesteacontece.com.br\/?p=6037\" \/>\n<meta property=\"og:locale\" content=\"pt_BR\" \/>\n<meta property=\"og:type\" content=\"article\" \/>\n<meta property=\"og:title\" content=\"Livramento amplia cuidado pelo SUS e passa a oferecer tratamento de varizes \u00e0 popula\u00e7\u00e3o - Sudoesteacontece\" \/>\n<meta property=\"og:description\" content=\"Munic\u00edpio de Livramento de Nossa Senhora inicia neste m\u00eas um novo servi\u00e7o de sa\u00fade voltado ao tratamento de varizes pelo SUS. A iniciativa da prefeitura, por meio da Secretaria Municipal de Sa\u00fade, busca atender casos com risco de evolu\u00e7\u00e3o para complica\u00e7\u00f5es, ampliando o acesso a cuidados preventivos e especializados na rede p\u00fablica. Segundo a secret\u00e1ria de Sa\u00fade, Daniela Sampaio, o foco do atendimento ser\u00e1 em varizes que podem evoluir para quadros mais graves. Entre os riscos est\u00e3o \u00falceras de dif\u00edcil cicatriza\u00e7\u00e3o e altera\u00e7\u00f5es internas que, sem acompanhamento adequado, podem exigir procedimentos cir\u00fargicos no futuro. Para garantir organiza\u00e7\u00e3o e efetividade, o munic\u00edpio realizar\u00e1 triagens a cada tr\u00eas meses, com base em crit\u00e9rios cl\u00ednicos. O servi\u00e7o atender\u00e1 varizes dos tipos 2, 3 e 4, que podem ou n\u00e3o apresentar veias vis\u00edveis, priorizando os casos considerados mais graves. Mesmo quando n\u00e3o h\u00e1 veias aparentes, sintomas como dor nas pernas, sensa\u00e7\u00e3o de peso, cansa\u00e7o frequente e vermelhid\u00e3o podem indicar a necessidade de avalia\u00e7\u00e3o m\u00e9dica. A orienta\u00e7\u00e3o da Secretaria \u00e9 que a popula\u00e7\u00e3o fique atenta aos sinais e participe das triagens programadas. Neste primeiro momento, est\u00e3o sendo convocados pacientes que j\u00e1 aguardavam consulta com cirurgi\u00e3o vascular por meio da Central de Marca\u00e7\u00e3o. O acompanhamento m\u00e9dico ser\u00e1 mensal, garantindo monitoramento cont\u00ednuo da evolu\u00e7\u00e3o cl\u00ednica dos pacientes atendidos. Agentes comunit\u00e1rios de sa\u00fade e enfermeiros ficar\u00e3o respons\u00e1veis por atualizar as listas, organizar os encaminhamentos e orientar os usu\u00e1rios conforme o cronograma. A prefeitura afirma que o servi\u00e7o ser\u00e1 permanente, refor\u00e7ando a assist\u00eancia preventiva e melhorando a qualidade de vida da popula\u00e7\u00e3o.\" \/>\n<meta property=\"og:url\" content=\"https:\/\/sudoesteacontece.com.br\/?p=6037\" \/>\n<meta property=\"og:site_name\" content=\"Sudoesteacontece\" \/>\n<meta property=\"article:publisher\" content=\"https:\/\/www.facebook.com\/sudoesteacontece\/?locale=pt_BR\" \/>\n<meta property=\"article:published_time\" content=\"2026-01-13T19:33:19+00:00\" \/>\n<meta property=\"article:modified_time\" content=\"2026-01-13T19:33:23+00:00\" \/>\n<meta property=\"og:image\" content=\"https:\/\/sudoesteacontece.com.br\/wp-content\/uploads\/2025\/11\/Nao-aguentamos-mais-quedas-de-energia-viram-pesadelo-na-regiao-de-Livramento-sudoeste-acontece.jpeg\" \/>\n\t<meta property=\"og:image:width\" content=\"900\" \/>\n\t<meta property=\"og:image:height\" content=\"600\" \/>\n\t<meta property=\"og:image:type\" content=\"image\/jpeg\" \/>\n<meta name=\"author\" content=\"Reda\u00e7\u00e3o\" \/>\n<meta name=\"twitter:card\" content=\"summary_large_image\" \/>\n<meta name=\"twitter:label1\" content=\"Escrito por\" \/>\n\t<meta name=\"twitter:data1\" content=\"Reda\u00e7\u00e3o\" \/>\n\t<meta name=\"twitter:label2\" content=\"Est. tempo de leitura\" \/>\n\t<meta name=\"twitter:data2\" content=\"2 minutos\" \/>\n<script type=\"application\/ld+json\" class=\"yoast-schema-graph\">{\"@context\":\"https:\/\/schema.org\",\"@graph\":[{\"@type\":\"Article\",\"@id\":\"https:\/\/sudoesteacontece.com.br\/?p=6037#article\",\"isPartOf\":{\"@id\":\"https:\/\/sudoesteacontece.com.br\/?p=6037\"},\"author\":{\"name\":\"Reda\u00e7\u00e3o\",\"@id\":\"https:\/\/sudoesteacontece.com.br\/#\/schema\/person\/a4f22429c1d0923ef8f7d43343f8dc38\"},\"headline\":\"Livramento amplia cuidado pelo SUS e passa a oferecer tratamento de varizes \u00e0 popula\u00e7\u00e3o\",\"datePublished\":\"2026-01-13T19:33:19+00:00\",\"dateModified\":\"2026-01-13T19:33:23+00:00\",\"mainEntityOfPage\":{\"@id\":\"https:\/\/sudoesteacontece.com.br\/?p=6037\"},\"wordCount\":315,\"commentCount\":0,\"publisher\":{\"@id\":\"https:\/\/sudoesteacontece.com.br\/#organization\"},\"image\":{\"@id\":\"https:\/\/sudoesteacontece.com.br\/?p=6037#primaryimage\"},\"thumbnailUrl\":\"https:\/\/sudoesteacontece.com.br\/wp-content\/uploads\/2025\/11\/Nao-aguentamos-mais-quedas-de-energia-viram-pesadelo-na-regiao-de-Livramento-sudoeste-acontece.jpeg\",\"articleSection\":[\"Livramento\",\"Sa\u00fade\"],\"inLanguage\":\"pt-BR\",\"potentialAction\":[{\"@type\":\"CommentAction\",\"name\":\"Comment\",\"target\":[\"https:\/\/sudoesteacontece.com.br\/?p=6037#respond\"]}]},{\"@type\":\"WebPage\",\"@id\":\"https:\/\/sudoesteacontece.com.br\/?p=6037\",\"url\":\"https:\/\/sudoesteacontece.com.br\/?p=6037\",\"name\":\"Livramento amplia cuidado pelo SUS e passa a oferecer tratamento de varizes \u00e0 popula\u00e7\u00e3o - Sudoesteacontece\",\"isPartOf\":{\"@id\":\"https:\/\/sudoesteacontece.com.br\/#website\"},\"primaryImageOfPage\":{\"@id\":\"https:\/\/sudoesteacontece.com.br\/?p=6037#primaryimage\"},\"image\":{\"@id\":\"https:\/\/sudoesteacontece.com.br\/?p=6037#primaryimage\"},\"thumbnailUrl\":\"https:\/\/sudoesteacontece.com.br\/wp-content\/uploads\/2025\/11\/Nao-aguentamos-mais-quedas-de-energia-viram-pesadelo-na-regiao-de-Livramento-sudoeste-acontece.jpeg\",\"datePublished\":\"2026-01-13T19:33:19+00:00\",\"dateModified\":\"2026-01-13T19:33:23+00:00\",\"breadcrumb\":{\"@id\":\"https:\/\/sudoesteacontece.com.br\/?p=6037#breadcrumb\"},\"inLanguage\":\"pt-BR\",\"potentialAction\":[{\"@type\":\"ReadAction\",\"target\":[\"https:\/\/sudoesteacontece.com.br\/?p=6037\"]}]},{\"@type\":\"ImageObject\",\"inLanguage\":\"pt-BR\",\"@id\":\"https:\/\/sudoesteacontece.com.br\/?p=6037#primaryimage\",\"url\":\"https:\/\/sudoesteacontece.com.br\/wp-content\/uploads\/2025\/11\/Nao-aguentamos-mais-quedas-de-energia-viram-pesadelo-na-regiao-de-Livramento-sudoeste-acontece.jpeg\",\"contentUrl\":\"https:\/\/sudoesteacontece.com.br\/wp-content\/uploads\/2025\/11\/Nao-aguentamos-mais-quedas-de-energia-viram-pesadelo-na-regiao-de-Livramento-sudoeste-acontece.jpeg\",\"width\":900,\"height\":600,\"caption\":\"Foto Washington Tiago Sudoeste Acontece\"},{\"@type\":\"BreadcrumbList\",\"@id\":\"https:\/\/sudoesteacontece.com.br\/?p=6037#breadcrumb\",\"itemListElement\":[{\"@type\":\"ListItem\",\"position\":1,\"name\":\"In\u00edcio\",\"item\":\"https:\/\/sudoesteacontece.com.br\/\"},{\"@type\":\"ListItem\",\"position\":2,\"name\":\"Livramento amplia cuidado pelo SUS e passa a oferecer tratamento de varizes \u00e0 popula\u00e7\u00e3o\"}]},{\"@type\":\"WebSite\",\"@id\":\"https:\/\/sudoesteacontece.com.br\/#website\",\"url\":\"https:\/\/sudoesteacontece.com.br\/\",\"name\":\"Sudoesteacontece\",\"description\":\"\",\"publisher\":{\"@id\":\"https:\/\/sudoesteacontece.com.br\/#organization\"},\"potentialAction\":[{\"@type\":\"SearchAction\",\"target\":{\"@type\":\"EntryPoint\",\"urlTemplate\":\"https:\/\/sudoesteacontece.com.br\/?s={search_term_string}\"},\"query-input\":{\"@type\":\"PropertyValueSpecification\",\"valueRequired\":true,\"valueName\":\"search_term_string\"}}],\"inLanguage\":\"pt-BR\"},{\"@type\":\"Organization\",\"@id\":\"https:\/\/sudoesteacontece.com.br\/#organization\",\"name\":\"Sudoesteacontece\",\"url\":\"https:\/\/sudoesteacontece.com.br\/\",\"logo\":{\"@type\":\"ImageObject\",\"inLanguage\":\"pt-BR\",\"@id\":\"https:\/\/sudoesteacontece.com.br\/#\/schema\/logo\/image\/\",\"url\":\"https:\/\/sudoesteacontece.com.br\/wp-content\/uploads\/2025\/12\/cropped-logo-2-180x180-1.png\",\"contentUrl\":\"https:\/\/sudoesteacontece.com.br\/wp-content\/uploads\/2025\/12\/cropped-logo-2-180x180-1.png\",\"width\":180,\"height\":180,\"caption\":\"Sudoesteacontece\"},\"image\":{\"@id\":\"https:\/\/sudoesteacontece.com.br\/#\/schema\/logo\/image\/\"},\"sameAs\":[\"https:\/\/www.facebook.com\/sudoesteacontece\/?locale=pt_BR\"]},{\"@type\":\"Person\",\"@id\":\"https:\/\/sudoesteacontece.com.br\/#\/schema\/person\/a4f22429c1d0923ef8f7d43343f8dc38\",\"name\":\"Reda\u00e7\u00e3o\",\"image\":{\"@type\":\"ImageObject\",\"inLanguage\":\"pt-BR\",\"@id\":\"https:\/\/sudoesteacontece.com.br\/#\/schema\/person\/image\/\",\"url\":\"https:\/\/secure.gravatar.com\/avatar\/c3a5b3c93f268a709c25a2df414c629a96fb3b1b4bf97a94fb3f72e54ae76903?s=96&d=mm&r=g\",\"contentUrl\":\"https:\/\/secure.gravatar.com\/avatar\/c3a5b3c93f268a709c25a2df414c629a96fb3b1b4bf97a94fb3f72e54ae76903?s=96&d=mm&r=g\",\"caption\":\"Reda\u00e7\u00e3o\"},\"url\":\"https:\/\/sudoesteacontece.com.br\/?author=4\"}]}<\/script>\n<!-- \/ Yoast SEO plugin. -->","yoast_head_json":{"title":"Livramento amplia cuidado pelo SUS e passa a oferecer tratamento de varizes \u00e0 popula\u00e7\u00e3o - Sudoesteacontece","robots":{"index":"index","follow":"follow","max-snippet":"max-snippet:-1","max-image-preview":"max-image-preview:large","max-video-preview":"max-video-preview:-1"},"canonical":"https:\/\/sudoesteacontece.com.br\/?p=6037","og_locale":"pt_BR","og_type":"article","og_title":"Livramento amplia cuidado pelo SUS e passa a oferecer tratamento de varizes \u00e0 popula\u00e7\u00e3o - Sudoesteacontece","og_description":"Munic\u00edpio de Livramento de Nossa Senhora inicia neste m\u00eas um novo servi\u00e7o de sa\u00fade voltado ao tratamento de varizes pelo SUS. A iniciativa da prefeitura, por meio da Secretaria Municipal de Sa\u00fade, busca atender casos com risco de evolu\u00e7\u00e3o para complica\u00e7\u00f5es, ampliando o acesso a cuidados preventivos e especializados na rede p\u00fablica. Segundo a secret\u00e1ria de Sa\u00fade, Daniela Sampaio, o foco do atendimento ser\u00e1 em varizes que podem evoluir para quadros mais graves. Entre os riscos est\u00e3o \u00falceras de dif\u00edcil cicatriza\u00e7\u00e3o e altera\u00e7\u00f5es internas que, sem acompanhamento adequado, podem exigir procedimentos cir\u00fargicos no futuro. Para garantir organiza\u00e7\u00e3o e efetividade, o munic\u00edpio realizar\u00e1 triagens a cada tr\u00eas meses, com base em crit\u00e9rios cl\u00ednicos. O servi\u00e7o atender\u00e1 varizes dos tipos 2, 3 e 4, que podem ou n\u00e3o apresentar veias vis\u00edveis, priorizando os casos considerados mais graves. Mesmo quando n\u00e3o h\u00e1 veias aparentes, sintomas como dor nas pernas, sensa\u00e7\u00e3o de peso, cansa\u00e7o frequente e vermelhid\u00e3o podem indicar a necessidade de avalia\u00e7\u00e3o m\u00e9dica. A orienta\u00e7\u00e3o da Secretaria \u00e9 que a popula\u00e7\u00e3o fique atenta aos sinais e participe das triagens programadas. Neste primeiro momento, est\u00e3o sendo convocados pacientes que j\u00e1 aguardavam consulta com cirurgi\u00e3o vascular por meio da Central de Marca\u00e7\u00e3o. O acompanhamento m\u00e9dico ser\u00e1 mensal, garantindo monitoramento cont\u00ednuo da evolu\u00e7\u00e3o cl\u00ednica dos pacientes atendidos. Agentes comunit\u00e1rios de sa\u00fade e enfermeiros ficar\u00e3o respons\u00e1veis por atualizar as listas, organizar os encaminhamentos e orientar os usu\u00e1rios conforme o cronograma. A prefeitura afirma que o servi\u00e7o ser\u00e1 permanente, refor\u00e7ando a assist\u00eancia preventiva e melhorando a qualidade de vida da popula\u00e7\u00e3o.","og_url":"https:\/\/sudoesteacontece.com.br\/?p=6037","og_site_name":"Sudoesteacontece","article_publisher":"https:\/\/www.facebook.com\/sudoesteacontece\/?locale=pt_BR","article_published_time":"2026-01-13T19:33:19+00:00","article_modified_time":"2026-01-13T19:33:23+00:00","og_image":[{"width":900,"height":600,"url":"https:\/\/sudoesteacontece.com.br\/wp-content\/uploads\/2025\/11\/Nao-aguentamos-mais-quedas-de-energia-viram-pesadelo-na-regiao-de-Livramento-sudoeste-acontece.jpeg","type":"image\/jpeg"}],"author":"Reda\u00e7\u00e3o","twitter_card":"summary_large_image","twitter_misc":{"Escrito por":"Reda\u00e7\u00e3o","Est. tempo de leitura":"2 minutos"},"schema":{"@context":"https:\/\/schema.org","@graph":[{"@type":"Article","@id":"https:\/\/sudoesteacontece.com.br\/?p=6037#article","isPartOf":{"@id":"https:\/\/sudoesteacontece.com.br\/?p=6037"},"author":{"name":"Reda\u00e7\u00e3o","@id":"https:\/\/sudoesteacontece.com.br\/#\/schema\/person\/a4f22429c1d0923ef8f7d43343f8dc38"},"headline":"Livramento amplia cuidado pelo SUS e passa a oferecer tratamento de varizes \u00e0 popula\u00e7\u00e3o","datePublished":"2026-01-13T19:33:19+00:00","dateModified":"2026-01-13T19:33:23+00:00","mainEntityOfPage":{"@id":"https:\/\/sudoesteacontece.com.br\/?p=6037"},"wordCount":315,"commentCount":0,"publisher":{"@id":"https:\/\/sudoesteacontece.com.br\/#organization"},"image":{"@id":"https:\/\/sudoesteacontece.com.br\/?p=6037#primaryimage"},"thumbnailUrl":"https:\/\/sudoesteacontece.com.br\/wp-content\/uploads\/2025\/11\/Nao-aguentamos-mais-quedas-de-energia-viram-pesadelo-na-regiao-de-Livramento-sudoeste-acontece.jpeg","articleSection":["Livramento","Sa\u00fade"],"inLanguage":"pt-BR","potentialAction":[{"@type":"CommentAction","name":"Comment","target":["https:\/\/sudoesteacontece.com.br\/?p=6037#respond"]}]},{"@type":"WebPage","@id":"https:\/\/sudoesteacontece.com.br\/?p=6037","url":"https:\/\/sudoesteacontece.com.br\/?p=6037","name":"Livramento amplia cuidado pelo SUS e passa a oferecer tratamento de varizes \u00e0 popula\u00e7\u00e3o - Sudoesteacontece","isPartOf":{"@id":"https:\/\/sudoesteacontece.com.br\/#website"},"primaryImageOfPage":{"@id":"https:\/\/sudoesteacontece.com.br\/?p=6037#primaryimage"},"image":{"@id":"https:\/\/sudoesteacontece.com.br\/?p=6037#primaryimage"},"thumbnailUrl":"https:\/\/sudoesteacontece.com.br\/wp-content\/uploads\/2025\/11\/Nao-aguentamos-mais-quedas-de-energia-viram-pesadelo-na-regiao-de-Livramento-sudoeste-acontece.jpeg","datePublished":"2026-01-13T19:33:19+00:00","dateModified":"2026-01-13T19:33:23+00:00","breadcrumb":{"@id":"https:\/\/sudoesteacontece.com.br\/?p=6037#breadcrumb"},"inLanguage":"pt-BR","potentialAction":[{"@type":"ReadAction","target":["https:\/\/sudoesteacontece.com.br\/?p=6037"]}]},{"@type":"ImageObject","inLanguage":"pt-BR","@id":"https:\/\/sudoesteacontece.com.br\/?p=6037#primaryimage","url":"https:\/\/sudoesteacontece.com.br\/wp-content\/uploads\/2025\/11\/Nao-aguentamos-mais-quedas-de-energia-viram-pesadelo-na-regiao-de-Livramento-sudoeste-acontece.jpeg","contentUrl":"https:\/\/sudoesteacontece.com.br\/wp-content\/uploads\/2025\/11\/Nao-aguentamos-mais-quedas-de-energia-viram-pesadelo-na-regiao-de-Livramento-sudoeste-acontece.jpeg","width":900,"height":600,"caption":"Foto Washington Tiago Sudoeste Acontece"},{"@type":"BreadcrumbList","@id":"https:\/\/sudoesteacontece.com.br\/?p=6037#breadcrumb","itemListElement":[{"@type":"ListItem","position":1,"name":"In\u00edcio","item":"https:\/\/sudoesteacontece.com.br\/"},{"@type":"ListItem","position":2,"name":"Livramento amplia cuidado pelo SUS e passa a oferecer tratamento de varizes \u00e0 popula\u00e7\u00e3o"}]},{"@type":"WebSite","@id":"https:\/\/sudoesteacontece.com.br\/#website","url":"https:\/\/sudoesteacontece.com.br\/","name":"Sudoesteacontece","description":"","publisher":{"@id":"https:\/\/sudoesteacontece.com.br\/#organization"},"potentialAction":[{"@type":"SearchAction","target":{"@type":"EntryPoint","urlTemplate":"https:\/\/sudoesteacontece.com.br\/?s={search_term_string}"},"query-input":{"@type":"PropertyValueSpecification","valueRequired":true,"valueName":"search_term_string"}}],"inLanguage":"pt-BR"},{"@type":"Organization","@id":"https:\/\/sudoesteacontece.com.br\/#organization","name":"Sudoesteacontece","url":"https:\/\/sudoesteacontece.com.br\/","logo":{"@type":"ImageObject","inLanguage":"pt-BR","@id":"https:\/\/sudoesteacontece.com.br\/#\/schema\/logo\/image\/","url":"https:\/\/sudoesteacontece.com.br\/wp-content\/uploads\/2025\/12\/cropped-logo-2-180x180-1.png","contentUrl":"https:\/\/sudoesteacontece.com.br\/wp-content\/uploads\/2025\/12\/cropped-logo-2-180x180-1.png","width":180,"height":180,"caption":"Sudoesteacontece"},"image":{"@id":"https:\/\/sudoesteacontece.com.br\/#\/schema\/logo\/image\/"},"sameAs":["https:\/\/www.facebook.com\/sudoesteacontece\/?locale=pt_BR"]},{"@type":"Person","@id":"https:\/\/sudoesteacontece.com.br\/#\/schema\/person\/a4f22429c1d0923ef8f7d43343f8dc38","name":"Reda\u00e7\u00e3o","image":{"@type":"ImageObject","inLanguage":"pt-BR","@id":"https:\/\/sudoesteacontece.com.br\/#\/schema\/person\/image\/","url":"https:\/\/secure.gravatar.com\/avatar\/c3a5b3c93f268a709c25a2df414c629a96fb3b1b4bf97a94fb3f72e54ae76903?s=96&d=mm&r=g","contentUrl":"https:\/\/secure.gravatar.com\/avatar\/c3a5b3c93f268a709c25a2df414c629a96fb3b1b4bf97a94fb3f72e54ae76903?s=96&d=mm&r=g","caption":"Reda\u00e7\u00e3o"},"url":"https:\/\/sudoesteacontece.com.br\/?author=4"}]}},"_links":{"self":[{"href":"https:\/\/sudoesteacontece.com.br\/index.php?rest_route=\/wp\/v2\/posts\/6037","targetHints":{"allow":["GET"]}}],"collection":[{"href":"https:\/\/sudoesteacontece.com.br\/index.php?rest_route=\/wp\/v2\/posts"}],"about":[{"href":"https:\/\/sudoesteacontece.com.br\/index.php?rest_route=\/wp\/v2\/types\/post"}],"author":[{"embeddable":true,"href":"https:\/\/sudoesteacontece.com.br\/index.php?rest_route=\/wp\/v2\/users\/4"}],"replies":[{"embeddable":true,"href":"https:\/\/sudoesteacontece.com.br\/index.php?rest_route=%2Fwp%2Fv2%2Fcomments&post=6037"}],"version-history":[{"count":0,"href":"https:\/\/sudoesteacontece.com.br\/index.php?rest_route=\/wp\/v2\/posts\/6037\/revisions"}],"wp:featuredmedia":[{"embeddable":true,"href":"https:\/\/sudoesteacontece.com.br\/index.php?rest_route=\/wp\/v2\/media\/2271"}],"wp:attachment":[{"href":"https:\/\/sudoesteacontece.com.br\/index.php?rest_route=%2Fwp%2Fv2%2Fmedia&parent=6037"}],"wp:term":[{"taxonomy":"category","embeddable":true,"href":"https:\/\/sudoesteacontece.com.br\/index.php?rest_route=%2Fwp%2Fv2%2Fcategories&post=6037"},{"taxonomy":"post_tag","embeddable":true,"href":"https:\/\/sudoesteacontece.com.br\/index.php?rest_route=%2Fwp%2Fv2%2Ftags&post=6037"}],"curies":[{"name":"wp","href":"https:\/\/api.w.org\/{rel}","templated":true}]}}