{"id":6061,"date":"2026-01-14T10:11:25","date_gmt":"2026-01-14T13:11:25","guid":{"rendered":"https:\/\/sudoesteacontece.com.br\/?p=6061"},"modified":"2026-01-14T10:11:31","modified_gmt":"2026-01-14T13:11:31","slug":"brumado-entra-no-clima-da-festa-com-montagem-da-1a-cavalgada-dos-santos-reis","status":"publish","type":"post","link":"https:\/\/sudoesteacontece.com.br\/?p=6061","title":{"rendered":"Brumado entra no clima da festa com montagem da 1\u00aa Cavalgada dos Santos Reis"},"content":{"rendered":"<div class=\"wp-block-image\">\n<figure class=\"aligncenter size-full\"><img fetchpriority=\"high\" decoding=\"async\" width=\"900\" height=\"600\" src=\"http:\/\/sudoesteacontece.com.br\/wp-content\/uploads\/2026\/01\/Brumado-entra-no-clima-da-festa-com-montagem-da-1a-Cavalgada-dos-Santos-Reis-sudoeste-acontece.jpg\" alt=\"\" class=\"wp-image-6083\" srcset=\"https:\/\/sudoesteacontece.com.br\/wp-content\/uploads\/2026\/01\/Brumado-entra-no-clima-da-festa-com-montagem-da-1a-Cavalgada-dos-Santos-Reis-sudoeste-acontece.jpg 900w, https:\/\/sudoesteacontece.com.br\/wp-content\/uploads\/2026\/01\/Brumado-entra-no-clima-da-festa-com-montagem-da-1a-Cavalgada-dos-Santos-Reis-sudoeste-acontece-300x200.jpg 300w, https:\/\/sudoesteacontece.com.br\/wp-content\/uploads\/2026\/01\/Brumado-entra-no-clima-da-festa-com-montagem-da-1a-Cavalgada-dos-Santos-Reis-sudoeste-acontece-768x512.jpg 768w\" sizes=\"(max-width: 900px) 100vw, 900px\" \/><\/figure>\n<\/div>\n\n\n<p>Estrutura da 1\u00aa Cavalgada dos Santos Reis come\u00e7ou a ser montada em Brumado e j\u00e1 muda o cen\u00e1rio da cidade. Os trabalhos avan\u00e7aram nesta ter\u00e7a-feira (13) e marcam os preparativos para o evento que acontece no domingo (18), com expectativa de grande p\u00fablico e forte impacto cultural na capital do min\u00e9rio.<\/p>\n\n\n\n<p>Organiza\u00e7\u00e3o confirmou a instala\u00e7\u00e3o de uma mega estrutura no local da festa. O espa\u00e7o contar\u00e1 com palco para shows, grande toldo para conforto do p\u00fablico, \u00e1rea kids, bares e setor reservado para os cavaleiros acomodarem os animais com seguran\u00e7a. Entrada gratuita refor\u00e7a o car\u00e1ter popular do evento.<\/p>\n\n\n\n<p>Al\u00e9m disso, a programa\u00e7\u00e3o musical re\u00fane atra\u00e7\u00f5es de peso da m\u00fasica nacional e regional. Trio Parada Dura, Arreio de Ouro, Ed Rossi, Serginho Cardoso e Jorginho dos Teclados est\u00e3o confirmados para animar o p\u00fablico ao longo do dia.<\/p>\n\n\n\n<p>Concentra\u00e7\u00e3o da cavalgada est\u00e1 marcada para as 10h, no Campo do Esconso. O percurso seguir\u00e1 at\u00e9 o Parque de Exposi\u00e7\u00f5es Gilson Brito, ponto final da festa. Prefeitura informou que a programa\u00e7\u00e3o detalhada ser\u00e1 divulgada nos canais oficiais nos pr\u00f3ximos dias.<\/p>\n","protected":false},"excerpt":{"rendered":"<p>Estrutura da 1\u00aa Cavalgada dos Santos Reis come\u00e7ou a ser montada em Brumado e j\u00e1 muda o cen\u00e1rio da cidade. Os trabalhos avan\u00e7aram nesta ter\u00e7a-feira (13) e marcam os preparativos para o evento que acontece no domingo (18), com expectativa de grande p\u00fablico e forte impacto cultural na capital do min\u00e9rio. Organiza\u00e7\u00e3o confirmou a instala\u00e7\u00e3o de uma mega estrutura no local da festa. O espa\u00e7o contar\u00e1 com palco para shows, grande toldo para conforto do p\u00fablico, \u00e1rea kids, bares e setor reservado para os cavaleiros acomodarem os animais com seguran\u00e7a. Entrada gratuita refor\u00e7a o car\u00e1ter popular do evento. Al\u00e9m disso, a programa\u00e7\u00e3o musical re\u00fane atra\u00e7\u00f5es de peso da m\u00fasica nacional e regional. Trio Parada Dura, Arreio de Ouro, Ed Rossi, Serginho Cardoso e Jorginho dos Teclados est\u00e3o confirmados para animar o p\u00fablico ao longo do dia. Concentra\u00e7\u00e3o da cavalgada est\u00e1 marcada para as 10h, no Campo do Esconso. O percurso seguir\u00e1 at\u00e9 o Parque de Exposi\u00e7\u00f5es Gilson Brito, ponto final da festa. Prefeitura informou que a programa\u00e7\u00e3o detalhada ser\u00e1 divulgada nos canais oficiais nos pr\u00f3ximos dias.<\/p>\n","protected":false},"author":4,"featured_media":6083,"comment_status":"open","ping_status":"open","sticky":false,"template":"","format":"standard","meta":{"footnotes":""},"categories":[10,4,6],"tags":[],"class_list":["post-6061","post","type-post","status-publish","format-standard","has-post-thumbnail","hentry","category-brumado","category-cidades","category-politica"],"yoast_head":"<!-- This site is optimized with the Yoast SEO plugin v26.5 - https:\/\/yoast.com\/wordpress\/plugins\/seo\/ -->\n<title>Brumado entra no clima da festa com montagem da 1\u00aa Cavalgada dos Santos Reis - Sudoesteacontece<\/title>\n<meta name=\"robots\" content=\"index, follow, max-snippet:-1, max-image-preview:large, max-video-preview:-1\" \/>\n<link rel=\"canonical\" href=\"https:\/\/sudoesteacontece.com.br\/?p=6061\" \/>\n<meta property=\"og:locale\" content=\"pt_BR\" \/>\n<meta property=\"og:type\" content=\"article\" \/>\n<meta property=\"og:title\" content=\"Brumado entra no clima da festa com montagem da 1\u00aa Cavalgada dos Santos Reis - Sudoesteacontece\" \/>\n<meta property=\"og:description\" content=\"Estrutura da 1\u00aa Cavalgada dos Santos Reis come\u00e7ou a ser montada em Brumado e j\u00e1 muda o cen\u00e1rio da cidade. Os trabalhos avan\u00e7aram nesta ter\u00e7a-feira (13) e marcam os preparativos para o evento que acontece no domingo (18), com expectativa de grande p\u00fablico e forte impacto cultural na capital do min\u00e9rio. Organiza\u00e7\u00e3o confirmou a instala\u00e7\u00e3o de uma mega estrutura no local da festa. O espa\u00e7o contar\u00e1 com palco para shows, grande toldo para conforto do p\u00fablico, \u00e1rea kids, bares e setor reservado para os cavaleiros acomodarem os animais com seguran\u00e7a. Entrada gratuita refor\u00e7a o car\u00e1ter popular do evento. Al\u00e9m disso, a programa\u00e7\u00e3o musical re\u00fane atra\u00e7\u00f5es de peso da m\u00fasica nacional e regional. Trio Parada Dura, Arreio de Ouro, Ed Rossi, Serginho Cardoso e Jorginho dos Teclados est\u00e3o confirmados para animar o p\u00fablico ao longo do dia. Concentra\u00e7\u00e3o da cavalgada est\u00e1 marcada para as 10h, no Campo do Esconso. O percurso seguir\u00e1 at\u00e9 o Parque de Exposi\u00e7\u00f5es Gilson Brito, ponto final da festa. Prefeitura informou que a programa\u00e7\u00e3o detalhada ser\u00e1 divulgada nos canais oficiais nos pr\u00f3ximos dias.\" \/>\n<meta property=\"og:url\" content=\"https:\/\/sudoesteacontece.com.br\/?p=6061\" \/>\n<meta property=\"og:site_name\" content=\"Sudoesteacontece\" \/>\n<meta property=\"article:publisher\" content=\"https:\/\/www.facebook.com\/sudoesteacontece\/?locale=pt_BR\" \/>\n<meta property=\"article:published_time\" content=\"2026-01-14T13:11:25+00:00\" \/>\n<meta property=\"article:modified_time\" content=\"2026-01-14T13:11:31+00:00\" \/>\n<meta property=\"og:image\" content=\"https:\/\/sudoesteacontece.com.br\/wp-content\/uploads\/2026\/01\/Brumado-entra-no-clima-da-festa-com-montagem-da-1a-Cavalgada-dos-Santos-Reis-sudoeste-acontece.jpg\" \/>\n\t<meta property=\"og:image:width\" content=\"900\" \/>\n\t<meta property=\"og:image:height\" content=\"600\" \/>\n\t<meta property=\"og:image:type\" content=\"image\/jpeg\" \/>\n<meta name=\"author\" content=\"Reda\u00e7\u00e3o\" \/>\n<meta name=\"twitter:card\" content=\"summary_large_image\" \/>\n<meta name=\"twitter:label1\" content=\"Escrito por\" \/>\n\t<meta name=\"twitter:data1\" content=\"Reda\u00e7\u00e3o\" \/>\n\t<meta name=\"twitter:label2\" content=\"Est. tempo de leitura\" \/>\n\t<meta name=\"twitter:data2\" content=\"2 minutos\" \/>\n<script type=\"application\/ld+json\" class=\"yoast-schema-graph\">{\"@context\":\"https:\/\/schema.org\",\"@graph\":[{\"@type\":\"Article\",\"@id\":\"https:\/\/sudoesteacontece.com.br\/?p=6061#article\",\"isPartOf\":{\"@id\":\"https:\/\/sudoesteacontece.com.br\/?p=6061\"},\"author\":{\"name\":\"Reda\u00e7\u00e3o\",\"@id\":\"https:\/\/sudoesteacontece.com.br\/#\/schema\/person\/a4f22429c1d0923ef8f7d43343f8dc38\"},\"headline\":\"Brumado entra no clima da festa com montagem da 1\u00aa Cavalgada dos Santos Reis\",\"datePublished\":\"2026-01-14T13:11:25+00:00\",\"dateModified\":\"2026-01-14T13:11:31+00:00\",\"mainEntityOfPage\":{\"@id\":\"https:\/\/sudoesteacontece.com.br\/?p=6061\"},\"wordCount\":210,\"commentCount\":0,\"publisher\":{\"@id\":\"https:\/\/sudoesteacontece.com.br\/#organization\"},\"image\":{\"@id\":\"https:\/\/sudoesteacontece.com.br\/?p=6061#primaryimage\"},\"thumbnailUrl\":\"https:\/\/sudoesteacontece.com.br\/wp-content\/uploads\/2026\/01\/Brumado-entra-no-clima-da-festa-com-montagem-da-1a-Cavalgada-dos-Santos-Reis-sudoeste-acontece.jpg\",\"articleSection\":[\"Brumado\",\"Cidades\",\"Pol\u00edtica\"],\"inLanguage\":\"pt-BR\",\"potentialAction\":[{\"@type\":\"CommentAction\",\"name\":\"Comment\",\"target\":[\"https:\/\/sudoesteacontece.com.br\/?p=6061#respond\"]}]},{\"@type\":\"WebPage\",\"@id\":\"https:\/\/sudoesteacontece.com.br\/?p=6061\",\"url\":\"https:\/\/sudoesteacontece.com.br\/?p=6061\",\"name\":\"Brumado entra no clima da festa com montagem da 1\u00aa Cavalgada dos Santos Reis - Sudoesteacontece\",\"isPartOf\":{\"@id\":\"https:\/\/sudoesteacontece.com.br\/#website\"},\"primaryImageOfPage\":{\"@id\":\"https:\/\/sudoesteacontece.com.br\/?p=6061#primaryimage\"},\"image\":{\"@id\":\"https:\/\/sudoesteacontece.com.br\/?p=6061#primaryimage\"},\"thumbnailUrl\":\"https:\/\/sudoesteacontece.com.br\/wp-content\/uploads\/2026\/01\/Brumado-entra-no-clima-da-festa-com-montagem-da-1a-Cavalgada-dos-Santos-Reis-sudoeste-acontece.jpg\",\"datePublished\":\"2026-01-14T13:11:25+00:00\",\"dateModified\":\"2026-01-14T13:11:31+00:00\",\"breadcrumb\":{\"@id\":\"https:\/\/sudoesteacontece.com.br\/?p=6061#breadcrumb\"},\"inLanguage\":\"pt-BR\",\"potentialAction\":[{\"@type\":\"ReadAction\",\"target\":[\"https:\/\/sudoesteacontece.com.br\/?p=6061\"]}]},{\"@type\":\"ImageObject\",\"inLanguage\":\"pt-BR\",\"@id\":\"https:\/\/sudoesteacontece.com.br\/?p=6061#primaryimage\",\"url\":\"https:\/\/sudoesteacontece.com.br\/wp-content\/uploads\/2026\/01\/Brumado-entra-no-clima-da-festa-com-montagem-da-1a-Cavalgada-dos-Santos-Reis-sudoeste-acontece.jpg\",\"contentUrl\":\"https:\/\/sudoesteacontece.com.br\/wp-content\/uploads\/2026\/01\/Brumado-entra-no-clima-da-festa-com-montagem-da-1a-Cavalgada-dos-Santos-Reis-sudoeste-acontece.jpg\",\"width\":900,\"height\":600},{\"@type\":\"BreadcrumbList\",\"@id\":\"https:\/\/sudoesteacontece.com.br\/?p=6061#breadcrumb\",\"itemListElement\":[{\"@type\":\"ListItem\",\"position\":1,\"name\":\"In\u00edcio\",\"item\":\"https:\/\/sudoesteacontece.com.br\/\"},{\"@type\":\"ListItem\",\"position\":2,\"name\":\"Brumado entra no clima da festa com montagem da 1\u00aa Cavalgada dos Santos Reis\"}]},{\"@type\":\"WebSite\",\"@id\":\"https:\/\/sudoesteacontece.com.br\/#website\",\"url\":\"https:\/\/sudoesteacontece.com.br\/\",\"name\":\"Sudoesteacontece\",\"description\":\"\",\"publisher\":{\"@id\":\"https:\/\/sudoesteacontece.com.br\/#organization\"},\"potentialAction\":[{\"@type\":\"SearchAction\",\"target\":{\"@type\":\"EntryPoint\",\"urlTemplate\":\"https:\/\/sudoesteacontece.com.br\/?s={search_term_string}\"},\"query-input\":{\"@type\":\"PropertyValueSpecification\",\"valueRequired\":true,\"valueName\":\"search_term_string\"}}],\"inLanguage\":\"pt-BR\"},{\"@type\":\"Organization\",\"@id\":\"https:\/\/sudoesteacontece.com.br\/#organization\",\"name\":\"Sudoesteacontece\",\"url\":\"https:\/\/sudoesteacontece.com.br\/\",\"logo\":{\"@type\":\"ImageObject\",\"inLanguage\":\"pt-BR\",\"@id\":\"https:\/\/sudoesteacontece.com.br\/#\/schema\/logo\/image\/\",\"url\":\"https:\/\/sudoesteacontece.com.br\/wp-content\/uploads\/2025\/12\/cropped-logo-2-180x180-1.png\",\"contentUrl\":\"https:\/\/sudoesteacontece.com.br\/wp-content\/uploads\/2025\/12\/cropped-logo-2-180x180-1.png\",\"width\":180,\"height\":180,\"caption\":\"Sudoesteacontece\"},\"image\":{\"@id\":\"https:\/\/sudoesteacontece.com.br\/#\/schema\/logo\/image\/\"},\"sameAs\":[\"https:\/\/www.facebook.com\/sudoesteacontece\/?locale=pt_BR\"]},{\"@type\":\"Person\",\"@id\":\"https:\/\/sudoesteacontece.com.br\/#\/schema\/person\/a4f22429c1d0923ef8f7d43343f8dc38\",\"name\":\"Reda\u00e7\u00e3o\",\"image\":{\"@type\":\"ImageObject\",\"inLanguage\":\"pt-BR\",\"@id\":\"https:\/\/sudoesteacontece.com.br\/#\/schema\/person\/image\/\",\"url\":\"https:\/\/secure.gravatar.com\/avatar\/c3a5b3c93f268a709c25a2df414c629a96fb3b1b4bf97a94fb3f72e54ae76903?s=96&d=mm&r=g\",\"contentUrl\":\"https:\/\/secure.gravatar.com\/avatar\/c3a5b3c93f268a709c25a2df414c629a96fb3b1b4bf97a94fb3f72e54ae76903?s=96&d=mm&r=g\",\"caption\":\"Reda\u00e7\u00e3o\"},\"url\":\"https:\/\/sudoesteacontece.com.br\/?author=4\"}]}<\/script>\n<!-- \/ Yoast SEO plugin. -->","yoast_head_json":{"title":"Brumado entra no clima da festa com montagem da 1\u00aa Cavalgada dos Santos Reis - Sudoesteacontece","robots":{"index":"index","follow":"follow","max-snippet":"max-snippet:-1","max-image-preview":"max-image-preview:large","max-video-preview":"max-video-preview:-1"},"canonical":"https:\/\/sudoesteacontece.com.br\/?p=6061","og_locale":"pt_BR","og_type":"article","og_title":"Brumado entra no clima da festa com montagem da 1\u00aa Cavalgada dos Santos Reis - Sudoesteacontece","og_description":"Estrutura da 1\u00aa Cavalgada dos Santos Reis come\u00e7ou a ser montada em Brumado e j\u00e1 muda o cen\u00e1rio da cidade. Os trabalhos avan\u00e7aram nesta ter\u00e7a-feira (13) e marcam os preparativos para o evento que acontece no domingo (18), com expectativa de grande p\u00fablico e forte impacto cultural na capital do min\u00e9rio. Organiza\u00e7\u00e3o confirmou a instala\u00e7\u00e3o de uma mega estrutura no local da festa. O espa\u00e7o contar\u00e1 com palco para shows, grande toldo para conforto do p\u00fablico, \u00e1rea kids, bares e setor reservado para os cavaleiros acomodarem os animais com seguran\u00e7a. Entrada gratuita refor\u00e7a o car\u00e1ter popular do evento. Al\u00e9m disso, a programa\u00e7\u00e3o musical re\u00fane atra\u00e7\u00f5es de peso da m\u00fasica nacional e regional. Trio Parada Dura, Arreio de Ouro, Ed Rossi, Serginho Cardoso e Jorginho dos Teclados est\u00e3o confirmados para animar o p\u00fablico ao longo do dia. Concentra\u00e7\u00e3o da cavalgada est\u00e1 marcada para as 10h, no Campo do Esconso. O percurso seguir\u00e1 at\u00e9 o Parque de Exposi\u00e7\u00f5es Gilson Brito, ponto final da festa. Prefeitura informou que a programa\u00e7\u00e3o detalhada ser\u00e1 divulgada nos canais oficiais nos pr\u00f3ximos dias.","og_url":"https:\/\/sudoesteacontece.com.br\/?p=6061","og_site_name":"Sudoesteacontece","article_publisher":"https:\/\/www.facebook.com\/sudoesteacontece\/?locale=pt_BR","article_published_time":"2026-01-14T13:11:25+00:00","article_modified_time":"2026-01-14T13:11:31+00:00","og_image":[{"width":900,"height":600,"url":"https:\/\/sudoesteacontece.com.br\/wp-content\/uploads\/2026\/01\/Brumado-entra-no-clima-da-festa-com-montagem-da-1a-Cavalgada-dos-Santos-Reis-sudoeste-acontece.jpg","type":"image\/jpeg"}],"author":"Reda\u00e7\u00e3o","twitter_card":"summary_large_image","twitter_misc":{"Escrito por":"Reda\u00e7\u00e3o","Est. tempo de leitura":"2 minutos"},"schema":{"@context":"https:\/\/schema.org","@graph":[{"@type":"Article","@id":"https:\/\/sudoesteacontece.com.br\/?p=6061#article","isPartOf":{"@id":"https:\/\/sudoesteacontece.com.br\/?p=6061"},"author":{"name":"Reda\u00e7\u00e3o","@id":"https:\/\/sudoesteacontece.com.br\/#\/schema\/person\/a4f22429c1d0923ef8f7d43343f8dc38"},"headline":"Brumado entra no clima da festa com montagem da 1\u00aa Cavalgada dos Santos Reis","datePublished":"2026-01-14T13:11:25+00:00","dateModified":"2026-01-14T13:11:31+00:00","mainEntityOfPage":{"@id":"https:\/\/sudoesteacontece.com.br\/?p=6061"},"wordCount":210,"commentCount":0,"publisher":{"@id":"https:\/\/sudoesteacontece.com.br\/#organization"},"image":{"@id":"https:\/\/sudoesteacontece.com.br\/?p=6061#primaryimage"},"thumbnailUrl":"https:\/\/sudoesteacontece.com.br\/wp-content\/uploads\/2026\/01\/Brumado-entra-no-clima-da-festa-com-montagem-da-1a-Cavalgada-dos-Santos-Reis-sudoeste-acontece.jpg","articleSection":["Brumado","Cidades","Pol\u00edtica"],"inLanguage":"pt-BR","potentialAction":[{"@type":"CommentAction","name":"Comment","target":["https:\/\/sudoesteacontece.com.br\/?p=6061#respond"]}]},{"@type":"WebPage","@id":"https:\/\/sudoesteacontece.com.br\/?p=6061","url":"https:\/\/sudoesteacontece.com.br\/?p=6061","name":"Brumado entra no clima da festa com montagem da 1\u00aa Cavalgada dos Santos Reis - Sudoesteacontece","isPartOf":{"@id":"https:\/\/sudoesteacontece.com.br\/#website"},"primaryImageOfPage":{"@id":"https:\/\/sudoesteacontece.com.br\/?p=6061#primaryimage"},"image":{"@id":"https:\/\/sudoesteacontece.com.br\/?p=6061#primaryimage"},"thumbnailUrl":"https:\/\/sudoesteacontece.com.br\/wp-content\/uploads\/2026\/01\/Brumado-entra-no-clima-da-festa-com-montagem-da-1a-Cavalgada-dos-Santos-Reis-sudoeste-acontece.jpg","datePublished":"2026-01-14T13:11:25+00:00","dateModified":"2026-01-14T13:11:31+00:00","breadcrumb":{"@id":"https:\/\/sudoesteacontece.com.br\/?p=6061#breadcrumb"},"inLanguage":"pt-BR","potentialAction":[{"@type":"ReadAction","target":["https:\/\/sudoesteacontece.com.br\/?p=6061"]}]},{"@type":"ImageObject","inLanguage":"pt-BR","@id":"https:\/\/sudoesteacontece.com.br\/?p=6061#primaryimage","url":"https:\/\/sudoesteacontece.com.br\/wp-content\/uploads\/2026\/01\/Brumado-entra-no-clima-da-festa-com-montagem-da-1a-Cavalgada-dos-Santos-Reis-sudoeste-acontece.jpg","contentUrl":"https:\/\/sudoesteacontece.com.br\/wp-content\/uploads\/2026\/01\/Brumado-entra-no-clima-da-festa-com-montagem-da-1a-Cavalgada-dos-Santos-Reis-sudoeste-acontece.jpg","width":900,"height":600},{"@type":"BreadcrumbList","@id":"https:\/\/sudoesteacontece.com.br\/?p=6061#breadcrumb","itemListElement":[{"@type":"ListItem","position":1,"name":"In\u00edcio","item":"https:\/\/sudoesteacontece.com.br\/"},{"@type":"ListItem","position":2,"name":"Brumado entra no clima da festa com montagem da 1\u00aa Cavalgada dos Santos Reis"}]},{"@type":"WebSite","@id":"https:\/\/sudoesteacontece.com.br\/#website","url":"https:\/\/sudoesteacontece.com.br\/","name":"Sudoesteacontece","description":"","publisher":{"@id":"https:\/\/sudoesteacontece.com.br\/#organization"},"potentialAction":[{"@type":"SearchAction","target":{"@type":"EntryPoint","urlTemplate":"https:\/\/sudoesteacontece.com.br\/?s={search_term_string}"},"query-input":{"@type":"PropertyValueSpecification","valueRequired":true,"valueName":"search_term_string"}}],"inLanguage":"pt-BR"},{"@type":"Organization","@id":"https:\/\/sudoesteacontece.com.br\/#organization","name":"Sudoesteacontece","url":"https:\/\/sudoesteacontece.com.br\/","logo":{"@type":"ImageObject","inLanguage":"pt-BR","@id":"https:\/\/sudoesteacontece.com.br\/#\/schema\/logo\/image\/","url":"https:\/\/sudoesteacontece.com.br\/wp-content\/uploads\/2025\/12\/cropped-logo-2-180x180-1.png","contentUrl":"https:\/\/sudoesteacontece.com.br\/wp-content\/uploads\/2025\/12\/cropped-logo-2-180x180-1.png","width":180,"height":180,"caption":"Sudoesteacontece"},"image":{"@id":"https:\/\/sudoesteacontece.com.br\/#\/schema\/logo\/image\/"},"sameAs":["https:\/\/www.facebook.com\/sudoesteacontece\/?locale=pt_BR"]},{"@type":"Person","@id":"https:\/\/sudoesteacontece.com.br\/#\/schema\/person\/a4f22429c1d0923ef8f7d43343f8dc38","name":"Reda\u00e7\u00e3o","image":{"@type":"ImageObject","inLanguage":"pt-BR","@id":"https:\/\/sudoesteacontece.com.br\/#\/schema\/person\/image\/","url":"https:\/\/secure.gravatar.com\/avatar\/c3a5b3c93f268a709c25a2df414c629a96fb3b1b4bf97a94fb3f72e54ae76903?s=96&d=mm&r=g","contentUrl":"https:\/\/secure.gravatar.com\/avatar\/c3a5b3c93f268a709c25a2df414c629a96fb3b1b4bf97a94fb3f72e54ae76903?s=96&d=mm&r=g","caption":"Reda\u00e7\u00e3o"},"url":"https:\/\/sudoesteacontece.com.br\/?author=4"}]}},"_links":{"self":[{"href":"https:\/\/sudoesteacontece.com.br\/index.php?rest_route=\/wp\/v2\/posts\/6061","targetHints":{"allow":["GET"]}}],"collection":[{"href":"https:\/\/sudoesteacontece.com.br\/index.php?rest_route=\/wp\/v2\/posts"}],"about":[{"href":"https:\/\/sudoesteacontece.com.br\/index.php?rest_route=\/wp\/v2\/types\/post"}],"author":[{"embeddable":true,"href":"https:\/\/sudoesteacontece.com.br\/index.php?rest_route=\/wp\/v2\/users\/4"}],"replies":[{"embeddable":true,"href":"https:\/\/sudoesteacontece.com.br\/index.php?rest_route=%2Fwp%2Fv2%2Fcomments&post=6061"}],"version-history":[{"count":0,"href":"https:\/\/sudoesteacontece.com.br\/index.php?rest_route=\/wp\/v2\/posts\/6061\/revisions"}],"wp:featuredmedia":[{"embeddable":true,"href":"https:\/\/sudoesteacontece.com.br\/index.php?rest_route=\/wp\/v2\/media\/6083"}],"wp:attachment":[{"href":"https:\/\/sudoesteacontece.com.br\/index.php?rest_route=%2Fwp%2Fv2%2Fmedia&parent=6061"}],"wp:term":[{"taxonomy":"category","embeddable":true,"href":"https:\/\/sudoesteacontece.com.br\/index.php?rest_route=%2Fwp%2Fv2%2Fcategories&post=6061"},{"taxonomy":"post_tag","embeddable":true,"href":"https:\/\/sudoesteacontece.com.br\/index.php?rest_route=%2Fwp%2Fv2%2Ftags&post=6061"}],"curies":[{"name":"wp","href":"https:\/\/api.w.org\/{rel}","templated":true}]}}