{"id":6066,"date":"2026-01-14T10:33:58","date_gmt":"2026-01-14T13:33:58","guid":{"rendered":"https:\/\/sudoesteacontece.com.br\/?p=6066"},"modified":"2026-01-14T10:34:17","modified_gmt":"2026-01-14T13:34:17","slug":"apos-20-anos-foragido-homem-e-preso-ao-procurar-delegacia-para-registrar-perda-de-documentos-em-aracatu","status":"publish","type":"post","link":"https:\/\/sudoesteacontece.com.br\/?p=6066","title":{"rendered":"Ap\u00f3s 20 anos foragido, homem \u00e9 preso ao procurar delegacia para registrar perda de documentos em Aracatu"},"content":{"rendered":"<div class=\"wp-block-image\">\n<figure class=\"aligncenter size-full\"><img fetchpriority=\"high\" decoding=\"async\" width=\"900\" height=\"600\" src=\"http:\/\/sudoesteacontece.com.br\/wp-content\/uploads\/2026\/01\/Apos-20-anos-foragido-homem-e-preso-ao-procurar-delegacia-para-registrar-perda-de-documentos-em-Aracatu-sudoeste-acontece.jpg\" alt=\"\" class=\"wp-image-6091\" srcset=\"https:\/\/sudoesteacontece.com.br\/wp-content\/uploads\/2026\/01\/Apos-20-anos-foragido-homem-e-preso-ao-procurar-delegacia-para-registrar-perda-de-documentos-em-Aracatu-sudoeste-acontece.jpg 900w, https:\/\/sudoesteacontece.com.br\/wp-content\/uploads\/2026\/01\/Apos-20-anos-foragido-homem-e-preso-ao-procurar-delegacia-para-registrar-perda-de-documentos-em-Aracatu-sudoeste-acontece-300x200.jpg 300w, https:\/\/sudoesteacontece.com.br\/wp-content\/uploads\/2026\/01\/Apos-20-anos-foragido-homem-e-preso-ao-procurar-delegacia-para-registrar-perda-de-documentos-em-Aracatu-sudoeste-acontece-768x512.jpg 768w\" sizes=\"(max-width: 900px) 100vw, 900px\" \/><\/figure>\n<\/div>\n\n\n<p>Surpresa marcou a manh\u00e3 desta ter\u00e7a-feira (13) na Delegacia de Aracatu, quando um homem acabou preso ao tentar registrar um boletim de ocorr\u00eancia por perda de documentos pessoais. Durante a checagem de rotina, policiais identificaram um mandado de pris\u00e3o em aberto contra ele pelo crime de roubo.<\/p>\n\n\n\n<p>Segundo o delegado F\u00e1bio Lago, a ordem judicial estava pendente h\u00e1 quase duas d\u00e9cadas. A constata\u00e7\u00e3o ocorreu no momento em que os dados do homem foram inseridos no sistema, procedimento padr\u00e3o adotado pela Pol\u00edcia Civil em atendimentos na unidade.<\/p>\n\n\n\n<p>Identificado como Mariano Galv\u00e3o, morador da zona rural do munic\u00edpio, o suspeito recebeu voz de pris\u00e3o imediatamente ap\u00f3s a confirma\u00e7\u00e3o da validade do mandado. Ele foi conduzido para a sede da Delegacia de Brumado para os tr\u00e2mites legais.<\/p>\n\n\n\n<p>Conforme explicou o delegado, a pris\u00e3o foi formalizada durante o plant\u00e3o, garantindo o cumprimento da decis\u00e3o judicial. O homem permanece custodiado e deve ser apresentado em audi\u00eancia de cust\u00f3dia nos pr\u00f3ximos dias.<\/p>\n\n\n\n<p>A Pol\u00edcia Civil destacou que a a\u00e7\u00e3o refor\u00e7a o trabalho de rotina das delegacias e o compromisso com o cumprimento de mandados judiciais, mesmo em casos antigos, assegurando a responsabiliza\u00e7\u00e3o penal prevista em lei.<\/p>\n","protected":false},"excerpt":{"rendered":"<p>Surpresa marcou a manh\u00e3 desta ter\u00e7a-feira (13) na Delegacia de Aracatu, quando um homem acabou preso ao tentar registrar um boletim de ocorr\u00eancia por perda de documentos pessoais. Durante a checagem de rotina, policiais identificaram um mandado de pris\u00e3o em aberto contra ele pelo crime de roubo. Segundo o delegado F\u00e1bio Lago, a ordem judicial estava pendente h\u00e1 quase duas d\u00e9cadas. A constata\u00e7\u00e3o ocorreu no momento em que os dados do homem foram inseridos no sistema, procedimento padr\u00e3o adotado pela Pol\u00edcia Civil em atendimentos na unidade. Identificado como Mariano Galv\u00e3o, morador da zona rural do munic\u00edpio, o suspeito recebeu voz de pris\u00e3o imediatamente ap\u00f3s a confirma\u00e7\u00e3o da validade do mandado. Ele foi conduzido para a sede da Delegacia de Brumado para os tr\u00e2mites legais. Conforme explicou o delegado, a pris\u00e3o foi formalizada durante o plant\u00e3o, garantindo o cumprimento da decis\u00e3o judicial. O homem permanece custodiado e deve ser apresentado em audi\u00eancia de cust\u00f3dia nos pr\u00f3ximos dias. A Pol\u00edcia Civil destacou que a a\u00e7\u00e3o refor\u00e7a o trabalho de rotina das delegacias e o compromisso com o cumprimento de mandados judiciais, mesmo em casos antigos, assegurando a responsabiliza\u00e7\u00e3o penal prevista em lei.<\/p>\n","protected":false},"author":4,"featured_media":6091,"comment_status":"open","ping_status":"open","sticky":false,"template":"","format":"standard","meta":{"footnotes":""},"categories":[72,10,3],"tags":[],"class_list":["post-6066","post","type-post","status-publish","format-standard","has-post-thumbnail","hentry","category-aracatu","category-brumado","category-policia"],"yoast_head":"<!-- This site is optimized with the Yoast SEO plugin v26.5 - https:\/\/yoast.com\/wordpress\/plugins\/seo\/ -->\n<title>Ap\u00f3s 20 anos foragido, homem \u00e9 preso ao procurar delegacia para registrar perda de documentos em Aracatu - Sudoesteacontece<\/title>\n<meta name=\"robots\" content=\"index, follow, max-snippet:-1, max-image-preview:large, max-video-preview:-1\" \/>\n<link rel=\"canonical\" href=\"https:\/\/sudoesteacontece.com.br\/?p=6066\" \/>\n<meta property=\"og:locale\" content=\"pt_BR\" \/>\n<meta property=\"og:type\" content=\"article\" \/>\n<meta property=\"og:title\" content=\"Ap\u00f3s 20 anos foragido, homem \u00e9 preso ao procurar delegacia para registrar perda de documentos em Aracatu - Sudoesteacontece\" \/>\n<meta property=\"og:description\" content=\"Surpresa marcou a manh\u00e3 desta ter\u00e7a-feira (13) na Delegacia de Aracatu, quando um homem acabou preso ao tentar registrar um boletim de ocorr\u00eancia por perda de documentos pessoais. Durante a checagem de rotina, policiais identificaram um mandado de pris\u00e3o em aberto contra ele pelo crime de roubo. Segundo o delegado F\u00e1bio Lago, a ordem judicial estava pendente h\u00e1 quase duas d\u00e9cadas. A constata\u00e7\u00e3o ocorreu no momento em que os dados do homem foram inseridos no sistema, procedimento padr\u00e3o adotado pela Pol\u00edcia Civil em atendimentos na unidade. Identificado como Mariano Galv\u00e3o, morador da zona rural do munic\u00edpio, o suspeito recebeu voz de pris\u00e3o imediatamente ap\u00f3s a confirma\u00e7\u00e3o da validade do mandado. Ele foi conduzido para a sede da Delegacia de Brumado para os tr\u00e2mites legais. Conforme explicou o delegado, a pris\u00e3o foi formalizada durante o plant\u00e3o, garantindo o cumprimento da decis\u00e3o judicial. O homem permanece custodiado e deve ser apresentado em audi\u00eancia de cust\u00f3dia nos pr\u00f3ximos dias. A Pol\u00edcia Civil destacou que a a\u00e7\u00e3o refor\u00e7a o trabalho de rotina das delegacias e o compromisso com o cumprimento de mandados judiciais, mesmo em casos antigos, assegurando a responsabiliza\u00e7\u00e3o penal prevista em lei.\" \/>\n<meta property=\"og:url\" content=\"https:\/\/sudoesteacontece.com.br\/?p=6066\" \/>\n<meta property=\"og:site_name\" content=\"Sudoesteacontece\" \/>\n<meta property=\"article:publisher\" content=\"https:\/\/www.facebook.com\/sudoesteacontece\/?locale=pt_BR\" \/>\n<meta property=\"article:published_time\" content=\"2026-01-14T13:33:58+00:00\" \/>\n<meta property=\"article:modified_time\" content=\"2026-01-14T13:34:17+00:00\" \/>\n<meta property=\"og:image\" content=\"https:\/\/sudoesteacontece.com.br\/wp-content\/uploads\/2026\/01\/Apos-20-anos-foragido-homem-e-preso-ao-procurar-delegacia-para-registrar-perda-de-documentos-em-Aracatu-sudoeste-acontece.jpg\" \/>\n\t<meta property=\"og:image:width\" content=\"900\" \/>\n\t<meta property=\"og:image:height\" content=\"600\" \/>\n\t<meta property=\"og:image:type\" content=\"image\/jpeg\" \/>\n<meta name=\"author\" content=\"Reda\u00e7\u00e3o\" \/>\n<meta name=\"twitter:card\" content=\"summary_large_image\" \/>\n<meta name=\"twitter:label1\" content=\"Escrito por\" \/>\n\t<meta name=\"twitter:data1\" content=\"Reda\u00e7\u00e3o\" \/>\n\t<meta name=\"twitter:label2\" content=\"Est. tempo de leitura\" \/>\n\t<meta name=\"twitter:data2\" content=\"2 minutos\" \/>\n<script type=\"application\/ld+json\" class=\"yoast-schema-graph\">{\"@context\":\"https:\/\/schema.org\",\"@graph\":[{\"@type\":\"Article\",\"@id\":\"https:\/\/sudoesteacontece.com.br\/?p=6066#article\",\"isPartOf\":{\"@id\":\"https:\/\/sudoesteacontece.com.br\/?p=6066\"},\"author\":{\"name\":\"Reda\u00e7\u00e3o\",\"@id\":\"https:\/\/sudoesteacontece.com.br\/#\/schema\/person\/a4f22429c1d0923ef8f7d43343f8dc38\"},\"headline\":\"Ap\u00f3s 20 anos foragido, homem \u00e9 preso ao procurar delegacia para registrar perda de documentos em Aracatu\",\"datePublished\":\"2026-01-14T13:33:58+00:00\",\"dateModified\":\"2026-01-14T13:34:17+00:00\",\"mainEntityOfPage\":{\"@id\":\"https:\/\/sudoesteacontece.com.br\/?p=6066\"},\"wordCount\":229,\"commentCount\":0,\"publisher\":{\"@id\":\"https:\/\/sudoesteacontece.com.br\/#organization\"},\"image\":{\"@id\":\"https:\/\/sudoesteacontece.com.br\/?p=6066#primaryimage\"},\"thumbnailUrl\":\"https:\/\/sudoesteacontece.com.br\/wp-content\/uploads\/2026\/01\/Apos-20-anos-foragido-homem-e-preso-ao-procurar-delegacia-para-registrar-perda-de-documentos-em-Aracatu-sudoeste-acontece.jpg\",\"articleSection\":[\"Aracatu\",\"Brumado\",\"Pol\u00edcia\"],\"inLanguage\":\"pt-BR\",\"potentialAction\":[{\"@type\":\"CommentAction\",\"name\":\"Comment\",\"target\":[\"https:\/\/sudoesteacontece.com.br\/?p=6066#respond\"]}]},{\"@type\":\"WebPage\",\"@id\":\"https:\/\/sudoesteacontece.com.br\/?p=6066\",\"url\":\"https:\/\/sudoesteacontece.com.br\/?p=6066\",\"name\":\"Ap\u00f3s 20 anos foragido, homem \u00e9 preso ao procurar delegacia para registrar perda de documentos em Aracatu - Sudoesteacontece\",\"isPartOf\":{\"@id\":\"https:\/\/sudoesteacontece.com.br\/#website\"},\"primaryImageOfPage\":{\"@id\":\"https:\/\/sudoesteacontece.com.br\/?p=6066#primaryimage\"},\"image\":{\"@id\":\"https:\/\/sudoesteacontece.com.br\/?p=6066#primaryimage\"},\"thumbnailUrl\":\"https:\/\/sudoesteacontece.com.br\/wp-content\/uploads\/2026\/01\/Apos-20-anos-foragido-homem-e-preso-ao-procurar-delegacia-para-registrar-perda-de-documentos-em-Aracatu-sudoeste-acontece.jpg\",\"datePublished\":\"2026-01-14T13:33:58+00:00\",\"dateModified\":\"2026-01-14T13:34:17+00:00\",\"breadcrumb\":{\"@id\":\"https:\/\/sudoesteacontece.com.br\/?p=6066#breadcrumb\"},\"inLanguage\":\"pt-BR\",\"potentialAction\":[{\"@type\":\"ReadAction\",\"target\":[\"https:\/\/sudoesteacontece.com.br\/?p=6066\"]}]},{\"@type\":\"ImageObject\",\"inLanguage\":\"pt-BR\",\"@id\":\"https:\/\/sudoesteacontece.com.br\/?p=6066#primaryimage\",\"url\":\"https:\/\/sudoesteacontece.com.br\/wp-content\/uploads\/2026\/01\/Apos-20-anos-foragido-homem-e-preso-ao-procurar-delegacia-para-registrar-perda-de-documentos-em-Aracatu-sudoeste-acontece.jpg\",\"contentUrl\":\"https:\/\/sudoesteacontece.com.br\/wp-content\/uploads\/2026\/01\/Apos-20-anos-foragido-homem-e-preso-ao-procurar-delegacia-para-registrar-perda-de-documentos-em-Aracatu-sudoeste-acontece.jpg\",\"width\":900,\"height\":600},{\"@type\":\"BreadcrumbList\",\"@id\":\"https:\/\/sudoesteacontece.com.br\/?p=6066#breadcrumb\",\"itemListElement\":[{\"@type\":\"ListItem\",\"position\":1,\"name\":\"In\u00edcio\",\"item\":\"https:\/\/sudoesteacontece.com.br\/\"},{\"@type\":\"ListItem\",\"position\":2,\"name\":\"Ap\u00f3s 20 anos foragido, homem \u00e9 preso ao procurar delegacia para registrar perda de documentos em Aracatu\"}]},{\"@type\":\"WebSite\",\"@id\":\"https:\/\/sudoesteacontece.com.br\/#website\",\"url\":\"https:\/\/sudoesteacontece.com.br\/\",\"name\":\"Sudoesteacontece\",\"description\":\"\",\"publisher\":{\"@id\":\"https:\/\/sudoesteacontece.com.br\/#organization\"},\"potentialAction\":[{\"@type\":\"SearchAction\",\"target\":{\"@type\":\"EntryPoint\",\"urlTemplate\":\"https:\/\/sudoesteacontece.com.br\/?s={search_term_string}\"},\"query-input\":{\"@type\":\"PropertyValueSpecification\",\"valueRequired\":true,\"valueName\":\"search_term_string\"}}],\"inLanguage\":\"pt-BR\"},{\"@type\":\"Organization\",\"@id\":\"https:\/\/sudoesteacontece.com.br\/#organization\",\"name\":\"Sudoesteacontece\",\"url\":\"https:\/\/sudoesteacontece.com.br\/\",\"logo\":{\"@type\":\"ImageObject\",\"inLanguage\":\"pt-BR\",\"@id\":\"https:\/\/sudoesteacontece.com.br\/#\/schema\/logo\/image\/\",\"url\":\"https:\/\/sudoesteacontece.com.br\/wp-content\/uploads\/2025\/12\/cropped-logo-2-180x180-1.png\",\"contentUrl\":\"https:\/\/sudoesteacontece.com.br\/wp-content\/uploads\/2025\/12\/cropped-logo-2-180x180-1.png\",\"width\":180,\"height\":180,\"caption\":\"Sudoesteacontece\"},\"image\":{\"@id\":\"https:\/\/sudoesteacontece.com.br\/#\/schema\/logo\/image\/\"},\"sameAs\":[\"https:\/\/www.facebook.com\/sudoesteacontece\/?locale=pt_BR\"]},{\"@type\":\"Person\",\"@id\":\"https:\/\/sudoesteacontece.com.br\/#\/schema\/person\/a4f22429c1d0923ef8f7d43343f8dc38\",\"name\":\"Reda\u00e7\u00e3o\",\"image\":{\"@type\":\"ImageObject\",\"inLanguage\":\"pt-BR\",\"@id\":\"https:\/\/sudoesteacontece.com.br\/#\/schema\/person\/image\/\",\"url\":\"https:\/\/secure.gravatar.com\/avatar\/c3a5b3c93f268a709c25a2df414c629a96fb3b1b4bf97a94fb3f72e54ae76903?s=96&d=mm&r=g\",\"contentUrl\":\"https:\/\/secure.gravatar.com\/avatar\/c3a5b3c93f268a709c25a2df414c629a96fb3b1b4bf97a94fb3f72e54ae76903?s=96&d=mm&r=g\",\"caption\":\"Reda\u00e7\u00e3o\"},\"url\":\"https:\/\/sudoesteacontece.com.br\/?author=4\"}]}<\/script>\n<!-- \/ Yoast SEO plugin. -->","yoast_head_json":{"title":"Ap\u00f3s 20 anos foragido, homem \u00e9 preso ao procurar delegacia para registrar perda de documentos em Aracatu - Sudoesteacontece","robots":{"index":"index","follow":"follow","max-snippet":"max-snippet:-1","max-image-preview":"max-image-preview:large","max-video-preview":"max-video-preview:-1"},"canonical":"https:\/\/sudoesteacontece.com.br\/?p=6066","og_locale":"pt_BR","og_type":"article","og_title":"Ap\u00f3s 20 anos foragido, homem \u00e9 preso ao procurar delegacia para registrar perda de documentos em Aracatu - Sudoesteacontece","og_description":"Surpresa marcou a manh\u00e3 desta ter\u00e7a-feira (13) na Delegacia de Aracatu, quando um homem acabou preso ao tentar registrar um boletim de ocorr\u00eancia por perda de documentos pessoais. Durante a checagem de rotina, policiais identificaram um mandado de pris\u00e3o em aberto contra ele pelo crime de roubo. Segundo o delegado F\u00e1bio Lago, a ordem judicial estava pendente h\u00e1 quase duas d\u00e9cadas. A constata\u00e7\u00e3o ocorreu no momento em que os dados do homem foram inseridos no sistema, procedimento padr\u00e3o adotado pela Pol\u00edcia Civil em atendimentos na unidade. Identificado como Mariano Galv\u00e3o, morador da zona rural do munic\u00edpio, o suspeito recebeu voz de pris\u00e3o imediatamente ap\u00f3s a confirma\u00e7\u00e3o da validade do mandado. Ele foi conduzido para a sede da Delegacia de Brumado para os tr\u00e2mites legais. Conforme explicou o delegado, a pris\u00e3o foi formalizada durante o plant\u00e3o, garantindo o cumprimento da decis\u00e3o judicial. O homem permanece custodiado e deve ser apresentado em audi\u00eancia de cust\u00f3dia nos pr\u00f3ximos dias. A Pol\u00edcia Civil destacou que a a\u00e7\u00e3o refor\u00e7a o trabalho de rotina das delegacias e o compromisso com o cumprimento de mandados judiciais, mesmo em casos antigos, assegurando a responsabiliza\u00e7\u00e3o penal prevista em lei.","og_url":"https:\/\/sudoesteacontece.com.br\/?p=6066","og_site_name":"Sudoesteacontece","article_publisher":"https:\/\/www.facebook.com\/sudoesteacontece\/?locale=pt_BR","article_published_time":"2026-01-14T13:33:58+00:00","article_modified_time":"2026-01-14T13:34:17+00:00","og_image":[{"width":900,"height":600,"url":"https:\/\/sudoesteacontece.com.br\/wp-content\/uploads\/2026\/01\/Apos-20-anos-foragido-homem-e-preso-ao-procurar-delegacia-para-registrar-perda-de-documentos-em-Aracatu-sudoeste-acontece.jpg","type":"image\/jpeg"}],"author":"Reda\u00e7\u00e3o","twitter_card":"summary_large_image","twitter_misc":{"Escrito por":"Reda\u00e7\u00e3o","Est. tempo de leitura":"2 minutos"},"schema":{"@context":"https:\/\/schema.org","@graph":[{"@type":"Article","@id":"https:\/\/sudoesteacontece.com.br\/?p=6066#article","isPartOf":{"@id":"https:\/\/sudoesteacontece.com.br\/?p=6066"},"author":{"name":"Reda\u00e7\u00e3o","@id":"https:\/\/sudoesteacontece.com.br\/#\/schema\/person\/a4f22429c1d0923ef8f7d43343f8dc38"},"headline":"Ap\u00f3s 20 anos foragido, homem \u00e9 preso ao procurar delegacia para registrar perda de documentos em Aracatu","datePublished":"2026-01-14T13:33:58+00:00","dateModified":"2026-01-14T13:34:17+00:00","mainEntityOfPage":{"@id":"https:\/\/sudoesteacontece.com.br\/?p=6066"},"wordCount":229,"commentCount":0,"publisher":{"@id":"https:\/\/sudoesteacontece.com.br\/#organization"},"image":{"@id":"https:\/\/sudoesteacontece.com.br\/?p=6066#primaryimage"},"thumbnailUrl":"https:\/\/sudoesteacontece.com.br\/wp-content\/uploads\/2026\/01\/Apos-20-anos-foragido-homem-e-preso-ao-procurar-delegacia-para-registrar-perda-de-documentos-em-Aracatu-sudoeste-acontece.jpg","articleSection":["Aracatu","Brumado","Pol\u00edcia"],"inLanguage":"pt-BR","potentialAction":[{"@type":"CommentAction","name":"Comment","target":["https:\/\/sudoesteacontece.com.br\/?p=6066#respond"]}]},{"@type":"WebPage","@id":"https:\/\/sudoesteacontece.com.br\/?p=6066","url":"https:\/\/sudoesteacontece.com.br\/?p=6066","name":"Ap\u00f3s 20 anos foragido, homem \u00e9 preso ao procurar delegacia para registrar perda de documentos em Aracatu - Sudoesteacontece","isPartOf":{"@id":"https:\/\/sudoesteacontece.com.br\/#website"},"primaryImageOfPage":{"@id":"https:\/\/sudoesteacontece.com.br\/?p=6066#primaryimage"},"image":{"@id":"https:\/\/sudoesteacontece.com.br\/?p=6066#primaryimage"},"thumbnailUrl":"https:\/\/sudoesteacontece.com.br\/wp-content\/uploads\/2026\/01\/Apos-20-anos-foragido-homem-e-preso-ao-procurar-delegacia-para-registrar-perda-de-documentos-em-Aracatu-sudoeste-acontece.jpg","datePublished":"2026-01-14T13:33:58+00:00","dateModified":"2026-01-14T13:34:17+00:00","breadcrumb":{"@id":"https:\/\/sudoesteacontece.com.br\/?p=6066#breadcrumb"},"inLanguage":"pt-BR","potentialAction":[{"@type":"ReadAction","target":["https:\/\/sudoesteacontece.com.br\/?p=6066"]}]},{"@type":"ImageObject","inLanguage":"pt-BR","@id":"https:\/\/sudoesteacontece.com.br\/?p=6066#primaryimage","url":"https:\/\/sudoesteacontece.com.br\/wp-content\/uploads\/2026\/01\/Apos-20-anos-foragido-homem-e-preso-ao-procurar-delegacia-para-registrar-perda-de-documentos-em-Aracatu-sudoeste-acontece.jpg","contentUrl":"https:\/\/sudoesteacontece.com.br\/wp-content\/uploads\/2026\/01\/Apos-20-anos-foragido-homem-e-preso-ao-procurar-delegacia-para-registrar-perda-de-documentos-em-Aracatu-sudoeste-acontece.jpg","width":900,"height":600},{"@type":"BreadcrumbList","@id":"https:\/\/sudoesteacontece.com.br\/?p=6066#breadcrumb","itemListElement":[{"@type":"ListItem","position":1,"name":"In\u00edcio","item":"https:\/\/sudoesteacontece.com.br\/"},{"@type":"ListItem","position":2,"name":"Ap\u00f3s 20 anos foragido, homem \u00e9 preso ao procurar delegacia para registrar perda de documentos em Aracatu"}]},{"@type":"WebSite","@id":"https:\/\/sudoesteacontece.com.br\/#website","url":"https:\/\/sudoesteacontece.com.br\/","name":"Sudoesteacontece","description":"","publisher":{"@id":"https:\/\/sudoesteacontece.com.br\/#organization"},"potentialAction":[{"@type":"SearchAction","target":{"@type":"EntryPoint","urlTemplate":"https:\/\/sudoesteacontece.com.br\/?s={search_term_string}"},"query-input":{"@type":"PropertyValueSpecification","valueRequired":true,"valueName":"search_term_string"}}],"inLanguage":"pt-BR"},{"@type":"Organization","@id":"https:\/\/sudoesteacontece.com.br\/#organization","name":"Sudoesteacontece","url":"https:\/\/sudoesteacontece.com.br\/","logo":{"@type":"ImageObject","inLanguage":"pt-BR","@id":"https:\/\/sudoesteacontece.com.br\/#\/schema\/logo\/image\/","url":"https:\/\/sudoesteacontece.com.br\/wp-content\/uploads\/2025\/12\/cropped-logo-2-180x180-1.png","contentUrl":"https:\/\/sudoesteacontece.com.br\/wp-content\/uploads\/2025\/12\/cropped-logo-2-180x180-1.png","width":180,"height":180,"caption":"Sudoesteacontece"},"image":{"@id":"https:\/\/sudoesteacontece.com.br\/#\/schema\/logo\/image\/"},"sameAs":["https:\/\/www.facebook.com\/sudoesteacontece\/?locale=pt_BR"]},{"@type":"Person","@id":"https:\/\/sudoesteacontece.com.br\/#\/schema\/person\/a4f22429c1d0923ef8f7d43343f8dc38","name":"Reda\u00e7\u00e3o","image":{"@type":"ImageObject","inLanguage":"pt-BR","@id":"https:\/\/sudoesteacontece.com.br\/#\/schema\/person\/image\/","url":"https:\/\/secure.gravatar.com\/avatar\/c3a5b3c93f268a709c25a2df414c629a96fb3b1b4bf97a94fb3f72e54ae76903?s=96&d=mm&r=g","contentUrl":"https:\/\/secure.gravatar.com\/avatar\/c3a5b3c93f268a709c25a2df414c629a96fb3b1b4bf97a94fb3f72e54ae76903?s=96&d=mm&r=g","caption":"Reda\u00e7\u00e3o"},"url":"https:\/\/sudoesteacontece.com.br\/?author=4"}]}},"_links":{"self":[{"href":"https:\/\/sudoesteacontece.com.br\/index.php?rest_route=\/wp\/v2\/posts\/6066","targetHints":{"allow":["GET"]}}],"collection":[{"href":"https:\/\/sudoesteacontece.com.br\/index.php?rest_route=\/wp\/v2\/posts"}],"about":[{"href":"https:\/\/sudoesteacontece.com.br\/index.php?rest_route=\/wp\/v2\/types\/post"}],"author":[{"embeddable":true,"href":"https:\/\/sudoesteacontece.com.br\/index.php?rest_route=\/wp\/v2\/users\/4"}],"replies":[{"embeddable":true,"href":"https:\/\/sudoesteacontece.com.br\/index.php?rest_route=%2Fwp%2Fv2%2Fcomments&post=6066"}],"version-history":[{"count":0,"href":"https:\/\/sudoesteacontece.com.br\/index.php?rest_route=\/wp\/v2\/posts\/6066\/revisions"}],"wp:featuredmedia":[{"embeddable":true,"href":"https:\/\/sudoesteacontece.com.br\/index.php?rest_route=\/wp\/v2\/media\/6091"}],"wp:attachment":[{"href":"https:\/\/sudoesteacontece.com.br\/index.php?rest_route=%2Fwp%2Fv2%2Fmedia&parent=6066"}],"wp:term":[{"taxonomy":"category","embeddable":true,"href":"https:\/\/sudoesteacontece.com.br\/index.php?rest_route=%2Fwp%2Fv2%2Fcategories&post=6066"},{"taxonomy":"post_tag","embeddable":true,"href":"https:\/\/sudoesteacontece.com.br\/index.php?rest_route=%2Fwp%2Fv2%2Ftags&post=6066"}],"curies":[{"name":"wp","href":"https:\/\/api.w.org\/{rel}","templated":true}]}}