{"id":6068,"date":"2026-01-14T10:38:04","date_gmt":"2026-01-14T13:38:04","guid":{"rendered":"https:\/\/sudoesteacontece.com.br\/?p=6068"},"modified":"2026-01-14T10:38:10","modified_gmt":"2026-01-14T13:38:10","slug":"bebe-de-5-meses-luta-pela-vida-e-espera-transferencia-ha-mais-de-50-dias-na-regulacao-da-bahia","status":"publish","type":"post","link":"https:\/\/sudoesteacontece.com.br\/?p=6068","title":{"rendered":"Beb\u00ea de 5 meses luta pela vida e espera transfer\u00eancia h\u00e1 mais de 50 dias na regula\u00e7\u00e3o da Bahia"},"content":{"rendered":"<div class=\"wp-block-image\">\n<figure class=\"aligncenter size-full\"><img fetchpriority=\"high\" decoding=\"async\" width=\"900\" height=\"600\" src=\"http:\/\/sudoesteacontece.com.br\/wp-content\/uploads\/2026\/01\/Bebe-de-5-meses-luta-pela-vida-e-espera-transferencia-ha-mais-de-50-dias-na-regulacao-da-Bahia-sudoeste-acontece.jpg\" alt=\"\" class=\"wp-image-6094\" srcset=\"https:\/\/sudoesteacontece.com.br\/wp-content\/uploads\/2026\/01\/Bebe-de-5-meses-luta-pela-vida-e-espera-transferencia-ha-mais-de-50-dias-na-regulacao-da-Bahia-sudoeste-acontece.jpg 900w, https:\/\/sudoesteacontece.com.br\/wp-content\/uploads\/2026\/01\/Bebe-de-5-meses-luta-pela-vida-e-espera-transferencia-ha-mais-de-50-dias-na-regulacao-da-Bahia-sudoeste-acontece-300x200.jpg 300w, https:\/\/sudoesteacontece.com.br\/wp-content\/uploads\/2026\/01\/Bebe-de-5-meses-luta-pela-vida-e-espera-transferencia-ha-mais-de-50-dias-na-regulacao-da-Bahia-sudoeste-acontece-768x512.jpg 768w\" sizes=\"(max-width: 900px) 100vw, 900px\" \/><\/figure>\n<\/div>\n\n\n<p>Drama mobiliza moradores de Maca\u00fabas e Vit\u00f3ria da Conquista. A beb\u00ea Luiza Pereira Ara\u00fajo, de cinco meses, segue internada em estado grav\u00edssimo no Hospital de Base, \u00e0 espera de transfer\u00eancia urgente para Salvador. A crian\u00e7a est\u00e1 hospitalizada h\u00e1 mais de 50 dias, sem resposta oficial da regula\u00e7\u00e3o estadual sobre vaga ou data para o encaminhamento.<\/p>\n\n\n\n<p>Segundo a fam\u00edlia, o tempo se tornou o maior inimigo. Luiza tem suspeita de erro inato do metabolismo, grupo de doen\u00e7as raras que exige acompanhamento imediato de equipe altamente especializada e estrutura de alta complexidade. Essas condi\u00e7\u00f5es, conforme os parentes, estariam dispon\u00edveis no Hospital das Cl\u00ednicas, na capital baiana.<\/p>\n\n\n\n<p>Quadro cl\u00ednico inspira extrema aten\u00e7\u00e3o. A beb\u00ea j\u00e1 apresentou convuls\u00f5es e sofreu tr\u00eas paradas respirat\u00f3rias durante a interna\u00e7\u00e3o. Mesmo diante da gravidade, a transfer\u00eancia solicitada com pedido de UTI m\u00f3vel ainda n\u00e3o foi efetivada. A fam\u00edlia vive dias de ang\u00fastia e incerteza, sem retorno concreto das autoridades respons\u00e1veis.<\/p>\n\n\n\n<p>Antes da atualiza\u00e7\u00e3o mais recente, relat\u00f3rios m\u00e9dicos j\u00e1 apontavam risco iminente de morte. Desde ent\u00e3o, familiares acionaram Secretaria de Sa\u00fade, Governo do Estado, Minist\u00e9rio P\u00fablico, Defensoria P\u00fablica e parlamentares. A mobiliza\u00e7\u00e3o tamb\u00e9m ganhou for\u00e7a nas redes sociais, ampliando a press\u00e3o por respostas e por uma solu\u00e7\u00e3o imediata.<\/p>\n\n\n\n<p>Caso exp\u00f5e falhas recorrentes da regula\u00e7\u00e3o da sa\u00fade na Bahia. Situa\u00e7\u00f5es semelhantes atingem crian\u00e7as, adultos e idosos que aguardam vagas por semanas ou meses. A concentra\u00e7\u00e3o de servi\u00e7os especializados na capital, a falta de UTIs pedi\u00e1tricas e o subfinanciamento do SUS agravam o cen\u00e1rio, sobretudo no interior.<\/p>\n\n\n\n<p>Indigna\u00e7\u00e3o cresce diante da percep\u00e7\u00e3o de desigualdade. Moradores questionam se a demora seria a mesma caso a crian\u00e7a fosse parente de uma autoridade. A sensa\u00e7\u00e3o de que solu\u00e7\u00f5es dependem de \u201cpadrinhos pol\u00edticos\u201d revolta fam\u00edlias que defendem um princ\u00edpio b\u00e1sico: sa\u00fade n\u00e3o \u00e9 favor, \u00e9 direito garantido por lei.<\/p>\n\n\n\n<p>Enquanto a transfer\u00eancia n\u00e3o acontece, a pergunta segue sem resposta. At\u00e9 quando uma vida vai esperar na fila da regula\u00e7\u00e3o? Luiza n\u00e3o \u00e9 um protocolo nem um n\u00famero. \u00c9 uma beb\u00ea que luta para sobreviver, enquanto o sistema falha em garantir o atendimento que pode salvar sua vida.<\/p>\n","protected":false},"excerpt":{"rendered":"<p>Drama mobiliza moradores de Maca\u00fabas e Vit\u00f3ria da Conquista. A beb\u00ea Luiza Pereira Ara\u00fajo, de cinco meses, segue internada em estado grav\u00edssimo no Hospital de Base, \u00e0 espera de transfer\u00eancia urgente para Salvador. A crian\u00e7a est\u00e1 hospitalizada h\u00e1 mais de 50 dias, sem resposta oficial da regula\u00e7\u00e3o estadual sobre vaga ou data para o encaminhamento. Segundo a fam\u00edlia, o tempo se tornou o maior inimigo. Luiza tem suspeita de erro inato do metabolismo, grupo de doen\u00e7as raras que exige acompanhamento imediato de equipe altamente especializada e estrutura de alta complexidade. Essas condi\u00e7\u00f5es, conforme os parentes, estariam dispon\u00edveis no Hospital das Cl\u00ednicas, na capital baiana. Quadro cl\u00ednico inspira extrema aten\u00e7\u00e3o. A beb\u00ea j\u00e1 apresentou convuls\u00f5es e sofreu tr\u00eas paradas respirat\u00f3rias durante a interna\u00e7\u00e3o. Mesmo diante da gravidade, a transfer\u00eancia solicitada com pedido de UTI m\u00f3vel ainda n\u00e3o foi efetivada. A fam\u00edlia vive dias de ang\u00fastia e incerteza, sem retorno concreto das autoridades respons\u00e1veis. Antes da atualiza\u00e7\u00e3o mais recente, relat\u00f3rios m\u00e9dicos j\u00e1 apontavam risco iminente de morte. Desde ent\u00e3o, familiares acionaram Secretaria de Sa\u00fade, Governo do Estado, Minist\u00e9rio P\u00fablico, Defensoria P\u00fablica e parlamentares. A mobiliza\u00e7\u00e3o tamb\u00e9m ganhou for\u00e7a nas redes sociais, ampliando a press\u00e3o por respostas e por uma solu\u00e7\u00e3o imediata. Caso exp\u00f5e falhas recorrentes da regula\u00e7\u00e3o da sa\u00fade na Bahia. Situa\u00e7\u00f5es semelhantes atingem crian\u00e7as, adultos e idosos que aguardam vagas por semanas ou meses. A concentra\u00e7\u00e3o de servi\u00e7os especializados na capital, a falta de UTIs pedi\u00e1tricas e o subfinanciamento do SUS agravam o cen\u00e1rio, sobretudo no interior. Indigna\u00e7\u00e3o cresce diante da percep\u00e7\u00e3o de desigualdade. Moradores questionam se a demora seria a mesma caso a crian\u00e7a fosse parente de uma autoridade. A sensa\u00e7\u00e3o de que solu\u00e7\u00f5es dependem de \u201cpadrinhos pol\u00edticos\u201d revolta fam\u00edlias que defendem um princ\u00edpio b\u00e1sico: sa\u00fade n\u00e3o \u00e9 favor, \u00e9 direito garantido por lei. Enquanto a transfer\u00eancia n\u00e3o acontece, a pergunta segue sem resposta. At\u00e9 quando uma vida vai esperar na fila da regula\u00e7\u00e3o? Luiza n\u00e3o \u00e9 um protocolo nem um n\u00famero. \u00c9 uma beb\u00ea que luta para sobreviver, enquanto o sistema falha em garantir o atendimento que pode salvar sua vida.<\/p>\n","protected":false},"author":4,"featured_media":6094,"comment_status":"open","ping_status":"open","sticky":false,"template":"","format":"standard","meta":{"footnotes":""},"categories":[7,46,6,45],"tags":[],"class_list":["post-6068","post","type-post","status-publish","format-standard","has-post-thumbnail","hentry","category-bahia","category-macaubas","category-politica","category-saude"],"yoast_head":"<!-- This site is optimized with the Yoast SEO plugin v26.5 - https:\/\/yoast.com\/wordpress\/plugins\/seo\/ -->\n<title>Beb\u00ea de 5 meses luta pela vida e espera transfer\u00eancia h\u00e1 mais de 50 dias na regula\u00e7\u00e3o da Bahia - Sudoesteacontece<\/title>\n<meta name=\"robots\" content=\"index, follow, max-snippet:-1, max-image-preview:large, max-video-preview:-1\" \/>\n<link rel=\"canonical\" href=\"https:\/\/sudoesteacontece.com.br\/?p=6068\" \/>\n<meta property=\"og:locale\" content=\"pt_BR\" \/>\n<meta property=\"og:type\" content=\"article\" \/>\n<meta property=\"og:title\" content=\"Beb\u00ea de 5 meses luta pela vida e espera transfer\u00eancia h\u00e1 mais de 50 dias na regula\u00e7\u00e3o da Bahia - Sudoesteacontece\" \/>\n<meta property=\"og:description\" content=\"Drama mobiliza moradores de Maca\u00fabas e Vit\u00f3ria da Conquista. A beb\u00ea Luiza Pereira Ara\u00fajo, de cinco meses, segue internada em estado grav\u00edssimo no Hospital de Base, \u00e0 espera de transfer\u00eancia urgente para Salvador. A crian\u00e7a est\u00e1 hospitalizada h\u00e1 mais de 50 dias, sem resposta oficial da regula\u00e7\u00e3o estadual sobre vaga ou data para o encaminhamento. Segundo a fam\u00edlia, o tempo se tornou o maior inimigo. Luiza tem suspeita de erro inato do metabolismo, grupo de doen\u00e7as raras que exige acompanhamento imediato de equipe altamente especializada e estrutura de alta complexidade. Essas condi\u00e7\u00f5es, conforme os parentes, estariam dispon\u00edveis no Hospital das Cl\u00ednicas, na capital baiana. Quadro cl\u00ednico inspira extrema aten\u00e7\u00e3o. A beb\u00ea j\u00e1 apresentou convuls\u00f5es e sofreu tr\u00eas paradas respirat\u00f3rias durante a interna\u00e7\u00e3o. Mesmo diante da gravidade, a transfer\u00eancia solicitada com pedido de UTI m\u00f3vel ainda n\u00e3o foi efetivada. A fam\u00edlia vive dias de ang\u00fastia e incerteza, sem retorno concreto das autoridades respons\u00e1veis. Antes da atualiza\u00e7\u00e3o mais recente, relat\u00f3rios m\u00e9dicos j\u00e1 apontavam risco iminente de morte. Desde ent\u00e3o, familiares acionaram Secretaria de Sa\u00fade, Governo do Estado, Minist\u00e9rio P\u00fablico, Defensoria P\u00fablica e parlamentares. A mobiliza\u00e7\u00e3o tamb\u00e9m ganhou for\u00e7a nas redes sociais, ampliando a press\u00e3o por respostas e por uma solu\u00e7\u00e3o imediata. Caso exp\u00f5e falhas recorrentes da regula\u00e7\u00e3o da sa\u00fade na Bahia. Situa\u00e7\u00f5es semelhantes atingem crian\u00e7as, adultos e idosos que aguardam vagas por semanas ou meses. A concentra\u00e7\u00e3o de servi\u00e7os especializados na capital, a falta de UTIs pedi\u00e1tricas e o subfinanciamento do SUS agravam o cen\u00e1rio, sobretudo no interior. Indigna\u00e7\u00e3o cresce diante da percep\u00e7\u00e3o de desigualdade. Moradores questionam se a demora seria a mesma caso a crian\u00e7a fosse parente de uma autoridade. A sensa\u00e7\u00e3o de que solu\u00e7\u00f5es dependem de \u201cpadrinhos pol\u00edticos\u201d revolta fam\u00edlias que defendem um princ\u00edpio b\u00e1sico: sa\u00fade n\u00e3o \u00e9 favor, \u00e9 direito garantido por lei. Enquanto a transfer\u00eancia n\u00e3o acontece, a pergunta segue sem resposta. At\u00e9 quando uma vida vai esperar na fila da regula\u00e7\u00e3o? Luiza n\u00e3o \u00e9 um protocolo nem um n\u00famero. \u00c9 uma beb\u00ea que luta para sobreviver, enquanto o sistema falha em garantir o atendimento que pode salvar sua vida.\" \/>\n<meta property=\"og:url\" content=\"https:\/\/sudoesteacontece.com.br\/?p=6068\" \/>\n<meta property=\"og:site_name\" content=\"Sudoesteacontece\" \/>\n<meta property=\"article:publisher\" content=\"https:\/\/www.facebook.com\/sudoesteacontece\/?locale=pt_BR\" \/>\n<meta property=\"article:published_time\" content=\"2026-01-14T13:38:04+00:00\" \/>\n<meta property=\"article:modified_time\" content=\"2026-01-14T13:38:10+00:00\" \/>\n<meta property=\"og:image\" content=\"https:\/\/sudoesteacontece.com.br\/wp-content\/uploads\/2026\/01\/Bebe-de-5-meses-luta-pela-vida-e-espera-transferencia-ha-mais-de-50-dias-na-regulacao-da-Bahia-sudoeste-acontece.jpg\" \/>\n\t<meta property=\"og:image:width\" content=\"900\" \/>\n\t<meta property=\"og:image:height\" content=\"600\" \/>\n\t<meta property=\"og:image:type\" content=\"image\/jpeg\" \/>\n<meta name=\"author\" content=\"Reda\u00e7\u00e3o\" \/>\n<meta name=\"twitter:card\" content=\"summary_large_image\" \/>\n<meta name=\"twitter:label1\" content=\"Escrito por\" \/>\n\t<meta name=\"twitter:data1\" content=\"Reda\u00e7\u00e3o\" \/>\n\t<meta name=\"twitter:label2\" content=\"Est. tempo de leitura\" \/>\n\t<meta name=\"twitter:data2\" content=\"3 minutos\" \/>\n<script type=\"application\/ld+json\" class=\"yoast-schema-graph\">{\"@context\":\"https:\/\/schema.org\",\"@graph\":[{\"@type\":\"Article\",\"@id\":\"https:\/\/sudoesteacontece.com.br\/?p=6068#article\",\"isPartOf\":{\"@id\":\"https:\/\/sudoesteacontece.com.br\/?p=6068\"},\"author\":{\"name\":\"Reda\u00e7\u00e3o\",\"@id\":\"https:\/\/sudoesteacontece.com.br\/#\/schema\/person\/a4f22429c1d0923ef8f7d43343f8dc38\"},\"headline\":\"Beb\u00ea de 5 meses luta pela vida e espera transfer\u00eancia h\u00e1 mais de 50 dias na regula\u00e7\u00e3o da Bahia\",\"datePublished\":\"2026-01-14T13:38:04+00:00\",\"dateModified\":\"2026-01-14T13:38:10+00:00\",\"mainEntityOfPage\":{\"@id\":\"https:\/\/sudoesteacontece.com.br\/?p=6068\"},\"wordCount\":417,\"commentCount\":0,\"publisher\":{\"@id\":\"https:\/\/sudoesteacontece.com.br\/#organization\"},\"image\":{\"@id\":\"https:\/\/sudoesteacontece.com.br\/?p=6068#primaryimage\"},\"thumbnailUrl\":\"https:\/\/sudoesteacontece.com.br\/wp-content\/uploads\/2026\/01\/Bebe-de-5-meses-luta-pela-vida-e-espera-transferencia-ha-mais-de-50-dias-na-regulacao-da-Bahia-sudoeste-acontece.jpg\",\"articleSection\":[\"Bahia\",\"Maca\u00fabas\",\"Pol\u00edtica\",\"Sa\u00fade\"],\"inLanguage\":\"pt-BR\",\"potentialAction\":[{\"@type\":\"CommentAction\",\"name\":\"Comment\",\"target\":[\"https:\/\/sudoesteacontece.com.br\/?p=6068#respond\"]}]},{\"@type\":\"WebPage\",\"@id\":\"https:\/\/sudoesteacontece.com.br\/?p=6068\",\"url\":\"https:\/\/sudoesteacontece.com.br\/?p=6068\",\"name\":\"Beb\u00ea de 5 meses luta pela vida e espera transfer\u00eancia h\u00e1 mais de 50 dias na regula\u00e7\u00e3o da Bahia - Sudoesteacontece\",\"isPartOf\":{\"@id\":\"https:\/\/sudoesteacontece.com.br\/#website\"},\"primaryImageOfPage\":{\"@id\":\"https:\/\/sudoesteacontece.com.br\/?p=6068#primaryimage\"},\"image\":{\"@id\":\"https:\/\/sudoesteacontece.com.br\/?p=6068#primaryimage\"},\"thumbnailUrl\":\"https:\/\/sudoesteacontece.com.br\/wp-content\/uploads\/2026\/01\/Bebe-de-5-meses-luta-pela-vida-e-espera-transferencia-ha-mais-de-50-dias-na-regulacao-da-Bahia-sudoeste-acontece.jpg\",\"datePublished\":\"2026-01-14T13:38:04+00:00\",\"dateModified\":\"2026-01-14T13:38:10+00:00\",\"breadcrumb\":{\"@id\":\"https:\/\/sudoesteacontece.com.br\/?p=6068#breadcrumb\"},\"inLanguage\":\"pt-BR\",\"potentialAction\":[{\"@type\":\"ReadAction\",\"target\":[\"https:\/\/sudoesteacontece.com.br\/?p=6068\"]}]},{\"@type\":\"ImageObject\",\"inLanguage\":\"pt-BR\",\"@id\":\"https:\/\/sudoesteacontece.com.br\/?p=6068#primaryimage\",\"url\":\"https:\/\/sudoesteacontece.com.br\/wp-content\/uploads\/2026\/01\/Bebe-de-5-meses-luta-pela-vida-e-espera-transferencia-ha-mais-de-50-dias-na-regulacao-da-Bahia-sudoeste-acontece.jpg\",\"contentUrl\":\"https:\/\/sudoesteacontece.com.br\/wp-content\/uploads\/2026\/01\/Bebe-de-5-meses-luta-pela-vida-e-espera-transferencia-ha-mais-de-50-dias-na-regulacao-da-Bahia-sudoeste-acontece.jpg\",\"width\":900,\"height\":600},{\"@type\":\"BreadcrumbList\",\"@id\":\"https:\/\/sudoesteacontece.com.br\/?p=6068#breadcrumb\",\"itemListElement\":[{\"@type\":\"ListItem\",\"position\":1,\"name\":\"In\u00edcio\",\"item\":\"https:\/\/sudoesteacontece.com.br\/\"},{\"@type\":\"ListItem\",\"position\":2,\"name\":\"Beb\u00ea de 5 meses luta pela vida e espera transfer\u00eancia h\u00e1 mais de 50 dias na regula\u00e7\u00e3o da Bahia\"}]},{\"@type\":\"WebSite\",\"@id\":\"https:\/\/sudoesteacontece.com.br\/#website\",\"url\":\"https:\/\/sudoesteacontece.com.br\/\",\"name\":\"Sudoesteacontece\",\"description\":\"\",\"publisher\":{\"@id\":\"https:\/\/sudoesteacontece.com.br\/#organization\"},\"potentialAction\":[{\"@type\":\"SearchAction\",\"target\":{\"@type\":\"EntryPoint\",\"urlTemplate\":\"https:\/\/sudoesteacontece.com.br\/?s={search_term_string}\"},\"query-input\":{\"@type\":\"PropertyValueSpecification\",\"valueRequired\":true,\"valueName\":\"search_term_string\"}}],\"inLanguage\":\"pt-BR\"},{\"@type\":\"Organization\",\"@id\":\"https:\/\/sudoesteacontece.com.br\/#organization\",\"name\":\"Sudoesteacontece\",\"url\":\"https:\/\/sudoesteacontece.com.br\/\",\"logo\":{\"@type\":\"ImageObject\",\"inLanguage\":\"pt-BR\",\"@id\":\"https:\/\/sudoesteacontece.com.br\/#\/schema\/logo\/image\/\",\"url\":\"https:\/\/sudoesteacontece.com.br\/wp-content\/uploads\/2025\/12\/cropped-logo-2-180x180-1.png\",\"contentUrl\":\"https:\/\/sudoesteacontece.com.br\/wp-content\/uploads\/2025\/12\/cropped-logo-2-180x180-1.png\",\"width\":180,\"height\":180,\"caption\":\"Sudoesteacontece\"},\"image\":{\"@id\":\"https:\/\/sudoesteacontece.com.br\/#\/schema\/logo\/image\/\"},\"sameAs\":[\"https:\/\/www.facebook.com\/sudoesteacontece\/?locale=pt_BR\"]},{\"@type\":\"Person\",\"@id\":\"https:\/\/sudoesteacontece.com.br\/#\/schema\/person\/a4f22429c1d0923ef8f7d43343f8dc38\",\"name\":\"Reda\u00e7\u00e3o\",\"image\":{\"@type\":\"ImageObject\",\"inLanguage\":\"pt-BR\",\"@id\":\"https:\/\/sudoesteacontece.com.br\/#\/schema\/person\/image\/\",\"url\":\"https:\/\/secure.gravatar.com\/avatar\/c3a5b3c93f268a709c25a2df414c629a96fb3b1b4bf97a94fb3f72e54ae76903?s=96&d=mm&r=g\",\"contentUrl\":\"https:\/\/secure.gravatar.com\/avatar\/c3a5b3c93f268a709c25a2df414c629a96fb3b1b4bf97a94fb3f72e54ae76903?s=96&d=mm&r=g\",\"caption\":\"Reda\u00e7\u00e3o\"},\"url\":\"https:\/\/sudoesteacontece.com.br\/?author=4\"}]}<\/script>\n<!-- \/ Yoast SEO plugin. -->","yoast_head_json":{"title":"Beb\u00ea de 5 meses luta pela vida e espera transfer\u00eancia h\u00e1 mais de 50 dias na regula\u00e7\u00e3o da Bahia - Sudoesteacontece","robots":{"index":"index","follow":"follow","max-snippet":"max-snippet:-1","max-image-preview":"max-image-preview:large","max-video-preview":"max-video-preview:-1"},"canonical":"https:\/\/sudoesteacontece.com.br\/?p=6068","og_locale":"pt_BR","og_type":"article","og_title":"Beb\u00ea de 5 meses luta pela vida e espera transfer\u00eancia h\u00e1 mais de 50 dias na regula\u00e7\u00e3o da Bahia - Sudoesteacontece","og_description":"Drama mobiliza moradores de Maca\u00fabas e Vit\u00f3ria da Conquista. A beb\u00ea Luiza Pereira Ara\u00fajo, de cinco meses, segue internada em estado grav\u00edssimo no Hospital de Base, \u00e0 espera de transfer\u00eancia urgente para Salvador. A crian\u00e7a est\u00e1 hospitalizada h\u00e1 mais de 50 dias, sem resposta oficial da regula\u00e7\u00e3o estadual sobre vaga ou data para o encaminhamento. Segundo a fam\u00edlia, o tempo se tornou o maior inimigo. Luiza tem suspeita de erro inato do metabolismo, grupo de doen\u00e7as raras que exige acompanhamento imediato de equipe altamente especializada e estrutura de alta complexidade. Essas condi\u00e7\u00f5es, conforme os parentes, estariam dispon\u00edveis no Hospital das Cl\u00ednicas, na capital baiana. Quadro cl\u00ednico inspira extrema aten\u00e7\u00e3o. A beb\u00ea j\u00e1 apresentou convuls\u00f5es e sofreu tr\u00eas paradas respirat\u00f3rias durante a interna\u00e7\u00e3o. Mesmo diante da gravidade, a transfer\u00eancia solicitada com pedido de UTI m\u00f3vel ainda n\u00e3o foi efetivada. A fam\u00edlia vive dias de ang\u00fastia e incerteza, sem retorno concreto das autoridades respons\u00e1veis. Antes da atualiza\u00e7\u00e3o mais recente, relat\u00f3rios m\u00e9dicos j\u00e1 apontavam risco iminente de morte. Desde ent\u00e3o, familiares acionaram Secretaria de Sa\u00fade, Governo do Estado, Minist\u00e9rio P\u00fablico, Defensoria P\u00fablica e parlamentares. A mobiliza\u00e7\u00e3o tamb\u00e9m ganhou for\u00e7a nas redes sociais, ampliando a press\u00e3o por respostas e por uma solu\u00e7\u00e3o imediata. Caso exp\u00f5e falhas recorrentes da regula\u00e7\u00e3o da sa\u00fade na Bahia. Situa\u00e7\u00f5es semelhantes atingem crian\u00e7as, adultos e idosos que aguardam vagas por semanas ou meses. A concentra\u00e7\u00e3o de servi\u00e7os especializados na capital, a falta de UTIs pedi\u00e1tricas e o subfinanciamento do SUS agravam o cen\u00e1rio, sobretudo no interior. Indigna\u00e7\u00e3o cresce diante da percep\u00e7\u00e3o de desigualdade. Moradores questionam se a demora seria a mesma caso a crian\u00e7a fosse parente de uma autoridade. A sensa\u00e7\u00e3o de que solu\u00e7\u00f5es dependem de \u201cpadrinhos pol\u00edticos\u201d revolta fam\u00edlias que defendem um princ\u00edpio b\u00e1sico: sa\u00fade n\u00e3o \u00e9 favor, \u00e9 direito garantido por lei. Enquanto a transfer\u00eancia n\u00e3o acontece, a pergunta segue sem resposta. At\u00e9 quando uma vida vai esperar na fila da regula\u00e7\u00e3o? Luiza n\u00e3o \u00e9 um protocolo nem um n\u00famero. \u00c9 uma beb\u00ea que luta para sobreviver, enquanto o sistema falha em garantir o atendimento que pode salvar sua vida.","og_url":"https:\/\/sudoesteacontece.com.br\/?p=6068","og_site_name":"Sudoesteacontece","article_publisher":"https:\/\/www.facebook.com\/sudoesteacontece\/?locale=pt_BR","article_published_time":"2026-01-14T13:38:04+00:00","article_modified_time":"2026-01-14T13:38:10+00:00","og_image":[{"width":900,"height":600,"url":"https:\/\/sudoesteacontece.com.br\/wp-content\/uploads\/2026\/01\/Bebe-de-5-meses-luta-pela-vida-e-espera-transferencia-ha-mais-de-50-dias-na-regulacao-da-Bahia-sudoeste-acontece.jpg","type":"image\/jpeg"}],"author":"Reda\u00e7\u00e3o","twitter_card":"summary_large_image","twitter_misc":{"Escrito por":"Reda\u00e7\u00e3o","Est. tempo de leitura":"3 minutos"},"schema":{"@context":"https:\/\/schema.org","@graph":[{"@type":"Article","@id":"https:\/\/sudoesteacontece.com.br\/?p=6068#article","isPartOf":{"@id":"https:\/\/sudoesteacontece.com.br\/?p=6068"},"author":{"name":"Reda\u00e7\u00e3o","@id":"https:\/\/sudoesteacontece.com.br\/#\/schema\/person\/a4f22429c1d0923ef8f7d43343f8dc38"},"headline":"Beb\u00ea de 5 meses luta pela vida e espera transfer\u00eancia h\u00e1 mais de 50 dias na regula\u00e7\u00e3o da Bahia","datePublished":"2026-01-14T13:38:04+00:00","dateModified":"2026-01-14T13:38:10+00:00","mainEntityOfPage":{"@id":"https:\/\/sudoesteacontece.com.br\/?p=6068"},"wordCount":417,"commentCount":0,"publisher":{"@id":"https:\/\/sudoesteacontece.com.br\/#organization"},"image":{"@id":"https:\/\/sudoesteacontece.com.br\/?p=6068#primaryimage"},"thumbnailUrl":"https:\/\/sudoesteacontece.com.br\/wp-content\/uploads\/2026\/01\/Bebe-de-5-meses-luta-pela-vida-e-espera-transferencia-ha-mais-de-50-dias-na-regulacao-da-Bahia-sudoeste-acontece.jpg","articleSection":["Bahia","Maca\u00fabas","Pol\u00edtica","Sa\u00fade"],"inLanguage":"pt-BR","potentialAction":[{"@type":"CommentAction","name":"Comment","target":["https:\/\/sudoesteacontece.com.br\/?p=6068#respond"]}]},{"@type":"WebPage","@id":"https:\/\/sudoesteacontece.com.br\/?p=6068","url":"https:\/\/sudoesteacontece.com.br\/?p=6068","name":"Beb\u00ea de 5 meses luta pela vida e espera transfer\u00eancia h\u00e1 mais de 50 dias na regula\u00e7\u00e3o da Bahia - Sudoesteacontece","isPartOf":{"@id":"https:\/\/sudoesteacontece.com.br\/#website"},"primaryImageOfPage":{"@id":"https:\/\/sudoesteacontece.com.br\/?p=6068#primaryimage"},"image":{"@id":"https:\/\/sudoesteacontece.com.br\/?p=6068#primaryimage"},"thumbnailUrl":"https:\/\/sudoesteacontece.com.br\/wp-content\/uploads\/2026\/01\/Bebe-de-5-meses-luta-pela-vida-e-espera-transferencia-ha-mais-de-50-dias-na-regulacao-da-Bahia-sudoeste-acontece.jpg","datePublished":"2026-01-14T13:38:04+00:00","dateModified":"2026-01-14T13:38:10+00:00","breadcrumb":{"@id":"https:\/\/sudoesteacontece.com.br\/?p=6068#breadcrumb"},"inLanguage":"pt-BR","potentialAction":[{"@type":"ReadAction","target":["https:\/\/sudoesteacontece.com.br\/?p=6068"]}]},{"@type":"ImageObject","inLanguage":"pt-BR","@id":"https:\/\/sudoesteacontece.com.br\/?p=6068#primaryimage","url":"https:\/\/sudoesteacontece.com.br\/wp-content\/uploads\/2026\/01\/Bebe-de-5-meses-luta-pela-vida-e-espera-transferencia-ha-mais-de-50-dias-na-regulacao-da-Bahia-sudoeste-acontece.jpg","contentUrl":"https:\/\/sudoesteacontece.com.br\/wp-content\/uploads\/2026\/01\/Bebe-de-5-meses-luta-pela-vida-e-espera-transferencia-ha-mais-de-50-dias-na-regulacao-da-Bahia-sudoeste-acontece.jpg","width":900,"height":600},{"@type":"BreadcrumbList","@id":"https:\/\/sudoesteacontece.com.br\/?p=6068#breadcrumb","itemListElement":[{"@type":"ListItem","position":1,"name":"In\u00edcio","item":"https:\/\/sudoesteacontece.com.br\/"},{"@type":"ListItem","position":2,"name":"Beb\u00ea de 5 meses luta pela vida e espera transfer\u00eancia h\u00e1 mais de 50 dias na regula\u00e7\u00e3o da Bahia"}]},{"@type":"WebSite","@id":"https:\/\/sudoesteacontece.com.br\/#website","url":"https:\/\/sudoesteacontece.com.br\/","name":"Sudoesteacontece","description":"","publisher":{"@id":"https:\/\/sudoesteacontece.com.br\/#organization"},"potentialAction":[{"@type":"SearchAction","target":{"@type":"EntryPoint","urlTemplate":"https:\/\/sudoesteacontece.com.br\/?s={search_term_string}"},"query-input":{"@type":"PropertyValueSpecification","valueRequired":true,"valueName":"search_term_string"}}],"inLanguage":"pt-BR"},{"@type":"Organization","@id":"https:\/\/sudoesteacontece.com.br\/#organization","name":"Sudoesteacontece","url":"https:\/\/sudoesteacontece.com.br\/","logo":{"@type":"ImageObject","inLanguage":"pt-BR","@id":"https:\/\/sudoesteacontece.com.br\/#\/schema\/logo\/image\/","url":"https:\/\/sudoesteacontece.com.br\/wp-content\/uploads\/2025\/12\/cropped-logo-2-180x180-1.png","contentUrl":"https:\/\/sudoesteacontece.com.br\/wp-content\/uploads\/2025\/12\/cropped-logo-2-180x180-1.png","width":180,"height":180,"caption":"Sudoesteacontece"},"image":{"@id":"https:\/\/sudoesteacontece.com.br\/#\/schema\/logo\/image\/"},"sameAs":["https:\/\/www.facebook.com\/sudoesteacontece\/?locale=pt_BR"]},{"@type":"Person","@id":"https:\/\/sudoesteacontece.com.br\/#\/schema\/person\/a4f22429c1d0923ef8f7d43343f8dc38","name":"Reda\u00e7\u00e3o","image":{"@type":"ImageObject","inLanguage":"pt-BR","@id":"https:\/\/sudoesteacontece.com.br\/#\/schema\/person\/image\/","url":"https:\/\/secure.gravatar.com\/avatar\/c3a5b3c93f268a709c25a2df414c629a96fb3b1b4bf97a94fb3f72e54ae76903?s=96&d=mm&r=g","contentUrl":"https:\/\/secure.gravatar.com\/avatar\/c3a5b3c93f268a709c25a2df414c629a96fb3b1b4bf97a94fb3f72e54ae76903?s=96&d=mm&r=g","caption":"Reda\u00e7\u00e3o"},"url":"https:\/\/sudoesteacontece.com.br\/?author=4"}]}},"_links":{"self":[{"href":"https:\/\/sudoesteacontece.com.br\/index.php?rest_route=\/wp\/v2\/posts\/6068","targetHints":{"allow":["GET"]}}],"collection":[{"href":"https:\/\/sudoesteacontece.com.br\/index.php?rest_route=\/wp\/v2\/posts"}],"about":[{"href":"https:\/\/sudoesteacontece.com.br\/index.php?rest_route=\/wp\/v2\/types\/post"}],"author":[{"embeddable":true,"href":"https:\/\/sudoesteacontece.com.br\/index.php?rest_route=\/wp\/v2\/users\/4"}],"replies":[{"embeddable":true,"href":"https:\/\/sudoesteacontece.com.br\/index.php?rest_route=%2Fwp%2Fv2%2Fcomments&post=6068"}],"version-history":[{"count":0,"href":"https:\/\/sudoesteacontece.com.br\/index.php?rest_route=\/wp\/v2\/posts\/6068\/revisions"}],"wp:featuredmedia":[{"embeddable":true,"href":"https:\/\/sudoesteacontece.com.br\/index.php?rest_route=\/wp\/v2\/media\/6094"}],"wp:attachment":[{"href":"https:\/\/sudoesteacontece.com.br\/index.php?rest_route=%2Fwp%2Fv2%2Fmedia&parent=6068"}],"wp:term":[{"taxonomy":"category","embeddable":true,"href":"https:\/\/sudoesteacontece.com.br\/index.php?rest_route=%2Fwp%2Fv2%2Fcategories&post=6068"},{"taxonomy":"post_tag","embeddable":true,"href":"https:\/\/sudoesteacontece.com.br\/index.php?rest_route=%2Fwp%2Fv2%2Ftags&post=6068"}],"curies":[{"name":"wp","href":"https:\/\/api.w.org\/{rel}","templated":true}]}}