{"id":6070,"date":"2026-01-14T16:14:04","date_gmt":"2026-01-14T19:14:04","guid":{"rendered":"https:\/\/sudoesteacontece.com.br\/?p=6070"},"modified":"2026-01-14T16:14:09","modified_gmt":"2026-01-14T19:14:09","slug":"mp-aperta-regras-e-impoe-limites-rigorosos-para-o-carnaval-2026-em-rio-de-contas","status":"publish","type":"post","link":"https:\/\/sudoesteacontece.com.br\/?p=6070","title":{"rendered":"MP aperta regras e imp\u00f5e limites rigorosos para o Carnaval 2026 em Rio de Contas"},"content":{"rendered":"<div class=\"wp-block-image\">\n<figure class=\"aligncenter size-full\"><img fetchpriority=\"high\" decoding=\"async\" width=\"900\" height=\"600\" src=\"http:\/\/sudoesteacontece.com.br\/wp-content\/uploads\/2026\/01\/Suspeito-de-tentativa-de-homicidio-e-detido-ao-intimidar-vitima-em-frente-a-delegacia-em-Rio-de-Contas-sudoeste-acontece.jpg\" alt=\"\" class=\"wp-image-5581\" srcset=\"https:\/\/sudoesteacontece.com.br\/wp-content\/uploads\/2026\/01\/Suspeito-de-tentativa-de-homicidio-e-detido-ao-intimidar-vitima-em-frente-a-delegacia-em-Rio-de-Contas-sudoeste-acontece.jpg 900w, https:\/\/sudoesteacontece.com.br\/wp-content\/uploads\/2026\/01\/Suspeito-de-tentativa-de-homicidio-e-detido-ao-intimidar-vitima-em-frente-a-delegacia-em-Rio-de-Contas-sudoeste-acontece-300x200.jpg 300w, https:\/\/sudoesteacontece.com.br\/wp-content\/uploads\/2026\/01\/Suspeito-de-tentativa-de-homicidio-e-detido-ao-intimidar-vitima-em-frente-a-delegacia-em-Rio-de-Contas-sudoeste-acontece-768x512.jpg 768w\" sizes=\"(max-width: 900px) 100vw, 900px\" \/><\/figure>\n<\/div>\n\n\n<p>Alerta foi emitido pelo Minist\u00e9rio P\u00fablico da Bahia, que recomendou regras r\u00edgidas para a realiza\u00e7\u00e3o do Carnaval 2026 em Rio de Contas, na Chapada Diamantina. A medida busca garantir seguran\u00e7a, ordem urbana e prote\u00e7\u00e3o ao patrim\u00f4nio hist\u00f3rico, diante do grande fluxo de foli\u00f5es em uma \u00e1rea tombada e sens\u00edvel.<\/p>\n\n\n\n<p>Documento assinado pela promotora Ana Lu\u00edza Silveira de Oliveira aponta riscos ligados a aglomera\u00e7\u00f5es, consumo excessivo de \u00e1lcool e perturba\u00e7\u00e3o do sossego. O MP destacou a necessidade de equilibrar a tradi\u00e7\u00e3o cultural da festa com o direito \u00e0 sa\u00fade, \u00e0 seguran\u00e7a e ao descanso de moradores e visitantes.<\/p>\n\n\n\n<p>Entre as exig\u00eancias, a recomenda\u00e7\u00e3o determina a delimita\u00e7\u00e3o formal do circuito carnavalesco. A prefeitura dever\u00e1 definir, por ato administrativo, locais de shows, pontos autorizados de som, \u00e1reas de estacionamento e espa\u00e7os de embarque e desembarque, evitando improvisos e conflitos urbanos.<\/p>\n\n\n\n<p>Outra medida fixa intervalo obrigat\u00f3rio de sil\u00eancio para garantir o descanso da popula\u00e7\u00e3o. O repouso dever\u00e1 ocorrer entre 5h e 12h, com exce\u00e7\u00e3o do \u00faltimo dia da festa, quando o hor\u00e1rio poder\u00e1 come\u00e7ar \u00e0s 6h, reduzindo impactos sonoros prolongados.<\/p>\n\n\n\n<p>Uso de equipamentos sonoros tamb\u00e9m foi limitado. O MP admite apenas um pared\u00e3o de som, em car\u00e1ter excepcional, funcionando das 12h \u00e0s 18h, em local autorizado e sob controle t\u00e9cnico rigoroso, com fiscaliza\u00e7\u00e3o permanente durante todo o per\u00edodo.<\/p>\n\n\n\n<p>Al\u00e9m disso, o \u00f3rg\u00e3o recomendou proibi\u00e7\u00e3o total de recipientes de vidro no circuito oficial. A orienta\u00e7\u00e3o visa prevenir acidentes e epis\u00f3dios de viol\u00eancia. A prefeitura dever\u00e1 garantir atendimento m\u00e9dico, limpeza urbana, banheiros qu\u00edmicos, fiscaliza\u00e7\u00e3o refor\u00e7ada e divulga\u00e7\u00e3o ampla das regras.<\/p>\n\n\n\n<p>Enquanto isso, for\u00e7as de seguran\u00e7a receberam orienta\u00e7\u00f5es espec\u00edficas. A Pol\u00edcia Militar dever\u00e1 intensificar o policiamento ostensivo, a Pol\u00edcia Rodovi\u00e1ria Estadual far\u00e1 blitz nas entradas da cidade e a Pol\u00edcia Civil garantir\u00e1 resposta r\u00e1pida e atendimento humanizado \u00e0s v\u00edtimas.<\/p>\n\n\n\n<p>Por fim, o MP deu prazo de 72 horas para que os \u00f3rg\u00e3os informem se ir\u00e3o cumprir as recomenda\u00e7\u00f5es. O descumprimento poder\u00e1 resultar em medidas judiciais, refor\u00e7ando que o Carnaval pode ser festa, mas n\u00e3o pode colocar vidas, direitos e patrim\u00f4nio em risco.<\/p>\n","protected":false},"excerpt":{"rendered":"<p>Alerta foi emitido pelo Minist\u00e9rio P\u00fablico da Bahia, que recomendou regras r\u00edgidas para a realiza\u00e7\u00e3o do Carnaval 2026 em Rio de Contas, na Chapada Diamantina. A medida busca garantir seguran\u00e7a, ordem urbana e prote\u00e7\u00e3o ao patrim\u00f4nio hist\u00f3rico, diante do grande fluxo de foli\u00f5es em uma \u00e1rea tombada e sens\u00edvel. Documento assinado pela promotora Ana Lu\u00edza Silveira de Oliveira aponta riscos ligados a aglomera\u00e7\u00f5es, consumo excessivo de \u00e1lcool e perturba\u00e7\u00e3o do sossego. O MP destacou a necessidade de equilibrar a tradi\u00e7\u00e3o cultural da festa com o direito \u00e0 sa\u00fade, \u00e0 seguran\u00e7a e ao descanso de moradores e visitantes. Entre as exig\u00eancias, a recomenda\u00e7\u00e3o determina a delimita\u00e7\u00e3o formal do circuito carnavalesco. A prefeitura dever\u00e1 definir, por ato administrativo, locais de shows, pontos autorizados de som, \u00e1reas de estacionamento e espa\u00e7os de embarque e desembarque, evitando improvisos e conflitos urbanos. Outra medida fixa intervalo obrigat\u00f3rio de sil\u00eancio para garantir o descanso da popula\u00e7\u00e3o. O repouso dever\u00e1 ocorrer entre 5h e 12h, com exce\u00e7\u00e3o do \u00faltimo dia da festa, quando o hor\u00e1rio poder\u00e1 come\u00e7ar \u00e0s 6h, reduzindo impactos sonoros prolongados. Uso de equipamentos sonoros tamb\u00e9m foi limitado. O MP admite apenas um pared\u00e3o de som, em car\u00e1ter excepcional, funcionando das 12h \u00e0s 18h, em local autorizado e sob controle t\u00e9cnico rigoroso, com fiscaliza\u00e7\u00e3o permanente durante todo o per\u00edodo. Al\u00e9m disso, o \u00f3rg\u00e3o recomendou proibi\u00e7\u00e3o total de recipientes de vidro no circuito oficial. A orienta\u00e7\u00e3o visa prevenir acidentes e epis\u00f3dios de viol\u00eancia. A prefeitura dever\u00e1 garantir atendimento m\u00e9dico, limpeza urbana, banheiros qu\u00edmicos, fiscaliza\u00e7\u00e3o refor\u00e7ada e divulga\u00e7\u00e3o ampla das regras. Enquanto isso, for\u00e7as de seguran\u00e7a receberam orienta\u00e7\u00f5es espec\u00edficas. A Pol\u00edcia Militar dever\u00e1 intensificar o policiamento ostensivo, a Pol\u00edcia Rodovi\u00e1ria Estadual far\u00e1 blitz nas entradas da cidade e a Pol\u00edcia Civil garantir\u00e1 resposta r\u00e1pida e atendimento humanizado \u00e0s v\u00edtimas. Por fim, o MP deu prazo de 72 horas para que os \u00f3rg\u00e3os informem se ir\u00e3o cumprir as recomenda\u00e7\u00f5es. O descumprimento poder\u00e1 resultar em medidas judiciais, refor\u00e7ando que o Carnaval pode ser festa, mas n\u00e3o pode colocar vidas, direitos e patrim\u00f4nio em risco.<\/p>\n","protected":false},"author":4,"featured_media":5581,"comment_status":"open","ping_status":"open","sticky":false,"template":"","format":"standard","meta":{"footnotes":""},"categories":[13,6,62],"tags":[],"class_list":["post-6070","post","type-post","status-publish","format-standard","has-post-thumbnail","hentry","category-justica","category-politica","category-rio-de-contas"],"yoast_head":"<!-- This site is optimized with the Yoast SEO plugin v26.5 - https:\/\/yoast.com\/wordpress\/plugins\/seo\/ -->\n<title>MP aperta regras e imp\u00f5e limites rigorosos para o Carnaval 2026 em Rio de Contas - Sudoesteacontece<\/title>\n<meta name=\"robots\" content=\"index, follow, max-snippet:-1, max-image-preview:large, max-video-preview:-1\" \/>\n<link rel=\"canonical\" href=\"https:\/\/sudoesteacontece.com.br\/?p=6070\" \/>\n<meta property=\"og:locale\" content=\"pt_BR\" \/>\n<meta property=\"og:type\" content=\"article\" \/>\n<meta property=\"og:title\" content=\"MP aperta regras e imp\u00f5e limites rigorosos para o Carnaval 2026 em Rio de Contas - Sudoesteacontece\" \/>\n<meta property=\"og:description\" content=\"Alerta foi emitido pelo Minist\u00e9rio P\u00fablico da Bahia, que recomendou regras r\u00edgidas para a realiza\u00e7\u00e3o do Carnaval 2026 em Rio de Contas, na Chapada Diamantina. A medida busca garantir seguran\u00e7a, ordem urbana e prote\u00e7\u00e3o ao patrim\u00f4nio hist\u00f3rico, diante do grande fluxo de foli\u00f5es em uma \u00e1rea tombada e sens\u00edvel. Documento assinado pela promotora Ana Lu\u00edza Silveira de Oliveira aponta riscos ligados a aglomera\u00e7\u00f5es, consumo excessivo de \u00e1lcool e perturba\u00e7\u00e3o do sossego. O MP destacou a necessidade de equilibrar a tradi\u00e7\u00e3o cultural da festa com o direito \u00e0 sa\u00fade, \u00e0 seguran\u00e7a e ao descanso de moradores e visitantes. Entre as exig\u00eancias, a recomenda\u00e7\u00e3o determina a delimita\u00e7\u00e3o formal do circuito carnavalesco. A prefeitura dever\u00e1 definir, por ato administrativo, locais de shows, pontos autorizados de som, \u00e1reas de estacionamento e espa\u00e7os de embarque e desembarque, evitando improvisos e conflitos urbanos. Outra medida fixa intervalo obrigat\u00f3rio de sil\u00eancio para garantir o descanso da popula\u00e7\u00e3o. O repouso dever\u00e1 ocorrer entre 5h e 12h, com exce\u00e7\u00e3o do \u00faltimo dia da festa, quando o hor\u00e1rio poder\u00e1 come\u00e7ar \u00e0s 6h, reduzindo impactos sonoros prolongados. Uso de equipamentos sonoros tamb\u00e9m foi limitado. O MP admite apenas um pared\u00e3o de som, em car\u00e1ter excepcional, funcionando das 12h \u00e0s 18h, em local autorizado e sob controle t\u00e9cnico rigoroso, com fiscaliza\u00e7\u00e3o permanente durante todo o per\u00edodo. Al\u00e9m disso, o \u00f3rg\u00e3o recomendou proibi\u00e7\u00e3o total de recipientes de vidro no circuito oficial. A orienta\u00e7\u00e3o visa prevenir acidentes e epis\u00f3dios de viol\u00eancia. A prefeitura dever\u00e1 garantir atendimento m\u00e9dico, limpeza urbana, banheiros qu\u00edmicos, fiscaliza\u00e7\u00e3o refor\u00e7ada e divulga\u00e7\u00e3o ampla das regras. Enquanto isso, for\u00e7as de seguran\u00e7a receberam orienta\u00e7\u00f5es espec\u00edficas. A Pol\u00edcia Militar dever\u00e1 intensificar o policiamento ostensivo, a Pol\u00edcia Rodovi\u00e1ria Estadual far\u00e1 blitz nas entradas da cidade e a Pol\u00edcia Civil garantir\u00e1 resposta r\u00e1pida e atendimento humanizado \u00e0s v\u00edtimas. Por fim, o MP deu prazo de 72 horas para que os \u00f3rg\u00e3os informem se ir\u00e3o cumprir as recomenda\u00e7\u00f5es. O descumprimento poder\u00e1 resultar em medidas judiciais, refor\u00e7ando que o Carnaval pode ser festa, mas n\u00e3o pode colocar vidas, direitos e patrim\u00f4nio em risco.\" \/>\n<meta property=\"og:url\" content=\"https:\/\/sudoesteacontece.com.br\/?p=6070\" \/>\n<meta property=\"og:site_name\" content=\"Sudoesteacontece\" \/>\n<meta property=\"article:publisher\" content=\"https:\/\/www.facebook.com\/sudoesteacontece\/?locale=pt_BR\" \/>\n<meta property=\"article:published_time\" content=\"2026-01-14T19:14:04+00:00\" \/>\n<meta property=\"article:modified_time\" content=\"2026-01-14T19:14:09+00:00\" \/>\n<meta property=\"og:image\" content=\"https:\/\/sudoesteacontece.com.br\/wp-content\/uploads\/2026\/01\/Suspeito-de-tentativa-de-homicidio-e-detido-ao-intimidar-vitima-em-frente-a-delegacia-em-Rio-de-Contas-sudoeste-acontece.jpg\" \/>\n\t<meta property=\"og:image:width\" content=\"900\" \/>\n\t<meta property=\"og:image:height\" content=\"600\" \/>\n\t<meta property=\"og:image:type\" content=\"image\/jpeg\" \/>\n<meta name=\"author\" content=\"Reda\u00e7\u00e3o\" \/>\n<meta name=\"twitter:card\" content=\"summary_large_image\" \/>\n<meta name=\"twitter:label1\" content=\"Escrito por\" \/>\n\t<meta name=\"twitter:data1\" content=\"Reda\u00e7\u00e3o\" \/>\n\t<meta name=\"twitter:label2\" content=\"Est. tempo de leitura\" \/>\n\t<meta name=\"twitter:data2\" content=\"3 minutos\" \/>\n<script type=\"application\/ld+json\" class=\"yoast-schema-graph\">{\"@context\":\"https:\/\/schema.org\",\"@graph\":[{\"@type\":\"Article\",\"@id\":\"https:\/\/sudoesteacontece.com.br\/?p=6070#article\",\"isPartOf\":{\"@id\":\"https:\/\/sudoesteacontece.com.br\/?p=6070\"},\"author\":{\"name\":\"Reda\u00e7\u00e3o\",\"@id\":\"https:\/\/sudoesteacontece.com.br\/#\/schema\/person\/a4f22429c1d0923ef8f7d43343f8dc38\"},\"headline\":\"MP aperta regras e imp\u00f5e limites rigorosos para o Carnaval 2026 em Rio de Contas\",\"datePublished\":\"2026-01-14T19:14:04+00:00\",\"dateModified\":\"2026-01-14T19:14:09+00:00\",\"mainEntityOfPage\":{\"@id\":\"https:\/\/sudoesteacontece.com.br\/?p=6070\"},\"wordCount\":405,\"commentCount\":0,\"publisher\":{\"@id\":\"https:\/\/sudoesteacontece.com.br\/#organization\"},\"image\":{\"@id\":\"https:\/\/sudoesteacontece.com.br\/?p=6070#primaryimage\"},\"thumbnailUrl\":\"https:\/\/sudoesteacontece.com.br\/wp-content\/uploads\/2026\/01\/Suspeito-de-tentativa-de-homicidio-e-detido-ao-intimidar-vitima-em-frente-a-delegacia-em-Rio-de-Contas-sudoeste-acontece.jpg\",\"articleSection\":[\"Justi\u00e7a\",\"Pol\u00edtica\",\"Rio de Contas\"],\"inLanguage\":\"pt-BR\",\"potentialAction\":[{\"@type\":\"CommentAction\",\"name\":\"Comment\",\"target\":[\"https:\/\/sudoesteacontece.com.br\/?p=6070#respond\"]}]},{\"@type\":\"WebPage\",\"@id\":\"https:\/\/sudoesteacontece.com.br\/?p=6070\",\"url\":\"https:\/\/sudoesteacontece.com.br\/?p=6070\",\"name\":\"MP aperta regras e imp\u00f5e limites rigorosos para o Carnaval 2026 em Rio de Contas - Sudoesteacontece\",\"isPartOf\":{\"@id\":\"https:\/\/sudoesteacontece.com.br\/#website\"},\"primaryImageOfPage\":{\"@id\":\"https:\/\/sudoesteacontece.com.br\/?p=6070#primaryimage\"},\"image\":{\"@id\":\"https:\/\/sudoesteacontece.com.br\/?p=6070#primaryimage\"},\"thumbnailUrl\":\"https:\/\/sudoesteacontece.com.br\/wp-content\/uploads\/2026\/01\/Suspeito-de-tentativa-de-homicidio-e-detido-ao-intimidar-vitima-em-frente-a-delegacia-em-Rio-de-Contas-sudoeste-acontece.jpg\",\"datePublished\":\"2026-01-14T19:14:04+00:00\",\"dateModified\":\"2026-01-14T19:14:09+00:00\",\"breadcrumb\":{\"@id\":\"https:\/\/sudoesteacontece.com.br\/?p=6070#breadcrumb\"},\"inLanguage\":\"pt-BR\",\"potentialAction\":[{\"@type\":\"ReadAction\",\"target\":[\"https:\/\/sudoesteacontece.com.br\/?p=6070\"]}]},{\"@type\":\"ImageObject\",\"inLanguage\":\"pt-BR\",\"@id\":\"https:\/\/sudoesteacontece.com.br\/?p=6070#primaryimage\",\"url\":\"https:\/\/sudoesteacontece.com.br\/wp-content\/uploads\/2026\/01\/Suspeito-de-tentativa-de-homicidio-e-detido-ao-intimidar-vitima-em-frente-a-delegacia-em-Rio-de-Contas-sudoeste-acontece.jpg\",\"contentUrl\":\"https:\/\/sudoesteacontece.com.br\/wp-content\/uploads\/2026\/01\/Suspeito-de-tentativa-de-homicidio-e-detido-ao-intimidar-vitima-em-frente-a-delegacia-em-Rio-de-Contas-sudoeste-acontece.jpg\",\"width\":900,\"height\":600},{\"@type\":\"BreadcrumbList\",\"@id\":\"https:\/\/sudoesteacontece.com.br\/?p=6070#breadcrumb\",\"itemListElement\":[{\"@type\":\"ListItem\",\"position\":1,\"name\":\"In\u00edcio\",\"item\":\"https:\/\/sudoesteacontece.com.br\/\"},{\"@type\":\"ListItem\",\"position\":2,\"name\":\"MP aperta regras e imp\u00f5e limites rigorosos para o Carnaval 2026 em Rio de Contas\"}]},{\"@type\":\"WebSite\",\"@id\":\"https:\/\/sudoesteacontece.com.br\/#website\",\"url\":\"https:\/\/sudoesteacontece.com.br\/\",\"name\":\"Sudoesteacontece\",\"description\":\"\",\"publisher\":{\"@id\":\"https:\/\/sudoesteacontece.com.br\/#organization\"},\"potentialAction\":[{\"@type\":\"SearchAction\",\"target\":{\"@type\":\"EntryPoint\",\"urlTemplate\":\"https:\/\/sudoesteacontece.com.br\/?s={search_term_string}\"},\"query-input\":{\"@type\":\"PropertyValueSpecification\",\"valueRequired\":true,\"valueName\":\"search_term_string\"}}],\"inLanguage\":\"pt-BR\"},{\"@type\":\"Organization\",\"@id\":\"https:\/\/sudoesteacontece.com.br\/#organization\",\"name\":\"Sudoesteacontece\",\"url\":\"https:\/\/sudoesteacontece.com.br\/\",\"logo\":{\"@type\":\"ImageObject\",\"inLanguage\":\"pt-BR\",\"@id\":\"https:\/\/sudoesteacontece.com.br\/#\/schema\/logo\/image\/\",\"url\":\"https:\/\/sudoesteacontece.com.br\/wp-content\/uploads\/2025\/12\/cropped-logo-2-180x180-1.png\",\"contentUrl\":\"https:\/\/sudoesteacontece.com.br\/wp-content\/uploads\/2025\/12\/cropped-logo-2-180x180-1.png\",\"width\":180,\"height\":180,\"caption\":\"Sudoesteacontece\"},\"image\":{\"@id\":\"https:\/\/sudoesteacontece.com.br\/#\/schema\/logo\/image\/\"},\"sameAs\":[\"https:\/\/www.facebook.com\/sudoesteacontece\/?locale=pt_BR\"]},{\"@type\":\"Person\",\"@id\":\"https:\/\/sudoesteacontece.com.br\/#\/schema\/person\/a4f22429c1d0923ef8f7d43343f8dc38\",\"name\":\"Reda\u00e7\u00e3o\",\"image\":{\"@type\":\"ImageObject\",\"inLanguage\":\"pt-BR\",\"@id\":\"https:\/\/sudoesteacontece.com.br\/#\/schema\/person\/image\/\",\"url\":\"https:\/\/secure.gravatar.com\/avatar\/c3a5b3c93f268a709c25a2df414c629a96fb3b1b4bf97a94fb3f72e54ae76903?s=96&d=mm&r=g\",\"contentUrl\":\"https:\/\/secure.gravatar.com\/avatar\/c3a5b3c93f268a709c25a2df414c629a96fb3b1b4bf97a94fb3f72e54ae76903?s=96&d=mm&r=g\",\"caption\":\"Reda\u00e7\u00e3o\"},\"url\":\"https:\/\/sudoesteacontece.com.br\/?author=4\"}]}<\/script>\n<!-- \/ Yoast SEO plugin. -->","yoast_head_json":{"title":"MP aperta regras e imp\u00f5e limites rigorosos para o Carnaval 2026 em Rio de Contas - Sudoesteacontece","robots":{"index":"index","follow":"follow","max-snippet":"max-snippet:-1","max-image-preview":"max-image-preview:large","max-video-preview":"max-video-preview:-1"},"canonical":"https:\/\/sudoesteacontece.com.br\/?p=6070","og_locale":"pt_BR","og_type":"article","og_title":"MP aperta regras e imp\u00f5e limites rigorosos para o Carnaval 2026 em Rio de Contas - Sudoesteacontece","og_description":"Alerta foi emitido pelo Minist\u00e9rio P\u00fablico da Bahia, que recomendou regras r\u00edgidas para a realiza\u00e7\u00e3o do Carnaval 2026 em Rio de Contas, na Chapada Diamantina. A medida busca garantir seguran\u00e7a, ordem urbana e prote\u00e7\u00e3o ao patrim\u00f4nio hist\u00f3rico, diante do grande fluxo de foli\u00f5es em uma \u00e1rea tombada e sens\u00edvel. Documento assinado pela promotora Ana Lu\u00edza Silveira de Oliveira aponta riscos ligados a aglomera\u00e7\u00f5es, consumo excessivo de \u00e1lcool e perturba\u00e7\u00e3o do sossego. O MP destacou a necessidade de equilibrar a tradi\u00e7\u00e3o cultural da festa com o direito \u00e0 sa\u00fade, \u00e0 seguran\u00e7a e ao descanso de moradores e visitantes. Entre as exig\u00eancias, a recomenda\u00e7\u00e3o determina a delimita\u00e7\u00e3o formal do circuito carnavalesco. A prefeitura dever\u00e1 definir, por ato administrativo, locais de shows, pontos autorizados de som, \u00e1reas de estacionamento e espa\u00e7os de embarque e desembarque, evitando improvisos e conflitos urbanos. Outra medida fixa intervalo obrigat\u00f3rio de sil\u00eancio para garantir o descanso da popula\u00e7\u00e3o. O repouso dever\u00e1 ocorrer entre 5h e 12h, com exce\u00e7\u00e3o do \u00faltimo dia da festa, quando o hor\u00e1rio poder\u00e1 come\u00e7ar \u00e0s 6h, reduzindo impactos sonoros prolongados. Uso de equipamentos sonoros tamb\u00e9m foi limitado. O MP admite apenas um pared\u00e3o de som, em car\u00e1ter excepcional, funcionando das 12h \u00e0s 18h, em local autorizado e sob controle t\u00e9cnico rigoroso, com fiscaliza\u00e7\u00e3o permanente durante todo o per\u00edodo. Al\u00e9m disso, o \u00f3rg\u00e3o recomendou proibi\u00e7\u00e3o total de recipientes de vidro no circuito oficial. A orienta\u00e7\u00e3o visa prevenir acidentes e epis\u00f3dios de viol\u00eancia. A prefeitura dever\u00e1 garantir atendimento m\u00e9dico, limpeza urbana, banheiros qu\u00edmicos, fiscaliza\u00e7\u00e3o refor\u00e7ada e divulga\u00e7\u00e3o ampla das regras. Enquanto isso, for\u00e7as de seguran\u00e7a receberam orienta\u00e7\u00f5es espec\u00edficas. A Pol\u00edcia Militar dever\u00e1 intensificar o policiamento ostensivo, a Pol\u00edcia Rodovi\u00e1ria Estadual far\u00e1 blitz nas entradas da cidade e a Pol\u00edcia Civil garantir\u00e1 resposta r\u00e1pida e atendimento humanizado \u00e0s v\u00edtimas. Por fim, o MP deu prazo de 72 horas para que os \u00f3rg\u00e3os informem se ir\u00e3o cumprir as recomenda\u00e7\u00f5es. O descumprimento poder\u00e1 resultar em medidas judiciais, refor\u00e7ando que o Carnaval pode ser festa, mas n\u00e3o pode colocar vidas, direitos e patrim\u00f4nio em risco.","og_url":"https:\/\/sudoesteacontece.com.br\/?p=6070","og_site_name":"Sudoesteacontece","article_publisher":"https:\/\/www.facebook.com\/sudoesteacontece\/?locale=pt_BR","article_published_time":"2026-01-14T19:14:04+00:00","article_modified_time":"2026-01-14T19:14:09+00:00","og_image":[{"width":900,"height":600,"url":"https:\/\/sudoesteacontece.com.br\/wp-content\/uploads\/2026\/01\/Suspeito-de-tentativa-de-homicidio-e-detido-ao-intimidar-vitima-em-frente-a-delegacia-em-Rio-de-Contas-sudoeste-acontece.jpg","type":"image\/jpeg"}],"author":"Reda\u00e7\u00e3o","twitter_card":"summary_large_image","twitter_misc":{"Escrito por":"Reda\u00e7\u00e3o","Est. tempo de leitura":"3 minutos"},"schema":{"@context":"https:\/\/schema.org","@graph":[{"@type":"Article","@id":"https:\/\/sudoesteacontece.com.br\/?p=6070#article","isPartOf":{"@id":"https:\/\/sudoesteacontece.com.br\/?p=6070"},"author":{"name":"Reda\u00e7\u00e3o","@id":"https:\/\/sudoesteacontece.com.br\/#\/schema\/person\/a4f22429c1d0923ef8f7d43343f8dc38"},"headline":"MP aperta regras e imp\u00f5e limites rigorosos para o Carnaval 2026 em Rio de Contas","datePublished":"2026-01-14T19:14:04+00:00","dateModified":"2026-01-14T19:14:09+00:00","mainEntityOfPage":{"@id":"https:\/\/sudoesteacontece.com.br\/?p=6070"},"wordCount":405,"commentCount":0,"publisher":{"@id":"https:\/\/sudoesteacontece.com.br\/#organization"},"image":{"@id":"https:\/\/sudoesteacontece.com.br\/?p=6070#primaryimage"},"thumbnailUrl":"https:\/\/sudoesteacontece.com.br\/wp-content\/uploads\/2026\/01\/Suspeito-de-tentativa-de-homicidio-e-detido-ao-intimidar-vitima-em-frente-a-delegacia-em-Rio-de-Contas-sudoeste-acontece.jpg","articleSection":["Justi\u00e7a","Pol\u00edtica","Rio de Contas"],"inLanguage":"pt-BR","potentialAction":[{"@type":"CommentAction","name":"Comment","target":["https:\/\/sudoesteacontece.com.br\/?p=6070#respond"]}]},{"@type":"WebPage","@id":"https:\/\/sudoesteacontece.com.br\/?p=6070","url":"https:\/\/sudoesteacontece.com.br\/?p=6070","name":"MP aperta regras e imp\u00f5e limites rigorosos para o Carnaval 2026 em Rio de Contas - Sudoesteacontece","isPartOf":{"@id":"https:\/\/sudoesteacontece.com.br\/#website"},"primaryImageOfPage":{"@id":"https:\/\/sudoesteacontece.com.br\/?p=6070#primaryimage"},"image":{"@id":"https:\/\/sudoesteacontece.com.br\/?p=6070#primaryimage"},"thumbnailUrl":"https:\/\/sudoesteacontece.com.br\/wp-content\/uploads\/2026\/01\/Suspeito-de-tentativa-de-homicidio-e-detido-ao-intimidar-vitima-em-frente-a-delegacia-em-Rio-de-Contas-sudoeste-acontece.jpg","datePublished":"2026-01-14T19:14:04+00:00","dateModified":"2026-01-14T19:14:09+00:00","breadcrumb":{"@id":"https:\/\/sudoesteacontece.com.br\/?p=6070#breadcrumb"},"inLanguage":"pt-BR","potentialAction":[{"@type":"ReadAction","target":["https:\/\/sudoesteacontece.com.br\/?p=6070"]}]},{"@type":"ImageObject","inLanguage":"pt-BR","@id":"https:\/\/sudoesteacontece.com.br\/?p=6070#primaryimage","url":"https:\/\/sudoesteacontece.com.br\/wp-content\/uploads\/2026\/01\/Suspeito-de-tentativa-de-homicidio-e-detido-ao-intimidar-vitima-em-frente-a-delegacia-em-Rio-de-Contas-sudoeste-acontece.jpg","contentUrl":"https:\/\/sudoesteacontece.com.br\/wp-content\/uploads\/2026\/01\/Suspeito-de-tentativa-de-homicidio-e-detido-ao-intimidar-vitima-em-frente-a-delegacia-em-Rio-de-Contas-sudoeste-acontece.jpg","width":900,"height":600},{"@type":"BreadcrumbList","@id":"https:\/\/sudoesteacontece.com.br\/?p=6070#breadcrumb","itemListElement":[{"@type":"ListItem","position":1,"name":"In\u00edcio","item":"https:\/\/sudoesteacontece.com.br\/"},{"@type":"ListItem","position":2,"name":"MP aperta regras e imp\u00f5e limites rigorosos para o Carnaval 2026 em Rio de Contas"}]},{"@type":"WebSite","@id":"https:\/\/sudoesteacontece.com.br\/#website","url":"https:\/\/sudoesteacontece.com.br\/","name":"Sudoesteacontece","description":"","publisher":{"@id":"https:\/\/sudoesteacontece.com.br\/#organization"},"potentialAction":[{"@type":"SearchAction","target":{"@type":"EntryPoint","urlTemplate":"https:\/\/sudoesteacontece.com.br\/?s={search_term_string}"},"query-input":{"@type":"PropertyValueSpecification","valueRequired":true,"valueName":"search_term_string"}}],"inLanguage":"pt-BR"},{"@type":"Organization","@id":"https:\/\/sudoesteacontece.com.br\/#organization","name":"Sudoesteacontece","url":"https:\/\/sudoesteacontece.com.br\/","logo":{"@type":"ImageObject","inLanguage":"pt-BR","@id":"https:\/\/sudoesteacontece.com.br\/#\/schema\/logo\/image\/","url":"https:\/\/sudoesteacontece.com.br\/wp-content\/uploads\/2025\/12\/cropped-logo-2-180x180-1.png","contentUrl":"https:\/\/sudoesteacontece.com.br\/wp-content\/uploads\/2025\/12\/cropped-logo-2-180x180-1.png","width":180,"height":180,"caption":"Sudoesteacontece"},"image":{"@id":"https:\/\/sudoesteacontece.com.br\/#\/schema\/logo\/image\/"},"sameAs":["https:\/\/www.facebook.com\/sudoesteacontece\/?locale=pt_BR"]},{"@type":"Person","@id":"https:\/\/sudoesteacontece.com.br\/#\/schema\/person\/a4f22429c1d0923ef8f7d43343f8dc38","name":"Reda\u00e7\u00e3o","image":{"@type":"ImageObject","inLanguage":"pt-BR","@id":"https:\/\/sudoesteacontece.com.br\/#\/schema\/person\/image\/","url":"https:\/\/secure.gravatar.com\/avatar\/c3a5b3c93f268a709c25a2df414c629a96fb3b1b4bf97a94fb3f72e54ae76903?s=96&d=mm&r=g","contentUrl":"https:\/\/secure.gravatar.com\/avatar\/c3a5b3c93f268a709c25a2df414c629a96fb3b1b4bf97a94fb3f72e54ae76903?s=96&d=mm&r=g","caption":"Reda\u00e7\u00e3o"},"url":"https:\/\/sudoesteacontece.com.br\/?author=4"}]}},"_links":{"self":[{"href":"https:\/\/sudoesteacontece.com.br\/index.php?rest_route=\/wp\/v2\/posts\/6070","targetHints":{"allow":["GET"]}}],"collection":[{"href":"https:\/\/sudoesteacontece.com.br\/index.php?rest_route=\/wp\/v2\/posts"}],"about":[{"href":"https:\/\/sudoesteacontece.com.br\/index.php?rest_route=\/wp\/v2\/types\/post"}],"author":[{"embeddable":true,"href":"https:\/\/sudoesteacontece.com.br\/index.php?rest_route=\/wp\/v2\/users\/4"}],"replies":[{"embeddable":true,"href":"https:\/\/sudoesteacontece.com.br\/index.php?rest_route=%2Fwp%2Fv2%2Fcomments&post=6070"}],"version-history":[{"count":0,"href":"https:\/\/sudoesteacontece.com.br\/index.php?rest_route=\/wp\/v2\/posts\/6070\/revisions"}],"wp:featuredmedia":[{"embeddable":true,"href":"https:\/\/sudoesteacontece.com.br\/index.php?rest_route=\/wp\/v2\/media\/5581"}],"wp:attachment":[{"href":"https:\/\/sudoesteacontece.com.br\/index.php?rest_route=%2Fwp%2Fv2%2Fmedia&parent=6070"}],"wp:term":[{"taxonomy":"category","embeddable":true,"href":"https:\/\/sudoesteacontece.com.br\/index.php?rest_route=%2Fwp%2Fv2%2Fcategories&post=6070"},{"taxonomy":"post_tag","embeddable":true,"href":"https:\/\/sudoesteacontece.com.br\/index.php?rest_route=%2Fwp%2Fv2%2Ftags&post=6070"}],"curies":[{"name":"wp","href":"https:\/\/api.w.org\/{rel}","templated":true}]}}