{"id":6072,"date":"2026-01-14T16:18:51","date_gmt":"2026-01-14T19:18:51","guid":{"rendered":"https:\/\/sudoesteacontece.com.br\/?p=6072"},"modified":"2026-01-14T16:18:57","modified_gmt":"2026-01-14T19:18:57","slug":"flagrante-em-barra-da-estiva-cipe-sudoeste-prende-suspeito-com-cocaina-balanca-e-dinheiro-durante-operacao","status":"publish","type":"post","link":"https:\/\/sudoesteacontece.com.br\/?p=6072","title":{"rendered":"Flagrante em Barra da Estiva: CIPE Sudoeste prende suspeito com coca\u00edna, balan\u00e7a e dinheiro durante opera\u00e7\u00e3o"},"content":{"rendered":"<div class=\"wp-block-image\">\n<figure class=\"aligncenter size-full\"><img fetchpriority=\"high\" decoding=\"async\" width=\"900\" height=\"600\" src=\"http:\/\/sudoesteacontece.com.br\/wp-content\/uploads\/2026\/01\/Flagrante-em-Barra-da-Estiva-CIPE-Sudoeste-prende-suspeito-com-cocaina-balanca-e-dinheiro-durante-operacao-sudoeste-acontece.jpg\" alt=\"\" class=\"wp-image-6104\" srcset=\"https:\/\/sudoesteacontece.com.br\/wp-content\/uploads\/2026\/01\/Flagrante-em-Barra-da-Estiva-CIPE-Sudoeste-prende-suspeito-com-cocaina-balanca-e-dinheiro-durante-operacao-sudoeste-acontece.jpg 900w, https:\/\/sudoesteacontece.com.br\/wp-content\/uploads\/2026\/01\/Flagrante-em-Barra-da-Estiva-CIPE-Sudoeste-prende-suspeito-com-cocaina-balanca-e-dinheiro-durante-operacao-sudoeste-acontece-300x200.jpg 300w, https:\/\/sudoesteacontece.com.br\/wp-content\/uploads\/2026\/01\/Flagrante-em-Barra-da-Estiva-CIPE-Sudoeste-prende-suspeito-com-cocaina-balanca-e-dinheiro-durante-operacao-sudoeste-acontece-768x512.jpg 768w\" sizes=\"(max-width: 900px) 100vw, 900px\" \/><\/figure>\n<\/div>\n\n\n<p>A\u00e7\u00e3o da CIPE Sudoeste resultou na pris\u00e3o de um homem por tr\u00e1fico de drogas no fim da tarde desta ter\u00e7a-feira (13), em Barra da Estiva. O flagrante ocorreu por volta das 16h25, durante patrulhamento especializado realizado com apoio do 24\u00ba Batalh\u00e3o da Pol\u00edcia Militar, em uma \u00e1rea monitorada por den\u00fancias recorrentes de com\u00e9rcio ilegal de entorpecentes.<\/p>\n\n\n\n<p>Durante a ronda, policiais perceberam a atitude suspeita do indiv\u00edduo e decidiram realizar a abordagem. Na revista pessoal, a guarni\u00e7\u00e3o encontrou por\u00e7\u00f5es de subst\u00e2ncia an\u00e1loga \u00e0 coca\u00edna e diversos objetos ligados \u00e0 pr\u00e1tica do tr\u00e1fico, o que confirmou, ainda no local, a materialidade do crime.<\/p>\n\n\n\n<p>Ao todo, cerca de 103 gramas da droga foram apreendidas, distribu\u00eddas em papelotes e sacolas pl\u00e1sticas prontas para a venda. Al\u00e9m do entorpecente, os militares recolheram uma balan\u00e7a de precis\u00e3o, dois aparelhos celulares e dinheiro em esp\u00e9cie, refor\u00e7ando os ind\u00edcios de que o suspeito atuava na comercializa\u00e7\u00e3o il\u00edcita.<\/p>\n\n\n\n<p>Diante do flagrante, o homem recebeu voz de pris\u00e3o imediata e foi conduzido \u00e0 Delegacia de Barra da Estiva. No local, a ocorr\u00eancia foi formalizada e todo o material apreendido apresentado \u00e0 autoridade policial para ado\u00e7\u00e3o das medidas legais cab\u00edveis.<\/p>\n\n\n\n<p>A Pol\u00edcia Militar informou que o patrulhamento segue intensificado no munic\u00edpio e em cidades vizinhas. O objetivo \u00e9 combater o tr\u00e1fico de drogas, reduzir a criminalidade e ampliar a sensa\u00e7\u00e3o de seguran\u00e7a da popula\u00e7\u00e3o.<\/p>\n","protected":false},"excerpt":{"rendered":"<p>A\u00e7\u00e3o da CIPE Sudoeste resultou na pris\u00e3o de um homem por tr\u00e1fico de drogas no fim da tarde desta ter\u00e7a-feira (13), em Barra da Estiva. O flagrante ocorreu por volta das 16h25, durante patrulhamento especializado realizado com apoio do 24\u00ba Batalh\u00e3o da Pol\u00edcia Militar, em uma \u00e1rea monitorada por den\u00fancias recorrentes de com\u00e9rcio ilegal de entorpecentes. Durante a ronda, policiais perceberam a atitude suspeita do indiv\u00edduo e decidiram realizar a abordagem. Na revista pessoal, a guarni\u00e7\u00e3o encontrou por\u00e7\u00f5es de subst\u00e2ncia an\u00e1loga \u00e0 coca\u00edna e diversos objetos ligados \u00e0 pr\u00e1tica do tr\u00e1fico, o que confirmou, ainda no local, a materialidade do crime. Ao todo, cerca de 103 gramas da droga foram apreendidas, distribu\u00eddas em papelotes e sacolas pl\u00e1sticas prontas para a venda. Al\u00e9m do entorpecente, os militares recolheram uma balan\u00e7a de precis\u00e3o, dois aparelhos celulares e dinheiro em esp\u00e9cie, refor\u00e7ando os ind\u00edcios de que o suspeito atuava na comercializa\u00e7\u00e3o il\u00edcita. Diante do flagrante, o homem recebeu voz de pris\u00e3o imediata e foi conduzido \u00e0 Delegacia de Barra da Estiva. No local, a ocorr\u00eancia foi formalizada e todo o material apreendido apresentado \u00e0 autoridade policial para ado\u00e7\u00e3o das medidas legais cab\u00edveis. A Pol\u00edcia Militar informou que o patrulhamento segue intensificado no munic\u00edpio e em cidades vizinhas. O objetivo \u00e9 combater o tr\u00e1fico de drogas, reduzir a criminalidade e ampliar a sensa\u00e7\u00e3o de seguran\u00e7a da popula\u00e7\u00e3o.<\/p>\n","protected":false},"author":4,"featured_media":6104,"comment_status":"open","ping_status":"open","sticky":false,"template":"","format":"standard","meta":{"footnotes":""},"categories":[70,3],"tags":[],"class_list":["post-6072","post","type-post","status-publish","format-standard","has-post-thumbnail","hentry","category-barra-da-estiva","category-policia"],"yoast_head":"<!-- This site is optimized with the Yoast SEO plugin v26.5 - https:\/\/yoast.com\/wordpress\/plugins\/seo\/ -->\n<title>Flagrante em Barra da Estiva: CIPE Sudoeste prende suspeito com coca\u00edna, balan\u00e7a e dinheiro durante opera\u00e7\u00e3o - Sudoesteacontece<\/title>\n<meta name=\"robots\" content=\"index, follow, max-snippet:-1, max-image-preview:large, max-video-preview:-1\" \/>\n<link rel=\"canonical\" href=\"https:\/\/sudoesteacontece.com.br\/?p=6072\" \/>\n<meta property=\"og:locale\" content=\"pt_BR\" \/>\n<meta property=\"og:type\" content=\"article\" \/>\n<meta property=\"og:title\" content=\"Flagrante em Barra da Estiva: CIPE Sudoeste prende suspeito com coca\u00edna, balan\u00e7a e dinheiro durante opera\u00e7\u00e3o - Sudoesteacontece\" \/>\n<meta property=\"og:description\" content=\"A\u00e7\u00e3o da CIPE Sudoeste resultou na pris\u00e3o de um homem por tr\u00e1fico de drogas no fim da tarde desta ter\u00e7a-feira (13), em Barra da Estiva. O flagrante ocorreu por volta das 16h25, durante patrulhamento especializado realizado com apoio do 24\u00ba Batalh\u00e3o da Pol\u00edcia Militar, em uma \u00e1rea monitorada por den\u00fancias recorrentes de com\u00e9rcio ilegal de entorpecentes. Durante a ronda, policiais perceberam a atitude suspeita do indiv\u00edduo e decidiram realizar a abordagem. Na revista pessoal, a guarni\u00e7\u00e3o encontrou por\u00e7\u00f5es de subst\u00e2ncia an\u00e1loga \u00e0 coca\u00edna e diversos objetos ligados \u00e0 pr\u00e1tica do tr\u00e1fico, o que confirmou, ainda no local, a materialidade do crime. Ao todo, cerca de 103 gramas da droga foram apreendidas, distribu\u00eddas em papelotes e sacolas pl\u00e1sticas prontas para a venda. Al\u00e9m do entorpecente, os militares recolheram uma balan\u00e7a de precis\u00e3o, dois aparelhos celulares e dinheiro em esp\u00e9cie, refor\u00e7ando os ind\u00edcios de que o suspeito atuava na comercializa\u00e7\u00e3o il\u00edcita. Diante do flagrante, o homem recebeu voz de pris\u00e3o imediata e foi conduzido \u00e0 Delegacia de Barra da Estiva. No local, a ocorr\u00eancia foi formalizada e todo o material apreendido apresentado \u00e0 autoridade policial para ado\u00e7\u00e3o das medidas legais cab\u00edveis. A Pol\u00edcia Militar informou que o patrulhamento segue intensificado no munic\u00edpio e em cidades vizinhas. O objetivo \u00e9 combater o tr\u00e1fico de drogas, reduzir a criminalidade e ampliar a sensa\u00e7\u00e3o de seguran\u00e7a da popula\u00e7\u00e3o.\" \/>\n<meta property=\"og:url\" content=\"https:\/\/sudoesteacontece.com.br\/?p=6072\" \/>\n<meta property=\"og:site_name\" content=\"Sudoesteacontece\" \/>\n<meta property=\"article:publisher\" content=\"https:\/\/www.facebook.com\/sudoesteacontece\/?locale=pt_BR\" \/>\n<meta property=\"article:published_time\" content=\"2026-01-14T19:18:51+00:00\" \/>\n<meta property=\"article:modified_time\" content=\"2026-01-14T19:18:57+00:00\" \/>\n<meta property=\"og:image\" content=\"https:\/\/sudoesteacontece.com.br\/wp-content\/uploads\/2026\/01\/Flagrante-em-Barra-da-Estiva-CIPE-Sudoeste-prende-suspeito-com-cocaina-balanca-e-dinheiro-durante-operacao-sudoeste-acontece.jpg\" \/>\n\t<meta property=\"og:image:width\" content=\"900\" \/>\n\t<meta property=\"og:image:height\" content=\"600\" \/>\n\t<meta property=\"og:image:type\" content=\"image\/jpeg\" \/>\n<meta name=\"author\" content=\"Reda\u00e7\u00e3o\" \/>\n<meta name=\"twitter:card\" content=\"summary_large_image\" \/>\n<meta name=\"twitter:label1\" content=\"Escrito por\" \/>\n\t<meta name=\"twitter:data1\" content=\"Reda\u00e7\u00e3o\" \/>\n\t<meta name=\"twitter:label2\" content=\"Est. tempo de leitura\" \/>\n\t<meta name=\"twitter:data2\" content=\"2 minutos\" \/>\n<script type=\"application\/ld+json\" class=\"yoast-schema-graph\">{\"@context\":\"https:\/\/schema.org\",\"@graph\":[{\"@type\":\"Article\",\"@id\":\"https:\/\/sudoesteacontece.com.br\/?p=6072#article\",\"isPartOf\":{\"@id\":\"https:\/\/sudoesteacontece.com.br\/?p=6072\"},\"author\":{\"name\":\"Reda\u00e7\u00e3o\",\"@id\":\"https:\/\/sudoesteacontece.com.br\/#\/schema\/person\/a4f22429c1d0923ef8f7d43343f8dc38\"},\"headline\":\"Flagrante em Barra da Estiva: CIPE Sudoeste prende suspeito com coca\u00edna, balan\u00e7a e dinheiro durante opera\u00e7\u00e3o\",\"datePublished\":\"2026-01-14T19:18:51+00:00\",\"dateModified\":\"2026-01-14T19:18:57+00:00\",\"mainEntityOfPage\":{\"@id\":\"https:\/\/sudoesteacontece.com.br\/?p=6072\"},\"wordCount\":270,\"commentCount\":0,\"publisher\":{\"@id\":\"https:\/\/sudoesteacontece.com.br\/#organization\"},\"image\":{\"@id\":\"https:\/\/sudoesteacontece.com.br\/?p=6072#primaryimage\"},\"thumbnailUrl\":\"https:\/\/sudoesteacontece.com.br\/wp-content\/uploads\/2026\/01\/Flagrante-em-Barra-da-Estiva-CIPE-Sudoeste-prende-suspeito-com-cocaina-balanca-e-dinheiro-durante-operacao-sudoeste-acontece.jpg\",\"articleSection\":[\"Barra da Estiva\",\"Pol\u00edcia\"],\"inLanguage\":\"pt-BR\",\"potentialAction\":[{\"@type\":\"CommentAction\",\"name\":\"Comment\",\"target\":[\"https:\/\/sudoesteacontece.com.br\/?p=6072#respond\"]}]},{\"@type\":\"WebPage\",\"@id\":\"https:\/\/sudoesteacontece.com.br\/?p=6072\",\"url\":\"https:\/\/sudoesteacontece.com.br\/?p=6072\",\"name\":\"Flagrante em Barra da Estiva: CIPE Sudoeste prende suspeito com coca\u00edna, balan\u00e7a e dinheiro durante opera\u00e7\u00e3o - Sudoesteacontece\",\"isPartOf\":{\"@id\":\"https:\/\/sudoesteacontece.com.br\/#website\"},\"primaryImageOfPage\":{\"@id\":\"https:\/\/sudoesteacontece.com.br\/?p=6072#primaryimage\"},\"image\":{\"@id\":\"https:\/\/sudoesteacontece.com.br\/?p=6072#primaryimage\"},\"thumbnailUrl\":\"https:\/\/sudoesteacontece.com.br\/wp-content\/uploads\/2026\/01\/Flagrante-em-Barra-da-Estiva-CIPE-Sudoeste-prende-suspeito-com-cocaina-balanca-e-dinheiro-durante-operacao-sudoeste-acontece.jpg\",\"datePublished\":\"2026-01-14T19:18:51+00:00\",\"dateModified\":\"2026-01-14T19:18:57+00:00\",\"breadcrumb\":{\"@id\":\"https:\/\/sudoesteacontece.com.br\/?p=6072#breadcrumb\"},\"inLanguage\":\"pt-BR\",\"potentialAction\":[{\"@type\":\"ReadAction\",\"target\":[\"https:\/\/sudoesteacontece.com.br\/?p=6072\"]}]},{\"@type\":\"ImageObject\",\"inLanguage\":\"pt-BR\",\"@id\":\"https:\/\/sudoesteacontece.com.br\/?p=6072#primaryimage\",\"url\":\"https:\/\/sudoesteacontece.com.br\/wp-content\/uploads\/2026\/01\/Flagrante-em-Barra-da-Estiva-CIPE-Sudoeste-prende-suspeito-com-cocaina-balanca-e-dinheiro-durante-operacao-sudoeste-acontece.jpg\",\"contentUrl\":\"https:\/\/sudoesteacontece.com.br\/wp-content\/uploads\/2026\/01\/Flagrante-em-Barra-da-Estiva-CIPE-Sudoeste-prende-suspeito-com-cocaina-balanca-e-dinheiro-durante-operacao-sudoeste-acontece.jpg\",\"width\":900,\"height\":600},{\"@type\":\"BreadcrumbList\",\"@id\":\"https:\/\/sudoesteacontece.com.br\/?p=6072#breadcrumb\",\"itemListElement\":[{\"@type\":\"ListItem\",\"position\":1,\"name\":\"In\u00edcio\",\"item\":\"https:\/\/sudoesteacontece.com.br\/\"},{\"@type\":\"ListItem\",\"position\":2,\"name\":\"Flagrante em Barra da Estiva: CIPE Sudoeste prende suspeito com coca\u00edna, balan\u00e7a e dinheiro durante opera\u00e7\u00e3o\"}]},{\"@type\":\"WebSite\",\"@id\":\"https:\/\/sudoesteacontece.com.br\/#website\",\"url\":\"https:\/\/sudoesteacontece.com.br\/\",\"name\":\"Sudoesteacontece\",\"description\":\"\",\"publisher\":{\"@id\":\"https:\/\/sudoesteacontece.com.br\/#organization\"},\"potentialAction\":[{\"@type\":\"SearchAction\",\"target\":{\"@type\":\"EntryPoint\",\"urlTemplate\":\"https:\/\/sudoesteacontece.com.br\/?s={search_term_string}\"},\"query-input\":{\"@type\":\"PropertyValueSpecification\",\"valueRequired\":true,\"valueName\":\"search_term_string\"}}],\"inLanguage\":\"pt-BR\"},{\"@type\":\"Organization\",\"@id\":\"https:\/\/sudoesteacontece.com.br\/#organization\",\"name\":\"Sudoesteacontece\",\"url\":\"https:\/\/sudoesteacontece.com.br\/\",\"logo\":{\"@type\":\"ImageObject\",\"inLanguage\":\"pt-BR\",\"@id\":\"https:\/\/sudoesteacontece.com.br\/#\/schema\/logo\/image\/\",\"url\":\"https:\/\/sudoesteacontece.com.br\/wp-content\/uploads\/2025\/12\/cropped-logo-2-180x180-1.png\",\"contentUrl\":\"https:\/\/sudoesteacontece.com.br\/wp-content\/uploads\/2025\/12\/cropped-logo-2-180x180-1.png\",\"width\":180,\"height\":180,\"caption\":\"Sudoesteacontece\"},\"image\":{\"@id\":\"https:\/\/sudoesteacontece.com.br\/#\/schema\/logo\/image\/\"},\"sameAs\":[\"https:\/\/www.facebook.com\/sudoesteacontece\/?locale=pt_BR\"]},{\"@type\":\"Person\",\"@id\":\"https:\/\/sudoesteacontece.com.br\/#\/schema\/person\/a4f22429c1d0923ef8f7d43343f8dc38\",\"name\":\"Reda\u00e7\u00e3o\",\"image\":{\"@type\":\"ImageObject\",\"inLanguage\":\"pt-BR\",\"@id\":\"https:\/\/sudoesteacontece.com.br\/#\/schema\/person\/image\/\",\"url\":\"https:\/\/secure.gravatar.com\/avatar\/c3a5b3c93f268a709c25a2df414c629a96fb3b1b4bf97a94fb3f72e54ae76903?s=96&d=mm&r=g\",\"contentUrl\":\"https:\/\/secure.gravatar.com\/avatar\/c3a5b3c93f268a709c25a2df414c629a96fb3b1b4bf97a94fb3f72e54ae76903?s=96&d=mm&r=g\",\"caption\":\"Reda\u00e7\u00e3o\"},\"url\":\"https:\/\/sudoesteacontece.com.br\/?author=4\"}]}<\/script>\n<!-- \/ Yoast SEO plugin. -->","yoast_head_json":{"title":"Flagrante em Barra da Estiva: CIPE Sudoeste prende suspeito com coca\u00edna, balan\u00e7a e dinheiro durante opera\u00e7\u00e3o - Sudoesteacontece","robots":{"index":"index","follow":"follow","max-snippet":"max-snippet:-1","max-image-preview":"max-image-preview:large","max-video-preview":"max-video-preview:-1"},"canonical":"https:\/\/sudoesteacontece.com.br\/?p=6072","og_locale":"pt_BR","og_type":"article","og_title":"Flagrante em Barra da Estiva: CIPE Sudoeste prende suspeito com coca\u00edna, balan\u00e7a e dinheiro durante opera\u00e7\u00e3o - Sudoesteacontece","og_description":"A\u00e7\u00e3o da CIPE Sudoeste resultou na pris\u00e3o de um homem por tr\u00e1fico de drogas no fim da tarde desta ter\u00e7a-feira (13), em Barra da Estiva. O flagrante ocorreu por volta das 16h25, durante patrulhamento especializado realizado com apoio do 24\u00ba Batalh\u00e3o da Pol\u00edcia Militar, em uma \u00e1rea monitorada por den\u00fancias recorrentes de com\u00e9rcio ilegal de entorpecentes. Durante a ronda, policiais perceberam a atitude suspeita do indiv\u00edduo e decidiram realizar a abordagem. Na revista pessoal, a guarni\u00e7\u00e3o encontrou por\u00e7\u00f5es de subst\u00e2ncia an\u00e1loga \u00e0 coca\u00edna e diversos objetos ligados \u00e0 pr\u00e1tica do tr\u00e1fico, o que confirmou, ainda no local, a materialidade do crime. Ao todo, cerca de 103 gramas da droga foram apreendidas, distribu\u00eddas em papelotes e sacolas pl\u00e1sticas prontas para a venda. Al\u00e9m do entorpecente, os militares recolheram uma balan\u00e7a de precis\u00e3o, dois aparelhos celulares e dinheiro em esp\u00e9cie, refor\u00e7ando os ind\u00edcios de que o suspeito atuava na comercializa\u00e7\u00e3o il\u00edcita. Diante do flagrante, o homem recebeu voz de pris\u00e3o imediata e foi conduzido \u00e0 Delegacia de Barra da Estiva. No local, a ocorr\u00eancia foi formalizada e todo o material apreendido apresentado \u00e0 autoridade policial para ado\u00e7\u00e3o das medidas legais cab\u00edveis. A Pol\u00edcia Militar informou que o patrulhamento segue intensificado no munic\u00edpio e em cidades vizinhas. O objetivo \u00e9 combater o tr\u00e1fico de drogas, reduzir a criminalidade e ampliar a sensa\u00e7\u00e3o de seguran\u00e7a da popula\u00e7\u00e3o.","og_url":"https:\/\/sudoesteacontece.com.br\/?p=6072","og_site_name":"Sudoesteacontece","article_publisher":"https:\/\/www.facebook.com\/sudoesteacontece\/?locale=pt_BR","article_published_time":"2026-01-14T19:18:51+00:00","article_modified_time":"2026-01-14T19:18:57+00:00","og_image":[{"width":900,"height":600,"url":"https:\/\/sudoesteacontece.com.br\/wp-content\/uploads\/2026\/01\/Flagrante-em-Barra-da-Estiva-CIPE-Sudoeste-prende-suspeito-com-cocaina-balanca-e-dinheiro-durante-operacao-sudoeste-acontece.jpg","type":"image\/jpeg"}],"author":"Reda\u00e7\u00e3o","twitter_card":"summary_large_image","twitter_misc":{"Escrito por":"Reda\u00e7\u00e3o","Est. tempo de leitura":"2 minutos"},"schema":{"@context":"https:\/\/schema.org","@graph":[{"@type":"Article","@id":"https:\/\/sudoesteacontece.com.br\/?p=6072#article","isPartOf":{"@id":"https:\/\/sudoesteacontece.com.br\/?p=6072"},"author":{"name":"Reda\u00e7\u00e3o","@id":"https:\/\/sudoesteacontece.com.br\/#\/schema\/person\/a4f22429c1d0923ef8f7d43343f8dc38"},"headline":"Flagrante em Barra da Estiva: CIPE Sudoeste prende suspeito com coca\u00edna, balan\u00e7a e dinheiro durante opera\u00e7\u00e3o","datePublished":"2026-01-14T19:18:51+00:00","dateModified":"2026-01-14T19:18:57+00:00","mainEntityOfPage":{"@id":"https:\/\/sudoesteacontece.com.br\/?p=6072"},"wordCount":270,"commentCount":0,"publisher":{"@id":"https:\/\/sudoesteacontece.com.br\/#organization"},"image":{"@id":"https:\/\/sudoesteacontece.com.br\/?p=6072#primaryimage"},"thumbnailUrl":"https:\/\/sudoesteacontece.com.br\/wp-content\/uploads\/2026\/01\/Flagrante-em-Barra-da-Estiva-CIPE-Sudoeste-prende-suspeito-com-cocaina-balanca-e-dinheiro-durante-operacao-sudoeste-acontece.jpg","articleSection":["Barra da Estiva","Pol\u00edcia"],"inLanguage":"pt-BR","potentialAction":[{"@type":"CommentAction","name":"Comment","target":["https:\/\/sudoesteacontece.com.br\/?p=6072#respond"]}]},{"@type":"WebPage","@id":"https:\/\/sudoesteacontece.com.br\/?p=6072","url":"https:\/\/sudoesteacontece.com.br\/?p=6072","name":"Flagrante em Barra da Estiva: CIPE Sudoeste prende suspeito com coca\u00edna, balan\u00e7a e dinheiro durante opera\u00e7\u00e3o - Sudoesteacontece","isPartOf":{"@id":"https:\/\/sudoesteacontece.com.br\/#website"},"primaryImageOfPage":{"@id":"https:\/\/sudoesteacontece.com.br\/?p=6072#primaryimage"},"image":{"@id":"https:\/\/sudoesteacontece.com.br\/?p=6072#primaryimage"},"thumbnailUrl":"https:\/\/sudoesteacontece.com.br\/wp-content\/uploads\/2026\/01\/Flagrante-em-Barra-da-Estiva-CIPE-Sudoeste-prende-suspeito-com-cocaina-balanca-e-dinheiro-durante-operacao-sudoeste-acontece.jpg","datePublished":"2026-01-14T19:18:51+00:00","dateModified":"2026-01-14T19:18:57+00:00","breadcrumb":{"@id":"https:\/\/sudoesteacontece.com.br\/?p=6072#breadcrumb"},"inLanguage":"pt-BR","potentialAction":[{"@type":"ReadAction","target":["https:\/\/sudoesteacontece.com.br\/?p=6072"]}]},{"@type":"ImageObject","inLanguage":"pt-BR","@id":"https:\/\/sudoesteacontece.com.br\/?p=6072#primaryimage","url":"https:\/\/sudoesteacontece.com.br\/wp-content\/uploads\/2026\/01\/Flagrante-em-Barra-da-Estiva-CIPE-Sudoeste-prende-suspeito-com-cocaina-balanca-e-dinheiro-durante-operacao-sudoeste-acontece.jpg","contentUrl":"https:\/\/sudoesteacontece.com.br\/wp-content\/uploads\/2026\/01\/Flagrante-em-Barra-da-Estiva-CIPE-Sudoeste-prende-suspeito-com-cocaina-balanca-e-dinheiro-durante-operacao-sudoeste-acontece.jpg","width":900,"height":600},{"@type":"BreadcrumbList","@id":"https:\/\/sudoesteacontece.com.br\/?p=6072#breadcrumb","itemListElement":[{"@type":"ListItem","position":1,"name":"In\u00edcio","item":"https:\/\/sudoesteacontece.com.br\/"},{"@type":"ListItem","position":2,"name":"Flagrante em Barra da Estiva: CIPE Sudoeste prende suspeito com coca\u00edna, balan\u00e7a e dinheiro durante opera\u00e7\u00e3o"}]},{"@type":"WebSite","@id":"https:\/\/sudoesteacontece.com.br\/#website","url":"https:\/\/sudoesteacontece.com.br\/","name":"Sudoesteacontece","description":"","publisher":{"@id":"https:\/\/sudoesteacontece.com.br\/#organization"},"potentialAction":[{"@type":"SearchAction","target":{"@type":"EntryPoint","urlTemplate":"https:\/\/sudoesteacontece.com.br\/?s={search_term_string}"},"query-input":{"@type":"PropertyValueSpecification","valueRequired":true,"valueName":"search_term_string"}}],"inLanguage":"pt-BR"},{"@type":"Organization","@id":"https:\/\/sudoesteacontece.com.br\/#organization","name":"Sudoesteacontece","url":"https:\/\/sudoesteacontece.com.br\/","logo":{"@type":"ImageObject","inLanguage":"pt-BR","@id":"https:\/\/sudoesteacontece.com.br\/#\/schema\/logo\/image\/","url":"https:\/\/sudoesteacontece.com.br\/wp-content\/uploads\/2025\/12\/cropped-logo-2-180x180-1.png","contentUrl":"https:\/\/sudoesteacontece.com.br\/wp-content\/uploads\/2025\/12\/cropped-logo-2-180x180-1.png","width":180,"height":180,"caption":"Sudoesteacontece"},"image":{"@id":"https:\/\/sudoesteacontece.com.br\/#\/schema\/logo\/image\/"},"sameAs":["https:\/\/www.facebook.com\/sudoesteacontece\/?locale=pt_BR"]},{"@type":"Person","@id":"https:\/\/sudoesteacontece.com.br\/#\/schema\/person\/a4f22429c1d0923ef8f7d43343f8dc38","name":"Reda\u00e7\u00e3o","image":{"@type":"ImageObject","inLanguage":"pt-BR","@id":"https:\/\/sudoesteacontece.com.br\/#\/schema\/person\/image\/","url":"https:\/\/secure.gravatar.com\/avatar\/c3a5b3c93f268a709c25a2df414c629a96fb3b1b4bf97a94fb3f72e54ae76903?s=96&d=mm&r=g","contentUrl":"https:\/\/secure.gravatar.com\/avatar\/c3a5b3c93f268a709c25a2df414c629a96fb3b1b4bf97a94fb3f72e54ae76903?s=96&d=mm&r=g","caption":"Reda\u00e7\u00e3o"},"url":"https:\/\/sudoesteacontece.com.br\/?author=4"}]}},"_links":{"self":[{"href":"https:\/\/sudoesteacontece.com.br\/index.php?rest_route=\/wp\/v2\/posts\/6072","targetHints":{"allow":["GET"]}}],"collection":[{"href":"https:\/\/sudoesteacontece.com.br\/index.php?rest_route=\/wp\/v2\/posts"}],"about":[{"href":"https:\/\/sudoesteacontece.com.br\/index.php?rest_route=\/wp\/v2\/types\/post"}],"author":[{"embeddable":true,"href":"https:\/\/sudoesteacontece.com.br\/index.php?rest_route=\/wp\/v2\/users\/4"}],"replies":[{"embeddable":true,"href":"https:\/\/sudoesteacontece.com.br\/index.php?rest_route=%2Fwp%2Fv2%2Fcomments&post=6072"}],"version-history":[{"count":0,"href":"https:\/\/sudoesteacontece.com.br\/index.php?rest_route=\/wp\/v2\/posts\/6072\/revisions"}],"wp:featuredmedia":[{"embeddable":true,"href":"https:\/\/sudoesteacontece.com.br\/index.php?rest_route=\/wp\/v2\/media\/6104"}],"wp:attachment":[{"href":"https:\/\/sudoesteacontece.com.br\/index.php?rest_route=%2Fwp%2Fv2%2Fmedia&parent=6072"}],"wp:term":[{"taxonomy":"category","embeddable":true,"href":"https:\/\/sudoesteacontece.com.br\/index.php?rest_route=%2Fwp%2Fv2%2Fcategories&post=6072"},{"taxonomy":"post_tag","embeddable":true,"href":"https:\/\/sudoesteacontece.com.br\/index.php?rest_route=%2Fwp%2Fv2%2Ftags&post=6072"}],"curies":[{"name":"wp","href":"https:\/\/api.w.org\/{rel}","templated":true}]}}