{"id":6108,"date":"2026-01-14T16:30:57","date_gmt":"2026-01-14T19:30:57","guid":{"rendered":"https:\/\/sudoesteacontece.com.br\/?p=6108"},"modified":"2026-01-14T16:31:03","modified_gmt":"2026-01-14T19:31:03","slug":"lula-enfrenta-congresso-veta-emendas-e-abre-novo-capitulo-de-desgaste-politico-no-orcamento-2026","status":"publish","type":"post","link":"https:\/\/sudoesteacontece.com.br\/?p=6108","title":{"rendered":"Lula enfrenta Congresso, veta emendas e abre novo cap\u00edtulo de desgaste pol\u00edtico no Or\u00e7amento 2026"},"content":{"rendered":"<div class=\"wp-block-image\">\n<figure class=\"aligncenter size-full\"><img fetchpriority=\"high\" decoding=\"async\" width=\"900\" height=\"600\" src=\"http:\/\/sudoesteacontece.com.br\/wp-content\/uploads\/2026\/01\/Lula-demonstra-preocupacao-com-falas-de-Trump-sobre-Colombia-e-Cuba-e-ve-vice-no-comando-da-Venezuela-sudoeste-acontece.jpg\" alt=\"\" class=\"wp-image-5349\" srcset=\"https:\/\/sudoesteacontece.com.br\/wp-content\/uploads\/2026\/01\/Lula-demonstra-preocupacao-com-falas-de-Trump-sobre-Colombia-e-Cuba-e-ve-vice-no-comando-da-Venezuela-sudoeste-acontece.jpg 900w, https:\/\/sudoesteacontece.com.br\/wp-content\/uploads\/2026\/01\/Lula-demonstra-preocupacao-com-falas-de-Trump-sobre-Colombia-e-Cuba-e-ve-vice-no-comando-da-Venezuela-sudoeste-acontece-300x200.jpg 300w, https:\/\/sudoesteacontece.com.br\/wp-content\/uploads\/2026\/01\/Lula-demonstra-preocupacao-com-falas-de-Trump-sobre-Colombia-e-Cuba-e-ve-vice-no-comando-da-Venezuela-sudoeste-acontece-768x512.jpg 768w\" sizes=\"(max-width: 900px) 100vw, 900px\" \/><\/figure>\n<\/div>\n\n\n<p>Embate ganhou for\u00e7a em Bras\u00edlia ap\u00f3s o presidente Lula decidir vetar cerca de R$ 400 milh\u00f5es em emendas inseridas pelo Congresso no Or\u00e7amento de 2026. A medida, vista nos bastidores como rea\u00e7\u00e3o direta ao Legislativo, ampliou o clima de tens\u00e3o entre Planalto e parlamentares \u00e0s v\u00e9speras da san\u00e7\u00e3o final das contas p\u00fablicas.<\/p>\n\n\n\n<p>Al\u00e9m do veto, o governo vai remanejar pouco mais de R$ 7 bilh\u00f5es por atos do Executivo, sem passar pelo Congresso. Outros R$ 3 bilh\u00f5es ficar\u00e3o travados e s\u00f3 poder\u00e3o ser liberados ap\u00f3s novo projeto de lei, o que exigir\u00e1 negocia\u00e7\u00e3o pol\u00edtica. A leitura interna \u00e9 clara: o Planalto decidiu usar todos os instrumentos poss\u00edveis para retomar controle do or\u00e7amento.<\/p>\n\n\n\n<p>Movimento ocorre ap\u00f3s deputados e senadores redirecionarem cerca de R$ 11,5 bilh\u00f5es de programas sociais para emendas parlamentares. A tesoura atingiu a\u00e7\u00f5es estrat\u00e9gicas do governo, como P\u00e9-de-Meia e Aux\u00edlio G\u00e1s, gerando irrita\u00e7\u00e3o no Pal\u00e1cio do Planalto e acendendo o sinal de alerta para 2026, ano eleitoral.<\/p>\n\n\n\n<p>Nos corredores do poder, a avalia\u00e7\u00e3o foi de que o Congresso \u201cdesidratou\u201d pol\u00edticas sociais para fortalecer bases eleitorais. O corte no P\u00e9-de-Meia chegou a R$ 541 milh\u00f5es ao longo da tramita\u00e7\u00e3o. J\u00e1 o Aux\u00edlio G\u00e1s perdeu quase R$ 370 milh\u00f5es, afetando diretamente fam\u00edlias de baixa renda.<\/p>\n\n\n\n<p>Estrat\u00e9gia do governo busca evitar um veto simples, que poderia ser derrubado depois. Para isso, Lula acionou um dispositivo da pr\u00f3pria Lei Or\u00e7ament\u00e1ria que permite anular at\u00e9 30% das despesas discricion\u00e1rias para recompor outras a\u00e7\u00f5es, ampliando a margem de manobra do Executivo.<\/p>\n\n\n\n<p>Veto aos R$ 400 milh\u00f5es se apoia na lei complementar 210, que estabeleceu regras mais r\u00edgidas para emendas ap\u00f3s decis\u00f5es do STF. T\u00e9cnicos identificaram recursos com destino espec\u00edfico acima do limite legal, o que abriu espa\u00e7o jur\u00eddico para o corte e aumentou o mal-estar com o Congresso.<\/p>\n\n\n\n<p>Enquanto isso, outros cortes feitos pelo relator do Or\u00e7amento ampliaram o desgaste. Seguro-desemprego perdeu R$ 391 milh\u00f5es. Bolsas da Capes e do CNPq tamb\u00e9m sofreram redu\u00e7\u00e3o. At\u00e9 a Previd\u00eancia entrou na conta, com diminui\u00e7\u00e3o de R$ 6,2 bilh\u00f5es, embora o governo atribua o ajuste \u00e0 revis\u00e3o da infla\u00e7\u00e3o.<\/p>\n\n\n\n<p>Nos bastidores, parlamentares acusam o Planalto de retaliar o Congresso. J\u00e1 aliados de Lula dizem que o presidente apenas tenta salvar pol\u00edticas sociais e evitar que o Or\u00e7amento vire moeda eleitoral. O resultado \u00e9 um ambiente de desconfian\u00e7a m\u00fatua e tens\u00e3o aberta entre os Poderes.<\/p>\n\n\n\n<p>Com o prazo de san\u00e7\u00e3o se encerrando nesta quarta-feira (14), o Or\u00e7amento de 2026 virou palco de disputa pol\u00edtica. Mais que n\u00fameros, o epis\u00f3dio exp\u00f5e uma guerra silenciosa por poder, influ\u00eancia e controle do dinheiro p\u00fablico, com reflexos diretos na rela\u00e7\u00e3o entre Lula e o Congresso.<\/p>\n","protected":false},"excerpt":{"rendered":"<p>Embate ganhou for\u00e7a em Bras\u00edlia ap\u00f3s o presidente Lula decidir vetar cerca de R$ 400 milh\u00f5es em emendas inseridas pelo Congresso no Or\u00e7amento de 2026. A medida, vista nos bastidores como rea\u00e7\u00e3o direta ao Legislativo, ampliou o clima de tens\u00e3o entre Planalto e parlamentares \u00e0s v\u00e9speras da san\u00e7\u00e3o final das contas p\u00fablicas. Al\u00e9m do veto, o governo vai remanejar pouco mais de R$ 7 bilh\u00f5es por atos do Executivo, sem passar pelo Congresso. Outros R$ 3 bilh\u00f5es ficar\u00e3o travados e s\u00f3 poder\u00e3o ser liberados ap\u00f3s novo projeto de lei, o que exigir\u00e1 negocia\u00e7\u00e3o pol\u00edtica. A leitura interna \u00e9 clara: o Planalto decidiu usar todos os instrumentos poss\u00edveis para retomar controle do or\u00e7amento. Movimento ocorre ap\u00f3s deputados e senadores redirecionarem cerca de R$ 11,5 bilh\u00f5es de programas sociais para emendas parlamentares. A tesoura atingiu a\u00e7\u00f5es estrat\u00e9gicas do governo, como P\u00e9-de-Meia e Aux\u00edlio G\u00e1s, gerando irrita\u00e7\u00e3o no Pal\u00e1cio do Planalto e acendendo o sinal de alerta para 2026, ano eleitoral. Nos corredores do poder, a avalia\u00e7\u00e3o foi de que o Congresso \u201cdesidratou\u201d pol\u00edticas sociais para fortalecer bases eleitorais. O corte no P\u00e9-de-Meia chegou a R$ 541 milh\u00f5es ao longo da tramita\u00e7\u00e3o. J\u00e1 o Aux\u00edlio G\u00e1s perdeu quase R$ 370 milh\u00f5es, afetando diretamente fam\u00edlias de baixa renda. Estrat\u00e9gia do governo busca evitar um veto simples, que poderia ser derrubado depois. Para isso, Lula acionou um dispositivo da pr\u00f3pria Lei Or\u00e7ament\u00e1ria que permite anular at\u00e9 30% das despesas discricion\u00e1rias para recompor outras a\u00e7\u00f5es, ampliando a margem de manobra do Executivo. Veto aos R$ 400 milh\u00f5es se apoia na lei complementar 210, que estabeleceu regras mais r\u00edgidas para emendas ap\u00f3s decis\u00f5es do STF. T\u00e9cnicos identificaram recursos com destino espec\u00edfico acima do limite legal, o que abriu espa\u00e7o jur\u00eddico para o corte e aumentou o mal-estar com o Congresso. Enquanto isso, outros cortes feitos pelo relator do Or\u00e7amento ampliaram o desgaste. Seguro-desemprego perdeu R$ 391 milh\u00f5es. Bolsas da Capes e do CNPq tamb\u00e9m sofreram redu\u00e7\u00e3o. At\u00e9 a Previd\u00eancia entrou na conta, com diminui\u00e7\u00e3o de R$ 6,2 bilh\u00f5es, embora o governo atribua o ajuste \u00e0 revis\u00e3o da infla\u00e7\u00e3o. Nos bastidores, parlamentares acusam o Planalto de retaliar o Congresso. J\u00e1 aliados de Lula dizem que o presidente apenas tenta salvar pol\u00edticas sociais e evitar que o Or\u00e7amento vire moeda eleitoral. O resultado \u00e9 um ambiente de desconfian\u00e7a m\u00fatua e tens\u00e3o aberta entre os Poderes. Com o prazo de san\u00e7\u00e3o se encerrando nesta quarta-feira (14), o Or\u00e7amento de 2026 virou palco de disputa pol\u00edtica. Mais que n\u00fameros, o epis\u00f3dio exp\u00f5e uma guerra silenciosa por poder, influ\u00eancia e controle do dinheiro p\u00fablico, com reflexos diretos na rela\u00e7\u00e3o entre Lula e o Congresso.<\/p>\n","protected":false},"author":4,"featured_media":5349,"comment_status":"open","ping_status":"open","sticky":false,"template":"","format":"standard","meta":{"footnotes":""},"categories":[53,58,6],"tags":[],"class_list":["post-6108","post","type-post","status-publish","format-standard","has-post-thumbnail","hentry","category-brasil","category-eleicoes-2026","category-politica"],"yoast_head":"<!-- This site is optimized with the Yoast SEO plugin v26.5 - https:\/\/yoast.com\/wordpress\/plugins\/seo\/ -->\n<title>Lula enfrenta Congresso, veta emendas e abre novo cap\u00edtulo de desgaste pol\u00edtico no Or\u00e7amento 2026 - Sudoesteacontece<\/title>\n<meta name=\"robots\" content=\"index, follow, max-snippet:-1, max-image-preview:large, max-video-preview:-1\" \/>\n<link rel=\"canonical\" href=\"https:\/\/sudoesteacontece.com.br\/?p=6108\" \/>\n<meta property=\"og:locale\" content=\"pt_BR\" \/>\n<meta property=\"og:type\" content=\"article\" \/>\n<meta property=\"og:title\" content=\"Lula enfrenta Congresso, veta emendas e abre novo cap\u00edtulo de desgaste pol\u00edtico no Or\u00e7amento 2026 - Sudoesteacontece\" \/>\n<meta property=\"og:description\" content=\"Embate ganhou for\u00e7a em Bras\u00edlia ap\u00f3s o presidente Lula decidir vetar cerca de R$ 400 milh\u00f5es em emendas inseridas pelo Congresso no Or\u00e7amento de 2026. A medida, vista nos bastidores como rea\u00e7\u00e3o direta ao Legislativo, ampliou o clima de tens\u00e3o entre Planalto e parlamentares \u00e0s v\u00e9speras da san\u00e7\u00e3o final das contas p\u00fablicas. Al\u00e9m do veto, o governo vai remanejar pouco mais de R$ 7 bilh\u00f5es por atos do Executivo, sem passar pelo Congresso. Outros R$ 3 bilh\u00f5es ficar\u00e3o travados e s\u00f3 poder\u00e3o ser liberados ap\u00f3s novo projeto de lei, o que exigir\u00e1 negocia\u00e7\u00e3o pol\u00edtica. A leitura interna \u00e9 clara: o Planalto decidiu usar todos os instrumentos poss\u00edveis para retomar controle do or\u00e7amento. Movimento ocorre ap\u00f3s deputados e senadores redirecionarem cerca de R$ 11,5 bilh\u00f5es de programas sociais para emendas parlamentares. A tesoura atingiu a\u00e7\u00f5es estrat\u00e9gicas do governo, como P\u00e9-de-Meia e Aux\u00edlio G\u00e1s, gerando irrita\u00e7\u00e3o no Pal\u00e1cio do Planalto e acendendo o sinal de alerta para 2026, ano eleitoral. Nos corredores do poder, a avalia\u00e7\u00e3o foi de que o Congresso \u201cdesidratou\u201d pol\u00edticas sociais para fortalecer bases eleitorais. O corte no P\u00e9-de-Meia chegou a R$ 541 milh\u00f5es ao longo da tramita\u00e7\u00e3o. J\u00e1 o Aux\u00edlio G\u00e1s perdeu quase R$ 370 milh\u00f5es, afetando diretamente fam\u00edlias de baixa renda. Estrat\u00e9gia do governo busca evitar um veto simples, que poderia ser derrubado depois. Para isso, Lula acionou um dispositivo da pr\u00f3pria Lei Or\u00e7ament\u00e1ria que permite anular at\u00e9 30% das despesas discricion\u00e1rias para recompor outras a\u00e7\u00f5es, ampliando a margem de manobra do Executivo. Veto aos R$ 400 milh\u00f5es se apoia na lei complementar 210, que estabeleceu regras mais r\u00edgidas para emendas ap\u00f3s decis\u00f5es do STF. T\u00e9cnicos identificaram recursos com destino espec\u00edfico acima do limite legal, o que abriu espa\u00e7o jur\u00eddico para o corte e aumentou o mal-estar com o Congresso. Enquanto isso, outros cortes feitos pelo relator do Or\u00e7amento ampliaram o desgaste. Seguro-desemprego perdeu R$ 391 milh\u00f5es. Bolsas da Capes e do CNPq tamb\u00e9m sofreram redu\u00e7\u00e3o. At\u00e9 a Previd\u00eancia entrou na conta, com diminui\u00e7\u00e3o de R$ 6,2 bilh\u00f5es, embora o governo atribua o ajuste \u00e0 revis\u00e3o da infla\u00e7\u00e3o. Nos bastidores, parlamentares acusam o Planalto de retaliar o Congresso. J\u00e1 aliados de Lula dizem que o presidente apenas tenta salvar pol\u00edticas sociais e evitar que o Or\u00e7amento vire moeda eleitoral. O resultado \u00e9 um ambiente de desconfian\u00e7a m\u00fatua e tens\u00e3o aberta entre os Poderes. Com o prazo de san\u00e7\u00e3o se encerrando nesta quarta-feira (14), o Or\u00e7amento de 2026 virou palco de disputa pol\u00edtica. Mais que n\u00fameros, o epis\u00f3dio exp\u00f5e uma guerra silenciosa por poder, influ\u00eancia e controle do dinheiro p\u00fablico, com reflexos diretos na rela\u00e7\u00e3o entre Lula e o Congresso.\" \/>\n<meta property=\"og:url\" content=\"https:\/\/sudoesteacontece.com.br\/?p=6108\" \/>\n<meta property=\"og:site_name\" content=\"Sudoesteacontece\" \/>\n<meta property=\"article:publisher\" content=\"https:\/\/www.facebook.com\/sudoesteacontece\/?locale=pt_BR\" \/>\n<meta property=\"article:published_time\" content=\"2026-01-14T19:30:57+00:00\" \/>\n<meta property=\"article:modified_time\" content=\"2026-01-14T19:31:03+00:00\" \/>\n<meta property=\"og:image\" content=\"https:\/\/sudoesteacontece.com.br\/wp-content\/uploads\/2026\/01\/Lula-demonstra-preocupacao-com-falas-de-Trump-sobre-Colombia-e-Cuba-e-ve-vice-no-comando-da-Venezuela-sudoeste-acontece.jpg\" \/>\n\t<meta property=\"og:image:width\" content=\"900\" \/>\n\t<meta property=\"og:image:height\" content=\"600\" \/>\n\t<meta property=\"og:image:type\" content=\"image\/jpeg\" \/>\n<meta name=\"author\" content=\"Reda\u00e7\u00e3o\" \/>\n<meta name=\"twitter:card\" content=\"summary_large_image\" \/>\n<meta name=\"twitter:label1\" content=\"Escrito por\" \/>\n\t<meta name=\"twitter:data1\" content=\"Reda\u00e7\u00e3o\" \/>\n\t<meta name=\"twitter:label2\" content=\"Est. tempo de leitura\" \/>\n\t<meta name=\"twitter:data2\" content=\"3 minutos\" \/>\n<script type=\"application\/ld+json\" class=\"yoast-schema-graph\">{\"@context\":\"https:\/\/schema.org\",\"@graph\":[{\"@type\":\"Article\",\"@id\":\"https:\/\/sudoesteacontece.com.br\/?p=6108#article\",\"isPartOf\":{\"@id\":\"https:\/\/sudoesteacontece.com.br\/?p=6108\"},\"author\":{\"name\":\"Reda\u00e7\u00e3o\",\"@id\":\"https:\/\/sudoesteacontece.com.br\/#\/schema\/person\/a4f22429c1d0923ef8f7d43343f8dc38\"},\"headline\":\"Lula enfrenta Congresso, veta emendas e abre novo cap\u00edtulo de desgaste pol\u00edtico no Or\u00e7amento 2026\",\"datePublished\":\"2026-01-14T19:30:57+00:00\",\"dateModified\":\"2026-01-14T19:31:03+00:00\",\"mainEntityOfPage\":{\"@id\":\"https:\/\/sudoesteacontece.com.br\/?p=6108\"},\"wordCount\":506,\"commentCount\":0,\"publisher\":{\"@id\":\"https:\/\/sudoesteacontece.com.br\/#organization\"},\"image\":{\"@id\":\"https:\/\/sudoesteacontece.com.br\/?p=6108#primaryimage\"},\"thumbnailUrl\":\"https:\/\/sudoesteacontece.com.br\/wp-content\/uploads\/2026\/01\/Lula-demonstra-preocupacao-com-falas-de-Trump-sobre-Colombia-e-Cuba-e-ve-vice-no-comando-da-Venezuela-sudoeste-acontece.jpg\",\"articleSection\":[\"Brasil\",\"Elei\u00e7\u00f5es 2026\",\"Pol\u00edtica\"],\"inLanguage\":\"pt-BR\",\"potentialAction\":[{\"@type\":\"CommentAction\",\"name\":\"Comment\",\"target\":[\"https:\/\/sudoesteacontece.com.br\/?p=6108#respond\"]}]},{\"@type\":\"WebPage\",\"@id\":\"https:\/\/sudoesteacontece.com.br\/?p=6108\",\"url\":\"https:\/\/sudoesteacontece.com.br\/?p=6108\",\"name\":\"Lula enfrenta Congresso, veta emendas e abre novo cap\u00edtulo de desgaste pol\u00edtico no Or\u00e7amento 2026 - Sudoesteacontece\",\"isPartOf\":{\"@id\":\"https:\/\/sudoesteacontece.com.br\/#website\"},\"primaryImageOfPage\":{\"@id\":\"https:\/\/sudoesteacontece.com.br\/?p=6108#primaryimage\"},\"image\":{\"@id\":\"https:\/\/sudoesteacontece.com.br\/?p=6108#primaryimage\"},\"thumbnailUrl\":\"https:\/\/sudoesteacontece.com.br\/wp-content\/uploads\/2026\/01\/Lula-demonstra-preocupacao-com-falas-de-Trump-sobre-Colombia-e-Cuba-e-ve-vice-no-comando-da-Venezuela-sudoeste-acontece.jpg\",\"datePublished\":\"2026-01-14T19:30:57+00:00\",\"dateModified\":\"2026-01-14T19:31:03+00:00\",\"breadcrumb\":{\"@id\":\"https:\/\/sudoesteacontece.com.br\/?p=6108#breadcrumb\"},\"inLanguage\":\"pt-BR\",\"potentialAction\":[{\"@type\":\"ReadAction\",\"target\":[\"https:\/\/sudoesteacontece.com.br\/?p=6108\"]}]},{\"@type\":\"ImageObject\",\"inLanguage\":\"pt-BR\",\"@id\":\"https:\/\/sudoesteacontece.com.br\/?p=6108#primaryimage\",\"url\":\"https:\/\/sudoesteacontece.com.br\/wp-content\/uploads\/2026\/01\/Lula-demonstra-preocupacao-com-falas-de-Trump-sobre-Colombia-e-Cuba-e-ve-vice-no-comando-da-Venezuela-sudoeste-acontece.jpg\",\"contentUrl\":\"https:\/\/sudoesteacontece.com.br\/wp-content\/uploads\/2026\/01\/Lula-demonstra-preocupacao-com-falas-de-Trump-sobre-Colombia-e-Cuba-e-ve-vice-no-comando-da-Venezuela-sudoeste-acontece.jpg\",\"width\":900,\"height\":600},{\"@type\":\"BreadcrumbList\",\"@id\":\"https:\/\/sudoesteacontece.com.br\/?p=6108#breadcrumb\",\"itemListElement\":[{\"@type\":\"ListItem\",\"position\":1,\"name\":\"In\u00edcio\",\"item\":\"https:\/\/sudoesteacontece.com.br\/\"},{\"@type\":\"ListItem\",\"position\":2,\"name\":\"Lula enfrenta Congresso, veta emendas e abre novo cap\u00edtulo de desgaste pol\u00edtico no Or\u00e7amento 2026\"}]},{\"@type\":\"WebSite\",\"@id\":\"https:\/\/sudoesteacontece.com.br\/#website\",\"url\":\"https:\/\/sudoesteacontece.com.br\/\",\"name\":\"Sudoesteacontece\",\"description\":\"\",\"publisher\":{\"@id\":\"https:\/\/sudoesteacontece.com.br\/#organization\"},\"potentialAction\":[{\"@type\":\"SearchAction\",\"target\":{\"@type\":\"EntryPoint\",\"urlTemplate\":\"https:\/\/sudoesteacontece.com.br\/?s={search_term_string}\"},\"query-input\":{\"@type\":\"PropertyValueSpecification\",\"valueRequired\":true,\"valueName\":\"search_term_string\"}}],\"inLanguage\":\"pt-BR\"},{\"@type\":\"Organization\",\"@id\":\"https:\/\/sudoesteacontece.com.br\/#organization\",\"name\":\"Sudoesteacontece\",\"url\":\"https:\/\/sudoesteacontece.com.br\/\",\"logo\":{\"@type\":\"ImageObject\",\"inLanguage\":\"pt-BR\",\"@id\":\"https:\/\/sudoesteacontece.com.br\/#\/schema\/logo\/image\/\",\"url\":\"https:\/\/sudoesteacontece.com.br\/wp-content\/uploads\/2025\/12\/cropped-logo-2-180x180-1.png\",\"contentUrl\":\"https:\/\/sudoesteacontece.com.br\/wp-content\/uploads\/2025\/12\/cropped-logo-2-180x180-1.png\",\"width\":180,\"height\":180,\"caption\":\"Sudoesteacontece\"},\"image\":{\"@id\":\"https:\/\/sudoesteacontece.com.br\/#\/schema\/logo\/image\/\"},\"sameAs\":[\"https:\/\/www.facebook.com\/sudoesteacontece\/?locale=pt_BR\"]},{\"@type\":\"Person\",\"@id\":\"https:\/\/sudoesteacontece.com.br\/#\/schema\/person\/a4f22429c1d0923ef8f7d43343f8dc38\",\"name\":\"Reda\u00e7\u00e3o\",\"image\":{\"@type\":\"ImageObject\",\"inLanguage\":\"pt-BR\",\"@id\":\"https:\/\/sudoesteacontece.com.br\/#\/schema\/person\/image\/\",\"url\":\"https:\/\/secure.gravatar.com\/avatar\/c3a5b3c93f268a709c25a2df414c629a96fb3b1b4bf97a94fb3f72e54ae76903?s=96&d=mm&r=g\",\"contentUrl\":\"https:\/\/secure.gravatar.com\/avatar\/c3a5b3c93f268a709c25a2df414c629a96fb3b1b4bf97a94fb3f72e54ae76903?s=96&d=mm&r=g\",\"caption\":\"Reda\u00e7\u00e3o\"},\"url\":\"https:\/\/sudoesteacontece.com.br\/?author=4\"}]}<\/script>\n<!-- \/ Yoast SEO plugin. -->","yoast_head_json":{"title":"Lula enfrenta Congresso, veta emendas e abre novo cap\u00edtulo de desgaste pol\u00edtico no Or\u00e7amento 2026 - Sudoesteacontece","robots":{"index":"index","follow":"follow","max-snippet":"max-snippet:-1","max-image-preview":"max-image-preview:large","max-video-preview":"max-video-preview:-1"},"canonical":"https:\/\/sudoesteacontece.com.br\/?p=6108","og_locale":"pt_BR","og_type":"article","og_title":"Lula enfrenta Congresso, veta emendas e abre novo cap\u00edtulo de desgaste pol\u00edtico no Or\u00e7amento 2026 - Sudoesteacontece","og_description":"Embate ganhou for\u00e7a em Bras\u00edlia ap\u00f3s o presidente Lula decidir vetar cerca de R$ 400 milh\u00f5es em emendas inseridas pelo Congresso no Or\u00e7amento de 2026. A medida, vista nos bastidores como rea\u00e7\u00e3o direta ao Legislativo, ampliou o clima de tens\u00e3o entre Planalto e parlamentares \u00e0s v\u00e9speras da san\u00e7\u00e3o final das contas p\u00fablicas. Al\u00e9m do veto, o governo vai remanejar pouco mais de R$ 7 bilh\u00f5es por atos do Executivo, sem passar pelo Congresso. Outros R$ 3 bilh\u00f5es ficar\u00e3o travados e s\u00f3 poder\u00e3o ser liberados ap\u00f3s novo projeto de lei, o que exigir\u00e1 negocia\u00e7\u00e3o pol\u00edtica. A leitura interna \u00e9 clara: o Planalto decidiu usar todos os instrumentos poss\u00edveis para retomar controle do or\u00e7amento. Movimento ocorre ap\u00f3s deputados e senadores redirecionarem cerca de R$ 11,5 bilh\u00f5es de programas sociais para emendas parlamentares. A tesoura atingiu a\u00e7\u00f5es estrat\u00e9gicas do governo, como P\u00e9-de-Meia e Aux\u00edlio G\u00e1s, gerando irrita\u00e7\u00e3o no Pal\u00e1cio do Planalto e acendendo o sinal de alerta para 2026, ano eleitoral. Nos corredores do poder, a avalia\u00e7\u00e3o foi de que o Congresso \u201cdesidratou\u201d pol\u00edticas sociais para fortalecer bases eleitorais. O corte no P\u00e9-de-Meia chegou a R$ 541 milh\u00f5es ao longo da tramita\u00e7\u00e3o. J\u00e1 o Aux\u00edlio G\u00e1s perdeu quase R$ 370 milh\u00f5es, afetando diretamente fam\u00edlias de baixa renda. Estrat\u00e9gia do governo busca evitar um veto simples, que poderia ser derrubado depois. Para isso, Lula acionou um dispositivo da pr\u00f3pria Lei Or\u00e7ament\u00e1ria que permite anular at\u00e9 30% das despesas discricion\u00e1rias para recompor outras a\u00e7\u00f5es, ampliando a margem de manobra do Executivo. Veto aos R$ 400 milh\u00f5es se apoia na lei complementar 210, que estabeleceu regras mais r\u00edgidas para emendas ap\u00f3s decis\u00f5es do STF. T\u00e9cnicos identificaram recursos com destino espec\u00edfico acima do limite legal, o que abriu espa\u00e7o jur\u00eddico para o corte e aumentou o mal-estar com o Congresso. Enquanto isso, outros cortes feitos pelo relator do Or\u00e7amento ampliaram o desgaste. Seguro-desemprego perdeu R$ 391 milh\u00f5es. Bolsas da Capes e do CNPq tamb\u00e9m sofreram redu\u00e7\u00e3o. At\u00e9 a Previd\u00eancia entrou na conta, com diminui\u00e7\u00e3o de R$ 6,2 bilh\u00f5es, embora o governo atribua o ajuste \u00e0 revis\u00e3o da infla\u00e7\u00e3o. Nos bastidores, parlamentares acusam o Planalto de retaliar o Congresso. J\u00e1 aliados de Lula dizem que o presidente apenas tenta salvar pol\u00edticas sociais e evitar que o Or\u00e7amento vire moeda eleitoral. O resultado \u00e9 um ambiente de desconfian\u00e7a m\u00fatua e tens\u00e3o aberta entre os Poderes. Com o prazo de san\u00e7\u00e3o se encerrando nesta quarta-feira (14), o Or\u00e7amento de 2026 virou palco de disputa pol\u00edtica. Mais que n\u00fameros, o epis\u00f3dio exp\u00f5e uma guerra silenciosa por poder, influ\u00eancia e controle do dinheiro p\u00fablico, com reflexos diretos na rela\u00e7\u00e3o entre Lula e o Congresso.","og_url":"https:\/\/sudoesteacontece.com.br\/?p=6108","og_site_name":"Sudoesteacontece","article_publisher":"https:\/\/www.facebook.com\/sudoesteacontece\/?locale=pt_BR","article_published_time":"2026-01-14T19:30:57+00:00","article_modified_time":"2026-01-14T19:31:03+00:00","og_image":[{"width":900,"height":600,"url":"https:\/\/sudoesteacontece.com.br\/wp-content\/uploads\/2026\/01\/Lula-demonstra-preocupacao-com-falas-de-Trump-sobre-Colombia-e-Cuba-e-ve-vice-no-comando-da-Venezuela-sudoeste-acontece.jpg","type":"image\/jpeg"}],"author":"Reda\u00e7\u00e3o","twitter_card":"summary_large_image","twitter_misc":{"Escrito por":"Reda\u00e7\u00e3o","Est. tempo de leitura":"3 minutos"},"schema":{"@context":"https:\/\/schema.org","@graph":[{"@type":"Article","@id":"https:\/\/sudoesteacontece.com.br\/?p=6108#article","isPartOf":{"@id":"https:\/\/sudoesteacontece.com.br\/?p=6108"},"author":{"name":"Reda\u00e7\u00e3o","@id":"https:\/\/sudoesteacontece.com.br\/#\/schema\/person\/a4f22429c1d0923ef8f7d43343f8dc38"},"headline":"Lula enfrenta Congresso, veta emendas e abre novo cap\u00edtulo de desgaste pol\u00edtico no Or\u00e7amento 2026","datePublished":"2026-01-14T19:30:57+00:00","dateModified":"2026-01-14T19:31:03+00:00","mainEntityOfPage":{"@id":"https:\/\/sudoesteacontece.com.br\/?p=6108"},"wordCount":506,"commentCount":0,"publisher":{"@id":"https:\/\/sudoesteacontece.com.br\/#organization"},"image":{"@id":"https:\/\/sudoesteacontece.com.br\/?p=6108#primaryimage"},"thumbnailUrl":"https:\/\/sudoesteacontece.com.br\/wp-content\/uploads\/2026\/01\/Lula-demonstra-preocupacao-com-falas-de-Trump-sobre-Colombia-e-Cuba-e-ve-vice-no-comando-da-Venezuela-sudoeste-acontece.jpg","articleSection":["Brasil","Elei\u00e7\u00f5es 2026","Pol\u00edtica"],"inLanguage":"pt-BR","potentialAction":[{"@type":"CommentAction","name":"Comment","target":["https:\/\/sudoesteacontece.com.br\/?p=6108#respond"]}]},{"@type":"WebPage","@id":"https:\/\/sudoesteacontece.com.br\/?p=6108","url":"https:\/\/sudoesteacontece.com.br\/?p=6108","name":"Lula enfrenta Congresso, veta emendas e abre novo cap\u00edtulo de desgaste pol\u00edtico no Or\u00e7amento 2026 - Sudoesteacontece","isPartOf":{"@id":"https:\/\/sudoesteacontece.com.br\/#website"},"primaryImageOfPage":{"@id":"https:\/\/sudoesteacontece.com.br\/?p=6108#primaryimage"},"image":{"@id":"https:\/\/sudoesteacontece.com.br\/?p=6108#primaryimage"},"thumbnailUrl":"https:\/\/sudoesteacontece.com.br\/wp-content\/uploads\/2026\/01\/Lula-demonstra-preocupacao-com-falas-de-Trump-sobre-Colombia-e-Cuba-e-ve-vice-no-comando-da-Venezuela-sudoeste-acontece.jpg","datePublished":"2026-01-14T19:30:57+00:00","dateModified":"2026-01-14T19:31:03+00:00","breadcrumb":{"@id":"https:\/\/sudoesteacontece.com.br\/?p=6108#breadcrumb"},"inLanguage":"pt-BR","potentialAction":[{"@type":"ReadAction","target":["https:\/\/sudoesteacontece.com.br\/?p=6108"]}]},{"@type":"ImageObject","inLanguage":"pt-BR","@id":"https:\/\/sudoesteacontece.com.br\/?p=6108#primaryimage","url":"https:\/\/sudoesteacontece.com.br\/wp-content\/uploads\/2026\/01\/Lula-demonstra-preocupacao-com-falas-de-Trump-sobre-Colombia-e-Cuba-e-ve-vice-no-comando-da-Venezuela-sudoeste-acontece.jpg","contentUrl":"https:\/\/sudoesteacontece.com.br\/wp-content\/uploads\/2026\/01\/Lula-demonstra-preocupacao-com-falas-de-Trump-sobre-Colombia-e-Cuba-e-ve-vice-no-comando-da-Venezuela-sudoeste-acontece.jpg","width":900,"height":600},{"@type":"BreadcrumbList","@id":"https:\/\/sudoesteacontece.com.br\/?p=6108#breadcrumb","itemListElement":[{"@type":"ListItem","position":1,"name":"In\u00edcio","item":"https:\/\/sudoesteacontece.com.br\/"},{"@type":"ListItem","position":2,"name":"Lula enfrenta Congresso, veta emendas e abre novo cap\u00edtulo de desgaste pol\u00edtico no Or\u00e7amento 2026"}]},{"@type":"WebSite","@id":"https:\/\/sudoesteacontece.com.br\/#website","url":"https:\/\/sudoesteacontece.com.br\/","name":"Sudoesteacontece","description":"","publisher":{"@id":"https:\/\/sudoesteacontece.com.br\/#organization"},"potentialAction":[{"@type":"SearchAction","target":{"@type":"EntryPoint","urlTemplate":"https:\/\/sudoesteacontece.com.br\/?s={search_term_string}"},"query-input":{"@type":"PropertyValueSpecification","valueRequired":true,"valueName":"search_term_string"}}],"inLanguage":"pt-BR"},{"@type":"Organization","@id":"https:\/\/sudoesteacontece.com.br\/#organization","name":"Sudoesteacontece","url":"https:\/\/sudoesteacontece.com.br\/","logo":{"@type":"ImageObject","inLanguage":"pt-BR","@id":"https:\/\/sudoesteacontece.com.br\/#\/schema\/logo\/image\/","url":"https:\/\/sudoesteacontece.com.br\/wp-content\/uploads\/2025\/12\/cropped-logo-2-180x180-1.png","contentUrl":"https:\/\/sudoesteacontece.com.br\/wp-content\/uploads\/2025\/12\/cropped-logo-2-180x180-1.png","width":180,"height":180,"caption":"Sudoesteacontece"},"image":{"@id":"https:\/\/sudoesteacontece.com.br\/#\/schema\/logo\/image\/"},"sameAs":["https:\/\/www.facebook.com\/sudoesteacontece\/?locale=pt_BR"]},{"@type":"Person","@id":"https:\/\/sudoesteacontece.com.br\/#\/schema\/person\/a4f22429c1d0923ef8f7d43343f8dc38","name":"Reda\u00e7\u00e3o","image":{"@type":"ImageObject","inLanguage":"pt-BR","@id":"https:\/\/sudoesteacontece.com.br\/#\/schema\/person\/image\/","url":"https:\/\/secure.gravatar.com\/avatar\/c3a5b3c93f268a709c25a2df414c629a96fb3b1b4bf97a94fb3f72e54ae76903?s=96&d=mm&r=g","contentUrl":"https:\/\/secure.gravatar.com\/avatar\/c3a5b3c93f268a709c25a2df414c629a96fb3b1b4bf97a94fb3f72e54ae76903?s=96&d=mm&r=g","caption":"Reda\u00e7\u00e3o"},"url":"https:\/\/sudoesteacontece.com.br\/?author=4"}]}},"_links":{"self":[{"href":"https:\/\/sudoesteacontece.com.br\/index.php?rest_route=\/wp\/v2\/posts\/6108","targetHints":{"allow":["GET"]}}],"collection":[{"href":"https:\/\/sudoesteacontece.com.br\/index.php?rest_route=\/wp\/v2\/posts"}],"about":[{"href":"https:\/\/sudoesteacontece.com.br\/index.php?rest_route=\/wp\/v2\/types\/post"}],"author":[{"embeddable":true,"href":"https:\/\/sudoesteacontece.com.br\/index.php?rest_route=\/wp\/v2\/users\/4"}],"replies":[{"embeddable":true,"href":"https:\/\/sudoesteacontece.com.br\/index.php?rest_route=%2Fwp%2Fv2%2Fcomments&post=6108"}],"version-history":[{"count":0,"href":"https:\/\/sudoesteacontece.com.br\/index.php?rest_route=\/wp\/v2\/posts\/6108\/revisions"}],"wp:featuredmedia":[{"embeddable":true,"href":"https:\/\/sudoesteacontece.com.br\/index.php?rest_route=\/wp\/v2\/media\/5349"}],"wp:attachment":[{"href":"https:\/\/sudoesteacontece.com.br\/index.php?rest_route=%2Fwp%2Fv2%2Fmedia&parent=6108"}],"wp:term":[{"taxonomy":"category","embeddable":true,"href":"https:\/\/sudoesteacontece.com.br\/index.php?rest_route=%2Fwp%2Fv2%2Fcategories&post=6108"},{"taxonomy":"post_tag","embeddable":true,"href":"https:\/\/sudoesteacontece.com.br\/index.php?rest_route=%2Fwp%2Fv2%2Ftags&post=6108"}],"curies":[{"name":"wp","href":"https:\/\/api.w.org\/{rel}","templated":true}]}}