{"id":6109,"date":"2026-01-14T16:43:20","date_gmt":"2026-01-14T19:43:20","guid":{"rendered":"https:\/\/sudoesteacontece.com.br\/?p=6109"},"modified":"2026-01-14T16:43:26","modified_gmt":"2026-01-14T19:43:26","slug":"bastidores-pegam-fogo-filho-de-coronel-avanca-por-vaga-de-vice-e-reacao-de-geddel-expoe-tensao-na-base-de-jeronimo","status":"publish","type":"post","link":"https:\/\/sudoesteacontece.com.br\/?p=6109","title":{"rendered":"Bastidores pegam fogo: filho de Coronel avan\u00e7a por vaga de vice e rea\u00e7\u00e3o de Geddel exp\u00f5e tens\u00e3o na base de Jer\u00f4nimo"},"content":{"rendered":"<div class=\"wp-block-image\">\n<figure class=\"aligncenter size-full\"><img fetchpriority=\"high\" decoding=\"async\" width=\"900\" height=\"600\" src=\"http:\/\/sudoesteacontece.com.br\/wp-content\/uploads\/2026\/01\/deputado-federal-Diego-Coronel-do-PSD-.jpg\" alt=\"\" class=\"wp-image-6123\" srcset=\"https:\/\/sudoesteacontece.com.br\/wp-content\/uploads\/2026\/01\/deputado-federal-Diego-Coronel-do-PSD-.jpg 900w, https:\/\/sudoesteacontece.com.br\/wp-content\/uploads\/2026\/01\/deputado-federal-Diego-Coronel-do-PSD--300x200.jpg 300w, https:\/\/sudoesteacontece.com.br\/wp-content\/uploads\/2026\/01\/deputado-federal-Diego-Coronel-do-PSD--768x512.jpg 768w\" sizes=\"(max-width: 900px) 100vw, 900px\" \/><\/figure>\n<\/div>\n\n\n<p>Movimenta\u00e7\u00e3o nos bastidores da pol\u00edtica baiana ganhou for\u00e7a ap\u00f3s surgir a informa\u00e7\u00e3o de que o deputado federal Diego Coronel, do PSD, negocia com o governador Jer\u00f4nimo Rodrigues a vaga de vice na chapa de 2026. Filho do senador Angelo Coronel, ele teria assumido o protagonismo das articula\u00e7\u00f5es da fam\u00edlia e prepara um encontro decisivo com o chefe do Executivo.<\/p>\n\n\n\n<p>Segundo apura\u00e7\u00e3o divulgada pela Band, as conversas avan\u00e7am diretamente entre Diego e Jer\u00f4nimo. A poss\u00edvel alian\u00e7a PT-PSD anima aliados e preocupa partidos da base. O gesto indicaria uma reacomoda\u00e7\u00e3o de for\u00e7as para manter o grupo unido, mas tamb\u00e9m reacende disputas internas por espa\u00e7o e poder.<\/p>\n\n\n\n<p>Diante desse cen\u00e1rio, Angelo Coronel teria esfriado de vez a aproxima\u00e7\u00e3o com ACM Neto e recusado convite para migrar ao PSDB. A decis\u00e3o ocorre ap\u00f3s o senador Otto Alencar reafirmar que o PSD seguir\u00e1 fiel ao apoio a Lula e a Jer\u00f4nimo, afastando qualquer chance de racha na legenda.<\/p>\n\n\n\n<p>Nos bastidores, pesa ainda o hist\u00f3rico de tens\u00f5es ao longo de 2025, quando Angelo Coronel amea\u00e7ou romper a alian\u00e7a caso perdesse prioridade na disputa ao Senado. O impasse surgiu ap\u00f3s Rui Costa sinalizar interesse na mesma vaga, gerando desconforto e discursos p\u00fablicos de que \u201ch\u00e1 espa\u00e7o para todos\u201d.<\/p>\n\n\n\n<p>Atualmente, a vice-governadoria pertence ao MDB, ocupada por Geraldo J\u00fanior. A poss\u00edvel troca passou a circular com mais for\u00e7a ap\u00f3s a derrota dele na elei\u00e7\u00e3o para a prefeitura de Salvador em 2024, resultado que alimentou especula\u00e7\u00f5es sobre mudan\u00e7as na composi\u00e7\u00e3o da chapa governista.<\/p>\n\n\n\n<p>Rea\u00e7\u00e3o n\u00e3o demorou. Em declara\u00e7\u00e3o ao bahia.ba, Geddel Vieira Lima tratou o movimento como especula\u00e7\u00e3o e mandou recado direto ao PT. Disse confiar na palavra de Jer\u00f4nimo e de Jaques Wagner e afirmou n\u00e3o acreditar que o MDB, aliado hist\u00f3rico, seja descartado ap\u00f3s anos de lealdade pol\u00edtica.<\/p>\n\n\n\n<p>Em tom firme, Geddel lembrou que a vaga foi conquistada nas urnas e n\u00e3o pode ser tratada como moeda de troca. Apesar da tranquilidade aparente, o discurso exp\u00f5e a irrita\u00e7\u00e3o do MDB e mostra que, por tr\u00e1s da fala diplom\u00e1tica, a disputa pela vice j\u00e1 virou fofoca quente e combust\u00edvel pol\u00edtico para 2026.<\/p>\n","protected":false},"excerpt":{"rendered":"<p>Movimenta\u00e7\u00e3o nos bastidores da pol\u00edtica baiana ganhou for\u00e7a ap\u00f3s surgir a informa\u00e7\u00e3o de que o deputado federal Diego Coronel, do PSD, negocia com o governador Jer\u00f4nimo Rodrigues a vaga de vice na chapa de 2026. Filho do senador Angelo Coronel, ele teria assumido o protagonismo das articula\u00e7\u00f5es da fam\u00edlia e prepara um encontro decisivo com o chefe do Executivo. Segundo apura\u00e7\u00e3o divulgada pela Band, as conversas avan\u00e7am diretamente entre Diego e Jer\u00f4nimo. A poss\u00edvel alian\u00e7a PT-PSD anima aliados e preocupa partidos da base. O gesto indicaria uma reacomoda\u00e7\u00e3o de for\u00e7as para manter o grupo unido, mas tamb\u00e9m reacende disputas internas por espa\u00e7o e poder. Diante desse cen\u00e1rio, Angelo Coronel teria esfriado de vez a aproxima\u00e7\u00e3o com ACM Neto e recusado convite para migrar ao PSDB. A decis\u00e3o ocorre ap\u00f3s o senador Otto Alencar reafirmar que o PSD seguir\u00e1 fiel ao apoio a Lula e a Jer\u00f4nimo, afastando qualquer chance de racha na legenda. Nos bastidores, pesa ainda o hist\u00f3rico de tens\u00f5es ao longo de 2025, quando Angelo Coronel amea\u00e7ou romper a alian\u00e7a caso perdesse prioridade na disputa ao Senado. O impasse surgiu ap\u00f3s Rui Costa sinalizar interesse na mesma vaga, gerando desconforto e discursos p\u00fablicos de que \u201ch\u00e1 espa\u00e7o para todos\u201d. Atualmente, a vice-governadoria pertence ao MDB, ocupada por Geraldo J\u00fanior. A poss\u00edvel troca passou a circular com mais for\u00e7a ap\u00f3s a derrota dele na elei\u00e7\u00e3o para a prefeitura de Salvador em 2024, resultado que alimentou especula\u00e7\u00f5es sobre mudan\u00e7as na composi\u00e7\u00e3o da chapa governista. Rea\u00e7\u00e3o n\u00e3o demorou. Em declara\u00e7\u00e3o ao bahia.ba, Geddel Vieira Lima tratou o movimento como especula\u00e7\u00e3o e mandou recado direto ao PT. Disse confiar na palavra de Jer\u00f4nimo e de Jaques Wagner e afirmou n\u00e3o acreditar que o MDB, aliado hist\u00f3rico, seja descartado ap\u00f3s anos de lealdade pol\u00edtica. Em tom firme, Geddel lembrou que a vaga foi conquistada nas urnas e n\u00e3o pode ser tratada como moeda de troca. Apesar da tranquilidade aparente, o discurso exp\u00f5e a irrita\u00e7\u00e3o do MDB e mostra que, por tr\u00e1s da fala diplom\u00e1tica, a disputa pela vice j\u00e1 virou fofoca quente e combust\u00edvel pol\u00edtico para 2026.<\/p>\n","protected":false},"author":4,"featured_media":6123,"comment_status":"open","ping_status":"open","sticky":false,"template":"","format":"standard","meta":{"footnotes":""},"categories":[7,58,6],"tags":[],"class_list":["post-6109","post","type-post","status-publish","format-standard","has-post-thumbnail","hentry","category-bahia","category-eleicoes-2026","category-politica"],"yoast_head":"<!-- This site is optimized with the Yoast SEO plugin v26.5 - https:\/\/yoast.com\/wordpress\/plugins\/seo\/ -->\n<title>Bastidores pegam fogo: filho de Coronel avan\u00e7a por vaga de vice e rea\u00e7\u00e3o de Geddel exp\u00f5e tens\u00e3o na base de Jer\u00f4nimo - Sudoesteacontece<\/title>\n<meta name=\"robots\" content=\"index, follow, max-snippet:-1, max-image-preview:large, max-video-preview:-1\" \/>\n<link rel=\"canonical\" href=\"https:\/\/sudoesteacontece.com.br\/?p=6109\" \/>\n<meta property=\"og:locale\" content=\"pt_BR\" \/>\n<meta property=\"og:type\" content=\"article\" \/>\n<meta property=\"og:title\" content=\"Bastidores pegam fogo: filho de Coronel avan\u00e7a por vaga de vice e rea\u00e7\u00e3o de Geddel exp\u00f5e tens\u00e3o na base de Jer\u00f4nimo - Sudoesteacontece\" \/>\n<meta property=\"og:description\" content=\"Movimenta\u00e7\u00e3o nos bastidores da pol\u00edtica baiana ganhou for\u00e7a ap\u00f3s surgir a informa\u00e7\u00e3o de que o deputado federal Diego Coronel, do PSD, negocia com o governador Jer\u00f4nimo Rodrigues a vaga de vice na chapa de 2026. Filho do senador Angelo Coronel, ele teria assumido o protagonismo das articula\u00e7\u00f5es da fam\u00edlia e prepara um encontro decisivo com o chefe do Executivo. Segundo apura\u00e7\u00e3o divulgada pela Band, as conversas avan\u00e7am diretamente entre Diego e Jer\u00f4nimo. A poss\u00edvel alian\u00e7a PT-PSD anima aliados e preocupa partidos da base. O gesto indicaria uma reacomoda\u00e7\u00e3o de for\u00e7as para manter o grupo unido, mas tamb\u00e9m reacende disputas internas por espa\u00e7o e poder. Diante desse cen\u00e1rio, Angelo Coronel teria esfriado de vez a aproxima\u00e7\u00e3o com ACM Neto e recusado convite para migrar ao PSDB. A decis\u00e3o ocorre ap\u00f3s o senador Otto Alencar reafirmar que o PSD seguir\u00e1 fiel ao apoio a Lula e a Jer\u00f4nimo, afastando qualquer chance de racha na legenda. Nos bastidores, pesa ainda o hist\u00f3rico de tens\u00f5es ao longo de 2025, quando Angelo Coronel amea\u00e7ou romper a alian\u00e7a caso perdesse prioridade na disputa ao Senado. O impasse surgiu ap\u00f3s Rui Costa sinalizar interesse na mesma vaga, gerando desconforto e discursos p\u00fablicos de que \u201ch\u00e1 espa\u00e7o para todos\u201d. Atualmente, a vice-governadoria pertence ao MDB, ocupada por Geraldo J\u00fanior. A poss\u00edvel troca passou a circular com mais for\u00e7a ap\u00f3s a derrota dele na elei\u00e7\u00e3o para a prefeitura de Salvador em 2024, resultado que alimentou especula\u00e7\u00f5es sobre mudan\u00e7as na composi\u00e7\u00e3o da chapa governista. Rea\u00e7\u00e3o n\u00e3o demorou. Em declara\u00e7\u00e3o ao bahia.ba, Geddel Vieira Lima tratou o movimento como especula\u00e7\u00e3o e mandou recado direto ao PT. Disse confiar na palavra de Jer\u00f4nimo e de Jaques Wagner e afirmou n\u00e3o acreditar que o MDB, aliado hist\u00f3rico, seja descartado ap\u00f3s anos de lealdade pol\u00edtica. Em tom firme, Geddel lembrou que a vaga foi conquistada nas urnas e n\u00e3o pode ser tratada como moeda de troca. Apesar da tranquilidade aparente, o discurso exp\u00f5e a irrita\u00e7\u00e3o do MDB e mostra que, por tr\u00e1s da fala diplom\u00e1tica, a disputa pela vice j\u00e1 virou fofoca quente e combust\u00edvel pol\u00edtico para 2026.\" \/>\n<meta property=\"og:url\" content=\"https:\/\/sudoesteacontece.com.br\/?p=6109\" \/>\n<meta property=\"og:site_name\" content=\"Sudoesteacontece\" \/>\n<meta property=\"article:publisher\" content=\"https:\/\/www.facebook.com\/sudoesteacontece\/?locale=pt_BR\" \/>\n<meta property=\"article:published_time\" content=\"2026-01-14T19:43:20+00:00\" \/>\n<meta property=\"article:modified_time\" content=\"2026-01-14T19:43:26+00:00\" \/>\n<meta property=\"og:image\" content=\"https:\/\/sudoesteacontece.com.br\/wp-content\/uploads\/2026\/01\/deputado-federal-Diego-Coronel-do-PSD-.jpg\" \/>\n\t<meta property=\"og:image:width\" content=\"900\" \/>\n\t<meta property=\"og:image:height\" content=\"600\" \/>\n\t<meta property=\"og:image:type\" content=\"image\/jpeg\" \/>\n<meta name=\"author\" content=\"Reda\u00e7\u00e3o\" \/>\n<meta name=\"twitter:card\" content=\"summary_large_image\" \/>\n<meta name=\"twitter:label1\" content=\"Escrito por\" \/>\n\t<meta name=\"twitter:data1\" content=\"Reda\u00e7\u00e3o\" \/>\n\t<meta name=\"twitter:label2\" content=\"Est. tempo de leitura\" \/>\n\t<meta name=\"twitter:data2\" content=\"3 minutos\" \/>\n<script type=\"application\/ld+json\" class=\"yoast-schema-graph\">{\"@context\":\"https:\/\/schema.org\",\"@graph\":[{\"@type\":\"Article\",\"@id\":\"https:\/\/sudoesteacontece.com.br\/?p=6109#article\",\"isPartOf\":{\"@id\":\"https:\/\/sudoesteacontece.com.br\/?p=6109\"},\"author\":{\"name\":\"Reda\u00e7\u00e3o\",\"@id\":\"https:\/\/sudoesteacontece.com.br\/#\/schema\/person\/a4f22429c1d0923ef8f7d43343f8dc38\"},\"headline\":\"Bastidores pegam fogo: filho de Coronel avan\u00e7a por vaga de vice e rea\u00e7\u00e3o de Geddel exp\u00f5e tens\u00e3o na base de Jer\u00f4nimo\",\"datePublished\":\"2026-01-14T19:43:20+00:00\",\"dateModified\":\"2026-01-14T19:43:26+00:00\",\"mainEntityOfPage\":{\"@id\":\"https:\/\/sudoesteacontece.com.br\/?p=6109\"},\"wordCount\":420,\"commentCount\":0,\"publisher\":{\"@id\":\"https:\/\/sudoesteacontece.com.br\/#organization\"},\"image\":{\"@id\":\"https:\/\/sudoesteacontece.com.br\/?p=6109#primaryimage\"},\"thumbnailUrl\":\"https:\/\/sudoesteacontece.com.br\/wp-content\/uploads\/2026\/01\/deputado-federal-Diego-Coronel-do-PSD-.jpg\",\"articleSection\":[\"Bahia\",\"Elei\u00e7\u00f5es 2026\",\"Pol\u00edtica\"],\"inLanguage\":\"pt-BR\",\"potentialAction\":[{\"@type\":\"CommentAction\",\"name\":\"Comment\",\"target\":[\"https:\/\/sudoesteacontece.com.br\/?p=6109#respond\"]}]},{\"@type\":\"WebPage\",\"@id\":\"https:\/\/sudoesteacontece.com.br\/?p=6109\",\"url\":\"https:\/\/sudoesteacontece.com.br\/?p=6109\",\"name\":\"Bastidores pegam fogo: filho de Coronel avan\u00e7a por vaga de vice e rea\u00e7\u00e3o de Geddel exp\u00f5e tens\u00e3o na base de Jer\u00f4nimo - Sudoesteacontece\",\"isPartOf\":{\"@id\":\"https:\/\/sudoesteacontece.com.br\/#website\"},\"primaryImageOfPage\":{\"@id\":\"https:\/\/sudoesteacontece.com.br\/?p=6109#primaryimage\"},\"image\":{\"@id\":\"https:\/\/sudoesteacontece.com.br\/?p=6109#primaryimage\"},\"thumbnailUrl\":\"https:\/\/sudoesteacontece.com.br\/wp-content\/uploads\/2026\/01\/deputado-federal-Diego-Coronel-do-PSD-.jpg\",\"datePublished\":\"2026-01-14T19:43:20+00:00\",\"dateModified\":\"2026-01-14T19:43:26+00:00\",\"breadcrumb\":{\"@id\":\"https:\/\/sudoesteacontece.com.br\/?p=6109#breadcrumb\"},\"inLanguage\":\"pt-BR\",\"potentialAction\":[{\"@type\":\"ReadAction\",\"target\":[\"https:\/\/sudoesteacontece.com.br\/?p=6109\"]}]},{\"@type\":\"ImageObject\",\"inLanguage\":\"pt-BR\",\"@id\":\"https:\/\/sudoesteacontece.com.br\/?p=6109#primaryimage\",\"url\":\"https:\/\/sudoesteacontece.com.br\/wp-content\/uploads\/2026\/01\/deputado-federal-Diego-Coronel-do-PSD-.jpg\",\"contentUrl\":\"https:\/\/sudoesteacontece.com.br\/wp-content\/uploads\/2026\/01\/deputado-federal-Diego-Coronel-do-PSD-.jpg\",\"width\":900,\"height\":600},{\"@type\":\"BreadcrumbList\",\"@id\":\"https:\/\/sudoesteacontece.com.br\/?p=6109#breadcrumb\",\"itemListElement\":[{\"@type\":\"ListItem\",\"position\":1,\"name\":\"In\u00edcio\",\"item\":\"https:\/\/sudoesteacontece.com.br\/\"},{\"@type\":\"ListItem\",\"position\":2,\"name\":\"Bastidores pegam fogo: filho de Coronel avan\u00e7a por vaga de vice e rea\u00e7\u00e3o de Geddel exp\u00f5e tens\u00e3o na base de Jer\u00f4nimo\"}]},{\"@type\":\"WebSite\",\"@id\":\"https:\/\/sudoesteacontece.com.br\/#website\",\"url\":\"https:\/\/sudoesteacontece.com.br\/\",\"name\":\"Sudoesteacontece\",\"description\":\"\",\"publisher\":{\"@id\":\"https:\/\/sudoesteacontece.com.br\/#organization\"},\"potentialAction\":[{\"@type\":\"SearchAction\",\"target\":{\"@type\":\"EntryPoint\",\"urlTemplate\":\"https:\/\/sudoesteacontece.com.br\/?s={search_term_string}\"},\"query-input\":{\"@type\":\"PropertyValueSpecification\",\"valueRequired\":true,\"valueName\":\"search_term_string\"}}],\"inLanguage\":\"pt-BR\"},{\"@type\":\"Organization\",\"@id\":\"https:\/\/sudoesteacontece.com.br\/#organization\",\"name\":\"Sudoesteacontece\",\"url\":\"https:\/\/sudoesteacontece.com.br\/\",\"logo\":{\"@type\":\"ImageObject\",\"inLanguage\":\"pt-BR\",\"@id\":\"https:\/\/sudoesteacontece.com.br\/#\/schema\/logo\/image\/\",\"url\":\"https:\/\/sudoesteacontece.com.br\/wp-content\/uploads\/2025\/12\/cropped-logo-2-180x180-1.png\",\"contentUrl\":\"https:\/\/sudoesteacontece.com.br\/wp-content\/uploads\/2025\/12\/cropped-logo-2-180x180-1.png\",\"width\":180,\"height\":180,\"caption\":\"Sudoesteacontece\"},\"image\":{\"@id\":\"https:\/\/sudoesteacontece.com.br\/#\/schema\/logo\/image\/\"},\"sameAs\":[\"https:\/\/www.facebook.com\/sudoesteacontece\/?locale=pt_BR\"]},{\"@type\":\"Person\",\"@id\":\"https:\/\/sudoesteacontece.com.br\/#\/schema\/person\/a4f22429c1d0923ef8f7d43343f8dc38\",\"name\":\"Reda\u00e7\u00e3o\",\"image\":{\"@type\":\"ImageObject\",\"inLanguage\":\"pt-BR\",\"@id\":\"https:\/\/sudoesteacontece.com.br\/#\/schema\/person\/image\/\",\"url\":\"https:\/\/secure.gravatar.com\/avatar\/c3a5b3c93f268a709c25a2df414c629a96fb3b1b4bf97a94fb3f72e54ae76903?s=96&d=mm&r=g\",\"contentUrl\":\"https:\/\/secure.gravatar.com\/avatar\/c3a5b3c93f268a709c25a2df414c629a96fb3b1b4bf97a94fb3f72e54ae76903?s=96&d=mm&r=g\",\"caption\":\"Reda\u00e7\u00e3o\"},\"url\":\"https:\/\/sudoesteacontece.com.br\/?author=4\"}]}<\/script>\n<!-- \/ Yoast SEO plugin. -->","yoast_head_json":{"title":"Bastidores pegam fogo: filho de Coronel avan\u00e7a por vaga de vice e rea\u00e7\u00e3o de Geddel exp\u00f5e tens\u00e3o na base de Jer\u00f4nimo - Sudoesteacontece","robots":{"index":"index","follow":"follow","max-snippet":"max-snippet:-1","max-image-preview":"max-image-preview:large","max-video-preview":"max-video-preview:-1"},"canonical":"https:\/\/sudoesteacontece.com.br\/?p=6109","og_locale":"pt_BR","og_type":"article","og_title":"Bastidores pegam fogo: filho de Coronel avan\u00e7a por vaga de vice e rea\u00e7\u00e3o de Geddel exp\u00f5e tens\u00e3o na base de Jer\u00f4nimo - Sudoesteacontece","og_description":"Movimenta\u00e7\u00e3o nos bastidores da pol\u00edtica baiana ganhou for\u00e7a ap\u00f3s surgir a informa\u00e7\u00e3o de que o deputado federal Diego Coronel, do PSD, negocia com o governador Jer\u00f4nimo Rodrigues a vaga de vice na chapa de 2026. Filho do senador Angelo Coronel, ele teria assumido o protagonismo das articula\u00e7\u00f5es da fam\u00edlia e prepara um encontro decisivo com o chefe do Executivo. Segundo apura\u00e7\u00e3o divulgada pela Band, as conversas avan\u00e7am diretamente entre Diego e Jer\u00f4nimo. A poss\u00edvel alian\u00e7a PT-PSD anima aliados e preocupa partidos da base. O gesto indicaria uma reacomoda\u00e7\u00e3o de for\u00e7as para manter o grupo unido, mas tamb\u00e9m reacende disputas internas por espa\u00e7o e poder. Diante desse cen\u00e1rio, Angelo Coronel teria esfriado de vez a aproxima\u00e7\u00e3o com ACM Neto e recusado convite para migrar ao PSDB. A decis\u00e3o ocorre ap\u00f3s o senador Otto Alencar reafirmar que o PSD seguir\u00e1 fiel ao apoio a Lula e a Jer\u00f4nimo, afastando qualquer chance de racha na legenda. Nos bastidores, pesa ainda o hist\u00f3rico de tens\u00f5es ao longo de 2025, quando Angelo Coronel amea\u00e7ou romper a alian\u00e7a caso perdesse prioridade na disputa ao Senado. O impasse surgiu ap\u00f3s Rui Costa sinalizar interesse na mesma vaga, gerando desconforto e discursos p\u00fablicos de que \u201ch\u00e1 espa\u00e7o para todos\u201d. Atualmente, a vice-governadoria pertence ao MDB, ocupada por Geraldo J\u00fanior. A poss\u00edvel troca passou a circular com mais for\u00e7a ap\u00f3s a derrota dele na elei\u00e7\u00e3o para a prefeitura de Salvador em 2024, resultado que alimentou especula\u00e7\u00f5es sobre mudan\u00e7as na composi\u00e7\u00e3o da chapa governista. Rea\u00e7\u00e3o n\u00e3o demorou. Em declara\u00e7\u00e3o ao bahia.ba, Geddel Vieira Lima tratou o movimento como especula\u00e7\u00e3o e mandou recado direto ao PT. Disse confiar na palavra de Jer\u00f4nimo e de Jaques Wagner e afirmou n\u00e3o acreditar que o MDB, aliado hist\u00f3rico, seja descartado ap\u00f3s anos de lealdade pol\u00edtica. Em tom firme, Geddel lembrou que a vaga foi conquistada nas urnas e n\u00e3o pode ser tratada como moeda de troca. Apesar da tranquilidade aparente, o discurso exp\u00f5e a irrita\u00e7\u00e3o do MDB e mostra que, por tr\u00e1s da fala diplom\u00e1tica, a disputa pela vice j\u00e1 virou fofoca quente e combust\u00edvel pol\u00edtico para 2026.","og_url":"https:\/\/sudoesteacontece.com.br\/?p=6109","og_site_name":"Sudoesteacontece","article_publisher":"https:\/\/www.facebook.com\/sudoesteacontece\/?locale=pt_BR","article_published_time":"2026-01-14T19:43:20+00:00","article_modified_time":"2026-01-14T19:43:26+00:00","og_image":[{"width":900,"height":600,"url":"https:\/\/sudoesteacontece.com.br\/wp-content\/uploads\/2026\/01\/deputado-federal-Diego-Coronel-do-PSD-.jpg","type":"image\/jpeg"}],"author":"Reda\u00e7\u00e3o","twitter_card":"summary_large_image","twitter_misc":{"Escrito por":"Reda\u00e7\u00e3o","Est. tempo de leitura":"3 minutos"},"schema":{"@context":"https:\/\/schema.org","@graph":[{"@type":"Article","@id":"https:\/\/sudoesteacontece.com.br\/?p=6109#article","isPartOf":{"@id":"https:\/\/sudoesteacontece.com.br\/?p=6109"},"author":{"name":"Reda\u00e7\u00e3o","@id":"https:\/\/sudoesteacontece.com.br\/#\/schema\/person\/a4f22429c1d0923ef8f7d43343f8dc38"},"headline":"Bastidores pegam fogo: filho de Coronel avan\u00e7a por vaga de vice e rea\u00e7\u00e3o de Geddel exp\u00f5e tens\u00e3o na base de Jer\u00f4nimo","datePublished":"2026-01-14T19:43:20+00:00","dateModified":"2026-01-14T19:43:26+00:00","mainEntityOfPage":{"@id":"https:\/\/sudoesteacontece.com.br\/?p=6109"},"wordCount":420,"commentCount":0,"publisher":{"@id":"https:\/\/sudoesteacontece.com.br\/#organization"},"image":{"@id":"https:\/\/sudoesteacontece.com.br\/?p=6109#primaryimage"},"thumbnailUrl":"https:\/\/sudoesteacontece.com.br\/wp-content\/uploads\/2026\/01\/deputado-federal-Diego-Coronel-do-PSD-.jpg","articleSection":["Bahia","Elei\u00e7\u00f5es 2026","Pol\u00edtica"],"inLanguage":"pt-BR","potentialAction":[{"@type":"CommentAction","name":"Comment","target":["https:\/\/sudoesteacontece.com.br\/?p=6109#respond"]}]},{"@type":"WebPage","@id":"https:\/\/sudoesteacontece.com.br\/?p=6109","url":"https:\/\/sudoesteacontece.com.br\/?p=6109","name":"Bastidores pegam fogo: filho de Coronel avan\u00e7a por vaga de vice e rea\u00e7\u00e3o de Geddel exp\u00f5e tens\u00e3o na base de Jer\u00f4nimo - Sudoesteacontece","isPartOf":{"@id":"https:\/\/sudoesteacontece.com.br\/#website"},"primaryImageOfPage":{"@id":"https:\/\/sudoesteacontece.com.br\/?p=6109#primaryimage"},"image":{"@id":"https:\/\/sudoesteacontece.com.br\/?p=6109#primaryimage"},"thumbnailUrl":"https:\/\/sudoesteacontece.com.br\/wp-content\/uploads\/2026\/01\/deputado-federal-Diego-Coronel-do-PSD-.jpg","datePublished":"2026-01-14T19:43:20+00:00","dateModified":"2026-01-14T19:43:26+00:00","breadcrumb":{"@id":"https:\/\/sudoesteacontece.com.br\/?p=6109#breadcrumb"},"inLanguage":"pt-BR","potentialAction":[{"@type":"ReadAction","target":["https:\/\/sudoesteacontece.com.br\/?p=6109"]}]},{"@type":"ImageObject","inLanguage":"pt-BR","@id":"https:\/\/sudoesteacontece.com.br\/?p=6109#primaryimage","url":"https:\/\/sudoesteacontece.com.br\/wp-content\/uploads\/2026\/01\/deputado-federal-Diego-Coronel-do-PSD-.jpg","contentUrl":"https:\/\/sudoesteacontece.com.br\/wp-content\/uploads\/2026\/01\/deputado-federal-Diego-Coronel-do-PSD-.jpg","width":900,"height":600},{"@type":"BreadcrumbList","@id":"https:\/\/sudoesteacontece.com.br\/?p=6109#breadcrumb","itemListElement":[{"@type":"ListItem","position":1,"name":"In\u00edcio","item":"https:\/\/sudoesteacontece.com.br\/"},{"@type":"ListItem","position":2,"name":"Bastidores pegam fogo: filho de Coronel avan\u00e7a por vaga de vice e rea\u00e7\u00e3o de Geddel exp\u00f5e tens\u00e3o na base de Jer\u00f4nimo"}]},{"@type":"WebSite","@id":"https:\/\/sudoesteacontece.com.br\/#website","url":"https:\/\/sudoesteacontece.com.br\/","name":"Sudoesteacontece","description":"","publisher":{"@id":"https:\/\/sudoesteacontece.com.br\/#organization"},"potentialAction":[{"@type":"SearchAction","target":{"@type":"EntryPoint","urlTemplate":"https:\/\/sudoesteacontece.com.br\/?s={search_term_string}"},"query-input":{"@type":"PropertyValueSpecification","valueRequired":true,"valueName":"search_term_string"}}],"inLanguage":"pt-BR"},{"@type":"Organization","@id":"https:\/\/sudoesteacontece.com.br\/#organization","name":"Sudoesteacontece","url":"https:\/\/sudoesteacontece.com.br\/","logo":{"@type":"ImageObject","inLanguage":"pt-BR","@id":"https:\/\/sudoesteacontece.com.br\/#\/schema\/logo\/image\/","url":"https:\/\/sudoesteacontece.com.br\/wp-content\/uploads\/2025\/12\/cropped-logo-2-180x180-1.png","contentUrl":"https:\/\/sudoesteacontece.com.br\/wp-content\/uploads\/2025\/12\/cropped-logo-2-180x180-1.png","width":180,"height":180,"caption":"Sudoesteacontece"},"image":{"@id":"https:\/\/sudoesteacontece.com.br\/#\/schema\/logo\/image\/"},"sameAs":["https:\/\/www.facebook.com\/sudoesteacontece\/?locale=pt_BR"]},{"@type":"Person","@id":"https:\/\/sudoesteacontece.com.br\/#\/schema\/person\/a4f22429c1d0923ef8f7d43343f8dc38","name":"Reda\u00e7\u00e3o","image":{"@type":"ImageObject","inLanguage":"pt-BR","@id":"https:\/\/sudoesteacontece.com.br\/#\/schema\/person\/image\/","url":"https:\/\/secure.gravatar.com\/avatar\/c3a5b3c93f268a709c25a2df414c629a96fb3b1b4bf97a94fb3f72e54ae76903?s=96&d=mm&r=g","contentUrl":"https:\/\/secure.gravatar.com\/avatar\/c3a5b3c93f268a709c25a2df414c629a96fb3b1b4bf97a94fb3f72e54ae76903?s=96&d=mm&r=g","caption":"Reda\u00e7\u00e3o"},"url":"https:\/\/sudoesteacontece.com.br\/?author=4"}]}},"_links":{"self":[{"href":"https:\/\/sudoesteacontece.com.br\/index.php?rest_route=\/wp\/v2\/posts\/6109","targetHints":{"allow":["GET"]}}],"collection":[{"href":"https:\/\/sudoesteacontece.com.br\/index.php?rest_route=\/wp\/v2\/posts"}],"about":[{"href":"https:\/\/sudoesteacontece.com.br\/index.php?rest_route=\/wp\/v2\/types\/post"}],"author":[{"embeddable":true,"href":"https:\/\/sudoesteacontece.com.br\/index.php?rest_route=\/wp\/v2\/users\/4"}],"replies":[{"embeddable":true,"href":"https:\/\/sudoesteacontece.com.br\/index.php?rest_route=%2Fwp%2Fv2%2Fcomments&post=6109"}],"version-history":[{"count":0,"href":"https:\/\/sudoesteacontece.com.br\/index.php?rest_route=\/wp\/v2\/posts\/6109\/revisions"}],"wp:featuredmedia":[{"embeddable":true,"href":"https:\/\/sudoesteacontece.com.br\/index.php?rest_route=\/wp\/v2\/media\/6123"}],"wp:attachment":[{"href":"https:\/\/sudoesteacontece.com.br\/index.php?rest_route=%2Fwp%2Fv2%2Fmedia&parent=6109"}],"wp:term":[{"taxonomy":"category","embeddable":true,"href":"https:\/\/sudoesteacontece.com.br\/index.php?rest_route=%2Fwp%2Fv2%2Fcategories&post=6109"},{"taxonomy":"post_tag","embeddable":true,"href":"https:\/\/sudoesteacontece.com.br\/index.php?rest_route=%2Fwp%2Fv2%2Ftags&post=6109"}],"curies":[{"name":"wp","href":"https:\/\/api.w.org\/{rel}","templated":true}]}}