{"id":6113,"date":"2026-01-14T16:35:17","date_gmt":"2026-01-14T19:35:17","guid":{"rendered":"https:\/\/sudoesteacontece.com.br\/?p=6113"},"modified":"2026-01-14T16:35:23","modified_gmt":"2026-01-14T19:35:23","slug":"brumado-monta-forca-tarefa-para-garantir-seguranca-e-organizacao-na-cavalgada-dos-santos-reis","status":"publish","type":"post","link":"https:\/\/sudoesteacontece.com.br\/?p=6113","title":{"rendered":"Brumado monta for\u00e7a-tarefa para garantir seguran\u00e7a e organiza\u00e7\u00e3o na Cavalgada dos Santos Reis"},"content":{"rendered":"<div class=\"wp-block-image\">\n<figure class=\"aligncenter size-full\"><img fetchpriority=\"high\" decoding=\"async\" width=\"900\" height=\"600\" src=\"http:\/\/sudoesteacontece.com.br\/wp-content\/uploads\/2026\/01\/Brumado-monta-forca-tarefa-para-garantir-seguranca-e-organizacao-na-Cavalgada-dos-Santos-Reis-sudoeste-acontece.jpg\" alt=\"\" class=\"wp-image-6120\" srcset=\"https:\/\/sudoesteacontece.com.br\/wp-content\/uploads\/2026\/01\/Brumado-monta-forca-tarefa-para-garantir-seguranca-e-organizacao-na-Cavalgada-dos-Santos-Reis-sudoeste-acontece.jpg 900w, https:\/\/sudoesteacontece.com.br\/wp-content\/uploads\/2026\/01\/Brumado-monta-forca-tarefa-para-garantir-seguranca-e-organizacao-na-Cavalgada-dos-Santos-Reis-sudoeste-acontece-300x200.jpg 300w, https:\/\/sudoesteacontece.com.br\/wp-content\/uploads\/2026\/01\/Brumado-monta-forca-tarefa-para-garantir-seguranca-e-organizacao-na-Cavalgada-dos-Santos-Reis-sudoeste-acontece-768x512.jpg 768w\" sizes=\"(max-width: 900px) 100vw, 900px\" \/><\/figure>\n<\/div>\n\n\n<p>Planejamento integrado marcou a prepara\u00e7\u00e3o da Cavalgada dos Santos Reis em Brumado ap\u00f3s reuni\u00e3o realizada pela Prefeitura na manh\u00e3 desta quarta-feira (15). O encontro definiu estrat\u00e9gias conjuntas para assegurar um evento organizado, seguro e tranquilo, com foco na prote\u00e7\u00e3o do p\u00fablico, dos participantes e na fluidez urbana durante toda a programa\u00e7\u00e3o.<\/p>\n\n\n\n<p>Participa\u00e7\u00e3o de diferentes \u00f3rg\u00e3os refor\u00e7ou a articula\u00e7\u00e3o. Estiveram presentes representantes da Pol\u00edcia Militar, da Superintend\u00eancia Municipal de Tr\u00e2nsito, da Guarda Municipal, da equipe de Fiscaliza\u00e7\u00e3o e da Secretaria de Infraestrutura, que alinharam a\u00e7\u00f5es para atua\u00e7\u00e3o simult\u00e2nea antes, durante e ap\u00f3s a cavalgada.<\/p>\n\n\n\n<p>Durante o evento, o munic\u00edpio contar\u00e1 com refor\u00e7o no policiamento, fiscaliza\u00e7\u00e3o intensificada e monitoramento por c\u00e2meras. Equipes da SMTT atuar\u00e3o diretamente na organiza\u00e7\u00e3o do tr\u00e2nsito ao longo do percurso, no entorno e nas \u00e1reas de maior concentra\u00e7\u00e3o, reduzindo riscos e prevenindo transtornos.<\/p>\n\n\n\n<p>Atua\u00e7\u00e3o conjunta busca garantir mais conforto e seguran\u00e7a para cavaleiros, pedestres, moradores e visitantes. A estrat\u00e9gia prioriza preven\u00e7\u00e3o de acidentes, ordenamento dos espa\u00e7os e resposta r\u00e1pida a qualquer ocorr\u00eancia que possa comprometer o andamento da festa tradicional.<\/p>\n\n\n\n<p>A Prefeitura de Brumado destacou que o planejamento antecipado \u00e9 decisivo para o sucesso da Cavalgada dos Santos Reis. Segundo a gest\u00e3o municipal, todas as medidas adotadas t\u00eam como foco principal o bem-estar da popula\u00e7\u00e3o e a preserva\u00e7\u00e3o do car\u00e1ter cultural do evento.<\/p>\n","protected":false},"excerpt":{"rendered":"<p>Planejamento integrado marcou a prepara\u00e7\u00e3o da Cavalgada dos Santos Reis em Brumado ap\u00f3s reuni\u00e3o realizada pela Prefeitura na manh\u00e3 desta quarta-feira (15). O encontro definiu estrat\u00e9gias conjuntas para assegurar um evento organizado, seguro e tranquilo, com foco na prote\u00e7\u00e3o do p\u00fablico, dos participantes e na fluidez urbana durante toda a programa\u00e7\u00e3o. Participa\u00e7\u00e3o de diferentes \u00f3rg\u00e3os refor\u00e7ou a articula\u00e7\u00e3o. Estiveram presentes representantes da Pol\u00edcia Militar, da Superintend\u00eancia Municipal de Tr\u00e2nsito, da Guarda Municipal, da equipe de Fiscaliza\u00e7\u00e3o e da Secretaria de Infraestrutura, que alinharam a\u00e7\u00f5es para atua\u00e7\u00e3o simult\u00e2nea antes, durante e ap\u00f3s a cavalgada. Durante o evento, o munic\u00edpio contar\u00e1 com refor\u00e7o no policiamento, fiscaliza\u00e7\u00e3o intensificada e monitoramento por c\u00e2meras. Equipes da SMTT atuar\u00e3o diretamente na organiza\u00e7\u00e3o do tr\u00e2nsito ao longo do percurso, no entorno e nas \u00e1reas de maior concentra\u00e7\u00e3o, reduzindo riscos e prevenindo transtornos. Atua\u00e7\u00e3o conjunta busca garantir mais conforto e seguran\u00e7a para cavaleiros, pedestres, moradores e visitantes. A estrat\u00e9gia prioriza preven\u00e7\u00e3o de acidentes, ordenamento dos espa\u00e7os e resposta r\u00e1pida a qualquer ocorr\u00eancia que possa comprometer o andamento da festa tradicional. A Prefeitura de Brumado destacou que o planejamento antecipado \u00e9 decisivo para o sucesso da Cavalgada dos Santos Reis. Segundo a gest\u00e3o municipal, todas as medidas adotadas t\u00eam como foco principal o bem-estar da popula\u00e7\u00e3o e a preserva\u00e7\u00e3o do car\u00e1ter cultural do evento.<\/p>\n","protected":false},"author":4,"featured_media":6120,"comment_status":"open","ping_status":"open","sticky":false,"template":"","format":"standard","meta":{"footnotes":""},"categories":[10,4,3,6],"tags":[],"class_list":["post-6113","post","type-post","status-publish","format-standard","has-post-thumbnail","hentry","category-brumado","category-cidades","category-policia","category-politica"],"yoast_head":"<!-- This site is optimized with the Yoast SEO plugin v26.5 - https:\/\/yoast.com\/wordpress\/plugins\/seo\/ -->\n<title>Brumado monta for\u00e7a-tarefa para garantir seguran\u00e7a e organiza\u00e7\u00e3o na Cavalgada dos Santos Reis - Sudoesteacontece<\/title>\n<meta name=\"robots\" content=\"index, follow, max-snippet:-1, max-image-preview:large, max-video-preview:-1\" \/>\n<link rel=\"canonical\" href=\"https:\/\/sudoesteacontece.com.br\/?p=6113\" \/>\n<meta property=\"og:locale\" content=\"pt_BR\" \/>\n<meta property=\"og:type\" content=\"article\" \/>\n<meta property=\"og:title\" content=\"Brumado monta for\u00e7a-tarefa para garantir seguran\u00e7a e organiza\u00e7\u00e3o na Cavalgada dos Santos Reis - Sudoesteacontece\" \/>\n<meta property=\"og:description\" content=\"Planejamento integrado marcou a prepara\u00e7\u00e3o da Cavalgada dos Santos Reis em Brumado ap\u00f3s reuni\u00e3o realizada pela Prefeitura na manh\u00e3 desta quarta-feira (15). O encontro definiu estrat\u00e9gias conjuntas para assegurar um evento organizado, seguro e tranquilo, com foco na prote\u00e7\u00e3o do p\u00fablico, dos participantes e na fluidez urbana durante toda a programa\u00e7\u00e3o. Participa\u00e7\u00e3o de diferentes \u00f3rg\u00e3os refor\u00e7ou a articula\u00e7\u00e3o. Estiveram presentes representantes da Pol\u00edcia Militar, da Superintend\u00eancia Municipal de Tr\u00e2nsito, da Guarda Municipal, da equipe de Fiscaliza\u00e7\u00e3o e da Secretaria de Infraestrutura, que alinharam a\u00e7\u00f5es para atua\u00e7\u00e3o simult\u00e2nea antes, durante e ap\u00f3s a cavalgada. Durante o evento, o munic\u00edpio contar\u00e1 com refor\u00e7o no policiamento, fiscaliza\u00e7\u00e3o intensificada e monitoramento por c\u00e2meras. Equipes da SMTT atuar\u00e3o diretamente na organiza\u00e7\u00e3o do tr\u00e2nsito ao longo do percurso, no entorno e nas \u00e1reas de maior concentra\u00e7\u00e3o, reduzindo riscos e prevenindo transtornos. Atua\u00e7\u00e3o conjunta busca garantir mais conforto e seguran\u00e7a para cavaleiros, pedestres, moradores e visitantes. A estrat\u00e9gia prioriza preven\u00e7\u00e3o de acidentes, ordenamento dos espa\u00e7os e resposta r\u00e1pida a qualquer ocorr\u00eancia que possa comprometer o andamento da festa tradicional. A Prefeitura de Brumado destacou que o planejamento antecipado \u00e9 decisivo para o sucesso da Cavalgada dos Santos Reis. Segundo a gest\u00e3o municipal, todas as medidas adotadas t\u00eam como foco principal o bem-estar da popula\u00e7\u00e3o e a preserva\u00e7\u00e3o do car\u00e1ter cultural do evento.\" \/>\n<meta property=\"og:url\" content=\"https:\/\/sudoesteacontece.com.br\/?p=6113\" \/>\n<meta property=\"og:site_name\" content=\"Sudoesteacontece\" \/>\n<meta property=\"article:publisher\" content=\"https:\/\/www.facebook.com\/sudoesteacontece\/?locale=pt_BR\" \/>\n<meta property=\"article:published_time\" content=\"2026-01-14T19:35:17+00:00\" \/>\n<meta property=\"article:modified_time\" content=\"2026-01-14T19:35:23+00:00\" \/>\n<meta property=\"og:image\" content=\"https:\/\/sudoesteacontece.com.br\/wp-content\/uploads\/2026\/01\/Brumado-monta-forca-tarefa-para-garantir-seguranca-e-organizacao-na-Cavalgada-dos-Santos-Reis-sudoeste-acontece.jpg\" \/>\n\t<meta property=\"og:image:width\" content=\"900\" \/>\n\t<meta property=\"og:image:height\" content=\"600\" \/>\n\t<meta property=\"og:image:type\" content=\"image\/jpeg\" \/>\n<meta name=\"author\" content=\"Reda\u00e7\u00e3o\" \/>\n<meta name=\"twitter:card\" content=\"summary_large_image\" \/>\n<meta name=\"twitter:label1\" content=\"Escrito por\" \/>\n\t<meta name=\"twitter:data1\" content=\"Reda\u00e7\u00e3o\" \/>\n\t<meta name=\"twitter:label2\" content=\"Est. tempo de leitura\" \/>\n\t<meta name=\"twitter:data2\" content=\"2 minutos\" \/>\n<script type=\"application\/ld+json\" class=\"yoast-schema-graph\">{\"@context\":\"https:\/\/schema.org\",\"@graph\":[{\"@type\":\"Article\",\"@id\":\"https:\/\/sudoesteacontece.com.br\/?p=6113#article\",\"isPartOf\":{\"@id\":\"https:\/\/sudoesteacontece.com.br\/?p=6113\"},\"author\":{\"name\":\"Reda\u00e7\u00e3o\",\"@id\":\"https:\/\/sudoesteacontece.com.br\/#\/schema\/person\/a4f22429c1d0923ef8f7d43343f8dc38\"},\"headline\":\"Brumado monta for\u00e7a-tarefa para garantir seguran\u00e7a e organiza\u00e7\u00e3o na Cavalgada dos Santos Reis\",\"datePublished\":\"2026-01-14T19:35:17+00:00\",\"dateModified\":\"2026-01-14T19:35:23+00:00\",\"mainEntityOfPage\":{\"@id\":\"https:\/\/sudoesteacontece.com.br\/?p=6113\"},\"wordCount\":268,\"commentCount\":0,\"publisher\":{\"@id\":\"https:\/\/sudoesteacontece.com.br\/#organization\"},\"image\":{\"@id\":\"https:\/\/sudoesteacontece.com.br\/?p=6113#primaryimage\"},\"thumbnailUrl\":\"https:\/\/sudoesteacontece.com.br\/wp-content\/uploads\/2026\/01\/Brumado-monta-forca-tarefa-para-garantir-seguranca-e-organizacao-na-Cavalgada-dos-Santos-Reis-sudoeste-acontece.jpg\",\"articleSection\":[\"Brumado\",\"Cidades\",\"Pol\u00edcia\",\"Pol\u00edtica\"],\"inLanguage\":\"pt-BR\",\"potentialAction\":[{\"@type\":\"CommentAction\",\"name\":\"Comment\",\"target\":[\"https:\/\/sudoesteacontece.com.br\/?p=6113#respond\"]}]},{\"@type\":\"WebPage\",\"@id\":\"https:\/\/sudoesteacontece.com.br\/?p=6113\",\"url\":\"https:\/\/sudoesteacontece.com.br\/?p=6113\",\"name\":\"Brumado monta for\u00e7a-tarefa para garantir seguran\u00e7a e organiza\u00e7\u00e3o na Cavalgada dos Santos Reis - Sudoesteacontece\",\"isPartOf\":{\"@id\":\"https:\/\/sudoesteacontece.com.br\/#website\"},\"primaryImageOfPage\":{\"@id\":\"https:\/\/sudoesteacontece.com.br\/?p=6113#primaryimage\"},\"image\":{\"@id\":\"https:\/\/sudoesteacontece.com.br\/?p=6113#primaryimage\"},\"thumbnailUrl\":\"https:\/\/sudoesteacontece.com.br\/wp-content\/uploads\/2026\/01\/Brumado-monta-forca-tarefa-para-garantir-seguranca-e-organizacao-na-Cavalgada-dos-Santos-Reis-sudoeste-acontece.jpg\",\"datePublished\":\"2026-01-14T19:35:17+00:00\",\"dateModified\":\"2026-01-14T19:35:23+00:00\",\"breadcrumb\":{\"@id\":\"https:\/\/sudoesteacontece.com.br\/?p=6113#breadcrumb\"},\"inLanguage\":\"pt-BR\",\"potentialAction\":[{\"@type\":\"ReadAction\",\"target\":[\"https:\/\/sudoesteacontece.com.br\/?p=6113\"]}]},{\"@type\":\"ImageObject\",\"inLanguage\":\"pt-BR\",\"@id\":\"https:\/\/sudoesteacontece.com.br\/?p=6113#primaryimage\",\"url\":\"https:\/\/sudoesteacontece.com.br\/wp-content\/uploads\/2026\/01\/Brumado-monta-forca-tarefa-para-garantir-seguranca-e-organizacao-na-Cavalgada-dos-Santos-Reis-sudoeste-acontece.jpg\",\"contentUrl\":\"https:\/\/sudoesteacontece.com.br\/wp-content\/uploads\/2026\/01\/Brumado-monta-forca-tarefa-para-garantir-seguranca-e-organizacao-na-Cavalgada-dos-Santos-Reis-sudoeste-acontece.jpg\",\"width\":900,\"height\":600},{\"@type\":\"BreadcrumbList\",\"@id\":\"https:\/\/sudoesteacontece.com.br\/?p=6113#breadcrumb\",\"itemListElement\":[{\"@type\":\"ListItem\",\"position\":1,\"name\":\"In\u00edcio\",\"item\":\"https:\/\/sudoesteacontece.com.br\/\"},{\"@type\":\"ListItem\",\"position\":2,\"name\":\"Brumado monta for\u00e7a-tarefa para garantir seguran\u00e7a e organiza\u00e7\u00e3o na Cavalgada dos Santos Reis\"}]},{\"@type\":\"WebSite\",\"@id\":\"https:\/\/sudoesteacontece.com.br\/#website\",\"url\":\"https:\/\/sudoesteacontece.com.br\/\",\"name\":\"Sudoesteacontece\",\"description\":\"\",\"publisher\":{\"@id\":\"https:\/\/sudoesteacontece.com.br\/#organization\"},\"potentialAction\":[{\"@type\":\"SearchAction\",\"target\":{\"@type\":\"EntryPoint\",\"urlTemplate\":\"https:\/\/sudoesteacontece.com.br\/?s={search_term_string}\"},\"query-input\":{\"@type\":\"PropertyValueSpecification\",\"valueRequired\":true,\"valueName\":\"search_term_string\"}}],\"inLanguage\":\"pt-BR\"},{\"@type\":\"Organization\",\"@id\":\"https:\/\/sudoesteacontece.com.br\/#organization\",\"name\":\"Sudoesteacontece\",\"url\":\"https:\/\/sudoesteacontece.com.br\/\",\"logo\":{\"@type\":\"ImageObject\",\"inLanguage\":\"pt-BR\",\"@id\":\"https:\/\/sudoesteacontece.com.br\/#\/schema\/logo\/image\/\",\"url\":\"https:\/\/sudoesteacontece.com.br\/wp-content\/uploads\/2025\/12\/cropped-logo-2-180x180-1.png\",\"contentUrl\":\"https:\/\/sudoesteacontece.com.br\/wp-content\/uploads\/2025\/12\/cropped-logo-2-180x180-1.png\",\"width\":180,\"height\":180,\"caption\":\"Sudoesteacontece\"},\"image\":{\"@id\":\"https:\/\/sudoesteacontece.com.br\/#\/schema\/logo\/image\/\"},\"sameAs\":[\"https:\/\/www.facebook.com\/sudoesteacontece\/?locale=pt_BR\"]},{\"@type\":\"Person\",\"@id\":\"https:\/\/sudoesteacontece.com.br\/#\/schema\/person\/a4f22429c1d0923ef8f7d43343f8dc38\",\"name\":\"Reda\u00e7\u00e3o\",\"image\":{\"@type\":\"ImageObject\",\"inLanguage\":\"pt-BR\",\"@id\":\"https:\/\/sudoesteacontece.com.br\/#\/schema\/person\/image\/\",\"url\":\"https:\/\/secure.gravatar.com\/avatar\/c3a5b3c93f268a709c25a2df414c629a96fb3b1b4bf97a94fb3f72e54ae76903?s=96&d=mm&r=g\",\"contentUrl\":\"https:\/\/secure.gravatar.com\/avatar\/c3a5b3c93f268a709c25a2df414c629a96fb3b1b4bf97a94fb3f72e54ae76903?s=96&d=mm&r=g\",\"caption\":\"Reda\u00e7\u00e3o\"},\"url\":\"https:\/\/sudoesteacontece.com.br\/?author=4\"}]}<\/script>\n<!-- \/ Yoast SEO plugin. -->","yoast_head_json":{"title":"Brumado monta for\u00e7a-tarefa para garantir seguran\u00e7a e organiza\u00e7\u00e3o na Cavalgada dos Santos Reis - Sudoesteacontece","robots":{"index":"index","follow":"follow","max-snippet":"max-snippet:-1","max-image-preview":"max-image-preview:large","max-video-preview":"max-video-preview:-1"},"canonical":"https:\/\/sudoesteacontece.com.br\/?p=6113","og_locale":"pt_BR","og_type":"article","og_title":"Brumado monta for\u00e7a-tarefa para garantir seguran\u00e7a e organiza\u00e7\u00e3o na Cavalgada dos Santos Reis - Sudoesteacontece","og_description":"Planejamento integrado marcou a prepara\u00e7\u00e3o da Cavalgada dos Santos Reis em Brumado ap\u00f3s reuni\u00e3o realizada pela Prefeitura na manh\u00e3 desta quarta-feira (15). O encontro definiu estrat\u00e9gias conjuntas para assegurar um evento organizado, seguro e tranquilo, com foco na prote\u00e7\u00e3o do p\u00fablico, dos participantes e na fluidez urbana durante toda a programa\u00e7\u00e3o. Participa\u00e7\u00e3o de diferentes \u00f3rg\u00e3os refor\u00e7ou a articula\u00e7\u00e3o. Estiveram presentes representantes da Pol\u00edcia Militar, da Superintend\u00eancia Municipal de Tr\u00e2nsito, da Guarda Municipal, da equipe de Fiscaliza\u00e7\u00e3o e da Secretaria de Infraestrutura, que alinharam a\u00e7\u00f5es para atua\u00e7\u00e3o simult\u00e2nea antes, durante e ap\u00f3s a cavalgada. Durante o evento, o munic\u00edpio contar\u00e1 com refor\u00e7o no policiamento, fiscaliza\u00e7\u00e3o intensificada e monitoramento por c\u00e2meras. Equipes da SMTT atuar\u00e3o diretamente na organiza\u00e7\u00e3o do tr\u00e2nsito ao longo do percurso, no entorno e nas \u00e1reas de maior concentra\u00e7\u00e3o, reduzindo riscos e prevenindo transtornos. Atua\u00e7\u00e3o conjunta busca garantir mais conforto e seguran\u00e7a para cavaleiros, pedestres, moradores e visitantes. A estrat\u00e9gia prioriza preven\u00e7\u00e3o de acidentes, ordenamento dos espa\u00e7os e resposta r\u00e1pida a qualquer ocorr\u00eancia que possa comprometer o andamento da festa tradicional. A Prefeitura de Brumado destacou que o planejamento antecipado \u00e9 decisivo para o sucesso da Cavalgada dos Santos Reis. Segundo a gest\u00e3o municipal, todas as medidas adotadas t\u00eam como foco principal o bem-estar da popula\u00e7\u00e3o e a preserva\u00e7\u00e3o do car\u00e1ter cultural do evento.","og_url":"https:\/\/sudoesteacontece.com.br\/?p=6113","og_site_name":"Sudoesteacontece","article_publisher":"https:\/\/www.facebook.com\/sudoesteacontece\/?locale=pt_BR","article_published_time":"2026-01-14T19:35:17+00:00","article_modified_time":"2026-01-14T19:35:23+00:00","og_image":[{"width":900,"height":600,"url":"https:\/\/sudoesteacontece.com.br\/wp-content\/uploads\/2026\/01\/Brumado-monta-forca-tarefa-para-garantir-seguranca-e-organizacao-na-Cavalgada-dos-Santos-Reis-sudoeste-acontece.jpg","type":"image\/jpeg"}],"author":"Reda\u00e7\u00e3o","twitter_card":"summary_large_image","twitter_misc":{"Escrito por":"Reda\u00e7\u00e3o","Est. tempo de leitura":"2 minutos"},"schema":{"@context":"https:\/\/schema.org","@graph":[{"@type":"Article","@id":"https:\/\/sudoesteacontece.com.br\/?p=6113#article","isPartOf":{"@id":"https:\/\/sudoesteacontece.com.br\/?p=6113"},"author":{"name":"Reda\u00e7\u00e3o","@id":"https:\/\/sudoesteacontece.com.br\/#\/schema\/person\/a4f22429c1d0923ef8f7d43343f8dc38"},"headline":"Brumado monta for\u00e7a-tarefa para garantir seguran\u00e7a e organiza\u00e7\u00e3o na Cavalgada dos Santos Reis","datePublished":"2026-01-14T19:35:17+00:00","dateModified":"2026-01-14T19:35:23+00:00","mainEntityOfPage":{"@id":"https:\/\/sudoesteacontece.com.br\/?p=6113"},"wordCount":268,"commentCount":0,"publisher":{"@id":"https:\/\/sudoesteacontece.com.br\/#organization"},"image":{"@id":"https:\/\/sudoesteacontece.com.br\/?p=6113#primaryimage"},"thumbnailUrl":"https:\/\/sudoesteacontece.com.br\/wp-content\/uploads\/2026\/01\/Brumado-monta-forca-tarefa-para-garantir-seguranca-e-organizacao-na-Cavalgada-dos-Santos-Reis-sudoeste-acontece.jpg","articleSection":["Brumado","Cidades","Pol\u00edcia","Pol\u00edtica"],"inLanguage":"pt-BR","potentialAction":[{"@type":"CommentAction","name":"Comment","target":["https:\/\/sudoesteacontece.com.br\/?p=6113#respond"]}]},{"@type":"WebPage","@id":"https:\/\/sudoesteacontece.com.br\/?p=6113","url":"https:\/\/sudoesteacontece.com.br\/?p=6113","name":"Brumado monta for\u00e7a-tarefa para garantir seguran\u00e7a e organiza\u00e7\u00e3o na Cavalgada dos Santos Reis - Sudoesteacontece","isPartOf":{"@id":"https:\/\/sudoesteacontece.com.br\/#website"},"primaryImageOfPage":{"@id":"https:\/\/sudoesteacontece.com.br\/?p=6113#primaryimage"},"image":{"@id":"https:\/\/sudoesteacontece.com.br\/?p=6113#primaryimage"},"thumbnailUrl":"https:\/\/sudoesteacontece.com.br\/wp-content\/uploads\/2026\/01\/Brumado-monta-forca-tarefa-para-garantir-seguranca-e-organizacao-na-Cavalgada-dos-Santos-Reis-sudoeste-acontece.jpg","datePublished":"2026-01-14T19:35:17+00:00","dateModified":"2026-01-14T19:35:23+00:00","breadcrumb":{"@id":"https:\/\/sudoesteacontece.com.br\/?p=6113#breadcrumb"},"inLanguage":"pt-BR","potentialAction":[{"@type":"ReadAction","target":["https:\/\/sudoesteacontece.com.br\/?p=6113"]}]},{"@type":"ImageObject","inLanguage":"pt-BR","@id":"https:\/\/sudoesteacontece.com.br\/?p=6113#primaryimage","url":"https:\/\/sudoesteacontece.com.br\/wp-content\/uploads\/2026\/01\/Brumado-monta-forca-tarefa-para-garantir-seguranca-e-organizacao-na-Cavalgada-dos-Santos-Reis-sudoeste-acontece.jpg","contentUrl":"https:\/\/sudoesteacontece.com.br\/wp-content\/uploads\/2026\/01\/Brumado-monta-forca-tarefa-para-garantir-seguranca-e-organizacao-na-Cavalgada-dos-Santos-Reis-sudoeste-acontece.jpg","width":900,"height":600},{"@type":"BreadcrumbList","@id":"https:\/\/sudoesteacontece.com.br\/?p=6113#breadcrumb","itemListElement":[{"@type":"ListItem","position":1,"name":"In\u00edcio","item":"https:\/\/sudoesteacontece.com.br\/"},{"@type":"ListItem","position":2,"name":"Brumado monta for\u00e7a-tarefa para garantir seguran\u00e7a e organiza\u00e7\u00e3o na Cavalgada dos Santos Reis"}]},{"@type":"WebSite","@id":"https:\/\/sudoesteacontece.com.br\/#website","url":"https:\/\/sudoesteacontece.com.br\/","name":"Sudoesteacontece","description":"","publisher":{"@id":"https:\/\/sudoesteacontece.com.br\/#organization"},"potentialAction":[{"@type":"SearchAction","target":{"@type":"EntryPoint","urlTemplate":"https:\/\/sudoesteacontece.com.br\/?s={search_term_string}"},"query-input":{"@type":"PropertyValueSpecification","valueRequired":true,"valueName":"search_term_string"}}],"inLanguage":"pt-BR"},{"@type":"Organization","@id":"https:\/\/sudoesteacontece.com.br\/#organization","name":"Sudoesteacontece","url":"https:\/\/sudoesteacontece.com.br\/","logo":{"@type":"ImageObject","inLanguage":"pt-BR","@id":"https:\/\/sudoesteacontece.com.br\/#\/schema\/logo\/image\/","url":"https:\/\/sudoesteacontece.com.br\/wp-content\/uploads\/2025\/12\/cropped-logo-2-180x180-1.png","contentUrl":"https:\/\/sudoesteacontece.com.br\/wp-content\/uploads\/2025\/12\/cropped-logo-2-180x180-1.png","width":180,"height":180,"caption":"Sudoesteacontece"},"image":{"@id":"https:\/\/sudoesteacontece.com.br\/#\/schema\/logo\/image\/"},"sameAs":["https:\/\/www.facebook.com\/sudoesteacontece\/?locale=pt_BR"]},{"@type":"Person","@id":"https:\/\/sudoesteacontece.com.br\/#\/schema\/person\/a4f22429c1d0923ef8f7d43343f8dc38","name":"Reda\u00e7\u00e3o","image":{"@type":"ImageObject","inLanguage":"pt-BR","@id":"https:\/\/sudoesteacontece.com.br\/#\/schema\/person\/image\/","url":"https:\/\/secure.gravatar.com\/avatar\/c3a5b3c93f268a709c25a2df414c629a96fb3b1b4bf97a94fb3f72e54ae76903?s=96&d=mm&r=g","contentUrl":"https:\/\/secure.gravatar.com\/avatar\/c3a5b3c93f268a709c25a2df414c629a96fb3b1b4bf97a94fb3f72e54ae76903?s=96&d=mm&r=g","caption":"Reda\u00e7\u00e3o"},"url":"https:\/\/sudoesteacontece.com.br\/?author=4"}]}},"_links":{"self":[{"href":"https:\/\/sudoesteacontece.com.br\/index.php?rest_route=\/wp\/v2\/posts\/6113","targetHints":{"allow":["GET"]}}],"collection":[{"href":"https:\/\/sudoesteacontece.com.br\/index.php?rest_route=\/wp\/v2\/posts"}],"about":[{"href":"https:\/\/sudoesteacontece.com.br\/index.php?rest_route=\/wp\/v2\/types\/post"}],"author":[{"embeddable":true,"href":"https:\/\/sudoesteacontece.com.br\/index.php?rest_route=\/wp\/v2\/users\/4"}],"replies":[{"embeddable":true,"href":"https:\/\/sudoesteacontece.com.br\/index.php?rest_route=%2Fwp%2Fv2%2Fcomments&post=6113"}],"version-history":[{"count":0,"href":"https:\/\/sudoesteacontece.com.br\/index.php?rest_route=\/wp\/v2\/posts\/6113\/revisions"}],"wp:featuredmedia":[{"embeddable":true,"href":"https:\/\/sudoesteacontece.com.br\/index.php?rest_route=\/wp\/v2\/media\/6120"}],"wp:attachment":[{"href":"https:\/\/sudoesteacontece.com.br\/index.php?rest_route=%2Fwp%2Fv2%2Fmedia&parent=6113"}],"wp:term":[{"taxonomy":"category","embeddable":true,"href":"https:\/\/sudoesteacontece.com.br\/index.php?rest_route=%2Fwp%2Fv2%2Fcategories&post=6113"},{"taxonomy":"post_tag","embeddable":true,"href":"https:\/\/sudoesteacontece.com.br\/index.php?rest_route=%2Fwp%2Fv2%2Ftags&post=6113"}],"curies":[{"name":"wp","href":"https:\/\/api.w.org\/{rel}","templated":true}]}}