{"id":6114,"date":"2026-01-14T18:54:55","date_gmt":"2026-01-14T21:54:55","guid":{"rendered":"https:\/\/sudoesteacontece.com.br\/?p=6114"},"modified":"2026-01-14T18:55:02","modified_gmt":"2026-01-14T21:55:02","slug":"mp-investiga-suspeita-de-fraude-em-contrato-do-transporte-escolar-em-rio-de-contas","status":"publish","type":"post","link":"https:\/\/sudoesteacontece.com.br\/?p=6114","title":{"rendered":"MP investiga suspeita de fraude em contrato do transporte escolar em Rio de Contas"},"content":{"rendered":"<div class=\"wp-block-image\">\n<figure class=\"aligncenter size-full\"><img fetchpriority=\"high\" decoding=\"async\" width=\"900\" height=\"600\" src=\"http:\/\/sudoesteacontece.com.br\/wp-content\/uploads\/2026\/01\/fraude-em-contrato-do-transporte-escolar-em-Rio-de-Contas.jpg\" alt=\"\" class=\"wp-image-6133\" srcset=\"https:\/\/sudoesteacontece.com.br\/wp-content\/uploads\/2026\/01\/fraude-em-contrato-do-transporte-escolar-em-Rio-de-Contas.jpg 900w, https:\/\/sudoesteacontece.com.br\/wp-content\/uploads\/2026\/01\/fraude-em-contrato-do-transporte-escolar-em-Rio-de-Contas-300x200.jpg 300w, https:\/\/sudoesteacontece.com.br\/wp-content\/uploads\/2026\/01\/fraude-em-contrato-do-transporte-escolar-em-Rio-de-Contas-768x512.jpg 768w\" sizes=\"(max-width: 900px) 100vw, 900px\" \/><\/figure>\n<\/div>\n\n\n<p>Apura\u00e7\u00e3o do Minist\u00e9rio P\u00fablico da Bahia colocou sob investiga\u00e7\u00e3o a contrata\u00e7\u00e3o de uma empresa terceirizada para o transporte escolar em Rio de Contas, na Chapada Diamantina. O procedimento preparat\u00f3rio de Inqu\u00e9rito Civil foi instaurado para esclarecer ind\u00edcios de fraude e poss\u00edveis irregularidades no uso de recursos p\u00fablicos da educa\u00e7\u00e3o.<\/p>\n\n\n\n<p>Segundo o MP-BA, a investiga\u00e7\u00e3o foi formalizada por meio de uma Not\u00edcia de Fato e mira falhas em processos administrativos e contratuais. O foco est\u00e1 no cumprimento dos princ\u00edpios da legalidade, impessoalidade, moralidade e transpar\u00eancia, exigidos na administra\u00e7\u00e3o p\u00fablica.<\/p>\n\n\n\n<p>Al\u00e9m desse caso espec\u00edfico, outras apura\u00e7\u00f5es envolvendo o prefeito C\u00e9lio Evangelista e empresas contratadas pelo munic\u00edpio seguem em andamento. As investiga\u00e7\u00f5es analisam suspeitas de facilita\u00e7\u00e3o e fraude em contrata\u00e7\u00f5es p\u00fablicas, inclusive com ind\u00edcios de liga\u00e7\u00e3o entre empresas e financiadores de campanhas eleitorais.<\/p>\n\n\n\n<p>Durante o procedimento, o Minist\u00e9rio P\u00fablico vai reunir documentos, analisar contratos e colher informa\u00e7\u00f5es t\u00e9cnicas. A inten\u00e7\u00e3o \u00e9 verificar se houve dano ao er\u00e1rio e se o servi\u00e7o foi contratado de forma regular e dentro da lei.<\/p>\n\n\n\n<p>Caso as irregularidades sejam confirmadas, o MP poder\u00e1 adotar medidas judiciais, incluindo a\u00e7\u00f5es por improbidade administrativa. O \u00f3rg\u00e3o refor\u00e7ou que as apura\u00e7\u00f5es ainda est\u00e3o em curso e que todos os investigados t\u00eam garantido o direito \u00e0 ampla defesa e ao devido processo legal.<\/p>\n","protected":false},"excerpt":{"rendered":"<p>Apura\u00e7\u00e3o do Minist\u00e9rio P\u00fablico da Bahia colocou sob investiga\u00e7\u00e3o a contrata\u00e7\u00e3o de uma empresa terceirizada para o transporte escolar em Rio de Contas, na Chapada Diamantina. O procedimento preparat\u00f3rio de Inqu\u00e9rito Civil foi instaurado para esclarecer ind\u00edcios de fraude e poss\u00edveis irregularidades no uso de recursos p\u00fablicos da educa\u00e7\u00e3o. Segundo o MP-BA, a investiga\u00e7\u00e3o foi formalizada por meio de uma Not\u00edcia de Fato e mira falhas em processos administrativos e contratuais. O foco est\u00e1 no cumprimento dos princ\u00edpios da legalidade, impessoalidade, moralidade e transpar\u00eancia, exigidos na administra\u00e7\u00e3o p\u00fablica. Al\u00e9m desse caso espec\u00edfico, outras apura\u00e7\u00f5es envolvendo o prefeito C\u00e9lio Evangelista e empresas contratadas pelo munic\u00edpio seguem em andamento. As investiga\u00e7\u00f5es analisam suspeitas de facilita\u00e7\u00e3o e fraude em contrata\u00e7\u00f5es p\u00fablicas, inclusive com ind\u00edcios de liga\u00e7\u00e3o entre empresas e financiadores de campanhas eleitorais. Durante o procedimento, o Minist\u00e9rio P\u00fablico vai reunir documentos, analisar contratos e colher informa\u00e7\u00f5es t\u00e9cnicas. A inten\u00e7\u00e3o \u00e9 verificar se houve dano ao er\u00e1rio e se o servi\u00e7o foi contratado de forma regular e dentro da lei. Caso as irregularidades sejam confirmadas, o MP poder\u00e1 adotar medidas judiciais, incluindo a\u00e7\u00f5es por improbidade administrativa. O \u00f3rg\u00e3o refor\u00e7ou que as apura\u00e7\u00f5es ainda est\u00e3o em curso e que todos os investigados t\u00eam garantido o direito \u00e0 ampla defesa e ao devido processo legal.<\/p>\n","protected":false},"author":4,"featured_media":6133,"comment_status":"open","ping_status":"open","sticky":false,"template":"","format":"standard","meta":{"footnotes":""},"categories":[4,43,13,6,62],"tags":[],"class_list":["post-6114","post","type-post","status-publish","format-standard","has-post-thumbnail","hentry","category-cidades","category-educacao","category-justica","category-politica","category-rio-de-contas"],"yoast_head":"<!-- This site is optimized with the Yoast SEO plugin v26.5 - https:\/\/yoast.com\/wordpress\/plugins\/seo\/ -->\n<title>MP investiga suspeita de fraude em contrato do transporte escolar em Rio de Contas - Sudoesteacontece<\/title>\n<meta name=\"robots\" content=\"index, follow, max-snippet:-1, max-image-preview:large, max-video-preview:-1\" \/>\n<link rel=\"canonical\" href=\"https:\/\/sudoesteacontece.com.br\/?p=6114\" \/>\n<meta property=\"og:locale\" content=\"pt_BR\" \/>\n<meta property=\"og:type\" content=\"article\" \/>\n<meta property=\"og:title\" content=\"MP investiga suspeita de fraude em contrato do transporte escolar em Rio de Contas - Sudoesteacontece\" \/>\n<meta property=\"og:description\" content=\"Apura\u00e7\u00e3o do Minist\u00e9rio P\u00fablico da Bahia colocou sob investiga\u00e7\u00e3o a contrata\u00e7\u00e3o de uma empresa terceirizada para o transporte escolar em Rio de Contas, na Chapada Diamantina. O procedimento preparat\u00f3rio de Inqu\u00e9rito Civil foi instaurado para esclarecer ind\u00edcios de fraude e poss\u00edveis irregularidades no uso de recursos p\u00fablicos da educa\u00e7\u00e3o. Segundo o MP-BA, a investiga\u00e7\u00e3o foi formalizada por meio de uma Not\u00edcia de Fato e mira falhas em processos administrativos e contratuais. O foco est\u00e1 no cumprimento dos princ\u00edpios da legalidade, impessoalidade, moralidade e transpar\u00eancia, exigidos na administra\u00e7\u00e3o p\u00fablica. Al\u00e9m desse caso espec\u00edfico, outras apura\u00e7\u00f5es envolvendo o prefeito C\u00e9lio Evangelista e empresas contratadas pelo munic\u00edpio seguem em andamento. As investiga\u00e7\u00f5es analisam suspeitas de facilita\u00e7\u00e3o e fraude em contrata\u00e7\u00f5es p\u00fablicas, inclusive com ind\u00edcios de liga\u00e7\u00e3o entre empresas e financiadores de campanhas eleitorais. Durante o procedimento, o Minist\u00e9rio P\u00fablico vai reunir documentos, analisar contratos e colher informa\u00e7\u00f5es t\u00e9cnicas. A inten\u00e7\u00e3o \u00e9 verificar se houve dano ao er\u00e1rio e se o servi\u00e7o foi contratado de forma regular e dentro da lei. Caso as irregularidades sejam confirmadas, o MP poder\u00e1 adotar medidas judiciais, incluindo a\u00e7\u00f5es por improbidade administrativa. O \u00f3rg\u00e3o refor\u00e7ou que as apura\u00e7\u00f5es ainda est\u00e3o em curso e que todos os investigados t\u00eam garantido o direito \u00e0 ampla defesa e ao devido processo legal.\" \/>\n<meta property=\"og:url\" content=\"https:\/\/sudoesteacontece.com.br\/?p=6114\" \/>\n<meta property=\"og:site_name\" content=\"Sudoesteacontece\" \/>\n<meta property=\"article:publisher\" content=\"https:\/\/www.facebook.com\/sudoesteacontece\/?locale=pt_BR\" \/>\n<meta property=\"article:published_time\" content=\"2026-01-14T21:54:55+00:00\" \/>\n<meta property=\"article:modified_time\" content=\"2026-01-14T21:55:02+00:00\" \/>\n<meta property=\"og:image\" content=\"https:\/\/sudoesteacontece.com.br\/wp-content\/uploads\/2026\/01\/fraude-em-contrato-do-transporte-escolar-em-Rio-de-Contas.jpg\" \/>\n\t<meta property=\"og:image:width\" content=\"900\" \/>\n\t<meta property=\"og:image:height\" content=\"600\" \/>\n\t<meta property=\"og:image:type\" content=\"image\/jpeg\" \/>\n<meta name=\"author\" content=\"Reda\u00e7\u00e3o\" \/>\n<meta name=\"twitter:card\" content=\"summary_large_image\" \/>\n<meta name=\"twitter:label1\" content=\"Escrito por\" \/>\n\t<meta name=\"twitter:data1\" content=\"Reda\u00e7\u00e3o\" \/>\n\t<meta name=\"twitter:label2\" content=\"Est. tempo de leitura\" \/>\n\t<meta name=\"twitter:data2\" content=\"2 minutos\" \/>\n<script type=\"application\/ld+json\" class=\"yoast-schema-graph\">{\"@context\":\"https:\/\/schema.org\",\"@graph\":[{\"@type\":\"Article\",\"@id\":\"https:\/\/sudoesteacontece.com.br\/?p=6114#article\",\"isPartOf\":{\"@id\":\"https:\/\/sudoesteacontece.com.br\/?p=6114\"},\"author\":{\"name\":\"Reda\u00e7\u00e3o\",\"@id\":\"https:\/\/sudoesteacontece.com.br\/#\/schema\/person\/a4f22429c1d0923ef8f7d43343f8dc38\"},\"headline\":\"MP investiga suspeita de fraude em contrato do transporte escolar em Rio de Contas\",\"datePublished\":\"2026-01-14T21:54:55+00:00\",\"dateModified\":\"2026-01-14T21:55:02+00:00\",\"mainEntityOfPage\":{\"@id\":\"https:\/\/sudoesteacontece.com.br\/?p=6114\"},\"wordCount\":263,\"commentCount\":0,\"publisher\":{\"@id\":\"https:\/\/sudoesteacontece.com.br\/#organization\"},\"image\":{\"@id\":\"https:\/\/sudoesteacontece.com.br\/?p=6114#primaryimage\"},\"thumbnailUrl\":\"https:\/\/sudoesteacontece.com.br\/wp-content\/uploads\/2026\/01\/fraude-em-contrato-do-transporte-escolar-em-Rio-de-Contas.jpg\",\"articleSection\":[\"Cidades\",\"Educa\u00e7\u00e3o\",\"Justi\u00e7a\",\"Pol\u00edtica\",\"Rio de Contas\"],\"inLanguage\":\"pt-BR\",\"potentialAction\":[{\"@type\":\"CommentAction\",\"name\":\"Comment\",\"target\":[\"https:\/\/sudoesteacontece.com.br\/?p=6114#respond\"]}]},{\"@type\":\"WebPage\",\"@id\":\"https:\/\/sudoesteacontece.com.br\/?p=6114\",\"url\":\"https:\/\/sudoesteacontece.com.br\/?p=6114\",\"name\":\"MP investiga suspeita de fraude em contrato do transporte escolar em Rio de Contas - Sudoesteacontece\",\"isPartOf\":{\"@id\":\"https:\/\/sudoesteacontece.com.br\/#website\"},\"primaryImageOfPage\":{\"@id\":\"https:\/\/sudoesteacontece.com.br\/?p=6114#primaryimage\"},\"image\":{\"@id\":\"https:\/\/sudoesteacontece.com.br\/?p=6114#primaryimage\"},\"thumbnailUrl\":\"https:\/\/sudoesteacontece.com.br\/wp-content\/uploads\/2026\/01\/fraude-em-contrato-do-transporte-escolar-em-Rio-de-Contas.jpg\",\"datePublished\":\"2026-01-14T21:54:55+00:00\",\"dateModified\":\"2026-01-14T21:55:02+00:00\",\"breadcrumb\":{\"@id\":\"https:\/\/sudoesteacontece.com.br\/?p=6114#breadcrumb\"},\"inLanguage\":\"pt-BR\",\"potentialAction\":[{\"@type\":\"ReadAction\",\"target\":[\"https:\/\/sudoesteacontece.com.br\/?p=6114\"]}]},{\"@type\":\"ImageObject\",\"inLanguage\":\"pt-BR\",\"@id\":\"https:\/\/sudoesteacontece.com.br\/?p=6114#primaryimage\",\"url\":\"https:\/\/sudoesteacontece.com.br\/wp-content\/uploads\/2026\/01\/fraude-em-contrato-do-transporte-escolar-em-Rio-de-Contas.jpg\",\"contentUrl\":\"https:\/\/sudoesteacontece.com.br\/wp-content\/uploads\/2026\/01\/fraude-em-contrato-do-transporte-escolar-em-Rio-de-Contas.jpg\",\"width\":900,\"height\":600},{\"@type\":\"BreadcrumbList\",\"@id\":\"https:\/\/sudoesteacontece.com.br\/?p=6114#breadcrumb\",\"itemListElement\":[{\"@type\":\"ListItem\",\"position\":1,\"name\":\"In\u00edcio\",\"item\":\"https:\/\/sudoesteacontece.com.br\/\"},{\"@type\":\"ListItem\",\"position\":2,\"name\":\"MP investiga suspeita de fraude em contrato do transporte escolar em Rio de Contas\"}]},{\"@type\":\"WebSite\",\"@id\":\"https:\/\/sudoesteacontece.com.br\/#website\",\"url\":\"https:\/\/sudoesteacontece.com.br\/\",\"name\":\"Sudoesteacontece\",\"description\":\"\",\"publisher\":{\"@id\":\"https:\/\/sudoesteacontece.com.br\/#organization\"},\"potentialAction\":[{\"@type\":\"SearchAction\",\"target\":{\"@type\":\"EntryPoint\",\"urlTemplate\":\"https:\/\/sudoesteacontece.com.br\/?s={search_term_string}\"},\"query-input\":{\"@type\":\"PropertyValueSpecification\",\"valueRequired\":true,\"valueName\":\"search_term_string\"}}],\"inLanguage\":\"pt-BR\"},{\"@type\":\"Organization\",\"@id\":\"https:\/\/sudoesteacontece.com.br\/#organization\",\"name\":\"Sudoesteacontece\",\"url\":\"https:\/\/sudoesteacontece.com.br\/\",\"logo\":{\"@type\":\"ImageObject\",\"inLanguage\":\"pt-BR\",\"@id\":\"https:\/\/sudoesteacontece.com.br\/#\/schema\/logo\/image\/\",\"url\":\"https:\/\/sudoesteacontece.com.br\/wp-content\/uploads\/2025\/12\/cropped-logo-2-180x180-1.png\",\"contentUrl\":\"https:\/\/sudoesteacontece.com.br\/wp-content\/uploads\/2025\/12\/cropped-logo-2-180x180-1.png\",\"width\":180,\"height\":180,\"caption\":\"Sudoesteacontece\"},\"image\":{\"@id\":\"https:\/\/sudoesteacontece.com.br\/#\/schema\/logo\/image\/\"},\"sameAs\":[\"https:\/\/www.facebook.com\/sudoesteacontece\/?locale=pt_BR\"]},{\"@type\":\"Person\",\"@id\":\"https:\/\/sudoesteacontece.com.br\/#\/schema\/person\/a4f22429c1d0923ef8f7d43343f8dc38\",\"name\":\"Reda\u00e7\u00e3o\",\"image\":{\"@type\":\"ImageObject\",\"inLanguage\":\"pt-BR\",\"@id\":\"https:\/\/sudoesteacontece.com.br\/#\/schema\/person\/image\/\",\"url\":\"https:\/\/secure.gravatar.com\/avatar\/c3a5b3c93f268a709c25a2df414c629a96fb3b1b4bf97a94fb3f72e54ae76903?s=96&d=mm&r=g\",\"contentUrl\":\"https:\/\/secure.gravatar.com\/avatar\/c3a5b3c93f268a709c25a2df414c629a96fb3b1b4bf97a94fb3f72e54ae76903?s=96&d=mm&r=g\",\"caption\":\"Reda\u00e7\u00e3o\"},\"url\":\"https:\/\/sudoesteacontece.com.br\/?author=4\"}]}<\/script>\n<!-- \/ Yoast SEO plugin. -->","yoast_head_json":{"title":"MP investiga suspeita de fraude em contrato do transporte escolar em Rio de Contas - Sudoesteacontece","robots":{"index":"index","follow":"follow","max-snippet":"max-snippet:-1","max-image-preview":"max-image-preview:large","max-video-preview":"max-video-preview:-1"},"canonical":"https:\/\/sudoesteacontece.com.br\/?p=6114","og_locale":"pt_BR","og_type":"article","og_title":"MP investiga suspeita de fraude em contrato do transporte escolar em Rio de Contas - Sudoesteacontece","og_description":"Apura\u00e7\u00e3o do Minist\u00e9rio P\u00fablico da Bahia colocou sob investiga\u00e7\u00e3o a contrata\u00e7\u00e3o de uma empresa terceirizada para o transporte escolar em Rio de Contas, na Chapada Diamantina. O procedimento preparat\u00f3rio de Inqu\u00e9rito Civil foi instaurado para esclarecer ind\u00edcios de fraude e poss\u00edveis irregularidades no uso de recursos p\u00fablicos da educa\u00e7\u00e3o. Segundo o MP-BA, a investiga\u00e7\u00e3o foi formalizada por meio de uma Not\u00edcia de Fato e mira falhas em processos administrativos e contratuais. O foco est\u00e1 no cumprimento dos princ\u00edpios da legalidade, impessoalidade, moralidade e transpar\u00eancia, exigidos na administra\u00e7\u00e3o p\u00fablica. Al\u00e9m desse caso espec\u00edfico, outras apura\u00e7\u00f5es envolvendo o prefeito C\u00e9lio Evangelista e empresas contratadas pelo munic\u00edpio seguem em andamento. As investiga\u00e7\u00f5es analisam suspeitas de facilita\u00e7\u00e3o e fraude em contrata\u00e7\u00f5es p\u00fablicas, inclusive com ind\u00edcios de liga\u00e7\u00e3o entre empresas e financiadores de campanhas eleitorais. Durante o procedimento, o Minist\u00e9rio P\u00fablico vai reunir documentos, analisar contratos e colher informa\u00e7\u00f5es t\u00e9cnicas. A inten\u00e7\u00e3o \u00e9 verificar se houve dano ao er\u00e1rio e se o servi\u00e7o foi contratado de forma regular e dentro da lei. Caso as irregularidades sejam confirmadas, o MP poder\u00e1 adotar medidas judiciais, incluindo a\u00e7\u00f5es por improbidade administrativa. O \u00f3rg\u00e3o refor\u00e7ou que as apura\u00e7\u00f5es ainda est\u00e3o em curso e que todos os investigados t\u00eam garantido o direito \u00e0 ampla defesa e ao devido processo legal.","og_url":"https:\/\/sudoesteacontece.com.br\/?p=6114","og_site_name":"Sudoesteacontece","article_publisher":"https:\/\/www.facebook.com\/sudoesteacontece\/?locale=pt_BR","article_published_time":"2026-01-14T21:54:55+00:00","article_modified_time":"2026-01-14T21:55:02+00:00","og_image":[{"width":900,"height":600,"url":"https:\/\/sudoesteacontece.com.br\/wp-content\/uploads\/2026\/01\/fraude-em-contrato-do-transporte-escolar-em-Rio-de-Contas.jpg","type":"image\/jpeg"}],"author":"Reda\u00e7\u00e3o","twitter_card":"summary_large_image","twitter_misc":{"Escrito por":"Reda\u00e7\u00e3o","Est. tempo de leitura":"2 minutos"},"schema":{"@context":"https:\/\/schema.org","@graph":[{"@type":"Article","@id":"https:\/\/sudoesteacontece.com.br\/?p=6114#article","isPartOf":{"@id":"https:\/\/sudoesteacontece.com.br\/?p=6114"},"author":{"name":"Reda\u00e7\u00e3o","@id":"https:\/\/sudoesteacontece.com.br\/#\/schema\/person\/a4f22429c1d0923ef8f7d43343f8dc38"},"headline":"MP investiga suspeita de fraude em contrato do transporte escolar em Rio de Contas","datePublished":"2026-01-14T21:54:55+00:00","dateModified":"2026-01-14T21:55:02+00:00","mainEntityOfPage":{"@id":"https:\/\/sudoesteacontece.com.br\/?p=6114"},"wordCount":263,"commentCount":0,"publisher":{"@id":"https:\/\/sudoesteacontece.com.br\/#organization"},"image":{"@id":"https:\/\/sudoesteacontece.com.br\/?p=6114#primaryimage"},"thumbnailUrl":"https:\/\/sudoesteacontece.com.br\/wp-content\/uploads\/2026\/01\/fraude-em-contrato-do-transporte-escolar-em-Rio-de-Contas.jpg","articleSection":["Cidades","Educa\u00e7\u00e3o","Justi\u00e7a","Pol\u00edtica","Rio de Contas"],"inLanguage":"pt-BR","potentialAction":[{"@type":"CommentAction","name":"Comment","target":["https:\/\/sudoesteacontece.com.br\/?p=6114#respond"]}]},{"@type":"WebPage","@id":"https:\/\/sudoesteacontece.com.br\/?p=6114","url":"https:\/\/sudoesteacontece.com.br\/?p=6114","name":"MP investiga suspeita de fraude em contrato do transporte escolar em Rio de Contas - Sudoesteacontece","isPartOf":{"@id":"https:\/\/sudoesteacontece.com.br\/#website"},"primaryImageOfPage":{"@id":"https:\/\/sudoesteacontece.com.br\/?p=6114#primaryimage"},"image":{"@id":"https:\/\/sudoesteacontece.com.br\/?p=6114#primaryimage"},"thumbnailUrl":"https:\/\/sudoesteacontece.com.br\/wp-content\/uploads\/2026\/01\/fraude-em-contrato-do-transporte-escolar-em-Rio-de-Contas.jpg","datePublished":"2026-01-14T21:54:55+00:00","dateModified":"2026-01-14T21:55:02+00:00","breadcrumb":{"@id":"https:\/\/sudoesteacontece.com.br\/?p=6114#breadcrumb"},"inLanguage":"pt-BR","potentialAction":[{"@type":"ReadAction","target":["https:\/\/sudoesteacontece.com.br\/?p=6114"]}]},{"@type":"ImageObject","inLanguage":"pt-BR","@id":"https:\/\/sudoesteacontece.com.br\/?p=6114#primaryimage","url":"https:\/\/sudoesteacontece.com.br\/wp-content\/uploads\/2026\/01\/fraude-em-contrato-do-transporte-escolar-em-Rio-de-Contas.jpg","contentUrl":"https:\/\/sudoesteacontece.com.br\/wp-content\/uploads\/2026\/01\/fraude-em-contrato-do-transporte-escolar-em-Rio-de-Contas.jpg","width":900,"height":600},{"@type":"BreadcrumbList","@id":"https:\/\/sudoesteacontece.com.br\/?p=6114#breadcrumb","itemListElement":[{"@type":"ListItem","position":1,"name":"In\u00edcio","item":"https:\/\/sudoesteacontece.com.br\/"},{"@type":"ListItem","position":2,"name":"MP investiga suspeita de fraude em contrato do transporte escolar em Rio de Contas"}]},{"@type":"WebSite","@id":"https:\/\/sudoesteacontece.com.br\/#website","url":"https:\/\/sudoesteacontece.com.br\/","name":"Sudoesteacontece","description":"","publisher":{"@id":"https:\/\/sudoesteacontece.com.br\/#organization"},"potentialAction":[{"@type":"SearchAction","target":{"@type":"EntryPoint","urlTemplate":"https:\/\/sudoesteacontece.com.br\/?s={search_term_string}"},"query-input":{"@type":"PropertyValueSpecification","valueRequired":true,"valueName":"search_term_string"}}],"inLanguage":"pt-BR"},{"@type":"Organization","@id":"https:\/\/sudoesteacontece.com.br\/#organization","name":"Sudoesteacontece","url":"https:\/\/sudoesteacontece.com.br\/","logo":{"@type":"ImageObject","inLanguage":"pt-BR","@id":"https:\/\/sudoesteacontece.com.br\/#\/schema\/logo\/image\/","url":"https:\/\/sudoesteacontece.com.br\/wp-content\/uploads\/2025\/12\/cropped-logo-2-180x180-1.png","contentUrl":"https:\/\/sudoesteacontece.com.br\/wp-content\/uploads\/2025\/12\/cropped-logo-2-180x180-1.png","width":180,"height":180,"caption":"Sudoesteacontece"},"image":{"@id":"https:\/\/sudoesteacontece.com.br\/#\/schema\/logo\/image\/"},"sameAs":["https:\/\/www.facebook.com\/sudoesteacontece\/?locale=pt_BR"]},{"@type":"Person","@id":"https:\/\/sudoesteacontece.com.br\/#\/schema\/person\/a4f22429c1d0923ef8f7d43343f8dc38","name":"Reda\u00e7\u00e3o","image":{"@type":"ImageObject","inLanguage":"pt-BR","@id":"https:\/\/sudoesteacontece.com.br\/#\/schema\/person\/image\/","url":"https:\/\/secure.gravatar.com\/avatar\/c3a5b3c93f268a709c25a2df414c629a96fb3b1b4bf97a94fb3f72e54ae76903?s=96&d=mm&r=g","contentUrl":"https:\/\/secure.gravatar.com\/avatar\/c3a5b3c93f268a709c25a2df414c629a96fb3b1b4bf97a94fb3f72e54ae76903?s=96&d=mm&r=g","caption":"Reda\u00e7\u00e3o"},"url":"https:\/\/sudoesteacontece.com.br\/?author=4"}]}},"_links":{"self":[{"href":"https:\/\/sudoesteacontece.com.br\/index.php?rest_route=\/wp\/v2\/posts\/6114","targetHints":{"allow":["GET"]}}],"collection":[{"href":"https:\/\/sudoesteacontece.com.br\/index.php?rest_route=\/wp\/v2\/posts"}],"about":[{"href":"https:\/\/sudoesteacontece.com.br\/index.php?rest_route=\/wp\/v2\/types\/post"}],"author":[{"embeddable":true,"href":"https:\/\/sudoesteacontece.com.br\/index.php?rest_route=\/wp\/v2\/users\/4"}],"replies":[{"embeddable":true,"href":"https:\/\/sudoesteacontece.com.br\/index.php?rest_route=%2Fwp%2Fv2%2Fcomments&post=6114"}],"version-history":[{"count":0,"href":"https:\/\/sudoesteacontece.com.br\/index.php?rest_route=\/wp\/v2\/posts\/6114\/revisions"}],"wp:featuredmedia":[{"embeddable":true,"href":"https:\/\/sudoesteacontece.com.br\/index.php?rest_route=\/wp\/v2\/media\/6133"}],"wp:attachment":[{"href":"https:\/\/sudoesteacontece.com.br\/index.php?rest_route=%2Fwp%2Fv2%2Fmedia&parent=6114"}],"wp:term":[{"taxonomy":"category","embeddable":true,"href":"https:\/\/sudoesteacontece.com.br\/index.php?rest_route=%2Fwp%2Fv2%2Fcategories&post=6114"},{"taxonomy":"post_tag","embeddable":true,"href":"https:\/\/sudoesteacontece.com.br\/index.php?rest_route=%2Fwp%2Fv2%2Ftags&post=6114"}],"curies":[{"name":"wp","href":"https:\/\/api.w.org\/{rel}","templated":true}]}}