{"id":6115,"date":"2026-01-14T18:47:38","date_gmt":"2026-01-14T21:47:38","guid":{"rendered":"https:\/\/sudoesteacontece.com.br\/?p=6115"},"modified":"2026-01-14T18:47:45","modified_gmt":"2026-01-14T21:47:45","slug":"mae-faz-apelo-emocionante-por-cadeira-de-rodas-e-expoe-rotina-de-desafios-de-jovem-com-paralisia-cerebral-em-palmas-de-monte-alto","status":"publish","type":"post","link":"https:\/\/sudoesteacontece.com.br\/?p=6115","title":{"rendered":"M\u00e3e faz apelo emocionante por cadeira de rodas e exp\u00f5e rotina de desafios de jovem com paralisia cerebral em Palmas de Monte Alto"},"content":{"rendered":"<div class=\"wp-block-image\">\n<figure class=\"aligncenter size-full\"><img fetchpriority=\"high\" decoding=\"async\" width=\"900\" height=\"600\" src=\"http:\/\/sudoesteacontece.com.br\/wp-content\/uploads\/2026\/01\/Mae-faz-apelo-emocionante-por-cadeira-de-rodas-e-expoe-rotina-de-desafios-de-jovem-com-paralisia-cerebral-em-Palmas-de-Monte-Alto-sudoeste-acontece.jpg\" alt=\"\" class=\"wp-image-6131\" srcset=\"https:\/\/sudoesteacontece.com.br\/wp-content\/uploads\/2026\/01\/Mae-faz-apelo-emocionante-por-cadeira-de-rodas-e-expoe-rotina-de-desafios-de-jovem-com-paralisia-cerebral-em-Palmas-de-Monte-Alto-sudoeste-acontece.jpg 900w, https:\/\/sudoesteacontece.com.br\/wp-content\/uploads\/2026\/01\/Mae-faz-apelo-emocionante-por-cadeira-de-rodas-e-expoe-rotina-de-desafios-de-jovem-com-paralisia-cerebral-em-Palmas-de-Monte-Alto-sudoeste-acontece-300x200.jpg 300w, https:\/\/sudoesteacontece.com.br\/wp-content\/uploads\/2026\/01\/Mae-faz-apelo-emocionante-por-cadeira-de-rodas-e-expoe-rotina-de-desafios-de-jovem-com-paralisia-cerebral-em-Palmas-de-Monte-Alto-sudoeste-acontece-768x512.jpg 768w\" sizes=\"(max-width: 900px) 100vw, 900px\" \/><\/figure>\n<\/div>\n\n\n<p>Apelo mobilizou moradores de Palmas de Monte Alto nesta quarta-feira (14). A dona de casa Divercina Francisca de Oliveira procurou a imprensa para pedir ajuda na compra de uma cadeira de rodas para a filha adotiva, Tainara Aparecida de Oliveira Souza, de 20 anos, que vive com paralisia cerebral e enfrenta limita\u00e7\u00f5es severas de locomo\u00e7\u00e3o.<\/p>\n\n\n\n<p>Hist\u00f3ria come\u00e7a ainda no nascimento. Tainara nasceu prematura, com apenas 800 gramas, em uma gesta\u00e7\u00e3o de g\u00eameas marcada por complica\u00e7\u00f5es graves. A m\u00e3e biol\u00f3gica morreu durante o parto, e as rec\u00e9m-nascidas ficaram internadas em Guanambi. Enquanto uma das crian\u00e7as se desenvolveu normalmente, Tainara sofreu falta de oxig\u00eanio e recebeu o diagn\u00f3stico de paralisia cerebral.<\/p>\n\n\n\n<p>Desde ent\u00e3o, caminhar nunca foi uma possibilidade. Dentro de casa, a jovem se arrasta com dificuldade para sentar no sof\u00e1 ou mudar de posi\u00e7\u00e3o. Fora do lar, sair se tornou quase imposs\u00edvel. Divercina relata que precisa de v\u00e1rias pessoas para carreg\u00e1-la. O esfor\u00e7o f\u00edsico, segundo ela, j\u00e1 ultrapassa seus limites.<\/p>\n\n\n\n<p>Rotina virou um desafio di\u00e1rio. Em relato emocionado, a m\u00e3e adotiva contou que sempre alimentou a esperan\u00e7a de que a filha pudesse andar. M\u00e9dicos apontavam atraso no desenvolvimento, mas o tempo passou. Aos 20 anos, Tainara segue sem autonomia, dependente de ajuda at\u00e9 para atividades simples.<\/p>\n\n\n\n<p>Falta de equipamento agrava o isolamento. No \u00faltimo r\u00e9veillon, Tainara conseguiu sair de casa, mas o esfor\u00e7o excessivo quase provocou um mal-estar. Desde ent\u00e3o, passeios deixaram de acontecer. Sem cadeira de rodas, a fam\u00edlia n\u00e3o consegue lev\u00e1-la \u00e0 pra\u00e7a ou permitir momentos b\u00e1sicos de conviv\u00eancia fora de casa.<\/p>\n\n\n\n<p>Situa\u00e7\u00e3o financeira impede solu\u00e7\u00e3o imediata. Divercina afirma que n\u00e3o tem condi\u00e7\u00f5es de comprar o equipamento e pede ajuda solid\u00e1ria. Segundo ela, n\u00e3o precisa ser uma cadeira sofisticada, apenas resistente e adequada ao peso da filha, para garantir dignidade e um m\u00ednimo de mobilidade.<\/p>\n\n\n\n<p>Apesar das limita\u00e7\u00f5es, Tainara \u00e9 cercada de afeto. A jovem sobreviveu contra progn\u00f3sticos m\u00e9dicos e hoje recebe apoio constante da fam\u00edlia, inclusive da irm\u00e3 g\u00eamea, que ajuda nos cuidados di\u00e1rios. O que falta, segundo a m\u00e3e, \u00e9 um gesto simples que pode transformar a rotina da filha.<\/p>\n\n\n\n<p>Quem quiser ajudar pode entrar em contato com a fam\u00edlia pode fazer a doa\u00e7\u00f5es tamb\u00e9m podem ser feitas via Pix, pelo n\u00famero 73999064516, em nome de Divercina Francisca de Oliveira. Um gesto solid\u00e1rio pode devolver mobilidade, inclus\u00e3o e esperan\u00e7a.<\/p>\n","protected":false},"excerpt":{"rendered":"<p>Apelo mobilizou moradores de Palmas de Monte Alto nesta quarta-feira (14). A dona de casa Divercina Francisca de Oliveira procurou a imprensa para pedir ajuda na compra de uma cadeira de rodas para a filha adotiva, Tainara Aparecida de Oliveira Souza, de 20 anos, que vive com paralisia cerebral e enfrenta limita\u00e7\u00f5es severas de locomo\u00e7\u00e3o. Hist\u00f3ria come\u00e7a ainda no nascimento. Tainara nasceu prematura, com apenas 800 gramas, em uma gesta\u00e7\u00e3o de g\u00eameas marcada por complica\u00e7\u00f5es graves. A m\u00e3e biol\u00f3gica morreu durante o parto, e as rec\u00e9m-nascidas ficaram internadas em Guanambi. Enquanto uma das crian\u00e7as se desenvolveu normalmente, Tainara sofreu falta de oxig\u00eanio e recebeu o diagn\u00f3stico de paralisia cerebral. Desde ent\u00e3o, caminhar nunca foi uma possibilidade. Dentro de casa, a jovem se arrasta com dificuldade para sentar no sof\u00e1 ou mudar de posi\u00e7\u00e3o. Fora do lar, sair se tornou quase imposs\u00edvel. Divercina relata que precisa de v\u00e1rias pessoas para carreg\u00e1-la. O esfor\u00e7o f\u00edsico, segundo ela, j\u00e1 ultrapassa seus limites. Rotina virou um desafio di\u00e1rio. Em relato emocionado, a m\u00e3e adotiva contou que sempre alimentou a esperan\u00e7a de que a filha pudesse andar. M\u00e9dicos apontavam atraso no desenvolvimento, mas o tempo passou. Aos 20 anos, Tainara segue sem autonomia, dependente de ajuda at\u00e9 para atividades simples. Falta de equipamento agrava o isolamento. No \u00faltimo r\u00e9veillon, Tainara conseguiu sair de casa, mas o esfor\u00e7o excessivo quase provocou um mal-estar. Desde ent\u00e3o, passeios deixaram de acontecer. Sem cadeira de rodas, a fam\u00edlia n\u00e3o consegue lev\u00e1-la \u00e0 pra\u00e7a ou permitir momentos b\u00e1sicos de conviv\u00eancia fora de casa. Situa\u00e7\u00e3o financeira impede solu\u00e7\u00e3o imediata. Divercina afirma que n\u00e3o tem condi\u00e7\u00f5es de comprar o equipamento e pede ajuda solid\u00e1ria. Segundo ela, n\u00e3o precisa ser uma cadeira sofisticada, apenas resistente e adequada ao peso da filha, para garantir dignidade e um m\u00ednimo de mobilidade. Apesar das limita\u00e7\u00f5es, Tainara \u00e9 cercada de afeto. A jovem sobreviveu contra progn\u00f3sticos m\u00e9dicos e hoje recebe apoio constante da fam\u00edlia, inclusive da irm\u00e3 g\u00eamea, que ajuda nos cuidados di\u00e1rios. O que falta, segundo a m\u00e3e, \u00e9 um gesto simples que pode transformar a rotina da filha. Quem quiser ajudar pode entrar em contato com a fam\u00edlia pode fazer a doa\u00e7\u00f5es tamb\u00e9m podem ser feitas via Pix, pelo n\u00famero 73999064516, em nome de Divercina Francisca de Oliveira. Um gesto solid\u00e1rio pode devolver mobilidade, inclus\u00e3o e esperan\u00e7a.<\/p>\n","protected":false},"author":4,"featured_media":6131,"comment_status":"open","ping_status":"open","sticky":false,"template":"","format":"standard","meta":{"footnotes":""},"categories":[4,48],"tags":[],"class_list":["post-6115","post","type-post","status-publish","format-standard","has-post-thumbnail","hentry","category-cidades","category-palmas-de-monte-alto"],"yoast_head":"<!-- This site is optimized with the Yoast SEO plugin v26.5 - https:\/\/yoast.com\/wordpress\/plugins\/seo\/ -->\n<title>M\u00e3e faz apelo emocionante por cadeira de rodas e exp\u00f5e rotina de desafios de jovem com paralisia cerebral em Palmas de Monte Alto - Sudoesteacontece<\/title>\n<meta name=\"robots\" content=\"index, follow, max-snippet:-1, max-image-preview:large, max-video-preview:-1\" \/>\n<link rel=\"canonical\" href=\"https:\/\/sudoesteacontece.com.br\/?p=6115\" \/>\n<meta property=\"og:locale\" content=\"pt_BR\" \/>\n<meta property=\"og:type\" content=\"article\" \/>\n<meta property=\"og:title\" content=\"M\u00e3e faz apelo emocionante por cadeira de rodas e exp\u00f5e rotina de desafios de jovem com paralisia cerebral em Palmas de Monte Alto - Sudoesteacontece\" \/>\n<meta property=\"og:description\" content=\"Apelo mobilizou moradores de Palmas de Monte Alto nesta quarta-feira (14). A dona de casa Divercina Francisca de Oliveira procurou a imprensa para pedir ajuda na compra de uma cadeira de rodas para a filha adotiva, Tainara Aparecida de Oliveira Souza, de 20 anos, que vive com paralisia cerebral e enfrenta limita\u00e7\u00f5es severas de locomo\u00e7\u00e3o. Hist\u00f3ria come\u00e7a ainda no nascimento. Tainara nasceu prematura, com apenas 800 gramas, em uma gesta\u00e7\u00e3o de g\u00eameas marcada por complica\u00e7\u00f5es graves. A m\u00e3e biol\u00f3gica morreu durante o parto, e as rec\u00e9m-nascidas ficaram internadas em Guanambi. Enquanto uma das crian\u00e7as se desenvolveu normalmente, Tainara sofreu falta de oxig\u00eanio e recebeu o diagn\u00f3stico de paralisia cerebral. Desde ent\u00e3o, caminhar nunca foi uma possibilidade. Dentro de casa, a jovem se arrasta com dificuldade para sentar no sof\u00e1 ou mudar de posi\u00e7\u00e3o. Fora do lar, sair se tornou quase imposs\u00edvel. Divercina relata que precisa de v\u00e1rias pessoas para carreg\u00e1-la. O esfor\u00e7o f\u00edsico, segundo ela, j\u00e1 ultrapassa seus limites. Rotina virou um desafio di\u00e1rio. Em relato emocionado, a m\u00e3e adotiva contou que sempre alimentou a esperan\u00e7a de que a filha pudesse andar. M\u00e9dicos apontavam atraso no desenvolvimento, mas o tempo passou. Aos 20 anos, Tainara segue sem autonomia, dependente de ajuda at\u00e9 para atividades simples. Falta de equipamento agrava o isolamento. No \u00faltimo r\u00e9veillon, Tainara conseguiu sair de casa, mas o esfor\u00e7o excessivo quase provocou um mal-estar. Desde ent\u00e3o, passeios deixaram de acontecer. Sem cadeira de rodas, a fam\u00edlia n\u00e3o consegue lev\u00e1-la \u00e0 pra\u00e7a ou permitir momentos b\u00e1sicos de conviv\u00eancia fora de casa. Situa\u00e7\u00e3o financeira impede solu\u00e7\u00e3o imediata. Divercina afirma que n\u00e3o tem condi\u00e7\u00f5es de comprar o equipamento e pede ajuda solid\u00e1ria. Segundo ela, n\u00e3o precisa ser uma cadeira sofisticada, apenas resistente e adequada ao peso da filha, para garantir dignidade e um m\u00ednimo de mobilidade. Apesar das limita\u00e7\u00f5es, Tainara \u00e9 cercada de afeto. A jovem sobreviveu contra progn\u00f3sticos m\u00e9dicos e hoje recebe apoio constante da fam\u00edlia, inclusive da irm\u00e3 g\u00eamea, que ajuda nos cuidados di\u00e1rios. O que falta, segundo a m\u00e3e, \u00e9 um gesto simples que pode transformar a rotina da filha. Quem quiser ajudar pode entrar em contato com a fam\u00edlia pode fazer a doa\u00e7\u00f5es tamb\u00e9m podem ser feitas via Pix, pelo n\u00famero 73999064516, em nome de Divercina Francisca de Oliveira. Um gesto solid\u00e1rio pode devolver mobilidade, inclus\u00e3o e esperan\u00e7a.\" \/>\n<meta property=\"og:url\" content=\"https:\/\/sudoesteacontece.com.br\/?p=6115\" \/>\n<meta property=\"og:site_name\" content=\"Sudoesteacontece\" \/>\n<meta property=\"article:publisher\" content=\"https:\/\/www.facebook.com\/sudoesteacontece\/?locale=pt_BR\" \/>\n<meta property=\"article:published_time\" content=\"2026-01-14T21:47:38+00:00\" \/>\n<meta property=\"article:modified_time\" content=\"2026-01-14T21:47:45+00:00\" \/>\n<meta property=\"og:image\" content=\"https:\/\/sudoesteacontece.com.br\/wp-content\/uploads\/2026\/01\/Mae-faz-apelo-emocionante-por-cadeira-de-rodas-e-expoe-rotina-de-desafios-de-jovem-com-paralisia-cerebral-em-Palmas-de-Monte-Alto-sudoeste-acontece.jpg\" \/>\n\t<meta property=\"og:image:width\" content=\"900\" \/>\n\t<meta property=\"og:image:height\" content=\"600\" \/>\n\t<meta property=\"og:image:type\" content=\"image\/jpeg\" \/>\n<meta name=\"author\" content=\"Reda\u00e7\u00e3o\" \/>\n<meta name=\"twitter:card\" content=\"summary_large_image\" \/>\n<meta name=\"twitter:label1\" content=\"Escrito por\" \/>\n\t<meta name=\"twitter:data1\" content=\"Reda\u00e7\u00e3o\" \/>\n\t<meta name=\"twitter:label2\" content=\"Est. tempo de leitura\" \/>\n\t<meta name=\"twitter:data2\" content=\"3 minutos\" \/>\n<script type=\"application\/ld+json\" class=\"yoast-schema-graph\">{\"@context\":\"https:\/\/schema.org\",\"@graph\":[{\"@type\":\"Article\",\"@id\":\"https:\/\/sudoesteacontece.com.br\/?p=6115#article\",\"isPartOf\":{\"@id\":\"https:\/\/sudoesteacontece.com.br\/?p=6115\"},\"author\":{\"name\":\"Reda\u00e7\u00e3o\",\"@id\":\"https:\/\/sudoesteacontece.com.br\/#\/schema\/person\/a4f22429c1d0923ef8f7d43343f8dc38\"},\"headline\":\"M\u00e3e faz apelo emocionante por cadeira de rodas e exp\u00f5e rotina de desafios de jovem com paralisia cerebral em Palmas de Monte Alto\",\"datePublished\":\"2026-01-14T21:47:38+00:00\",\"dateModified\":\"2026-01-14T21:47:45+00:00\",\"mainEntityOfPage\":{\"@id\":\"https:\/\/sudoesteacontece.com.br\/?p=6115\"},\"wordCount\":453,\"commentCount\":0,\"publisher\":{\"@id\":\"https:\/\/sudoesteacontece.com.br\/#organization\"},\"image\":{\"@id\":\"https:\/\/sudoesteacontece.com.br\/?p=6115#primaryimage\"},\"thumbnailUrl\":\"https:\/\/sudoesteacontece.com.br\/wp-content\/uploads\/2026\/01\/Mae-faz-apelo-emocionante-por-cadeira-de-rodas-e-expoe-rotina-de-desafios-de-jovem-com-paralisia-cerebral-em-Palmas-de-Monte-Alto-sudoeste-acontece.jpg\",\"articleSection\":[\"Cidades\",\"Palmas de Monte Alto\"],\"inLanguage\":\"pt-BR\",\"potentialAction\":[{\"@type\":\"CommentAction\",\"name\":\"Comment\",\"target\":[\"https:\/\/sudoesteacontece.com.br\/?p=6115#respond\"]}]},{\"@type\":\"WebPage\",\"@id\":\"https:\/\/sudoesteacontece.com.br\/?p=6115\",\"url\":\"https:\/\/sudoesteacontece.com.br\/?p=6115\",\"name\":\"M\u00e3e faz apelo emocionante por cadeira de rodas e exp\u00f5e rotina de desafios de jovem com paralisia cerebral em Palmas de Monte Alto - Sudoesteacontece\",\"isPartOf\":{\"@id\":\"https:\/\/sudoesteacontece.com.br\/#website\"},\"primaryImageOfPage\":{\"@id\":\"https:\/\/sudoesteacontece.com.br\/?p=6115#primaryimage\"},\"image\":{\"@id\":\"https:\/\/sudoesteacontece.com.br\/?p=6115#primaryimage\"},\"thumbnailUrl\":\"https:\/\/sudoesteacontece.com.br\/wp-content\/uploads\/2026\/01\/Mae-faz-apelo-emocionante-por-cadeira-de-rodas-e-expoe-rotina-de-desafios-de-jovem-com-paralisia-cerebral-em-Palmas-de-Monte-Alto-sudoeste-acontece.jpg\",\"datePublished\":\"2026-01-14T21:47:38+00:00\",\"dateModified\":\"2026-01-14T21:47:45+00:00\",\"breadcrumb\":{\"@id\":\"https:\/\/sudoesteacontece.com.br\/?p=6115#breadcrumb\"},\"inLanguage\":\"pt-BR\",\"potentialAction\":[{\"@type\":\"ReadAction\",\"target\":[\"https:\/\/sudoesteacontece.com.br\/?p=6115\"]}]},{\"@type\":\"ImageObject\",\"inLanguage\":\"pt-BR\",\"@id\":\"https:\/\/sudoesteacontece.com.br\/?p=6115#primaryimage\",\"url\":\"https:\/\/sudoesteacontece.com.br\/wp-content\/uploads\/2026\/01\/Mae-faz-apelo-emocionante-por-cadeira-de-rodas-e-expoe-rotina-de-desafios-de-jovem-com-paralisia-cerebral-em-Palmas-de-Monte-Alto-sudoeste-acontece.jpg\",\"contentUrl\":\"https:\/\/sudoesteacontece.com.br\/wp-content\/uploads\/2026\/01\/Mae-faz-apelo-emocionante-por-cadeira-de-rodas-e-expoe-rotina-de-desafios-de-jovem-com-paralisia-cerebral-em-Palmas-de-Monte-Alto-sudoeste-acontece.jpg\",\"width\":900,\"height\":600},{\"@type\":\"BreadcrumbList\",\"@id\":\"https:\/\/sudoesteacontece.com.br\/?p=6115#breadcrumb\",\"itemListElement\":[{\"@type\":\"ListItem\",\"position\":1,\"name\":\"In\u00edcio\",\"item\":\"https:\/\/sudoesteacontece.com.br\/\"},{\"@type\":\"ListItem\",\"position\":2,\"name\":\"M\u00e3e faz apelo emocionante por cadeira de rodas e exp\u00f5e rotina de desafios de jovem com paralisia cerebral em Palmas de Monte Alto\"}]},{\"@type\":\"WebSite\",\"@id\":\"https:\/\/sudoesteacontece.com.br\/#website\",\"url\":\"https:\/\/sudoesteacontece.com.br\/\",\"name\":\"Sudoesteacontece\",\"description\":\"\",\"publisher\":{\"@id\":\"https:\/\/sudoesteacontece.com.br\/#organization\"},\"potentialAction\":[{\"@type\":\"SearchAction\",\"target\":{\"@type\":\"EntryPoint\",\"urlTemplate\":\"https:\/\/sudoesteacontece.com.br\/?s={search_term_string}\"},\"query-input\":{\"@type\":\"PropertyValueSpecification\",\"valueRequired\":true,\"valueName\":\"search_term_string\"}}],\"inLanguage\":\"pt-BR\"},{\"@type\":\"Organization\",\"@id\":\"https:\/\/sudoesteacontece.com.br\/#organization\",\"name\":\"Sudoesteacontece\",\"url\":\"https:\/\/sudoesteacontece.com.br\/\",\"logo\":{\"@type\":\"ImageObject\",\"inLanguage\":\"pt-BR\",\"@id\":\"https:\/\/sudoesteacontece.com.br\/#\/schema\/logo\/image\/\",\"url\":\"https:\/\/sudoesteacontece.com.br\/wp-content\/uploads\/2025\/12\/cropped-logo-2-180x180-1.png\",\"contentUrl\":\"https:\/\/sudoesteacontece.com.br\/wp-content\/uploads\/2025\/12\/cropped-logo-2-180x180-1.png\",\"width\":180,\"height\":180,\"caption\":\"Sudoesteacontece\"},\"image\":{\"@id\":\"https:\/\/sudoesteacontece.com.br\/#\/schema\/logo\/image\/\"},\"sameAs\":[\"https:\/\/www.facebook.com\/sudoesteacontece\/?locale=pt_BR\"]},{\"@type\":\"Person\",\"@id\":\"https:\/\/sudoesteacontece.com.br\/#\/schema\/person\/a4f22429c1d0923ef8f7d43343f8dc38\",\"name\":\"Reda\u00e7\u00e3o\",\"image\":{\"@type\":\"ImageObject\",\"inLanguage\":\"pt-BR\",\"@id\":\"https:\/\/sudoesteacontece.com.br\/#\/schema\/person\/image\/\",\"url\":\"https:\/\/secure.gravatar.com\/avatar\/c3a5b3c93f268a709c25a2df414c629a96fb3b1b4bf97a94fb3f72e54ae76903?s=96&d=mm&r=g\",\"contentUrl\":\"https:\/\/secure.gravatar.com\/avatar\/c3a5b3c93f268a709c25a2df414c629a96fb3b1b4bf97a94fb3f72e54ae76903?s=96&d=mm&r=g\",\"caption\":\"Reda\u00e7\u00e3o\"},\"url\":\"https:\/\/sudoesteacontece.com.br\/?author=4\"}]}<\/script>\n<!-- \/ Yoast SEO plugin. -->","yoast_head_json":{"title":"M\u00e3e faz apelo emocionante por cadeira de rodas e exp\u00f5e rotina de desafios de jovem com paralisia cerebral em Palmas de Monte Alto - Sudoesteacontece","robots":{"index":"index","follow":"follow","max-snippet":"max-snippet:-1","max-image-preview":"max-image-preview:large","max-video-preview":"max-video-preview:-1"},"canonical":"https:\/\/sudoesteacontece.com.br\/?p=6115","og_locale":"pt_BR","og_type":"article","og_title":"M\u00e3e faz apelo emocionante por cadeira de rodas e exp\u00f5e rotina de desafios de jovem com paralisia cerebral em Palmas de Monte Alto - Sudoesteacontece","og_description":"Apelo mobilizou moradores de Palmas de Monte Alto nesta quarta-feira (14). A dona de casa Divercina Francisca de Oliveira procurou a imprensa para pedir ajuda na compra de uma cadeira de rodas para a filha adotiva, Tainara Aparecida de Oliveira Souza, de 20 anos, que vive com paralisia cerebral e enfrenta limita\u00e7\u00f5es severas de locomo\u00e7\u00e3o. Hist\u00f3ria come\u00e7a ainda no nascimento. Tainara nasceu prematura, com apenas 800 gramas, em uma gesta\u00e7\u00e3o de g\u00eameas marcada por complica\u00e7\u00f5es graves. A m\u00e3e biol\u00f3gica morreu durante o parto, e as rec\u00e9m-nascidas ficaram internadas em Guanambi. Enquanto uma das crian\u00e7as se desenvolveu normalmente, Tainara sofreu falta de oxig\u00eanio e recebeu o diagn\u00f3stico de paralisia cerebral. Desde ent\u00e3o, caminhar nunca foi uma possibilidade. Dentro de casa, a jovem se arrasta com dificuldade para sentar no sof\u00e1 ou mudar de posi\u00e7\u00e3o. Fora do lar, sair se tornou quase imposs\u00edvel. Divercina relata que precisa de v\u00e1rias pessoas para carreg\u00e1-la. O esfor\u00e7o f\u00edsico, segundo ela, j\u00e1 ultrapassa seus limites. Rotina virou um desafio di\u00e1rio. Em relato emocionado, a m\u00e3e adotiva contou que sempre alimentou a esperan\u00e7a de que a filha pudesse andar. M\u00e9dicos apontavam atraso no desenvolvimento, mas o tempo passou. Aos 20 anos, Tainara segue sem autonomia, dependente de ajuda at\u00e9 para atividades simples. Falta de equipamento agrava o isolamento. No \u00faltimo r\u00e9veillon, Tainara conseguiu sair de casa, mas o esfor\u00e7o excessivo quase provocou um mal-estar. Desde ent\u00e3o, passeios deixaram de acontecer. Sem cadeira de rodas, a fam\u00edlia n\u00e3o consegue lev\u00e1-la \u00e0 pra\u00e7a ou permitir momentos b\u00e1sicos de conviv\u00eancia fora de casa. Situa\u00e7\u00e3o financeira impede solu\u00e7\u00e3o imediata. Divercina afirma que n\u00e3o tem condi\u00e7\u00f5es de comprar o equipamento e pede ajuda solid\u00e1ria. Segundo ela, n\u00e3o precisa ser uma cadeira sofisticada, apenas resistente e adequada ao peso da filha, para garantir dignidade e um m\u00ednimo de mobilidade. Apesar das limita\u00e7\u00f5es, Tainara \u00e9 cercada de afeto. A jovem sobreviveu contra progn\u00f3sticos m\u00e9dicos e hoje recebe apoio constante da fam\u00edlia, inclusive da irm\u00e3 g\u00eamea, que ajuda nos cuidados di\u00e1rios. O que falta, segundo a m\u00e3e, \u00e9 um gesto simples que pode transformar a rotina da filha. Quem quiser ajudar pode entrar em contato com a fam\u00edlia pode fazer a doa\u00e7\u00f5es tamb\u00e9m podem ser feitas via Pix, pelo n\u00famero 73999064516, em nome de Divercina Francisca de Oliveira. Um gesto solid\u00e1rio pode devolver mobilidade, inclus\u00e3o e esperan\u00e7a.","og_url":"https:\/\/sudoesteacontece.com.br\/?p=6115","og_site_name":"Sudoesteacontece","article_publisher":"https:\/\/www.facebook.com\/sudoesteacontece\/?locale=pt_BR","article_published_time":"2026-01-14T21:47:38+00:00","article_modified_time":"2026-01-14T21:47:45+00:00","og_image":[{"width":900,"height":600,"url":"https:\/\/sudoesteacontece.com.br\/wp-content\/uploads\/2026\/01\/Mae-faz-apelo-emocionante-por-cadeira-de-rodas-e-expoe-rotina-de-desafios-de-jovem-com-paralisia-cerebral-em-Palmas-de-Monte-Alto-sudoeste-acontece.jpg","type":"image\/jpeg"}],"author":"Reda\u00e7\u00e3o","twitter_card":"summary_large_image","twitter_misc":{"Escrito por":"Reda\u00e7\u00e3o","Est. tempo de leitura":"3 minutos"},"schema":{"@context":"https:\/\/schema.org","@graph":[{"@type":"Article","@id":"https:\/\/sudoesteacontece.com.br\/?p=6115#article","isPartOf":{"@id":"https:\/\/sudoesteacontece.com.br\/?p=6115"},"author":{"name":"Reda\u00e7\u00e3o","@id":"https:\/\/sudoesteacontece.com.br\/#\/schema\/person\/a4f22429c1d0923ef8f7d43343f8dc38"},"headline":"M\u00e3e faz apelo emocionante por cadeira de rodas e exp\u00f5e rotina de desafios de jovem com paralisia cerebral em Palmas de Monte Alto","datePublished":"2026-01-14T21:47:38+00:00","dateModified":"2026-01-14T21:47:45+00:00","mainEntityOfPage":{"@id":"https:\/\/sudoesteacontece.com.br\/?p=6115"},"wordCount":453,"commentCount":0,"publisher":{"@id":"https:\/\/sudoesteacontece.com.br\/#organization"},"image":{"@id":"https:\/\/sudoesteacontece.com.br\/?p=6115#primaryimage"},"thumbnailUrl":"https:\/\/sudoesteacontece.com.br\/wp-content\/uploads\/2026\/01\/Mae-faz-apelo-emocionante-por-cadeira-de-rodas-e-expoe-rotina-de-desafios-de-jovem-com-paralisia-cerebral-em-Palmas-de-Monte-Alto-sudoeste-acontece.jpg","articleSection":["Cidades","Palmas de Monte Alto"],"inLanguage":"pt-BR","potentialAction":[{"@type":"CommentAction","name":"Comment","target":["https:\/\/sudoesteacontece.com.br\/?p=6115#respond"]}]},{"@type":"WebPage","@id":"https:\/\/sudoesteacontece.com.br\/?p=6115","url":"https:\/\/sudoesteacontece.com.br\/?p=6115","name":"M\u00e3e faz apelo emocionante por cadeira de rodas e exp\u00f5e rotina de desafios de jovem com paralisia cerebral em Palmas de Monte Alto - Sudoesteacontece","isPartOf":{"@id":"https:\/\/sudoesteacontece.com.br\/#website"},"primaryImageOfPage":{"@id":"https:\/\/sudoesteacontece.com.br\/?p=6115#primaryimage"},"image":{"@id":"https:\/\/sudoesteacontece.com.br\/?p=6115#primaryimage"},"thumbnailUrl":"https:\/\/sudoesteacontece.com.br\/wp-content\/uploads\/2026\/01\/Mae-faz-apelo-emocionante-por-cadeira-de-rodas-e-expoe-rotina-de-desafios-de-jovem-com-paralisia-cerebral-em-Palmas-de-Monte-Alto-sudoeste-acontece.jpg","datePublished":"2026-01-14T21:47:38+00:00","dateModified":"2026-01-14T21:47:45+00:00","breadcrumb":{"@id":"https:\/\/sudoesteacontece.com.br\/?p=6115#breadcrumb"},"inLanguage":"pt-BR","potentialAction":[{"@type":"ReadAction","target":["https:\/\/sudoesteacontece.com.br\/?p=6115"]}]},{"@type":"ImageObject","inLanguage":"pt-BR","@id":"https:\/\/sudoesteacontece.com.br\/?p=6115#primaryimage","url":"https:\/\/sudoesteacontece.com.br\/wp-content\/uploads\/2026\/01\/Mae-faz-apelo-emocionante-por-cadeira-de-rodas-e-expoe-rotina-de-desafios-de-jovem-com-paralisia-cerebral-em-Palmas-de-Monte-Alto-sudoeste-acontece.jpg","contentUrl":"https:\/\/sudoesteacontece.com.br\/wp-content\/uploads\/2026\/01\/Mae-faz-apelo-emocionante-por-cadeira-de-rodas-e-expoe-rotina-de-desafios-de-jovem-com-paralisia-cerebral-em-Palmas-de-Monte-Alto-sudoeste-acontece.jpg","width":900,"height":600},{"@type":"BreadcrumbList","@id":"https:\/\/sudoesteacontece.com.br\/?p=6115#breadcrumb","itemListElement":[{"@type":"ListItem","position":1,"name":"In\u00edcio","item":"https:\/\/sudoesteacontece.com.br\/"},{"@type":"ListItem","position":2,"name":"M\u00e3e faz apelo emocionante por cadeira de rodas e exp\u00f5e rotina de desafios de jovem com paralisia cerebral em Palmas de Monte Alto"}]},{"@type":"WebSite","@id":"https:\/\/sudoesteacontece.com.br\/#website","url":"https:\/\/sudoesteacontece.com.br\/","name":"Sudoesteacontece","description":"","publisher":{"@id":"https:\/\/sudoesteacontece.com.br\/#organization"},"potentialAction":[{"@type":"SearchAction","target":{"@type":"EntryPoint","urlTemplate":"https:\/\/sudoesteacontece.com.br\/?s={search_term_string}"},"query-input":{"@type":"PropertyValueSpecification","valueRequired":true,"valueName":"search_term_string"}}],"inLanguage":"pt-BR"},{"@type":"Organization","@id":"https:\/\/sudoesteacontece.com.br\/#organization","name":"Sudoesteacontece","url":"https:\/\/sudoesteacontece.com.br\/","logo":{"@type":"ImageObject","inLanguage":"pt-BR","@id":"https:\/\/sudoesteacontece.com.br\/#\/schema\/logo\/image\/","url":"https:\/\/sudoesteacontece.com.br\/wp-content\/uploads\/2025\/12\/cropped-logo-2-180x180-1.png","contentUrl":"https:\/\/sudoesteacontece.com.br\/wp-content\/uploads\/2025\/12\/cropped-logo-2-180x180-1.png","width":180,"height":180,"caption":"Sudoesteacontece"},"image":{"@id":"https:\/\/sudoesteacontece.com.br\/#\/schema\/logo\/image\/"},"sameAs":["https:\/\/www.facebook.com\/sudoesteacontece\/?locale=pt_BR"]},{"@type":"Person","@id":"https:\/\/sudoesteacontece.com.br\/#\/schema\/person\/a4f22429c1d0923ef8f7d43343f8dc38","name":"Reda\u00e7\u00e3o","image":{"@type":"ImageObject","inLanguage":"pt-BR","@id":"https:\/\/sudoesteacontece.com.br\/#\/schema\/person\/image\/","url":"https:\/\/secure.gravatar.com\/avatar\/c3a5b3c93f268a709c25a2df414c629a96fb3b1b4bf97a94fb3f72e54ae76903?s=96&d=mm&r=g","contentUrl":"https:\/\/secure.gravatar.com\/avatar\/c3a5b3c93f268a709c25a2df414c629a96fb3b1b4bf97a94fb3f72e54ae76903?s=96&d=mm&r=g","caption":"Reda\u00e7\u00e3o"},"url":"https:\/\/sudoesteacontece.com.br\/?author=4"}]}},"_links":{"self":[{"href":"https:\/\/sudoesteacontece.com.br\/index.php?rest_route=\/wp\/v2\/posts\/6115","targetHints":{"allow":["GET"]}}],"collection":[{"href":"https:\/\/sudoesteacontece.com.br\/index.php?rest_route=\/wp\/v2\/posts"}],"about":[{"href":"https:\/\/sudoesteacontece.com.br\/index.php?rest_route=\/wp\/v2\/types\/post"}],"author":[{"embeddable":true,"href":"https:\/\/sudoesteacontece.com.br\/index.php?rest_route=\/wp\/v2\/users\/4"}],"replies":[{"embeddable":true,"href":"https:\/\/sudoesteacontece.com.br\/index.php?rest_route=%2Fwp%2Fv2%2Fcomments&post=6115"}],"version-history":[{"count":0,"href":"https:\/\/sudoesteacontece.com.br\/index.php?rest_route=\/wp\/v2\/posts\/6115\/revisions"}],"wp:featuredmedia":[{"embeddable":true,"href":"https:\/\/sudoesteacontece.com.br\/index.php?rest_route=\/wp\/v2\/media\/6131"}],"wp:attachment":[{"href":"https:\/\/sudoesteacontece.com.br\/index.php?rest_route=%2Fwp%2Fv2%2Fmedia&parent=6115"}],"wp:term":[{"taxonomy":"category","embeddable":true,"href":"https:\/\/sudoesteacontece.com.br\/index.php?rest_route=%2Fwp%2Fv2%2Fcategories&post=6115"},{"taxonomy":"post_tag","embeddable":true,"href":"https:\/\/sudoesteacontece.com.br\/index.php?rest_route=%2Fwp%2Fv2%2Ftags&post=6115"}],"curies":[{"name":"wp","href":"https:\/\/api.w.org\/{rel}","templated":true}]}}